{"id":57605,"date":"2026-04-29T08:51:59","date_gmt":"2026-04-29T11:51:59","guid":{"rendered":"https:\/\/cvinoticias.com\/v3\/?p=57605"},"modified":"2026-04-29T08:52:00","modified_gmt":"2026-04-29T11:52:00","slug":"con-milei-en-el-palco-adorni-presentara-su-primer-informe-en-el-congreso","status":"publish","type":"post","link":"https:\/\/cvinoticias.com\/v3\/con-milei-en-el-palco-adorni-presentara-su-primer-informe-en-el-congreso\/","title":{"rendered":"Con Milei en el palco, Adorni presentar\u00e1 su primer informe en el Congreso"},"content":{"rendered":"\n<p>A partir de las&nbsp;<strong>10:30<\/strong>, Adorni expondr\u00e1 en el recinto de la C\u00e1mara baja los lineamientos de la gesti\u00f3n del Gobierno nacional y responder\u00e1 las consultas de los legisladores. Se recibieron m\u00e1s de&nbsp;<strong>2.000 preguntas<\/strong>&nbsp;de los distintos bloques, que ser\u00e1n abordadas en tandas organizadas seg\u00fan la representaci\u00f3n parlamentaria.<\/p>\n\n\n\n<p>En el Congreso se espera la presencia de la secretaria general de la Presidencia,&nbsp;<strong>Karina Milei<\/strong>, y de ministros del gabinete nacional como&nbsp;<strong>Luis Caputo (Econom\u00eda)<\/strong>,&nbsp;<strong>Federico Sturzenegger (Desregulaci\u00f3n)<\/strong>,&nbsp;<strong>Sandra Pettovello (Capital Humano)<\/strong>,&nbsp;<strong>Diego Santilli (Interior)<\/strong>&nbsp;y&nbsp;<strong>Carlos Presti (Defensa)<\/strong>, entre otros.<\/p>\n\n\n\n<p>En paralelo, se dispuso un&nbsp;<strong>operativo de seguridad<\/strong>&nbsp;con vallados y efectivos en los accesos al edificio, en el marco de medidas preventivas.<\/p>\n\n\n\n<p>El informe de gesti\u00f3n constituye una obligaci\u00f3n constitucional del jefe de Gabinete ante el Congreso y se desarrolla como instancia peri\u00f3dica de rendici\u00f3n de cuentas del Poder Ejecutivo nacional.<\/p>\n\n\n\n<p>Fuente: Canal 12 Misiones<\/p>\n","protected":false},"excerpt":{"rendered":"<p>A partir de las&nbsp;10:30, Adorni expondr\u00e1 en el recinto de la C\u00e1mara baja los lineamientos de la gesti\u00f3n del Gobierno nacional y responder\u00e1 las consultas de los legisladores. Se recibieron m\u00e1s de&nbsp;2.000 preguntas&nbsp;de los distintos bloques, que ser\u00e1n abordadas en tandas organizadas seg\u00fan la representaci\u00f3n parlamentaria. En el Congreso se espera la presencia de la [&hellip;]<\/p>\n","protected":false},"author":2,"featured_media":57606,"comment_status":"open","ping_status":"closed","sticky":false,"template":"","format":"standard","meta":{"footnotes":""},"categories":[42],"tags":[2456,349,5070,564],"class_list":["post-57605","post","type-post","status-publish","format-standard","has-post-thumbnail","hentry","category-politica","tag-adorni","tag-congreso","tag-informe","tag-milei"],"yoast_head":"<!-- This site is optimized with the Yoast SEO plugin v27.5 - https:\/\/yoast.com\/product\/yoast-seo-wordpress\/ -->\n<title>Adorni presenta su primer informe en el Congreso con Milei | CVI NOTICIAS<\/title>\n<meta name=\"description\" content=\"El jefe de Gabinete expone su gesti\u00f3n y responde preguntas.\" \/>\n<meta name=\"robots\" content=\"index, follow, max-snippet:-1, max-image-preview:large, max-video-preview:-1\" \/>\n<link rel=\"canonical\" href=\"https:\/\/cvinoticias.com\/v3\/con-milei-en-el-palco-adorni-presentara-su-primer-informe-en-el-congreso\/\" \/>\n<meta property=\"og:locale\" content=\"es_ES\" \/>\n<meta property=\"og:type\" content=\"article\" \/>\n<meta property=\"og:title\" content=\"Adorni presenta su primer informe en el Congreso con Milei | CVI NOTICIAS\" \/>\n<meta property=\"og:description\" content=\"El jefe de Gabinete expone su gesti\u00f3n y responde preguntas.\" \/>\n<meta property=\"og:url\" content=\"https:\/\/cvinoticias.com\/v3\/con-milei-en-el-palco-adorni-presentara-su-primer-informe-en-el-congreso\/\" \/>\n<meta property=\"og:site_name\" content=\"CVI NOTICIAS\" \/>\n<meta property=\"article:publisher\" content=\"https:\/\/www.facebook.com\/cvinoticias\" \/>\n<meta property=\"article:published_time\" content=\"2026-04-29T11:51:59+00:00\" \/>\n<meta property=\"article:modified_time\" content=\"2026-04-29T11:52:00+00:00\" \/>\n<meta property=\"og:image\" content=\"https:\/\/cvinoticias.com\/wp-content\/uploads\/2026\/04\/image-515.webp\" \/>\n\t<meta property=\"og:image:width\" content=\"1089\" \/>\n\t<meta property=\"og:image:height\" content=\"720\" \/>\n\t<meta property=\"og:image:type\" content=\"image\/webp\" \/>\n<meta name=\"author\" content=\"f1000024\" \/>\n<meta name=\"twitter:card\" content=\"summary_large_image\" \/>\n<meta name=\"twitter:label1\" content=\"Escrito por\" \/>\n\t<meta name=\"twitter:data1\" content=\"f1000024\" \/>\n\t<meta name=\"twitter:label2\" content=\"Tiempo de lectura\" \/>\n\t<meta name=\"twitter:data2\" content=\"1 minuto\" \/>\n<script type=\"application\/ld+json\" class=\"yoast-schema-graph\">{\"@context\":\"https:\\\/\\\/schema.org\",\"@graph\":[{\"@type\":\"Article\",\"@id\":\"https:\\\/\\\/cvinoticias.com\\\/v3\\\/con-milei-en-el-palco-adorni-presentara-su-primer-informe-en-el-congreso\\\/#article\",\"isPartOf\":{\"@id\":\"https:\\\/\\\/cvinoticias.com\\\/v3\\\/con-milei-en-el-palco-adorni-presentara-su-primer-informe-en-el-congreso\\\/\"},\"author\":{\"name\":\"f1000024\",\"@id\":\"https:\\\/\\\/cvinoticias.com\\\/v3\\\/#\\\/schema\\\/person\\\/2db77e3c6bc03c538495d7b2b8be9b66\"},\"headline\":\"Con Milei en el palco, Adorni presentar\u00e1 su primer informe en el Congreso\",\"datePublished\":\"2026-04-29T11:51:59+00:00\",\"dateModified\":\"2026-04-29T11:52:00+00:00\",\"mainEntityOfPage\":{\"@id\":\"https:\\\/\\\/cvinoticias.com\\\/v3\\\/con-milei-en-el-palco-adorni-presentara-su-primer-informe-en-el-congreso\\\/\"},\"wordCount\":181,\"commentCount\":0,\"publisher\":{\"@id\":\"https:\\\/\\\/cvinoticias.com\\\/v3\\\/#organization\"},\"image\":{\"@id\":\"https:\\\/\\\/cvinoticias.com\\\/v3\\\/con-milei-en-el-palco-adorni-presentara-su-primer-informe-en-el-congreso\\\/#primaryimage\"},\"thumbnailUrl\":\"https:\\\/\\\/cvinoticias.com\\\/wp-content\\\/uploads\\\/2026\\\/04\\\/image-515.webp\",\"keywords\":[\"Adorni\",\"Congreso\",\"informe\",\"Milei\"],\"articleSection\":[\"Politica\"],\"inLanguage\":\"es\",\"potentialAction\":[{\"@type\":\"CommentAction\",\"name\":\"Comment\",\"target\":[\"https:\\\/\\\/cvinoticias.com\\\/v3\\\/con-milei-en-el-palco-adorni-presentara-su-primer-informe-en-el-congreso\\\/#respond\"]}]},{\"@type\":\"WebPage\",\"@id\":\"https:\\\/\\\/cvinoticias.com\\\/v3\\\/con-milei-en-el-palco-adorni-presentara-su-primer-informe-en-el-congreso\\\/\",\"url\":\"https:\\\/\\\/cvinoticias.com\\\/v3\\\/con-milei-en-el-palco-adorni-presentara-su-primer-informe-en-el-congreso\\\/\",\"name\":\"Adorni presenta su primer informe en el Congreso con Milei | CVI NOTICIAS\",\"isPartOf\":{\"@id\":\"https:\\\/\\\/cvinoticias.com\\\/v3\\\/#website\"},\"primaryImageOfPage\":{\"@id\":\"https:\\\/\\\/cvinoticias.com\\\/v3\\\/con-milei-en-el-palco-adorni-presentara-su-primer-informe-en-el-congreso\\\/#primaryimage\"},\"image\":{\"@id\":\"https:\\\/\\\/cvinoticias.com\\\/v3\\\/con-milei-en-el-palco-adorni-presentara-su-primer-informe-en-el-congreso\\\/#primaryimage\"},\"thumbnailUrl\":\"https:\\\/\\\/cvinoticias.com\\\/wp-content\\\/uploads\\\/2026\\\/04\\\/image-515.webp\",\"datePublished\":\"2026-04-29T11:51:59+00:00\",\"dateModified\":\"2026-04-29T11:52:00+00:00\",\"description\":\"El jefe de Gabinete expone su gesti\u00f3n y responde preguntas.\",\"breadcrumb\":{\"@id\":\"https:\\\/\\\/cvinoticias.com\\\/v3\\\/con-milei-en-el-palco-adorni-presentara-su-primer-informe-en-el-congreso\\\/#breadcrumb\"},\"inLanguage\":\"es\",\"potentialAction\":[{\"@type\":\"ReadAction\",\"target\":[\"https:\\\/\\\/cvinoticias.com\\\/v3\\\/con-milei-en-el-palco-adorni-presentara-su-primer-informe-en-el-congreso\\\/\"]}]},{\"@type\":\"ImageObject\",\"inLanguage\":\"es\",\"@id\":\"https:\\\/\\\/cvinoticias.com\\\/v3\\\/con-milei-en-el-palco-adorni-presentara-su-primer-informe-en-el-congreso\\\/#primaryimage\",\"url\":\"https:\\\/\\\/cvinoticias.com\\\/wp-content\\\/uploads\\\/2026\\\/04\\\/image-515.webp\",\"contentUrl\":\"https:\\\/\\\/cvinoticias.com\\\/wp-content\\\/uploads\\\/2026\\\/04\\\/image-515.webp\",\"width\":1089,\"height\":720},{\"@type\":\"BreadcrumbList\",\"@id\":\"https:\\\/\\\/cvinoticias.com\\\/v3\\\/con-milei-en-el-palco-adorni-presentara-su-primer-informe-en-el-congreso\\\/#breadcrumb\",\"itemListElement\":[{\"@type\":\"ListItem\",\"position\":1,\"name\":\"Portada\",\"item\":\"https:\\\/\\\/cvinoticias.com\\\/v3\\\/\"},{\"@type\":\"ListItem\",\"position\":2,\"name\":\"Con Milei en el palco, Adorni presentar\u00e1 su primer informe en el Congreso\"}]},{\"@type\":\"WebSite\",\"@id\":\"https:\\\/\\\/cvinoticias.com\\\/v3\\\/#website\",\"url\":\"https:\\\/\\\/cvinoticias.com\\\/v3\\\/\",\"name\":\"CVI NOTICIAS\",\"description\":\"\",\"publisher\":{\"@id\":\"https:\\\/\\\/cvinoticias.com\\\/v3\\\/#organization\"},\"alternateName\":\"CVI\",\"potentialAction\":[{\"@type\":\"SearchAction\",\"target\":{\"@type\":\"EntryPoint\",\"urlTemplate\":\"https:\\\/\\\/cvinoticias.com\\\/v3\\\/?s={search_term_string}\"},\"query-input\":{\"@type\":\"PropertyValueSpecification\",\"valueRequired\":true,\"valueName\":\"search_term_string\"}}],\"inLanguage\":\"es\"},{\"@type\":\"Organization\",\"@id\":\"https:\\\/\\\/cvinoticias.com\\\/v3\\\/#organization\",\"name\":\"CVI NOTICIAS\",\"url\":\"https:\\\/\\\/cvinoticias.com\\\/v3\\\/\",\"logo\":{\"@type\":\"ImageObject\",\"inLanguage\":\"es\",\"@id\":\"https:\\\/\\\/cvinoticias.com\\\/v3\\\/#\\\/schema\\\/logo\\\/image\\\/\",\"url\":\"https:\\\/\\\/cvinoticias.com\\\/wp-content\\\/uploads\\\/2023\\\/04\\\/cropped-cropped-cropped-cropped-cropped-3-1.png\",\"contentUrl\":\"https:\\\/\\\/cvinoticias.com\\\/wp-content\\\/uploads\\\/2023\\\/04\\\/cropped-cropped-cropped-cropped-cropped-3-1.png\",\"width\":95,\"height\":122,\"caption\":\"CVI NOTICIAS\"},\"image\":{\"@id\":\"https:\\\/\\\/cvinoticias.com\\\/v3\\\/#\\\/schema\\\/logo\\\/image\\\/\"},\"sameAs\":[\"https:\\\/\\\/www.facebook.com\\\/cvinoticias\",\"https:\\\/\\\/www.instagram.com\\\/cvinoticias\\\/\",\"https:\\\/\\\/www.youtube.com\\\/@CVINOTICIAS\"]},{\"@type\":\"Person\",\"@id\":\"https:\\\/\\\/cvinoticias.com\\\/v3\\\/#\\\/schema\\\/person\\\/2db77e3c6bc03c538495d7b2b8be9b66\",\"name\":\"f1000024\",\"image\":{\"@type\":\"ImageObject\",\"inLanguage\":\"es\",\"@id\":\"https:\\\/\\\/secure.gravatar.com\\\/avatar\\\/d4fe7459cfc51ff5129ce1a732bbef5928568b8092d412ef95611616376bbeed?s=96&d=mm&r=g\",\"url\":\"https:\\\/\\\/secure.gravatar.com\\\/avatar\\\/d4fe7459cfc51ff5129ce1a732bbef5928568b8092d412ef95611616376bbeed?s=96&d=mm&r=g\",\"contentUrl\":\"https:\\\/\\\/secure.gravatar.com\\\/avatar\\\/d4fe7459cfc51ff5129ce1a732bbef5928568b8092d412ef95611616376bbeed?s=96&d=mm&r=g\",\"caption\":\"f1000024\"},\"url\":\"https:\\\/\\\/cvinoticias.com\\\/v3\\\/author\\\/f1000024\\\/\"}]}<\/script>\n<!-- \/ Yoast SEO plugin. -->","yoast_head_json":{"title":"Adorni presenta su primer informe en el Congreso con Milei | CVI NOTICIAS","description":"El jefe de Gabinete expone su gesti\u00f3n y responde preguntas.","robots":{"index":"index","follow":"follow","max-snippet":"max-snippet:-1","max-image-preview":"max-image-preview:large","max-video-preview":"max-video-preview:-1"},"canonical":"https:\/\/cvinoticias.com\/v3\/con-milei-en-el-palco-adorni-presentara-su-primer-informe-en-el-congreso\/","og_locale":"es_ES","og_type":"article","og_title":"Adorni presenta su primer informe en el Congreso con Milei | CVI NOTICIAS","og_description":"El jefe de Gabinete expone su gesti\u00f3n y responde preguntas.","og_url":"https:\/\/cvinoticias.com\/v3\/con-milei-en-el-palco-adorni-presentara-su-primer-informe-en-el-congreso\/","og_site_name":"CVI NOTICIAS","article_publisher":"https:\/\/www.facebook.com\/cvinoticias","article_published_time":"2026-04-29T11:51:59+00:00","article_modified_time":"2026-04-29T11:52:00+00:00","og_image":[{"width":1089,"height":720,"url":"https:\/\/cvinoticias.com\/wp-content\/uploads\/2026\/04\/image-515.webp","type":"image\/webp"}],"author":"f1000024","twitter_card":"summary_large_image","twitter_misc":{"Escrito por":"f1000024","Tiempo de lectura":"1 minuto"},"schema":{"@context":"https:\/\/schema.org","@graph":[{"@type":"Article","@id":"https:\/\/cvinoticias.com\/v3\/con-milei-en-el-palco-adorni-presentara-su-primer-informe-en-el-congreso\/#article","isPartOf":{"@id":"https:\/\/cvinoticias.com\/v3\/con-milei-en-el-palco-adorni-presentara-su-primer-informe-en-el-congreso\/"},"author":{"name":"f1000024","@id":"https:\/\/cvinoticias.com\/v3\/#\/schema\/person\/2db77e3c6bc03c538495d7b2b8be9b66"},"headline":"Con Milei en el palco, Adorni presentar\u00e1 su primer informe en el Congreso","datePublished":"2026-04-29T11:51:59+00:00","dateModified":"2026-04-29T11:52:00+00:00","mainEntityOfPage":{"@id":"https:\/\/cvinoticias.com\/v3\/con-milei-en-el-palco-adorni-presentara-su-primer-informe-en-el-congreso\/"},"wordCount":181,"commentCount":0,"publisher":{"@id":"https:\/\/cvinoticias.com\/v3\/#organization"},"image":{"@id":"https:\/\/cvinoticias.com\/v3\/con-milei-en-el-palco-adorni-presentara-su-primer-informe-en-el-congreso\/#primaryimage"},"thumbnailUrl":"https:\/\/cvinoticias.com\/wp-content\/uploads\/2026\/04\/image-515.webp","keywords":["Adorni","Congreso","informe","Milei"],"articleSection":["Politica"],"inLanguage":"es","potentialAction":[{"@type":"CommentAction","name":"Comment","target":["https:\/\/cvinoticias.com\/v3\/con-milei-en-el-palco-adorni-presentara-su-primer-informe-en-el-congreso\/#respond"]}]},{"@type":"WebPage","@id":"https:\/\/cvinoticias.com\/v3\/con-milei-en-el-palco-adorni-presentara-su-primer-informe-en-el-congreso\/","url":"https:\/\/cvinoticias.com\/v3\/con-milei-en-el-palco-adorni-presentara-su-primer-informe-en-el-congreso\/","name":"Adorni presenta su primer informe en el Congreso con Milei | CVI NOTICIAS","isPartOf":{"@id":"https:\/\/cvinoticias.com\/v3\/#website"},"primaryImageOfPage":{"@id":"https:\/\/cvinoticias.com\/v3\/con-milei-en-el-palco-adorni-presentara-su-primer-informe-en-el-congreso\/#primaryimage"},"image":{"@id":"https:\/\/cvinoticias.com\/v3\/con-milei-en-el-palco-adorni-presentara-su-primer-informe-en-el-congreso\/#primaryimage"},"thumbnailUrl":"https:\/\/cvinoticias.com\/wp-content\/uploads\/2026\/04\/image-515.webp","datePublished":"2026-04-29T11:51:59+00:00","dateModified":"2026-04-29T11:52:00+00:00","description":"El jefe de Gabinete expone su gesti\u00f3n y responde preguntas.","breadcrumb":{"@id":"https:\/\/cvinoticias.com\/v3\/con-milei-en-el-palco-adorni-presentara-su-primer-informe-en-el-congreso\/#breadcrumb"},"inLanguage":"es","potentialAction":[{"@type":"ReadAction","target":["https:\/\/cvinoticias.com\/v3\/con-milei-en-el-palco-adorni-presentara-su-primer-informe-en-el-congreso\/"]}]},{"@type":"ImageObject","inLanguage":"es","@id":"https:\/\/cvinoticias.com\/v3\/con-milei-en-el-palco-adorni-presentara-su-primer-informe-en-el-congreso\/#primaryimage","url":"https:\/\/cvinoticias.com\/wp-content\/uploads\/2026\/04\/image-515.webp","contentUrl":"https:\/\/cvinoticias.com\/wp-content\/uploads\/2026\/04\/image-515.webp","width":1089,"height":720},{"@type":"BreadcrumbList","@id":"https:\/\/cvinoticias.com\/v3\/con-milei-en-el-palco-adorni-presentara-su-primer-informe-en-el-congreso\/#breadcrumb","itemListElement":[{"@type":"ListItem","position":1,"name":"Portada","item":"https:\/\/cvinoticias.com\/v3\/"},{"@type":"ListItem","position":2,"name":"Con Milei en el palco, Adorni presentar\u00e1 su primer informe en el Congreso"}]},{"@type":"WebSite","@id":"https:\/\/cvinoticias.com\/v3\/#website","url":"https:\/\/cvinoticias.com\/v3\/","name":"CVI NOTICIAS","description":"","publisher":{"@id":"https:\/\/cvinoticias.com\/v3\/#organization"},"alternateName":"CVI","potentialAction":[{"@type":"SearchAction","target":{"@type":"EntryPoint","urlTemplate":"https:\/\/cvinoticias.com\/v3\/?s={search_term_string}"},"query-input":{"@type":"PropertyValueSpecification","valueRequired":true,"valueName":"search_term_string"}}],"inLanguage":"es"},{"@type":"Organization","@id":"https:\/\/cvinoticias.com\/v3\/#organization","name":"CVI NOTICIAS","url":"https:\/\/cvinoticias.com\/v3\/","logo":{"@type":"ImageObject","inLanguage":"es","@id":"https:\/\/cvinoticias.com\/v3\/#\/schema\/logo\/image\/","url":"https:\/\/cvinoticias.com\/wp-content\/uploads\/2023\/04\/cropped-cropped-cropped-cropped-cropped-3-1.png","contentUrl":"https:\/\/cvinoticias.com\/wp-content\/uploads\/2023\/04\/cropped-cropped-cropped-cropped-cropped-3-1.png","width":95,"height":122,"caption":"CVI NOTICIAS"},"image":{"@id":"https:\/\/cvinoticias.com\/v3\/#\/schema\/logo\/image\/"},"sameAs":["https:\/\/www.facebook.com\/cvinoticias","https:\/\/www.instagram.com\/cvinoticias\/","https:\/\/www.youtube.com\/@CVINOTICIAS"]},{"@type":"Person","@id":"https:\/\/cvinoticias.com\/v3\/#\/schema\/person\/2db77e3c6bc03c538495d7b2b8be9b66","name":"f1000024","image":{"@type":"ImageObject","inLanguage":"es","@id":"https:\/\/secure.gravatar.com\/avatar\/d4fe7459cfc51ff5129ce1a732bbef5928568b8092d412ef95611616376bbeed?s=96&d=mm&r=g","url":"https:\/\/secure.gravatar.com\/avatar\/d4fe7459cfc51ff5129ce1a732bbef5928568b8092d412ef95611616376bbeed?s=96&d=mm&r=g","contentUrl":"https:\/\/secure.gravatar.com\/avatar\/d4fe7459cfc51ff5129ce1a732bbef5928568b8092d412ef95611616376bbeed?s=96&d=mm&r=g","caption":"f1000024"},"url":"https:\/\/cvinoticias.com\/v3\/author\/f1000024\/"}]}},"_links":{"self":[{"href":"https:\/\/cvinoticias.com\/v3\/wp-json\/wp\/v2\/posts\/57605","targetHints":{"allow":["GET"]}}],"collection":[{"href":"https:\/\/cvinoticias.com\/v3\/wp-json\/wp\/v2\/posts"}],"about":[{"href":"https:\/\/cvinoticias.com\/v3\/wp-json\/wp\/v2\/types\/post"}],"author":[{"embeddable":true,"href":"https:\/\/cvinoticias.com\/v3\/wp-json\/wp\/v2\/users\/2"}],"replies":[{"embeddable":true,"href":"https:\/\/cvinoticias.com\/v3\/wp-json\/wp\/v2\/comments?post=57605"}],"version-history":[{"count":1,"href":"https:\/\/cvinoticias.com\/v3\/wp-json\/wp\/v2\/posts\/57605\/revisions"}],"predecessor-version":[{"id":57607,"href":"https:\/\/cvinoticias.com\/v3\/wp-json\/wp\/v2\/posts\/57605\/revisions\/57607"}],"wp:featuredmedia":[{"embeddable":true,"href":"https:\/\/cvinoticias.com\/v3\/wp-json\/wp\/v2\/media\/57606"}],"wp:attachment":[{"href":"https:\/\/cvinoticias.com\/v3\/wp-json\/wp\/v2\/media?parent=57605"}],"wp:term":[{"taxonomy":"category","embeddable":true,"href":"https:\/\/cvinoticias.com\/v3\/wp-json\/wp\/v2\/categories?post=57605"},{"taxonomy":"post_tag","embeddable":true,"href":"https:\/\/cvinoticias.com\/v3\/wp-json\/wp\/v2\/tags?post=57605"}],"curies":[{"name":"wp","href":"https:\/\/api.w.org\/{rel}","templated":true}]}}