{"id":57602,"date":"2026-04-29T08:41:38","date_gmt":"2026-04-29T11:41:38","guid":{"rendered":"https:\/\/cvinoticias.com\/v3\/?p=57602"},"modified":"2026-04-29T08:41:39","modified_gmt":"2026-04-29T11:41:39","slug":"el-lunes-se-conocera-la-sentencia-contra-el-polaquito","status":"publish","type":"post","link":"https:\/\/cvinoticias.com\/v3\/el-lunes-se-conocera-la-sentencia-contra-el-polaquito\/","title":{"rendered":"El lunes se conocer\u00e1 la sentencia contra el Polaquito"},"content":{"rendered":"\n<p>El juicio oral por el crimen de Bruno Patricio M\u00e9ndez y el abuso sexual a su pareja entr\u00f3 en la etapa final. El Tribunal Penal Uno definir\u00e1 el destino de Jonathan Nazareno Ferreira, alias Polaquito, \u00fanico acusado del hecho que conmocion\u00f3 a Puerto Iguaz\u00fa.<\/p>\n\n\n\n<h3 class=\"wp-block-heading\">Etapa final del juicio<\/h3>\n\n\n\n<p>En la \u00faltima audiencia declar\u00f3 el padre del imputado y comenzaron los alegatos. El fiscal Federico Rodr\u00edguez analiz\u00f3 las pruebas presentadas durante el debate y sostuvo su validez. En ese marco, pidi\u00f3 la pena de prisi\u00f3n perpetua para Ferreira.<\/p>\n\n\n\n<p>Por su parte, la defensa intent\u00f3 instalar que el acusado no comprend\u00eda sus actos el 4 de abril de 2022. Argument\u00f3 que el hecho ocurri\u00f3 durante un brote psic\u00f3tico. Tambi\u00e9n mencion\u00f3 problemas de adicciones y la existencia de causas previas. Con esos planteos, solicit\u00f3 la absoluci\u00f3n por el beneficio de la duda.<\/p>\n\n\n\n<p>El tribunal dar\u00e1 a conocer la sentencia el pr\u00f3ximo lunes a las 10. Antes del veredicto, el imputado podr\u00e1 decir sus \u00faltimas palabras.<\/p>\n\n\n\n<h3 class=\"wp-block-heading\">C\u00f3mo ocurri\u00f3 el hecho<\/h3>\n\n\n\n<p>La acusaci\u00f3n sostiene que el 4 de abril de 2022 Ferreira asesin\u00f3 a Bruno M\u00e9ndez y abus\u00f3 sexualmente de su pareja. El hecho ocurri\u00f3 en una vivienda del barrio Villa Alta.<\/p>\n\n\n\n<p>Seg\u00fan la reconstrucci\u00f3n, las v\u00edctimas hab\u00edan llegado al lugar durante la madrugada. Tras compartir bebidas, se desat\u00f3 una pelea. En ese contexto, Ferreira apu\u00f1al\u00f3 a M\u00e9ndez. Luego, mientras la v\u00edctima agonizaba, abus\u00f3 de la joven durante varias horas.<\/p>\n\n\n\n<p>La investigaci\u00f3n tambi\u00e9n indica que el acusado intent\u00f3 ocultar el cuerpo. En ese momento, la joven logr\u00f3 escapar con su hijo y pidi\u00f3 ayuda a un vecino. Esa acci\u00f3n permiti\u00f3 la intervenci\u00f3n policial.<\/p>\n\n\n\n<h3 class=\"wp-block-heading\">Testimonios y debate<\/h3>\n\n\n\n<p>Durante el juicio declar\u00f3 la v\u00edctima de abuso. Pidi\u00f3 hacerlo sin la presencia del imputado. El tribunal acept\u00f3 el planteo y Ferreira sigui\u00f3 la audiencia desde otra sala.<\/p>\n\n\n\n<p>Tambi\u00e9n brindaron testimonio vecinos que ayudaron a la joven a escapar, familiares de la v\u00edctima y el padre del acusado. La defensa, adem\u00e1s, cuestion\u00f3 la instrucci\u00f3n de la causa y rechaz\u00f3 la imputaci\u00f3n por abuso sexual.<\/p>\n\n\n\n<p>Con los alegatos finalizados, el tribunal qued\u00f3 en condiciones de dictar sentencia en una causa que gener\u00f3 fuerte impacto en el norte misionero.<\/p>\n\n\n\n<p>Fuente: El Territorio<\/p>\n","protected":false},"excerpt":{"rendered":"<p>El juicio oral por el crimen de Bruno Patricio M\u00e9ndez y el abuso sexual a su pareja entr\u00f3 en la etapa final. El Tribunal Penal Uno definir\u00e1 el destino de Jonathan Nazareno Ferreira, alias Polaquito, \u00fanico acusado del hecho que conmocion\u00f3 a Puerto Iguaz\u00fa. Etapa final del juicio En la \u00faltima audiencia declar\u00f3 el padre [&hellip;]<\/p>\n","protected":false},"author":2,"featured_media":57603,"comment_status":"open","ping_status":"closed","sticky":false,"template":"","format":"standard","meta":{"footnotes":""},"categories":[41],"tags":[313,1754,1711,2205,5870],"class_list":["post-57602","post","type-post","status-publish","format-standard","has-post-thumbnail","hentry","category-policiales","tag-iguazu","tag-juicio","tag-polaquito","tag-sentencia","tag-unes"],"yoast_head":"<!-- This site is optimized with the Yoast SEO plugin v27.5 - https:\/\/yoast.com\/product\/yoast-seo-wordpress\/ -->\n<title>El lunes se conocer\u00e1 la sentencia contra el Polaquito | CVI NOTICIAS<\/title>\n<meta name=\"description\" content=\"Definir\u00e1n el veredicto en Iguaz\u00fa por crimen y abuso.\" \/>\n<meta name=\"robots\" content=\"index, follow, max-snippet:-1, max-image-preview:large, max-video-preview:-1\" \/>\n<link rel=\"canonical\" href=\"https:\/\/cvinoticias.com\/v3\/el-lunes-se-conocera-la-sentencia-contra-el-polaquito\/\" \/>\n<meta property=\"og:locale\" content=\"es_ES\" \/>\n<meta property=\"og:type\" content=\"article\" \/>\n<meta property=\"og:title\" content=\"El lunes se conocer\u00e1 la sentencia contra el Polaquito | CVI NOTICIAS\" \/>\n<meta property=\"og:description\" content=\"Definir\u00e1n el veredicto en Iguaz\u00fa por crimen y abuso.\" \/>\n<meta property=\"og:url\" content=\"https:\/\/cvinoticias.com\/v3\/el-lunes-se-conocera-la-sentencia-contra-el-polaquito\/\" \/>\n<meta property=\"og:site_name\" content=\"CVI NOTICIAS\" \/>\n<meta property=\"article:publisher\" content=\"https:\/\/www.facebook.com\/cvinoticias\" \/>\n<meta property=\"article:published_time\" content=\"2026-04-29T11:41:38+00:00\" \/>\n<meta property=\"article:modified_time\" content=\"2026-04-29T11:41:39+00:00\" \/>\n<meta property=\"og:image\" content=\"https:\/\/cvinoticias.com\/wp-content\/uploads\/2026\/04\/md-2-2.webp\" \/>\n\t<meta property=\"og:image:width\" content=\"992\" \/>\n\t<meta property=\"og:image:height\" content=\"661\" \/>\n\t<meta property=\"og:image:type\" content=\"image\/webp\" \/>\n<meta name=\"author\" content=\"f1000024\" \/>\n<meta name=\"twitter:card\" content=\"summary_large_image\" \/>\n<meta name=\"twitter:label1\" content=\"Escrito por\" \/>\n\t<meta name=\"twitter:data1\" content=\"f1000024\" \/>\n\t<meta name=\"twitter:label2\" content=\"Tiempo de lectura\" \/>\n\t<meta name=\"twitter:data2\" content=\"2 minutos\" \/>\n<script type=\"application\/ld+json\" class=\"yoast-schema-graph\">{\"@context\":\"https:\\\/\\\/schema.org\",\"@graph\":[{\"@type\":\"Article\",\"@id\":\"https:\\\/\\\/cvinoticias.com\\\/v3\\\/el-lunes-se-conocera-la-sentencia-contra-el-polaquito\\\/#article\",\"isPartOf\":{\"@id\":\"https:\\\/\\\/cvinoticias.com\\\/v3\\\/el-lunes-se-conocera-la-sentencia-contra-el-polaquito\\\/\"},\"author\":{\"name\":\"f1000024\",\"@id\":\"https:\\\/\\\/cvinoticias.com\\\/v3\\\/#\\\/schema\\\/person\\\/2db77e3c6bc03c538495d7b2b8be9b66\"},\"headline\":\"El lunes se conocer\u00e1 la sentencia contra el Polaquito\",\"datePublished\":\"2026-04-29T11:41:38+00:00\",\"dateModified\":\"2026-04-29T11:41:39+00:00\",\"mainEntityOfPage\":{\"@id\":\"https:\\\/\\\/cvinoticias.com\\\/v3\\\/el-lunes-se-conocera-la-sentencia-contra-el-polaquito\\\/\"},\"wordCount\":393,\"commentCount\":0,\"publisher\":{\"@id\":\"https:\\\/\\\/cvinoticias.com\\\/v3\\\/#organization\"},\"image\":{\"@id\":\"https:\\\/\\\/cvinoticias.com\\\/v3\\\/el-lunes-se-conocera-la-sentencia-contra-el-polaquito\\\/#primaryimage\"},\"thumbnailUrl\":\"https:\\\/\\\/cvinoticias.com\\\/wp-content\\\/uploads\\\/2026\\\/04\\\/md-2-2.webp\",\"keywords\":[\"Iguaz\u00fa\",\"Juicio\",\"polaquito\",\"sentencia\",\"unes\"],\"articleSection\":[\"Policiales\"],\"inLanguage\":\"es\",\"potentialAction\":[{\"@type\":\"CommentAction\",\"name\":\"Comment\",\"target\":[\"https:\\\/\\\/cvinoticias.com\\\/v3\\\/el-lunes-se-conocera-la-sentencia-contra-el-polaquito\\\/#respond\"]}]},{\"@type\":\"WebPage\",\"@id\":\"https:\\\/\\\/cvinoticias.com\\\/v3\\\/el-lunes-se-conocera-la-sentencia-contra-el-polaquito\\\/\",\"url\":\"https:\\\/\\\/cvinoticias.com\\\/v3\\\/el-lunes-se-conocera-la-sentencia-contra-el-polaquito\\\/\",\"name\":\"El lunes se conocer\u00e1 la sentencia contra el Polaquito | CVI NOTICIAS\",\"isPartOf\":{\"@id\":\"https:\\\/\\\/cvinoticias.com\\\/v3\\\/#website\"},\"primaryImageOfPage\":{\"@id\":\"https:\\\/\\\/cvinoticias.com\\\/v3\\\/el-lunes-se-conocera-la-sentencia-contra-el-polaquito\\\/#primaryimage\"},\"image\":{\"@id\":\"https:\\\/\\\/cvinoticias.com\\\/v3\\\/el-lunes-se-conocera-la-sentencia-contra-el-polaquito\\\/#primaryimage\"},\"thumbnailUrl\":\"https:\\\/\\\/cvinoticias.com\\\/wp-content\\\/uploads\\\/2026\\\/04\\\/md-2-2.webp\",\"datePublished\":\"2026-04-29T11:41:38+00:00\",\"dateModified\":\"2026-04-29T11:41:39+00:00\",\"description\":\"Definir\u00e1n el veredicto en Iguaz\u00fa por crimen y abuso.\",\"breadcrumb\":{\"@id\":\"https:\\\/\\\/cvinoticias.com\\\/v3\\\/el-lunes-se-conocera-la-sentencia-contra-el-polaquito\\\/#breadcrumb\"},\"inLanguage\":\"es\",\"potentialAction\":[{\"@type\":\"ReadAction\",\"target\":[\"https:\\\/\\\/cvinoticias.com\\\/v3\\\/el-lunes-se-conocera-la-sentencia-contra-el-polaquito\\\/\"]}]},{\"@type\":\"ImageObject\",\"inLanguage\":\"es\",\"@id\":\"https:\\\/\\\/cvinoticias.com\\\/v3\\\/el-lunes-se-conocera-la-sentencia-contra-el-polaquito\\\/#primaryimage\",\"url\":\"https:\\\/\\\/cvinoticias.com\\\/wp-content\\\/uploads\\\/2026\\\/04\\\/md-2-2.webp\",\"contentUrl\":\"https:\\\/\\\/cvinoticias.com\\\/wp-content\\\/uploads\\\/2026\\\/04\\\/md-2-2.webp\",\"width\":992,\"height\":661},{\"@type\":\"BreadcrumbList\",\"@id\":\"https:\\\/\\\/cvinoticias.com\\\/v3\\\/el-lunes-se-conocera-la-sentencia-contra-el-polaquito\\\/#breadcrumb\",\"itemListElement\":[{\"@type\":\"ListItem\",\"position\":1,\"name\":\"Portada\",\"item\":\"https:\\\/\\\/cvinoticias.com\\\/v3\\\/\"},{\"@type\":\"ListItem\",\"position\":2,\"name\":\"El lunes se conocer\u00e1 la sentencia contra el Polaquito\"}]},{\"@type\":\"WebSite\",\"@id\":\"https:\\\/\\\/cvinoticias.com\\\/v3\\\/#website\",\"url\":\"https:\\\/\\\/cvinoticias.com\\\/v3\\\/\",\"name\":\"CVI NOTICIAS\",\"description\":\"\",\"publisher\":{\"@id\":\"https:\\\/\\\/cvinoticias.com\\\/v3\\\/#organization\"},\"alternateName\":\"CVI\",\"potentialAction\":[{\"@type\":\"SearchAction\",\"target\":{\"@type\":\"EntryPoint\",\"urlTemplate\":\"https:\\\/\\\/cvinoticias.com\\\/v3\\\/?s={search_term_string}\"},\"query-input\":{\"@type\":\"PropertyValueSpecification\",\"valueRequired\":true,\"valueName\":\"search_term_string\"}}],\"inLanguage\":\"es\"},{\"@type\":\"Organization\",\"@id\":\"https:\\\/\\\/cvinoticias.com\\\/v3\\\/#organization\",\"name\":\"CVI NOTICIAS\",\"url\":\"https:\\\/\\\/cvinoticias.com\\\/v3\\\/\",\"logo\":{\"@type\":\"ImageObject\",\"inLanguage\":\"es\",\"@id\":\"https:\\\/\\\/cvinoticias.com\\\/v3\\\/#\\\/schema\\\/logo\\\/image\\\/\",\"url\":\"https:\\\/\\\/cvinoticias.com\\\/wp-content\\\/uploads\\\/2023\\\/04\\\/cropped-cropped-cropped-cropped-cropped-3-1.png\",\"contentUrl\":\"https:\\\/\\\/cvinoticias.com\\\/wp-content\\\/uploads\\\/2023\\\/04\\\/cropped-cropped-cropped-cropped-cropped-3-1.png\",\"width\":95,\"height\":122,\"caption\":\"CVI NOTICIAS\"},\"image\":{\"@id\":\"https:\\\/\\\/cvinoticias.com\\\/v3\\\/#\\\/schema\\\/logo\\\/image\\\/\"},\"sameAs\":[\"https:\\\/\\\/www.facebook.com\\\/cvinoticias\",\"https:\\\/\\\/www.instagram.com\\\/cvinoticias\\\/\",\"https:\\\/\\\/www.youtube.com\\\/@CVINOTICIAS\"]},{\"@type\":\"Person\",\"@id\":\"https:\\\/\\\/cvinoticias.com\\\/v3\\\/#\\\/schema\\\/person\\\/2db77e3c6bc03c538495d7b2b8be9b66\",\"name\":\"f1000024\",\"image\":{\"@type\":\"ImageObject\",\"inLanguage\":\"es\",\"@id\":\"https:\\\/\\\/secure.gravatar.com\\\/avatar\\\/d4fe7459cfc51ff5129ce1a732bbef5928568b8092d412ef95611616376bbeed?s=96&d=mm&r=g\",\"url\":\"https:\\\/\\\/secure.gravatar.com\\\/avatar\\\/d4fe7459cfc51ff5129ce1a732bbef5928568b8092d412ef95611616376bbeed?s=96&d=mm&r=g\",\"contentUrl\":\"https:\\\/\\\/secure.gravatar.com\\\/avatar\\\/d4fe7459cfc51ff5129ce1a732bbef5928568b8092d412ef95611616376bbeed?s=96&d=mm&r=g\",\"caption\":\"f1000024\"},\"url\":\"https:\\\/\\\/cvinoticias.com\\\/v3\\\/author\\\/f1000024\\\/\"}]}<\/script>\n<!-- \/ Yoast SEO plugin. -->","yoast_head_json":{"title":"El lunes se conocer\u00e1 la sentencia contra el Polaquito | CVI NOTICIAS","description":"Definir\u00e1n el veredicto en Iguaz\u00fa por crimen y abuso.","robots":{"index":"index","follow":"follow","max-snippet":"max-snippet:-1","max-image-preview":"max-image-preview:large","max-video-preview":"max-video-preview:-1"},"canonical":"https:\/\/cvinoticias.com\/v3\/el-lunes-se-conocera-la-sentencia-contra-el-polaquito\/","og_locale":"es_ES","og_type":"article","og_title":"El lunes se conocer\u00e1 la sentencia contra el Polaquito | CVI NOTICIAS","og_description":"Definir\u00e1n el veredicto en Iguaz\u00fa por crimen y abuso.","og_url":"https:\/\/cvinoticias.com\/v3\/el-lunes-se-conocera-la-sentencia-contra-el-polaquito\/","og_site_name":"CVI NOTICIAS","article_publisher":"https:\/\/www.facebook.com\/cvinoticias","article_published_time":"2026-04-29T11:41:38+00:00","article_modified_time":"2026-04-29T11:41:39+00:00","og_image":[{"width":992,"height":661,"url":"https:\/\/cvinoticias.com\/wp-content\/uploads\/2026\/04\/md-2-2.webp","type":"image\/webp"}],"author":"f1000024","twitter_card":"summary_large_image","twitter_misc":{"Escrito por":"f1000024","Tiempo de lectura":"2 minutos"},"schema":{"@context":"https:\/\/schema.org","@graph":[{"@type":"Article","@id":"https:\/\/cvinoticias.com\/v3\/el-lunes-se-conocera-la-sentencia-contra-el-polaquito\/#article","isPartOf":{"@id":"https:\/\/cvinoticias.com\/v3\/el-lunes-se-conocera-la-sentencia-contra-el-polaquito\/"},"author":{"name":"f1000024","@id":"https:\/\/cvinoticias.com\/v3\/#\/schema\/person\/2db77e3c6bc03c538495d7b2b8be9b66"},"headline":"El lunes se conocer\u00e1 la sentencia contra el Polaquito","datePublished":"2026-04-29T11:41:38+00:00","dateModified":"2026-04-29T11:41:39+00:00","mainEntityOfPage":{"@id":"https:\/\/cvinoticias.com\/v3\/el-lunes-se-conocera-la-sentencia-contra-el-polaquito\/"},"wordCount":393,"commentCount":0,"publisher":{"@id":"https:\/\/cvinoticias.com\/v3\/#organization"},"image":{"@id":"https:\/\/cvinoticias.com\/v3\/el-lunes-se-conocera-la-sentencia-contra-el-polaquito\/#primaryimage"},"thumbnailUrl":"https:\/\/cvinoticias.com\/wp-content\/uploads\/2026\/04\/md-2-2.webp","keywords":["Iguaz\u00fa","Juicio","polaquito","sentencia","unes"],"articleSection":["Policiales"],"inLanguage":"es","potentialAction":[{"@type":"CommentAction","name":"Comment","target":["https:\/\/cvinoticias.com\/v3\/el-lunes-se-conocera-la-sentencia-contra-el-polaquito\/#respond"]}]},{"@type":"WebPage","@id":"https:\/\/cvinoticias.com\/v3\/el-lunes-se-conocera-la-sentencia-contra-el-polaquito\/","url":"https:\/\/cvinoticias.com\/v3\/el-lunes-se-conocera-la-sentencia-contra-el-polaquito\/","name":"El lunes se conocer\u00e1 la sentencia contra el Polaquito | CVI NOTICIAS","isPartOf":{"@id":"https:\/\/cvinoticias.com\/v3\/#website"},"primaryImageOfPage":{"@id":"https:\/\/cvinoticias.com\/v3\/el-lunes-se-conocera-la-sentencia-contra-el-polaquito\/#primaryimage"},"image":{"@id":"https:\/\/cvinoticias.com\/v3\/el-lunes-se-conocera-la-sentencia-contra-el-polaquito\/#primaryimage"},"thumbnailUrl":"https:\/\/cvinoticias.com\/wp-content\/uploads\/2026\/04\/md-2-2.webp","datePublished":"2026-04-29T11:41:38+00:00","dateModified":"2026-04-29T11:41:39+00:00","description":"Definir\u00e1n el veredicto en Iguaz\u00fa por crimen y abuso.","breadcrumb":{"@id":"https:\/\/cvinoticias.com\/v3\/el-lunes-se-conocera-la-sentencia-contra-el-polaquito\/#breadcrumb"},"inLanguage":"es","potentialAction":[{"@type":"ReadAction","target":["https:\/\/cvinoticias.com\/v3\/el-lunes-se-conocera-la-sentencia-contra-el-polaquito\/"]}]},{"@type":"ImageObject","inLanguage":"es","@id":"https:\/\/cvinoticias.com\/v3\/el-lunes-se-conocera-la-sentencia-contra-el-polaquito\/#primaryimage","url":"https:\/\/cvinoticias.com\/wp-content\/uploads\/2026\/04\/md-2-2.webp","contentUrl":"https:\/\/cvinoticias.com\/wp-content\/uploads\/2026\/04\/md-2-2.webp","width":992,"height":661},{"@type":"BreadcrumbList","@id":"https:\/\/cvinoticias.com\/v3\/el-lunes-se-conocera-la-sentencia-contra-el-polaquito\/#breadcrumb","itemListElement":[{"@type":"ListItem","position":1,"name":"Portada","item":"https:\/\/cvinoticias.com\/v3\/"},{"@type":"ListItem","position":2,"name":"El lunes se conocer\u00e1 la sentencia contra el Polaquito"}]},{"@type":"WebSite","@id":"https:\/\/cvinoticias.com\/v3\/#website","url":"https:\/\/cvinoticias.com\/v3\/","name":"CVI NOTICIAS","description":"","publisher":{"@id":"https:\/\/cvinoticias.com\/v3\/#organization"},"alternateName":"CVI","potentialAction":[{"@type":"SearchAction","target":{"@type":"EntryPoint","urlTemplate":"https:\/\/cvinoticias.com\/v3\/?s={search_term_string}"},"query-input":{"@type":"PropertyValueSpecification","valueRequired":true,"valueName":"search_term_string"}}],"inLanguage":"es"},{"@type":"Organization","@id":"https:\/\/cvinoticias.com\/v3\/#organization","name":"CVI NOTICIAS","url":"https:\/\/cvinoticias.com\/v3\/","logo":{"@type":"ImageObject","inLanguage":"es","@id":"https:\/\/cvinoticias.com\/v3\/#\/schema\/logo\/image\/","url":"https:\/\/cvinoticias.com\/wp-content\/uploads\/2023\/04\/cropped-cropped-cropped-cropped-cropped-3-1.png","contentUrl":"https:\/\/cvinoticias.com\/wp-content\/uploads\/2023\/04\/cropped-cropped-cropped-cropped-cropped-3-1.png","width":95,"height":122,"caption":"CVI NOTICIAS"},"image":{"@id":"https:\/\/cvinoticias.com\/v3\/#\/schema\/logo\/image\/"},"sameAs":["https:\/\/www.facebook.com\/cvinoticias","https:\/\/www.instagram.com\/cvinoticias\/","https:\/\/www.youtube.com\/@CVINOTICIAS"]},{"@type":"Person","@id":"https:\/\/cvinoticias.com\/v3\/#\/schema\/person\/2db77e3c6bc03c538495d7b2b8be9b66","name":"f1000024","image":{"@type":"ImageObject","inLanguage":"es","@id":"https:\/\/secure.gravatar.com\/avatar\/d4fe7459cfc51ff5129ce1a732bbef5928568b8092d412ef95611616376bbeed?s=96&d=mm&r=g","url":"https:\/\/secure.gravatar.com\/avatar\/d4fe7459cfc51ff5129ce1a732bbef5928568b8092d412ef95611616376bbeed?s=96&d=mm&r=g","contentUrl":"https:\/\/secure.gravatar.com\/avatar\/d4fe7459cfc51ff5129ce1a732bbef5928568b8092d412ef95611616376bbeed?s=96&d=mm&r=g","caption":"f1000024"},"url":"https:\/\/cvinoticias.com\/v3\/author\/f1000024\/"}]}},"_links":{"self":[{"href":"https:\/\/cvinoticias.com\/v3\/wp-json\/wp\/v2\/posts\/57602","targetHints":{"allow":["GET"]}}],"collection":[{"href":"https:\/\/cvinoticias.com\/v3\/wp-json\/wp\/v2\/posts"}],"about":[{"href":"https:\/\/cvinoticias.com\/v3\/wp-json\/wp\/v2\/types\/post"}],"author":[{"embeddable":true,"href":"https:\/\/cvinoticias.com\/v3\/wp-json\/wp\/v2\/users\/2"}],"replies":[{"embeddable":true,"href":"https:\/\/cvinoticias.com\/v3\/wp-json\/wp\/v2\/comments?post=57602"}],"version-history":[{"count":1,"href":"https:\/\/cvinoticias.com\/v3\/wp-json\/wp\/v2\/posts\/57602\/revisions"}],"predecessor-version":[{"id":57604,"href":"https:\/\/cvinoticias.com\/v3\/wp-json\/wp\/v2\/posts\/57602\/revisions\/57604"}],"wp:featuredmedia":[{"embeddable":true,"href":"https:\/\/cvinoticias.com\/v3\/wp-json\/wp\/v2\/media\/57603"}],"wp:attachment":[{"href":"https:\/\/cvinoticias.com\/v3\/wp-json\/wp\/v2\/media?parent=57602"}],"wp:term":[{"taxonomy":"category","embeddable":true,"href":"https:\/\/cvinoticias.com\/v3\/wp-json\/wp\/v2\/categories?post=57602"},{"taxonomy":"post_tag","embeddable":true,"href":"https:\/\/cvinoticias.com\/v3\/wp-json\/wp\/v2\/tags?post=57602"}],"curies":[{"name":"wp","href":"https:\/\/api.w.org\/{rel}","templated":true}]}}