{"id":576,"date":"2020-12-13T22:16:03","date_gmt":"2020-12-13T22:16:03","guid":{"rendered":"https:\/\/cvinoticias.com\/v3\/?p=576"},"modified":"2020-12-13T22:16:03","modified_gmt":"2020-12-13T22:16:03","slug":"iguazu-prision-preventiva-para-los-imputados-en-el-asesinato-a-punaladas-de-cesar-david-quiroz","status":"publish","type":"post","link":"https:\/\/cvinoticias.com\/v3\/iguazu-prision-preventiva-para-los-imputados-en-el-asesinato-a-punaladas-de-cesar-david-quiroz\/","title":{"rendered":"Iguaz\u00fa: Prisi\u00f3n preventiva para los imputados en el asesinato a pu\u00f1aladas de C\u00e9sar David Quiroz"},"content":{"rendered":"\n<p><strong><em>Estaba en libertad condicional por un homicidio, volvi\u00f3 a matar y disponen su prisi\u00f3n preventiva junto a su pareja<\/em><\/strong><\/p>\n\n\n\n<p>El juez de Instrucci\u00f3n 3 de Puerto Iguaz\u00fa, Mart\u00edn Brites, dispuso la prisi\u00f3n preventiva a Fabi\u00e1n Lorenzo Acosta (25 a\u00f1os) y su pareja, Clara Soledad R. (30 a\u00f1os), imputados en el asesinato a pu\u00f1aladas de C\u00e9sar David Quiroz (28 a\u00f1os), ocurrido en la madrugada del 26 de septiembre pasado en el barrio 1\u00b0 de Mayo de Puerto Iguaz\u00fa. <\/p>\n\n\n\n<p>El imputado cumpl\u00eda una condena por homicidio, sali\u00f3 en libertad condicional y volvi\u00f3 a reincidir con el mismo delito.<\/p>\n\n\n\n<p>Al estar de las investigaciones, testimoniales y medidas de pruebas, Quiroz intent\u00f3 mediar en una fuerte discusi\u00f3n entre la pareja de detenidos y recibi\u00f3 de parte de Acosta, dos estocadas con un arma blanca que le provocaron la muerte.<\/p>\n\n\n\n<p>La v\u00edctima fue herida frente a su domicilio y muri\u00f3 en el patio de su casa \u2013dentro de una pileta Pelopincho-, donde cay\u00f3 tras el ataque. Los sospechosos est\u00e1n acusados de \u201dhomicidio simple\u201d; el hombre como autor y la mujer como part\u00edcipe necesario.<\/p>\n\n\n\n<p>Al momento de la agresi\u00f3n, Quiroz se encontraba en su domicilio, junto a su concubina, Mar\u00eda Florencia (31 a\u00f1os), cuando escucha los gritos de una pelea entre Acosta y Clara Soledad. Es all\u00ed, cuando el due\u00f1o de casa sale a la calle e intenta mediar entre la pareja y recibe dos pu\u00f1aladas del irascible hombre.<\/p>\n\n\n\n<p>De acuerdo a las pesquisas, la pareja del victimario tuvo un rol preponderante en la escena; habr\u00eda sujetado los brazos de Quiroz y evit\u00f3 que la esposa de la v\u00edctima, intente calmar los \u00e1nimos y sacar a su concubino del lugar.<\/p>\n\n\n\n<p>Tras la detenci\u00f3n de la pareja, se supo que el imputado estaba cumpliendo una condena de 9 a\u00f1os en la Unidad Penal III de Eldorado como coautor del homicidio de un hombre de 65 a\u00f1os (Porfirio Mart\u00ednez), acaecido en Puerto Iguaz\u00fa en febrero de 2014, impuesta por el Tribunal Penal 1 de Eldorado, en el 2016 en un Juicio Abreviado.<\/p>\n\n\n\n<p><\/p>\n\n\n\n<p>Fuente: MOL<\/p>\n\n\n\n<p><\/p>\n\n\n\n\n\n\n\n<p>10101 comentario5 veces compartidaMe gustaComentarCompartir<\/p>\n","protected":false},"excerpt":{"rendered":"<p>Estaba en libertad condicional por un homicidio, volvi\u00f3 a matar y disponen su prisi\u00f3n preventiva junto a su pareja El juez de Instrucci\u00f3n 3 de Puerto Iguaz\u00fa, Mart\u00edn Brites, dispuso la prisi\u00f3n preventiva a Fabi\u00e1n Lorenzo Acosta (25 a\u00f1os) y su pareja, Clara Soledad R. (30 a\u00f1os), imputados en el asesinato a pu\u00f1aladas de C\u00e9sar [&hellip;]<\/p>\n","protected":false},"author":2,"featured_media":577,"comment_status":"open","ping_status":"open","sticky":false,"template":"","format":"standard","meta":{"footnotes":""},"categories":[29,41],"tags":[183,185,184],"class_list":["post-576","post","type-post","status-publish","format-standard","has-post-thumbnail","hentry","category-locales","category-policiales","tag-asesinato","tag-homicidio","tag-prision"],"yoast_head":"<!-- This site is optimized with the Yoast SEO plugin v27.5 - https:\/\/yoast.com\/product\/yoast-seo-wordpress\/ -->\n<title>Iguaz\u00fa: Prisi\u00f3n preventiva para los imputados en el asesinato a pu\u00f1aladas de C\u00e9sar David Quiroz | CVI NOTICIAS<\/title>\n<meta name=\"robots\" content=\"index, follow, max-snippet:-1, max-image-preview:large, max-video-preview:-1\" \/>\n<link rel=\"canonical\" href=\"https:\/\/cvinoticias.com\/v3\/iguazu-prision-preventiva-para-los-imputados-en-el-asesinato-a-punaladas-de-cesar-david-quiroz\/\" \/>\n<meta property=\"og:locale\" content=\"es_ES\" \/>\n<meta property=\"og:type\" content=\"article\" \/>\n<meta property=\"og:title\" content=\"Iguaz\u00fa: Prisi\u00f3n preventiva para los imputados en el asesinato a pu\u00f1aladas de C\u00e9sar David Quiroz | CVI NOTICIAS\" \/>\n<meta property=\"og:description\" content=\"Estaba en libertad condicional por un homicidio, volvi\u00f3 a matar y disponen su prisi\u00f3n preventiva junto a su pareja El juez de Instrucci\u00f3n 3 de Puerto Iguaz\u00fa, Mart\u00edn Brites, dispuso la prisi\u00f3n preventiva a Fabi\u00e1n Lorenzo Acosta (25 a\u00f1os) y su pareja, Clara Soledad R. (30 a\u00f1os), imputados en el asesinato a pu\u00f1aladas de C\u00e9sar [&hellip;]\" \/>\n<meta property=\"og:url\" content=\"https:\/\/cvinoticias.com\/v3\/iguazu-prision-preventiva-para-los-imputados-en-el-asesinato-a-punaladas-de-cesar-david-quiroz\/\" \/>\n<meta property=\"og:site_name\" content=\"CVI NOTICIAS\" \/>\n<meta property=\"article:publisher\" content=\"https:\/\/www.facebook.com\/cvinoticias\" \/>\n<meta property=\"article:published_time\" content=\"2020-12-13T22:16:03+00:00\" \/>\n<meta property=\"og:image\" content=\"https:\/\/cvinoticias.com\/wp-content\/uploads\/2020\/12\/gv.jpg\" \/>\n\t<meta property=\"og:image:width\" content=\"251\" \/>\n\t<meta property=\"og:image:height\" content=\"201\" \/>\n\t<meta property=\"og:image:type\" content=\"image\/jpeg\" \/>\n<meta name=\"author\" content=\"f1000024\" \/>\n<meta name=\"twitter:card\" content=\"summary_large_image\" \/>\n<meta name=\"twitter:label1\" content=\"Escrito por\" \/>\n\t<meta name=\"twitter:data1\" content=\"f1000024\" \/>\n\t<meta name=\"twitter:label2\" content=\"Tiempo de lectura\" \/>\n\t<meta name=\"twitter:data2\" content=\"2 minutos\" \/>\n<script type=\"application\/ld+json\" class=\"yoast-schema-graph\">{\"@context\":\"https:\\\/\\\/schema.org\",\"@graph\":[{\"@type\":\"Article\",\"@id\":\"https:\\\/\\\/cvinoticias.com\\\/v3\\\/iguazu-prision-preventiva-para-los-imputados-en-el-asesinato-a-punaladas-de-cesar-david-quiroz\\\/#article\",\"isPartOf\":{\"@id\":\"https:\\\/\\\/cvinoticias.com\\\/v3\\\/iguazu-prision-preventiva-para-los-imputados-en-el-asesinato-a-punaladas-de-cesar-david-quiroz\\\/\"},\"author\":{\"name\":\"f1000024\",\"@id\":\"https:\\\/\\\/cvinoticias.com\\\/v3\\\/#\\\/schema\\\/person\\\/2db77e3c6bc03c538495d7b2b8be9b66\"},\"headline\":\"Iguaz\u00fa: Prisi\u00f3n preventiva para los imputados en el asesinato a pu\u00f1aladas de C\u00e9sar David Quiroz\",\"datePublished\":\"2020-12-13T22:16:03+00:00\",\"mainEntityOfPage\":{\"@id\":\"https:\\\/\\\/cvinoticias.com\\\/v3\\\/iguazu-prision-preventiva-para-los-imputados-en-el-asesinato-a-punaladas-de-cesar-david-quiroz\\\/\"},\"wordCount\":372,\"commentCount\":0,\"publisher\":{\"@id\":\"https:\\\/\\\/cvinoticias.com\\\/v3\\\/#organization\"},\"image\":{\"@id\":\"https:\\\/\\\/cvinoticias.com\\\/v3\\\/iguazu-prision-preventiva-para-los-imputados-en-el-asesinato-a-punaladas-de-cesar-david-quiroz\\\/#primaryimage\"},\"thumbnailUrl\":\"https:\\\/\\\/cvinoticias.com\\\/wp-content\\\/uploads\\\/2020\\\/12\\\/gv.jpg\",\"keywords\":[\"asesinato\",\"homicidio\",\"prision\"],\"articleSection\":[\"Locales\",\"Policiales\"],\"inLanguage\":\"es\",\"potentialAction\":[{\"@type\":\"CommentAction\",\"name\":\"Comment\",\"target\":[\"https:\\\/\\\/cvinoticias.com\\\/v3\\\/iguazu-prision-preventiva-para-los-imputados-en-el-asesinato-a-punaladas-de-cesar-david-quiroz\\\/#respond\"]}]},{\"@type\":\"WebPage\",\"@id\":\"https:\\\/\\\/cvinoticias.com\\\/v3\\\/iguazu-prision-preventiva-para-los-imputados-en-el-asesinato-a-punaladas-de-cesar-david-quiroz\\\/\",\"url\":\"https:\\\/\\\/cvinoticias.com\\\/v3\\\/iguazu-prision-preventiva-para-los-imputados-en-el-asesinato-a-punaladas-de-cesar-david-quiroz\\\/\",\"name\":\"Iguaz\u00fa: Prisi\u00f3n preventiva para los imputados en el asesinato a pu\u00f1aladas de C\u00e9sar David Quiroz | CVI NOTICIAS\",\"isPartOf\":{\"@id\":\"https:\\\/\\\/cvinoticias.com\\\/v3\\\/#website\"},\"primaryImageOfPage\":{\"@id\":\"https:\\\/\\\/cvinoticias.com\\\/v3\\\/iguazu-prision-preventiva-para-los-imputados-en-el-asesinato-a-punaladas-de-cesar-david-quiroz\\\/#primaryimage\"},\"image\":{\"@id\":\"https:\\\/\\\/cvinoticias.com\\\/v3\\\/iguazu-prision-preventiva-para-los-imputados-en-el-asesinato-a-punaladas-de-cesar-david-quiroz\\\/#primaryimage\"},\"thumbnailUrl\":\"https:\\\/\\\/cvinoticias.com\\\/wp-content\\\/uploads\\\/2020\\\/12\\\/gv.jpg\",\"datePublished\":\"2020-12-13T22:16:03+00:00\",\"breadcrumb\":{\"@id\":\"https:\\\/\\\/cvinoticias.com\\\/v3\\\/iguazu-prision-preventiva-para-los-imputados-en-el-asesinato-a-punaladas-de-cesar-david-quiroz\\\/#breadcrumb\"},\"inLanguage\":\"es\",\"potentialAction\":[{\"@type\":\"ReadAction\",\"target\":[\"https:\\\/\\\/cvinoticias.com\\\/v3\\\/iguazu-prision-preventiva-para-los-imputados-en-el-asesinato-a-punaladas-de-cesar-david-quiroz\\\/\"]}]},{\"@type\":\"ImageObject\",\"inLanguage\":\"es\",\"@id\":\"https:\\\/\\\/cvinoticias.com\\\/v3\\\/iguazu-prision-preventiva-para-los-imputados-en-el-asesinato-a-punaladas-de-cesar-david-quiroz\\\/#primaryimage\",\"url\":\"https:\\\/\\\/cvinoticias.com\\\/wp-content\\\/uploads\\\/2020\\\/12\\\/gv.jpg\",\"contentUrl\":\"https:\\\/\\\/cvinoticias.com\\\/wp-content\\\/uploads\\\/2020\\\/12\\\/gv.jpg\",\"width\":251,\"height\":201},{\"@type\":\"BreadcrumbList\",\"@id\":\"https:\\\/\\\/cvinoticias.com\\\/v3\\\/iguazu-prision-preventiva-para-los-imputados-en-el-asesinato-a-punaladas-de-cesar-david-quiroz\\\/#breadcrumb\",\"itemListElement\":[{\"@type\":\"ListItem\",\"position\":1,\"name\":\"Portada\",\"item\":\"https:\\\/\\\/cvinoticias.com\\\/v3\\\/\"},{\"@type\":\"ListItem\",\"position\":2,\"name\":\"Iguaz\u00fa: Prisi\u00f3n preventiva para los imputados en el asesinato a pu\u00f1aladas de C\u00e9sar David Quiroz\"}]},{\"@type\":\"WebSite\",\"@id\":\"https:\\\/\\\/cvinoticias.com\\\/v3\\\/#website\",\"url\":\"https:\\\/\\\/cvinoticias.com\\\/v3\\\/\",\"name\":\"CVI NOTICIAS\",\"description\":\"\",\"publisher\":{\"@id\":\"https:\\\/\\\/cvinoticias.com\\\/v3\\\/#organization\"},\"alternateName\":\"CVI\",\"potentialAction\":[{\"@type\":\"SearchAction\",\"target\":{\"@type\":\"EntryPoint\",\"urlTemplate\":\"https:\\\/\\\/cvinoticias.com\\\/v3\\\/?s={search_term_string}\"},\"query-input\":{\"@type\":\"PropertyValueSpecification\",\"valueRequired\":true,\"valueName\":\"search_term_string\"}}],\"inLanguage\":\"es\"},{\"@type\":\"Organization\",\"@id\":\"https:\\\/\\\/cvinoticias.com\\\/v3\\\/#organization\",\"name\":\"CVI NOTICIAS\",\"url\":\"https:\\\/\\\/cvinoticias.com\\\/v3\\\/\",\"logo\":{\"@type\":\"ImageObject\",\"inLanguage\":\"es\",\"@id\":\"https:\\\/\\\/cvinoticias.com\\\/v3\\\/#\\\/schema\\\/logo\\\/image\\\/\",\"url\":\"https:\\\/\\\/cvinoticias.com\\\/wp-content\\\/uploads\\\/2023\\\/04\\\/cropped-cropped-cropped-cropped-cropped-3-1.png\",\"contentUrl\":\"https:\\\/\\\/cvinoticias.com\\\/wp-content\\\/uploads\\\/2023\\\/04\\\/cropped-cropped-cropped-cropped-cropped-3-1.png\",\"width\":95,\"height\":122,\"caption\":\"CVI NOTICIAS\"},\"image\":{\"@id\":\"https:\\\/\\\/cvinoticias.com\\\/v3\\\/#\\\/schema\\\/logo\\\/image\\\/\"},\"sameAs\":[\"https:\\\/\\\/www.facebook.com\\\/cvinoticias\",\"https:\\\/\\\/www.instagram.com\\\/cvinoticias\\\/\",\"https:\\\/\\\/www.youtube.com\\\/@CVINOTICIAS\"]},{\"@type\":\"Person\",\"@id\":\"https:\\\/\\\/cvinoticias.com\\\/v3\\\/#\\\/schema\\\/person\\\/2db77e3c6bc03c538495d7b2b8be9b66\",\"name\":\"f1000024\",\"image\":{\"@type\":\"ImageObject\",\"inLanguage\":\"es\",\"@id\":\"https:\\\/\\\/secure.gravatar.com\\\/avatar\\\/d4fe7459cfc51ff5129ce1a732bbef5928568b8092d412ef95611616376bbeed?s=96&d=mm&r=g\",\"url\":\"https:\\\/\\\/secure.gravatar.com\\\/avatar\\\/d4fe7459cfc51ff5129ce1a732bbef5928568b8092d412ef95611616376bbeed?s=96&d=mm&r=g\",\"contentUrl\":\"https:\\\/\\\/secure.gravatar.com\\\/avatar\\\/d4fe7459cfc51ff5129ce1a732bbef5928568b8092d412ef95611616376bbeed?s=96&d=mm&r=g\",\"caption\":\"f1000024\"},\"url\":\"https:\\\/\\\/cvinoticias.com\\\/v3\\\/author\\\/f1000024\\\/\"}]}<\/script>\n<!-- \/ Yoast SEO plugin. -->","yoast_head_json":{"title":"Iguaz\u00fa: Prisi\u00f3n preventiva para los imputados en el asesinato a pu\u00f1aladas de C\u00e9sar David Quiroz | CVI NOTICIAS","robots":{"index":"index","follow":"follow","max-snippet":"max-snippet:-1","max-image-preview":"max-image-preview:large","max-video-preview":"max-video-preview:-1"},"canonical":"https:\/\/cvinoticias.com\/v3\/iguazu-prision-preventiva-para-los-imputados-en-el-asesinato-a-punaladas-de-cesar-david-quiroz\/","og_locale":"es_ES","og_type":"article","og_title":"Iguaz\u00fa: Prisi\u00f3n preventiva para los imputados en el asesinato a pu\u00f1aladas de C\u00e9sar David Quiroz | CVI NOTICIAS","og_description":"Estaba en libertad condicional por un homicidio, volvi\u00f3 a matar y disponen su prisi\u00f3n preventiva junto a su pareja El juez de Instrucci\u00f3n 3 de Puerto Iguaz\u00fa, Mart\u00edn Brites, dispuso la prisi\u00f3n preventiva a Fabi\u00e1n Lorenzo Acosta (25 a\u00f1os) y su pareja, Clara Soledad R. (30 a\u00f1os), imputados en el asesinato a pu\u00f1aladas de C\u00e9sar [&hellip;]","og_url":"https:\/\/cvinoticias.com\/v3\/iguazu-prision-preventiva-para-los-imputados-en-el-asesinato-a-punaladas-de-cesar-david-quiroz\/","og_site_name":"CVI NOTICIAS","article_publisher":"https:\/\/www.facebook.com\/cvinoticias","article_published_time":"2020-12-13T22:16:03+00:00","og_image":[{"width":251,"height":201,"url":"https:\/\/cvinoticias.com\/wp-content\/uploads\/2020\/12\/gv.jpg","type":"image\/jpeg"}],"author":"f1000024","twitter_card":"summary_large_image","twitter_misc":{"Escrito por":"f1000024","Tiempo de lectura":"2 minutos"},"schema":{"@context":"https:\/\/schema.org","@graph":[{"@type":"Article","@id":"https:\/\/cvinoticias.com\/v3\/iguazu-prision-preventiva-para-los-imputados-en-el-asesinato-a-punaladas-de-cesar-david-quiroz\/#article","isPartOf":{"@id":"https:\/\/cvinoticias.com\/v3\/iguazu-prision-preventiva-para-los-imputados-en-el-asesinato-a-punaladas-de-cesar-david-quiroz\/"},"author":{"name":"f1000024","@id":"https:\/\/cvinoticias.com\/v3\/#\/schema\/person\/2db77e3c6bc03c538495d7b2b8be9b66"},"headline":"Iguaz\u00fa: Prisi\u00f3n preventiva para los imputados en el asesinato a pu\u00f1aladas de C\u00e9sar David Quiroz","datePublished":"2020-12-13T22:16:03+00:00","mainEntityOfPage":{"@id":"https:\/\/cvinoticias.com\/v3\/iguazu-prision-preventiva-para-los-imputados-en-el-asesinato-a-punaladas-de-cesar-david-quiroz\/"},"wordCount":372,"commentCount":0,"publisher":{"@id":"https:\/\/cvinoticias.com\/v3\/#organization"},"image":{"@id":"https:\/\/cvinoticias.com\/v3\/iguazu-prision-preventiva-para-los-imputados-en-el-asesinato-a-punaladas-de-cesar-david-quiroz\/#primaryimage"},"thumbnailUrl":"https:\/\/cvinoticias.com\/wp-content\/uploads\/2020\/12\/gv.jpg","keywords":["asesinato","homicidio","prision"],"articleSection":["Locales","Policiales"],"inLanguage":"es","potentialAction":[{"@type":"CommentAction","name":"Comment","target":["https:\/\/cvinoticias.com\/v3\/iguazu-prision-preventiva-para-los-imputados-en-el-asesinato-a-punaladas-de-cesar-david-quiroz\/#respond"]}]},{"@type":"WebPage","@id":"https:\/\/cvinoticias.com\/v3\/iguazu-prision-preventiva-para-los-imputados-en-el-asesinato-a-punaladas-de-cesar-david-quiroz\/","url":"https:\/\/cvinoticias.com\/v3\/iguazu-prision-preventiva-para-los-imputados-en-el-asesinato-a-punaladas-de-cesar-david-quiroz\/","name":"Iguaz\u00fa: Prisi\u00f3n preventiva para los imputados en el asesinato a pu\u00f1aladas de C\u00e9sar David Quiroz | CVI NOTICIAS","isPartOf":{"@id":"https:\/\/cvinoticias.com\/v3\/#website"},"primaryImageOfPage":{"@id":"https:\/\/cvinoticias.com\/v3\/iguazu-prision-preventiva-para-los-imputados-en-el-asesinato-a-punaladas-de-cesar-david-quiroz\/#primaryimage"},"image":{"@id":"https:\/\/cvinoticias.com\/v3\/iguazu-prision-preventiva-para-los-imputados-en-el-asesinato-a-punaladas-de-cesar-david-quiroz\/#primaryimage"},"thumbnailUrl":"https:\/\/cvinoticias.com\/wp-content\/uploads\/2020\/12\/gv.jpg","datePublished":"2020-12-13T22:16:03+00:00","breadcrumb":{"@id":"https:\/\/cvinoticias.com\/v3\/iguazu-prision-preventiva-para-los-imputados-en-el-asesinato-a-punaladas-de-cesar-david-quiroz\/#breadcrumb"},"inLanguage":"es","potentialAction":[{"@type":"ReadAction","target":["https:\/\/cvinoticias.com\/v3\/iguazu-prision-preventiva-para-los-imputados-en-el-asesinato-a-punaladas-de-cesar-david-quiroz\/"]}]},{"@type":"ImageObject","inLanguage":"es","@id":"https:\/\/cvinoticias.com\/v3\/iguazu-prision-preventiva-para-los-imputados-en-el-asesinato-a-punaladas-de-cesar-david-quiroz\/#primaryimage","url":"https:\/\/cvinoticias.com\/wp-content\/uploads\/2020\/12\/gv.jpg","contentUrl":"https:\/\/cvinoticias.com\/wp-content\/uploads\/2020\/12\/gv.jpg","width":251,"height":201},{"@type":"BreadcrumbList","@id":"https:\/\/cvinoticias.com\/v3\/iguazu-prision-preventiva-para-los-imputados-en-el-asesinato-a-punaladas-de-cesar-david-quiroz\/#breadcrumb","itemListElement":[{"@type":"ListItem","position":1,"name":"Portada","item":"https:\/\/cvinoticias.com\/v3\/"},{"@type":"ListItem","position":2,"name":"Iguaz\u00fa: Prisi\u00f3n preventiva para los imputados en el asesinato a pu\u00f1aladas de C\u00e9sar David Quiroz"}]},{"@type":"WebSite","@id":"https:\/\/cvinoticias.com\/v3\/#website","url":"https:\/\/cvinoticias.com\/v3\/","name":"CVI NOTICIAS","description":"","publisher":{"@id":"https:\/\/cvinoticias.com\/v3\/#organization"},"alternateName":"CVI","potentialAction":[{"@type":"SearchAction","target":{"@type":"EntryPoint","urlTemplate":"https:\/\/cvinoticias.com\/v3\/?s={search_term_string}"},"query-input":{"@type":"PropertyValueSpecification","valueRequired":true,"valueName":"search_term_string"}}],"inLanguage":"es"},{"@type":"Organization","@id":"https:\/\/cvinoticias.com\/v3\/#organization","name":"CVI NOTICIAS","url":"https:\/\/cvinoticias.com\/v3\/","logo":{"@type":"ImageObject","inLanguage":"es","@id":"https:\/\/cvinoticias.com\/v3\/#\/schema\/logo\/image\/","url":"https:\/\/cvinoticias.com\/wp-content\/uploads\/2023\/04\/cropped-cropped-cropped-cropped-cropped-3-1.png","contentUrl":"https:\/\/cvinoticias.com\/wp-content\/uploads\/2023\/04\/cropped-cropped-cropped-cropped-cropped-3-1.png","width":95,"height":122,"caption":"CVI NOTICIAS"},"image":{"@id":"https:\/\/cvinoticias.com\/v3\/#\/schema\/logo\/image\/"},"sameAs":["https:\/\/www.facebook.com\/cvinoticias","https:\/\/www.instagram.com\/cvinoticias\/","https:\/\/www.youtube.com\/@CVINOTICIAS"]},{"@type":"Person","@id":"https:\/\/cvinoticias.com\/v3\/#\/schema\/person\/2db77e3c6bc03c538495d7b2b8be9b66","name":"f1000024","image":{"@type":"ImageObject","inLanguage":"es","@id":"https:\/\/secure.gravatar.com\/avatar\/d4fe7459cfc51ff5129ce1a732bbef5928568b8092d412ef95611616376bbeed?s=96&d=mm&r=g","url":"https:\/\/secure.gravatar.com\/avatar\/d4fe7459cfc51ff5129ce1a732bbef5928568b8092d412ef95611616376bbeed?s=96&d=mm&r=g","contentUrl":"https:\/\/secure.gravatar.com\/avatar\/d4fe7459cfc51ff5129ce1a732bbef5928568b8092d412ef95611616376bbeed?s=96&d=mm&r=g","caption":"f1000024"},"url":"https:\/\/cvinoticias.com\/v3\/author\/f1000024\/"}]}},"_links":{"self":[{"href":"https:\/\/cvinoticias.com\/v3\/wp-json\/wp\/v2\/posts\/576","targetHints":{"allow":["GET"]}}],"collection":[{"href":"https:\/\/cvinoticias.com\/v3\/wp-json\/wp\/v2\/posts"}],"about":[{"href":"https:\/\/cvinoticias.com\/v3\/wp-json\/wp\/v2\/types\/post"}],"author":[{"embeddable":true,"href":"https:\/\/cvinoticias.com\/v3\/wp-json\/wp\/v2\/users\/2"}],"replies":[{"embeddable":true,"href":"https:\/\/cvinoticias.com\/v3\/wp-json\/wp\/v2\/comments?post=576"}],"version-history":[{"count":1,"href":"https:\/\/cvinoticias.com\/v3\/wp-json\/wp\/v2\/posts\/576\/revisions"}],"predecessor-version":[{"id":578,"href":"https:\/\/cvinoticias.com\/v3\/wp-json\/wp\/v2\/posts\/576\/revisions\/578"}],"wp:featuredmedia":[{"embeddable":true,"href":"https:\/\/cvinoticias.com\/v3\/wp-json\/wp\/v2\/media\/577"}],"wp:attachment":[{"href":"https:\/\/cvinoticias.com\/v3\/wp-json\/wp\/v2\/media?parent=576"}],"wp:term":[{"taxonomy":"category","embeddable":true,"href":"https:\/\/cvinoticias.com\/v3\/wp-json\/wp\/v2\/categories?post=576"},{"taxonomy":"post_tag","embeddable":true,"href":"https:\/\/cvinoticias.com\/v3\/wp-json\/wp\/v2\/tags?post=576"}],"curies":[{"name":"wp","href":"https:\/\/api.w.org\/{rel}","templated":true}]}}