{"id":57599,"date":"2026-04-29T08:37:13","date_gmt":"2026-04-29T11:37:13","guid":{"rendered":"https:\/\/cvinoticias.com\/v3\/?p=57599"},"modified":"2026-04-29T08:37:15","modified_gmt":"2026-04-29T11:37:15","slug":"fue-detenido-otra-vez-un-docente-imputado-por-corrupcion-de-menores","status":"publish","type":"post","link":"https:\/\/cvinoticias.com\/v3\/fue-detenido-otra-vez-un-docente-imputado-por-corrupcion-de-menores\/","title":{"rendered":"Fue detenido otra vez un docente imputado por corrupci\u00f3n de menores"},"content":{"rendered":"\n<p>El docente Emanuel Emiliano F. (30) fue detenido nuevamente, en el marco de una causa por corrupci\u00f3n de menores que lo tiene como imputado desde septiembre del 2025.<\/p>\n\n\n\n<p>El hombre fue detenido este martes al mediod\u00eda en Leandro N. Alem. Hay que recordar que las primeras denuncias se conocieron siete meses atr\u00e1s, luego de que m\u00e1s de una decena de padres de la escuela de Frontera 617 de la localidad de El Soberbio lo denunciaran por tomar fotograf\u00edas a estudiantes de 12 a\u00f1os.<\/p>\n\n\n\n<p>Emanuel F. hab\u00eda recibido el beneficio de la excarcelaci\u00f3n en diciembre del 2025 despu\u00e9s de que el Juzgado de Instrucci\u00f3n Tres de San Vicente diera lugar al pedido de su defensa. Seg\u00fan pudo saber El Territorio, en las \u00faltimas semanas se incorporaron m\u00e1s pruebas que complicar\u00edan a\u00fan m\u00e1s la situaci\u00f3n del sospechoso, por lo que hoy la Divisi\u00f3n Investigaciones de la Unidad Regional VI dio cumplimiento a un nuevo oficio y lo arrestaron en Alem.<\/p>\n\n\n\n<p>Fuente: El Territorio<\/p>\n","protected":false},"excerpt":{"rendered":"<p>El docente Emanuel Emiliano F. (30) fue detenido nuevamente, en el marco de una causa por corrupci\u00f3n de menores que lo tiene como imputado desde septiembre del 2025. El hombre fue detenido este martes al mediod\u00eda en Leandro N. Alem. Hay que recordar que las primeras denuncias se conocieron siete meses atr\u00e1s, luego de que [&hellip;]<\/p>\n","protected":false},"author":2,"featured_media":57600,"comment_status":"open","ping_status":"closed","sticky":false,"template":"","format":"standard","meta":{"footnotes":""},"categories":[41],"tags":[1923,530,1403,4811,1924],"class_list":["post-57599","post","type-post","status-publish","format-standard","has-post-thumbnail","hentry","category-policiales","tag-corrupcion","tag-detenido","tag-docente","tag-imputado","tag-menores"],"yoast_head":"<!-- This site is optimized with the Yoast SEO plugin v27.5 - https:\/\/yoast.com\/product\/yoast-seo-wordpress\/ -->\n<title>Detienen otra vez a docente imputado por corrupci\u00f3n de menores | CVI NOTICIAS<\/title>\n<meta name=\"description\" content=\"Arrestan en Alem a docente acusado tras nuevas pruebas en la causa.\" \/>\n<meta name=\"robots\" content=\"index, follow, max-snippet:-1, max-image-preview:large, max-video-preview:-1\" \/>\n<link rel=\"canonical\" href=\"https:\/\/cvinoticias.com\/v3\/fue-detenido-otra-vez-un-docente-imputado-por-corrupcion-de-menores\/\" \/>\n<meta property=\"og:locale\" content=\"es_ES\" \/>\n<meta property=\"og:type\" content=\"article\" \/>\n<meta property=\"og:title\" content=\"Detienen otra vez a docente imputado por corrupci\u00f3n de menores | CVI NOTICIAS\" \/>\n<meta property=\"og:description\" content=\"Arrestan en Alem a docente acusado tras nuevas pruebas en la causa.\" \/>\n<meta property=\"og:url\" content=\"https:\/\/cvinoticias.com\/v3\/fue-detenido-otra-vez-un-docente-imputado-por-corrupcion-de-menores\/\" \/>\n<meta property=\"og:site_name\" content=\"CVI NOTICIAS\" \/>\n<meta property=\"article:publisher\" content=\"https:\/\/www.facebook.com\/cvinoticias\" \/>\n<meta property=\"article:published_time\" content=\"2026-04-29T11:37:13+00:00\" \/>\n<meta property=\"article:modified_time\" content=\"2026-04-29T11:37:15+00:00\" \/>\n<meta property=\"og:image\" content=\"https:\/\/cvinoticias.com\/wp-content\/uploads\/2026\/04\/md-1-7.webp\" \/>\n\t<meta property=\"og:image:width\" content=\"746\" \/>\n\t<meta property=\"og:image:height\" content=\"992\" \/>\n\t<meta property=\"og:image:type\" content=\"image\/webp\" \/>\n<meta name=\"author\" content=\"f1000024\" \/>\n<meta name=\"twitter:card\" content=\"summary_large_image\" \/>\n<meta name=\"twitter:label1\" content=\"Escrito por\" \/>\n\t<meta name=\"twitter:data1\" content=\"f1000024\" \/>\n\t<meta name=\"twitter:label2\" content=\"Tiempo de lectura\" \/>\n\t<meta name=\"twitter:data2\" content=\"1 minuto\" \/>\n<script type=\"application\/ld+json\" class=\"yoast-schema-graph\">{\"@context\":\"https:\\\/\\\/schema.org\",\"@graph\":[{\"@type\":\"Article\",\"@id\":\"https:\\\/\\\/cvinoticias.com\\\/v3\\\/fue-detenido-otra-vez-un-docente-imputado-por-corrupcion-de-menores\\\/#article\",\"isPartOf\":{\"@id\":\"https:\\\/\\\/cvinoticias.com\\\/v3\\\/fue-detenido-otra-vez-un-docente-imputado-por-corrupcion-de-menores\\\/\"},\"author\":{\"name\":\"f1000024\",\"@id\":\"https:\\\/\\\/cvinoticias.com\\\/v3\\\/#\\\/schema\\\/person\\\/2db77e3c6bc03c538495d7b2b8be9b66\"},\"headline\":\"Fue detenido otra vez un docente imputado por corrupci\u00f3n de menores\",\"datePublished\":\"2026-04-29T11:37:13+00:00\",\"dateModified\":\"2026-04-29T11:37:15+00:00\",\"mainEntityOfPage\":{\"@id\":\"https:\\\/\\\/cvinoticias.com\\\/v3\\\/fue-detenido-otra-vez-un-docente-imputado-por-corrupcion-de-menores\\\/\"},\"wordCount\":185,\"commentCount\":0,\"publisher\":{\"@id\":\"https:\\\/\\\/cvinoticias.com\\\/v3\\\/#organization\"},\"image\":{\"@id\":\"https:\\\/\\\/cvinoticias.com\\\/v3\\\/fue-detenido-otra-vez-un-docente-imputado-por-corrupcion-de-menores\\\/#primaryimage\"},\"thumbnailUrl\":\"https:\\\/\\\/cvinoticias.com\\\/wp-content\\\/uploads\\\/2026\\\/04\\\/md-1-7.webp\",\"keywords\":[\"Corrupci\u00f3n\",\"Detenido\",\"Docente\",\"imputado\",\"Menores\"],\"articleSection\":[\"Policiales\"],\"inLanguage\":\"es\",\"potentialAction\":[{\"@type\":\"CommentAction\",\"name\":\"Comment\",\"target\":[\"https:\\\/\\\/cvinoticias.com\\\/v3\\\/fue-detenido-otra-vez-un-docente-imputado-por-corrupcion-de-menores\\\/#respond\"]}]},{\"@type\":\"WebPage\",\"@id\":\"https:\\\/\\\/cvinoticias.com\\\/v3\\\/fue-detenido-otra-vez-un-docente-imputado-por-corrupcion-de-menores\\\/\",\"url\":\"https:\\\/\\\/cvinoticias.com\\\/v3\\\/fue-detenido-otra-vez-un-docente-imputado-por-corrupcion-de-menores\\\/\",\"name\":\"Detienen otra vez a docente imputado por corrupci\u00f3n de menores | CVI NOTICIAS\",\"isPartOf\":{\"@id\":\"https:\\\/\\\/cvinoticias.com\\\/v3\\\/#website\"},\"primaryImageOfPage\":{\"@id\":\"https:\\\/\\\/cvinoticias.com\\\/v3\\\/fue-detenido-otra-vez-un-docente-imputado-por-corrupcion-de-menores\\\/#primaryimage\"},\"image\":{\"@id\":\"https:\\\/\\\/cvinoticias.com\\\/v3\\\/fue-detenido-otra-vez-un-docente-imputado-por-corrupcion-de-menores\\\/#primaryimage\"},\"thumbnailUrl\":\"https:\\\/\\\/cvinoticias.com\\\/wp-content\\\/uploads\\\/2026\\\/04\\\/md-1-7.webp\",\"datePublished\":\"2026-04-29T11:37:13+00:00\",\"dateModified\":\"2026-04-29T11:37:15+00:00\",\"description\":\"Arrestan en Alem a docente acusado tras nuevas pruebas en la causa.\",\"breadcrumb\":{\"@id\":\"https:\\\/\\\/cvinoticias.com\\\/v3\\\/fue-detenido-otra-vez-un-docente-imputado-por-corrupcion-de-menores\\\/#breadcrumb\"},\"inLanguage\":\"es\",\"potentialAction\":[{\"@type\":\"ReadAction\",\"target\":[\"https:\\\/\\\/cvinoticias.com\\\/v3\\\/fue-detenido-otra-vez-un-docente-imputado-por-corrupcion-de-menores\\\/\"]}]},{\"@type\":\"ImageObject\",\"inLanguage\":\"es\",\"@id\":\"https:\\\/\\\/cvinoticias.com\\\/v3\\\/fue-detenido-otra-vez-un-docente-imputado-por-corrupcion-de-menores\\\/#primaryimage\",\"url\":\"https:\\\/\\\/cvinoticias.com\\\/wp-content\\\/uploads\\\/2026\\\/04\\\/md-1-7.webp\",\"contentUrl\":\"https:\\\/\\\/cvinoticias.com\\\/wp-content\\\/uploads\\\/2026\\\/04\\\/md-1-7.webp\",\"width\":746,\"height\":992},{\"@type\":\"BreadcrumbList\",\"@id\":\"https:\\\/\\\/cvinoticias.com\\\/v3\\\/fue-detenido-otra-vez-un-docente-imputado-por-corrupcion-de-menores\\\/#breadcrumb\",\"itemListElement\":[{\"@type\":\"ListItem\",\"position\":1,\"name\":\"Portada\",\"item\":\"https:\\\/\\\/cvinoticias.com\\\/v3\\\/\"},{\"@type\":\"ListItem\",\"position\":2,\"name\":\"Fue detenido otra vez un docente imputado por corrupci\u00f3n de menores\"}]},{\"@type\":\"WebSite\",\"@id\":\"https:\\\/\\\/cvinoticias.com\\\/v3\\\/#website\",\"url\":\"https:\\\/\\\/cvinoticias.com\\\/v3\\\/\",\"name\":\"CVI NOTICIAS\",\"description\":\"\",\"publisher\":{\"@id\":\"https:\\\/\\\/cvinoticias.com\\\/v3\\\/#organization\"},\"alternateName\":\"CVI\",\"potentialAction\":[{\"@type\":\"SearchAction\",\"target\":{\"@type\":\"EntryPoint\",\"urlTemplate\":\"https:\\\/\\\/cvinoticias.com\\\/v3\\\/?s={search_term_string}\"},\"query-input\":{\"@type\":\"PropertyValueSpecification\",\"valueRequired\":true,\"valueName\":\"search_term_string\"}}],\"inLanguage\":\"es\"},{\"@type\":\"Organization\",\"@id\":\"https:\\\/\\\/cvinoticias.com\\\/v3\\\/#organization\",\"name\":\"CVI NOTICIAS\",\"url\":\"https:\\\/\\\/cvinoticias.com\\\/v3\\\/\",\"logo\":{\"@type\":\"ImageObject\",\"inLanguage\":\"es\",\"@id\":\"https:\\\/\\\/cvinoticias.com\\\/v3\\\/#\\\/schema\\\/logo\\\/image\\\/\",\"url\":\"https:\\\/\\\/cvinoticias.com\\\/wp-content\\\/uploads\\\/2023\\\/04\\\/cropped-cropped-cropped-cropped-cropped-3-1.png\",\"contentUrl\":\"https:\\\/\\\/cvinoticias.com\\\/wp-content\\\/uploads\\\/2023\\\/04\\\/cropped-cropped-cropped-cropped-cropped-3-1.png\",\"width\":95,\"height\":122,\"caption\":\"CVI NOTICIAS\"},\"image\":{\"@id\":\"https:\\\/\\\/cvinoticias.com\\\/v3\\\/#\\\/schema\\\/logo\\\/image\\\/\"},\"sameAs\":[\"https:\\\/\\\/www.facebook.com\\\/cvinoticias\",\"https:\\\/\\\/www.instagram.com\\\/cvinoticias\\\/\",\"https:\\\/\\\/www.youtube.com\\\/@CVINOTICIAS\"]},{\"@type\":\"Person\",\"@id\":\"https:\\\/\\\/cvinoticias.com\\\/v3\\\/#\\\/schema\\\/person\\\/2db77e3c6bc03c538495d7b2b8be9b66\",\"name\":\"f1000024\",\"image\":{\"@type\":\"ImageObject\",\"inLanguage\":\"es\",\"@id\":\"https:\\\/\\\/secure.gravatar.com\\\/avatar\\\/d4fe7459cfc51ff5129ce1a732bbef5928568b8092d412ef95611616376bbeed?s=96&d=mm&r=g\",\"url\":\"https:\\\/\\\/secure.gravatar.com\\\/avatar\\\/d4fe7459cfc51ff5129ce1a732bbef5928568b8092d412ef95611616376bbeed?s=96&d=mm&r=g\",\"contentUrl\":\"https:\\\/\\\/secure.gravatar.com\\\/avatar\\\/d4fe7459cfc51ff5129ce1a732bbef5928568b8092d412ef95611616376bbeed?s=96&d=mm&r=g\",\"caption\":\"f1000024\"},\"url\":\"https:\\\/\\\/cvinoticias.com\\\/v3\\\/author\\\/f1000024\\\/\"}]}<\/script>\n<!-- \/ Yoast SEO plugin. -->","yoast_head_json":{"title":"Detienen otra vez a docente imputado por corrupci\u00f3n de menores | CVI NOTICIAS","description":"Arrestan en Alem a docente acusado tras nuevas pruebas en la causa.","robots":{"index":"index","follow":"follow","max-snippet":"max-snippet:-1","max-image-preview":"max-image-preview:large","max-video-preview":"max-video-preview:-1"},"canonical":"https:\/\/cvinoticias.com\/v3\/fue-detenido-otra-vez-un-docente-imputado-por-corrupcion-de-menores\/","og_locale":"es_ES","og_type":"article","og_title":"Detienen otra vez a docente imputado por corrupci\u00f3n de menores | CVI NOTICIAS","og_description":"Arrestan en Alem a docente acusado tras nuevas pruebas en la causa.","og_url":"https:\/\/cvinoticias.com\/v3\/fue-detenido-otra-vez-un-docente-imputado-por-corrupcion-de-menores\/","og_site_name":"CVI NOTICIAS","article_publisher":"https:\/\/www.facebook.com\/cvinoticias","article_published_time":"2026-04-29T11:37:13+00:00","article_modified_time":"2026-04-29T11:37:15+00:00","og_image":[{"width":746,"height":992,"url":"https:\/\/cvinoticias.com\/wp-content\/uploads\/2026\/04\/md-1-7.webp","type":"image\/webp"}],"author":"f1000024","twitter_card":"summary_large_image","twitter_misc":{"Escrito por":"f1000024","Tiempo de lectura":"1 minuto"},"schema":{"@context":"https:\/\/schema.org","@graph":[{"@type":"Article","@id":"https:\/\/cvinoticias.com\/v3\/fue-detenido-otra-vez-un-docente-imputado-por-corrupcion-de-menores\/#article","isPartOf":{"@id":"https:\/\/cvinoticias.com\/v3\/fue-detenido-otra-vez-un-docente-imputado-por-corrupcion-de-menores\/"},"author":{"name":"f1000024","@id":"https:\/\/cvinoticias.com\/v3\/#\/schema\/person\/2db77e3c6bc03c538495d7b2b8be9b66"},"headline":"Fue detenido otra vez un docente imputado por corrupci\u00f3n de menores","datePublished":"2026-04-29T11:37:13+00:00","dateModified":"2026-04-29T11:37:15+00:00","mainEntityOfPage":{"@id":"https:\/\/cvinoticias.com\/v3\/fue-detenido-otra-vez-un-docente-imputado-por-corrupcion-de-menores\/"},"wordCount":185,"commentCount":0,"publisher":{"@id":"https:\/\/cvinoticias.com\/v3\/#organization"},"image":{"@id":"https:\/\/cvinoticias.com\/v3\/fue-detenido-otra-vez-un-docente-imputado-por-corrupcion-de-menores\/#primaryimage"},"thumbnailUrl":"https:\/\/cvinoticias.com\/wp-content\/uploads\/2026\/04\/md-1-7.webp","keywords":["Corrupci\u00f3n","Detenido","Docente","imputado","Menores"],"articleSection":["Policiales"],"inLanguage":"es","potentialAction":[{"@type":"CommentAction","name":"Comment","target":["https:\/\/cvinoticias.com\/v3\/fue-detenido-otra-vez-un-docente-imputado-por-corrupcion-de-menores\/#respond"]}]},{"@type":"WebPage","@id":"https:\/\/cvinoticias.com\/v3\/fue-detenido-otra-vez-un-docente-imputado-por-corrupcion-de-menores\/","url":"https:\/\/cvinoticias.com\/v3\/fue-detenido-otra-vez-un-docente-imputado-por-corrupcion-de-menores\/","name":"Detienen otra vez a docente imputado por corrupci\u00f3n de menores | CVI NOTICIAS","isPartOf":{"@id":"https:\/\/cvinoticias.com\/v3\/#website"},"primaryImageOfPage":{"@id":"https:\/\/cvinoticias.com\/v3\/fue-detenido-otra-vez-un-docente-imputado-por-corrupcion-de-menores\/#primaryimage"},"image":{"@id":"https:\/\/cvinoticias.com\/v3\/fue-detenido-otra-vez-un-docente-imputado-por-corrupcion-de-menores\/#primaryimage"},"thumbnailUrl":"https:\/\/cvinoticias.com\/wp-content\/uploads\/2026\/04\/md-1-7.webp","datePublished":"2026-04-29T11:37:13+00:00","dateModified":"2026-04-29T11:37:15+00:00","description":"Arrestan en Alem a docente acusado tras nuevas pruebas en la causa.","breadcrumb":{"@id":"https:\/\/cvinoticias.com\/v3\/fue-detenido-otra-vez-un-docente-imputado-por-corrupcion-de-menores\/#breadcrumb"},"inLanguage":"es","potentialAction":[{"@type":"ReadAction","target":["https:\/\/cvinoticias.com\/v3\/fue-detenido-otra-vez-un-docente-imputado-por-corrupcion-de-menores\/"]}]},{"@type":"ImageObject","inLanguage":"es","@id":"https:\/\/cvinoticias.com\/v3\/fue-detenido-otra-vez-un-docente-imputado-por-corrupcion-de-menores\/#primaryimage","url":"https:\/\/cvinoticias.com\/wp-content\/uploads\/2026\/04\/md-1-7.webp","contentUrl":"https:\/\/cvinoticias.com\/wp-content\/uploads\/2026\/04\/md-1-7.webp","width":746,"height":992},{"@type":"BreadcrumbList","@id":"https:\/\/cvinoticias.com\/v3\/fue-detenido-otra-vez-un-docente-imputado-por-corrupcion-de-menores\/#breadcrumb","itemListElement":[{"@type":"ListItem","position":1,"name":"Portada","item":"https:\/\/cvinoticias.com\/v3\/"},{"@type":"ListItem","position":2,"name":"Fue detenido otra vez un docente imputado por corrupci\u00f3n de menores"}]},{"@type":"WebSite","@id":"https:\/\/cvinoticias.com\/v3\/#website","url":"https:\/\/cvinoticias.com\/v3\/","name":"CVI NOTICIAS","description":"","publisher":{"@id":"https:\/\/cvinoticias.com\/v3\/#organization"},"alternateName":"CVI","potentialAction":[{"@type":"SearchAction","target":{"@type":"EntryPoint","urlTemplate":"https:\/\/cvinoticias.com\/v3\/?s={search_term_string}"},"query-input":{"@type":"PropertyValueSpecification","valueRequired":true,"valueName":"search_term_string"}}],"inLanguage":"es"},{"@type":"Organization","@id":"https:\/\/cvinoticias.com\/v3\/#organization","name":"CVI NOTICIAS","url":"https:\/\/cvinoticias.com\/v3\/","logo":{"@type":"ImageObject","inLanguage":"es","@id":"https:\/\/cvinoticias.com\/v3\/#\/schema\/logo\/image\/","url":"https:\/\/cvinoticias.com\/wp-content\/uploads\/2023\/04\/cropped-cropped-cropped-cropped-cropped-3-1.png","contentUrl":"https:\/\/cvinoticias.com\/wp-content\/uploads\/2023\/04\/cropped-cropped-cropped-cropped-cropped-3-1.png","width":95,"height":122,"caption":"CVI NOTICIAS"},"image":{"@id":"https:\/\/cvinoticias.com\/v3\/#\/schema\/logo\/image\/"},"sameAs":["https:\/\/www.facebook.com\/cvinoticias","https:\/\/www.instagram.com\/cvinoticias\/","https:\/\/www.youtube.com\/@CVINOTICIAS"]},{"@type":"Person","@id":"https:\/\/cvinoticias.com\/v3\/#\/schema\/person\/2db77e3c6bc03c538495d7b2b8be9b66","name":"f1000024","image":{"@type":"ImageObject","inLanguage":"es","@id":"https:\/\/secure.gravatar.com\/avatar\/d4fe7459cfc51ff5129ce1a732bbef5928568b8092d412ef95611616376bbeed?s=96&d=mm&r=g","url":"https:\/\/secure.gravatar.com\/avatar\/d4fe7459cfc51ff5129ce1a732bbef5928568b8092d412ef95611616376bbeed?s=96&d=mm&r=g","contentUrl":"https:\/\/secure.gravatar.com\/avatar\/d4fe7459cfc51ff5129ce1a732bbef5928568b8092d412ef95611616376bbeed?s=96&d=mm&r=g","caption":"f1000024"},"url":"https:\/\/cvinoticias.com\/v3\/author\/f1000024\/"}]}},"_links":{"self":[{"href":"https:\/\/cvinoticias.com\/v3\/wp-json\/wp\/v2\/posts\/57599","targetHints":{"allow":["GET"]}}],"collection":[{"href":"https:\/\/cvinoticias.com\/v3\/wp-json\/wp\/v2\/posts"}],"about":[{"href":"https:\/\/cvinoticias.com\/v3\/wp-json\/wp\/v2\/types\/post"}],"author":[{"embeddable":true,"href":"https:\/\/cvinoticias.com\/v3\/wp-json\/wp\/v2\/users\/2"}],"replies":[{"embeddable":true,"href":"https:\/\/cvinoticias.com\/v3\/wp-json\/wp\/v2\/comments?post=57599"}],"version-history":[{"count":1,"href":"https:\/\/cvinoticias.com\/v3\/wp-json\/wp\/v2\/posts\/57599\/revisions"}],"predecessor-version":[{"id":57601,"href":"https:\/\/cvinoticias.com\/v3\/wp-json\/wp\/v2\/posts\/57599\/revisions\/57601"}],"wp:featuredmedia":[{"embeddable":true,"href":"https:\/\/cvinoticias.com\/v3\/wp-json\/wp\/v2\/media\/57600"}],"wp:attachment":[{"href":"https:\/\/cvinoticias.com\/v3\/wp-json\/wp\/v2\/media?parent=57599"}],"wp:term":[{"taxonomy":"category","embeddable":true,"href":"https:\/\/cvinoticias.com\/v3\/wp-json\/wp\/v2\/categories?post=57599"},{"taxonomy":"post_tag","embeddable":true,"href":"https:\/\/cvinoticias.com\/v3\/wp-json\/wp\/v2\/tags?post=57599"}],"curies":[{"name":"wp","href":"https:\/\/api.w.org\/{rel}","templated":true}]}}