{"id":57595,"date":"2026-04-29T08:33:43","date_gmt":"2026-04-29T11:33:43","guid":{"rendered":"https:\/\/cvinoticias.com\/v3\/?p=57595"},"modified":"2026-04-29T08:33:44","modified_gmt":"2026-04-29T11:33:44","slug":"misiones-da-un-paso-historico-con-la-reforma-del-codigo-procesal-penal","status":"publish","type":"post","link":"https:\/\/cvinoticias.com\/v3\/misiones-da-un-paso-historico-con-la-reforma-del-codigo-procesal-penal\/","title":{"rendered":"Misiones da un paso hist\u00f3rico con la reforma del C\u00f3digo Procesal Penal"},"content":{"rendered":"\n<p>La Justicia de Misiones est\u00e1 dando un paso hist\u00f3rico y de enorme importancia para el funcionamiento \u00e1gil y eficiente del sistema penal. Magistrados, fiscales, abogados de la matr\u00edcula y referentes judiciales se encuentran trabajando arduamente en la reforma del C\u00f3digo Procesal Penal de la Provincia de Misiones. Un cambio que dar\u00e1 lugar a una nueva etapa en la labor judicial de la tierra colorada.<\/p>\n\n\n\n<p>La reforma prev\u00e9, como modificaci\u00f3n principal, el traspaso definitivo hacia un sistema acusatorio pleno, tal como funciona en otras provincias del pa\u00eds. Se afirma que este sistema permitir\u00e1 una Justicia m\u00e1s ordenada y eficaz, dejando atr\u00e1s el sistema mixto (que englobaba al sistema inquisitivo con algunos elementos del acusatorio) utilizado en la provincia.<\/p>\n\n\n\n<p>Al respecto se refiri\u00f3 el fiscal del Tribunal Penal 2 de Posadas, Vladimir Glinka, quien adem\u00e1s es moderador de los encuentros que se realizan para llevar adelante el proceso de reforma. En di\u00e1logo con&nbsp;<em>El Territorio<\/em>, remarc\u00f3 que \u201clo que se cambia es el sistema procesal y entonces tenemos que adaptar nuestro procedimiento a ello; es decir, no corrigiendo o agregando art\u00edculos al actual C\u00f3digo, sino cambiando completamente el sistema procesal\u201d.<\/p>\n\n\n\n<p>\u201cPor eso, tenemos que hacer un C\u00f3digo acorde a ese sistema. Actualmente tenemos un sistema que se denomina, en t\u00e9rmino gen\u00e9rico, mixto, porque tiene rasgos propios del sistema inquisitivo -en el que el Estado est\u00e1 atr\u00e1s del sujeto- y rasgos m\u00e1s acusatorios como un tribunal, un fiscal, la defensa del otro lado\u201d, manifest\u00f3 Glinka.<\/p>\n\n\n\n<p>\u201cEn 2014 se hab\u00edan hecho ya modificaciones, se agregaron institutos que son propios del sistema acusatorio, como por ejemplo la querella. El querellante es algo propio del sistema acusatorio y no estaba previsto en el inquisitivo\u201d, explic\u00f3 el especialista en Derecho Procesal Constitucional.<\/p>\n\n\n\n<p>Al tiempo que agreg\u00f3: \u201cEn ese momento no se hizo una reforma estructural, sino que se agregaron algunos institutos del acusatorio, pero en esencia qued\u00f3 siendo el mismo sistema. En cambio, ahora lo que se hace es pasarnos directamente al sistema acusatorio en su plenitud, y a partir de eso, adecuar tambi\u00e9n nuestro sistema penal misionero; cambiar el sistema y adaptar el c\u00f3digo de procedimiento\u201d.<\/p>\n\n\n\n<p>Glinka apunt\u00f3 a que esta no es para nada una tarea sencilla, puesto que conllevar\u00e1 mucho trabajo conjunto y capacitaci\u00f3n principalmente. \u201cNo tenemos plazos para la tarea que estamos realizando, pero la idea es que este a\u00f1o se apruebe la ley y se pueda empezar a implementar gradualmente desde el a\u00f1o que viene. \u00bfCu\u00e1ndo estar\u00eda la implementaci\u00f3n total? Es dif\u00edcil saberlo, porque el sistema procesal -a diferencia del sistema de fondo- se aplica desde momento que es promulgado, no de forma retroactiva. Entonces, este sistema acusatorio va a coexistir un tiempo con todo lo que haya quedado en proceso con el sistema anterior\u201d, explic\u00f3.<\/p>\n\n\n\n<p>Debate y labor<\/p>\n\n\n\n<p>Para avanzar con el trabajo, todos los actores convocados: especialistas, jueces, fiscales, abogados, se re\u00fanen dos veces por semana en sesiones de tres a cuatro horas en horario de la siesta en el Palacio de Justicia.<\/p>\n\n\n\n<p>&nbsp;\u201cLa \u00fanica manera de poner a discusi\u00f3n todo esto era armar una especie de mesa de trabajo, de comisi\u00f3n e ir abordando por ejes tem\u00e1ticos seg\u00fan el cronograma que hemos pactado\u201d, adujo el fiscal Glinka.&nbsp;<\/p>\n\n\n\n<p>El C\u00f3digo Procesal de Misiones tiene siete libros y se ir\u00e1 trabajando uno por uno en estos encuentros pautados&nbsp;<em>(ver Cronograma &#8230;)<\/em>.<\/p>\n\n\n\n<p>\u201cLo que hicimos nosotros desde la organizaci\u00f3n, y yo como coordinador, fue crear un archivo en Drive en el cual acompa\u00f1\u00e9 los ejes tem\u00e1ticos. All\u00ed est\u00e1n todos vinculados y tienen un acceso para hacer todas las observaciones, todos los cambios, todas las propuestas que quieran. Entonces, para la siguiente sesi\u00f3n, ya tengo planteado cu\u00e1l es el n\u00facleo del problema\u201d, cont\u00f3.<\/p>\n\n\n\n<p>El fiscal consider\u00f3 que esta es una forma de optimizar los tiempos y que las reuniones tengan mejores resultados. \u201cEs una tarea en la que va a haber que trabajar mucho, pero me parece que en principio estamos bien organizados y estamos trabajando a pleno\u201d, a\u00f1adi\u00f3.<\/p>\n\n\n\n<p>Demanda social<\/p>\n\n\n\n<p>Asimismo, Glinka explic\u00f3 que este tipo de reforma se viene produciendo hace casi 40 a\u00f1os en toda Am\u00e9rica Latina. En la Argentina, en tanto, son tres las provincias a las que le falta este cambio, y tiene que ver con una cuesti\u00f3n coyuntural de cada Poder Judicial.<\/p>\n\n\n\n<p>En el caso puntual de Misiones, Glinka explic\u00f3 que \u201cse trata de un Poder Judicial joven a\u00fan, por lo que los cambios no llegan a destiempo. La provincia se va ampliando, se van creando dependencias, se hace todo un mapa estructural del Poder Judicial y a partir de ello es que creemos que al d\u00eda de hoy s\u00ed se est\u00e1 en condiciones de poder implementar el nuevo sistema\u201d.<\/p>\n\n\n\n<p>Ahora bien, la importancia de mutar hacia un sistema acusatorio radica sencillamente en su funcionamiento. \u201cEs un sistema que funciona bien porque es m\u00e1s din\u00e1mico y m\u00e1s personal, es decir, el fiscal que investiga va a juicio tambi\u00e9n. Porque ahora tenemos una diferencia entre el que investiga y el que va a juicio. As\u00ed tambi\u00e9n, en el sistema acusatorio los jueces se apartan de cualquier tipo de investigaci\u00f3n, lo cual da la garant\u00eda de que son imparciales porque realmente no conocen la causa\u201d, grafic\u00f3.<\/p>\n\n\n\n<p>Y seguidamente, afirm\u00f3: \u201cComo sistema, el acusatorio ha demostrado en el resto de las provincias que se est\u00e1n implementando que es eficiente y que obtiene los resultados que pretendemos con el proceso en un tiempo m\u00e1s acotado. Entonces, la verdad es que no hay mucho para pensar\u201d.<\/p>\n\n\n\n<p>\u201cLa gente, la sociedad en general entiende que las causas no pueden durar tanto. Y en ese contexto, esta es una respuesta\u201d, concluy\u00f3 Glinka.&nbsp;<\/p>\n\n\n\n<p>Fuente: El Territorio<\/p>\n","protected":false},"excerpt":{"rendered":"<p>La Justicia de Misiones est\u00e1 dando un paso hist\u00f3rico y de enorme importancia para el funcionamiento \u00e1gil y eficiente del sistema penal. Magistrados, fiscales, abogados de la matr\u00edcula y referentes judiciales se encuentran trabajando arduamente en la reforma del C\u00f3digo Procesal Penal de la Provincia de Misiones. Un cambio que dar\u00e1 lugar a una nueva [&hellip;]<\/p>\n","protected":false},"author":2,"featured_media":57596,"comment_status":"open","ping_status":"closed","sticky":false,"template":"","format":"standard","meta":{"footnotes":""},"categories":[455],"tags":[5066,4905,4018,5821,2655],"class_list":["post-57595","post","type-post","status-publish","format-standard","has-post-thumbnail","hentry","category-misiones","tag-codigo-2","tag-historico-2","tag-penal","tag-procesal","tag-reforma"],"yoast_head":"<!-- This site is optimized with the Yoast SEO plugin v27.5 - https:\/\/yoast.com\/product\/yoast-seo-wordpress\/ -->\n<title>Misiones avanza en la reforma del C\u00f3digo Procesal Penal | CVI NOTICIAS<\/title>\n<meta name=\"description\" content=\"Buscan implementar un sistema acusatorio m\u00e1s \u00e1gil en la Justicia.\" \/>\n<meta name=\"robots\" content=\"index, follow, max-snippet:-1, max-image-preview:large, max-video-preview:-1\" \/>\n<link rel=\"canonical\" href=\"https:\/\/cvinoticias.com\/v3\/misiones-da-un-paso-historico-con-la-reforma-del-codigo-procesal-penal\/\" \/>\n<meta property=\"og:locale\" content=\"es_ES\" \/>\n<meta property=\"og:type\" content=\"article\" \/>\n<meta property=\"og:title\" content=\"Misiones avanza en la reforma del C\u00f3digo Procesal Penal | CVI NOTICIAS\" \/>\n<meta property=\"og:description\" content=\"Buscan implementar un sistema acusatorio m\u00e1s \u00e1gil en la Justicia.\" \/>\n<meta property=\"og:url\" content=\"https:\/\/cvinoticias.com\/v3\/misiones-da-un-paso-historico-con-la-reforma-del-codigo-procesal-penal\/\" \/>\n<meta property=\"og:site_name\" content=\"CVI NOTICIAS\" \/>\n<meta property=\"article:publisher\" content=\"https:\/\/www.facebook.com\/cvinoticias\" \/>\n<meta property=\"article:published_time\" content=\"2026-04-29T11:33:43+00:00\" \/>\n<meta property=\"article:modified_time\" content=\"2026-04-29T11:33:44+00:00\" \/>\n<meta property=\"og:image\" content=\"https:\/\/cvinoticias.com\/wp-content\/uploads\/2026\/04\/md-14.webp\" \/>\n\t<meta property=\"og:image:width\" content=\"992\" \/>\n\t<meta property=\"og:image:height\" content=\"564\" \/>\n\t<meta property=\"og:image:type\" content=\"image\/webp\" \/>\n<meta name=\"author\" content=\"f1000024\" \/>\n<meta name=\"twitter:card\" content=\"summary_large_image\" \/>\n<meta name=\"twitter:label1\" content=\"Escrito por\" \/>\n\t<meta name=\"twitter:data1\" content=\"f1000024\" \/>\n\t<meta name=\"twitter:label2\" content=\"Tiempo de lectura\" \/>\n\t<meta name=\"twitter:data2\" content=\"5 minutos\" \/>\n<script type=\"application\/ld+json\" class=\"yoast-schema-graph\">{\"@context\":\"https:\\\/\\\/schema.org\",\"@graph\":[{\"@type\":\"Article\",\"@id\":\"https:\\\/\\\/cvinoticias.com\\\/v3\\\/misiones-da-un-paso-historico-con-la-reforma-del-codigo-procesal-penal\\\/#article\",\"isPartOf\":{\"@id\":\"https:\\\/\\\/cvinoticias.com\\\/v3\\\/misiones-da-un-paso-historico-con-la-reforma-del-codigo-procesal-penal\\\/\"},\"author\":{\"name\":\"f1000024\",\"@id\":\"https:\\\/\\\/cvinoticias.com\\\/v3\\\/#\\\/schema\\\/person\\\/2db77e3c6bc03c538495d7b2b8be9b66\"},\"headline\":\"Misiones da un paso hist\u00f3rico con la reforma del C\u00f3digo Procesal Penal\",\"datePublished\":\"2026-04-29T11:33:43+00:00\",\"dateModified\":\"2026-04-29T11:33:44+00:00\",\"mainEntityOfPage\":{\"@id\":\"https:\\\/\\\/cvinoticias.com\\\/v3\\\/misiones-da-un-paso-historico-con-la-reforma-del-codigo-procesal-penal\\\/\"},\"wordCount\":999,\"commentCount\":0,\"publisher\":{\"@id\":\"https:\\\/\\\/cvinoticias.com\\\/v3\\\/#organization\"},\"image\":{\"@id\":\"https:\\\/\\\/cvinoticias.com\\\/v3\\\/misiones-da-un-paso-historico-con-la-reforma-del-codigo-procesal-penal\\\/#primaryimage\"},\"thumbnailUrl\":\"https:\\\/\\\/cvinoticias.com\\\/wp-content\\\/uploads\\\/2026\\\/04\\\/md-14.webp\",\"keywords\":[\"codigo\",\"historico\",\"Penal\",\"procesal\",\"reforma\"],\"articleSection\":[\"Misiones\"],\"inLanguage\":\"es\",\"potentialAction\":[{\"@type\":\"CommentAction\",\"name\":\"Comment\",\"target\":[\"https:\\\/\\\/cvinoticias.com\\\/v3\\\/misiones-da-un-paso-historico-con-la-reforma-del-codigo-procesal-penal\\\/#respond\"]}]},{\"@type\":\"WebPage\",\"@id\":\"https:\\\/\\\/cvinoticias.com\\\/v3\\\/misiones-da-un-paso-historico-con-la-reforma-del-codigo-procesal-penal\\\/\",\"url\":\"https:\\\/\\\/cvinoticias.com\\\/v3\\\/misiones-da-un-paso-historico-con-la-reforma-del-codigo-procesal-penal\\\/\",\"name\":\"Misiones avanza en la reforma del C\u00f3digo Procesal Penal | CVI NOTICIAS\",\"isPartOf\":{\"@id\":\"https:\\\/\\\/cvinoticias.com\\\/v3\\\/#website\"},\"primaryImageOfPage\":{\"@id\":\"https:\\\/\\\/cvinoticias.com\\\/v3\\\/misiones-da-un-paso-historico-con-la-reforma-del-codigo-procesal-penal\\\/#primaryimage\"},\"image\":{\"@id\":\"https:\\\/\\\/cvinoticias.com\\\/v3\\\/misiones-da-un-paso-historico-con-la-reforma-del-codigo-procesal-penal\\\/#primaryimage\"},\"thumbnailUrl\":\"https:\\\/\\\/cvinoticias.com\\\/wp-content\\\/uploads\\\/2026\\\/04\\\/md-14.webp\",\"datePublished\":\"2026-04-29T11:33:43+00:00\",\"dateModified\":\"2026-04-29T11:33:44+00:00\",\"description\":\"Buscan implementar un sistema acusatorio m\u00e1s \u00e1gil en la Justicia.\",\"breadcrumb\":{\"@id\":\"https:\\\/\\\/cvinoticias.com\\\/v3\\\/misiones-da-un-paso-historico-con-la-reforma-del-codigo-procesal-penal\\\/#breadcrumb\"},\"inLanguage\":\"es\",\"potentialAction\":[{\"@type\":\"ReadAction\",\"target\":[\"https:\\\/\\\/cvinoticias.com\\\/v3\\\/misiones-da-un-paso-historico-con-la-reforma-del-codigo-procesal-penal\\\/\"]}]},{\"@type\":\"ImageObject\",\"inLanguage\":\"es\",\"@id\":\"https:\\\/\\\/cvinoticias.com\\\/v3\\\/misiones-da-un-paso-historico-con-la-reforma-del-codigo-procesal-penal\\\/#primaryimage\",\"url\":\"https:\\\/\\\/cvinoticias.com\\\/wp-content\\\/uploads\\\/2026\\\/04\\\/md-14.webp\",\"contentUrl\":\"https:\\\/\\\/cvinoticias.com\\\/wp-content\\\/uploads\\\/2026\\\/04\\\/md-14.webp\",\"width\":992,\"height\":564},{\"@type\":\"BreadcrumbList\",\"@id\":\"https:\\\/\\\/cvinoticias.com\\\/v3\\\/misiones-da-un-paso-historico-con-la-reforma-del-codigo-procesal-penal\\\/#breadcrumb\",\"itemListElement\":[{\"@type\":\"ListItem\",\"position\":1,\"name\":\"Portada\",\"item\":\"https:\\\/\\\/cvinoticias.com\\\/v3\\\/\"},{\"@type\":\"ListItem\",\"position\":2,\"name\":\"Misiones da un paso hist\u00f3rico con la reforma del C\u00f3digo Procesal Penal\"}]},{\"@type\":\"WebSite\",\"@id\":\"https:\\\/\\\/cvinoticias.com\\\/v3\\\/#website\",\"url\":\"https:\\\/\\\/cvinoticias.com\\\/v3\\\/\",\"name\":\"CVI NOTICIAS\",\"description\":\"\",\"publisher\":{\"@id\":\"https:\\\/\\\/cvinoticias.com\\\/v3\\\/#organization\"},\"alternateName\":\"CVI\",\"potentialAction\":[{\"@type\":\"SearchAction\",\"target\":{\"@type\":\"EntryPoint\",\"urlTemplate\":\"https:\\\/\\\/cvinoticias.com\\\/v3\\\/?s={search_term_string}\"},\"query-input\":{\"@type\":\"PropertyValueSpecification\",\"valueRequired\":true,\"valueName\":\"search_term_string\"}}],\"inLanguage\":\"es\"},{\"@type\":\"Organization\",\"@id\":\"https:\\\/\\\/cvinoticias.com\\\/v3\\\/#organization\",\"name\":\"CVI NOTICIAS\",\"url\":\"https:\\\/\\\/cvinoticias.com\\\/v3\\\/\",\"logo\":{\"@type\":\"ImageObject\",\"inLanguage\":\"es\",\"@id\":\"https:\\\/\\\/cvinoticias.com\\\/v3\\\/#\\\/schema\\\/logo\\\/image\\\/\",\"url\":\"https:\\\/\\\/cvinoticias.com\\\/wp-content\\\/uploads\\\/2023\\\/04\\\/cropped-cropped-cropped-cropped-cropped-3-1.png\",\"contentUrl\":\"https:\\\/\\\/cvinoticias.com\\\/wp-content\\\/uploads\\\/2023\\\/04\\\/cropped-cropped-cropped-cropped-cropped-3-1.png\",\"width\":95,\"height\":122,\"caption\":\"CVI NOTICIAS\"},\"image\":{\"@id\":\"https:\\\/\\\/cvinoticias.com\\\/v3\\\/#\\\/schema\\\/logo\\\/image\\\/\"},\"sameAs\":[\"https:\\\/\\\/www.facebook.com\\\/cvinoticias\",\"https:\\\/\\\/www.instagram.com\\\/cvinoticias\\\/\",\"https:\\\/\\\/www.youtube.com\\\/@CVINOTICIAS\"]},{\"@type\":\"Person\",\"@id\":\"https:\\\/\\\/cvinoticias.com\\\/v3\\\/#\\\/schema\\\/person\\\/2db77e3c6bc03c538495d7b2b8be9b66\",\"name\":\"f1000024\",\"image\":{\"@type\":\"ImageObject\",\"inLanguage\":\"es\",\"@id\":\"https:\\\/\\\/secure.gravatar.com\\\/avatar\\\/d4fe7459cfc51ff5129ce1a732bbef5928568b8092d412ef95611616376bbeed?s=96&d=mm&r=g\",\"url\":\"https:\\\/\\\/secure.gravatar.com\\\/avatar\\\/d4fe7459cfc51ff5129ce1a732bbef5928568b8092d412ef95611616376bbeed?s=96&d=mm&r=g\",\"contentUrl\":\"https:\\\/\\\/secure.gravatar.com\\\/avatar\\\/d4fe7459cfc51ff5129ce1a732bbef5928568b8092d412ef95611616376bbeed?s=96&d=mm&r=g\",\"caption\":\"f1000024\"},\"url\":\"https:\\\/\\\/cvinoticias.com\\\/v3\\\/author\\\/f1000024\\\/\"}]}<\/script>\n<!-- \/ Yoast SEO plugin. -->","yoast_head_json":{"title":"Misiones avanza en la reforma del C\u00f3digo Procesal Penal | CVI NOTICIAS","description":"Buscan implementar un sistema acusatorio m\u00e1s \u00e1gil en la Justicia.","robots":{"index":"index","follow":"follow","max-snippet":"max-snippet:-1","max-image-preview":"max-image-preview:large","max-video-preview":"max-video-preview:-1"},"canonical":"https:\/\/cvinoticias.com\/v3\/misiones-da-un-paso-historico-con-la-reforma-del-codigo-procesal-penal\/","og_locale":"es_ES","og_type":"article","og_title":"Misiones avanza en la reforma del C\u00f3digo Procesal Penal | CVI NOTICIAS","og_description":"Buscan implementar un sistema acusatorio m\u00e1s \u00e1gil en la Justicia.","og_url":"https:\/\/cvinoticias.com\/v3\/misiones-da-un-paso-historico-con-la-reforma-del-codigo-procesal-penal\/","og_site_name":"CVI NOTICIAS","article_publisher":"https:\/\/www.facebook.com\/cvinoticias","article_published_time":"2026-04-29T11:33:43+00:00","article_modified_time":"2026-04-29T11:33:44+00:00","og_image":[{"width":992,"height":564,"url":"https:\/\/cvinoticias.com\/wp-content\/uploads\/2026\/04\/md-14.webp","type":"image\/webp"}],"author":"f1000024","twitter_card":"summary_large_image","twitter_misc":{"Escrito por":"f1000024","Tiempo de lectura":"5 minutos"},"schema":{"@context":"https:\/\/schema.org","@graph":[{"@type":"Article","@id":"https:\/\/cvinoticias.com\/v3\/misiones-da-un-paso-historico-con-la-reforma-del-codigo-procesal-penal\/#article","isPartOf":{"@id":"https:\/\/cvinoticias.com\/v3\/misiones-da-un-paso-historico-con-la-reforma-del-codigo-procesal-penal\/"},"author":{"name":"f1000024","@id":"https:\/\/cvinoticias.com\/v3\/#\/schema\/person\/2db77e3c6bc03c538495d7b2b8be9b66"},"headline":"Misiones da un paso hist\u00f3rico con la reforma del C\u00f3digo Procesal Penal","datePublished":"2026-04-29T11:33:43+00:00","dateModified":"2026-04-29T11:33:44+00:00","mainEntityOfPage":{"@id":"https:\/\/cvinoticias.com\/v3\/misiones-da-un-paso-historico-con-la-reforma-del-codigo-procesal-penal\/"},"wordCount":999,"commentCount":0,"publisher":{"@id":"https:\/\/cvinoticias.com\/v3\/#organization"},"image":{"@id":"https:\/\/cvinoticias.com\/v3\/misiones-da-un-paso-historico-con-la-reforma-del-codigo-procesal-penal\/#primaryimage"},"thumbnailUrl":"https:\/\/cvinoticias.com\/wp-content\/uploads\/2026\/04\/md-14.webp","keywords":["codigo","historico","Penal","procesal","reforma"],"articleSection":["Misiones"],"inLanguage":"es","potentialAction":[{"@type":"CommentAction","name":"Comment","target":["https:\/\/cvinoticias.com\/v3\/misiones-da-un-paso-historico-con-la-reforma-del-codigo-procesal-penal\/#respond"]}]},{"@type":"WebPage","@id":"https:\/\/cvinoticias.com\/v3\/misiones-da-un-paso-historico-con-la-reforma-del-codigo-procesal-penal\/","url":"https:\/\/cvinoticias.com\/v3\/misiones-da-un-paso-historico-con-la-reforma-del-codigo-procesal-penal\/","name":"Misiones avanza en la reforma del C\u00f3digo Procesal Penal | CVI NOTICIAS","isPartOf":{"@id":"https:\/\/cvinoticias.com\/v3\/#website"},"primaryImageOfPage":{"@id":"https:\/\/cvinoticias.com\/v3\/misiones-da-un-paso-historico-con-la-reforma-del-codigo-procesal-penal\/#primaryimage"},"image":{"@id":"https:\/\/cvinoticias.com\/v3\/misiones-da-un-paso-historico-con-la-reforma-del-codigo-procesal-penal\/#primaryimage"},"thumbnailUrl":"https:\/\/cvinoticias.com\/wp-content\/uploads\/2026\/04\/md-14.webp","datePublished":"2026-04-29T11:33:43+00:00","dateModified":"2026-04-29T11:33:44+00:00","description":"Buscan implementar un sistema acusatorio m\u00e1s \u00e1gil en la Justicia.","breadcrumb":{"@id":"https:\/\/cvinoticias.com\/v3\/misiones-da-un-paso-historico-con-la-reforma-del-codigo-procesal-penal\/#breadcrumb"},"inLanguage":"es","potentialAction":[{"@type":"ReadAction","target":["https:\/\/cvinoticias.com\/v3\/misiones-da-un-paso-historico-con-la-reforma-del-codigo-procesal-penal\/"]}]},{"@type":"ImageObject","inLanguage":"es","@id":"https:\/\/cvinoticias.com\/v3\/misiones-da-un-paso-historico-con-la-reforma-del-codigo-procesal-penal\/#primaryimage","url":"https:\/\/cvinoticias.com\/wp-content\/uploads\/2026\/04\/md-14.webp","contentUrl":"https:\/\/cvinoticias.com\/wp-content\/uploads\/2026\/04\/md-14.webp","width":992,"height":564},{"@type":"BreadcrumbList","@id":"https:\/\/cvinoticias.com\/v3\/misiones-da-un-paso-historico-con-la-reforma-del-codigo-procesal-penal\/#breadcrumb","itemListElement":[{"@type":"ListItem","position":1,"name":"Portada","item":"https:\/\/cvinoticias.com\/v3\/"},{"@type":"ListItem","position":2,"name":"Misiones da un paso hist\u00f3rico con la reforma del C\u00f3digo Procesal Penal"}]},{"@type":"WebSite","@id":"https:\/\/cvinoticias.com\/v3\/#website","url":"https:\/\/cvinoticias.com\/v3\/","name":"CVI NOTICIAS","description":"","publisher":{"@id":"https:\/\/cvinoticias.com\/v3\/#organization"},"alternateName":"CVI","potentialAction":[{"@type":"SearchAction","target":{"@type":"EntryPoint","urlTemplate":"https:\/\/cvinoticias.com\/v3\/?s={search_term_string}"},"query-input":{"@type":"PropertyValueSpecification","valueRequired":true,"valueName":"search_term_string"}}],"inLanguage":"es"},{"@type":"Organization","@id":"https:\/\/cvinoticias.com\/v3\/#organization","name":"CVI NOTICIAS","url":"https:\/\/cvinoticias.com\/v3\/","logo":{"@type":"ImageObject","inLanguage":"es","@id":"https:\/\/cvinoticias.com\/v3\/#\/schema\/logo\/image\/","url":"https:\/\/cvinoticias.com\/wp-content\/uploads\/2023\/04\/cropped-cropped-cropped-cropped-cropped-3-1.png","contentUrl":"https:\/\/cvinoticias.com\/wp-content\/uploads\/2023\/04\/cropped-cropped-cropped-cropped-cropped-3-1.png","width":95,"height":122,"caption":"CVI NOTICIAS"},"image":{"@id":"https:\/\/cvinoticias.com\/v3\/#\/schema\/logo\/image\/"},"sameAs":["https:\/\/www.facebook.com\/cvinoticias","https:\/\/www.instagram.com\/cvinoticias\/","https:\/\/www.youtube.com\/@CVINOTICIAS"]},{"@type":"Person","@id":"https:\/\/cvinoticias.com\/v3\/#\/schema\/person\/2db77e3c6bc03c538495d7b2b8be9b66","name":"f1000024","image":{"@type":"ImageObject","inLanguage":"es","@id":"https:\/\/secure.gravatar.com\/avatar\/d4fe7459cfc51ff5129ce1a732bbef5928568b8092d412ef95611616376bbeed?s=96&d=mm&r=g","url":"https:\/\/secure.gravatar.com\/avatar\/d4fe7459cfc51ff5129ce1a732bbef5928568b8092d412ef95611616376bbeed?s=96&d=mm&r=g","contentUrl":"https:\/\/secure.gravatar.com\/avatar\/d4fe7459cfc51ff5129ce1a732bbef5928568b8092d412ef95611616376bbeed?s=96&d=mm&r=g","caption":"f1000024"},"url":"https:\/\/cvinoticias.com\/v3\/author\/f1000024\/"}]}},"_links":{"self":[{"href":"https:\/\/cvinoticias.com\/v3\/wp-json\/wp\/v2\/posts\/57595","targetHints":{"allow":["GET"]}}],"collection":[{"href":"https:\/\/cvinoticias.com\/v3\/wp-json\/wp\/v2\/posts"}],"about":[{"href":"https:\/\/cvinoticias.com\/v3\/wp-json\/wp\/v2\/types\/post"}],"author":[{"embeddable":true,"href":"https:\/\/cvinoticias.com\/v3\/wp-json\/wp\/v2\/users\/2"}],"replies":[{"embeddable":true,"href":"https:\/\/cvinoticias.com\/v3\/wp-json\/wp\/v2\/comments?post=57595"}],"version-history":[{"count":1,"href":"https:\/\/cvinoticias.com\/v3\/wp-json\/wp\/v2\/posts\/57595\/revisions"}],"predecessor-version":[{"id":57597,"href":"https:\/\/cvinoticias.com\/v3\/wp-json\/wp\/v2\/posts\/57595\/revisions\/57597"}],"wp:featuredmedia":[{"embeddable":true,"href":"https:\/\/cvinoticias.com\/v3\/wp-json\/wp\/v2\/media\/57596"}],"wp:attachment":[{"href":"https:\/\/cvinoticias.com\/v3\/wp-json\/wp\/v2\/media?parent=57595"}],"wp:term":[{"taxonomy":"category","embeddable":true,"href":"https:\/\/cvinoticias.com\/v3\/wp-json\/wp\/v2\/categories?post=57595"},{"taxonomy":"post_tag","embeddable":true,"href":"https:\/\/cvinoticias.com\/v3\/wp-json\/wp\/v2\/tags?post=57595"}],"curies":[{"name":"wp","href":"https:\/\/api.w.org\/{rel}","templated":true}]}}