{"id":57590,"date":"2026-04-28T13:22:26","date_gmt":"2026-04-28T16:22:26","guid":{"rendered":"https:\/\/cvinoticias.com\/v3\/?p=57590"},"modified":"2026-04-29T08:23:08","modified_gmt":"2026-04-29T11:23:08","slug":"provincia-y-municipio-planifican-obras-de-optimizacion-en-el-centro-de-frontera","status":"publish","type":"post","link":"https:\/\/cvinoticias.com\/v3\/provincia-y-municipio-planifican-obras-de-optimizacion-en-el-centro-de-frontera\/","title":{"rendered":"Provincia y Municipio Planifican Obras de Optimizaci\u00f3n en el Centro de Frontera"},"content":{"rendered":"\n<p>\u200bCon el objetivo de mejorar la infraestructura y los servicios en un punto estrat\u00e9gico de nuestra ciudad, se realiz\u00f3 una importante recorrida de relevamiento en el Centro de Frontera de Puerto Iguaz\u00fa. La actividad cont\u00f3 con la presencia del presidente de Vialidad Provincial, Nicolas Mazal, el ministro Coordinador de Gabinete, Carlos Sartori, y el intendente Claudio Filippa, quienes estuvieron acompa\u00f1ados por autoridades de Migraciones, Aduana y Gendarmer\u00eda Nacional.<\/p>\n\n\n\n<p>\u200bDurante la jornada, los funcionarios recorrieron los sectores de drenaje y las \u00e1reas destinadas al transporte de carga. El plan de acci\u00f3n contempla tareas de mantenimiento integral, limpieza y la puesta a punto del sector donde los camiones realizan sus tr\u00e1mites administrativos antes de cruzar el paso fronterizo.<\/p>\n\n\n\n<figure class=\"wp-block-gallery has-nested-images columns-default is-cropped wp-block-gallery-1 is-layout-flex wp-block-gallery-is-layout-flex\">\n<figure class=\"wp-block-image size-large\"><a href=\"https:\/\/cvinoticias.com\/wp-content\/uploads\/2026\/04\/e74d1289-b686-41b8-a484-ff22b19c20a4.jpeg\"><img decoding=\"async\" width=\"1024\" height=\"576\" data-id=\"57592\" data-src=\"https:\/\/cvinoticias.com\/wp-content\/uploads\/2026\/04\/e74d1289-b686-41b8-a484-ff22b19c20a4-1024x576.jpeg\" alt=\"\" class=\"wp-image-57592 lazyload\" data-srcset=\"https:\/\/cvinoticias.com\/wp-content\/uploads\/2026\/04\/e74d1289-b686-41b8-a484-ff22b19c20a4-1024x576.jpeg 1024w, https:\/\/cvinoticias.com\/wp-content\/uploads\/2026\/04\/e74d1289-b686-41b8-a484-ff22b19c20a4-300x169.jpeg 300w, https:\/\/cvinoticias.com\/wp-content\/uploads\/2026\/04\/e74d1289-b686-41b8-a484-ff22b19c20a4-768x432.jpeg 768w, https:\/\/cvinoticias.com\/wp-content\/uploads\/2026\/04\/e74d1289-b686-41b8-a484-ff22b19c20a4-1536x864.jpeg 1536w, https:\/\/cvinoticias.com\/wp-content\/uploads\/2026\/04\/e74d1289-b686-41b8-a484-ff22b19c20a4.jpeg 1600w\" data-sizes=\"(max-width: 1024px) 100vw, 1024px\" src=\"data:image\/svg+xml;base64,PHN2ZyB3aWR0aD0iMSIgaGVpZ2h0PSIxIiB4bWxucz0iaHR0cDovL3d3dy53My5vcmcvMjAwMC9zdmciPjwvc3ZnPg==\" style=\"--smush-placeholder-width: 1024px; --smush-placeholder-aspect-ratio: 1024\/576;\" \/><\/a><\/figure>\n\n\n\n<figure class=\"wp-block-image size-large\"><a href=\"https:\/\/cvinoticias.com\/wp-content\/uploads\/2026\/04\/fb5f789e-3b07-4ed6-8d9d-7b204ae83d0e.jpeg\"><img decoding=\"async\" width=\"1024\" height=\"576\" data-id=\"57593\" data-src=\"https:\/\/cvinoticias.com\/wp-content\/uploads\/2026\/04\/fb5f789e-3b07-4ed6-8d9d-7b204ae83d0e-1024x576.jpeg\" alt=\"\" class=\"wp-image-57593 lazyload\" data-srcset=\"https:\/\/cvinoticias.com\/wp-content\/uploads\/2026\/04\/fb5f789e-3b07-4ed6-8d9d-7b204ae83d0e-1024x576.jpeg 1024w, https:\/\/cvinoticias.com\/wp-content\/uploads\/2026\/04\/fb5f789e-3b07-4ed6-8d9d-7b204ae83d0e-300x169.jpeg 300w, https:\/\/cvinoticias.com\/wp-content\/uploads\/2026\/04\/fb5f789e-3b07-4ed6-8d9d-7b204ae83d0e-768x432.jpeg 768w, https:\/\/cvinoticias.com\/wp-content\/uploads\/2026\/04\/fb5f789e-3b07-4ed6-8d9d-7b204ae83d0e-1536x864.jpeg 1536w, https:\/\/cvinoticias.com\/wp-content\/uploads\/2026\/04\/fb5f789e-3b07-4ed6-8d9d-7b204ae83d0e.jpeg 1600w\" data-sizes=\"(max-width: 1024px) 100vw, 1024px\" src=\"data:image\/svg+xml;base64,PHN2ZyB3aWR0aD0iMSIgaGVpZ2h0PSIxIiB4bWxucz0iaHR0cDovL3d3dy53My5vcmcvMjAwMC9zdmciPjwvc3ZnPg==\" style=\"--smush-placeholder-width: 1024px; --smush-placeholder-aspect-ratio: 1024\/576;\" \/><\/a><\/figure>\n<\/figure>\n\n\n\n<p><br>\u200bIluminaci\u00f3n y embellecimiento<\/p>\n\n\n\n<p>\u200bUno de los puntos centrales del encuentro fue la modernizaci\u00f3n del sistema lum\u00ednico. Nicolas Mazal destac\u00f3 que se busca no solo la eficiencia operativa, sino tambi\u00e9n el embellecimiento del \u00e1rea para ofrecer un mejor servicio. En este sentido, Carlos Sartori confirm\u00f3 que ya se est\u00e1 trabajando en conjunto con Energ\u00eda de Misiones para intervenir en la zona de transporte de carga y en las v\u00edas de salida, mejorando sustancialmente la visibilidad y seguridad en el sector.<\/p>\n\n\n\n<p>\u200bPor su parte, el intendente Claudio Filippa valor\u00f3 el acompa\u00f1amiento del Gobierno de la Provincia y destac\u00f3 que esta visita t\u00e9cnica es el resultado de una gesti\u00f3n directa con el gobernador Hugo Passalacqua. \u00abEsto genera una mejor din\u00e1mica en el ingreso y egreso de toda la gente que transita por el Centro de Frontera. Es un lugar estrat\u00e9gico, especialmente en la zona de tr\u00e1nsito pesado\u00bb, concluy\u00f3 el jefe comunal.<\/p>\n\n\n\n<hr class=\"wp-block-separator has-alpha-channel-opacity\"\/>\n\n\n\n<p>Entrevista con: Claudio R. Filippa (Intendente)<\/p>\n\n\n\n<p>Nicolas Mazal (Pdte. Vialidad Provincial)<\/p>\n\n\n\n<p>Carlos Sartori (Ministro de Coordinaci\u00f3n de Gabinete de Misiones)<\/p>\n","protected":false},"excerpt":{"rendered":"<p>\u200bCon el objetivo de mejorar la infraestructura y los servicios en un punto estrat\u00e9gico de nuestra ciudad, se realiz\u00f3 una importante recorrida de relevamiento en el Centro de Frontera de Puerto Iguaz\u00fa. La actividad cont\u00f3 con la presencia del presidente de Vialidad Provincial, Nicolas Mazal, el ministro Coordinador de Gabinete, Carlos Sartori, y el intendente [&hellip;]<\/p>\n","protected":false},"author":2,"featured_media":57591,"comment_status":"open","ping_status":"closed","sticky":false,"template":"","format":"standard","meta":{"footnotes":""},"categories":[42],"tags":[551,313,1664,5869],"class_list":["post-57590","post","type-post","status-publish","format-standard","has-post-thumbnail","hentry","category-politica","tag-frontera","tag-iguazu","tag-obras","tag-optimizacion"],"yoast_head":"<!-- This site is optimized with the Yoast SEO plugin v27.5 - https:\/\/yoast.com\/product\/yoast-seo-wordpress\/ -->\n<title>Obras en el Centro de Frontera de Puerto Iguaz\u00fa | CVI NOTICIAS<\/title>\n<meta name=\"description\" content=\"Provincia y municipio planifican mejoras en el paso fronterizo.\" \/>\n<meta name=\"robots\" content=\"index, follow, max-snippet:-1, max-image-preview:large, max-video-preview:-1\" \/>\n<link rel=\"canonical\" href=\"https:\/\/cvinoticias.com\/v3\/provincia-y-municipio-planifican-obras-de-optimizacion-en-el-centro-de-frontera\/\" \/>\n<meta property=\"og:locale\" content=\"es_ES\" \/>\n<meta property=\"og:type\" content=\"article\" \/>\n<meta property=\"og:title\" content=\"Obras en el Centro de Frontera de Puerto Iguaz\u00fa | CVI NOTICIAS\" \/>\n<meta property=\"og:description\" content=\"Provincia y municipio planifican mejoras en el paso fronterizo.\" \/>\n<meta property=\"og:url\" content=\"https:\/\/cvinoticias.com\/v3\/provincia-y-municipio-planifican-obras-de-optimizacion-en-el-centro-de-frontera\/\" \/>\n<meta property=\"og:site_name\" content=\"CVI NOTICIAS\" \/>\n<meta property=\"article:publisher\" content=\"https:\/\/www.facebook.com\/cvinoticias\" \/>\n<meta property=\"article:published_time\" content=\"2026-04-28T16:22:26+00:00\" \/>\n<meta property=\"article:modified_time\" content=\"2026-04-29T11:23:08+00:00\" \/>\n<meta property=\"og:image\" content=\"https:\/\/cvinoticias.com\/wp-content\/uploads\/2026\/04\/0d2687a1-fb98-4e7f-b318-95735d0a71a4.jpeg\" \/>\n\t<meta property=\"og:image:width\" content=\"1280\" \/>\n\t<meta property=\"og:image:height\" content=\"720\" \/>\n\t<meta property=\"og:image:type\" content=\"image\/jpeg\" \/>\n<meta name=\"author\" content=\"f1000024\" \/>\n<meta name=\"twitter:card\" content=\"summary_large_image\" \/>\n<meta name=\"twitter:label1\" content=\"Escrito por\" \/>\n\t<meta name=\"twitter:data1\" content=\"f1000024\" \/>\n\t<meta name=\"twitter:label2\" content=\"Tiempo de lectura\" \/>\n\t<meta name=\"twitter:data2\" content=\"2 minutos\" \/>\n<script type=\"application\/ld+json\" class=\"yoast-schema-graph\">{\"@context\":\"https:\\\/\\\/schema.org\",\"@graph\":[{\"@type\":\"Article\",\"@id\":\"https:\\\/\\\/cvinoticias.com\\\/v3\\\/provincia-y-municipio-planifican-obras-de-optimizacion-en-el-centro-de-frontera\\\/#article\",\"isPartOf\":{\"@id\":\"https:\\\/\\\/cvinoticias.com\\\/v3\\\/provincia-y-municipio-planifican-obras-de-optimizacion-en-el-centro-de-frontera\\\/\"},\"author\":{\"name\":\"f1000024\",\"@id\":\"https:\\\/\\\/cvinoticias.com\\\/v3\\\/#\\\/schema\\\/person\\\/2db77e3c6bc03c538495d7b2b8be9b66\"},\"headline\":\"Provincia y Municipio Planifican Obras de Optimizaci\u00f3n en el Centro de Frontera\",\"datePublished\":\"2026-04-28T16:22:26+00:00\",\"dateModified\":\"2026-04-29T11:23:08+00:00\",\"mainEntityOfPage\":{\"@id\":\"https:\\\/\\\/cvinoticias.com\\\/v3\\\/provincia-y-municipio-planifican-obras-de-optimizacion-en-el-centro-de-frontera\\\/\"},\"wordCount\":315,\"commentCount\":0,\"publisher\":{\"@id\":\"https:\\\/\\\/cvinoticias.com\\\/v3\\\/#organization\"},\"image\":{\"@id\":\"https:\\\/\\\/cvinoticias.com\\\/v3\\\/provincia-y-municipio-planifican-obras-de-optimizacion-en-el-centro-de-frontera\\\/#primaryimage\"},\"thumbnailUrl\":\"https:\\\/\\\/cvinoticias.com\\\/wp-content\\\/uploads\\\/2026\\\/04\\\/0d2687a1-fb98-4e7f-b318-95735d0a71a4.jpeg\",\"keywords\":[\"Frontera\",\"Iguaz\u00fa\",\"Obras\",\"optimizaci\u00f3n\"],\"articleSection\":[\"Politica\"],\"inLanguage\":\"es\",\"potentialAction\":[{\"@type\":\"CommentAction\",\"name\":\"Comment\",\"target\":[\"https:\\\/\\\/cvinoticias.com\\\/v3\\\/provincia-y-municipio-planifican-obras-de-optimizacion-en-el-centro-de-frontera\\\/#respond\"]}]},{\"@type\":\"WebPage\",\"@id\":\"https:\\\/\\\/cvinoticias.com\\\/v3\\\/provincia-y-municipio-planifican-obras-de-optimizacion-en-el-centro-de-frontera\\\/\",\"url\":\"https:\\\/\\\/cvinoticias.com\\\/v3\\\/provincia-y-municipio-planifican-obras-de-optimizacion-en-el-centro-de-frontera\\\/\",\"name\":\"Obras en el Centro de Frontera de Puerto Iguaz\u00fa | CVI NOTICIAS\",\"isPartOf\":{\"@id\":\"https:\\\/\\\/cvinoticias.com\\\/v3\\\/#website\"},\"primaryImageOfPage\":{\"@id\":\"https:\\\/\\\/cvinoticias.com\\\/v3\\\/provincia-y-municipio-planifican-obras-de-optimizacion-en-el-centro-de-frontera\\\/#primaryimage\"},\"image\":{\"@id\":\"https:\\\/\\\/cvinoticias.com\\\/v3\\\/provincia-y-municipio-planifican-obras-de-optimizacion-en-el-centro-de-frontera\\\/#primaryimage\"},\"thumbnailUrl\":\"https:\\\/\\\/cvinoticias.com\\\/wp-content\\\/uploads\\\/2026\\\/04\\\/0d2687a1-fb98-4e7f-b318-95735d0a71a4.jpeg\",\"datePublished\":\"2026-04-28T16:22:26+00:00\",\"dateModified\":\"2026-04-29T11:23:08+00:00\",\"description\":\"Provincia y municipio planifican mejoras en el paso fronterizo.\",\"breadcrumb\":{\"@id\":\"https:\\\/\\\/cvinoticias.com\\\/v3\\\/provincia-y-municipio-planifican-obras-de-optimizacion-en-el-centro-de-frontera\\\/#breadcrumb\"},\"inLanguage\":\"es\",\"potentialAction\":[{\"@type\":\"ReadAction\",\"target\":[\"https:\\\/\\\/cvinoticias.com\\\/v3\\\/provincia-y-municipio-planifican-obras-de-optimizacion-en-el-centro-de-frontera\\\/\"]}]},{\"@type\":\"ImageObject\",\"inLanguage\":\"es\",\"@id\":\"https:\\\/\\\/cvinoticias.com\\\/v3\\\/provincia-y-municipio-planifican-obras-de-optimizacion-en-el-centro-de-frontera\\\/#primaryimage\",\"url\":\"https:\\\/\\\/cvinoticias.com\\\/wp-content\\\/uploads\\\/2026\\\/04\\\/0d2687a1-fb98-4e7f-b318-95735d0a71a4.jpeg\",\"contentUrl\":\"https:\\\/\\\/cvinoticias.com\\\/wp-content\\\/uploads\\\/2026\\\/04\\\/0d2687a1-fb98-4e7f-b318-95735d0a71a4.jpeg\",\"width\":1280,\"height\":720},{\"@type\":\"BreadcrumbList\",\"@id\":\"https:\\\/\\\/cvinoticias.com\\\/v3\\\/provincia-y-municipio-planifican-obras-de-optimizacion-en-el-centro-de-frontera\\\/#breadcrumb\",\"itemListElement\":[{\"@type\":\"ListItem\",\"position\":1,\"name\":\"Portada\",\"item\":\"https:\\\/\\\/cvinoticias.com\\\/v3\\\/\"},{\"@type\":\"ListItem\",\"position\":2,\"name\":\"Provincia y Municipio Planifican Obras de Optimizaci\u00f3n en el Centro de Frontera\"}]},{\"@type\":\"WebSite\",\"@id\":\"https:\\\/\\\/cvinoticias.com\\\/v3\\\/#website\",\"url\":\"https:\\\/\\\/cvinoticias.com\\\/v3\\\/\",\"name\":\"CVI NOTICIAS\",\"description\":\"\",\"publisher\":{\"@id\":\"https:\\\/\\\/cvinoticias.com\\\/v3\\\/#organization\"},\"alternateName\":\"CVI\",\"potentialAction\":[{\"@type\":\"SearchAction\",\"target\":{\"@type\":\"EntryPoint\",\"urlTemplate\":\"https:\\\/\\\/cvinoticias.com\\\/v3\\\/?s={search_term_string}\"},\"query-input\":{\"@type\":\"PropertyValueSpecification\",\"valueRequired\":true,\"valueName\":\"search_term_string\"}}],\"inLanguage\":\"es\"},{\"@type\":\"Organization\",\"@id\":\"https:\\\/\\\/cvinoticias.com\\\/v3\\\/#organization\",\"name\":\"CVI NOTICIAS\",\"url\":\"https:\\\/\\\/cvinoticias.com\\\/v3\\\/\",\"logo\":{\"@type\":\"ImageObject\",\"inLanguage\":\"es\",\"@id\":\"https:\\\/\\\/cvinoticias.com\\\/v3\\\/#\\\/schema\\\/logo\\\/image\\\/\",\"url\":\"https:\\\/\\\/cvinoticias.com\\\/wp-content\\\/uploads\\\/2023\\\/04\\\/cropped-cropped-cropped-cropped-cropped-3-1.png\",\"contentUrl\":\"https:\\\/\\\/cvinoticias.com\\\/wp-content\\\/uploads\\\/2023\\\/04\\\/cropped-cropped-cropped-cropped-cropped-3-1.png\",\"width\":95,\"height\":122,\"caption\":\"CVI NOTICIAS\"},\"image\":{\"@id\":\"https:\\\/\\\/cvinoticias.com\\\/v3\\\/#\\\/schema\\\/logo\\\/image\\\/\"},\"sameAs\":[\"https:\\\/\\\/www.facebook.com\\\/cvinoticias\",\"https:\\\/\\\/www.instagram.com\\\/cvinoticias\\\/\",\"https:\\\/\\\/www.youtube.com\\\/@CVINOTICIAS\"]},{\"@type\":\"Person\",\"@id\":\"https:\\\/\\\/cvinoticias.com\\\/v3\\\/#\\\/schema\\\/person\\\/2db77e3c6bc03c538495d7b2b8be9b66\",\"name\":\"f1000024\",\"image\":{\"@type\":\"ImageObject\",\"inLanguage\":\"es\",\"@id\":\"https:\\\/\\\/secure.gravatar.com\\\/avatar\\\/d4fe7459cfc51ff5129ce1a732bbef5928568b8092d412ef95611616376bbeed?s=96&d=mm&r=g\",\"url\":\"https:\\\/\\\/secure.gravatar.com\\\/avatar\\\/d4fe7459cfc51ff5129ce1a732bbef5928568b8092d412ef95611616376bbeed?s=96&d=mm&r=g\",\"contentUrl\":\"https:\\\/\\\/secure.gravatar.com\\\/avatar\\\/d4fe7459cfc51ff5129ce1a732bbef5928568b8092d412ef95611616376bbeed?s=96&d=mm&r=g\",\"caption\":\"f1000024\"},\"url\":\"https:\\\/\\\/cvinoticias.com\\\/v3\\\/author\\\/f1000024\\\/\"}]}<\/script>\n<!-- \/ Yoast SEO plugin. -->","yoast_head_json":{"title":"Obras en el Centro de Frontera de Puerto Iguaz\u00fa | CVI NOTICIAS","description":"Provincia y municipio planifican mejoras en el paso fronterizo.","robots":{"index":"index","follow":"follow","max-snippet":"max-snippet:-1","max-image-preview":"max-image-preview:large","max-video-preview":"max-video-preview:-1"},"canonical":"https:\/\/cvinoticias.com\/v3\/provincia-y-municipio-planifican-obras-de-optimizacion-en-el-centro-de-frontera\/","og_locale":"es_ES","og_type":"article","og_title":"Obras en el Centro de Frontera de Puerto Iguaz\u00fa | CVI NOTICIAS","og_description":"Provincia y municipio planifican mejoras en el paso fronterizo.","og_url":"https:\/\/cvinoticias.com\/v3\/provincia-y-municipio-planifican-obras-de-optimizacion-en-el-centro-de-frontera\/","og_site_name":"CVI NOTICIAS","article_publisher":"https:\/\/www.facebook.com\/cvinoticias","article_published_time":"2026-04-28T16:22:26+00:00","article_modified_time":"2026-04-29T11:23:08+00:00","og_image":[{"width":1280,"height":720,"url":"https:\/\/cvinoticias.com\/wp-content\/uploads\/2026\/04\/0d2687a1-fb98-4e7f-b318-95735d0a71a4.jpeg","type":"image\/jpeg"}],"author":"f1000024","twitter_card":"summary_large_image","twitter_misc":{"Escrito por":"f1000024","Tiempo de lectura":"2 minutos"},"schema":{"@context":"https:\/\/schema.org","@graph":[{"@type":"Article","@id":"https:\/\/cvinoticias.com\/v3\/provincia-y-municipio-planifican-obras-de-optimizacion-en-el-centro-de-frontera\/#article","isPartOf":{"@id":"https:\/\/cvinoticias.com\/v3\/provincia-y-municipio-planifican-obras-de-optimizacion-en-el-centro-de-frontera\/"},"author":{"name":"f1000024","@id":"https:\/\/cvinoticias.com\/v3\/#\/schema\/person\/2db77e3c6bc03c538495d7b2b8be9b66"},"headline":"Provincia y Municipio Planifican Obras de Optimizaci\u00f3n en el Centro de Frontera","datePublished":"2026-04-28T16:22:26+00:00","dateModified":"2026-04-29T11:23:08+00:00","mainEntityOfPage":{"@id":"https:\/\/cvinoticias.com\/v3\/provincia-y-municipio-planifican-obras-de-optimizacion-en-el-centro-de-frontera\/"},"wordCount":315,"commentCount":0,"publisher":{"@id":"https:\/\/cvinoticias.com\/v3\/#organization"},"image":{"@id":"https:\/\/cvinoticias.com\/v3\/provincia-y-municipio-planifican-obras-de-optimizacion-en-el-centro-de-frontera\/#primaryimage"},"thumbnailUrl":"https:\/\/cvinoticias.com\/wp-content\/uploads\/2026\/04\/0d2687a1-fb98-4e7f-b318-95735d0a71a4.jpeg","keywords":["Frontera","Iguaz\u00fa","Obras","optimizaci\u00f3n"],"articleSection":["Politica"],"inLanguage":"es","potentialAction":[{"@type":"CommentAction","name":"Comment","target":["https:\/\/cvinoticias.com\/v3\/provincia-y-municipio-planifican-obras-de-optimizacion-en-el-centro-de-frontera\/#respond"]}]},{"@type":"WebPage","@id":"https:\/\/cvinoticias.com\/v3\/provincia-y-municipio-planifican-obras-de-optimizacion-en-el-centro-de-frontera\/","url":"https:\/\/cvinoticias.com\/v3\/provincia-y-municipio-planifican-obras-de-optimizacion-en-el-centro-de-frontera\/","name":"Obras en el Centro de Frontera de Puerto Iguaz\u00fa | CVI NOTICIAS","isPartOf":{"@id":"https:\/\/cvinoticias.com\/v3\/#website"},"primaryImageOfPage":{"@id":"https:\/\/cvinoticias.com\/v3\/provincia-y-municipio-planifican-obras-de-optimizacion-en-el-centro-de-frontera\/#primaryimage"},"image":{"@id":"https:\/\/cvinoticias.com\/v3\/provincia-y-municipio-planifican-obras-de-optimizacion-en-el-centro-de-frontera\/#primaryimage"},"thumbnailUrl":"https:\/\/cvinoticias.com\/wp-content\/uploads\/2026\/04\/0d2687a1-fb98-4e7f-b318-95735d0a71a4.jpeg","datePublished":"2026-04-28T16:22:26+00:00","dateModified":"2026-04-29T11:23:08+00:00","description":"Provincia y municipio planifican mejoras en el paso fronterizo.","breadcrumb":{"@id":"https:\/\/cvinoticias.com\/v3\/provincia-y-municipio-planifican-obras-de-optimizacion-en-el-centro-de-frontera\/#breadcrumb"},"inLanguage":"es","potentialAction":[{"@type":"ReadAction","target":["https:\/\/cvinoticias.com\/v3\/provincia-y-municipio-planifican-obras-de-optimizacion-en-el-centro-de-frontera\/"]}]},{"@type":"ImageObject","inLanguage":"es","@id":"https:\/\/cvinoticias.com\/v3\/provincia-y-municipio-planifican-obras-de-optimizacion-en-el-centro-de-frontera\/#primaryimage","url":"https:\/\/cvinoticias.com\/wp-content\/uploads\/2026\/04\/0d2687a1-fb98-4e7f-b318-95735d0a71a4.jpeg","contentUrl":"https:\/\/cvinoticias.com\/wp-content\/uploads\/2026\/04\/0d2687a1-fb98-4e7f-b318-95735d0a71a4.jpeg","width":1280,"height":720},{"@type":"BreadcrumbList","@id":"https:\/\/cvinoticias.com\/v3\/provincia-y-municipio-planifican-obras-de-optimizacion-en-el-centro-de-frontera\/#breadcrumb","itemListElement":[{"@type":"ListItem","position":1,"name":"Portada","item":"https:\/\/cvinoticias.com\/v3\/"},{"@type":"ListItem","position":2,"name":"Provincia y Municipio Planifican Obras de Optimizaci\u00f3n en el Centro de Frontera"}]},{"@type":"WebSite","@id":"https:\/\/cvinoticias.com\/v3\/#website","url":"https:\/\/cvinoticias.com\/v3\/","name":"CVI NOTICIAS","description":"","publisher":{"@id":"https:\/\/cvinoticias.com\/v3\/#organization"},"alternateName":"CVI","potentialAction":[{"@type":"SearchAction","target":{"@type":"EntryPoint","urlTemplate":"https:\/\/cvinoticias.com\/v3\/?s={search_term_string}"},"query-input":{"@type":"PropertyValueSpecification","valueRequired":true,"valueName":"search_term_string"}}],"inLanguage":"es"},{"@type":"Organization","@id":"https:\/\/cvinoticias.com\/v3\/#organization","name":"CVI NOTICIAS","url":"https:\/\/cvinoticias.com\/v3\/","logo":{"@type":"ImageObject","inLanguage":"es","@id":"https:\/\/cvinoticias.com\/v3\/#\/schema\/logo\/image\/","url":"https:\/\/cvinoticias.com\/wp-content\/uploads\/2023\/04\/cropped-cropped-cropped-cropped-cropped-3-1.png","contentUrl":"https:\/\/cvinoticias.com\/wp-content\/uploads\/2023\/04\/cropped-cropped-cropped-cropped-cropped-3-1.png","width":95,"height":122,"caption":"CVI NOTICIAS"},"image":{"@id":"https:\/\/cvinoticias.com\/v3\/#\/schema\/logo\/image\/"},"sameAs":["https:\/\/www.facebook.com\/cvinoticias","https:\/\/www.instagram.com\/cvinoticias\/","https:\/\/www.youtube.com\/@CVINOTICIAS"]},{"@type":"Person","@id":"https:\/\/cvinoticias.com\/v3\/#\/schema\/person\/2db77e3c6bc03c538495d7b2b8be9b66","name":"f1000024","image":{"@type":"ImageObject","inLanguage":"es","@id":"https:\/\/secure.gravatar.com\/avatar\/d4fe7459cfc51ff5129ce1a732bbef5928568b8092d412ef95611616376bbeed?s=96&d=mm&r=g","url":"https:\/\/secure.gravatar.com\/avatar\/d4fe7459cfc51ff5129ce1a732bbef5928568b8092d412ef95611616376bbeed?s=96&d=mm&r=g","contentUrl":"https:\/\/secure.gravatar.com\/avatar\/d4fe7459cfc51ff5129ce1a732bbef5928568b8092d412ef95611616376bbeed?s=96&d=mm&r=g","caption":"f1000024"},"url":"https:\/\/cvinoticias.com\/v3\/author\/f1000024\/"}]}},"_links":{"self":[{"href":"https:\/\/cvinoticias.com\/v3\/wp-json\/wp\/v2\/posts\/57590","targetHints":{"allow":["GET"]}}],"collection":[{"href":"https:\/\/cvinoticias.com\/v3\/wp-json\/wp\/v2\/posts"}],"about":[{"href":"https:\/\/cvinoticias.com\/v3\/wp-json\/wp\/v2\/types\/post"}],"author":[{"embeddable":true,"href":"https:\/\/cvinoticias.com\/v3\/wp-json\/wp\/v2\/users\/2"}],"replies":[{"embeddable":true,"href":"https:\/\/cvinoticias.com\/v3\/wp-json\/wp\/v2\/comments?post=57590"}],"version-history":[{"count":1,"href":"https:\/\/cvinoticias.com\/v3\/wp-json\/wp\/v2\/posts\/57590\/revisions"}],"predecessor-version":[{"id":57594,"href":"https:\/\/cvinoticias.com\/v3\/wp-json\/wp\/v2\/posts\/57590\/revisions\/57594"}],"wp:featuredmedia":[{"embeddable":true,"href":"https:\/\/cvinoticias.com\/v3\/wp-json\/wp\/v2\/media\/57591"}],"wp:attachment":[{"href":"https:\/\/cvinoticias.com\/v3\/wp-json\/wp\/v2\/media?parent=57590"}],"wp:term":[{"taxonomy":"category","embeddable":true,"href":"https:\/\/cvinoticias.com\/v3\/wp-json\/wp\/v2\/categories?post=57590"},{"taxonomy":"post_tag","embeddable":true,"href":"https:\/\/cvinoticias.com\/v3\/wp-json\/wp\/v2\/tags?post=57590"}],"curies":[{"name":"wp","href":"https:\/\/api.w.org\/{rel}","templated":true}]}}