{"id":57580,"date":"2026-04-29T07:56:58","date_gmt":"2026-04-29T10:56:58","guid":{"rendered":"https:\/\/cvinoticias.com\/v3\/?p=57580"},"modified":"2026-04-29T07:57:15","modified_gmt":"2026-04-29T10:57:15","slug":"misiones-jornada-inestable-con-lluvias-en-el-norte-y-ascenso-termico-en-el-sur","status":"publish","type":"post","link":"https:\/\/cvinoticias.com\/v3\/misiones-jornada-inestable-con-lluvias-en-el-norte-y-ascenso-termico-en-el-sur\/","title":{"rendered":"Misiones: jornada inestable con lluvias en el norte y ascenso t\u00e9rmico en el sur"},"content":{"rendered":"\n<p>Este mi\u00e9rcoles 29 de abril se presenta con condiciones clim\u00e1ticas inestables y una marcada divisi\u00f3n en la provincia de Misiones. Mientras que en la mitad sur se espera un progresivo aumento de la temperatura acompa\u00f1ado de mayor nubosidad, en la mitad norte se prev\u00e9n lluvias y tormentas durante la ma\u00f1ana, con mejoras hacia la tarde.<\/p>\n\n\n\n<p>En cuanto a las temperaturas, se estima una m\u00e1xima de 24 grados en Posadas y una m\u00ednima de 9 grados en San Javier. Las precipitaciones oscilar\u00edan entre los 5 y 20 mil\u00edmetros, con probabilidades que van del 22 al 57 por ciento.<\/p>\n\n\n\n<p>Por otro lado, se anticipan r\u00e1fagas de viento de entre 15 y 40 kil\u00f3metros por hora, provenientes de distintos sectores, principalmente del noreste, sudeste y noroeste. Adem\u00e1s, se mantiene una probabilidad media de formaci\u00f3n de nieblas en distintas zonas de la provincia.<\/p>\n","protected":false},"excerpt":{"rendered":"<p>Este mi\u00e9rcoles 29 de abril se presenta con condiciones clim\u00e1ticas inestables y una marcada divisi\u00f3n en la provincia de Misiones. Mientras que en la mitad sur se espera un progresivo aumento de la temperatura acompa\u00f1ado de mayor nubosidad, en la mitad norte se prev\u00e9n lluvias y tormentas durante la ma\u00f1ana, con mejoras hacia la tarde. [&hellip;]<\/p>\n","protected":false},"author":2,"featured_media":57581,"comment_status":"open","ping_status":"closed","sticky":false,"template":"","format":"standard","meta":{"footnotes":""},"categories":[1146],"tags":[1148,313,278],"class_list":["post-57580","post","type-post","status-publish","format-standard","has-post-thumbnail","hentry","category-tiempo","tag-clima","tag-iguazu","tag-misiones"],"yoast_head":"<!-- This site is optimized with the Yoast SEO plugin v27.5 - https:\/\/yoast.com\/product\/yoast-seo-wordpress\/ -->\n<title>Clima inestable en Misiones con lluvias en el norte | CVI NOTICIAS<\/title>\n<meta name=\"description\" content=\"Pron\u00f3stico en Misiones: lluvias al norte, mejora y suba t\u00e9rmica al sur.\" \/>\n<meta name=\"robots\" content=\"index, follow, max-snippet:-1, max-image-preview:large, max-video-preview:-1\" \/>\n<link rel=\"canonical\" href=\"https:\/\/cvinoticias.com\/v3\/misiones-jornada-inestable-con-lluvias-en-el-norte-y-ascenso-termico-en-el-sur\/\" \/>\n<meta property=\"og:locale\" content=\"es_ES\" \/>\n<meta property=\"og:type\" content=\"article\" \/>\n<meta property=\"og:title\" content=\"Clima inestable en Misiones con lluvias en el norte | CVI NOTICIAS\" \/>\n<meta property=\"og:description\" content=\"Pron\u00f3stico en Misiones: lluvias al norte, mejora y suba t\u00e9rmica al sur.\" \/>\n<meta property=\"og:url\" content=\"https:\/\/cvinoticias.com\/v3\/misiones-jornada-inestable-con-lluvias-en-el-norte-y-ascenso-termico-en-el-sur\/\" \/>\n<meta property=\"og:site_name\" content=\"CVI NOTICIAS\" \/>\n<meta property=\"article:publisher\" content=\"https:\/\/www.facebook.com\/cvinoticias\" \/>\n<meta property=\"article:published_time\" content=\"2026-04-29T10:56:58+00:00\" \/>\n<meta property=\"article:modified_time\" content=\"2026-04-29T10:57:15+00:00\" \/>\n<meta property=\"og:image\" content=\"https:\/\/cvinoticias.com\/wp-content\/uploads\/2026\/04\/images-4.jpeg\" \/>\n\t<meta property=\"og:image:width\" content=\"275\" \/>\n\t<meta property=\"og:image:height\" content=\"183\" \/>\n\t<meta property=\"og:image:type\" content=\"image\/jpeg\" \/>\n<meta name=\"author\" content=\"f1000024\" \/>\n<meta name=\"twitter:card\" content=\"summary_large_image\" \/>\n<meta name=\"twitter:label1\" content=\"Escrito por\" \/>\n\t<meta name=\"twitter:data1\" content=\"f1000024\" \/>\n\t<meta name=\"twitter:label2\" content=\"Tiempo de lectura\" \/>\n\t<meta name=\"twitter:data2\" content=\"1 minuto\" \/>\n<script type=\"application\/ld+json\" class=\"yoast-schema-graph\">{\"@context\":\"https:\\\/\\\/schema.org\",\"@graph\":[{\"@type\":\"Article\",\"@id\":\"https:\\\/\\\/cvinoticias.com\\\/v3\\\/misiones-jornada-inestable-con-lluvias-en-el-norte-y-ascenso-termico-en-el-sur\\\/#article\",\"isPartOf\":{\"@id\":\"https:\\\/\\\/cvinoticias.com\\\/v3\\\/misiones-jornada-inestable-con-lluvias-en-el-norte-y-ascenso-termico-en-el-sur\\\/\"},\"author\":{\"name\":\"f1000024\",\"@id\":\"https:\\\/\\\/cvinoticias.com\\\/v3\\\/#\\\/schema\\\/person\\\/2db77e3c6bc03c538495d7b2b8be9b66\"},\"headline\":\"Misiones: jornada inestable con lluvias en el norte y ascenso t\u00e9rmico en el sur\",\"datePublished\":\"2026-04-29T10:56:58+00:00\",\"dateModified\":\"2026-04-29T10:57:15+00:00\",\"mainEntityOfPage\":{\"@id\":\"https:\\\/\\\/cvinoticias.com\\\/v3\\\/misiones-jornada-inestable-con-lluvias-en-el-norte-y-ascenso-termico-en-el-sur\\\/\"},\"wordCount\":159,\"commentCount\":0,\"publisher\":{\"@id\":\"https:\\\/\\\/cvinoticias.com\\\/v3\\\/#organization\"},\"image\":{\"@id\":\"https:\\\/\\\/cvinoticias.com\\\/v3\\\/misiones-jornada-inestable-con-lluvias-en-el-norte-y-ascenso-termico-en-el-sur\\\/#primaryimage\"},\"thumbnailUrl\":\"https:\\\/\\\/cvinoticias.com\\\/wp-content\\\/uploads\\\/2026\\\/04\\\/images-4.jpeg\",\"keywords\":[\"Clima\",\"Iguaz\u00fa\",\"Misiones\"],\"articleSection\":[\"Tiempo\"],\"inLanguage\":\"es\",\"potentialAction\":[{\"@type\":\"CommentAction\",\"name\":\"Comment\",\"target\":[\"https:\\\/\\\/cvinoticias.com\\\/v3\\\/misiones-jornada-inestable-con-lluvias-en-el-norte-y-ascenso-termico-en-el-sur\\\/#respond\"]}]},{\"@type\":\"WebPage\",\"@id\":\"https:\\\/\\\/cvinoticias.com\\\/v3\\\/misiones-jornada-inestable-con-lluvias-en-el-norte-y-ascenso-termico-en-el-sur\\\/\",\"url\":\"https:\\\/\\\/cvinoticias.com\\\/v3\\\/misiones-jornada-inestable-con-lluvias-en-el-norte-y-ascenso-termico-en-el-sur\\\/\",\"name\":\"Clima inestable en Misiones con lluvias en el norte | CVI NOTICIAS\",\"isPartOf\":{\"@id\":\"https:\\\/\\\/cvinoticias.com\\\/v3\\\/#website\"},\"primaryImageOfPage\":{\"@id\":\"https:\\\/\\\/cvinoticias.com\\\/v3\\\/misiones-jornada-inestable-con-lluvias-en-el-norte-y-ascenso-termico-en-el-sur\\\/#primaryimage\"},\"image\":{\"@id\":\"https:\\\/\\\/cvinoticias.com\\\/v3\\\/misiones-jornada-inestable-con-lluvias-en-el-norte-y-ascenso-termico-en-el-sur\\\/#primaryimage\"},\"thumbnailUrl\":\"https:\\\/\\\/cvinoticias.com\\\/wp-content\\\/uploads\\\/2026\\\/04\\\/images-4.jpeg\",\"datePublished\":\"2026-04-29T10:56:58+00:00\",\"dateModified\":\"2026-04-29T10:57:15+00:00\",\"description\":\"Pron\u00f3stico en Misiones: lluvias al norte, mejora y suba t\u00e9rmica al sur.\",\"breadcrumb\":{\"@id\":\"https:\\\/\\\/cvinoticias.com\\\/v3\\\/misiones-jornada-inestable-con-lluvias-en-el-norte-y-ascenso-termico-en-el-sur\\\/#breadcrumb\"},\"inLanguage\":\"es\",\"potentialAction\":[{\"@type\":\"ReadAction\",\"target\":[\"https:\\\/\\\/cvinoticias.com\\\/v3\\\/misiones-jornada-inestable-con-lluvias-en-el-norte-y-ascenso-termico-en-el-sur\\\/\"]}]},{\"@type\":\"ImageObject\",\"inLanguage\":\"es\",\"@id\":\"https:\\\/\\\/cvinoticias.com\\\/v3\\\/misiones-jornada-inestable-con-lluvias-en-el-norte-y-ascenso-termico-en-el-sur\\\/#primaryimage\",\"url\":\"https:\\\/\\\/cvinoticias.com\\\/wp-content\\\/uploads\\\/2026\\\/04\\\/images-4.jpeg\",\"contentUrl\":\"https:\\\/\\\/cvinoticias.com\\\/wp-content\\\/uploads\\\/2026\\\/04\\\/images-4.jpeg\",\"width\":275,\"height\":183},{\"@type\":\"BreadcrumbList\",\"@id\":\"https:\\\/\\\/cvinoticias.com\\\/v3\\\/misiones-jornada-inestable-con-lluvias-en-el-norte-y-ascenso-termico-en-el-sur\\\/#breadcrumb\",\"itemListElement\":[{\"@type\":\"ListItem\",\"position\":1,\"name\":\"Portada\",\"item\":\"https:\\\/\\\/cvinoticias.com\\\/v3\\\/\"},{\"@type\":\"ListItem\",\"position\":2,\"name\":\"Misiones: jornada inestable con lluvias en el norte y ascenso t\u00e9rmico en el sur\"}]},{\"@type\":\"WebSite\",\"@id\":\"https:\\\/\\\/cvinoticias.com\\\/v3\\\/#website\",\"url\":\"https:\\\/\\\/cvinoticias.com\\\/v3\\\/\",\"name\":\"CVI NOTICIAS\",\"description\":\"\",\"publisher\":{\"@id\":\"https:\\\/\\\/cvinoticias.com\\\/v3\\\/#organization\"},\"alternateName\":\"CVI\",\"potentialAction\":[{\"@type\":\"SearchAction\",\"target\":{\"@type\":\"EntryPoint\",\"urlTemplate\":\"https:\\\/\\\/cvinoticias.com\\\/v3\\\/?s={search_term_string}\"},\"query-input\":{\"@type\":\"PropertyValueSpecification\",\"valueRequired\":true,\"valueName\":\"search_term_string\"}}],\"inLanguage\":\"es\"},{\"@type\":\"Organization\",\"@id\":\"https:\\\/\\\/cvinoticias.com\\\/v3\\\/#organization\",\"name\":\"CVI NOTICIAS\",\"url\":\"https:\\\/\\\/cvinoticias.com\\\/v3\\\/\",\"logo\":{\"@type\":\"ImageObject\",\"inLanguage\":\"es\",\"@id\":\"https:\\\/\\\/cvinoticias.com\\\/v3\\\/#\\\/schema\\\/logo\\\/image\\\/\",\"url\":\"https:\\\/\\\/cvinoticias.com\\\/wp-content\\\/uploads\\\/2023\\\/04\\\/cropped-cropped-cropped-cropped-cropped-3-1.png\",\"contentUrl\":\"https:\\\/\\\/cvinoticias.com\\\/wp-content\\\/uploads\\\/2023\\\/04\\\/cropped-cropped-cropped-cropped-cropped-3-1.png\",\"width\":95,\"height\":122,\"caption\":\"CVI NOTICIAS\"},\"image\":{\"@id\":\"https:\\\/\\\/cvinoticias.com\\\/v3\\\/#\\\/schema\\\/logo\\\/image\\\/\"},\"sameAs\":[\"https:\\\/\\\/www.facebook.com\\\/cvinoticias\",\"https:\\\/\\\/www.instagram.com\\\/cvinoticias\\\/\",\"https:\\\/\\\/www.youtube.com\\\/@CVINOTICIAS\"]},{\"@type\":\"Person\",\"@id\":\"https:\\\/\\\/cvinoticias.com\\\/v3\\\/#\\\/schema\\\/person\\\/2db77e3c6bc03c538495d7b2b8be9b66\",\"name\":\"f1000024\",\"image\":{\"@type\":\"ImageObject\",\"inLanguage\":\"es\",\"@id\":\"https:\\\/\\\/secure.gravatar.com\\\/avatar\\\/d4fe7459cfc51ff5129ce1a732bbef5928568b8092d412ef95611616376bbeed?s=96&d=mm&r=g\",\"url\":\"https:\\\/\\\/secure.gravatar.com\\\/avatar\\\/d4fe7459cfc51ff5129ce1a732bbef5928568b8092d412ef95611616376bbeed?s=96&d=mm&r=g\",\"contentUrl\":\"https:\\\/\\\/secure.gravatar.com\\\/avatar\\\/d4fe7459cfc51ff5129ce1a732bbef5928568b8092d412ef95611616376bbeed?s=96&d=mm&r=g\",\"caption\":\"f1000024\"},\"url\":\"https:\\\/\\\/cvinoticias.com\\\/v3\\\/author\\\/f1000024\\\/\"}]}<\/script>\n<!-- \/ Yoast SEO plugin. -->","yoast_head_json":{"title":"Clima inestable en Misiones con lluvias en el norte | CVI NOTICIAS","description":"Pron\u00f3stico en Misiones: lluvias al norte, mejora y suba t\u00e9rmica al sur.","robots":{"index":"index","follow":"follow","max-snippet":"max-snippet:-1","max-image-preview":"max-image-preview:large","max-video-preview":"max-video-preview:-1"},"canonical":"https:\/\/cvinoticias.com\/v3\/misiones-jornada-inestable-con-lluvias-en-el-norte-y-ascenso-termico-en-el-sur\/","og_locale":"es_ES","og_type":"article","og_title":"Clima inestable en Misiones con lluvias en el norte | CVI NOTICIAS","og_description":"Pron\u00f3stico en Misiones: lluvias al norte, mejora y suba t\u00e9rmica al sur.","og_url":"https:\/\/cvinoticias.com\/v3\/misiones-jornada-inestable-con-lluvias-en-el-norte-y-ascenso-termico-en-el-sur\/","og_site_name":"CVI NOTICIAS","article_publisher":"https:\/\/www.facebook.com\/cvinoticias","article_published_time":"2026-04-29T10:56:58+00:00","article_modified_time":"2026-04-29T10:57:15+00:00","og_image":[{"width":275,"height":183,"url":"https:\/\/cvinoticias.com\/wp-content\/uploads\/2026\/04\/images-4.jpeg","type":"image\/jpeg"}],"author":"f1000024","twitter_card":"summary_large_image","twitter_misc":{"Escrito por":"f1000024","Tiempo de lectura":"1 minuto"},"schema":{"@context":"https:\/\/schema.org","@graph":[{"@type":"Article","@id":"https:\/\/cvinoticias.com\/v3\/misiones-jornada-inestable-con-lluvias-en-el-norte-y-ascenso-termico-en-el-sur\/#article","isPartOf":{"@id":"https:\/\/cvinoticias.com\/v3\/misiones-jornada-inestable-con-lluvias-en-el-norte-y-ascenso-termico-en-el-sur\/"},"author":{"name":"f1000024","@id":"https:\/\/cvinoticias.com\/v3\/#\/schema\/person\/2db77e3c6bc03c538495d7b2b8be9b66"},"headline":"Misiones: jornada inestable con lluvias en el norte y ascenso t\u00e9rmico en el sur","datePublished":"2026-04-29T10:56:58+00:00","dateModified":"2026-04-29T10:57:15+00:00","mainEntityOfPage":{"@id":"https:\/\/cvinoticias.com\/v3\/misiones-jornada-inestable-con-lluvias-en-el-norte-y-ascenso-termico-en-el-sur\/"},"wordCount":159,"commentCount":0,"publisher":{"@id":"https:\/\/cvinoticias.com\/v3\/#organization"},"image":{"@id":"https:\/\/cvinoticias.com\/v3\/misiones-jornada-inestable-con-lluvias-en-el-norte-y-ascenso-termico-en-el-sur\/#primaryimage"},"thumbnailUrl":"https:\/\/cvinoticias.com\/wp-content\/uploads\/2026\/04\/images-4.jpeg","keywords":["Clima","Iguaz\u00fa","Misiones"],"articleSection":["Tiempo"],"inLanguage":"es","potentialAction":[{"@type":"CommentAction","name":"Comment","target":["https:\/\/cvinoticias.com\/v3\/misiones-jornada-inestable-con-lluvias-en-el-norte-y-ascenso-termico-en-el-sur\/#respond"]}]},{"@type":"WebPage","@id":"https:\/\/cvinoticias.com\/v3\/misiones-jornada-inestable-con-lluvias-en-el-norte-y-ascenso-termico-en-el-sur\/","url":"https:\/\/cvinoticias.com\/v3\/misiones-jornada-inestable-con-lluvias-en-el-norte-y-ascenso-termico-en-el-sur\/","name":"Clima inestable en Misiones con lluvias en el norte | CVI NOTICIAS","isPartOf":{"@id":"https:\/\/cvinoticias.com\/v3\/#website"},"primaryImageOfPage":{"@id":"https:\/\/cvinoticias.com\/v3\/misiones-jornada-inestable-con-lluvias-en-el-norte-y-ascenso-termico-en-el-sur\/#primaryimage"},"image":{"@id":"https:\/\/cvinoticias.com\/v3\/misiones-jornada-inestable-con-lluvias-en-el-norte-y-ascenso-termico-en-el-sur\/#primaryimage"},"thumbnailUrl":"https:\/\/cvinoticias.com\/wp-content\/uploads\/2026\/04\/images-4.jpeg","datePublished":"2026-04-29T10:56:58+00:00","dateModified":"2026-04-29T10:57:15+00:00","description":"Pron\u00f3stico en Misiones: lluvias al norte, mejora y suba t\u00e9rmica al sur.","breadcrumb":{"@id":"https:\/\/cvinoticias.com\/v3\/misiones-jornada-inestable-con-lluvias-en-el-norte-y-ascenso-termico-en-el-sur\/#breadcrumb"},"inLanguage":"es","potentialAction":[{"@type":"ReadAction","target":["https:\/\/cvinoticias.com\/v3\/misiones-jornada-inestable-con-lluvias-en-el-norte-y-ascenso-termico-en-el-sur\/"]}]},{"@type":"ImageObject","inLanguage":"es","@id":"https:\/\/cvinoticias.com\/v3\/misiones-jornada-inestable-con-lluvias-en-el-norte-y-ascenso-termico-en-el-sur\/#primaryimage","url":"https:\/\/cvinoticias.com\/wp-content\/uploads\/2026\/04\/images-4.jpeg","contentUrl":"https:\/\/cvinoticias.com\/wp-content\/uploads\/2026\/04\/images-4.jpeg","width":275,"height":183},{"@type":"BreadcrumbList","@id":"https:\/\/cvinoticias.com\/v3\/misiones-jornada-inestable-con-lluvias-en-el-norte-y-ascenso-termico-en-el-sur\/#breadcrumb","itemListElement":[{"@type":"ListItem","position":1,"name":"Portada","item":"https:\/\/cvinoticias.com\/v3\/"},{"@type":"ListItem","position":2,"name":"Misiones: jornada inestable con lluvias en el norte y ascenso t\u00e9rmico en el sur"}]},{"@type":"WebSite","@id":"https:\/\/cvinoticias.com\/v3\/#website","url":"https:\/\/cvinoticias.com\/v3\/","name":"CVI NOTICIAS","description":"","publisher":{"@id":"https:\/\/cvinoticias.com\/v3\/#organization"},"alternateName":"CVI","potentialAction":[{"@type":"SearchAction","target":{"@type":"EntryPoint","urlTemplate":"https:\/\/cvinoticias.com\/v3\/?s={search_term_string}"},"query-input":{"@type":"PropertyValueSpecification","valueRequired":true,"valueName":"search_term_string"}}],"inLanguage":"es"},{"@type":"Organization","@id":"https:\/\/cvinoticias.com\/v3\/#organization","name":"CVI NOTICIAS","url":"https:\/\/cvinoticias.com\/v3\/","logo":{"@type":"ImageObject","inLanguage":"es","@id":"https:\/\/cvinoticias.com\/v3\/#\/schema\/logo\/image\/","url":"https:\/\/cvinoticias.com\/wp-content\/uploads\/2023\/04\/cropped-cropped-cropped-cropped-cropped-3-1.png","contentUrl":"https:\/\/cvinoticias.com\/wp-content\/uploads\/2023\/04\/cropped-cropped-cropped-cropped-cropped-3-1.png","width":95,"height":122,"caption":"CVI NOTICIAS"},"image":{"@id":"https:\/\/cvinoticias.com\/v3\/#\/schema\/logo\/image\/"},"sameAs":["https:\/\/www.facebook.com\/cvinoticias","https:\/\/www.instagram.com\/cvinoticias\/","https:\/\/www.youtube.com\/@CVINOTICIAS"]},{"@type":"Person","@id":"https:\/\/cvinoticias.com\/v3\/#\/schema\/person\/2db77e3c6bc03c538495d7b2b8be9b66","name":"f1000024","image":{"@type":"ImageObject","inLanguage":"es","@id":"https:\/\/secure.gravatar.com\/avatar\/d4fe7459cfc51ff5129ce1a732bbef5928568b8092d412ef95611616376bbeed?s=96&d=mm&r=g","url":"https:\/\/secure.gravatar.com\/avatar\/d4fe7459cfc51ff5129ce1a732bbef5928568b8092d412ef95611616376bbeed?s=96&d=mm&r=g","contentUrl":"https:\/\/secure.gravatar.com\/avatar\/d4fe7459cfc51ff5129ce1a732bbef5928568b8092d412ef95611616376bbeed?s=96&d=mm&r=g","caption":"f1000024"},"url":"https:\/\/cvinoticias.com\/v3\/author\/f1000024\/"}]}},"_links":{"self":[{"href":"https:\/\/cvinoticias.com\/v3\/wp-json\/wp\/v2\/posts\/57580","targetHints":{"allow":["GET"]}}],"collection":[{"href":"https:\/\/cvinoticias.com\/v3\/wp-json\/wp\/v2\/posts"}],"about":[{"href":"https:\/\/cvinoticias.com\/v3\/wp-json\/wp\/v2\/types\/post"}],"author":[{"embeddable":true,"href":"https:\/\/cvinoticias.com\/v3\/wp-json\/wp\/v2\/users\/2"}],"replies":[{"embeddable":true,"href":"https:\/\/cvinoticias.com\/v3\/wp-json\/wp\/v2\/comments?post=57580"}],"version-history":[{"count":1,"href":"https:\/\/cvinoticias.com\/v3\/wp-json\/wp\/v2\/posts\/57580\/revisions"}],"predecessor-version":[{"id":57582,"href":"https:\/\/cvinoticias.com\/v3\/wp-json\/wp\/v2\/posts\/57580\/revisions\/57582"}],"wp:featuredmedia":[{"embeddable":true,"href":"https:\/\/cvinoticias.com\/v3\/wp-json\/wp\/v2\/media\/57581"}],"wp:attachment":[{"href":"https:\/\/cvinoticias.com\/v3\/wp-json\/wp\/v2\/media?parent=57580"}],"wp:term":[{"taxonomy":"category","embeddable":true,"href":"https:\/\/cvinoticias.com\/v3\/wp-json\/wp\/v2\/categories?post=57580"},{"taxonomy":"post_tag","embeddable":true,"href":"https:\/\/cvinoticias.com\/v3\/wp-json\/wp\/v2\/tags?post=57580"}],"curies":[{"name":"wp","href":"https:\/\/api.w.org\/{rel}","templated":true}]}}