{"id":57566,"date":"2026-04-28T09:06:57","date_gmt":"2026-04-28T12:06:57","guid":{"rendered":"https:\/\/cvinoticias.com\/v3\/?p=57566"},"modified":"2026-04-28T09:06:59","modified_gmt":"2026-04-28T12:06:59","slug":"dia-mundial-de-la-seguridad-y-la-salud-en-el-trabajo-la-importancia-de-prevenir-riesgos-laborales","status":"publish","type":"post","link":"https:\/\/cvinoticias.com\/v3\/dia-mundial-de-la-seguridad-y-la-salud-en-el-trabajo-la-importancia-de-prevenir-riesgos-laborales\/","title":{"rendered":"D\u00eda Mundial de la Seguridad y la Salud en el Trabajo: la importancia de prevenir riesgos laborales"},"content":{"rendered":"\n<p>El D\u00eda Mundial de la Seguridad y la Salud en el Trabajo se conmemora cada 28 de abril con el objetivo de promover la prevenci\u00f3n de accidentes laborales y enfermedades profesionales en todo el mundo. La fecha, impulsada por la Organizaci\u00f3n Internacional del Trabajo (OIT), busca instalar la importancia de generar entornos laborales seguros y saludables, tanto en el \u00e1mbito p\u00fablico como privado.<\/p>\n\n\n\n<p>La jornada pone el foco en la necesidad de fortalecer las pol\u00edticas de prevenci\u00f3n, la capacitaci\u00f3n de los trabajadores y el compromiso de empleadores y Estados para reducir los riesgos en los lugares de trabajo. En ese sentido, se destaca que la seguridad laboral no solo implica evitar accidentes, sino tambi\u00e9n garantizar condiciones dignas que contemplen la salud f\u00edsica y mental de quienes desarrollan sus tareas.<\/p>\n\n\n\n<p>A lo largo de los a\u00f1os, la conmemoraci\u00f3n fue incorporando nuevas problem\u00e1ticas vinculadas a los cambios en el mundo del trabajo, como la digitalizaci\u00f3n, el teletrabajo y los desaf\u00edos que plantean los entornos laborales modernos. Estos factores obligan a repensar estrategias de cuidado y adaptaci\u00f3n para proteger a los trabajadores en contextos cada vez m\u00e1s din\u00e1micos.<\/p>\n\n\n\n<p>En Argentina, distintos organismos, sindicatos y empresas suelen aprovechar la fecha para realizar campa\u00f1as de concientizaci\u00f3n, capacitaciones y actividades orientadas a reforzar la cultura de la prevenci\u00f3n. La premisa central es clara: evitar accidentes es posible si se adoptan medidas adecuadas y se promueve una responsabilidad compartida.<\/p>\n\n\n\n<p>De esta manera, el D\u00eda Mundial de la Seguridad y la Salud en el Trabajo se consolida como una oportunidad para reflexionar sobre la importancia de priorizar el bienestar de los trabajadores, entendiendo que un entorno seguro no solo protege vidas, sino que tambi\u00e9n mejora la calidad del empleo y la productividad.<\/p>\n","protected":false},"excerpt":{"rendered":"<p>El D\u00eda Mundial de la Seguridad y la Salud en el Trabajo se conmemora cada 28 de abril con el objetivo de promover la prevenci\u00f3n de accidentes laborales y enfermedades profesionales en todo el mundo. La fecha, impulsada por la Organizaci\u00f3n Internacional del Trabajo (OIT), busca instalar la importancia de generar entornos laborales seguros y [&hellip;]<\/p>\n","protected":false},"author":2,"featured_media":57567,"comment_status":"open","ping_status":"closed","sticky":false,"template":"","format":"standard","meta":{"footnotes":""},"categories":[442],"tags":[554,3206,107,165,2057],"class_list":["post-57566","post","type-post","status-publish","format-standard","has-post-thumbnail","hentry","category-efemerides-2","tag-dia","tag-mundial","tag-salud","tag-seguridad","tag-trabajo"],"yoast_head":"<!-- This site is optimized with the Yoast SEO plugin v27.5 - https:\/\/yoast.com\/product\/yoast-seo-wordpress\/ -->\n<title>D\u00eda de la Seguridad y Salud en el Trabajo | CVI NOTICIAS<\/title>\n<meta name=\"description\" content=\"Promueven la prevenci\u00f3n de riesgos y entornos laborales seguros\" \/>\n<meta name=\"robots\" content=\"index, follow, max-snippet:-1, max-image-preview:large, max-video-preview:-1\" \/>\n<link rel=\"canonical\" href=\"https:\/\/cvinoticias.com\/v3\/dia-mundial-de-la-seguridad-y-la-salud-en-el-trabajo-la-importancia-de-prevenir-riesgos-laborales\/\" \/>\n<meta property=\"og:locale\" content=\"es_ES\" \/>\n<meta property=\"og:type\" content=\"article\" \/>\n<meta property=\"og:title\" content=\"D\u00eda de la Seguridad y Salud en el Trabajo | CVI NOTICIAS\" \/>\n<meta property=\"og:description\" content=\"Promueven la prevenci\u00f3n de riesgos y entornos laborales seguros\" \/>\n<meta property=\"og:url\" content=\"https:\/\/cvinoticias.com\/v3\/dia-mundial-de-la-seguridad-y-la-salud-en-el-trabajo-la-importancia-de-prevenir-riesgos-laborales\/\" \/>\n<meta property=\"og:site_name\" content=\"CVI NOTICIAS\" \/>\n<meta property=\"article:publisher\" content=\"https:\/\/www.facebook.com\/cvinoticias\" \/>\n<meta property=\"article:published_time\" content=\"2026-04-28T12:06:57+00:00\" \/>\n<meta property=\"article:modified_time\" content=\"2026-04-28T12:06:59+00:00\" \/>\n<meta property=\"og:image\" content=\"https:\/\/cvinoticias.com\/wp-content\/uploads\/2026\/04\/Dia-Mundial-de-la-Seguridad-y-Salud-en-el-Trabajo.png\" \/>\n\t<meta property=\"og:image:width\" content=\"820\" \/>\n\t<meta property=\"og:image:height\" content=\"331\" \/>\n\t<meta property=\"og:image:type\" content=\"image\/png\" \/>\n<meta name=\"author\" content=\"f1000024\" \/>\n<meta name=\"twitter:card\" content=\"summary_large_image\" \/>\n<meta name=\"twitter:label1\" content=\"Escrito por\" \/>\n\t<meta name=\"twitter:data1\" content=\"f1000024\" \/>\n\t<meta name=\"twitter:label2\" content=\"Tiempo de lectura\" \/>\n\t<meta name=\"twitter:data2\" content=\"2 minutos\" \/>\n<script type=\"application\/ld+json\" class=\"yoast-schema-graph\">{\"@context\":\"https:\\\/\\\/schema.org\",\"@graph\":[{\"@type\":\"Article\",\"@id\":\"https:\\\/\\\/cvinoticias.com\\\/v3\\\/dia-mundial-de-la-seguridad-y-la-salud-en-el-trabajo-la-importancia-de-prevenir-riesgos-laborales\\\/#article\",\"isPartOf\":{\"@id\":\"https:\\\/\\\/cvinoticias.com\\\/v3\\\/dia-mundial-de-la-seguridad-y-la-salud-en-el-trabajo-la-importancia-de-prevenir-riesgos-laborales\\\/\"},\"author\":{\"name\":\"f1000024\",\"@id\":\"https:\\\/\\\/cvinoticias.com\\\/v3\\\/#\\\/schema\\\/person\\\/2db77e3c6bc03c538495d7b2b8be9b66\"},\"headline\":\"D\u00eda Mundial de la Seguridad y la Salud en el Trabajo: la importancia de prevenir riesgos laborales\",\"datePublished\":\"2026-04-28T12:06:57+00:00\",\"dateModified\":\"2026-04-28T12:06:59+00:00\",\"mainEntityOfPage\":{\"@id\":\"https:\\\/\\\/cvinoticias.com\\\/v3\\\/dia-mundial-de-la-seguridad-y-la-salud-en-el-trabajo-la-importancia-de-prevenir-riesgos-laborales\\\/\"},\"wordCount\":323,\"commentCount\":0,\"publisher\":{\"@id\":\"https:\\\/\\\/cvinoticias.com\\\/v3\\\/#organization\"},\"image\":{\"@id\":\"https:\\\/\\\/cvinoticias.com\\\/v3\\\/dia-mundial-de-la-seguridad-y-la-salud-en-el-trabajo-la-importancia-de-prevenir-riesgos-laborales\\\/#primaryimage\"},\"thumbnailUrl\":\"https:\\\/\\\/cvinoticias.com\\\/wp-content\\\/uploads\\\/2026\\\/04\\\/Dia-Mundial-de-la-Seguridad-y-Salud-en-el-Trabajo.png\",\"keywords\":[\"D\u00eda\",\"Mundial\",\"salud\",\"seguridad\",\"trabajo\"],\"articleSection\":[\"EFEMERIDES\"],\"inLanguage\":\"es\",\"potentialAction\":[{\"@type\":\"CommentAction\",\"name\":\"Comment\",\"target\":[\"https:\\\/\\\/cvinoticias.com\\\/v3\\\/dia-mundial-de-la-seguridad-y-la-salud-en-el-trabajo-la-importancia-de-prevenir-riesgos-laborales\\\/#respond\"]}]},{\"@type\":\"WebPage\",\"@id\":\"https:\\\/\\\/cvinoticias.com\\\/v3\\\/dia-mundial-de-la-seguridad-y-la-salud-en-el-trabajo-la-importancia-de-prevenir-riesgos-laborales\\\/\",\"url\":\"https:\\\/\\\/cvinoticias.com\\\/v3\\\/dia-mundial-de-la-seguridad-y-la-salud-en-el-trabajo-la-importancia-de-prevenir-riesgos-laborales\\\/\",\"name\":\"D\u00eda de la Seguridad y Salud en el Trabajo | CVI NOTICIAS\",\"isPartOf\":{\"@id\":\"https:\\\/\\\/cvinoticias.com\\\/v3\\\/#website\"},\"primaryImageOfPage\":{\"@id\":\"https:\\\/\\\/cvinoticias.com\\\/v3\\\/dia-mundial-de-la-seguridad-y-la-salud-en-el-trabajo-la-importancia-de-prevenir-riesgos-laborales\\\/#primaryimage\"},\"image\":{\"@id\":\"https:\\\/\\\/cvinoticias.com\\\/v3\\\/dia-mundial-de-la-seguridad-y-la-salud-en-el-trabajo-la-importancia-de-prevenir-riesgos-laborales\\\/#primaryimage\"},\"thumbnailUrl\":\"https:\\\/\\\/cvinoticias.com\\\/wp-content\\\/uploads\\\/2026\\\/04\\\/Dia-Mundial-de-la-Seguridad-y-Salud-en-el-Trabajo.png\",\"datePublished\":\"2026-04-28T12:06:57+00:00\",\"dateModified\":\"2026-04-28T12:06:59+00:00\",\"description\":\"Promueven la prevenci\u00f3n de riesgos y entornos laborales seguros\",\"breadcrumb\":{\"@id\":\"https:\\\/\\\/cvinoticias.com\\\/v3\\\/dia-mundial-de-la-seguridad-y-la-salud-en-el-trabajo-la-importancia-de-prevenir-riesgos-laborales\\\/#breadcrumb\"},\"inLanguage\":\"es\",\"potentialAction\":[{\"@type\":\"ReadAction\",\"target\":[\"https:\\\/\\\/cvinoticias.com\\\/v3\\\/dia-mundial-de-la-seguridad-y-la-salud-en-el-trabajo-la-importancia-de-prevenir-riesgos-laborales\\\/\"]}]},{\"@type\":\"ImageObject\",\"inLanguage\":\"es\",\"@id\":\"https:\\\/\\\/cvinoticias.com\\\/v3\\\/dia-mundial-de-la-seguridad-y-la-salud-en-el-trabajo-la-importancia-de-prevenir-riesgos-laborales\\\/#primaryimage\",\"url\":\"https:\\\/\\\/cvinoticias.com\\\/wp-content\\\/uploads\\\/2026\\\/04\\\/Dia-Mundial-de-la-Seguridad-y-Salud-en-el-Trabajo.png\",\"contentUrl\":\"https:\\\/\\\/cvinoticias.com\\\/wp-content\\\/uploads\\\/2026\\\/04\\\/Dia-Mundial-de-la-Seguridad-y-Salud-en-el-Trabajo.png\",\"width\":820,\"height\":331},{\"@type\":\"BreadcrumbList\",\"@id\":\"https:\\\/\\\/cvinoticias.com\\\/v3\\\/dia-mundial-de-la-seguridad-y-la-salud-en-el-trabajo-la-importancia-de-prevenir-riesgos-laborales\\\/#breadcrumb\",\"itemListElement\":[{\"@type\":\"ListItem\",\"position\":1,\"name\":\"Portada\",\"item\":\"https:\\\/\\\/cvinoticias.com\\\/v3\\\/\"},{\"@type\":\"ListItem\",\"position\":2,\"name\":\"D\u00eda Mundial de la Seguridad y la Salud en el Trabajo: la importancia de prevenir riesgos laborales\"}]},{\"@type\":\"WebSite\",\"@id\":\"https:\\\/\\\/cvinoticias.com\\\/v3\\\/#website\",\"url\":\"https:\\\/\\\/cvinoticias.com\\\/v3\\\/\",\"name\":\"CVI NOTICIAS\",\"description\":\"\",\"publisher\":{\"@id\":\"https:\\\/\\\/cvinoticias.com\\\/v3\\\/#organization\"},\"alternateName\":\"CVI\",\"potentialAction\":[{\"@type\":\"SearchAction\",\"target\":{\"@type\":\"EntryPoint\",\"urlTemplate\":\"https:\\\/\\\/cvinoticias.com\\\/v3\\\/?s={search_term_string}\"},\"query-input\":{\"@type\":\"PropertyValueSpecification\",\"valueRequired\":true,\"valueName\":\"search_term_string\"}}],\"inLanguage\":\"es\"},{\"@type\":\"Organization\",\"@id\":\"https:\\\/\\\/cvinoticias.com\\\/v3\\\/#organization\",\"name\":\"CVI NOTICIAS\",\"url\":\"https:\\\/\\\/cvinoticias.com\\\/v3\\\/\",\"logo\":{\"@type\":\"ImageObject\",\"inLanguage\":\"es\",\"@id\":\"https:\\\/\\\/cvinoticias.com\\\/v3\\\/#\\\/schema\\\/logo\\\/image\\\/\",\"url\":\"https:\\\/\\\/cvinoticias.com\\\/wp-content\\\/uploads\\\/2023\\\/04\\\/cropped-cropped-cropped-cropped-cropped-3-1.png\",\"contentUrl\":\"https:\\\/\\\/cvinoticias.com\\\/wp-content\\\/uploads\\\/2023\\\/04\\\/cropped-cropped-cropped-cropped-cropped-3-1.png\",\"width\":95,\"height\":122,\"caption\":\"CVI NOTICIAS\"},\"image\":{\"@id\":\"https:\\\/\\\/cvinoticias.com\\\/v3\\\/#\\\/schema\\\/logo\\\/image\\\/\"},\"sameAs\":[\"https:\\\/\\\/www.facebook.com\\\/cvinoticias\",\"https:\\\/\\\/www.instagram.com\\\/cvinoticias\\\/\",\"https:\\\/\\\/www.youtube.com\\\/@CVINOTICIAS\"]},{\"@type\":\"Person\",\"@id\":\"https:\\\/\\\/cvinoticias.com\\\/v3\\\/#\\\/schema\\\/person\\\/2db77e3c6bc03c538495d7b2b8be9b66\",\"name\":\"f1000024\",\"image\":{\"@type\":\"ImageObject\",\"inLanguage\":\"es\",\"@id\":\"https:\\\/\\\/secure.gravatar.com\\\/avatar\\\/d4fe7459cfc51ff5129ce1a732bbef5928568b8092d412ef95611616376bbeed?s=96&d=mm&r=g\",\"url\":\"https:\\\/\\\/secure.gravatar.com\\\/avatar\\\/d4fe7459cfc51ff5129ce1a732bbef5928568b8092d412ef95611616376bbeed?s=96&d=mm&r=g\",\"contentUrl\":\"https:\\\/\\\/secure.gravatar.com\\\/avatar\\\/d4fe7459cfc51ff5129ce1a732bbef5928568b8092d412ef95611616376bbeed?s=96&d=mm&r=g\",\"caption\":\"f1000024\"},\"url\":\"https:\\\/\\\/cvinoticias.com\\\/v3\\\/author\\\/f1000024\\\/\"}]}<\/script>\n<!-- \/ Yoast SEO plugin. -->","yoast_head_json":{"title":"D\u00eda de la Seguridad y Salud en el Trabajo | CVI NOTICIAS","description":"Promueven la prevenci\u00f3n de riesgos y entornos laborales seguros","robots":{"index":"index","follow":"follow","max-snippet":"max-snippet:-1","max-image-preview":"max-image-preview:large","max-video-preview":"max-video-preview:-1"},"canonical":"https:\/\/cvinoticias.com\/v3\/dia-mundial-de-la-seguridad-y-la-salud-en-el-trabajo-la-importancia-de-prevenir-riesgos-laborales\/","og_locale":"es_ES","og_type":"article","og_title":"D\u00eda de la Seguridad y Salud en el Trabajo | CVI NOTICIAS","og_description":"Promueven la prevenci\u00f3n de riesgos y entornos laborales seguros","og_url":"https:\/\/cvinoticias.com\/v3\/dia-mundial-de-la-seguridad-y-la-salud-en-el-trabajo-la-importancia-de-prevenir-riesgos-laborales\/","og_site_name":"CVI NOTICIAS","article_publisher":"https:\/\/www.facebook.com\/cvinoticias","article_published_time":"2026-04-28T12:06:57+00:00","article_modified_time":"2026-04-28T12:06:59+00:00","og_image":[{"width":820,"height":331,"url":"https:\/\/cvinoticias.com\/wp-content\/uploads\/2026\/04\/Dia-Mundial-de-la-Seguridad-y-Salud-en-el-Trabajo.png","type":"image\/png"}],"author":"f1000024","twitter_card":"summary_large_image","twitter_misc":{"Escrito por":"f1000024","Tiempo de lectura":"2 minutos"},"schema":{"@context":"https:\/\/schema.org","@graph":[{"@type":"Article","@id":"https:\/\/cvinoticias.com\/v3\/dia-mundial-de-la-seguridad-y-la-salud-en-el-trabajo-la-importancia-de-prevenir-riesgos-laborales\/#article","isPartOf":{"@id":"https:\/\/cvinoticias.com\/v3\/dia-mundial-de-la-seguridad-y-la-salud-en-el-trabajo-la-importancia-de-prevenir-riesgos-laborales\/"},"author":{"name":"f1000024","@id":"https:\/\/cvinoticias.com\/v3\/#\/schema\/person\/2db77e3c6bc03c538495d7b2b8be9b66"},"headline":"D\u00eda Mundial de la Seguridad y la Salud en el Trabajo: la importancia de prevenir riesgos laborales","datePublished":"2026-04-28T12:06:57+00:00","dateModified":"2026-04-28T12:06:59+00:00","mainEntityOfPage":{"@id":"https:\/\/cvinoticias.com\/v3\/dia-mundial-de-la-seguridad-y-la-salud-en-el-trabajo-la-importancia-de-prevenir-riesgos-laborales\/"},"wordCount":323,"commentCount":0,"publisher":{"@id":"https:\/\/cvinoticias.com\/v3\/#organization"},"image":{"@id":"https:\/\/cvinoticias.com\/v3\/dia-mundial-de-la-seguridad-y-la-salud-en-el-trabajo-la-importancia-de-prevenir-riesgos-laborales\/#primaryimage"},"thumbnailUrl":"https:\/\/cvinoticias.com\/wp-content\/uploads\/2026\/04\/Dia-Mundial-de-la-Seguridad-y-Salud-en-el-Trabajo.png","keywords":["D\u00eda","Mundial","salud","seguridad","trabajo"],"articleSection":["EFEMERIDES"],"inLanguage":"es","potentialAction":[{"@type":"CommentAction","name":"Comment","target":["https:\/\/cvinoticias.com\/v3\/dia-mundial-de-la-seguridad-y-la-salud-en-el-trabajo-la-importancia-de-prevenir-riesgos-laborales\/#respond"]}]},{"@type":"WebPage","@id":"https:\/\/cvinoticias.com\/v3\/dia-mundial-de-la-seguridad-y-la-salud-en-el-trabajo-la-importancia-de-prevenir-riesgos-laborales\/","url":"https:\/\/cvinoticias.com\/v3\/dia-mundial-de-la-seguridad-y-la-salud-en-el-trabajo-la-importancia-de-prevenir-riesgos-laborales\/","name":"D\u00eda de la Seguridad y Salud en el Trabajo | CVI NOTICIAS","isPartOf":{"@id":"https:\/\/cvinoticias.com\/v3\/#website"},"primaryImageOfPage":{"@id":"https:\/\/cvinoticias.com\/v3\/dia-mundial-de-la-seguridad-y-la-salud-en-el-trabajo-la-importancia-de-prevenir-riesgos-laborales\/#primaryimage"},"image":{"@id":"https:\/\/cvinoticias.com\/v3\/dia-mundial-de-la-seguridad-y-la-salud-en-el-trabajo-la-importancia-de-prevenir-riesgos-laborales\/#primaryimage"},"thumbnailUrl":"https:\/\/cvinoticias.com\/wp-content\/uploads\/2026\/04\/Dia-Mundial-de-la-Seguridad-y-Salud-en-el-Trabajo.png","datePublished":"2026-04-28T12:06:57+00:00","dateModified":"2026-04-28T12:06:59+00:00","description":"Promueven la prevenci\u00f3n de riesgos y entornos laborales seguros","breadcrumb":{"@id":"https:\/\/cvinoticias.com\/v3\/dia-mundial-de-la-seguridad-y-la-salud-en-el-trabajo-la-importancia-de-prevenir-riesgos-laborales\/#breadcrumb"},"inLanguage":"es","potentialAction":[{"@type":"ReadAction","target":["https:\/\/cvinoticias.com\/v3\/dia-mundial-de-la-seguridad-y-la-salud-en-el-trabajo-la-importancia-de-prevenir-riesgos-laborales\/"]}]},{"@type":"ImageObject","inLanguage":"es","@id":"https:\/\/cvinoticias.com\/v3\/dia-mundial-de-la-seguridad-y-la-salud-en-el-trabajo-la-importancia-de-prevenir-riesgos-laborales\/#primaryimage","url":"https:\/\/cvinoticias.com\/wp-content\/uploads\/2026\/04\/Dia-Mundial-de-la-Seguridad-y-Salud-en-el-Trabajo.png","contentUrl":"https:\/\/cvinoticias.com\/wp-content\/uploads\/2026\/04\/Dia-Mundial-de-la-Seguridad-y-Salud-en-el-Trabajo.png","width":820,"height":331},{"@type":"BreadcrumbList","@id":"https:\/\/cvinoticias.com\/v3\/dia-mundial-de-la-seguridad-y-la-salud-en-el-trabajo-la-importancia-de-prevenir-riesgos-laborales\/#breadcrumb","itemListElement":[{"@type":"ListItem","position":1,"name":"Portada","item":"https:\/\/cvinoticias.com\/v3\/"},{"@type":"ListItem","position":2,"name":"D\u00eda Mundial de la Seguridad y la Salud en el Trabajo: la importancia de prevenir riesgos laborales"}]},{"@type":"WebSite","@id":"https:\/\/cvinoticias.com\/v3\/#website","url":"https:\/\/cvinoticias.com\/v3\/","name":"CVI NOTICIAS","description":"","publisher":{"@id":"https:\/\/cvinoticias.com\/v3\/#organization"},"alternateName":"CVI","potentialAction":[{"@type":"SearchAction","target":{"@type":"EntryPoint","urlTemplate":"https:\/\/cvinoticias.com\/v3\/?s={search_term_string}"},"query-input":{"@type":"PropertyValueSpecification","valueRequired":true,"valueName":"search_term_string"}}],"inLanguage":"es"},{"@type":"Organization","@id":"https:\/\/cvinoticias.com\/v3\/#organization","name":"CVI NOTICIAS","url":"https:\/\/cvinoticias.com\/v3\/","logo":{"@type":"ImageObject","inLanguage":"es","@id":"https:\/\/cvinoticias.com\/v3\/#\/schema\/logo\/image\/","url":"https:\/\/cvinoticias.com\/wp-content\/uploads\/2023\/04\/cropped-cropped-cropped-cropped-cropped-3-1.png","contentUrl":"https:\/\/cvinoticias.com\/wp-content\/uploads\/2023\/04\/cropped-cropped-cropped-cropped-cropped-3-1.png","width":95,"height":122,"caption":"CVI NOTICIAS"},"image":{"@id":"https:\/\/cvinoticias.com\/v3\/#\/schema\/logo\/image\/"},"sameAs":["https:\/\/www.facebook.com\/cvinoticias","https:\/\/www.instagram.com\/cvinoticias\/","https:\/\/www.youtube.com\/@CVINOTICIAS"]},{"@type":"Person","@id":"https:\/\/cvinoticias.com\/v3\/#\/schema\/person\/2db77e3c6bc03c538495d7b2b8be9b66","name":"f1000024","image":{"@type":"ImageObject","inLanguage":"es","@id":"https:\/\/secure.gravatar.com\/avatar\/d4fe7459cfc51ff5129ce1a732bbef5928568b8092d412ef95611616376bbeed?s=96&d=mm&r=g","url":"https:\/\/secure.gravatar.com\/avatar\/d4fe7459cfc51ff5129ce1a732bbef5928568b8092d412ef95611616376bbeed?s=96&d=mm&r=g","contentUrl":"https:\/\/secure.gravatar.com\/avatar\/d4fe7459cfc51ff5129ce1a732bbef5928568b8092d412ef95611616376bbeed?s=96&d=mm&r=g","caption":"f1000024"},"url":"https:\/\/cvinoticias.com\/v3\/author\/f1000024\/"}]}},"_links":{"self":[{"href":"https:\/\/cvinoticias.com\/v3\/wp-json\/wp\/v2\/posts\/57566","targetHints":{"allow":["GET"]}}],"collection":[{"href":"https:\/\/cvinoticias.com\/v3\/wp-json\/wp\/v2\/posts"}],"about":[{"href":"https:\/\/cvinoticias.com\/v3\/wp-json\/wp\/v2\/types\/post"}],"author":[{"embeddable":true,"href":"https:\/\/cvinoticias.com\/v3\/wp-json\/wp\/v2\/users\/2"}],"replies":[{"embeddable":true,"href":"https:\/\/cvinoticias.com\/v3\/wp-json\/wp\/v2\/comments?post=57566"}],"version-history":[{"count":1,"href":"https:\/\/cvinoticias.com\/v3\/wp-json\/wp\/v2\/posts\/57566\/revisions"}],"predecessor-version":[{"id":57568,"href":"https:\/\/cvinoticias.com\/v3\/wp-json\/wp\/v2\/posts\/57566\/revisions\/57568"}],"wp:featuredmedia":[{"embeddable":true,"href":"https:\/\/cvinoticias.com\/v3\/wp-json\/wp\/v2\/media\/57567"}],"wp:attachment":[{"href":"https:\/\/cvinoticias.com\/v3\/wp-json\/wp\/v2\/media?parent=57566"}],"wp:term":[{"taxonomy":"category","embeddable":true,"href":"https:\/\/cvinoticias.com\/v3\/wp-json\/wp\/v2\/categories?post=57566"},{"taxonomy":"post_tag","embeddable":true,"href":"https:\/\/cvinoticias.com\/v3\/wp-json\/wp\/v2\/tags?post=57566"}],"curies":[{"name":"wp","href":"https:\/\/api.w.org\/{rel}","templated":true}]}}