{"id":57558,"date":"2026-04-28T08:51:31","date_gmt":"2026-04-28T11:51:31","guid":{"rendered":"https:\/\/cvinoticias.com\/v3\/?p=57558"},"modified":"2026-04-28T08:52:34","modified_gmt":"2026-04-28T11:52:34","slug":"la-clinica-del-horror-en-villa-ballester-el-video-del-allanamiento-y-la-pista-de-la-ong-vinculada-a-la-menor-embarazada","status":"publish","type":"post","link":"https:\/\/cvinoticias.com\/v3\/la-clinica-del-horror-en-villa-ballester-el-video-del-allanamiento-y-la-pista-de-la-ong-vinculada-a-la-menor-embarazada\/","title":{"rendered":"La cl\u00ednica del horror en Villa Ballester: el video del allanamiento y la pista de la ONG vinculada a la menor embarazada"},"content":{"rendered":"\n<p>Uno de los casos m\u00e1s escalofriantes de la historia reciente estall\u00f3 en las \u00faltimas horas. El viernes por la noche,\u00a0<strong>la Polic\u00eda Bonaerense allan\u00f3 la cl\u00ednica Santa Mar\u00eda<\/strong>, ubicada sobre la calle Marengo al 3900 en la zona de Villa Ballester.<\/p>\n\n\n\n<p>Los investigadores iban<strong>&nbsp;tras el rastro de una ni\u00f1a de 12 a\u00f1os oriunda de Monte Quemado, provincia de Santiago del Estero, acompa\u00f1ada de su madre,<\/strong>&nbsp;una pensionada de 48 a\u00f1os. La ni\u00f1a estaba&nbsp;<strong>embarazada de ocho meses<\/strong>, tras ser v\u00edctima de un abuso sexual.<\/p>\n\n\n\n<p>Ambas, descubri\u00f3 la Bonaerense, se encontraban all\u00ed, en la propia Santa Mar\u00eda. La mujer, efectivamente, declar\u00f3:&nbsp;<strong>dijo que no sab\u00eda qu\u00e9 hab\u00eda pasado con la criatura que su hija gestaba<\/strong>, si estaba vivo o muerto. Su g\u00e9nero, por lo pronto, se desconoce.<\/p>\n\n\n\n<p>Radicada en Palermo y basada en una cl\u00ednica ginecol\u00f3gica, la ONG&nbsp;<strong>se dedica a la salud reproductiva, seg\u00fan su propio sitio web<\/strong>, y ofrece&nbsp;<strong>interrupciones del embarazo&nbsp;<\/strong>con medicamentos como misoprostol, as\u00ed como aspiraciones manuales endouterinas, en base a la Ley de Interrupci\u00f3n Voluntaria del Embarazo.&nbsp;<strong>Infobae&nbsp;<\/strong>se contact\u00f3 con sus representantes, sin recibir respuesta al cierre de esta nota.<\/p>\n\n\n\n<p>C\u00f3mo sigue la investigaci\u00f3n<\/p>\n\n\n\n<p>Supuestamente,&nbsp;<strong>la ni\u00f1a se practicar\u00eda un aborto en el lugar<\/strong>, un procedimiento de alt\u00edsimo riesgo dado el tiempo de gestaci\u00f3n del feto. La<strong>&nbsp;Superintendencia de Delitos Complejos de la fuerza provincial<\/strong>&nbsp;ingres\u00f3 al lugar con un oficio del Juzgado Federal de Tres de Febrero, luego de un exhorto de la Unidad Fiscal de Monte Quemado. El director de la cl\u00ednica<strong>&nbsp;\u201cse hizo el desentendido\u201d cuando le preguntaron sobre la madre y su hija<\/strong>, aseguran investigadores.<a href=\"https:\/\/www.infobae.com\/sociedad\/policiales\/2026\/04\/27\/dueno-de-una-concesionaria-y-con-antecedentes-por-estafa-quien-es-el-hombre-denunciado-por-su-expareja-por-brutales-golpizas\/\" target=\"_blank\" rel=\"noreferrer noopener\"><\/a><a href=\"https:\/\/www.infobae.com\/sociedad\/policiales\/2026\/04\/27\/dos-profugos-y-un-familiar-que-rompio-el-silencio-el-viaje-de-la-nena-violada-y-embarazada-desde-chaco-hasta-la-clinica-del-horror\/\" target=\"_blank\" rel=\"noreferrer noopener\"><\/a><\/p>\n\n\n\n<p>La cl\u00ednica fue r\u00e1pidamente allanada, con una causa por averiguaci\u00f3n de il\u00edcito a cargo de la UFI N\u00b07 de Malvinas Argentinas. La madre y la hija<strong>&nbsp;ya hab\u00edan abandonado el lugar<\/strong>&nbsp;cuando la Bonaerense regres\u00f3.<\/p>\n\n\n\n<p>Lo que sigui\u00f3 fue una escena abismal. Se<strong>&nbsp;hallaron ocho fetos&nbsp;<\/strong>en bolsas de consorcio.&nbsp;<strong>Cinco de ellos estaban completamente formados; los otros tres, en un estado inicial de desarrollo.<\/strong><\/p>\n\n\n\n<p>Ahora, la investigaci\u00f3n<strong>&nbsp;se centrar\u00e1 en determinar si entre esos fetos formados se encuentra el beb\u00e9&nbsp;<\/strong>que gestaba la ni\u00f1a de 12 a\u00f1os v\u00edctima de abuso. La otra sospecha es m\u00e1s inquietante:&nbsp;<strong>que el beb\u00e9 haya nacido vivo y que haya sido entregado<\/strong>, un caso de trata de personas.<\/p>\n\n\n\n<p>Por lo pronto,&nbsp;<strong>no hubo detenidos<\/strong>&nbsp;en la cl\u00ednica de Villa Ballester. Todos los presentes en el lugar fueron identificados.<\/p>\n","protected":false},"excerpt":{"rendered":"<p>Uno de los casos m\u00e1s escalofriantes de la historia reciente estall\u00f3 en las \u00faltimas horas. El viernes por la noche,\u00a0la Polic\u00eda Bonaerense allan\u00f3 la cl\u00ednica Santa Mar\u00eda, ubicada sobre la calle Marengo al 3900 en la zona de Villa Ballester. Los investigadores iban&nbsp;tras el rastro de una ni\u00f1a de 12 a\u00f1os oriunda de Monte Quemado, [&hellip;]<\/p>\n","protected":false},"author":2,"featured_media":57559,"comment_status":"open","ping_status":"closed","sticky":false,"template":"","format":"standard","meta":{"footnotes":""},"categories":[41],"tags":[5266,4969,1255,5862],"class_list":["post-57558","post","type-post","status-publish","format-standard","has-post-thumbnail","hentry","category-policiales","tag-clinica","tag-horror","tag-menor","tag-vembarazada"],"yoast_head":"<!-- This site is optimized with the Yoast SEO plugin v27.5 - https:\/\/yoast.com\/product\/yoast-seo-wordpress\/ -->\n<title>Allanaron cl\u00ednica en Villa Ballester por caso escalofriante | CVI NOTICIAS<\/title>\n<meta name=\"description\" content=\"Hallaron fetos y buscan a una menor embarazada desaparecida\" \/>\n<meta name=\"robots\" content=\"index, follow, max-snippet:-1, max-image-preview:large, max-video-preview:-1\" \/>\n<link rel=\"canonical\" href=\"https:\/\/cvinoticias.com\/v3\/la-clinica-del-horror-en-villa-ballester-el-video-del-allanamiento-y-la-pista-de-la-ong-vinculada-a-la-menor-embarazada\/\" \/>\n<meta property=\"og:locale\" content=\"es_ES\" \/>\n<meta property=\"og:type\" content=\"article\" \/>\n<meta property=\"og:title\" content=\"Allanaron cl\u00ednica en Villa Ballester por caso escalofriante | CVI NOTICIAS\" \/>\n<meta property=\"og:description\" content=\"Hallaron fetos y buscan a una menor embarazada desaparecida\" \/>\n<meta property=\"og:url\" content=\"https:\/\/cvinoticias.com\/v3\/la-clinica-del-horror-en-villa-ballester-el-video-del-allanamiento-y-la-pista-de-la-ong-vinculada-a-la-menor-embarazada\/\" \/>\n<meta property=\"og:site_name\" content=\"CVI NOTICIAS\" \/>\n<meta property=\"article:publisher\" content=\"https:\/\/www.facebook.com\/cvinoticias\" \/>\n<meta property=\"article:published_time\" content=\"2026-04-28T11:51:31+00:00\" \/>\n<meta property=\"article:modified_time\" content=\"2026-04-28T11:52:34+00:00\" \/>\n<meta property=\"og:image\" content=\"https:\/\/cvinoticias.com\/wp-content\/uploads\/2026\/04\/Captura-de-pantalla-2026-04-28-085027.png\" \/>\n\t<meta property=\"og:image:width\" content=\"883\" \/>\n\t<meta property=\"og:image:height\" content=\"547\" \/>\n\t<meta property=\"og:image:type\" content=\"image\/png\" \/>\n<meta name=\"author\" content=\"f1000024\" \/>\n<meta name=\"twitter:card\" content=\"summary_large_image\" \/>\n<meta name=\"twitter:label1\" content=\"Escrito por\" \/>\n\t<meta name=\"twitter:data1\" content=\"f1000024\" \/>\n\t<meta name=\"twitter:label2\" content=\"Tiempo de lectura\" \/>\n\t<meta name=\"twitter:data2\" content=\"3 minutos\" \/>\n<script type=\"application\/ld+json\" class=\"yoast-schema-graph\">{\"@context\":\"https:\\\/\\\/schema.org\",\"@graph\":[{\"@type\":\"Article\",\"@id\":\"https:\\\/\\\/cvinoticias.com\\\/v3\\\/la-clinica-del-horror-en-villa-ballester-el-video-del-allanamiento-y-la-pista-de-la-ong-vinculada-a-la-menor-embarazada\\\/#article\",\"isPartOf\":{\"@id\":\"https:\\\/\\\/cvinoticias.com\\\/v3\\\/la-clinica-del-horror-en-villa-ballester-el-video-del-allanamiento-y-la-pista-de-la-ong-vinculada-a-la-menor-embarazada\\\/\"},\"author\":{\"name\":\"f1000024\",\"@id\":\"https:\\\/\\\/cvinoticias.com\\\/v3\\\/#\\\/schema\\\/person\\\/2db77e3c6bc03c538495d7b2b8be9b66\"},\"headline\":\"La cl\u00ednica del horror en Villa Ballester: el video del allanamiento y la pista de la ONG vinculada a la menor embarazada\",\"datePublished\":\"2026-04-28T11:51:31+00:00\",\"dateModified\":\"2026-04-28T11:52:34+00:00\",\"mainEntityOfPage\":{\"@id\":\"https:\\\/\\\/cvinoticias.com\\\/v3\\\/la-clinica-del-horror-en-villa-ballester-el-video-del-allanamiento-y-la-pista-de-la-ong-vinculada-a-la-menor-embarazada\\\/\"},\"wordCount\":478,\"commentCount\":0,\"publisher\":{\"@id\":\"https:\\\/\\\/cvinoticias.com\\\/v3\\\/#organization\"},\"image\":{\"@id\":\"https:\\\/\\\/cvinoticias.com\\\/v3\\\/la-clinica-del-horror-en-villa-ballester-el-video-del-allanamiento-y-la-pista-de-la-ong-vinculada-a-la-menor-embarazada\\\/#primaryimage\"},\"thumbnailUrl\":\"https:\\\/\\\/cvinoticias.com\\\/wp-content\\\/uploads\\\/2026\\\/04\\\/Captura-de-pantalla-2026-04-28-085027.png\",\"keywords\":[\"cl\u00ednica\",\"horror\",\"Menor\",\"vembarazada\"],\"articleSection\":[\"Policiales\"],\"inLanguage\":\"es\",\"potentialAction\":[{\"@type\":\"CommentAction\",\"name\":\"Comment\",\"target\":[\"https:\\\/\\\/cvinoticias.com\\\/v3\\\/la-clinica-del-horror-en-villa-ballester-el-video-del-allanamiento-y-la-pista-de-la-ong-vinculada-a-la-menor-embarazada\\\/#respond\"]}]},{\"@type\":\"WebPage\",\"@id\":\"https:\\\/\\\/cvinoticias.com\\\/v3\\\/la-clinica-del-horror-en-villa-ballester-el-video-del-allanamiento-y-la-pista-de-la-ong-vinculada-a-la-menor-embarazada\\\/\",\"url\":\"https:\\\/\\\/cvinoticias.com\\\/v3\\\/la-clinica-del-horror-en-villa-ballester-el-video-del-allanamiento-y-la-pista-de-la-ong-vinculada-a-la-menor-embarazada\\\/\",\"name\":\"Allanaron cl\u00ednica en Villa Ballester por caso escalofriante | CVI NOTICIAS\",\"isPartOf\":{\"@id\":\"https:\\\/\\\/cvinoticias.com\\\/v3\\\/#website\"},\"primaryImageOfPage\":{\"@id\":\"https:\\\/\\\/cvinoticias.com\\\/v3\\\/la-clinica-del-horror-en-villa-ballester-el-video-del-allanamiento-y-la-pista-de-la-ong-vinculada-a-la-menor-embarazada\\\/#primaryimage\"},\"image\":{\"@id\":\"https:\\\/\\\/cvinoticias.com\\\/v3\\\/la-clinica-del-horror-en-villa-ballester-el-video-del-allanamiento-y-la-pista-de-la-ong-vinculada-a-la-menor-embarazada\\\/#primaryimage\"},\"thumbnailUrl\":\"https:\\\/\\\/cvinoticias.com\\\/wp-content\\\/uploads\\\/2026\\\/04\\\/Captura-de-pantalla-2026-04-28-085027.png\",\"datePublished\":\"2026-04-28T11:51:31+00:00\",\"dateModified\":\"2026-04-28T11:52:34+00:00\",\"description\":\"Hallaron fetos y buscan a una menor embarazada desaparecida\",\"breadcrumb\":{\"@id\":\"https:\\\/\\\/cvinoticias.com\\\/v3\\\/la-clinica-del-horror-en-villa-ballester-el-video-del-allanamiento-y-la-pista-de-la-ong-vinculada-a-la-menor-embarazada\\\/#breadcrumb\"},\"inLanguage\":\"es\",\"potentialAction\":[{\"@type\":\"ReadAction\",\"target\":[\"https:\\\/\\\/cvinoticias.com\\\/v3\\\/la-clinica-del-horror-en-villa-ballester-el-video-del-allanamiento-y-la-pista-de-la-ong-vinculada-a-la-menor-embarazada\\\/\"]}]},{\"@type\":\"ImageObject\",\"inLanguage\":\"es\",\"@id\":\"https:\\\/\\\/cvinoticias.com\\\/v3\\\/la-clinica-del-horror-en-villa-ballester-el-video-del-allanamiento-y-la-pista-de-la-ong-vinculada-a-la-menor-embarazada\\\/#primaryimage\",\"url\":\"https:\\\/\\\/cvinoticias.com\\\/wp-content\\\/uploads\\\/2026\\\/04\\\/Captura-de-pantalla-2026-04-28-085027.png\",\"contentUrl\":\"https:\\\/\\\/cvinoticias.com\\\/wp-content\\\/uploads\\\/2026\\\/04\\\/Captura-de-pantalla-2026-04-28-085027.png\",\"width\":883,\"height\":547},{\"@type\":\"BreadcrumbList\",\"@id\":\"https:\\\/\\\/cvinoticias.com\\\/v3\\\/la-clinica-del-horror-en-villa-ballester-el-video-del-allanamiento-y-la-pista-de-la-ong-vinculada-a-la-menor-embarazada\\\/#breadcrumb\",\"itemListElement\":[{\"@type\":\"ListItem\",\"position\":1,\"name\":\"Portada\",\"item\":\"https:\\\/\\\/cvinoticias.com\\\/v3\\\/\"},{\"@type\":\"ListItem\",\"position\":2,\"name\":\"La cl\u00ednica del horror en Villa Ballester: el video del allanamiento y la pista de la ONG vinculada a la menor embarazada\"}]},{\"@type\":\"WebSite\",\"@id\":\"https:\\\/\\\/cvinoticias.com\\\/v3\\\/#website\",\"url\":\"https:\\\/\\\/cvinoticias.com\\\/v3\\\/\",\"name\":\"CVI NOTICIAS\",\"description\":\"\",\"publisher\":{\"@id\":\"https:\\\/\\\/cvinoticias.com\\\/v3\\\/#organization\"},\"alternateName\":\"CVI\",\"potentialAction\":[{\"@type\":\"SearchAction\",\"target\":{\"@type\":\"EntryPoint\",\"urlTemplate\":\"https:\\\/\\\/cvinoticias.com\\\/v3\\\/?s={search_term_string}\"},\"query-input\":{\"@type\":\"PropertyValueSpecification\",\"valueRequired\":true,\"valueName\":\"search_term_string\"}}],\"inLanguage\":\"es\"},{\"@type\":\"Organization\",\"@id\":\"https:\\\/\\\/cvinoticias.com\\\/v3\\\/#organization\",\"name\":\"CVI NOTICIAS\",\"url\":\"https:\\\/\\\/cvinoticias.com\\\/v3\\\/\",\"logo\":{\"@type\":\"ImageObject\",\"inLanguage\":\"es\",\"@id\":\"https:\\\/\\\/cvinoticias.com\\\/v3\\\/#\\\/schema\\\/logo\\\/image\\\/\",\"url\":\"https:\\\/\\\/cvinoticias.com\\\/wp-content\\\/uploads\\\/2023\\\/04\\\/cropped-cropped-cropped-cropped-cropped-3-1.png\",\"contentUrl\":\"https:\\\/\\\/cvinoticias.com\\\/wp-content\\\/uploads\\\/2023\\\/04\\\/cropped-cropped-cropped-cropped-cropped-3-1.png\",\"width\":95,\"height\":122,\"caption\":\"CVI NOTICIAS\"},\"image\":{\"@id\":\"https:\\\/\\\/cvinoticias.com\\\/v3\\\/#\\\/schema\\\/logo\\\/image\\\/\"},\"sameAs\":[\"https:\\\/\\\/www.facebook.com\\\/cvinoticias\",\"https:\\\/\\\/www.instagram.com\\\/cvinoticias\\\/\",\"https:\\\/\\\/www.youtube.com\\\/@CVINOTICIAS\"]},{\"@type\":\"Person\",\"@id\":\"https:\\\/\\\/cvinoticias.com\\\/v3\\\/#\\\/schema\\\/person\\\/2db77e3c6bc03c538495d7b2b8be9b66\",\"name\":\"f1000024\",\"image\":{\"@type\":\"ImageObject\",\"inLanguage\":\"es\",\"@id\":\"https:\\\/\\\/secure.gravatar.com\\\/avatar\\\/d4fe7459cfc51ff5129ce1a732bbef5928568b8092d412ef95611616376bbeed?s=96&d=mm&r=g\",\"url\":\"https:\\\/\\\/secure.gravatar.com\\\/avatar\\\/d4fe7459cfc51ff5129ce1a732bbef5928568b8092d412ef95611616376bbeed?s=96&d=mm&r=g\",\"contentUrl\":\"https:\\\/\\\/secure.gravatar.com\\\/avatar\\\/d4fe7459cfc51ff5129ce1a732bbef5928568b8092d412ef95611616376bbeed?s=96&d=mm&r=g\",\"caption\":\"f1000024\"},\"url\":\"https:\\\/\\\/cvinoticias.com\\\/v3\\\/author\\\/f1000024\\\/\"}]}<\/script>\n<!-- \/ Yoast SEO plugin. -->","yoast_head_json":{"title":"Allanaron cl\u00ednica en Villa Ballester por caso escalofriante | CVI NOTICIAS","description":"Hallaron fetos y buscan a una menor embarazada desaparecida","robots":{"index":"index","follow":"follow","max-snippet":"max-snippet:-1","max-image-preview":"max-image-preview:large","max-video-preview":"max-video-preview:-1"},"canonical":"https:\/\/cvinoticias.com\/v3\/la-clinica-del-horror-en-villa-ballester-el-video-del-allanamiento-y-la-pista-de-la-ong-vinculada-a-la-menor-embarazada\/","og_locale":"es_ES","og_type":"article","og_title":"Allanaron cl\u00ednica en Villa Ballester por caso escalofriante | CVI NOTICIAS","og_description":"Hallaron fetos y buscan a una menor embarazada desaparecida","og_url":"https:\/\/cvinoticias.com\/v3\/la-clinica-del-horror-en-villa-ballester-el-video-del-allanamiento-y-la-pista-de-la-ong-vinculada-a-la-menor-embarazada\/","og_site_name":"CVI NOTICIAS","article_publisher":"https:\/\/www.facebook.com\/cvinoticias","article_published_time":"2026-04-28T11:51:31+00:00","article_modified_time":"2026-04-28T11:52:34+00:00","og_image":[{"width":883,"height":547,"url":"https:\/\/cvinoticias.com\/wp-content\/uploads\/2026\/04\/Captura-de-pantalla-2026-04-28-085027.png","type":"image\/png"}],"author":"f1000024","twitter_card":"summary_large_image","twitter_misc":{"Escrito por":"f1000024","Tiempo de lectura":"3 minutos"},"schema":{"@context":"https:\/\/schema.org","@graph":[{"@type":"Article","@id":"https:\/\/cvinoticias.com\/v3\/la-clinica-del-horror-en-villa-ballester-el-video-del-allanamiento-y-la-pista-de-la-ong-vinculada-a-la-menor-embarazada\/#article","isPartOf":{"@id":"https:\/\/cvinoticias.com\/v3\/la-clinica-del-horror-en-villa-ballester-el-video-del-allanamiento-y-la-pista-de-la-ong-vinculada-a-la-menor-embarazada\/"},"author":{"name":"f1000024","@id":"https:\/\/cvinoticias.com\/v3\/#\/schema\/person\/2db77e3c6bc03c538495d7b2b8be9b66"},"headline":"La cl\u00ednica del horror en Villa Ballester: el video del allanamiento y la pista de la ONG vinculada a la menor embarazada","datePublished":"2026-04-28T11:51:31+00:00","dateModified":"2026-04-28T11:52:34+00:00","mainEntityOfPage":{"@id":"https:\/\/cvinoticias.com\/v3\/la-clinica-del-horror-en-villa-ballester-el-video-del-allanamiento-y-la-pista-de-la-ong-vinculada-a-la-menor-embarazada\/"},"wordCount":478,"commentCount":0,"publisher":{"@id":"https:\/\/cvinoticias.com\/v3\/#organization"},"image":{"@id":"https:\/\/cvinoticias.com\/v3\/la-clinica-del-horror-en-villa-ballester-el-video-del-allanamiento-y-la-pista-de-la-ong-vinculada-a-la-menor-embarazada\/#primaryimage"},"thumbnailUrl":"https:\/\/cvinoticias.com\/wp-content\/uploads\/2026\/04\/Captura-de-pantalla-2026-04-28-085027.png","keywords":["cl\u00ednica","horror","Menor","vembarazada"],"articleSection":["Policiales"],"inLanguage":"es","potentialAction":[{"@type":"CommentAction","name":"Comment","target":["https:\/\/cvinoticias.com\/v3\/la-clinica-del-horror-en-villa-ballester-el-video-del-allanamiento-y-la-pista-de-la-ong-vinculada-a-la-menor-embarazada\/#respond"]}]},{"@type":"WebPage","@id":"https:\/\/cvinoticias.com\/v3\/la-clinica-del-horror-en-villa-ballester-el-video-del-allanamiento-y-la-pista-de-la-ong-vinculada-a-la-menor-embarazada\/","url":"https:\/\/cvinoticias.com\/v3\/la-clinica-del-horror-en-villa-ballester-el-video-del-allanamiento-y-la-pista-de-la-ong-vinculada-a-la-menor-embarazada\/","name":"Allanaron cl\u00ednica en Villa Ballester por caso escalofriante | CVI NOTICIAS","isPartOf":{"@id":"https:\/\/cvinoticias.com\/v3\/#website"},"primaryImageOfPage":{"@id":"https:\/\/cvinoticias.com\/v3\/la-clinica-del-horror-en-villa-ballester-el-video-del-allanamiento-y-la-pista-de-la-ong-vinculada-a-la-menor-embarazada\/#primaryimage"},"image":{"@id":"https:\/\/cvinoticias.com\/v3\/la-clinica-del-horror-en-villa-ballester-el-video-del-allanamiento-y-la-pista-de-la-ong-vinculada-a-la-menor-embarazada\/#primaryimage"},"thumbnailUrl":"https:\/\/cvinoticias.com\/wp-content\/uploads\/2026\/04\/Captura-de-pantalla-2026-04-28-085027.png","datePublished":"2026-04-28T11:51:31+00:00","dateModified":"2026-04-28T11:52:34+00:00","description":"Hallaron fetos y buscan a una menor embarazada desaparecida","breadcrumb":{"@id":"https:\/\/cvinoticias.com\/v3\/la-clinica-del-horror-en-villa-ballester-el-video-del-allanamiento-y-la-pista-de-la-ong-vinculada-a-la-menor-embarazada\/#breadcrumb"},"inLanguage":"es","potentialAction":[{"@type":"ReadAction","target":["https:\/\/cvinoticias.com\/v3\/la-clinica-del-horror-en-villa-ballester-el-video-del-allanamiento-y-la-pista-de-la-ong-vinculada-a-la-menor-embarazada\/"]}]},{"@type":"ImageObject","inLanguage":"es","@id":"https:\/\/cvinoticias.com\/v3\/la-clinica-del-horror-en-villa-ballester-el-video-del-allanamiento-y-la-pista-de-la-ong-vinculada-a-la-menor-embarazada\/#primaryimage","url":"https:\/\/cvinoticias.com\/wp-content\/uploads\/2026\/04\/Captura-de-pantalla-2026-04-28-085027.png","contentUrl":"https:\/\/cvinoticias.com\/wp-content\/uploads\/2026\/04\/Captura-de-pantalla-2026-04-28-085027.png","width":883,"height":547},{"@type":"BreadcrumbList","@id":"https:\/\/cvinoticias.com\/v3\/la-clinica-del-horror-en-villa-ballester-el-video-del-allanamiento-y-la-pista-de-la-ong-vinculada-a-la-menor-embarazada\/#breadcrumb","itemListElement":[{"@type":"ListItem","position":1,"name":"Portada","item":"https:\/\/cvinoticias.com\/v3\/"},{"@type":"ListItem","position":2,"name":"La cl\u00ednica del horror en Villa Ballester: el video del allanamiento y la pista de la ONG vinculada a la menor embarazada"}]},{"@type":"WebSite","@id":"https:\/\/cvinoticias.com\/v3\/#website","url":"https:\/\/cvinoticias.com\/v3\/","name":"CVI NOTICIAS","description":"","publisher":{"@id":"https:\/\/cvinoticias.com\/v3\/#organization"},"alternateName":"CVI","potentialAction":[{"@type":"SearchAction","target":{"@type":"EntryPoint","urlTemplate":"https:\/\/cvinoticias.com\/v3\/?s={search_term_string}"},"query-input":{"@type":"PropertyValueSpecification","valueRequired":true,"valueName":"search_term_string"}}],"inLanguage":"es"},{"@type":"Organization","@id":"https:\/\/cvinoticias.com\/v3\/#organization","name":"CVI NOTICIAS","url":"https:\/\/cvinoticias.com\/v3\/","logo":{"@type":"ImageObject","inLanguage":"es","@id":"https:\/\/cvinoticias.com\/v3\/#\/schema\/logo\/image\/","url":"https:\/\/cvinoticias.com\/wp-content\/uploads\/2023\/04\/cropped-cropped-cropped-cropped-cropped-3-1.png","contentUrl":"https:\/\/cvinoticias.com\/wp-content\/uploads\/2023\/04\/cropped-cropped-cropped-cropped-cropped-3-1.png","width":95,"height":122,"caption":"CVI NOTICIAS"},"image":{"@id":"https:\/\/cvinoticias.com\/v3\/#\/schema\/logo\/image\/"},"sameAs":["https:\/\/www.facebook.com\/cvinoticias","https:\/\/www.instagram.com\/cvinoticias\/","https:\/\/www.youtube.com\/@CVINOTICIAS"]},{"@type":"Person","@id":"https:\/\/cvinoticias.com\/v3\/#\/schema\/person\/2db77e3c6bc03c538495d7b2b8be9b66","name":"f1000024","image":{"@type":"ImageObject","inLanguage":"es","@id":"https:\/\/secure.gravatar.com\/avatar\/d4fe7459cfc51ff5129ce1a732bbef5928568b8092d412ef95611616376bbeed?s=96&d=mm&r=g","url":"https:\/\/secure.gravatar.com\/avatar\/d4fe7459cfc51ff5129ce1a732bbef5928568b8092d412ef95611616376bbeed?s=96&d=mm&r=g","contentUrl":"https:\/\/secure.gravatar.com\/avatar\/d4fe7459cfc51ff5129ce1a732bbef5928568b8092d412ef95611616376bbeed?s=96&d=mm&r=g","caption":"f1000024"},"url":"https:\/\/cvinoticias.com\/v3\/author\/f1000024\/"}]}},"_links":{"self":[{"href":"https:\/\/cvinoticias.com\/v3\/wp-json\/wp\/v2\/posts\/57558","targetHints":{"allow":["GET"]}}],"collection":[{"href":"https:\/\/cvinoticias.com\/v3\/wp-json\/wp\/v2\/posts"}],"about":[{"href":"https:\/\/cvinoticias.com\/v3\/wp-json\/wp\/v2\/types\/post"}],"author":[{"embeddable":true,"href":"https:\/\/cvinoticias.com\/v3\/wp-json\/wp\/v2\/users\/2"}],"replies":[{"embeddable":true,"href":"https:\/\/cvinoticias.com\/v3\/wp-json\/wp\/v2\/comments?post=57558"}],"version-history":[{"count":1,"href":"https:\/\/cvinoticias.com\/v3\/wp-json\/wp\/v2\/posts\/57558\/revisions"}],"predecessor-version":[{"id":57560,"href":"https:\/\/cvinoticias.com\/v3\/wp-json\/wp\/v2\/posts\/57558\/revisions\/57560"}],"wp:featuredmedia":[{"embeddable":true,"href":"https:\/\/cvinoticias.com\/v3\/wp-json\/wp\/v2\/media\/57559"}],"wp:attachment":[{"href":"https:\/\/cvinoticias.com\/v3\/wp-json\/wp\/v2\/media?parent=57558"}],"wp:term":[{"taxonomy":"category","embeddable":true,"href":"https:\/\/cvinoticias.com\/v3\/wp-json\/wp\/v2\/categories?post=57558"},{"taxonomy":"post_tag","embeddable":true,"href":"https:\/\/cvinoticias.com\/v3\/wp-json\/wp\/v2\/tags?post=57558"}],"curies":[{"name":"wp","href":"https:\/\/api.w.org\/{rel}","templated":true}]}}