{"id":57555,"date":"2026-04-28T08:46:06","date_gmt":"2026-04-28T11:46:06","guid":{"rendered":"https:\/\/cvinoticias.com\/v3\/?p=57555"},"modified":"2026-04-28T08:46:07","modified_gmt":"2026-04-28T11:46:07","slug":"el-atacante-de-la-cena-en-washington-fue-acusado-de-intentar-matar-a-trump","status":"publish","type":"post","link":"https:\/\/cvinoticias.com\/v3\/el-atacante-de-la-cena-en-washington-fue-acusado-de-intentar-matar-a-trump\/","title":{"rendered":"El atacante de la cena en Washington fue acusado de intentar matar a Trump"},"content":{"rendered":"\n<p>Un episodio violento interrumpi\u00f3 la cena anual de la Asociaci\u00f3n de Corresponsales de la Casa Blanca en el&nbsp;<strong>Washington Hilton<\/strong>&nbsp;el pasado s\u00e1bado. All\u00ed, el presidente&nbsp;<strong>Donald Trump<\/strong>, la primera dama&nbsp;<strong>Melania Trump<\/strong>&nbsp;y el vicepresidente&nbsp;<strong>JD Vance<\/strong>&nbsp;fueron evacuados tras un tiroteo.<\/p>\n\n\n\n<p>El acusado, identificado como&nbsp;<strong>Cole Tomas Allen<\/strong>, de 31 a\u00f1os, irrumpi\u00f3 armado en el hotel y abri\u00f3 fuego antes de ser reducido por agentes del&nbsp;<strong>Servicio Secreto<\/strong>. El operativo permiti\u00f3 detenerlo en el lugar. Este lunes, Allen compareci\u00f3 ante un tribunal federal. Enfrenta cargos por intento de asesinato del presidente, transporte de armas con intenci\u00f3n de cometer un delito grave y uso de un arma de fuego durante un acto violento.<\/p>\n\n\n\n<p>El fiscal general interino&nbsp;<strong>Tom Blanche<\/strong>&nbsp;se\u00f1al\u00f3 que la investigaci\u00f3n a\u00fan no determin\u00f3 un motivo claro. Sin embargo, indic\u00f3 que el sospechoso \u201capuntaba a miembros del gobierno\u201d seg\u00fan un an\u00e1lisis preliminar. En tanto, la fiscal federal&nbsp;<strong>Jeanine Pirro<\/strong>&nbsp;afirm\u00f3 que Allen estaba \u201cdecidido a causar el mayor da\u00f1o posible\u201d. Adem\u00e1s, anticip\u00f3 que podr\u00edan sumarse m\u00e1s cargos en los pr\u00f3ximos d\u00edas.<\/p>\n\n\n\n<p>Durante el ataque, un agente del Servicio Secreto recibi\u00f3 un impacto en su chaleco antibalas. Fue atendido sin heridas de gravedad, lo que evit\u00f3 consecuencias mayores. Las autoridades confirmaron que Allen hab\u00eda viajado desde California en tren y se hospedaba en el mismo hotel del evento. Portaba una escopeta, una pistola y un cuchillo al momento de su&nbsp;<a href=\"https:\/\/www.canal12misiones.com\/noticias-de-misiones\/internacionales-2\/es-una-escena-de-un-crimen-asi-se-vivio-el-tiroteo-de-la-cena-de-trump-desde-dentro\">detenci\u00f3n<\/a>.<\/p>\n\n\n\n<figure class=\"wp-block-image\"><img decoding=\"async\" data-src=\"https:\/\/www.canal12misiones.com\/wp-content\/uploads\/2026\/04\/detalles-tiroteo-cena-trump.webp\" alt=\"\" class=\"wp-image-686941 lazyload\" src=\"data:image\/svg+xml;base64,PHN2ZyB3aWR0aD0iMSIgaGVpZ2h0PSIxIiB4bWxucz0iaHR0cDovL3d3dy53My5vcmcvMjAwMC9zdmciPjwvc3ZnPg==\" \/><\/figure>\n\n\n\n<h3 class=\"wp-block-heading\">Operativos federales en California<\/h3>\n\n\n\n<p>La investigaci\u00f3n se centra en un manifiesto que el acusado envi\u00f3 a familiares antes del ataque. En ese texto se autodenomin\u00f3 un \u201casesino federal amistoso\u201d y expres\u00f3 su intenci\u00f3n de atacar a funcionarios. El propio Trump calific\u00f3 el escrito como \u201canticristiano\u201d y describi\u00f3 al sospechoso como alguien que \u201ccambi\u00f3 mucho\u201d. En una entrevista televisiva, agreg\u00f3: \u201cNo estaba preocupado. Entiendo la vida. Vivimos en un mundo loco\u201d.<\/p>\n\n\n\n<p>El hermano del acusado alert\u00f3 a la polic\u00eda en Connecticut tras recibir los mensajes. Esa informaci\u00f3n permiti\u00f3 a las autoridades reconstruir sus movimientos previos. Asimismo, agentes del&nbsp;<strong>FBI<\/strong>&nbsp;realizaron operativos en una vivienda vinculada a Allen en&nbsp;<strong>Torrance, California<\/strong>.<\/p>\n\n\n\n<p>El ataque se suma a otros episodios recientes contra Trump. En 2024, el entonces candidato fue herido en un mitin en Pensilvania. Meses despu\u00e9s, otro hombre fue detenido cerca de su campo de golf en Florida. Mientras que la jefa de gabinete&nbsp;<strong>Susie Wiles<\/strong>&nbsp;convoc\u00f3 a una reuni\u00f3n con responsables del Servicio Secreto y del Departamento de Seguridad Nacional. El objetivo es revisar protocolos de seguridad en eventos oficiales de alto perfil.<\/p>\n\n\n\n<p>Mientras tanto, Trump vincul\u00f3 el ataque con su proyecto de construir un nuevo sal\u00f3n de eventos en la Casa Blanca. \u201cEste suceso nunca habr\u00eda ocurrido con el sal\u00f3n de baile de alto secreto militar que se est\u00e1 construyendo actualmente\u201d, escribi\u00f3 en redes sociales.<\/p>\n\n\n\n<p>Fuente: Canal 12 Misiones<\/p>\n","protected":false},"excerpt":{"rendered":"<p>Un episodio violento interrumpi\u00f3 la cena anual de la Asociaci\u00f3n de Corresponsales de la Casa Blanca en el&nbsp;Washington Hilton&nbsp;el pasado s\u00e1bado. All\u00ed, el presidente&nbsp;Donald Trump, la primera dama&nbsp;Melania Trump&nbsp;y el vicepresidente&nbsp;JD Vance&nbsp;fueron evacuados tras un tiroteo. El acusado, identificado como&nbsp;Cole Tomas Allen, de 31 a\u00f1os, irrumpi\u00f3 armado en el hotel y abri\u00f3 fuego antes de [&hellip;]<\/p>\n","protected":false},"author":2,"featured_media":57556,"comment_status":"open","ping_status":"closed","sticky":false,"template":"","format":"standard","meta":{"footnotes":""},"categories":[36],"tags":[5861,1386,4815,2319],"class_list":["post-57555","post","type-post","status-publish","format-standard","has-post-thumbnail","hentry","category-internacionales","tag-blanca","tag-casa","tag-donald-trump","tag-tiros"],"yoast_head":"<!-- This site is optimized with the Yoast SEO plugin v27.5 - https:\/\/yoast.com\/product\/yoast-seo-wordpress\/ -->\n<title>Acusan al atacante en Washington por intento contra Trump | CVI NOTICIAS<\/title>\n<meta name=\"description\" content=\"Irrumpi\u00f3 armado en un hotel y enfrenta cargos federales\" \/>\n<meta name=\"robots\" content=\"index, follow, max-snippet:-1, max-image-preview:large, max-video-preview:-1\" \/>\n<link rel=\"canonical\" href=\"https:\/\/cvinoticias.com\/v3\/el-atacante-de-la-cena-en-washington-fue-acusado-de-intentar-matar-a-trump\/\" \/>\n<meta property=\"og:locale\" content=\"es_ES\" \/>\n<meta property=\"og:type\" content=\"article\" \/>\n<meta property=\"og:title\" content=\"Acusan al atacante en Washington por intento contra Trump | CVI NOTICIAS\" \/>\n<meta property=\"og:description\" content=\"Irrumpi\u00f3 armado en un hotel y enfrenta cargos federales\" \/>\n<meta property=\"og:url\" content=\"https:\/\/cvinoticias.com\/v3\/el-atacante-de-la-cena-en-washington-fue-acusado-de-intentar-matar-a-trump\/\" \/>\n<meta property=\"og:site_name\" content=\"CVI NOTICIAS\" \/>\n<meta property=\"article:publisher\" content=\"https:\/\/www.facebook.com\/cvinoticias\" \/>\n<meta property=\"article:published_time\" content=\"2026-04-28T11:46:06+00:00\" \/>\n<meta property=\"article:modified_time\" content=\"2026-04-28T11:46:07+00:00\" \/>\n<meta property=\"og:image\" content=\"https:\/\/cvinoticias.com\/wp-content\/uploads\/2026\/04\/69efb46f469b0_992_558.webp\" \/>\n\t<meta property=\"og:image:width\" content=\"992\" \/>\n\t<meta property=\"og:image:height\" content=\"558\" \/>\n\t<meta property=\"og:image:type\" content=\"image\/webp\" \/>\n<meta name=\"author\" content=\"f1000024\" \/>\n<meta name=\"twitter:card\" content=\"summary_large_image\" \/>\n<meta name=\"twitter:label1\" content=\"Escrito por\" \/>\n\t<meta name=\"twitter:data1\" content=\"f1000024\" \/>\n\t<meta name=\"twitter:label2\" content=\"Tiempo de lectura\" \/>\n\t<meta name=\"twitter:data2\" content=\"3 minutos\" \/>\n<script type=\"application\/ld+json\" class=\"yoast-schema-graph\">{\"@context\":\"https:\\\/\\\/schema.org\",\"@graph\":[{\"@type\":\"Article\",\"@id\":\"https:\\\/\\\/cvinoticias.com\\\/v3\\\/el-atacante-de-la-cena-en-washington-fue-acusado-de-intentar-matar-a-trump\\\/#article\",\"isPartOf\":{\"@id\":\"https:\\\/\\\/cvinoticias.com\\\/v3\\\/el-atacante-de-la-cena-en-washington-fue-acusado-de-intentar-matar-a-trump\\\/\"},\"author\":{\"name\":\"f1000024\",\"@id\":\"https:\\\/\\\/cvinoticias.com\\\/v3\\\/#\\\/schema\\\/person\\\/2db77e3c6bc03c538495d7b2b8be9b66\"},\"headline\":\"El atacante de la cena en Washington fue acusado de intentar matar a Trump\",\"datePublished\":\"2026-04-28T11:46:06+00:00\",\"dateModified\":\"2026-04-28T11:46:07+00:00\",\"mainEntityOfPage\":{\"@id\":\"https:\\\/\\\/cvinoticias.com\\\/v3\\\/el-atacante-de-la-cena-en-washington-fue-acusado-de-intentar-matar-a-trump\\\/\"},\"wordCount\":517,\"commentCount\":0,\"publisher\":{\"@id\":\"https:\\\/\\\/cvinoticias.com\\\/v3\\\/#organization\"},\"image\":{\"@id\":\"https:\\\/\\\/cvinoticias.com\\\/v3\\\/el-atacante-de-la-cena-en-washington-fue-acusado-de-intentar-matar-a-trump\\\/#primaryimage\"},\"thumbnailUrl\":\"https:\\\/\\\/cvinoticias.com\\\/wp-content\\\/uploads\\\/2026\\\/04\\\/69efb46f469b0_992_558.webp\",\"keywords\":[\"Blanca\",\"Casa\",\"donald trump\",\"tiros\"],\"articleSection\":[\"Internacionales\"],\"inLanguage\":\"es\",\"potentialAction\":[{\"@type\":\"CommentAction\",\"name\":\"Comment\",\"target\":[\"https:\\\/\\\/cvinoticias.com\\\/v3\\\/el-atacante-de-la-cena-en-washington-fue-acusado-de-intentar-matar-a-trump\\\/#respond\"]}]},{\"@type\":\"WebPage\",\"@id\":\"https:\\\/\\\/cvinoticias.com\\\/v3\\\/el-atacante-de-la-cena-en-washington-fue-acusado-de-intentar-matar-a-trump\\\/\",\"url\":\"https:\\\/\\\/cvinoticias.com\\\/v3\\\/el-atacante-de-la-cena-en-washington-fue-acusado-de-intentar-matar-a-trump\\\/\",\"name\":\"Acusan al atacante en Washington por intento contra Trump | CVI NOTICIAS\",\"isPartOf\":{\"@id\":\"https:\\\/\\\/cvinoticias.com\\\/v3\\\/#website\"},\"primaryImageOfPage\":{\"@id\":\"https:\\\/\\\/cvinoticias.com\\\/v3\\\/el-atacante-de-la-cena-en-washington-fue-acusado-de-intentar-matar-a-trump\\\/#primaryimage\"},\"image\":{\"@id\":\"https:\\\/\\\/cvinoticias.com\\\/v3\\\/el-atacante-de-la-cena-en-washington-fue-acusado-de-intentar-matar-a-trump\\\/#primaryimage\"},\"thumbnailUrl\":\"https:\\\/\\\/cvinoticias.com\\\/wp-content\\\/uploads\\\/2026\\\/04\\\/69efb46f469b0_992_558.webp\",\"datePublished\":\"2026-04-28T11:46:06+00:00\",\"dateModified\":\"2026-04-28T11:46:07+00:00\",\"description\":\"Irrumpi\u00f3 armado en un hotel y enfrenta cargos federales\",\"breadcrumb\":{\"@id\":\"https:\\\/\\\/cvinoticias.com\\\/v3\\\/el-atacante-de-la-cena-en-washington-fue-acusado-de-intentar-matar-a-trump\\\/#breadcrumb\"},\"inLanguage\":\"es\",\"potentialAction\":[{\"@type\":\"ReadAction\",\"target\":[\"https:\\\/\\\/cvinoticias.com\\\/v3\\\/el-atacante-de-la-cena-en-washington-fue-acusado-de-intentar-matar-a-trump\\\/\"]}]},{\"@type\":\"ImageObject\",\"inLanguage\":\"es\",\"@id\":\"https:\\\/\\\/cvinoticias.com\\\/v3\\\/el-atacante-de-la-cena-en-washington-fue-acusado-de-intentar-matar-a-trump\\\/#primaryimage\",\"url\":\"https:\\\/\\\/cvinoticias.com\\\/wp-content\\\/uploads\\\/2026\\\/04\\\/69efb46f469b0_992_558.webp\",\"contentUrl\":\"https:\\\/\\\/cvinoticias.com\\\/wp-content\\\/uploads\\\/2026\\\/04\\\/69efb46f469b0_992_558.webp\",\"width\":992,\"height\":558},{\"@type\":\"BreadcrumbList\",\"@id\":\"https:\\\/\\\/cvinoticias.com\\\/v3\\\/el-atacante-de-la-cena-en-washington-fue-acusado-de-intentar-matar-a-trump\\\/#breadcrumb\",\"itemListElement\":[{\"@type\":\"ListItem\",\"position\":1,\"name\":\"Portada\",\"item\":\"https:\\\/\\\/cvinoticias.com\\\/v3\\\/\"},{\"@type\":\"ListItem\",\"position\":2,\"name\":\"El atacante de la cena en Washington fue acusado de intentar matar a Trump\"}]},{\"@type\":\"WebSite\",\"@id\":\"https:\\\/\\\/cvinoticias.com\\\/v3\\\/#website\",\"url\":\"https:\\\/\\\/cvinoticias.com\\\/v3\\\/\",\"name\":\"CVI NOTICIAS\",\"description\":\"\",\"publisher\":{\"@id\":\"https:\\\/\\\/cvinoticias.com\\\/v3\\\/#organization\"},\"alternateName\":\"CVI\",\"potentialAction\":[{\"@type\":\"SearchAction\",\"target\":{\"@type\":\"EntryPoint\",\"urlTemplate\":\"https:\\\/\\\/cvinoticias.com\\\/v3\\\/?s={search_term_string}\"},\"query-input\":{\"@type\":\"PropertyValueSpecification\",\"valueRequired\":true,\"valueName\":\"search_term_string\"}}],\"inLanguage\":\"es\"},{\"@type\":\"Organization\",\"@id\":\"https:\\\/\\\/cvinoticias.com\\\/v3\\\/#organization\",\"name\":\"CVI NOTICIAS\",\"url\":\"https:\\\/\\\/cvinoticias.com\\\/v3\\\/\",\"logo\":{\"@type\":\"ImageObject\",\"inLanguage\":\"es\",\"@id\":\"https:\\\/\\\/cvinoticias.com\\\/v3\\\/#\\\/schema\\\/logo\\\/image\\\/\",\"url\":\"https:\\\/\\\/cvinoticias.com\\\/wp-content\\\/uploads\\\/2023\\\/04\\\/cropped-cropped-cropped-cropped-cropped-3-1.png\",\"contentUrl\":\"https:\\\/\\\/cvinoticias.com\\\/wp-content\\\/uploads\\\/2023\\\/04\\\/cropped-cropped-cropped-cropped-cropped-3-1.png\",\"width\":95,\"height\":122,\"caption\":\"CVI NOTICIAS\"},\"image\":{\"@id\":\"https:\\\/\\\/cvinoticias.com\\\/v3\\\/#\\\/schema\\\/logo\\\/image\\\/\"},\"sameAs\":[\"https:\\\/\\\/www.facebook.com\\\/cvinoticias\",\"https:\\\/\\\/www.instagram.com\\\/cvinoticias\\\/\",\"https:\\\/\\\/www.youtube.com\\\/@CVINOTICIAS\"]},{\"@type\":\"Person\",\"@id\":\"https:\\\/\\\/cvinoticias.com\\\/v3\\\/#\\\/schema\\\/person\\\/2db77e3c6bc03c538495d7b2b8be9b66\",\"name\":\"f1000024\",\"image\":{\"@type\":\"ImageObject\",\"inLanguage\":\"es\",\"@id\":\"https:\\\/\\\/secure.gravatar.com\\\/avatar\\\/d4fe7459cfc51ff5129ce1a732bbef5928568b8092d412ef95611616376bbeed?s=96&d=mm&r=g\",\"url\":\"https:\\\/\\\/secure.gravatar.com\\\/avatar\\\/d4fe7459cfc51ff5129ce1a732bbef5928568b8092d412ef95611616376bbeed?s=96&d=mm&r=g\",\"contentUrl\":\"https:\\\/\\\/secure.gravatar.com\\\/avatar\\\/d4fe7459cfc51ff5129ce1a732bbef5928568b8092d412ef95611616376bbeed?s=96&d=mm&r=g\",\"caption\":\"f1000024\"},\"url\":\"https:\\\/\\\/cvinoticias.com\\\/v3\\\/author\\\/f1000024\\\/\"}]}<\/script>\n<!-- \/ Yoast SEO plugin. -->","yoast_head_json":{"title":"Acusan al atacante en Washington por intento contra Trump | CVI NOTICIAS","description":"Irrumpi\u00f3 armado en un hotel y enfrenta cargos federales","robots":{"index":"index","follow":"follow","max-snippet":"max-snippet:-1","max-image-preview":"max-image-preview:large","max-video-preview":"max-video-preview:-1"},"canonical":"https:\/\/cvinoticias.com\/v3\/el-atacante-de-la-cena-en-washington-fue-acusado-de-intentar-matar-a-trump\/","og_locale":"es_ES","og_type":"article","og_title":"Acusan al atacante en Washington por intento contra Trump | CVI NOTICIAS","og_description":"Irrumpi\u00f3 armado en un hotel y enfrenta cargos federales","og_url":"https:\/\/cvinoticias.com\/v3\/el-atacante-de-la-cena-en-washington-fue-acusado-de-intentar-matar-a-trump\/","og_site_name":"CVI NOTICIAS","article_publisher":"https:\/\/www.facebook.com\/cvinoticias","article_published_time":"2026-04-28T11:46:06+00:00","article_modified_time":"2026-04-28T11:46:07+00:00","og_image":[{"width":992,"height":558,"url":"https:\/\/cvinoticias.com\/wp-content\/uploads\/2026\/04\/69efb46f469b0_992_558.webp","type":"image\/webp"}],"author":"f1000024","twitter_card":"summary_large_image","twitter_misc":{"Escrito por":"f1000024","Tiempo de lectura":"3 minutos"},"schema":{"@context":"https:\/\/schema.org","@graph":[{"@type":"Article","@id":"https:\/\/cvinoticias.com\/v3\/el-atacante-de-la-cena-en-washington-fue-acusado-de-intentar-matar-a-trump\/#article","isPartOf":{"@id":"https:\/\/cvinoticias.com\/v3\/el-atacante-de-la-cena-en-washington-fue-acusado-de-intentar-matar-a-trump\/"},"author":{"name":"f1000024","@id":"https:\/\/cvinoticias.com\/v3\/#\/schema\/person\/2db77e3c6bc03c538495d7b2b8be9b66"},"headline":"El atacante de la cena en Washington fue acusado de intentar matar a Trump","datePublished":"2026-04-28T11:46:06+00:00","dateModified":"2026-04-28T11:46:07+00:00","mainEntityOfPage":{"@id":"https:\/\/cvinoticias.com\/v3\/el-atacante-de-la-cena-en-washington-fue-acusado-de-intentar-matar-a-trump\/"},"wordCount":517,"commentCount":0,"publisher":{"@id":"https:\/\/cvinoticias.com\/v3\/#organization"},"image":{"@id":"https:\/\/cvinoticias.com\/v3\/el-atacante-de-la-cena-en-washington-fue-acusado-de-intentar-matar-a-trump\/#primaryimage"},"thumbnailUrl":"https:\/\/cvinoticias.com\/wp-content\/uploads\/2026\/04\/69efb46f469b0_992_558.webp","keywords":["Blanca","Casa","donald trump","tiros"],"articleSection":["Internacionales"],"inLanguage":"es","potentialAction":[{"@type":"CommentAction","name":"Comment","target":["https:\/\/cvinoticias.com\/v3\/el-atacante-de-la-cena-en-washington-fue-acusado-de-intentar-matar-a-trump\/#respond"]}]},{"@type":"WebPage","@id":"https:\/\/cvinoticias.com\/v3\/el-atacante-de-la-cena-en-washington-fue-acusado-de-intentar-matar-a-trump\/","url":"https:\/\/cvinoticias.com\/v3\/el-atacante-de-la-cena-en-washington-fue-acusado-de-intentar-matar-a-trump\/","name":"Acusan al atacante en Washington por intento contra Trump | CVI NOTICIAS","isPartOf":{"@id":"https:\/\/cvinoticias.com\/v3\/#website"},"primaryImageOfPage":{"@id":"https:\/\/cvinoticias.com\/v3\/el-atacante-de-la-cena-en-washington-fue-acusado-de-intentar-matar-a-trump\/#primaryimage"},"image":{"@id":"https:\/\/cvinoticias.com\/v3\/el-atacante-de-la-cena-en-washington-fue-acusado-de-intentar-matar-a-trump\/#primaryimage"},"thumbnailUrl":"https:\/\/cvinoticias.com\/wp-content\/uploads\/2026\/04\/69efb46f469b0_992_558.webp","datePublished":"2026-04-28T11:46:06+00:00","dateModified":"2026-04-28T11:46:07+00:00","description":"Irrumpi\u00f3 armado en un hotel y enfrenta cargos federales","breadcrumb":{"@id":"https:\/\/cvinoticias.com\/v3\/el-atacante-de-la-cena-en-washington-fue-acusado-de-intentar-matar-a-trump\/#breadcrumb"},"inLanguage":"es","potentialAction":[{"@type":"ReadAction","target":["https:\/\/cvinoticias.com\/v3\/el-atacante-de-la-cena-en-washington-fue-acusado-de-intentar-matar-a-trump\/"]}]},{"@type":"ImageObject","inLanguage":"es","@id":"https:\/\/cvinoticias.com\/v3\/el-atacante-de-la-cena-en-washington-fue-acusado-de-intentar-matar-a-trump\/#primaryimage","url":"https:\/\/cvinoticias.com\/wp-content\/uploads\/2026\/04\/69efb46f469b0_992_558.webp","contentUrl":"https:\/\/cvinoticias.com\/wp-content\/uploads\/2026\/04\/69efb46f469b0_992_558.webp","width":992,"height":558},{"@type":"BreadcrumbList","@id":"https:\/\/cvinoticias.com\/v3\/el-atacante-de-la-cena-en-washington-fue-acusado-de-intentar-matar-a-trump\/#breadcrumb","itemListElement":[{"@type":"ListItem","position":1,"name":"Portada","item":"https:\/\/cvinoticias.com\/v3\/"},{"@type":"ListItem","position":2,"name":"El atacante de la cena en Washington fue acusado de intentar matar a Trump"}]},{"@type":"WebSite","@id":"https:\/\/cvinoticias.com\/v3\/#website","url":"https:\/\/cvinoticias.com\/v3\/","name":"CVI NOTICIAS","description":"","publisher":{"@id":"https:\/\/cvinoticias.com\/v3\/#organization"},"alternateName":"CVI","potentialAction":[{"@type":"SearchAction","target":{"@type":"EntryPoint","urlTemplate":"https:\/\/cvinoticias.com\/v3\/?s={search_term_string}"},"query-input":{"@type":"PropertyValueSpecification","valueRequired":true,"valueName":"search_term_string"}}],"inLanguage":"es"},{"@type":"Organization","@id":"https:\/\/cvinoticias.com\/v3\/#organization","name":"CVI NOTICIAS","url":"https:\/\/cvinoticias.com\/v3\/","logo":{"@type":"ImageObject","inLanguage":"es","@id":"https:\/\/cvinoticias.com\/v3\/#\/schema\/logo\/image\/","url":"https:\/\/cvinoticias.com\/wp-content\/uploads\/2023\/04\/cropped-cropped-cropped-cropped-cropped-3-1.png","contentUrl":"https:\/\/cvinoticias.com\/wp-content\/uploads\/2023\/04\/cropped-cropped-cropped-cropped-cropped-3-1.png","width":95,"height":122,"caption":"CVI NOTICIAS"},"image":{"@id":"https:\/\/cvinoticias.com\/v3\/#\/schema\/logo\/image\/"},"sameAs":["https:\/\/www.facebook.com\/cvinoticias","https:\/\/www.instagram.com\/cvinoticias\/","https:\/\/www.youtube.com\/@CVINOTICIAS"]},{"@type":"Person","@id":"https:\/\/cvinoticias.com\/v3\/#\/schema\/person\/2db77e3c6bc03c538495d7b2b8be9b66","name":"f1000024","image":{"@type":"ImageObject","inLanguage":"es","@id":"https:\/\/secure.gravatar.com\/avatar\/d4fe7459cfc51ff5129ce1a732bbef5928568b8092d412ef95611616376bbeed?s=96&d=mm&r=g","url":"https:\/\/secure.gravatar.com\/avatar\/d4fe7459cfc51ff5129ce1a732bbef5928568b8092d412ef95611616376bbeed?s=96&d=mm&r=g","contentUrl":"https:\/\/secure.gravatar.com\/avatar\/d4fe7459cfc51ff5129ce1a732bbef5928568b8092d412ef95611616376bbeed?s=96&d=mm&r=g","caption":"f1000024"},"url":"https:\/\/cvinoticias.com\/v3\/author\/f1000024\/"}]}},"_links":{"self":[{"href":"https:\/\/cvinoticias.com\/v3\/wp-json\/wp\/v2\/posts\/57555","targetHints":{"allow":["GET"]}}],"collection":[{"href":"https:\/\/cvinoticias.com\/v3\/wp-json\/wp\/v2\/posts"}],"about":[{"href":"https:\/\/cvinoticias.com\/v3\/wp-json\/wp\/v2\/types\/post"}],"author":[{"embeddable":true,"href":"https:\/\/cvinoticias.com\/v3\/wp-json\/wp\/v2\/users\/2"}],"replies":[{"embeddable":true,"href":"https:\/\/cvinoticias.com\/v3\/wp-json\/wp\/v2\/comments?post=57555"}],"version-history":[{"count":1,"href":"https:\/\/cvinoticias.com\/v3\/wp-json\/wp\/v2\/posts\/57555\/revisions"}],"predecessor-version":[{"id":57557,"href":"https:\/\/cvinoticias.com\/v3\/wp-json\/wp\/v2\/posts\/57555\/revisions\/57557"}],"wp:featuredmedia":[{"embeddable":true,"href":"https:\/\/cvinoticias.com\/v3\/wp-json\/wp\/v2\/media\/57556"}],"wp:attachment":[{"href":"https:\/\/cvinoticias.com\/v3\/wp-json\/wp\/v2\/media?parent=57555"}],"wp:term":[{"taxonomy":"category","embeddable":true,"href":"https:\/\/cvinoticias.com\/v3\/wp-json\/wp\/v2\/categories?post=57555"},{"taxonomy":"post_tag","embeddable":true,"href":"https:\/\/cvinoticias.com\/v3\/wp-json\/wp\/v2\/tags?post=57555"}],"curies":[{"name":"wp","href":"https:\/\/api.w.org\/{rel}","templated":true}]}}