{"id":57552,"date":"2026-04-28T08:42:59","date_gmt":"2026-04-28T11:42:59","guid":{"rendered":"https:\/\/cvinoticias.com\/v3\/?p=57552"},"modified":"2026-04-28T08:43:32","modified_gmt":"2026-04-28T11:43:32","slug":"discutieron-por-una-deuda-y-termino-asesinado-a-tiros-en-san-pedro","status":"publish","type":"post","link":"https:\/\/cvinoticias.com\/v3\/discutieron-por-una-deuda-y-termino-asesinado-a-tiros-en-san-pedro\/","title":{"rendered":"Discutieron por una deuda y termin\u00f3 asesinado a tiros en San Pedro"},"content":{"rendered":"\n<p>Un hombre de 50 a\u00f1os identificado como&nbsp;<strong>Daniel Kaiser<\/strong>, alias&nbsp;<strong>\u201cNegro\u201d<\/strong>, fue asesinado este lunes por la tarde en el barrio 29 de Junio de&nbsp;<strong>San Pedro<\/strong>. Sucedi\u00f3 luego de una discusi\u00f3n dentro de una vivienda, la cual habr\u00eda estado motivada por una deuda.&nbsp;<\/p>\n\n\n\n<p>El hecho ocurri\u00f3 cerca de las 16 h, cuando efectivos de la Comisar\u00eda Seccional Primera de la Unidad Regional XIV acudieron al lugar tras un alerta sobre una<strong>&nbsp;persona herida con arma de fuego<\/strong>.<\/p>\n\n\n\n<p>Al llegar, los uniformados encontraron a la v\u00edctima tendida en el suelo con m\u00faltiples lesiones. Kaiser fue trasladado de urgencia por personal policial y Bomberos Voluntarios al hospital local, donde el m\u00e9dico de turno confirm\u00f3 su fallecimiento.<\/p>\n\n\n\n<figure class=\"wp-block-image\"><img decoding=\"async\" data-src=\"https:\/\/www.canal12misiones.com\/wp-content\/uploads\/2026\/04\/san-pedro-homicidio-2-e1777327560441-1024x517.jpeg\" alt=\"\" class=\"wp-image-687114 lazyload\" src=\"data:image\/svg+xml;base64,PHN2ZyB3aWR0aD0iMSIgaGVpZ2h0PSIxIiB4bWxucz0iaHR0cDovL3d3dy53My5vcmcvMjAwMC9zdmciPjwvc3ZnPg==\" style=\"--smush-placeholder-width: 1024px; --smush-placeholder-aspect-ratio: 1024\/517;\" \/><\/figure>\n\n\n\n<p>En el marco de la investigaci\u00f3n, los efectivos secuestraron una pistola calibre 9 mil\u00edmetros y detuvo a<strong>&nbsp;Andr\u00e9s W.<\/strong>, de 46 a\u00f1os, quien ser\u00eda el presunto autor del ataque seg\u00fan las primeras pesquisas. Las averiguaciones preliminares indican que el conflicto que deriv\u00f3 en el homicidio estar\u00eda vinculado a una deuda entre la v\u00edctima y el agresor.<\/p>\n\n\n\n<p>La causa qued\u00f3 en manos de la Justicia competente, que continuar\u00e1 con las actuaciones para esclarecer completamente todas las circunstancias del hecho.<\/p>\n\n\n\n<p>Fuente: Canal 12 Misiones<\/p>\n","protected":false},"excerpt":{"rendered":"<p>Un hombre de 50 a\u00f1os identificado como&nbsp;Daniel Kaiser, alias&nbsp;\u201cNegro\u201d, fue asesinado este lunes por la tarde en el barrio 29 de Junio de&nbsp;San Pedro. Sucedi\u00f3 luego de una discusi\u00f3n dentro de una vivienda, la cual habr\u00eda estado motivada por una deuda.&nbsp; El hecho ocurri\u00f3 cerca de las 16 h, cuando efectivos de la Comisar\u00eda Seccional [&hellip;]<\/p>\n","protected":false},"author":2,"featured_media":57553,"comment_status":"open","ping_status":"closed","sticky":false,"template":"","format":"standard","meta":{"footnotes":""},"categories":[41],"tags":[1965,5860,2007,2319],"class_list":["post-57552","post","type-post","status-publish","format-standard","has-post-thumbnail","hentry","category-policiales","tag-deuda","tag-discutieron","tag-san-pedro","tag-tiros"],"yoast_head":"<!-- This site is optimized with the Yoast SEO plugin v27.5 - https:\/\/yoast.com\/product\/yoast-seo-wordpress\/ -->\n<title>Asesinan a un hombre tras discusi\u00f3n en San Pedro | CVI NOTICIAS<\/title>\n<meta name=\"description\" content=\"Un hombre fue baleado y muri\u00f3; investigan deuda como m\u00f3vil\" \/>\n<meta name=\"robots\" content=\"index, follow, max-snippet:-1, max-image-preview:large, max-video-preview:-1\" \/>\n<link rel=\"canonical\" href=\"https:\/\/cvinoticias.com\/v3\/discutieron-por-una-deuda-y-termino-asesinado-a-tiros-en-san-pedro\/\" \/>\n<meta property=\"og:locale\" content=\"es_ES\" \/>\n<meta property=\"og:type\" content=\"article\" \/>\n<meta property=\"og:title\" content=\"Asesinan a un hombre tras discusi\u00f3n en San Pedro | CVI NOTICIAS\" \/>\n<meta property=\"og:description\" content=\"Un hombre fue baleado y muri\u00f3; investigan deuda como m\u00f3vil\" \/>\n<meta property=\"og:url\" content=\"https:\/\/cvinoticias.com\/v3\/discutieron-por-una-deuda-y-termino-asesinado-a-tiros-en-san-pedro\/\" \/>\n<meta property=\"og:site_name\" content=\"CVI NOTICIAS\" \/>\n<meta property=\"article:publisher\" content=\"https:\/\/www.facebook.com\/cvinoticias\" \/>\n<meta property=\"article:published_time\" content=\"2026-04-28T11:42:59+00:00\" \/>\n<meta property=\"article:modified_time\" content=\"2026-04-28T11:43:32+00:00\" \/>\n<meta property=\"og:image\" content=\"https:\/\/cvinoticias.com\/wp-content\/uploads\/2026\/04\/san-pedro-homicidio-1.webp\" \/>\n\t<meta property=\"og:image:width\" content=\"1089\" \/>\n\t<meta property=\"og:image:height\" content=\"730\" \/>\n\t<meta property=\"og:image:type\" content=\"image\/webp\" \/>\n<meta name=\"author\" content=\"f1000024\" \/>\n<meta name=\"twitter:card\" content=\"summary_large_image\" \/>\n<meta name=\"twitter:label1\" content=\"Escrito por\" \/>\n\t<meta name=\"twitter:data1\" content=\"f1000024\" \/>\n\t<meta name=\"twitter:label2\" content=\"Tiempo de lectura\" \/>\n\t<meta name=\"twitter:data2\" content=\"2 minutos\" \/>\n<script type=\"application\/ld+json\" class=\"yoast-schema-graph\">{\"@context\":\"https:\\\/\\\/schema.org\",\"@graph\":[{\"@type\":\"Article\",\"@id\":\"https:\\\/\\\/cvinoticias.com\\\/v3\\\/discutieron-por-una-deuda-y-termino-asesinado-a-tiros-en-san-pedro\\\/#article\",\"isPartOf\":{\"@id\":\"https:\\\/\\\/cvinoticias.com\\\/v3\\\/discutieron-por-una-deuda-y-termino-asesinado-a-tiros-en-san-pedro\\\/\"},\"author\":{\"name\":\"f1000024\",\"@id\":\"https:\\\/\\\/cvinoticias.com\\\/v3\\\/#\\\/schema\\\/person\\\/2db77e3c6bc03c538495d7b2b8be9b66\"},\"headline\":\"Discutieron por una deuda y termin\u00f3 asesinado a tiros en San Pedro\",\"datePublished\":\"2026-04-28T11:42:59+00:00\",\"dateModified\":\"2026-04-28T11:43:32+00:00\",\"mainEntityOfPage\":{\"@id\":\"https:\\\/\\\/cvinoticias.com\\\/v3\\\/discutieron-por-una-deuda-y-termino-asesinado-a-tiros-en-san-pedro\\\/\"},\"wordCount\":224,\"commentCount\":0,\"publisher\":{\"@id\":\"https:\\\/\\\/cvinoticias.com\\\/v3\\\/#organization\"},\"image\":{\"@id\":\"https:\\\/\\\/cvinoticias.com\\\/v3\\\/discutieron-por-una-deuda-y-termino-asesinado-a-tiros-en-san-pedro\\\/#primaryimage\"},\"thumbnailUrl\":\"https:\\\/\\\/cvinoticias.com\\\/wp-content\\\/uploads\\\/2026\\\/04\\\/san-pedro-homicidio-1.webp\",\"keywords\":[\"deuda\",\"discutieron\",\"San Pedro\",\"tiros\"],\"articleSection\":[\"Policiales\"],\"inLanguage\":\"es\",\"potentialAction\":[{\"@type\":\"CommentAction\",\"name\":\"Comment\",\"target\":[\"https:\\\/\\\/cvinoticias.com\\\/v3\\\/discutieron-por-una-deuda-y-termino-asesinado-a-tiros-en-san-pedro\\\/#respond\"]}]},{\"@type\":\"WebPage\",\"@id\":\"https:\\\/\\\/cvinoticias.com\\\/v3\\\/discutieron-por-una-deuda-y-termino-asesinado-a-tiros-en-san-pedro\\\/\",\"url\":\"https:\\\/\\\/cvinoticias.com\\\/v3\\\/discutieron-por-una-deuda-y-termino-asesinado-a-tiros-en-san-pedro\\\/\",\"name\":\"Asesinan a un hombre tras discusi\u00f3n en San Pedro | CVI NOTICIAS\",\"isPartOf\":{\"@id\":\"https:\\\/\\\/cvinoticias.com\\\/v3\\\/#website\"},\"primaryImageOfPage\":{\"@id\":\"https:\\\/\\\/cvinoticias.com\\\/v3\\\/discutieron-por-una-deuda-y-termino-asesinado-a-tiros-en-san-pedro\\\/#primaryimage\"},\"image\":{\"@id\":\"https:\\\/\\\/cvinoticias.com\\\/v3\\\/discutieron-por-una-deuda-y-termino-asesinado-a-tiros-en-san-pedro\\\/#primaryimage\"},\"thumbnailUrl\":\"https:\\\/\\\/cvinoticias.com\\\/wp-content\\\/uploads\\\/2026\\\/04\\\/san-pedro-homicidio-1.webp\",\"datePublished\":\"2026-04-28T11:42:59+00:00\",\"dateModified\":\"2026-04-28T11:43:32+00:00\",\"description\":\"Un hombre fue baleado y muri\u00f3; investigan deuda como m\u00f3vil\",\"breadcrumb\":{\"@id\":\"https:\\\/\\\/cvinoticias.com\\\/v3\\\/discutieron-por-una-deuda-y-termino-asesinado-a-tiros-en-san-pedro\\\/#breadcrumb\"},\"inLanguage\":\"es\",\"potentialAction\":[{\"@type\":\"ReadAction\",\"target\":[\"https:\\\/\\\/cvinoticias.com\\\/v3\\\/discutieron-por-una-deuda-y-termino-asesinado-a-tiros-en-san-pedro\\\/\"]}]},{\"@type\":\"ImageObject\",\"inLanguage\":\"es\",\"@id\":\"https:\\\/\\\/cvinoticias.com\\\/v3\\\/discutieron-por-una-deuda-y-termino-asesinado-a-tiros-en-san-pedro\\\/#primaryimage\",\"url\":\"https:\\\/\\\/cvinoticias.com\\\/wp-content\\\/uploads\\\/2026\\\/04\\\/san-pedro-homicidio-1.webp\",\"contentUrl\":\"https:\\\/\\\/cvinoticias.com\\\/wp-content\\\/uploads\\\/2026\\\/04\\\/san-pedro-homicidio-1.webp\",\"width\":1089,\"height\":730},{\"@type\":\"BreadcrumbList\",\"@id\":\"https:\\\/\\\/cvinoticias.com\\\/v3\\\/discutieron-por-una-deuda-y-termino-asesinado-a-tiros-en-san-pedro\\\/#breadcrumb\",\"itemListElement\":[{\"@type\":\"ListItem\",\"position\":1,\"name\":\"Portada\",\"item\":\"https:\\\/\\\/cvinoticias.com\\\/v3\\\/\"},{\"@type\":\"ListItem\",\"position\":2,\"name\":\"Discutieron por una deuda y termin\u00f3 asesinado a tiros en San Pedro\"}]},{\"@type\":\"WebSite\",\"@id\":\"https:\\\/\\\/cvinoticias.com\\\/v3\\\/#website\",\"url\":\"https:\\\/\\\/cvinoticias.com\\\/v3\\\/\",\"name\":\"CVI NOTICIAS\",\"description\":\"\",\"publisher\":{\"@id\":\"https:\\\/\\\/cvinoticias.com\\\/v3\\\/#organization\"},\"alternateName\":\"CVI\",\"potentialAction\":[{\"@type\":\"SearchAction\",\"target\":{\"@type\":\"EntryPoint\",\"urlTemplate\":\"https:\\\/\\\/cvinoticias.com\\\/v3\\\/?s={search_term_string}\"},\"query-input\":{\"@type\":\"PropertyValueSpecification\",\"valueRequired\":true,\"valueName\":\"search_term_string\"}}],\"inLanguage\":\"es\"},{\"@type\":\"Organization\",\"@id\":\"https:\\\/\\\/cvinoticias.com\\\/v3\\\/#organization\",\"name\":\"CVI NOTICIAS\",\"url\":\"https:\\\/\\\/cvinoticias.com\\\/v3\\\/\",\"logo\":{\"@type\":\"ImageObject\",\"inLanguage\":\"es\",\"@id\":\"https:\\\/\\\/cvinoticias.com\\\/v3\\\/#\\\/schema\\\/logo\\\/image\\\/\",\"url\":\"https:\\\/\\\/cvinoticias.com\\\/wp-content\\\/uploads\\\/2023\\\/04\\\/cropped-cropped-cropped-cropped-cropped-3-1.png\",\"contentUrl\":\"https:\\\/\\\/cvinoticias.com\\\/wp-content\\\/uploads\\\/2023\\\/04\\\/cropped-cropped-cropped-cropped-cropped-3-1.png\",\"width\":95,\"height\":122,\"caption\":\"CVI NOTICIAS\"},\"image\":{\"@id\":\"https:\\\/\\\/cvinoticias.com\\\/v3\\\/#\\\/schema\\\/logo\\\/image\\\/\"},\"sameAs\":[\"https:\\\/\\\/www.facebook.com\\\/cvinoticias\",\"https:\\\/\\\/www.instagram.com\\\/cvinoticias\\\/\",\"https:\\\/\\\/www.youtube.com\\\/@CVINOTICIAS\"]},{\"@type\":\"Person\",\"@id\":\"https:\\\/\\\/cvinoticias.com\\\/v3\\\/#\\\/schema\\\/person\\\/2db77e3c6bc03c538495d7b2b8be9b66\",\"name\":\"f1000024\",\"image\":{\"@type\":\"ImageObject\",\"inLanguage\":\"es\",\"@id\":\"https:\\\/\\\/secure.gravatar.com\\\/avatar\\\/d4fe7459cfc51ff5129ce1a732bbef5928568b8092d412ef95611616376bbeed?s=96&d=mm&r=g\",\"url\":\"https:\\\/\\\/secure.gravatar.com\\\/avatar\\\/d4fe7459cfc51ff5129ce1a732bbef5928568b8092d412ef95611616376bbeed?s=96&d=mm&r=g\",\"contentUrl\":\"https:\\\/\\\/secure.gravatar.com\\\/avatar\\\/d4fe7459cfc51ff5129ce1a732bbef5928568b8092d412ef95611616376bbeed?s=96&d=mm&r=g\",\"caption\":\"f1000024\"},\"url\":\"https:\\\/\\\/cvinoticias.com\\\/v3\\\/author\\\/f1000024\\\/\"}]}<\/script>\n<!-- \/ Yoast SEO plugin. -->","yoast_head_json":{"title":"Asesinan a un hombre tras discusi\u00f3n en San Pedro | CVI NOTICIAS","description":"Un hombre fue baleado y muri\u00f3; investigan deuda como m\u00f3vil","robots":{"index":"index","follow":"follow","max-snippet":"max-snippet:-1","max-image-preview":"max-image-preview:large","max-video-preview":"max-video-preview:-1"},"canonical":"https:\/\/cvinoticias.com\/v3\/discutieron-por-una-deuda-y-termino-asesinado-a-tiros-en-san-pedro\/","og_locale":"es_ES","og_type":"article","og_title":"Asesinan a un hombre tras discusi\u00f3n en San Pedro | CVI NOTICIAS","og_description":"Un hombre fue baleado y muri\u00f3; investigan deuda como m\u00f3vil","og_url":"https:\/\/cvinoticias.com\/v3\/discutieron-por-una-deuda-y-termino-asesinado-a-tiros-en-san-pedro\/","og_site_name":"CVI NOTICIAS","article_publisher":"https:\/\/www.facebook.com\/cvinoticias","article_published_time":"2026-04-28T11:42:59+00:00","article_modified_time":"2026-04-28T11:43:32+00:00","og_image":[{"width":1089,"height":730,"url":"https:\/\/cvinoticias.com\/wp-content\/uploads\/2026\/04\/san-pedro-homicidio-1.webp","type":"image\/webp"}],"author":"f1000024","twitter_card":"summary_large_image","twitter_misc":{"Escrito por":"f1000024","Tiempo de lectura":"2 minutos"},"schema":{"@context":"https:\/\/schema.org","@graph":[{"@type":"Article","@id":"https:\/\/cvinoticias.com\/v3\/discutieron-por-una-deuda-y-termino-asesinado-a-tiros-en-san-pedro\/#article","isPartOf":{"@id":"https:\/\/cvinoticias.com\/v3\/discutieron-por-una-deuda-y-termino-asesinado-a-tiros-en-san-pedro\/"},"author":{"name":"f1000024","@id":"https:\/\/cvinoticias.com\/v3\/#\/schema\/person\/2db77e3c6bc03c538495d7b2b8be9b66"},"headline":"Discutieron por una deuda y termin\u00f3 asesinado a tiros en San Pedro","datePublished":"2026-04-28T11:42:59+00:00","dateModified":"2026-04-28T11:43:32+00:00","mainEntityOfPage":{"@id":"https:\/\/cvinoticias.com\/v3\/discutieron-por-una-deuda-y-termino-asesinado-a-tiros-en-san-pedro\/"},"wordCount":224,"commentCount":0,"publisher":{"@id":"https:\/\/cvinoticias.com\/v3\/#organization"},"image":{"@id":"https:\/\/cvinoticias.com\/v3\/discutieron-por-una-deuda-y-termino-asesinado-a-tiros-en-san-pedro\/#primaryimage"},"thumbnailUrl":"https:\/\/cvinoticias.com\/wp-content\/uploads\/2026\/04\/san-pedro-homicidio-1.webp","keywords":["deuda","discutieron","San Pedro","tiros"],"articleSection":["Policiales"],"inLanguage":"es","potentialAction":[{"@type":"CommentAction","name":"Comment","target":["https:\/\/cvinoticias.com\/v3\/discutieron-por-una-deuda-y-termino-asesinado-a-tiros-en-san-pedro\/#respond"]}]},{"@type":"WebPage","@id":"https:\/\/cvinoticias.com\/v3\/discutieron-por-una-deuda-y-termino-asesinado-a-tiros-en-san-pedro\/","url":"https:\/\/cvinoticias.com\/v3\/discutieron-por-una-deuda-y-termino-asesinado-a-tiros-en-san-pedro\/","name":"Asesinan a un hombre tras discusi\u00f3n en San Pedro | CVI NOTICIAS","isPartOf":{"@id":"https:\/\/cvinoticias.com\/v3\/#website"},"primaryImageOfPage":{"@id":"https:\/\/cvinoticias.com\/v3\/discutieron-por-una-deuda-y-termino-asesinado-a-tiros-en-san-pedro\/#primaryimage"},"image":{"@id":"https:\/\/cvinoticias.com\/v3\/discutieron-por-una-deuda-y-termino-asesinado-a-tiros-en-san-pedro\/#primaryimage"},"thumbnailUrl":"https:\/\/cvinoticias.com\/wp-content\/uploads\/2026\/04\/san-pedro-homicidio-1.webp","datePublished":"2026-04-28T11:42:59+00:00","dateModified":"2026-04-28T11:43:32+00:00","description":"Un hombre fue baleado y muri\u00f3; investigan deuda como m\u00f3vil","breadcrumb":{"@id":"https:\/\/cvinoticias.com\/v3\/discutieron-por-una-deuda-y-termino-asesinado-a-tiros-en-san-pedro\/#breadcrumb"},"inLanguage":"es","potentialAction":[{"@type":"ReadAction","target":["https:\/\/cvinoticias.com\/v3\/discutieron-por-una-deuda-y-termino-asesinado-a-tiros-en-san-pedro\/"]}]},{"@type":"ImageObject","inLanguage":"es","@id":"https:\/\/cvinoticias.com\/v3\/discutieron-por-una-deuda-y-termino-asesinado-a-tiros-en-san-pedro\/#primaryimage","url":"https:\/\/cvinoticias.com\/wp-content\/uploads\/2026\/04\/san-pedro-homicidio-1.webp","contentUrl":"https:\/\/cvinoticias.com\/wp-content\/uploads\/2026\/04\/san-pedro-homicidio-1.webp","width":1089,"height":730},{"@type":"BreadcrumbList","@id":"https:\/\/cvinoticias.com\/v3\/discutieron-por-una-deuda-y-termino-asesinado-a-tiros-en-san-pedro\/#breadcrumb","itemListElement":[{"@type":"ListItem","position":1,"name":"Portada","item":"https:\/\/cvinoticias.com\/v3\/"},{"@type":"ListItem","position":2,"name":"Discutieron por una deuda y termin\u00f3 asesinado a tiros en San Pedro"}]},{"@type":"WebSite","@id":"https:\/\/cvinoticias.com\/v3\/#website","url":"https:\/\/cvinoticias.com\/v3\/","name":"CVI NOTICIAS","description":"","publisher":{"@id":"https:\/\/cvinoticias.com\/v3\/#organization"},"alternateName":"CVI","potentialAction":[{"@type":"SearchAction","target":{"@type":"EntryPoint","urlTemplate":"https:\/\/cvinoticias.com\/v3\/?s={search_term_string}"},"query-input":{"@type":"PropertyValueSpecification","valueRequired":true,"valueName":"search_term_string"}}],"inLanguage":"es"},{"@type":"Organization","@id":"https:\/\/cvinoticias.com\/v3\/#organization","name":"CVI NOTICIAS","url":"https:\/\/cvinoticias.com\/v3\/","logo":{"@type":"ImageObject","inLanguage":"es","@id":"https:\/\/cvinoticias.com\/v3\/#\/schema\/logo\/image\/","url":"https:\/\/cvinoticias.com\/wp-content\/uploads\/2023\/04\/cropped-cropped-cropped-cropped-cropped-3-1.png","contentUrl":"https:\/\/cvinoticias.com\/wp-content\/uploads\/2023\/04\/cropped-cropped-cropped-cropped-cropped-3-1.png","width":95,"height":122,"caption":"CVI NOTICIAS"},"image":{"@id":"https:\/\/cvinoticias.com\/v3\/#\/schema\/logo\/image\/"},"sameAs":["https:\/\/www.facebook.com\/cvinoticias","https:\/\/www.instagram.com\/cvinoticias\/","https:\/\/www.youtube.com\/@CVINOTICIAS"]},{"@type":"Person","@id":"https:\/\/cvinoticias.com\/v3\/#\/schema\/person\/2db77e3c6bc03c538495d7b2b8be9b66","name":"f1000024","image":{"@type":"ImageObject","inLanguage":"es","@id":"https:\/\/secure.gravatar.com\/avatar\/d4fe7459cfc51ff5129ce1a732bbef5928568b8092d412ef95611616376bbeed?s=96&d=mm&r=g","url":"https:\/\/secure.gravatar.com\/avatar\/d4fe7459cfc51ff5129ce1a732bbef5928568b8092d412ef95611616376bbeed?s=96&d=mm&r=g","contentUrl":"https:\/\/secure.gravatar.com\/avatar\/d4fe7459cfc51ff5129ce1a732bbef5928568b8092d412ef95611616376bbeed?s=96&d=mm&r=g","caption":"f1000024"},"url":"https:\/\/cvinoticias.com\/v3\/author\/f1000024\/"}]}},"_links":{"self":[{"href":"https:\/\/cvinoticias.com\/v3\/wp-json\/wp\/v2\/posts\/57552","targetHints":{"allow":["GET"]}}],"collection":[{"href":"https:\/\/cvinoticias.com\/v3\/wp-json\/wp\/v2\/posts"}],"about":[{"href":"https:\/\/cvinoticias.com\/v3\/wp-json\/wp\/v2\/types\/post"}],"author":[{"embeddable":true,"href":"https:\/\/cvinoticias.com\/v3\/wp-json\/wp\/v2\/users\/2"}],"replies":[{"embeddable":true,"href":"https:\/\/cvinoticias.com\/v3\/wp-json\/wp\/v2\/comments?post=57552"}],"version-history":[{"count":1,"href":"https:\/\/cvinoticias.com\/v3\/wp-json\/wp\/v2\/posts\/57552\/revisions"}],"predecessor-version":[{"id":57554,"href":"https:\/\/cvinoticias.com\/v3\/wp-json\/wp\/v2\/posts\/57552\/revisions\/57554"}],"wp:featuredmedia":[{"embeddable":true,"href":"https:\/\/cvinoticias.com\/v3\/wp-json\/wp\/v2\/media\/57553"}],"wp:attachment":[{"href":"https:\/\/cvinoticias.com\/v3\/wp-json\/wp\/v2\/media?parent=57552"}],"wp:term":[{"taxonomy":"category","embeddable":true,"href":"https:\/\/cvinoticias.com\/v3\/wp-json\/wp\/v2\/categories?post=57552"},{"taxonomy":"post_tag","embeddable":true,"href":"https:\/\/cvinoticias.com\/v3\/wp-json\/wp\/v2\/tags?post=57552"}],"curies":[{"name":"wp","href":"https:\/\/api.w.org\/{rel}","templated":true}]}}