{"id":57548,"date":"2026-04-28T08:40:03","date_gmt":"2026-04-28T11:40:03","guid":{"rendered":"https:\/\/cvinoticias.com\/v3\/?p=57548"},"modified":"2026-04-28T08:40:04","modified_gmt":"2026-04-28T11:40:04","slug":"la-confianza-en-el-gobierno-cae-121-en-abril-y-profundiza-su-peor-racha-del-ano","status":"publish","type":"post","link":"https:\/\/cvinoticias.com\/v3\/la-confianza-en-el-gobierno-cae-121-en-abril-y-profundiza-su-peor-racha-del-ano\/","title":{"rendered":"La confianza en el Gobierno cae 12,1% en abril y profundiza su peor racha del a\u00f1o"},"content":{"rendered":"\n<p>La confianza en el Gobierno nacional volvi\u00f3 a deteriorarse en abril y acumul\u00f3 su cuarta ca\u00edda consecutiva en lo que va de 2026. Seg\u00fan el \u00cdndice de Confianza en el Gobierno (ICG) elaborado por la Escuela de Gobierno de la Universidad Torcuato Di Tella, el indicador se ubic\u00f3 en 2,02 puntos, con una baja del 12,1% respecto de marzo, la m\u00e1s pronunciada del a\u00f1o.<\/p>\n\n\n\n<p>El dato consolida una tendencia descendente que se inici\u00f3 en enero y que ya acumula una contracci\u00f3n del 17,9% desde fin de 2025. En t\u00e9rminos pol\u00edticos, el retroceso impacta sobre la evaluaci\u00f3n de la gesti\u00f3n en un momento donde el Gobierno enfrenta tensiones econ\u00f3micas y desaf\u00edos en la consolidaci\u00f3n de expectativas.<\/p>\n\n\n\n<h2 class=\"wp-block-heading\">Qu\u00e9 mide el \u00edndice y c\u00f3mo se interpreta<\/h2>\n\n\n\n<p>El ICG se construye desde 2001 en base a encuestas de opini\u00f3n p\u00fablica a nivel nacional y se expresa en una escala de 0 a 5 puntos. Eval\u00faa cinco dimensiones: evaluaci\u00f3n general del gobierno, honestidad, eficiencia, capacidad y preocupaci\u00f3n por el inter\u00e9s general.<\/p>\n\n\n\n<p>En abril, todos los componentes registraron ca\u00eddas. El sub\u00edndice de eficiencia fue el m\u00e1s afectado, con un descenso del 21,4% y un valor de 1,87 puntos, ubic\u00e1ndose entre los niveles m\u00e1s bajos de la actual gesti\u00f3n.<\/p>\n\n\n\n<p>En comparaci\u00f3n hist\u00f3rica, el nivel actual se encuentra levemente por debajo del registrado en abril de 2018 durante la gesti\u00f3n de Mauricio Macri (2,07 puntos) y por encima del de abril de 2022 bajo el gobierno de Alberto Fern\u00e1ndez (1,44 puntos).<\/p>\n\n\n\n<h2 class=\"wp-block-heading\">Deterioro generalizado y se\u00f1ales en segmentos clave<\/h2>\n\n\n\n<p>El informe muestra que la ca\u00edda no fue homog\u00e9nea, aunque s\u00ed generalizada: Se registraron bajas en todas las regiones del pa\u00eds, incluso en el interior, que mantiene el nivel m\u00e1s alto de confianza (2,22 puntos). El segmento de entre 30 y 49 a\u00f1os present\u00f3 la mayor contracci\u00f3n (-16,7%). Entre los hombres, la ca\u00edda fue m\u00e1s marcada (-16,9%) que entre las mujeres (-4,1%). Por nivel educativo, quienes tienen estudios secundarios registraron la mayor baja (-19%).<\/p>\n\n\n\n<p>En contraste, el grupo de 18 a 29 a\u00f1os volvi\u00f3 a mostrar el nivel m\u00e1s alto de confianza (2,27 puntos), aunque dentro de un contexto general de retroceso.<\/p>\n\n\n\n<h2 class=\"wp-block-heading\">Desgaste en la percepci\u00f3n de gesti\u00f3n<\/h2>\n\n\n\n<p>El dato central del informe es el deterioro en la percepci\u00f3n de eficiencia, un indicador directamente asociado a la capacidad de gesti\u00f3n. La ca\u00edda simult\u00e1nea en los cinco componentes sugiere un debilitamiento m\u00e1s amplio en la valoraci\u00f3n del Gobierno.<\/p>\n\n\n\n<p>A nivel pol\u00edtico, el \u00edndice funciona como term\u00f3metro de legitimidad en la opini\u00f3n p\u00fablica. La secuencia de cuatro bajas consecutivas, con una aceleraci\u00f3n en abril, introduce un factor de presi\u00f3n sobre la agenda oficial, en particular en un contexto donde las variables econ\u00f3micas comienzan a mostrar volatilidad.<\/p>\n\n\n\n<p>El promedio del \u00edndice durante la actual gesti\u00f3n descendi\u00f3 a 2,42 puntos, su nivel m\u00e1s bajo, lo que refuerza la se\u00f1al de desgaste acumulado.<\/p>\n\n\n\n<h2 class=\"wp-block-heading\">Expectativas como variable cr\u00edtica<\/h2>\n\n\n\n<p>El informe tambi\u00e9n vincula la confianza con las expectativas econ\u00f3micas. El nivel m\u00e1s alto del ICG se mantiene entre quienes creen que la situaci\u00f3n econ\u00f3mica mejorar\u00e1 en el pr\u00f3ximo a\u00f1o (4,03 puntos), aunque con una leve baja.<\/p>\n\n\n\n<p>En cambio, quienes esperan estabilidad o deterioro muestran niveles significativamente menores de confianza, lo que sugiere una relaci\u00f3n directa entre expectativas econ\u00f3micas y respaldo al Gobierno.<\/p>\n\n\n\n<p>Este cruce introduce un elemento clave: la evoluci\u00f3n de la econom\u00eda aparece como variable determinante para revertir o profundizar la tendencia.<\/p>\n\n\n\n<h2 class=\"wp-block-heading\">Interior con mayor respaldo, pero en retroceso<\/h2>\n\n\n\n<p>Aunque el estudio no desagrega datos espec\u00edficos para Misiones, el comportamiento del interior del pa\u00eds \u2014donde se ubican las provincias del NEA\u2014 muestra el nivel de confianza m\u00e1s alto, aunque tambi\u00e9n en descenso.<\/p>\n\n\n\n<p>Esto sugiere que, si bien el respaldo relativo es mayor fuera del AMBA, la ca\u00edda es transversal y no distingue territorios, lo que podr\u00eda tener implicancias en la construcci\u00f3n de apoyos federales.<\/p>\n\n\n\n<h2 class=\"wp-block-heading\">Qu\u00e9 mirar<\/h2>\n\n\n\n<p>La din\u00e1mica del ICG abre interrogantes sobre la evoluci\u00f3n de la confianza en el corto plazo. Entre las variables a seguir aparecen: La evoluci\u00f3n de los indicadores econ\u00f3micos y su impacto en las expectativas. La capacidad del Gobierno para revertir la percepci\u00f3n sobre eficiencia. El comportamiento de los segmentos donde la ca\u00edda fue m\u00e1s pronunciada.<\/p>\n\n\n\n<p>La tendencia descendente, con una aceleraci\u00f3n en abril, marca un punto de inflexi\u00f3n en la percepci\u00f3n p\u00fablica, aunque su proyecci\u00f3n depender\u00e1 de factores a\u00fan en desarrollo.<\/p>\n\n\n\n<p>Fuente: Economis<\/p>\n","protected":false},"excerpt":{"rendered":"<p>La confianza en el Gobierno nacional volvi\u00f3 a deteriorarse en abril y acumul\u00f3 su cuarta ca\u00edda consecutiva en lo que va de 2026. Seg\u00fan el \u00cdndice de Confianza en el Gobierno (ICG) elaborado por la Escuela de Gobierno de la Universidad Torcuato Di Tella, el indicador se ubic\u00f3 en 2,02 puntos, con una baja del [&hellip;]<\/p>\n","protected":false},"author":2,"featured_media":57550,"comment_status":"open","ping_status":"closed","sticky":false,"template":"","format":"standard","meta":{"footnotes":""},"categories":[42],"tags":[4849,2812,5859,331,71],"class_list":["post-57548","post","type-post","status-publish","format-standard","has-post-thumbnail","hentry","category-politica","tag-abril","tag-baja","tag-confianza","tag-gobierno","tag-nacional"],"yoast_head":"<!-- This site is optimized with the Yoast SEO plugin v27.5 - https:\/\/yoast.com\/product\/yoast-seo-wordpress\/ -->\n<title>La confianza en el Gobierno cae 12,1% en abril | CVI NOTICIAS<\/title>\n<meta name=\"description\" content=\"El \u00edndice de confianza registra su cuarta baja consecutiva en 2026\" \/>\n<meta name=\"robots\" content=\"index, follow, max-snippet:-1, max-image-preview:large, max-video-preview:-1\" \/>\n<link rel=\"canonical\" href=\"https:\/\/cvinoticias.com\/v3\/la-confianza-en-el-gobierno-cae-121-en-abril-y-profundiza-su-peor-racha-del-ano\/\" \/>\n<meta property=\"og:locale\" content=\"es_ES\" \/>\n<meta property=\"og:type\" content=\"article\" \/>\n<meta property=\"og:title\" content=\"La confianza en el Gobierno cae 12,1% en abril | CVI NOTICIAS\" \/>\n<meta property=\"og:description\" content=\"El \u00edndice de confianza registra su cuarta baja consecutiva en 2026\" \/>\n<meta property=\"og:url\" content=\"https:\/\/cvinoticias.com\/v3\/la-confianza-en-el-gobierno-cae-121-en-abril-y-profundiza-su-peor-racha-del-ano\/\" \/>\n<meta property=\"og:site_name\" content=\"CVI NOTICIAS\" \/>\n<meta property=\"article:publisher\" content=\"https:\/\/www.facebook.com\/cvinoticias\" \/>\n<meta property=\"article:published_time\" content=\"2026-04-28T11:40:03+00:00\" \/>\n<meta property=\"article:modified_time\" content=\"2026-04-28T11:40:04+00:00\" \/>\n<meta property=\"og:image\" content=\"https:\/\/cvinoticias.com\/wp-content\/uploads\/2026\/04\/milei.webp\" \/>\n\t<meta property=\"og:image:width\" content=\"1280\" \/>\n\t<meta property=\"og:image:height\" content=\"720\" \/>\n\t<meta property=\"og:image:type\" content=\"image\/webp\" \/>\n<meta name=\"author\" content=\"f1000024\" \/>\n<meta name=\"twitter:card\" content=\"summary_large_image\" \/>\n<meta name=\"twitter:label1\" content=\"Escrito por\" \/>\n\t<meta name=\"twitter:data1\" content=\"f1000024\" \/>\n\t<meta name=\"twitter:label2\" content=\"Tiempo de lectura\" \/>\n\t<meta name=\"twitter:data2\" content=\"4 minutos\" \/>\n<script type=\"application\/ld+json\" class=\"yoast-schema-graph\">{\"@context\":\"https:\\\/\\\/schema.org\",\"@graph\":[{\"@type\":\"Article\",\"@id\":\"https:\\\/\\\/cvinoticias.com\\\/v3\\\/la-confianza-en-el-gobierno-cae-121-en-abril-y-profundiza-su-peor-racha-del-ano\\\/#article\",\"isPartOf\":{\"@id\":\"https:\\\/\\\/cvinoticias.com\\\/v3\\\/la-confianza-en-el-gobierno-cae-121-en-abril-y-profundiza-su-peor-racha-del-ano\\\/\"},\"author\":{\"name\":\"f1000024\",\"@id\":\"https:\\\/\\\/cvinoticias.com\\\/v3\\\/#\\\/schema\\\/person\\\/2db77e3c6bc03c538495d7b2b8be9b66\"},\"headline\":\"La confianza en el Gobierno cae 12,1% en abril y profundiza su peor racha del a\u00f1o\",\"datePublished\":\"2026-04-28T11:40:03+00:00\",\"dateModified\":\"2026-04-28T11:40:04+00:00\",\"mainEntityOfPage\":{\"@id\":\"https:\\\/\\\/cvinoticias.com\\\/v3\\\/la-confianza-en-el-gobierno-cae-121-en-abril-y-profundiza-su-peor-racha-del-ano\\\/\"},\"wordCount\":797,\"commentCount\":0,\"publisher\":{\"@id\":\"https:\\\/\\\/cvinoticias.com\\\/v3\\\/#organization\"},\"image\":{\"@id\":\"https:\\\/\\\/cvinoticias.com\\\/v3\\\/la-confianza-en-el-gobierno-cae-121-en-abril-y-profundiza-su-peor-racha-del-ano\\\/#primaryimage\"},\"thumbnailUrl\":\"https:\\\/\\\/cvinoticias.com\\\/wp-content\\\/uploads\\\/2026\\\/04\\\/milei.webp\",\"keywords\":[\"abril\",\"Baja\",\"confianza\",\"Gobierno\",\"nacional\"],\"articleSection\":[\"Politica\"],\"inLanguage\":\"es\",\"potentialAction\":[{\"@type\":\"CommentAction\",\"name\":\"Comment\",\"target\":[\"https:\\\/\\\/cvinoticias.com\\\/v3\\\/la-confianza-en-el-gobierno-cae-121-en-abril-y-profundiza-su-peor-racha-del-ano\\\/#respond\"]}]},{\"@type\":\"WebPage\",\"@id\":\"https:\\\/\\\/cvinoticias.com\\\/v3\\\/la-confianza-en-el-gobierno-cae-121-en-abril-y-profundiza-su-peor-racha-del-ano\\\/\",\"url\":\"https:\\\/\\\/cvinoticias.com\\\/v3\\\/la-confianza-en-el-gobierno-cae-121-en-abril-y-profundiza-su-peor-racha-del-ano\\\/\",\"name\":\"La confianza en el Gobierno cae 12,1% en abril | CVI NOTICIAS\",\"isPartOf\":{\"@id\":\"https:\\\/\\\/cvinoticias.com\\\/v3\\\/#website\"},\"primaryImageOfPage\":{\"@id\":\"https:\\\/\\\/cvinoticias.com\\\/v3\\\/la-confianza-en-el-gobierno-cae-121-en-abril-y-profundiza-su-peor-racha-del-ano\\\/#primaryimage\"},\"image\":{\"@id\":\"https:\\\/\\\/cvinoticias.com\\\/v3\\\/la-confianza-en-el-gobierno-cae-121-en-abril-y-profundiza-su-peor-racha-del-ano\\\/#primaryimage\"},\"thumbnailUrl\":\"https:\\\/\\\/cvinoticias.com\\\/wp-content\\\/uploads\\\/2026\\\/04\\\/milei.webp\",\"datePublished\":\"2026-04-28T11:40:03+00:00\",\"dateModified\":\"2026-04-28T11:40:04+00:00\",\"description\":\"El \u00edndice de confianza registra su cuarta baja consecutiva en 2026\",\"breadcrumb\":{\"@id\":\"https:\\\/\\\/cvinoticias.com\\\/v3\\\/la-confianza-en-el-gobierno-cae-121-en-abril-y-profundiza-su-peor-racha-del-ano\\\/#breadcrumb\"},\"inLanguage\":\"es\",\"potentialAction\":[{\"@type\":\"ReadAction\",\"target\":[\"https:\\\/\\\/cvinoticias.com\\\/v3\\\/la-confianza-en-el-gobierno-cae-121-en-abril-y-profundiza-su-peor-racha-del-ano\\\/\"]}]},{\"@type\":\"ImageObject\",\"inLanguage\":\"es\",\"@id\":\"https:\\\/\\\/cvinoticias.com\\\/v3\\\/la-confianza-en-el-gobierno-cae-121-en-abril-y-profundiza-su-peor-racha-del-ano\\\/#primaryimage\",\"url\":\"https:\\\/\\\/cvinoticias.com\\\/wp-content\\\/uploads\\\/2026\\\/04\\\/milei.webp\",\"contentUrl\":\"https:\\\/\\\/cvinoticias.com\\\/wp-content\\\/uploads\\\/2026\\\/04\\\/milei.webp\",\"width\":1280,\"height\":720},{\"@type\":\"BreadcrumbList\",\"@id\":\"https:\\\/\\\/cvinoticias.com\\\/v3\\\/la-confianza-en-el-gobierno-cae-121-en-abril-y-profundiza-su-peor-racha-del-ano\\\/#breadcrumb\",\"itemListElement\":[{\"@type\":\"ListItem\",\"position\":1,\"name\":\"Portada\",\"item\":\"https:\\\/\\\/cvinoticias.com\\\/v3\\\/\"},{\"@type\":\"ListItem\",\"position\":2,\"name\":\"La confianza en el Gobierno cae 12,1% en abril y profundiza su peor racha del a\u00f1o\"}]},{\"@type\":\"WebSite\",\"@id\":\"https:\\\/\\\/cvinoticias.com\\\/v3\\\/#website\",\"url\":\"https:\\\/\\\/cvinoticias.com\\\/v3\\\/\",\"name\":\"CVI NOTICIAS\",\"description\":\"\",\"publisher\":{\"@id\":\"https:\\\/\\\/cvinoticias.com\\\/v3\\\/#organization\"},\"alternateName\":\"CVI\",\"potentialAction\":[{\"@type\":\"SearchAction\",\"target\":{\"@type\":\"EntryPoint\",\"urlTemplate\":\"https:\\\/\\\/cvinoticias.com\\\/v3\\\/?s={search_term_string}\"},\"query-input\":{\"@type\":\"PropertyValueSpecification\",\"valueRequired\":true,\"valueName\":\"search_term_string\"}}],\"inLanguage\":\"es\"},{\"@type\":\"Organization\",\"@id\":\"https:\\\/\\\/cvinoticias.com\\\/v3\\\/#organization\",\"name\":\"CVI NOTICIAS\",\"url\":\"https:\\\/\\\/cvinoticias.com\\\/v3\\\/\",\"logo\":{\"@type\":\"ImageObject\",\"inLanguage\":\"es\",\"@id\":\"https:\\\/\\\/cvinoticias.com\\\/v3\\\/#\\\/schema\\\/logo\\\/image\\\/\",\"url\":\"https:\\\/\\\/cvinoticias.com\\\/wp-content\\\/uploads\\\/2023\\\/04\\\/cropped-cropped-cropped-cropped-cropped-3-1.png\",\"contentUrl\":\"https:\\\/\\\/cvinoticias.com\\\/wp-content\\\/uploads\\\/2023\\\/04\\\/cropped-cropped-cropped-cropped-cropped-3-1.png\",\"width\":95,\"height\":122,\"caption\":\"CVI NOTICIAS\"},\"image\":{\"@id\":\"https:\\\/\\\/cvinoticias.com\\\/v3\\\/#\\\/schema\\\/logo\\\/image\\\/\"},\"sameAs\":[\"https:\\\/\\\/www.facebook.com\\\/cvinoticias\",\"https:\\\/\\\/www.instagram.com\\\/cvinoticias\\\/\",\"https:\\\/\\\/www.youtube.com\\\/@CVINOTICIAS\"]},{\"@type\":\"Person\",\"@id\":\"https:\\\/\\\/cvinoticias.com\\\/v3\\\/#\\\/schema\\\/person\\\/2db77e3c6bc03c538495d7b2b8be9b66\",\"name\":\"f1000024\",\"image\":{\"@type\":\"ImageObject\",\"inLanguage\":\"es\",\"@id\":\"https:\\\/\\\/secure.gravatar.com\\\/avatar\\\/d4fe7459cfc51ff5129ce1a732bbef5928568b8092d412ef95611616376bbeed?s=96&d=mm&r=g\",\"url\":\"https:\\\/\\\/secure.gravatar.com\\\/avatar\\\/d4fe7459cfc51ff5129ce1a732bbef5928568b8092d412ef95611616376bbeed?s=96&d=mm&r=g\",\"contentUrl\":\"https:\\\/\\\/secure.gravatar.com\\\/avatar\\\/d4fe7459cfc51ff5129ce1a732bbef5928568b8092d412ef95611616376bbeed?s=96&d=mm&r=g\",\"caption\":\"f1000024\"},\"url\":\"https:\\\/\\\/cvinoticias.com\\\/v3\\\/author\\\/f1000024\\\/\"}]}<\/script>\n<!-- \/ Yoast SEO plugin. -->","yoast_head_json":{"title":"La confianza en el Gobierno cae 12,1% en abril | CVI NOTICIAS","description":"El \u00edndice de confianza registra su cuarta baja consecutiva en 2026","robots":{"index":"index","follow":"follow","max-snippet":"max-snippet:-1","max-image-preview":"max-image-preview:large","max-video-preview":"max-video-preview:-1"},"canonical":"https:\/\/cvinoticias.com\/v3\/la-confianza-en-el-gobierno-cae-121-en-abril-y-profundiza-su-peor-racha-del-ano\/","og_locale":"es_ES","og_type":"article","og_title":"La confianza en el Gobierno cae 12,1% en abril | CVI NOTICIAS","og_description":"El \u00edndice de confianza registra su cuarta baja consecutiva en 2026","og_url":"https:\/\/cvinoticias.com\/v3\/la-confianza-en-el-gobierno-cae-121-en-abril-y-profundiza-su-peor-racha-del-ano\/","og_site_name":"CVI NOTICIAS","article_publisher":"https:\/\/www.facebook.com\/cvinoticias","article_published_time":"2026-04-28T11:40:03+00:00","article_modified_time":"2026-04-28T11:40:04+00:00","og_image":[{"width":1280,"height":720,"url":"https:\/\/cvinoticias.com\/wp-content\/uploads\/2026\/04\/milei.webp","type":"image\/webp"}],"author":"f1000024","twitter_card":"summary_large_image","twitter_misc":{"Escrito por":"f1000024","Tiempo de lectura":"4 minutos"},"schema":{"@context":"https:\/\/schema.org","@graph":[{"@type":"Article","@id":"https:\/\/cvinoticias.com\/v3\/la-confianza-en-el-gobierno-cae-121-en-abril-y-profundiza-su-peor-racha-del-ano\/#article","isPartOf":{"@id":"https:\/\/cvinoticias.com\/v3\/la-confianza-en-el-gobierno-cae-121-en-abril-y-profundiza-su-peor-racha-del-ano\/"},"author":{"name":"f1000024","@id":"https:\/\/cvinoticias.com\/v3\/#\/schema\/person\/2db77e3c6bc03c538495d7b2b8be9b66"},"headline":"La confianza en el Gobierno cae 12,1% en abril y profundiza su peor racha del a\u00f1o","datePublished":"2026-04-28T11:40:03+00:00","dateModified":"2026-04-28T11:40:04+00:00","mainEntityOfPage":{"@id":"https:\/\/cvinoticias.com\/v3\/la-confianza-en-el-gobierno-cae-121-en-abril-y-profundiza-su-peor-racha-del-ano\/"},"wordCount":797,"commentCount":0,"publisher":{"@id":"https:\/\/cvinoticias.com\/v3\/#organization"},"image":{"@id":"https:\/\/cvinoticias.com\/v3\/la-confianza-en-el-gobierno-cae-121-en-abril-y-profundiza-su-peor-racha-del-ano\/#primaryimage"},"thumbnailUrl":"https:\/\/cvinoticias.com\/wp-content\/uploads\/2026\/04\/milei.webp","keywords":["abril","Baja","confianza","Gobierno","nacional"],"articleSection":["Politica"],"inLanguage":"es","potentialAction":[{"@type":"CommentAction","name":"Comment","target":["https:\/\/cvinoticias.com\/v3\/la-confianza-en-el-gobierno-cae-121-en-abril-y-profundiza-su-peor-racha-del-ano\/#respond"]}]},{"@type":"WebPage","@id":"https:\/\/cvinoticias.com\/v3\/la-confianza-en-el-gobierno-cae-121-en-abril-y-profundiza-su-peor-racha-del-ano\/","url":"https:\/\/cvinoticias.com\/v3\/la-confianza-en-el-gobierno-cae-121-en-abril-y-profundiza-su-peor-racha-del-ano\/","name":"La confianza en el Gobierno cae 12,1% en abril | CVI NOTICIAS","isPartOf":{"@id":"https:\/\/cvinoticias.com\/v3\/#website"},"primaryImageOfPage":{"@id":"https:\/\/cvinoticias.com\/v3\/la-confianza-en-el-gobierno-cae-121-en-abril-y-profundiza-su-peor-racha-del-ano\/#primaryimage"},"image":{"@id":"https:\/\/cvinoticias.com\/v3\/la-confianza-en-el-gobierno-cae-121-en-abril-y-profundiza-su-peor-racha-del-ano\/#primaryimage"},"thumbnailUrl":"https:\/\/cvinoticias.com\/wp-content\/uploads\/2026\/04\/milei.webp","datePublished":"2026-04-28T11:40:03+00:00","dateModified":"2026-04-28T11:40:04+00:00","description":"El \u00edndice de confianza registra su cuarta baja consecutiva en 2026","breadcrumb":{"@id":"https:\/\/cvinoticias.com\/v3\/la-confianza-en-el-gobierno-cae-121-en-abril-y-profundiza-su-peor-racha-del-ano\/#breadcrumb"},"inLanguage":"es","potentialAction":[{"@type":"ReadAction","target":["https:\/\/cvinoticias.com\/v3\/la-confianza-en-el-gobierno-cae-121-en-abril-y-profundiza-su-peor-racha-del-ano\/"]}]},{"@type":"ImageObject","inLanguage":"es","@id":"https:\/\/cvinoticias.com\/v3\/la-confianza-en-el-gobierno-cae-121-en-abril-y-profundiza-su-peor-racha-del-ano\/#primaryimage","url":"https:\/\/cvinoticias.com\/wp-content\/uploads\/2026\/04\/milei.webp","contentUrl":"https:\/\/cvinoticias.com\/wp-content\/uploads\/2026\/04\/milei.webp","width":1280,"height":720},{"@type":"BreadcrumbList","@id":"https:\/\/cvinoticias.com\/v3\/la-confianza-en-el-gobierno-cae-121-en-abril-y-profundiza-su-peor-racha-del-ano\/#breadcrumb","itemListElement":[{"@type":"ListItem","position":1,"name":"Portada","item":"https:\/\/cvinoticias.com\/v3\/"},{"@type":"ListItem","position":2,"name":"La confianza en el Gobierno cae 12,1% en abril y profundiza su peor racha del a\u00f1o"}]},{"@type":"WebSite","@id":"https:\/\/cvinoticias.com\/v3\/#website","url":"https:\/\/cvinoticias.com\/v3\/","name":"CVI NOTICIAS","description":"","publisher":{"@id":"https:\/\/cvinoticias.com\/v3\/#organization"},"alternateName":"CVI","potentialAction":[{"@type":"SearchAction","target":{"@type":"EntryPoint","urlTemplate":"https:\/\/cvinoticias.com\/v3\/?s={search_term_string}"},"query-input":{"@type":"PropertyValueSpecification","valueRequired":true,"valueName":"search_term_string"}}],"inLanguage":"es"},{"@type":"Organization","@id":"https:\/\/cvinoticias.com\/v3\/#organization","name":"CVI NOTICIAS","url":"https:\/\/cvinoticias.com\/v3\/","logo":{"@type":"ImageObject","inLanguage":"es","@id":"https:\/\/cvinoticias.com\/v3\/#\/schema\/logo\/image\/","url":"https:\/\/cvinoticias.com\/wp-content\/uploads\/2023\/04\/cropped-cropped-cropped-cropped-cropped-3-1.png","contentUrl":"https:\/\/cvinoticias.com\/wp-content\/uploads\/2023\/04\/cropped-cropped-cropped-cropped-cropped-3-1.png","width":95,"height":122,"caption":"CVI NOTICIAS"},"image":{"@id":"https:\/\/cvinoticias.com\/v3\/#\/schema\/logo\/image\/"},"sameAs":["https:\/\/www.facebook.com\/cvinoticias","https:\/\/www.instagram.com\/cvinoticias\/","https:\/\/www.youtube.com\/@CVINOTICIAS"]},{"@type":"Person","@id":"https:\/\/cvinoticias.com\/v3\/#\/schema\/person\/2db77e3c6bc03c538495d7b2b8be9b66","name":"f1000024","image":{"@type":"ImageObject","inLanguage":"es","@id":"https:\/\/secure.gravatar.com\/avatar\/d4fe7459cfc51ff5129ce1a732bbef5928568b8092d412ef95611616376bbeed?s=96&d=mm&r=g","url":"https:\/\/secure.gravatar.com\/avatar\/d4fe7459cfc51ff5129ce1a732bbef5928568b8092d412ef95611616376bbeed?s=96&d=mm&r=g","contentUrl":"https:\/\/secure.gravatar.com\/avatar\/d4fe7459cfc51ff5129ce1a732bbef5928568b8092d412ef95611616376bbeed?s=96&d=mm&r=g","caption":"f1000024"},"url":"https:\/\/cvinoticias.com\/v3\/author\/f1000024\/"}]}},"_links":{"self":[{"href":"https:\/\/cvinoticias.com\/v3\/wp-json\/wp\/v2\/posts\/57548","targetHints":{"allow":["GET"]}}],"collection":[{"href":"https:\/\/cvinoticias.com\/v3\/wp-json\/wp\/v2\/posts"}],"about":[{"href":"https:\/\/cvinoticias.com\/v3\/wp-json\/wp\/v2\/types\/post"}],"author":[{"embeddable":true,"href":"https:\/\/cvinoticias.com\/v3\/wp-json\/wp\/v2\/users\/2"}],"replies":[{"embeddable":true,"href":"https:\/\/cvinoticias.com\/v3\/wp-json\/wp\/v2\/comments?post=57548"}],"version-history":[{"count":1,"href":"https:\/\/cvinoticias.com\/v3\/wp-json\/wp\/v2\/posts\/57548\/revisions"}],"predecessor-version":[{"id":57551,"href":"https:\/\/cvinoticias.com\/v3\/wp-json\/wp\/v2\/posts\/57548\/revisions\/57551"}],"wp:featuredmedia":[{"embeddable":true,"href":"https:\/\/cvinoticias.com\/v3\/wp-json\/wp\/v2\/media\/57550"}],"wp:attachment":[{"href":"https:\/\/cvinoticias.com\/v3\/wp-json\/wp\/v2\/media?parent=57548"}],"wp:term":[{"taxonomy":"category","embeddable":true,"href":"https:\/\/cvinoticias.com\/v3\/wp-json\/wp\/v2\/categories?post=57548"},{"taxonomy":"post_tag","embeddable":true,"href":"https:\/\/cvinoticias.com\/v3\/wp-json\/wp\/v2\/tags?post=57548"}],"curies":[{"name":"wp","href":"https:\/\/api.w.org\/{rel}","templated":true}]}}