{"id":57545,"date":"2026-04-28T08:35:48","date_gmt":"2026-04-28T11:35:48","guid":{"rendered":"https:\/\/cvinoticias.com\/v3\/?p=57545"},"modified":"2026-04-28T08:35:49","modified_gmt":"2026-04-28T11:35:49","slug":"bernardo-de-irigoyen-investigan-si-el-cuerpo-hallado-corresponde-a-un-joven-de-21-anos","status":"publish","type":"post","link":"https:\/\/cvinoticias.com\/v3\/bernardo-de-irigoyen-investigan-si-el-cuerpo-hallado-corresponde-a-un-joven-de-21-anos\/","title":{"rendered":"Bernardo de Irigoyen: investigan si el cuerpo hallado corresponde a un joven de 21 a\u00f1os"},"content":{"rendered":"\n<p>El hallazgo de un cad\u00e1ver masculino en una casilla rural del paraje Bajo Cerro en Bernardo de Irigoyen, ocurrido este lunes cerca de las 13:30, dio inicio a una investigaci\u00f3n a cargo de la&nbsp;<strong>Unidad Regional XII<\/strong>&nbsp;de la Polic\u00eda de Misiones.<\/p>\n\n\n\n<p>En el marco de las averiguaciones, los efectivos localizaron a una mujer de&nbsp;<strong>47 a\u00f1os<\/strong>, quien manifest\u00f3 que su hijo,&nbsp;<strong>Carlos Rub\u00e9n Dos Santos (21)<\/strong>, se encontraba desaparecido desde el&nbsp;<strong>19 de abril<\/strong>. Seg\u00fan relat\u00f3, el joven resid\u00eda en&nbsp;<strong>Paraje Mondori, Pozo Azul<\/strong>, atravesaba problemas de salud mental agravados por el consumo de estupefacientes y hab\u00eda llegado d\u00edas atr\u00e1s a Irigoyen, donde ella lo asisti\u00f3.<\/p>\n\n\n\n<p>La madre indic\u00f3 que la \u00faltima vez que lo vio fue el 19 de abril, ocasi\u00f3n en la que se le tom\u00f3 una fotograf\u00eda con las prendas que podr\u00edan coincidir con las halladas en el cuerpo. Aunque no pudo reconocerlas directamente, los investigadores se\u00f1alaron que presentan similitudes, incluyendo la costumbre del joven de vestir varias capas de ropa.<\/p>\n\n\n\n<p>El cad\u00e1ver, encontrado en avanzado estado de descomposici\u00f3n, fue trasladado a la&nbsp;<strong>Morgue Judicial de Posadas<\/strong>&nbsp;para la autopsia correspondiente. La progenitora presume que la muerte podr\u00eda estar vinculada a un consumo excesivo de sustancias, aunque este aspecto ser\u00e1 determinado por las pericias forenses.<\/p>\n\n\n\n<p>Durante la inspecci\u00f3n inicial, los investigadores hallaron en el pantal\u00f3n de la v\u00edctima un&nbsp;<strong>ticket de viaje de origen brasile\u00f1o a nombre de Fabi\u00e1n Rub\u00e9n Da Silva Padilha<\/strong>, documento que tambi\u00e9n podr\u00eda aportar datos sobre la identidad del fallecido.<\/p>\n\n\n\n<p>Las actuaciones contin\u00faan bajo disposici\u00f3n judicial, mientras se aguardan los resultados de la autopsia que permitan establecer fehacientemente la identidad y las circunstancias del deceso.<\/p>\n","protected":false},"excerpt":{"rendered":"<p>El hallazgo de un cad\u00e1ver masculino en una casilla rural del paraje Bajo Cerro en Bernardo de Irigoyen, ocurrido este lunes cerca de las 13:30, dio inicio a una investigaci\u00f3n a cargo de la&nbsp;Unidad Regional XII&nbsp;de la Polic\u00eda de Misiones. En el marco de las averiguaciones, los efectivos localizaron a una mujer de&nbsp;47 a\u00f1os, quien [&hellip;]<\/p>\n","protected":false},"author":2,"featured_media":57546,"comment_status":"open","ping_status":"closed","sticky":false,"template":"","format":"standard","meta":{"footnotes":""},"categories":[41],"tags":[4578,5858,5823,1824,826],"class_list":["post-57545","post","type-post","status-publish","format-standard","has-post-thumbnail","hentry","category-policiales","tag-bernardo-de-irigoyen","tag-cadaver-2","tag-huesos","tag-investigacion","tag-joven"],"yoast_head":"<!-- This site is optimized with the Yoast SEO plugin v27.5 - https:\/\/yoast.com\/product\/yoast-seo-wordpress\/ -->\n<title>Investigan hallazgo de un cuerpo en Irigoyen | CVI NOTICIAS<\/title>\n<meta name=\"description\" content=\"Buscan confirmar si es un joven desaparecido de 21 a\u00f1os\" \/>\n<meta name=\"robots\" content=\"index, follow, max-snippet:-1, max-image-preview:large, max-video-preview:-1\" \/>\n<link rel=\"canonical\" href=\"https:\/\/cvinoticias.com\/v3\/bernardo-de-irigoyen-investigan-si-el-cuerpo-hallado-corresponde-a-un-joven-de-21-anos\/\" \/>\n<meta property=\"og:locale\" content=\"es_ES\" \/>\n<meta property=\"og:type\" content=\"article\" \/>\n<meta property=\"og:title\" content=\"Investigan hallazgo de un cuerpo en Irigoyen | CVI NOTICIAS\" \/>\n<meta property=\"og:description\" content=\"Buscan confirmar si es un joven desaparecido de 21 a\u00f1os\" \/>\n<meta property=\"og:url\" content=\"https:\/\/cvinoticias.com\/v3\/bernardo-de-irigoyen-investigan-si-el-cuerpo-hallado-corresponde-a-un-joven-de-21-anos\/\" \/>\n<meta property=\"og:site_name\" content=\"CVI NOTICIAS\" \/>\n<meta property=\"article:publisher\" content=\"https:\/\/www.facebook.com\/cvinoticias\" \/>\n<meta property=\"article:published_time\" content=\"2026-04-28T11:35:48+00:00\" \/>\n<meta property=\"article:modified_time\" content=\"2026-04-28T11:35:49+00:00\" \/>\n<meta property=\"og:image\" content=\"https:\/\/cvinoticias.com\/wp-content\/uploads\/2026\/04\/md-1-6.webp\" \/>\n\t<meta property=\"og:image:width\" content=\"992\" \/>\n\t<meta property=\"og:image:height\" content=\"660\" \/>\n\t<meta property=\"og:image:type\" content=\"image\/webp\" \/>\n<meta name=\"author\" content=\"f1000024\" \/>\n<meta name=\"twitter:card\" content=\"summary_large_image\" \/>\n<meta name=\"twitter:label1\" content=\"Escrito por\" \/>\n\t<meta name=\"twitter:data1\" content=\"f1000024\" \/>\n\t<meta name=\"twitter:label2\" content=\"Tiempo de lectura\" \/>\n\t<meta name=\"twitter:data2\" content=\"2 minutos\" \/>\n<script type=\"application\/ld+json\" class=\"yoast-schema-graph\">{\"@context\":\"https:\\\/\\\/schema.org\",\"@graph\":[{\"@type\":\"Article\",\"@id\":\"https:\\\/\\\/cvinoticias.com\\\/v3\\\/bernardo-de-irigoyen-investigan-si-el-cuerpo-hallado-corresponde-a-un-joven-de-21-anos\\\/#article\",\"isPartOf\":{\"@id\":\"https:\\\/\\\/cvinoticias.com\\\/v3\\\/bernardo-de-irigoyen-investigan-si-el-cuerpo-hallado-corresponde-a-un-joven-de-21-anos\\\/\"},\"author\":{\"name\":\"f1000024\",\"@id\":\"https:\\\/\\\/cvinoticias.com\\\/v3\\\/#\\\/schema\\\/person\\\/2db77e3c6bc03c538495d7b2b8be9b66\"},\"headline\":\"Bernardo de Irigoyen: investigan si el cuerpo hallado corresponde a un joven de 21 a\u00f1os\",\"datePublished\":\"2026-04-28T11:35:48+00:00\",\"dateModified\":\"2026-04-28T11:35:49+00:00\",\"mainEntityOfPage\":{\"@id\":\"https:\\\/\\\/cvinoticias.com\\\/v3\\\/bernardo-de-irigoyen-investigan-si-el-cuerpo-hallado-corresponde-a-un-joven-de-21-anos\\\/\"},\"wordCount\":319,\"commentCount\":0,\"publisher\":{\"@id\":\"https:\\\/\\\/cvinoticias.com\\\/v3\\\/#organization\"},\"image\":{\"@id\":\"https:\\\/\\\/cvinoticias.com\\\/v3\\\/bernardo-de-irigoyen-investigan-si-el-cuerpo-hallado-corresponde-a-un-joven-de-21-anos\\\/#primaryimage\"},\"thumbnailUrl\":\"https:\\\/\\\/cvinoticias.com\\\/wp-content\\\/uploads\\\/2026\\\/04\\\/md-1-6.webp\",\"keywords\":[\"Bernardo de Irigoyen\",\"cadaver\",\"huesos\",\"Investigaci\u00f3n\",\"Joven\"],\"articleSection\":[\"Policiales\"],\"inLanguage\":\"es\",\"potentialAction\":[{\"@type\":\"CommentAction\",\"name\":\"Comment\",\"target\":[\"https:\\\/\\\/cvinoticias.com\\\/v3\\\/bernardo-de-irigoyen-investigan-si-el-cuerpo-hallado-corresponde-a-un-joven-de-21-anos\\\/#respond\"]}]},{\"@type\":\"WebPage\",\"@id\":\"https:\\\/\\\/cvinoticias.com\\\/v3\\\/bernardo-de-irigoyen-investigan-si-el-cuerpo-hallado-corresponde-a-un-joven-de-21-anos\\\/\",\"url\":\"https:\\\/\\\/cvinoticias.com\\\/v3\\\/bernardo-de-irigoyen-investigan-si-el-cuerpo-hallado-corresponde-a-un-joven-de-21-anos\\\/\",\"name\":\"Investigan hallazgo de un cuerpo en Irigoyen | CVI NOTICIAS\",\"isPartOf\":{\"@id\":\"https:\\\/\\\/cvinoticias.com\\\/v3\\\/#website\"},\"primaryImageOfPage\":{\"@id\":\"https:\\\/\\\/cvinoticias.com\\\/v3\\\/bernardo-de-irigoyen-investigan-si-el-cuerpo-hallado-corresponde-a-un-joven-de-21-anos\\\/#primaryimage\"},\"image\":{\"@id\":\"https:\\\/\\\/cvinoticias.com\\\/v3\\\/bernardo-de-irigoyen-investigan-si-el-cuerpo-hallado-corresponde-a-un-joven-de-21-anos\\\/#primaryimage\"},\"thumbnailUrl\":\"https:\\\/\\\/cvinoticias.com\\\/wp-content\\\/uploads\\\/2026\\\/04\\\/md-1-6.webp\",\"datePublished\":\"2026-04-28T11:35:48+00:00\",\"dateModified\":\"2026-04-28T11:35:49+00:00\",\"description\":\"Buscan confirmar si es un joven desaparecido de 21 a\u00f1os\",\"breadcrumb\":{\"@id\":\"https:\\\/\\\/cvinoticias.com\\\/v3\\\/bernardo-de-irigoyen-investigan-si-el-cuerpo-hallado-corresponde-a-un-joven-de-21-anos\\\/#breadcrumb\"},\"inLanguage\":\"es\",\"potentialAction\":[{\"@type\":\"ReadAction\",\"target\":[\"https:\\\/\\\/cvinoticias.com\\\/v3\\\/bernardo-de-irigoyen-investigan-si-el-cuerpo-hallado-corresponde-a-un-joven-de-21-anos\\\/\"]}]},{\"@type\":\"ImageObject\",\"inLanguage\":\"es\",\"@id\":\"https:\\\/\\\/cvinoticias.com\\\/v3\\\/bernardo-de-irigoyen-investigan-si-el-cuerpo-hallado-corresponde-a-un-joven-de-21-anos\\\/#primaryimage\",\"url\":\"https:\\\/\\\/cvinoticias.com\\\/wp-content\\\/uploads\\\/2026\\\/04\\\/md-1-6.webp\",\"contentUrl\":\"https:\\\/\\\/cvinoticias.com\\\/wp-content\\\/uploads\\\/2026\\\/04\\\/md-1-6.webp\",\"width\":992,\"height\":660},{\"@type\":\"BreadcrumbList\",\"@id\":\"https:\\\/\\\/cvinoticias.com\\\/v3\\\/bernardo-de-irigoyen-investigan-si-el-cuerpo-hallado-corresponde-a-un-joven-de-21-anos\\\/#breadcrumb\",\"itemListElement\":[{\"@type\":\"ListItem\",\"position\":1,\"name\":\"Portada\",\"item\":\"https:\\\/\\\/cvinoticias.com\\\/v3\\\/\"},{\"@type\":\"ListItem\",\"position\":2,\"name\":\"Bernardo de Irigoyen: investigan si el cuerpo hallado corresponde a un joven de 21 a\u00f1os\"}]},{\"@type\":\"WebSite\",\"@id\":\"https:\\\/\\\/cvinoticias.com\\\/v3\\\/#website\",\"url\":\"https:\\\/\\\/cvinoticias.com\\\/v3\\\/\",\"name\":\"CVI NOTICIAS\",\"description\":\"\",\"publisher\":{\"@id\":\"https:\\\/\\\/cvinoticias.com\\\/v3\\\/#organization\"},\"alternateName\":\"CVI\",\"potentialAction\":[{\"@type\":\"SearchAction\",\"target\":{\"@type\":\"EntryPoint\",\"urlTemplate\":\"https:\\\/\\\/cvinoticias.com\\\/v3\\\/?s={search_term_string}\"},\"query-input\":{\"@type\":\"PropertyValueSpecification\",\"valueRequired\":true,\"valueName\":\"search_term_string\"}}],\"inLanguage\":\"es\"},{\"@type\":\"Organization\",\"@id\":\"https:\\\/\\\/cvinoticias.com\\\/v3\\\/#organization\",\"name\":\"CVI NOTICIAS\",\"url\":\"https:\\\/\\\/cvinoticias.com\\\/v3\\\/\",\"logo\":{\"@type\":\"ImageObject\",\"inLanguage\":\"es\",\"@id\":\"https:\\\/\\\/cvinoticias.com\\\/v3\\\/#\\\/schema\\\/logo\\\/image\\\/\",\"url\":\"https:\\\/\\\/cvinoticias.com\\\/wp-content\\\/uploads\\\/2023\\\/04\\\/cropped-cropped-cropped-cropped-cropped-3-1.png\",\"contentUrl\":\"https:\\\/\\\/cvinoticias.com\\\/wp-content\\\/uploads\\\/2023\\\/04\\\/cropped-cropped-cropped-cropped-cropped-3-1.png\",\"width\":95,\"height\":122,\"caption\":\"CVI NOTICIAS\"},\"image\":{\"@id\":\"https:\\\/\\\/cvinoticias.com\\\/v3\\\/#\\\/schema\\\/logo\\\/image\\\/\"},\"sameAs\":[\"https:\\\/\\\/www.facebook.com\\\/cvinoticias\",\"https:\\\/\\\/www.instagram.com\\\/cvinoticias\\\/\",\"https:\\\/\\\/www.youtube.com\\\/@CVINOTICIAS\"]},{\"@type\":\"Person\",\"@id\":\"https:\\\/\\\/cvinoticias.com\\\/v3\\\/#\\\/schema\\\/person\\\/2db77e3c6bc03c538495d7b2b8be9b66\",\"name\":\"f1000024\",\"image\":{\"@type\":\"ImageObject\",\"inLanguage\":\"es\",\"@id\":\"https:\\\/\\\/secure.gravatar.com\\\/avatar\\\/d4fe7459cfc51ff5129ce1a732bbef5928568b8092d412ef95611616376bbeed?s=96&d=mm&r=g\",\"url\":\"https:\\\/\\\/secure.gravatar.com\\\/avatar\\\/d4fe7459cfc51ff5129ce1a732bbef5928568b8092d412ef95611616376bbeed?s=96&d=mm&r=g\",\"contentUrl\":\"https:\\\/\\\/secure.gravatar.com\\\/avatar\\\/d4fe7459cfc51ff5129ce1a732bbef5928568b8092d412ef95611616376bbeed?s=96&d=mm&r=g\",\"caption\":\"f1000024\"},\"url\":\"https:\\\/\\\/cvinoticias.com\\\/v3\\\/author\\\/f1000024\\\/\"}]}<\/script>\n<!-- \/ Yoast SEO plugin. -->","yoast_head_json":{"title":"Investigan hallazgo de un cuerpo en Irigoyen | CVI NOTICIAS","description":"Buscan confirmar si es un joven desaparecido de 21 a\u00f1os","robots":{"index":"index","follow":"follow","max-snippet":"max-snippet:-1","max-image-preview":"max-image-preview:large","max-video-preview":"max-video-preview:-1"},"canonical":"https:\/\/cvinoticias.com\/v3\/bernardo-de-irigoyen-investigan-si-el-cuerpo-hallado-corresponde-a-un-joven-de-21-anos\/","og_locale":"es_ES","og_type":"article","og_title":"Investigan hallazgo de un cuerpo en Irigoyen | CVI NOTICIAS","og_description":"Buscan confirmar si es un joven desaparecido de 21 a\u00f1os","og_url":"https:\/\/cvinoticias.com\/v3\/bernardo-de-irigoyen-investigan-si-el-cuerpo-hallado-corresponde-a-un-joven-de-21-anos\/","og_site_name":"CVI NOTICIAS","article_publisher":"https:\/\/www.facebook.com\/cvinoticias","article_published_time":"2026-04-28T11:35:48+00:00","article_modified_time":"2026-04-28T11:35:49+00:00","og_image":[{"width":992,"height":660,"url":"https:\/\/cvinoticias.com\/wp-content\/uploads\/2026\/04\/md-1-6.webp","type":"image\/webp"}],"author":"f1000024","twitter_card":"summary_large_image","twitter_misc":{"Escrito por":"f1000024","Tiempo de lectura":"2 minutos"},"schema":{"@context":"https:\/\/schema.org","@graph":[{"@type":"Article","@id":"https:\/\/cvinoticias.com\/v3\/bernardo-de-irigoyen-investigan-si-el-cuerpo-hallado-corresponde-a-un-joven-de-21-anos\/#article","isPartOf":{"@id":"https:\/\/cvinoticias.com\/v3\/bernardo-de-irigoyen-investigan-si-el-cuerpo-hallado-corresponde-a-un-joven-de-21-anos\/"},"author":{"name":"f1000024","@id":"https:\/\/cvinoticias.com\/v3\/#\/schema\/person\/2db77e3c6bc03c538495d7b2b8be9b66"},"headline":"Bernardo de Irigoyen: investigan si el cuerpo hallado corresponde a un joven de 21 a\u00f1os","datePublished":"2026-04-28T11:35:48+00:00","dateModified":"2026-04-28T11:35:49+00:00","mainEntityOfPage":{"@id":"https:\/\/cvinoticias.com\/v3\/bernardo-de-irigoyen-investigan-si-el-cuerpo-hallado-corresponde-a-un-joven-de-21-anos\/"},"wordCount":319,"commentCount":0,"publisher":{"@id":"https:\/\/cvinoticias.com\/v3\/#organization"},"image":{"@id":"https:\/\/cvinoticias.com\/v3\/bernardo-de-irigoyen-investigan-si-el-cuerpo-hallado-corresponde-a-un-joven-de-21-anos\/#primaryimage"},"thumbnailUrl":"https:\/\/cvinoticias.com\/wp-content\/uploads\/2026\/04\/md-1-6.webp","keywords":["Bernardo de Irigoyen","cadaver","huesos","Investigaci\u00f3n","Joven"],"articleSection":["Policiales"],"inLanguage":"es","potentialAction":[{"@type":"CommentAction","name":"Comment","target":["https:\/\/cvinoticias.com\/v3\/bernardo-de-irigoyen-investigan-si-el-cuerpo-hallado-corresponde-a-un-joven-de-21-anos\/#respond"]}]},{"@type":"WebPage","@id":"https:\/\/cvinoticias.com\/v3\/bernardo-de-irigoyen-investigan-si-el-cuerpo-hallado-corresponde-a-un-joven-de-21-anos\/","url":"https:\/\/cvinoticias.com\/v3\/bernardo-de-irigoyen-investigan-si-el-cuerpo-hallado-corresponde-a-un-joven-de-21-anos\/","name":"Investigan hallazgo de un cuerpo en Irigoyen | CVI NOTICIAS","isPartOf":{"@id":"https:\/\/cvinoticias.com\/v3\/#website"},"primaryImageOfPage":{"@id":"https:\/\/cvinoticias.com\/v3\/bernardo-de-irigoyen-investigan-si-el-cuerpo-hallado-corresponde-a-un-joven-de-21-anos\/#primaryimage"},"image":{"@id":"https:\/\/cvinoticias.com\/v3\/bernardo-de-irigoyen-investigan-si-el-cuerpo-hallado-corresponde-a-un-joven-de-21-anos\/#primaryimage"},"thumbnailUrl":"https:\/\/cvinoticias.com\/wp-content\/uploads\/2026\/04\/md-1-6.webp","datePublished":"2026-04-28T11:35:48+00:00","dateModified":"2026-04-28T11:35:49+00:00","description":"Buscan confirmar si es un joven desaparecido de 21 a\u00f1os","breadcrumb":{"@id":"https:\/\/cvinoticias.com\/v3\/bernardo-de-irigoyen-investigan-si-el-cuerpo-hallado-corresponde-a-un-joven-de-21-anos\/#breadcrumb"},"inLanguage":"es","potentialAction":[{"@type":"ReadAction","target":["https:\/\/cvinoticias.com\/v3\/bernardo-de-irigoyen-investigan-si-el-cuerpo-hallado-corresponde-a-un-joven-de-21-anos\/"]}]},{"@type":"ImageObject","inLanguage":"es","@id":"https:\/\/cvinoticias.com\/v3\/bernardo-de-irigoyen-investigan-si-el-cuerpo-hallado-corresponde-a-un-joven-de-21-anos\/#primaryimage","url":"https:\/\/cvinoticias.com\/wp-content\/uploads\/2026\/04\/md-1-6.webp","contentUrl":"https:\/\/cvinoticias.com\/wp-content\/uploads\/2026\/04\/md-1-6.webp","width":992,"height":660},{"@type":"BreadcrumbList","@id":"https:\/\/cvinoticias.com\/v3\/bernardo-de-irigoyen-investigan-si-el-cuerpo-hallado-corresponde-a-un-joven-de-21-anos\/#breadcrumb","itemListElement":[{"@type":"ListItem","position":1,"name":"Portada","item":"https:\/\/cvinoticias.com\/v3\/"},{"@type":"ListItem","position":2,"name":"Bernardo de Irigoyen: investigan si el cuerpo hallado corresponde a un joven de 21 a\u00f1os"}]},{"@type":"WebSite","@id":"https:\/\/cvinoticias.com\/v3\/#website","url":"https:\/\/cvinoticias.com\/v3\/","name":"CVI NOTICIAS","description":"","publisher":{"@id":"https:\/\/cvinoticias.com\/v3\/#organization"},"alternateName":"CVI","potentialAction":[{"@type":"SearchAction","target":{"@type":"EntryPoint","urlTemplate":"https:\/\/cvinoticias.com\/v3\/?s={search_term_string}"},"query-input":{"@type":"PropertyValueSpecification","valueRequired":true,"valueName":"search_term_string"}}],"inLanguage":"es"},{"@type":"Organization","@id":"https:\/\/cvinoticias.com\/v3\/#organization","name":"CVI NOTICIAS","url":"https:\/\/cvinoticias.com\/v3\/","logo":{"@type":"ImageObject","inLanguage":"es","@id":"https:\/\/cvinoticias.com\/v3\/#\/schema\/logo\/image\/","url":"https:\/\/cvinoticias.com\/wp-content\/uploads\/2023\/04\/cropped-cropped-cropped-cropped-cropped-3-1.png","contentUrl":"https:\/\/cvinoticias.com\/wp-content\/uploads\/2023\/04\/cropped-cropped-cropped-cropped-cropped-3-1.png","width":95,"height":122,"caption":"CVI NOTICIAS"},"image":{"@id":"https:\/\/cvinoticias.com\/v3\/#\/schema\/logo\/image\/"},"sameAs":["https:\/\/www.facebook.com\/cvinoticias","https:\/\/www.instagram.com\/cvinoticias\/","https:\/\/www.youtube.com\/@CVINOTICIAS"]},{"@type":"Person","@id":"https:\/\/cvinoticias.com\/v3\/#\/schema\/person\/2db77e3c6bc03c538495d7b2b8be9b66","name":"f1000024","image":{"@type":"ImageObject","inLanguage":"es","@id":"https:\/\/secure.gravatar.com\/avatar\/d4fe7459cfc51ff5129ce1a732bbef5928568b8092d412ef95611616376bbeed?s=96&d=mm&r=g","url":"https:\/\/secure.gravatar.com\/avatar\/d4fe7459cfc51ff5129ce1a732bbef5928568b8092d412ef95611616376bbeed?s=96&d=mm&r=g","contentUrl":"https:\/\/secure.gravatar.com\/avatar\/d4fe7459cfc51ff5129ce1a732bbef5928568b8092d412ef95611616376bbeed?s=96&d=mm&r=g","caption":"f1000024"},"url":"https:\/\/cvinoticias.com\/v3\/author\/f1000024\/"}]}},"_links":{"self":[{"href":"https:\/\/cvinoticias.com\/v3\/wp-json\/wp\/v2\/posts\/57545","targetHints":{"allow":["GET"]}}],"collection":[{"href":"https:\/\/cvinoticias.com\/v3\/wp-json\/wp\/v2\/posts"}],"about":[{"href":"https:\/\/cvinoticias.com\/v3\/wp-json\/wp\/v2\/types\/post"}],"author":[{"embeddable":true,"href":"https:\/\/cvinoticias.com\/v3\/wp-json\/wp\/v2\/users\/2"}],"replies":[{"embeddable":true,"href":"https:\/\/cvinoticias.com\/v3\/wp-json\/wp\/v2\/comments?post=57545"}],"version-history":[{"count":1,"href":"https:\/\/cvinoticias.com\/v3\/wp-json\/wp\/v2\/posts\/57545\/revisions"}],"predecessor-version":[{"id":57547,"href":"https:\/\/cvinoticias.com\/v3\/wp-json\/wp\/v2\/posts\/57545\/revisions\/57547"}],"wp:featuredmedia":[{"embeddable":true,"href":"https:\/\/cvinoticias.com\/v3\/wp-json\/wp\/v2\/media\/57546"}],"wp:attachment":[{"href":"https:\/\/cvinoticias.com\/v3\/wp-json\/wp\/v2\/media?parent=57545"}],"wp:term":[{"taxonomy":"category","embeddable":true,"href":"https:\/\/cvinoticias.com\/v3\/wp-json\/wp\/v2\/categories?post=57545"},{"taxonomy":"post_tag","embeddable":true,"href":"https:\/\/cvinoticias.com\/v3\/wp-json\/wp\/v2\/tags?post=57545"}],"curies":[{"name":"wp","href":"https:\/\/api.w.org\/{rel}","templated":true}]}}