{"id":57539,"date":"2026-04-27T13:28:09","date_gmt":"2026-04-27T16:28:09","guid":{"rendered":"https:\/\/cvinoticias.com\/v3\/?p=57539"},"modified":"2026-04-28T08:14:38","modified_gmt":"2026-04-28T11:14:38","slug":"inicio-la-obra-de-la-nueva-portada-de-acceso-al-parque-nacional-iguazu","status":"publish","type":"post","link":"https:\/\/cvinoticias.com\/v3\/inicio-la-obra-de-la-nueva-portada-de-acceso-al-parque-nacional-iguazu\/","title":{"rendered":"Inici\u00f3 la obra de la nueva portada de acceso al Parque Nacional Iguaz\u00fa"},"content":{"rendered":"\n<p>\u200bEn un hito importante para la seguridad y la identidad del Parque Nacional Iguaz\u00fa. Con el inicio de la etapa de replanteo, se puso en marcha la ejecuci\u00f3n de una nueva portada de acceso ubicada a la altura del kil\u00f3metro 5 de la Ruta Nacional N\u00b0 12. Esta obra busca dejar en claro el l\u00edmite real del \u00e1rea protegida, el cual muchas veces es confundido con el portal de ingreso al \u00e1rea de cataratas.<\/p>\n\n\n\n<p>\u200bCVI Noticias dialog\u00f3 con la arquitecta Valeria Areco y el intendente del Parque Nacional, quienes destacaron que el objetivo principal es la concienciaci\u00f3n. \u00abUno de los fines es que la gente entienda que a partir de ese punto ya est\u00e1 dentro del Parque y debe respetar estrictamente los l\u00edmites de velocidad, dada la grave problem\u00e1tica que enfrentamos con el atropellamiento de fauna silvestre\u00bb, explicaron.<br>\u200b<br>\u200bLa nueva estructura contar\u00e1 con un dise\u00f1o robusto y acorde al entorno natural, con un basamento de piedra y carteler\u00eda de hierro. M\u00e1s all\u00e1 de ser un elemento decorativo, la portada funcionar\u00e1 como una se\u00f1al de alerta para que conductores y turistas tomen conciencia de que est\u00e1n ingresando a un ecosistema fr\u00e1gil. \u200b<\/p>\n\n\n\n<p>En cuanto a los plazos, la arquitecta Areco se\u00f1al\u00f3 que el tiempo estimativo de obra es de dos meses. No obstante, al tratarse de trabajos a la intemperie, el cronograma final estar\u00e1 sujeto a las condiciones clim\u00e1ticas que se presenten en las pr\u00f3ximas semanas.<br>\u200b<br>\u200bPor su parte, el intendente del parque resalt\u00f3 el arduo trabajo de gesti\u00f3n y el proceso t\u00e9cnico liderado por la arquitecta Areco. Explic\u00f3 que llegar a esta instancia no fue sencillo, ya que implic\u00f3 un complejo proceso de licitaciones y concursos de precios que lleva tiempo administrativo.<\/p>\n\n\n\n<p>\u200bFinalmente, las autoridades recalcaron que esta visibilizaci\u00f3n es un paso necesario para proteger nuestra biodiversidad. Al identificar la ruta nacional como parte del \u00e1rea protegida, se espera que los visitantes adopten las precauciones necesarias y respeten las normativas vigentes para evitar accidentes y preservar la vida silvestre que caracteriza a nuestra regi\u00f3n.<\/p>\n\n\n\n<p><\/p>\n\n\n\n<p>Entrevista con: Valeria Areco (Arquitecta) y con Jose Maria Hervas (Intendente del Parque Nacional Iguaz\u00fa)<\/p>\n","protected":false},"excerpt":{"rendered":"<p>\u200bEn un hito importante para la seguridad y la identidad del Parque Nacional Iguaz\u00fa. Con el inicio de la etapa de replanteo, se puso en marcha la ejecuci\u00f3n de una nueva portada de acceso ubicada a la altura del kil\u00f3metro 5 de la Ruta Nacional N\u00b0 12. Esta obra busca dejar en claro el l\u00edmite [&hellip;]<\/p>\n","protected":false},"author":2,"featured_media":57540,"comment_status":"open","ping_status":"closed","sticky":false,"template":"","format":"standard","meta":{"footnotes":""},"categories":[38],"tags":[2663,313,71,895,4739],"class_list":["post-57539","post","type-post","status-publish","format-standard","has-post-thumbnail","hentry","category-medio-ambiente","tag-acceso","tag-iguazu","tag-nacional","tag-parque","tag-portada"],"yoast_head":"<!-- This site is optimized with the Yoast SEO plugin v27.5 - https:\/\/yoast.com\/product\/yoast-seo-wordpress\/ -->\n<title>Nueva portada de acceso al Parque Nacional Iguaz\u00fa | CVI NOTICIAS<\/title>\n<meta name=\"robots\" content=\"index, follow, max-snippet:-1, max-image-preview:large, max-video-preview:-1\" \/>\n<link rel=\"canonical\" href=\"https:\/\/cvinoticias.com\/v3\/inicio-la-obra-de-la-nueva-portada-de-acceso-al-parque-nacional-iguazu\/\" \/>\n<meta property=\"og:locale\" content=\"es_ES\" \/>\n<meta property=\"og:type\" content=\"article\" \/>\n<meta property=\"og:title\" content=\"Nueva portada de acceso al Parque Nacional Iguaz\u00fa | CVI NOTICIAS\" \/>\n<meta property=\"og:description\" content=\"\u200bEn un hito importante para la seguridad y la identidad del Parque Nacional Iguaz\u00fa. Con el inicio de la etapa de replanteo, se puso en marcha la ejecuci\u00f3n de una nueva portada de acceso ubicada a la altura del kil\u00f3metro 5 de la Ruta Nacional N\u00b0 12. Esta obra busca dejar en claro el l\u00edmite [&hellip;]\" \/>\n<meta property=\"og:url\" content=\"https:\/\/cvinoticias.com\/v3\/inicio-la-obra-de-la-nueva-portada-de-acceso-al-parque-nacional-iguazu\/\" \/>\n<meta property=\"og:site_name\" content=\"CVI NOTICIAS\" \/>\n<meta property=\"article:publisher\" content=\"https:\/\/www.facebook.com\/cvinoticias\" \/>\n<meta property=\"article:published_time\" content=\"2026-04-27T16:28:09+00:00\" \/>\n<meta property=\"article:modified_time\" content=\"2026-04-28T11:14:38+00:00\" \/>\n<meta property=\"og:image\" content=\"https:\/\/cvinoticias.com\/wp-content\/uploads\/2026\/04\/83bdcde6-4bb8-420a-a528-a6911f87c3ed.jpeg\" \/>\n\t<meta property=\"og:image:width\" content=\"1280\" \/>\n\t<meta property=\"og:image:height\" content=\"480\" \/>\n\t<meta property=\"og:image:type\" content=\"image\/jpeg\" \/>\n<meta name=\"author\" content=\"f1000024\" \/>\n<meta name=\"twitter:card\" content=\"summary_large_image\" \/>\n<meta name=\"twitter:label1\" content=\"Escrito por\" \/>\n\t<meta name=\"twitter:data1\" content=\"f1000024\" \/>\n\t<meta name=\"twitter:label2\" content=\"Tiempo de lectura\" \/>\n\t<meta name=\"twitter:data2\" content=\"2 minutos\" \/>\n<script type=\"application\/ld+json\" class=\"yoast-schema-graph\">{\"@context\":\"https:\\\/\\\/schema.org\",\"@graph\":[{\"@type\":\"Article\",\"@id\":\"https:\\\/\\\/cvinoticias.com\\\/v3\\\/inicio-la-obra-de-la-nueva-portada-de-acceso-al-parque-nacional-iguazu\\\/#article\",\"isPartOf\":{\"@id\":\"https:\\\/\\\/cvinoticias.com\\\/v3\\\/inicio-la-obra-de-la-nueva-portada-de-acceso-al-parque-nacional-iguazu\\\/\"},\"author\":{\"name\":\"f1000024\",\"@id\":\"https:\\\/\\\/cvinoticias.com\\\/v3\\\/#\\\/schema\\\/person\\\/2db77e3c6bc03c538495d7b2b8be9b66\"},\"headline\":\"Inici\u00f3 la obra de la nueva portada de acceso al Parque Nacional Iguaz\u00fa\",\"datePublished\":\"2026-04-27T16:28:09+00:00\",\"dateModified\":\"2026-04-28T11:14:38+00:00\",\"mainEntityOfPage\":{\"@id\":\"https:\\\/\\\/cvinoticias.com\\\/v3\\\/inicio-la-obra-de-la-nueva-portada-de-acceso-al-parque-nacional-iguazu\\\/\"},\"wordCount\":378,\"commentCount\":0,\"publisher\":{\"@id\":\"https:\\\/\\\/cvinoticias.com\\\/v3\\\/#organization\"},\"image\":{\"@id\":\"https:\\\/\\\/cvinoticias.com\\\/v3\\\/inicio-la-obra-de-la-nueva-portada-de-acceso-al-parque-nacional-iguazu\\\/#primaryimage\"},\"thumbnailUrl\":\"https:\\\/\\\/cvinoticias.com\\\/wp-content\\\/uploads\\\/2026\\\/04\\\/83bdcde6-4bb8-420a-a528-a6911f87c3ed.jpeg\",\"keywords\":[\"Acceso\",\"Iguaz\u00fa\",\"nacional\",\"Parque\",\"portada\"],\"articleSection\":[\"Medio Ambiente\"],\"inLanguage\":\"es\",\"potentialAction\":[{\"@type\":\"CommentAction\",\"name\":\"Comment\",\"target\":[\"https:\\\/\\\/cvinoticias.com\\\/v3\\\/inicio-la-obra-de-la-nueva-portada-de-acceso-al-parque-nacional-iguazu\\\/#respond\"]}]},{\"@type\":\"WebPage\",\"@id\":\"https:\\\/\\\/cvinoticias.com\\\/v3\\\/inicio-la-obra-de-la-nueva-portada-de-acceso-al-parque-nacional-iguazu\\\/\",\"url\":\"https:\\\/\\\/cvinoticias.com\\\/v3\\\/inicio-la-obra-de-la-nueva-portada-de-acceso-al-parque-nacional-iguazu\\\/\",\"name\":\"Nueva portada de acceso al Parque Nacional Iguaz\u00fa | CVI NOTICIAS\",\"isPartOf\":{\"@id\":\"https:\\\/\\\/cvinoticias.com\\\/v3\\\/#website\"},\"primaryImageOfPage\":{\"@id\":\"https:\\\/\\\/cvinoticias.com\\\/v3\\\/inicio-la-obra-de-la-nueva-portada-de-acceso-al-parque-nacional-iguazu\\\/#primaryimage\"},\"image\":{\"@id\":\"https:\\\/\\\/cvinoticias.com\\\/v3\\\/inicio-la-obra-de-la-nueva-portada-de-acceso-al-parque-nacional-iguazu\\\/#primaryimage\"},\"thumbnailUrl\":\"https:\\\/\\\/cvinoticias.com\\\/wp-content\\\/uploads\\\/2026\\\/04\\\/83bdcde6-4bb8-420a-a528-a6911f87c3ed.jpeg\",\"datePublished\":\"2026-04-27T16:28:09+00:00\",\"dateModified\":\"2026-04-28T11:14:38+00:00\",\"breadcrumb\":{\"@id\":\"https:\\\/\\\/cvinoticias.com\\\/v3\\\/inicio-la-obra-de-la-nueva-portada-de-acceso-al-parque-nacional-iguazu\\\/#breadcrumb\"},\"inLanguage\":\"es\",\"potentialAction\":[{\"@type\":\"ReadAction\",\"target\":[\"https:\\\/\\\/cvinoticias.com\\\/v3\\\/inicio-la-obra-de-la-nueva-portada-de-acceso-al-parque-nacional-iguazu\\\/\"]}]},{\"@type\":\"ImageObject\",\"inLanguage\":\"es\",\"@id\":\"https:\\\/\\\/cvinoticias.com\\\/v3\\\/inicio-la-obra-de-la-nueva-portada-de-acceso-al-parque-nacional-iguazu\\\/#primaryimage\",\"url\":\"https:\\\/\\\/cvinoticias.com\\\/wp-content\\\/uploads\\\/2026\\\/04\\\/83bdcde6-4bb8-420a-a528-a6911f87c3ed.jpeg\",\"contentUrl\":\"https:\\\/\\\/cvinoticias.com\\\/wp-content\\\/uploads\\\/2026\\\/04\\\/83bdcde6-4bb8-420a-a528-a6911f87c3ed.jpeg\",\"width\":1280,\"height\":480},{\"@type\":\"BreadcrumbList\",\"@id\":\"https:\\\/\\\/cvinoticias.com\\\/v3\\\/inicio-la-obra-de-la-nueva-portada-de-acceso-al-parque-nacional-iguazu\\\/#breadcrumb\",\"itemListElement\":[{\"@type\":\"ListItem\",\"position\":1,\"name\":\"Portada\",\"item\":\"https:\\\/\\\/cvinoticias.com\\\/v3\\\/\"},{\"@type\":\"ListItem\",\"position\":2,\"name\":\"Inici\u00f3 la obra de la nueva portada de acceso al Parque Nacional Iguaz\u00fa\"}]},{\"@type\":\"WebSite\",\"@id\":\"https:\\\/\\\/cvinoticias.com\\\/v3\\\/#website\",\"url\":\"https:\\\/\\\/cvinoticias.com\\\/v3\\\/\",\"name\":\"CVI NOTICIAS\",\"description\":\"\",\"publisher\":{\"@id\":\"https:\\\/\\\/cvinoticias.com\\\/v3\\\/#organization\"},\"alternateName\":\"CVI\",\"potentialAction\":[{\"@type\":\"SearchAction\",\"target\":{\"@type\":\"EntryPoint\",\"urlTemplate\":\"https:\\\/\\\/cvinoticias.com\\\/v3\\\/?s={search_term_string}\"},\"query-input\":{\"@type\":\"PropertyValueSpecification\",\"valueRequired\":true,\"valueName\":\"search_term_string\"}}],\"inLanguage\":\"es\"},{\"@type\":\"Organization\",\"@id\":\"https:\\\/\\\/cvinoticias.com\\\/v3\\\/#organization\",\"name\":\"CVI NOTICIAS\",\"url\":\"https:\\\/\\\/cvinoticias.com\\\/v3\\\/\",\"logo\":{\"@type\":\"ImageObject\",\"inLanguage\":\"es\",\"@id\":\"https:\\\/\\\/cvinoticias.com\\\/v3\\\/#\\\/schema\\\/logo\\\/image\\\/\",\"url\":\"https:\\\/\\\/cvinoticias.com\\\/wp-content\\\/uploads\\\/2023\\\/04\\\/cropped-cropped-cropped-cropped-cropped-3-1.png\",\"contentUrl\":\"https:\\\/\\\/cvinoticias.com\\\/wp-content\\\/uploads\\\/2023\\\/04\\\/cropped-cropped-cropped-cropped-cropped-3-1.png\",\"width\":95,\"height\":122,\"caption\":\"CVI NOTICIAS\"},\"image\":{\"@id\":\"https:\\\/\\\/cvinoticias.com\\\/v3\\\/#\\\/schema\\\/logo\\\/image\\\/\"},\"sameAs\":[\"https:\\\/\\\/www.facebook.com\\\/cvinoticias\",\"https:\\\/\\\/www.instagram.com\\\/cvinoticias\\\/\",\"https:\\\/\\\/www.youtube.com\\\/@CVINOTICIAS\"]},{\"@type\":\"Person\",\"@id\":\"https:\\\/\\\/cvinoticias.com\\\/v3\\\/#\\\/schema\\\/person\\\/2db77e3c6bc03c538495d7b2b8be9b66\",\"name\":\"f1000024\",\"image\":{\"@type\":\"ImageObject\",\"inLanguage\":\"es\",\"@id\":\"https:\\\/\\\/secure.gravatar.com\\\/avatar\\\/d4fe7459cfc51ff5129ce1a732bbef5928568b8092d412ef95611616376bbeed?s=96&d=mm&r=g\",\"url\":\"https:\\\/\\\/secure.gravatar.com\\\/avatar\\\/d4fe7459cfc51ff5129ce1a732bbef5928568b8092d412ef95611616376bbeed?s=96&d=mm&r=g\",\"contentUrl\":\"https:\\\/\\\/secure.gravatar.com\\\/avatar\\\/d4fe7459cfc51ff5129ce1a732bbef5928568b8092d412ef95611616376bbeed?s=96&d=mm&r=g\",\"caption\":\"f1000024\"},\"url\":\"https:\\\/\\\/cvinoticias.com\\\/v3\\\/author\\\/f1000024\\\/\"}]}<\/script>\n<!-- \/ Yoast SEO plugin. -->","yoast_head_json":{"title":"Nueva portada de acceso al Parque Nacional Iguaz\u00fa | CVI NOTICIAS","robots":{"index":"index","follow":"follow","max-snippet":"max-snippet:-1","max-image-preview":"max-image-preview:large","max-video-preview":"max-video-preview:-1"},"canonical":"https:\/\/cvinoticias.com\/v3\/inicio-la-obra-de-la-nueva-portada-de-acceso-al-parque-nacional-iguazu\/","og_locale":"es_ES","og_type":"article","og_title":"Nueva portada de acceso al Parque Nacional Iguaz\u00fa | CVI NOTICIAS","og_description":"\u200bEn un hito importante para la seguridad y la identidad del Parque Nacional Iguaz\u00fa. Con el inicio de la etapa de replanteo, se puso en marcha la ejecuci\u00f3n de una nueva portada de acceso ubicada a la altura del kil\u00f3metro 5 de la Ruta Nacional N\u00b0 12. Esta obra busca dejar en claro el l\u00edmite [&hellip;]","og_url":"https:\/\/cvinoticias.com\/v3\/inicio-la-obra-de-la-nueva-portada-de-acceso-al-parque-nacional-iguazu\/","og_site_name":"CVI NOTICIAS","article_publisher":"https:\/\/www.facebook.com\/cvinoticias","article_published_time":"2026-04-27T16:28:09+00:00","article_modified_time":"2026-04-28T11:14:38+00:00","og_image":[{"width":1280,"height":480,"url":"https:\/\/cvinoticias.com\/wp-content\/uploads\/2026\/04\/83bdcde6-4bb8-420a-a528-a6911f87c3ed.jpeg","type":"image\/jpeg"}],"author":"f1000024","twitter_card":"summary_large_image","twitter_misc":{"Escrito por":"f1000024","Tiempo de lectura":"2 minutos"},"schema":{"@context":"https:\/\/schema.org","@graph":[{"@type":"Article","@id":"https:\/\/cvinoticias.com\/v3\/inicio-la-obra-de-la-nueva-portada-de-acceso-al-parque-nacional-iguazu\/#article","isPartOf":{"@id":"https:\/\/cvinoticias.com\/v3\/inicio-la-obra-de-la-nueva-portada-de-acceso-al-parque-nacional-iguazu\/"},"author":{"name":"f1000024","@id":"https:\/\/cvinoticias.com\/v3\/#\/schema\/person\/2db77e3c6bc03c538495d7b2b8be9b66"},"headline":"Inici\u00f3 la obra de la nueva portada de acceso al Parque Nacional Iguaz\u00fa","datePublished":"2026-04-27T16:28:09+00:00","dateModified":"2026-04-28T11:14:38+00:00","mainEntityOfPage":{"@id":"https:\/\/cvinoticias.com\/v3\/inicio-la-obra-de-la-nueva-portada-de-acceso-al-parque-nacional-iguazu\/"},"wordCount":378,"commentCount":0,"publisher":{"@id":"https:\/\/cvinoticias.com\/v3\/#organization"},"image":{"@id":"https:\/\/cvinoticias.com\/v3\/inicio-la-obra-de-la-nueva-portada-de-acceso-al-parque-nacional-iguazu\/#primaryimage"},"thumbnailUrl":"https:\/\/cvinoticias.com\/wp-content\/uploads\/2026\/04\/83bdcde6-4bb8-420a-a528-a6911f87c3ed.jpeg","keywords":["Acceso","Iguaz\u00fa","nacional","Parque","portada"],"articleSection":["Medio Ambiente"],"inLanguage":"es","potentialAction":[{"@type":"CommentAction","name":"Comment","target":["https:\/\/cvinoticias.com\/v3\/inicio-la-obra-de-la-nueva-portada-de-acceso-al-parque-nacional-iguazu\/#respond"]}]},{"@type":"WebPage","@id":"https:\/\/cvinoticias.com\/v3\/inicio-la-obra-de-la-nueva-portada-de-acceso-al-parque-nacional-iguazu\/","url":"https:\/\/cvinoticias.com\/v3\/inicio-la-obra-de-la-nueva-portada-de-acceso-al-parque-nacional-iguazu\/","name":"Nueva portada de acceso al Parque Nacional Iguaz\u00fa | CVI NOTICIAS","isPartOf":{"@id":"https:\/\/cvinoticias.com\/v3\/#website"},"primaryImageOfPage":{"@id":"https:\/\/cvinoticias.com\/v3\/inicio-la-obra-de-la-nueva-portada-de-acceso-al-parque-nacional-iguazu\/#primaryimage"},"image":{"@id":"https:\/\/cvinoticias.com\/v3\/inicio-la-obra-de-la-nueva-portada-de-acceso-al-parque-nacional-iguazu\/#primaryimage"},"thumbnailUrl":"https:\/\/cvinoticias.com\/wp-content\/uploads\/2026\/04\/83bdcde6-4bb8-420a-a528-a6911f87c3ed.jpeg","datePublished":"2026-04-27T16:28:09+00:00","dateModified":"2026-04-28T11:14:38+00:00","breadcrumb":{"@id":"https:\/\/cvinoticias.com\/v3\/inicio-la-obra-de-la-nueva-portada-de-acceso-al-parque-nacional-iguazu\/#breadcrumb"},"inLanguage":"es","potentialAction":[{"@type":"ReadAction","target":["https:\/\/cvinoticias.com\/v3\/inicio-la-obra-de-la-nueva-portada-de-acceso-al-parque-nacional-iguazu\/"]}]},{"@type":"ImageObject","inLanguage":"es","@id":"https:\/\/cvinoticias.com\/v3\/inicio-la-obra-de-la-nueva-portada-de-acceso-al-parque-nacional-iguazu\/#primaryimage","url":"https:\/\/cvinoticias.com\/wp-content\/uploads\/2026\/04\/83bdcde6-4bb8-420a-a528-a6911f87c3ed.jpeg","contentUrl":"https:\/\/cvinoticias.com\/wp-content\/uploads\/2026\/04\/83bdcde6-4bb8-420a-a528-a6911f87c3ed.jpeg","width":1280,"height":480},{"@type":"BreadcrumbList","@id":"https:\/\/cvinoticias.com\/v3\/inicio-la-obra-de-la-nueva-portada-de-acceso-al-parque-nacional-iguazu\/#breadcrumb","itemListElement":[{"@type":"ListItem","position":1,"name":"Portada","item":"https:\/\/cvinoticias.com\/v3\/"},{"@type":"ListItem","position":2,"name":"Inici\u00f3 la obra de la nueva portada de acceso al Parque Nacional Iguaz\u00fa"}]},{"@type":"WebSite","@id":"https:\/\/cvinoticias.com\/v3\/#website","url":"https:\/\/cvinoticias.com\/v3\/","name":"CVI NOTICIAS","description":"","publisher":{"@id":"https:\/\/cvinoticias.com\/v3\/#organization"},"alternateName":"CVI","potentialAction":[{"@type":"SearchAction","target":{"@type":"EntryPoint","urlTemplate":"https:\/\/cvinoticias.com\/v3\/?s={search_term_string}"},"query-input":{"@type":"PropertyValueSpecification","valueRequired":true,"valueName":"search_term_string"}}],"inLanguage":"es"},{"@type":"Organization","@id":"https:\/\/cvinoticias.com\/v3\/#organization","name":"CVI NOTICIAS","url":"https:\/\/cvinoticias.com\/v3\/","logo":{"@type":"ImageObject","inLanguage":"es","@id":"https:\/\/cvinoticias.com\/v3\/#\/schema\/logo\/image\/","url":"https:\/\/cvinoticias.com\/wp-content\/uploads\/2023\/04\/cropped-cropped-cropped-cropped-cropped-3-1.png","contentUrl":"https:\/\/cvinoticias.com\/wp-content\/uploads\/2023\/04\/cropped-cropped-cropped-cropped-cropped-3-1.png","width":95,"height":122,"caption":"CVI NOTICIAS"},"image":{"@id":"https:\/\/cvinoticias.com\/v3\/#\/schema\/logo\/image\/"},"sameAs":["https:\/\/www.facebook.com\/cvinoticias","https:\/\/www.instagram.com\/cvinoticias\/","https:\/\/www.youtube.com\/@CVINOTICIAS"]},{"@type":"Person","@id":"https:\/\/cvinoticias.com\/v3\/#\/schema\/person\/2db77e3c6bc03c538495d7b2b8be9b66","name":"f1000024","image":{"@type":"ImageObject","inLanguage":"es","@id":"https:\/\/secure.gravatar.com\/avatar\/d4fe7459cfc51ff5129ce1a732bbef5928568b8092d412ef95611616376bbeed?s=96&d=mm&r=g","url":"https:\/\/secure.gravatar.com\/avatar\/d4fe7459cfc51ff5129ce1a732bbef5928568b8092d412ef95611616376bbeed?s=96&d=mm&r=g","contentUrl":"https:\/\/secure.gravatar.com\/avatar\/d4fe7459cfc51ff5129ce1a732bbef5928568b8092d412ef95611616376bbeed?s=96&d=mm&r=g","caption":"f1000024"},"url":"https:\/\/cvinoticias.com\/v3\/author\/f1000024\/"}]}},"_links":{"self":[{"href":"https:\/\/cvinoticias.com\/v3\/wp-json\/wp\/v2\/posts\/57539","targetHints":{"allow":["GET"]}}],"collection":[{"href":"https:\/\/cvinoticias.com\/v3\/wp-json\/wp\/v2\/posts"}],"about":[{"href":"https:\/\/cvinoticias.com\/v3\/wp-json\/wp\/v2\/types\/post"}],"author":[{"embeddable":true,"href":"https:\/\/cvinoticias.com\/v3\/wp-json\/wp\/v2\/users\/2"}],"replies":[{"embeddable":true,"href":"https:\/\/cvinoticias.com\/v3\/wp-json\/wp\/v2\/comments?post=57539"}],"version-history":[{"count":1,"href":"https:\/\/cvinoticias.com\/v3\/wp-json\/wp\/v2\/posts\/57539\/revisions"}],"predecessor-version":[{"id":57541,"href":"https:\/\/cvinoticias.com\/v3\/wp-json\/wp\/v2\/posts\/57539\/revisions\/57541"}],"wp:featuredmedia":[{"embeddable":true,"href":"https:\/\/cvinoticias.com\/v3\/wp-json\/wp\/v2\/media\/57540"}],"wp:attachment":[{"href":"https:\/\/cvinoticias.com\/v3\/wp-json\/wp\/v2\/media?parent=57539"}],"wp:term":[{"taxonomy":"category","embeddable":true,"href":"https:\/\/cvinoticias.com\/v3\/wp-json\/wp\/v2\/categories?post=57539"},{"taxonomy":"post_tag","embeddable":true,"href":"https:\/\/cvinoticias.com\/v3\/wp-json\/wp\/v2\/tags?post=57539"}],"curies":[{"name":"wp","href":"https:\/\/api.w.org\/{rel}","templated":true}]}}