{"id":57532,"date":"2026-04-27T13:50:04","date_gmt":"2026-04-27T16:50:04","guid":{"rendered":"https:\/\/cvinoticias.com\/v3\/?p=57532"},"modified":"2026-04-28T08:10:44","modified_gmt":"2026-04-28T11:10:44","slug":"caminata-abba-el-proximo-2-de-mayo-caminamos-juntos-por-quienes-mas-lo-necesitan","status":"publish","type":"post","link":"https:\/\/cvinoticias.com\/v3\/caminata-abba-el-proximo-2-de-mayo-caminamos-juntos-por-quienes-mas-lo-necesitan\/","title":{"rendered":"Caminata ABBA: el pr\u00f3ximo 2 de mayo, caminamos juntos por quienes m\u00e1s lo necesitan"},"content":{"rendered":"\n<p>El pr\u00f3ximo s\u00e1bado 2 de mayo se llevar\u00e1 a cabo la Caminata Solidaria ABBA, una iniciativa que busca concientizar sobre la importancia de la kinesiolog\u00eda en la salud integral y, al mismo tiempo, recolectar donaciones para quienes m\u00e1s lo necesitan.<\/p>\n\n\n\n<p>\u200bEn di\u00e1logo con CVI Noticias, las licenciadas en Kinesiolog\u00eda y Fisiatr\u00eda, Gisela Fern\u00e1ndez y Ariana Far\u00edas, brindaron detalles de la actividad. La caminata tendr\u00e1 su punto de partida en la Plaza San Mart\u00edn a las 08:30 hs, desde donde los participantes iniciar\u00e1n el recorrido con destino al emblem\u00e1tico Hito Tres Fronteras.<\/p>\n\n\n\n<p>\u200bLa invitaci\u00f3n es abierta a toda la comunidad y el requisito para sumarse es colaborar con un gesto solidario. Se solicita a los asistentes acercar donaciones de ropa en buen estado o alimentos no perecederos.<\/p>\n\n\n\n<p>\u200bPara quienes no puedan asistir a la caminata pero deseen colaborar, las profesionales informaron que las donaciones tambi\u00e9n se reciben previamente en la cl\u00ednica ABBA Salud y Bienestar (calle Paraguay), en los horarios de 08:00 a 10:30 hs y de 16:00 a 18:30 hs.<\/p>\n\n\n\n<p>\u200bDesde la organizaci\u00f3n agradecieron especialmente el apoyo de la Municipalidad de Puerto Iguaz\u00fa, cuya colaboraci\u00f3n es fundamental para garantizar la seguridad y log\u00edstica de esta jornada al aire libre. Adem\u00e1s de promover la actividad f\u00edsica, el evento busca resaltar el rol preventivo de la kinesiolog\u00eda en la vida cotidiana de las personas.<\/p>\n\n\n\n<figure class=\"wp-block-image size-large\"><a href=\"https:\/\/cvinoticias.com\/wp-content\/uploads\/2026\/04\/563d138a-2c0d-4065-a76d-5ff3aa7db442.jpeg\"><img decoding=\"async\" width=\"778\" height=\"1024\" data-src=\"https:\/\/cvinoticias.com\/wp-content\/uploads\/2026\/04\/563d138a-2c0d-4065-a76d-5ff3aa7db442-778x1024.jpeg\" alt=\"\" class=\"wp-image-57536 lazyload\" data-srcset=\"https:\/\/cvinoticias.com\/wp-content\/uploads\/2026\/04\/563d138a-2c0d-4065-a76d-5ff3aa7db442-778x1024.jpeg 778w, https:\/\/cvinoticias.com\/wp-content\/uploads\/2026\/04\/563d138a-2c0d-4065-a76d-5ff3aa7db442-228x300.jpeg 228w, https:\/\/cvinoticias.com\/wp-content\/uploads\/2026\/04\/563d138a-2c0d-4065-a76d-5ff3aa7db442-768x1011.jpeg 768w, https:\/\/cvinoticias.com\/wp-content\/uploads\/2026\/04\/563d138a-2c0d-4065-a76d-5ff3aa7db442.jpeg 1080w\" data-sizes=\"(max-width: 778px) 100vw, 778px\" src=\"data:image\/svg+xml;base64,PHN2ZyB3aWR0aD0iMSIgaGVpZ2h0PSIxIiB4bWxucz0iaHR0cDovL3d3dy53My5vcmcvMjAwMC9zdmciPjwvc3ZnPg==\" style=\"--smush-placeholder-width: 778px; --smush-placeholder-aspect-ratio: 778\/1024;\" \/><\/a><\/figure>\n\n\n\n<p>Entrevista con: Gisela Fern\u00e1ndez y Ariana Far\u00edas (Lic. Kinesiolog\u00eda y Fisiatr\u00eda)<\/p>\n","protected":false},"excerpt":{"rendered":"<p>El pr\u00f3ximo s\u00e1bado 2 de mayo se llevar\u00e1 a cabo la Caminata Solidaria ABBA, una iniciativa que busca concientizar sobre la importancia de la kinesiolog\u00eda en la salud integral y, al mismo tiempo, recolectar donaciones para quienes m\u00e1s lo necesitan. \u200bEn di\u00e1logo con CVI Noticias, las licenciadas en Kinesiolog\u00eda y Fisiatr\u00eda, Gisela Fern\u00e1ndez y Ariana [&hellip;]<\/p>\n","protected":false},"author":2,"featured_media":57535,"comment_status":"open","ping_status":"closed","sticky":false,"template":"","format":"standard","meta":{"footnotes":""},"categories":[22],"tags":[2947,191,313,2099,491],"class_list":["post-57532","post","type-post","status-publish","format-standard","has-post-thumbnail","hentry","category-salud","tag-abba","tag-caminata","tag-iguazu","tag-mayo","tag-solidaria"],"yoast_head":"<!-- This site is optimized with the Yoast SEO plugin v27.5 - https:\/\/yoast.com\/product\/yoast-seo-wordpress\/ -->\n<title>Caminata ABBA en Iguaz\u00fa: c\u00f3mo participar | CVI NOTICIAS<\/title>\n<meta name=\"description\" content=\"Evento solidario el 2 de mayo con donaciones y actividad f\u00edsica\" \/>\n<meta name=\"robots\" content=\"index, follow, max-snippet:-1, max-image-preview:large, max-video-preview:-1\" \/>\n<link rel=\"canonical\" href=\"https:\/\/cvinoticias.com\/v3\/caminata-abba-el-proximo-2-de-mayo-caminamos-juntos-por-quienes-mas-lo-necesitan\/\" \/>\n<meta property=\"og:locale\" content=\"es_ES\" \/>\n<meta property=\"og:type\" content=\"article\" \/>\n<meta property=\"og:title\" content=\"Caminata ABBA en Iguaz\u00fa: c\u00f3mo participar | CVI NOTICIAS\" \/>\n<meta property=\"og:description\" content=\"Evento solidario el 2 de mayo con donaciones y actividad f\u00edsica\" \/>\n<meta property=\"og:url\" content=\"https:\/\/cvinoticias.com\/v3\/caminata-abba-el-proximo-2-de-mayo-caminamos-juntos-por-quienes-mas-lo-necesitan\/\" \/>\n<meta property=\"og:site_name\" content=\"CVI NOTICIAS\" \/>\n<meta property=\"article:publisher\" content=\"https:\/\/www.facebook.com\/cvinoticias\" \/>\n<meta property=\"article:published_time\" content=\"2026-04-27T16:50:04+00:00\" \/>\n<meta property=\"article:modified_time\" content=\"2026-04-28T11:10:44+00:00\" \/>\n<meta property=\"og:image\" content=\"https:\/\/cvinoticias.com\/wp-content\/uploads\/2026\/04\/cbbfd51c-48e5-475f-aa49-926f781ac9e8.jpeg\" \/>\n\t<meta property=\"og:image:width\" content=\"1600\" \/>\n\t<meta property=\"og:image:height\" content=\"900\" \/>\n\t<meta property=\"og:image:type\" content=\"image\/jpeg\" \/>\n<meta name=\"author\" content=\"f1000024\" \/>\n<meta name=\"twitter:card\" content=\"summary_large_image\" \/>\n<meta name=\"twitter:label1\" content=\"Escrito por\" \/>\n\t<meta name=\"twitter:data1\" content=\"f1000024\" \/>\n\t<meta name=\"twitter:label2\" content=\"Tiempo de lectura\" \/>\n\t<meta name=\"twitter:data2\" content=\"2 minutos\" \/>\n<script type=\"application\/ld+json\" class=\"yoast-schema-graph\">{\"@context\":\"https:\\\/\\\/schema.org\",\"@graph\":[{\"@type\":\"Article\",\"@id\":\"https:\\\/\\\/cvinoticias.com\\\/v3\\\/caminata-abba-el-proximo-2-de-mayo-caminamos-juntos-por-quienes-mas-lo-necesitan\\\/#article\",\"isPartOf\":{\"@id\":\"https:\\\/\\\/cvinoticias.com\\\/v3\\\/caminata-abba-el-proximo-2-de-mayo-caminamos-juntos-por-quienes-mas-lo-necesitan\\\/\"},\"author\":{\"name\":\"f1000024\",\"@id\":\"https:\\\/\\\/cvinoticias.com\\\/v3\\\/#\\\/schema\\\/person\\\/2db77e3c6bc03c538495d7b2b8be9b66\"},\"headline\":\"Caminata ABBA: el pr\u00f3ximo 2 de mayo, caminamos juntos por quienes m\u00e1s lo necesitan\",\"datePublished\":\"2026-04-27T16:50:04+00:00\",\"dateModified\":\"2026-04-28T11:10:44+00:00\",\"mainEntityOfPage\":{\"@id\":\"https:\\\/\\\/cvinoticias.com\\\/v3\\\/caminata-abba-el-proximo-2-de-mayo-caminamos-juntos-por-quienes-mas-lo-necesitan\\\/\"},\"wordCount\":267,\"commentCount\":0,\"publisher\":{\"@id\":\"https:\\\/\\\/cvinoticias.com\\\/v3\\\/#organization\"},\"image\":{\"@id\":\"https:\\\/\\\/cvinoticias.com\\\/v3\\\/caminata-abba-el-proximo-2-de-mayo-caminamos-juntos-por-quienes-mas-lo-necesitan\\\/#primaryimage\"},\"thumbnailUrl\":\"https:\\\/\\\/cvinoticias.com\\\/wp-content\\\/uploads\\\/2026\\\/04\\\/cbbfd51c-48e5-475f-aa49-926f781ac9e8.jpeg\",\"keywords\":[\"ABBA\",\"caminata\",\"Iguaz\u00fa\",\"mayo\",\"Solidaria\"],\"articleSection\":[\"Salud\"],\"inLanguage\":\"es\",\"potentialAction\":[{\"@type\":\"CommentAction\",\"name\":\"Comment\",\"target\":[\"https:\\\/\\\/cvinoticias.com\\\/v3\\\/caminata-abba-el-proximo-2-de-mayo-caminamos-juntos-por-quienes-mas-lo-necesitan\\\/#respond\"]}]},{\"@type\":\"WebPage\",\"@id\":\"https:\\\/\\\/cvinoticias.com\\\/v3\\\/caminata-abba-el-proximo-2-de-mayo-caminamos-juntos-por-quienes-mas-lo-necesitan\\\/\",\"url\":\"https:\\\/\\\/cvinoticias.com\\\/v3\\\/caminata-abba-el-proximo-2-de-mayo-caminamos-juntos-por-quienes-mas-lo-necesitan\\\/\",\"name\":\"Caminata ABBA en Iguaz\u00fa: c\u00f3mo participar | CVI NOTICIAS\",\"isPartOf\":{\"@id\":\"https:\\\/\\\/cvinoticias.com\\\/v3\\\/#website\"},\"primaryImageOfPage\":{\"@id\":\"https:\\\/\\\/cvinoticias.com\\\/v3\\\/caminata-abba-el-proximo-2-de-mayo-caminamos-juntos-por-quienes-mas-lo-necesitan\\\/#primaryimage\"},\"image\":{\"@id\":\"https:\\\/\\\/cvinoticias.com\\\/v3\\\/caminata-abba-el-proximo-2-de-mayo-caminamos-juntos-por-quienes-mas-lo-necesitan\\\/#primaryimage\"},\"thumbnailUrl\":\"https:\\\/\\\/cvinoticias.com\\\/wp-content\\\/uploads\\\/2026\\\/04\\\/cbbfd51c-48e5-475f-aa49-926f781ac9e8.jpeg\",\"datePublished\":\"2026-04-27T16:50:04+00:00\",\"dateModified\":\"2026-04-28T11:10:44+00:00\",\"description\":\"Evento solidario el 2 de mayo con donaciones y actividad f\u00edsica\",\"breadcrumb\":{\"@id\":\"https:\\\/\\\/cvinoticias.com\\\/v3\\\/caminata-abba-el-proximo-2-de-mayo-caminamos-juntos-por-quienes-mas-lo-necesitan\\\/#breadcrumb\"},\"inLanguage\":\"es\",\"potentialAction\":[{\"@type\":\"ReadAction\",\"target\":[\"https:\\\/\\\/cvinoticias.com\\\/v3\\\/caminata-abba-el-proximo-2-de-mayo-caminamos-juntos-por-quienes-mas-lo-necesitan\\\/\"]}]},{\"@type\":\"ImageObject\",\"inLanguage\":\"es\",\"@id\":\"https:\\\/\\\/cvinoticias.com\\\/v3\\\/caminata-abba-el-proximo-2-de-mayo-caminamos-juntos-por-quienes-mas-lo-necesitan\\\/#primaryimage\",\"url\":\"https:\\\/\\\/cvinoticias.com\\\/wp-content\\\/uploads\\\/2026\\\/04\\\/cbbfd51c-48e5-475f-aa49-926f781ac9e8.jpeg\",\"contentUrl\":\"https:\\\/\\\/cvinoticias.com\\\/wp-content\\\/uploads\\\/2026\\\/04\\\/cbbfd51c-48e5-475f-aa49-926f781ac9e8.jpeg\",\"width\":1600,\"height\":900},{\"@type\":\"BreadcrumbList\",\"@id\":\"https:\\\/\\\/cvinoticias.com\\\/v3\\\/caminata-abba-el-proximo-2-de-mayo-caminamos-juntos-por-quienes-mas-lo-necesitan\\\/#breadcrumb\",\"itemListElement\":[{\"@type\":\"ListItem\",\"position\":1,\"name\":\"Portada\",\"item\":\"https:\\\/\\\/cvinoticias.com\\\/v3\\\/\"},{\"@type\":\"ListItem\",\"position\":2,\"name\":\"Caminata ABBA: el pr\u00f3ximo 2 de mayo, caminamos juntos por quienes m\u00e1s lo necesitan\"}]},{\"@type\":\"WebSite\",\"@id\":\"https:\\\/\\\/cvinoticias.com\\\/v3\\\/#website\",\"url\":\"https:\\\/\\\/cvinoticias.com\\\/v3\\\/\",\"name\":\"CVI NOTICIAS\",\"description\":\"\",\"publisher\":{\"@id\":\"https:\\\/\\\/cvinoticias.com\\\/v3\\\/#organization\"},\"alternateName\":\"CVI\",\"potentialAction\":[{\"@type\":\"SearchAction\",\"target\":{\"@type\":\"EntryPoint\",\"urlTemplate\":\"https:\\\/\\\/cvinoticias.com\\\/v3\\\/?s={search_term_string}\"},\"query-input\":{\"@type\":\"PropertyValueSpecification\",\"valueRequired\":true,\"valueName\":\"search_term_string\"}}],\"inLanguage\":\"es\"},{\"@type\":\"Organization\",\"@id\":\"https:\\\/\\\/cvinoticias.com\\\/v3\\\/#organization\",\"name\":\"CVI NOTICIAS\",\"url\":\"https:\\\/\\\/cvinoticias.com\\\/v3\\\/\",\"logo\":{\"@type\":\"ImageObject\",\"inLanguage\":\"es\",\"@id\":\"https:\\\/\\\/cvinoticias.com\\\/v3\\\/#\\\/schema\\\/logo\\\/image\\\/\",\"url\":\"https:\\\/\\\/cvinoticias.com\\\/wp-content\\\/uploads\\\/2023\\\/04\\\/cropped-cropped-cropped-cropped-cropped-3-1.png\",\"contentUrl\":\"https:\\\/\\\/cvinoticias.com\\\/wp-content\\\/uploads\\\/2023\\\/04\\\/cropped-cropped-cropped-cropped-cropped-3-1.png\",\"width\":95,\"height\":122,\"caption\":\"CVI NOTICIAS\"},\"image\":{\"@id\":\"https:\\\/\\\/cvinoticias.com\\\/v3\\\/#\\\/schema\\\/logo\\\/image\\\/\"},\"sameAs\":[\"https:\\\/\\\/www.facebook.com\\\/cvinoticias\",\"https:\\\/\\\/www.instagram.com\\\/cvinoticias\\\/\",\"https:\\\/\\\/www.youtube.com\\\/@CVINOTICIAS\"]},{\"@type\":\"Person\",\"@id\":\"https:\\\/\\\/cvinoticias.com\\\/v3\\\/#\\\/schema\\\/person\\\/2db77e3c6bc03c538495d7b2b8be9b66\",\"name\":\"f1000024\",\"image\":{\"@type\":\"ImageObject\",\"inLanguage\":\"es\",\"@id\":\"https:\\\/\\\/secure.gravatar.com\\\/avatar\\\/d4fe7459cfc51ff5129ce1a732bbef5928568b8092d412ef95611616376bbeed?s=96&d=mm&r=g\",\"url\":\"https:\\\/\\\/secure.gravatar.com\\\/avatar\\\/d4fe7459cfc51ff5129ce1a732bbef5928568b8092d412ef95611616376bbeed?s=96&d=mm&r=g\",\"contentUrl\":\"https:\\\/\\\/secure.gravatar.com\\\/avatar\\\/d4fe7459cfc51ff5129ce1a732bbef5928568b8092d412ef95611616376bbeed?s=96&d=mm&r=g\",\"caption\":\"f1000024\"},\"url\":\"https:\\\/\\\/cvinoticias.com\\\/v3\\\/author\\\/f1000024\\\/\"}]}<\/script>\n<!-- \/ Yoast SEO plugin. -->","yoast_head_json":{"title":"Caminata ABBA en Iguaz\u00fa: c\u00f3mo participar | CVI NOTICIAS","description":"Evento solidario el 2 de mayo con donaciones y actividad f\u00edsica","robots":{"index":"index","follow":"follow","max-snippet":"max-snippet:-1","max-image-preview":"max-image-preview:large","max-video-preview":"max-video-preview:-1"},"canonical":"https:\/\/cvinoticias.com\/v3\/caminata-abba-el-proximo-2-de-mayo-caminamos-juntos-por-quienes-mas-lo-necesitan\/","og_locale":"es_ES","og_type":"article","og_title":"Caminata ABBA en Iguaz\u00fa: c\u00f3mo participar | CVI NOTICIAS","og_description":"Evento solidario el 2 de mayo con donaciones y actividad f\u00edsica","og_url":"https:\/\/cvinoticias.com\/v3\/caminata-abba-el-proximo-2-de-mayo-caminamos-juntos-por-quienes-mas-lo-necesitan\/","og_site_name":"CVI NOTICIAS","article_publisher":"https:\/\/www.facebook.com\/cvinoticias","article_published_time":"2026-04-27T16:50:04+00:00","article_modified_time":"2026-04-28T11:10:44+00:00","og_image":[{"width":1600,"height":900,"url":"https:\/\/cvinoticias.com\/wp-content\/uploads\/2026\/04\/cbbfd51c-48e5-475f-aa49-926f781ac9e8.jpeg","type":"image\/jpeg"}],"author":"f1000024","twitter_card":"summary_large_image","twitter_misc":{"Escrito por":"f1000024","Tiempo de lectura":"2 minutos"},"schema":{"@context":"https:\/\/schema.org","@graph":[{"@type":"Article","@id":"https:\/\/cvinoticias.com\/v3\/caminata-abba-el-proximo-2-de-mayo-caminamos-juntos-por-quienes-mas-lo-necesitan\/#article","isPartOf":{"@id":"https:\/\/cvinoticias.com\/v3\/caminata-abba-el-proximo-2-de-mayo-caminamos-juntos-por-quienes-mas-lo-necesitan\/"},"author":{"name":"f1000024","@id":"https:\/\/cvinoticias.com\/v3\/#\/schema\/person\/2db77e3c6bc03c538495d7b2b8be9b66"},"headline":"Caminata ABBA: el pr\u00f3ximo 2 de mayo, caminamos juntos por quienes m\u00e1s lo necesitan","datePublished":"2026-04-27T16:50:04+00:00","dateModified":"2026-04-28T11:10:44+00:00","mainEntityOfPage":{"@id":"https:\/\/cvinoticias.com\/v3\/caminata-abba-el-proximo-2-de-mayo-caminamos-juntos-por-quienes-mas-lo-necesitan\/"},"wordCount":267,"commentCount":0,"publisher":{"@id":"https:\/\/cvinoticias.com\/v3\/#organization"},"image":{"@id":"https:\/\/cvinoticias.com\/v3\/caminata-abba-el-proximo-2-de-mayo-caminamos-juntos-por-quienes-mas-lo-necesitan\/#primaryimage"},"thumbnailUrl":"https:\/\/cvinoticias.com\/wp-content\/uploads\/2026\/04\/cbbfd51c-48e5-475f-aa49-926f781ac9e8.jpeg","keywords":["ABBA","caminata","Iguaz\u00fa","mayo","Solidaria"],"articleSection":["Salud"],"inLanguage":"es","potentialAction":[{"@type":"CommentAction","name":"Comment","target":["https:\/\/cvinoticias.com\/v3\/caminata-abba-el-proximo-2-de-mayo-caminamos-juntos-por-quienes-mas-lo-necesitan\/#respond"]}]},{"@type":"WebPage","@id":"https:\/\/cvinoticias.com\/v3\/caminata-abba-el-proximo-2-de-mayo-caminamos-juntos-por-quienes-mas-lo-necesitan\/","url":"https:\/\/cvinoticias.com\/v3\/caminata-abba-el-proximo-2-de-mayo-caminamos-juntos-por-quienes-mas-lo-necesitan\/","name":"Caminata ABBA en Iguaz\u00fa: c\u00f3mo participar | CVI NOTICIAS","isPartOf":{"@id":"https:\/\/cvinoticias.com\/v3\/#website"},"primaryImageOfPage":{"@id":"https:\/\/cvinoticias.com\/v3\/caminata-abba-el-proximo-2-de-mayo-caminamos-juntos-por-quienes-mas-lo-necesitan\/#primaryimage"},"image":{"@id":"https:\/\/cvinoticias.com\/v3\/caminata-abba-el-proximo-2-de-mayo-caminamos-juntos-por-quienes-mas-lo-necesitan\/#primaryimage"},"thumbnailUrl":"https:\/\/cvinoticias.com\/wp-content\/uploads\/2026\/04\/cbbfd51c-48e5-475f-aa49-926f781ac9e8.jpeg","datePublished":"2026-04-27T16:50:04+00:00","dateModified":"2026-04-28T11:10:44+00:00","description":"Evento solidario el 2 de mayo con donaciones y actividad f\u00edsica","breadcrumb":{"@id":"https:\/\/cvinoticias.com\/v3\/caminata-abba-el-proximo-2-de-mayo-caminamos-juntos-por-quienes-mas-lo-necesitan\/#breadcrumb"},"inLanguage":"es","potentialAction":[{"@type":"ReadAction","target":["https:\/\/cvinoticias.com\/v3\/caminata-abba-el-proximo-2-de-mayo-caminamos-juntos-por-quienes-mas-lo-necesitan\/"]}]},{"@type":"ImageObject","inLanguage":"es","@id":"https:\/\/cvinoticias.com\/v3\/caminata-abba-el-proximo-2-de-mayo-caminamos-juntos-por-quienes-mas-lo-necesitan\/#primaryimage","url":"https:\/\/cvinoticias.com\/wp-content\/uploads\/2026\/04\/cbbfd51c-48e5-475f-aa49-926f781ac9e8.jpeg","contentUrl":"https:\/\/cvinoticias.com\/wp-content\/uploads\/2026\/04\/cbbfd51c-48e5-475f-aa49-926f781ac9e8.jpeg","width":1600,"height":900},{"@type":"BreadcrumbList","@id":"https:\/\/cvinoticias.com\/v3\/caminata-abba-el-proximo-2-de-mayo-caminamos-juntos-por-quienes-mas-lo-necesitan\/#breadcrumb","itemListElement":[{"@type":"ListItem","position":1,"name":"Portada","item":"https:\/\/cvinoticias.com\/v3\/"},{"@type":"ListItem","position":2,"name":"Caminata ABBA: el pr\u00f3ximo 2 de mayo, caminamos juntos por quienes m\u00e1s lo necesitan"}]},{"@type":"WebSite","@id":"https:\/\/cvinoticias.com\/v3\/#website","url":"https:\/\/cvinoticias.com\/v3\/","name":"CVI NOTICIAS","description":"","publisher":{"@id":"https:\/\/cvinoticias.com\/v3\/#organization"},"alternateName":"CVI","potentialAction":[{"@type":"SearchAction","target":{"@type":"EntryPoint","urlTemplate":"https:\/\/cvinoticias.com\/v3\/?s={search_term_string}"},"query-input":{"@type":"PropertyValueSpecification","valueRequired":true,"valueName":"search_term_string"}}],"inLanguage":"es"},{"@type":"Organization","@id":"https:\/\/cvinoticias.com\/v3\/#organization","name":"CVI NOTICIAS","url":"https:\/\/cvinoticias.com\/v3\/","logo":{"@type":"ImageObject","inLanguage":"es","@id":"https:\/\/cvinoticias.com\/v3\/#\/schema\/logo\/image\/","url":"https:\/\/cvinoticias.com\/wp-content\/uploads\/2023\/04\/cropped-cropped-cropped-cropped-cropped-3-1.png","contentUrl":"https:\/\/cvinoticias.com\/wp-content\/uploads\/2023\/04\/cropped-cropped-cropped-cropped-cropped-3-1.png","width":95,"height":122,"caption":"CVI NOTICIAS"},"image":{"@id":"https:\/\/cvinoticias.com\/v3\/#\/schema\/logo\/image\/"},"sameAs":["https:\/\/www.facebook.com\/cvinoticias","https:\/\/www.instagram.com\/cvinoticias\/","https:\/\/www.youtube.com\/@CVINOTICIAS"]},{"@type":"Person","@id":"https:\/\/cvinoticias.com\/v3\/#\/schema\/person\/2db77e3c6bc03c538495d7b2b8be9b66","name":"f1000024","image":{"@type":"ImageObject","inLanguage":"es","@id":"https:\/\/secure.gravatar.com\/avatar\/d4fe7459cfc51ff5129ce1a732bbef5928568b8092d412ef95611616376bbeed?s=96&d=mm&r=g","url":"https:\/\/secure.gravatar.com\/avatar\/d4fe7459cfc51ff5129ce1a732bbef5928568b8092d412ef95611616376bbeed?s=96&d=mm&r=g","contentUrl":"https:\/\/secure.gravatar.com\/avatar\/d4fe7459cfc51ff5129ce1a732bbef5928568b8092d412ef95611616376bbeed?s=96&d=mm&r=g","caption":"f1000024"},"url":"https:\/\/cvinoticias.com\/v3\/author\/f1000024\/"}]}},"_links":{"self":[{"href":"https:\/\/cvinoticias.com\/v3\/wp-json\/wp\/v2\/posts\/57532","targetHints":{"allow":["GET"]}}],"collection":[{"href":"https:\/\/cvinoticias.com\/v3\/wp-json\/wp\/v2\/posts"}],"about":[{"href":"https:\/\/cvinoticias.com\/v3\/wp-json\/wp\/v2\/types\/post"}],"author":[{"embeddable":true,"href":"https:\/\/cvinoticias.com\/v3\/wp-json\/wp\/v2\/users\/2"}],"replies":[{"embeddable":true,"href":"https:\/\/cvinoticias.com\/v3\/wp-json\/wp\/v2\/comments?post=57532"}],"version-history":[{"count":1,"href":"https:\/\/cvinoticias.com\/v3\/wp-json\/wp\/v2\/posts\/57532\/revisions"}],"predecessor-version":[{"id":57537,"href":"https:\/\/cvinoticias.com\/v3\/wp-json\/wp\/v2\/posts\/57532\/revisions\/57537"}],"wp:featuredmedia":[{"embeddable":true,"href":"https:\/\/cvinoticias.com\/v3\/wp-json\/wp\/v2\/media\/57535"}],"wp:attachment":[{"href":"https:\/\/cvinoticias.com\/v3\/wp-json\/wp\/v2\/media?parent=57532"}],"wp:term":[{"taxonomy":"category","embeddable":true,"href":"https:\/\/cvinoticias.com\/v3\/wp-json\/wp\/v2\/categories?post=57532"},{"taxonomy":"post_tag","embeddable":true,"href":"https:\/\/cvinoticias.com\/v3\/wp-json\/wp\/v2\/tags?post=57532"}],"curies":[{"name":"wp","href":"https:\/\/api.w.org\/{rel}","templated":true}]}}