{"id":57526,"date":"2026-04-27T14:48:38","date_gmt":"2026-04-27T17:48:38","guid":{"rendered":"https:\/\/cvinoticias.com\/v3\/?p=57526"},"modified":"2026-04-28T08:05:05","modified_gmt":"2026-04-28T11:05:05","slug":"semana-de-la-vacunacion-donde-y-como-vacunarse-en-iguazu","status":"publish","type":"post","link":"https:\/\/cvinoticias.com\/v3\/semana-de-la-vacunacion-donde-y-como-vacunarse-en-iguazu\/","title":{"rendered":"Semana de la Vacunaci\u00f3n: d\u00f3nde y c\u00f3mo vacunarse en Iguaz\u00fa"},"content":{"rendered":"\n<p>\u200bDesde el 25 de abril y hasta el pr\u00f3ximo 2 de mayo, se celebra la Semana de la Vacunaci\u00f3n en las Am\u00e9ricas, una iniciativa que busca reforzar el control de enfermedades y completar los esquemas de vacunaci\u00f3n en toda la regi\u00f3n. En Puerto Iguaz\u00fa, el sistema de salud p\u00fablica se suma con una fuerte campa\u00f1a orientada principalmente a la poblaci\u00f3n vulnerable, como ni\u00f1os, mujeres embarazadas y adultos mayores.<\/p>\n\n\n\n<p>\u200bEn di\u00e1logo con CVI Noticias, la licenciada en enfermer\u00eda Jimena Jim\u00e9nez destac\u00f3 que el Hospital Modular Tur\u00edstico cuenta con stock completo de dosis, las cuales son totalmente gratuitas y accesibles para toda la comunidad. \u00abInvitamos a los vecinos a que se acerquen tanto a nuestro hospital como a los distintos Centros de Atenci\u00f3n Primaria de la Salud (CAPS) de la ciudad para ponerse al d\u00eda con su carnet\u00bb, se\u00f1al\u00f3 la profesional.<br>\u200b<br>\u200bUna de las novedades de esta semana ser\u00e1 el despliegue del equipo de salud hacia el Parque Nacional Iguaz\u00fa. All\u00ed se llevar\u00e1 adelante una campa\u00f1a de vacunaci\u00f3n antigripal destinada tanto al personal que trabaja en el \u00e1rea como al p\u00fablico en general. Seg\u00fan explic\u00f3 Jim\u00e9nez, esta acci\u00f3n es vital para evitar contagios y complicaciones de salud durante los meses de fr\u00edo.<br>\u200b<br>\u200bPara participar de estas jornadas y acceder a las dosis, los interesados solo deben presentarse con su DNI y, en lo posible, llevar el carnet de vacunaci\u00f3n para que el personal de enfermer\u00eda pueda verificar qu\u00e9 dosis faltan completar. Con este tr\u00e1mite simple y r\u00e1pido, se busca que ning\u00fan vecino de Iguaz\u00fa quede fuera de la cobertura sanitaria nacional.<\/p>\n\n\n\n<p>Entrevista con: Jimena Jimenez (Lic. Enfermer\u00eda)<\/p>\n","protected":false},"excerpt":{"rendered":"<p>\u200bDesde el 25 de abril y hasta el pr\u00f3ximo 2 de mayo, se celebra la Semana de la Vacunaci\u00f3n en las Am\u00e9ricas, una iniciativa que busca reforzar el control de enfermedades y completar los esquemas de vacunaci\u00f3n en toda la regi\u00f3n. En Puerto Iguaz\u00fa, el sistema de salud p\u00fablica se suma con una fuerte campa\u00f1a [&hellip;]<\/p>\n","protected":false},"author":2,"featured_media":57528,"comment_status":"open","ping_status":"closed","sticky":false,"template":"","format":"standard","meta":{"footnotes":""},"categories":[22],"tags":[5854,5853,313,1136],"class_list":["post-57526","post","type-post","status-publish","format-standard","has-post-thumbnail","hentry","category-salud","tag-como","tag-donde","tag-iguazu","tag-vacunacion"],"yoast_head":"<!-- This site is optimized with the Yoast SEO plugin v27.5 - https:\/\/yoast.com\/product\/yoast-seo-wordpress\/ -->\n<title>Semana de la Vacunaci\u00f3n: d\u00f3nde vacunarse en Iguaz\u00fa | CVI NOTICIAS<\/title>\n<meta name=\"description\" content=\"Vacunaci\u00f3n gratuita en hospitales y CAPS hasta el 2 de mayo\" \/>\n<meta name=\"robots\" content=\"index, follow, max-snippet:-1, max-image-preview:large, max-video-preview:-1\" \/>\n<link rel=\"canonical\" href=\"https:\/\/cvinoticias.com\/v3\/semana-de-la-vacunacion-donde-y-como-vacunarse-en-iguazu\/\" \/>\n<meta property=\"og:locale\" content=\"es_ES\" \/>\n<meta property=\"og:type\" content=\"article\" \/>\n<meta property=\"og:title\" content=\"Semana de la Vacunaci\u00f3n: d\u00f3nde vacunarse en Iguaz\u00fa | CVI NOTICIAS\" \/>\n<meta property=\"og:description\" content=\"Vacunaci\u00f3n gratuita en hospitales y CAPS hasta el 2 de mayo\" \/>\n<meta property=\"og:url\" content=\"https:\/\/cvinoticias.com\/v3\/semana-de-la-vacunacion-donde-y-como-vacunarse-en-iguazu\/\" \/>\n<meta property=\"og:site_name\" content=\"CVI NOTICIAS\" \/>\n<meta property=\"article:publisher\" content=\"https:\/\/www.facebook.com\/cvinoticias\" \/>\n<meta property=\"article:published_time\" content=\"2026-04-27T17:48:38+00:00\" \/>\n<meta property=\"article:modified_time\" content=\"2026-04-28T11:05:05+00:00\" \/>\n<meta property=\"og:image\" content=\"https:\/\/cvinoticias.com\/wp-content\/uploads\/2026\/04\/53d9f542-d228-47d4-8505-f04d39aa8335.jpeg\" \/>\n\t<meta property=\"og:image:width\" content=\"1200\" \/>\n\t<meta property=\"og:image:height\" content=\"1600\" \/>\n\t<meta property=\"og:image:type\" content=\"image\/jpeg\" \/>\n<meta name=\"author\" content=\"f1000024\" \/>\n<meta name=\"twitter:card\" content=\"summary_large_image\" \/>\n<meta name=\"twitter:label1\" content=\"Escrito por\" \/>\n\t<meta name=\"twitter:data1\" content=\"f1000024\" \/>\n\t<meta name=\"twitter:label2\" content=\"Tiempo de lectura\" \/>\n\t<meta name=\"twitter:data2\" content=\"2 minutos\" \/>\n<script type=\"application\/ld+json\" class=\"yoast-schema-graph\">{\"@context\":\"https:\\\/\\\/schema.org\",\"@graph\":[{\"@type\":\"Article\",\"@id\":\"https:\\\/\\\/cvinoticias.com\\\/v3\\\/semana-de-la-vacunacion-donde-y-como-vacunarse-en-iguazu\\\/#article\",\"isPartOf\":{\"@id\":\"https:\\\/\\\/cvinoticias.com\\\/v3\\\/semana-de-la-vacunacion-donde-y-como-vacunarse-en-iguazu\\\/\"},\"author\":{\"name\":\"f1000024\",\"@id\":\"https:\\\/\\\/cvinoticias.com\\\/v3\\\/#\\\/schema\\\/person\\\/2db77e3c6bc03c538495d7b2b8be9b66\"},\"headline\":\"Semana de la Vacunaci\u00f3n: d\u00f3nde y c\u00f3mo vacunarse en Iguaz\u00fa\",\"datePublished\":\"2026-04-27T17:48:38+00:00\",\"dateModified\":\"2026-04-28T11:05:05+00:00\",\"mainEntityOfPage\":{\"@id\":\"https:\\\/\\\/cvinoticias.com\\\/v3\\\/semana-de-la-vacunacion-donde-y-como-vacunarse-en-iguazu\\\/\"},\"wordCount\":305,\"commentCount\":0,\"publisher\":{\"@id\":\"https:\\\/\\\/cvinoticias.com\\\/v3\\\/#organization\"},\"image\":{\"@id\":\"https:\\\/\\\/cvinoticias.com\\\/v3\\\/semana-de-la-vacunacion-donde-y-como-vacunarse-en-iguazu\\\/#primaryimage\"},\"thumbnailUrl\":\"https:\\\/\\\/cvinoticias.com\\\/wp-content\\\/uploads\\\/2026\\\/04\\\/53d9f542-d228-47d4-8505-f04d39aa8335.jpeg\",\"keywords\":[\"como\",\"donde\",\"Iguaz\u00fa\",\"Vacunaci\u00f3n\"],\"articleSection\":[\"Salud\"],\"inLanguage\":\"es\",\"potentialAction\":[{\"@type\":\"CommentAction\",\"name\":\"Comment\",\"target\":[\"https:\\\/\\\/cvinoticias.com\\\/v3\\\/semana-de-la-vacunacion-donde-y-como-vacunarse-en-iguazu\\\/#respond\"]}]},{\"@type\":\"WebPage\",\"@id\":\"https:\\\/\\\/cvinoticias.com\\\/v3\\\/semana-de-la-vacunacion-donde-y-como-vacunarse-en-iguazu\\\/\",\"url\":\"https:\\\/\\\/cvinoticias.com\\\/v3\\\/semana-de-la-vacunacion-donde-y-como-vacunarse-en-iguazu\\\/\",\"name\":\"Semana de la Vacunaci\u00f3n: d\u00f3nde vacunarse en Iguaz\u00fa | CVI NOTICIAS\",\"isPartOf\":{\"@id\":\"https:\\\/\\\/cvinoticias.com\\\/v3\\\/#website\"},\"primaryImageOfPage\":{\"@id\":\"https:\\\/\\\/cvinoticias.com\\\/v3\\\/semana-de-la-vacunacion-donde-y-como-vacunarse-en-iguazu\\\/#primaryimage\"},\"image\":{\"@id\":\"https:\\\/\\\/cvinoticias.com\\\/v3\\\/semana-de-la-vacunacion-donde-y-como-vacunarse-en-iguazu\\\/#primaryimage\"},\"thumbnailUrl\":\"https:\\\/\\\/cvinoticias.com\\\/wp-content\\\/uploads\\\/2026\\\/04\\\/53d9f542-d228-47d4-8505-f04d39aa8335.jpeg\",\"datePublished\":\"2026-04-27T17:48:38+00:00\",\"dateModified\":\"2026-04-28T11:05:05+00:00\",\"description\":\"Vacunaci\u00f3n gratuita en hospitales y CAPS hasta el 2 de mayo\",\"breadcrumb\":{\"@id\":\"https:\\\/\\\/cvinoticias.com\\\/v3\\\/semana-de-la-vacunacion-donde-y-como-vacunarse-en-iguazu\\\/#breadcrumb\"},\"inLanguage\":\"es\",\"potentialAction\":[{\"@type\":\"ReadAction\",\"target\":[\"https:\\\/\\\/cvinoticias.com\\\/v3\\\/semana-de-la-vacunacion-donde-y-como-vacunarse-en-iguazu\\\/\"]}]},{\"@type\":\"ImageObject\",\"inLanguage\":\"es\",\"@id\":\"https:\\\/\\\/cvinoticias.com\\\/v3\\\/semana-de-la-vacunacion-donde-y-como-vacunarse-en-iguazu\\\/#primaryimage\",\"url\":\"https:\\\/\\\/cvinoticias.com\\\/wp-content\\\/uploads\\\/2026\\\/04\\\/53d9f542-d228-47d4-8505-f04d39aa8335.jpeg\",\"contentUrl\":\"https:\\\/\\\/cvinoticias.com\\\/wp-content\\\/uploads\\\/2026\\\/04\\\/53d9f542-d228-47d4-8505-f04d39aa8335.jpeg\",\"width\":1200,\"height\":1600},{\"@type\":\"BreadcrumbList\",\"@id\":\"https:\\\/\\\/cvinoticias.com\\\/v3\\\/semana-de-la-vacunacion-donde-y-como-vacunarse-en-iguazu\\\/#breadcrumb\",\"itemListElement\":[{\"@type\":\"ListItem\",\"position\":1,\"name\":\"Portada\",\"item\":\"https:\\\/\\\/cvinoticias.com\\\/v3\\\/\"},{\"@type\":\"ListItem\",\"position\":2,\"name\":\"Semana de la Vacunaci\u00f3n: d\u00f3nde y c\u00f3mo vacunarse en Iguaz\u00fa\"}]},{\"@type\":\"WebSite\",\"@id\":\"https:\\\/\\\/cvinoticias.com\\\/v3\\\/#website\",\"url\":\"https:\\\/\\\/cvinoticias.com\\\/v3\\\/\",\"name\":\"CVI NOTICIAS\",\"description\":\"\",\"publisher\":{\"@id\":\"https:\\\/\\\/cvinoticias.com\\\/v3\\\/#organization\"},\"alternateName\":\"CVI\",\"potentialAction\":[{\"@type\":\"SearchAction\",\"target\":{\"@type\":\"EntryPoint\",\"urlTemplate\":\"https:\\\/\\\/cvinoticias.com\\\/v3\\\/?s={search_term_string}\"},\"query-input\":{\"@type\":\"PropertyValueSpecification\",\"valueRequired\":true,\"valueName\":\"search_term_string\"}}],\"inLanguage\":\"es\"},{\"@type\":\"Organization\",\"@id\":\"https:\\\/\\\/cvinoticias.com\\\/v3\\\/#organization\",\"name\":\"CVI NOTICIAS\",\"url\":\"https:\\\/\\\/cvinoticias.com\\\/v3\\\/\",\"logo\":{\"@type\":\"ImageObject\",\"inLanguage\":\"es\",\"@id\":\"https:\\\/\\\/cvinoticias.com\\\/v3\\\/#\\\/schema\\\/logo\\\/image\\\/\",\"url\":\"https:\\\/\\\/cvinoticias.com\\\/wp-content\\\/uploads\\\/2023\\\/04\\\/cropped-cropped-cropped-cropped-cropped-3-1.png\",\"contentUrl\":\"https:\\\/\\\/cvinoticias.com\\\/wp-content\\\/uploads\\\/2023\\\/04\\\/cropped-cropped-cropped-cropped-cropped-3-1.png\",\"width\":95,\"height\":122,\"caption\":\"CVI NOTICIAS\"},\"image\":{\"@id\":\"https:\\\/\\\/cvinoticias.com\\\/v3\\\/#\\\/schema\\\/logo\\\/image\\\/\"},\"sameAs\":[\"https:\\\/\\\/www.facebook.com\\\/cvinoticias\",\"https:\\\/\\\/www.instagram.com\\\/cvinoticias\\\/\",\"https:\\\/\\\/www.youtube.com\\\/@CVINOTICIAS\"]},{\"@type\":\"Person\",\"@id\":\"https:\\\/\\\/cvinoticias.com\\\/v3\\\/#\\\/schema\\\/person\\\/2db77e3c6bc03c538495d7b2b8be9b66\",\"name\":\"f1000024\",\"image\":{\"@type\":\"ImageObject\",\"inLanguage\":\"es\",\"@id\":\"https:\\\/\\\/secure.gravatar.com\\\/avatar\\\/d4fe7459cfc51ff5129ce1a732bbef5928568b8092d412ef95611616376bbeed?s=96&d=mm&r=g\",\"url\":\"https:\\\/\\\/secure.gravatar.com\\\/avatar\\\/d4fe7459cfc51ff5129ce1a732bbef5928568b8092d412ef95611616376bbeed?s=96&d=mm&r=g\",\"contentUrl\":\"https:\\\/\\\/secure.gravatar.com\\\/avatar\\\/d4fe7459cfc51ff5129ce1a732bbef5928568b8092d412ef95611616376bbeed?s=96&d=mm&r=g\",\"caption\":\"f1000024\"},\"url\":\"https:\\\/\\\/cvinoticias.com\\\/v3\\\/author\\\/f1000024\\\/\"}]}<\/script>\n<!-- \/ Yoast SEO plugin. -->","yoast_head_json":{"title":"Semana de la Vacunaci\u00f3n: d\u00f3nde vacunarse en Iguaz\u00fa | CVI NOTICIAS","description":"Vacunaci\u00f3n gratuita en hospitales y CAPS hasta el 2 de mayo","robots":{"index":"index","follow":"follow","max-snippet":"max-snippet:-1","max-image-preview":"max-image-preview:large","max-video-preview":"max-video-preview:-1"},"canonical":"https:\/\/cvinoticias.com\/v3\/semana-de-la-vacunacion-donde-y-como-vacunarse-en-iguazu\/","og_locale":"es_ES","og_type":"article","og_title":"Semana de la Vacunaci\u00f3n: d\u00f3nde vacunarse en Iguaz\u00fa | CVI NOTICIAS","og_description":"Vacunaci\u00f3n gratuita en hospitales y CAPS hasta el 2 de mayo","og_url":"https:\/\/cvinoticias.com\/v3\/semana-de-la-vacunacion-donde-y-como-vacunarse-en-iguazu\/","og_site_name":"CVI NOTICIAS","article_publisher":"https:\/\/www.facebook.com\/cvinoticias","article_published_time":"2026-04-27T17:48:38+00:00","article_modified_time":"2026-04-28T11:05:05+00:00","og_image":[{"width":1200,"height":1600,"url":"https:\/\/cvinoticias.com\/wp-content\/uploads\/2026\/04\/53d9f542-d228-47d4-8505-f04d39aa8335.jpeg","type":"image\/jpeg"}],"author":"f1000024","twitter_card":"summary_large_image","twitter_misc":{"Escrito por":"f1000024","Tiempo de lectura":"2 minutos"},"schema":{"@context":"https:\/\/schema.org","@graph":[{"@type":"Article","@id":"https:\/\/cvinoticias.com\/v3\/semana-de-la-vacunacion-donde-y-como-vacunarse-en-iguazu\/#article","isPartOf":{"@id":"https:\/\/cvinoticias.com\/v3\/semana-de-la-vacunacion-donde-y-como-vacunarse-en-iguazu\/"},"author":{"name":"f1000024","@id":"https:\/\/cvinoticias.com\/v3\/#\/schema\/person\/2db77e3c6bc03c538495d7b2b8be9b66"},"headline":"Semana de la Vacunaci\u00f3n: d\u00f3nde y c\u00f3mo vacunarse en Iguaz\u00fa","datePublished":"2026-04-27T17:48:38+00:00","dateModified":"2026-04-28T11:05:05+00:00","mainEntityOfPage":{"@id":"https:\/\/cvinoticias.com\/v3\/semana-de-la-vacunacion-donde-y-como-vacunarse-en-iguazu\/"},"wordCount":305,"commentCount":0,"publisher":{"@id":"https:\/\/cvinoticias.com\/v3\/#organization"},"image":{"@id":"https:\/\/cvinoticias.com\/v3\/semana-de-la-vacunacion-donde-y-como-vacunarse-en-iguazu\/#primaryimage"},"thumbnailUrl":"https:\/\/cvinoticias.com\/wp-content\/uploads\/2026\/04\/53d9f542-d228-47d4-8505-f04d39aa8335.jpeg","keywords":["como","donde","Iguaz\u00fa","Vacunaci\u00f3n"],"articleSection":["Salud"],"inLanguage":"es","potentialAction":[{"@type":"CommentAction","name":"Comment","target":["https:\/\/cvinoticias.com\/v3\/semana-de-la-vacunacion-donde-y-como-vacunarse-en-iguazu\/#respond"]}]},{"@type":"WebPage","@id":"https:\/\/cvinoticias.com\/v3\/semana-de-la-vacunacion-donde-y-como-vacunarse-en-iguazu\/","url":"https:\/\/cvinoticias.com\/v3\/semana-de-la-vacunacion-donde-y-como-vacunarse-en-iguazu\/","name":"Semana de la Vacunaci\u00f3n: d\u00f3nde vacunarse en Iguaz\u00fa | CVI NOTICIAS","isPartOf":{"@id":"https:\/\/cvinoticias.com\/v3\/#website"},"primaryImageOfPage":{"@id":"https:\/\/cvinoticias.com\/v3\/semana-de-la-vacunacion-donde-y-como-vacunarse-en-iguazu\/#primaryimage"},"image":{"@id":"https:\/\/cvinoticias.com\/v3\/semana-de-la-vacunacion-donde-y-como-vacunarse-en-iguazu\/#primaryimage"},"thumbnailUrl":"https:\/\/cvinoticias.com\/wp-content\/uploads\/2026\/04\/53d9f542-d228-47d4-8505-f04d39aa8335.jpeg","datePublished":"2026-04-27T17:48:38+00:00","dateModified":"2026-04-28T11:05:05+00:00","description":"Vacunaci\u00f3n gratuita en hospitales y CAPS hasta el 2 de mayo","breadcrumb":{"@id":"https:\/\/cvinoticias.com\/v3\/semana-de-la-vacunacion-donde-y-como-vacunarse-en-iguazu\/#breadcrumb"},"inLanguage":"es","potentialAction":[{"@type":"ReadAction","target":["https:\/\/cvinoticias.com\/v3\/semana-de-la-vacunacion-donde-y-como-vacunarse-en-iguazu\/"]}]},{"@type":"ImageObject","inLanguage":"es","@id":"https:\/\/cvinoticias.com\/v3\/semana-de-la-vacunacion-donde-y-como-vacunarse-en-iguazu\/#primaryimage","url":"https:\/\/cvinoticias.com\/wp-content\/uploads\/2026\/04\/53d9f542-d228-47d4-8505-f04d39aa8335.jpeg","contentUrl":"https:\/\/cvinoticias.com\/wp-content\/uploads\/2026\/04\/53d9f542-d228-47d4-8505-f04d39aa8335.jpeg","width":1200,"height":1600},{"@type":"BreadcrumbList","@id":"https:\/\/cvinoticias.com\/v3\/semana-de-la-vacunacion-donde-y-como-vacunarse-en-iguazu\/#breadcrumb","itemListElement":[{"@type":"ListItem","position":1,"name":"Portada","item":"https:\/\/cvinoticias.com\/v3\/"},{"@type":"ListItem","position":2,"name":"Semana de la Vacunaci\u00f3n: d\u00f3nde y c\u00f3mo vacunarse en Iguaz\u00fa"}]},{"@type":"WebSite","@id":"https:\/\/cvinoticias.com\/v3\/#website","url":"https:\/\/cvinoticias.com\/v3\/","name":"CVI NOTICIAS","description":"","publisher":{"@id":"https:\/\/cvinoticias.com\/v3\/#organization"},"alternateName":"CVI","potentialAction":[{"@type":"SearchAction","target":{"@type":"EntryPoint","urlTemplate":"https:\/\/cvinoticias.com\/v3\/?s={search_term_string}"},"query-input":{"@type":"PropertyValueSpecification","valueRequired":true,"valueName":"search_term_string"}}],"inLanguage":"es"},{"@type":"Organization","@id":"https:\/\/cvinoticias.com\/v3\/#organization","name":"CVI NOTICIAS","url":"https:\/\/cvinoticias.com\/v3\/","logo":{"@type":"ImageObject","inLanguage":"es","@id":"https:\/\/cvinoticias.com\/v3\/#\/schema\/logo\/image\/","url":"https:\/\/cvinoticias.com\/wp-content\/uploads\/2023\/04\/cropped-cropped-cropped-cropped-cropped-3-1.png","contentUrl":"https:\/\/cvinoticias.com\/wp-content\/uploads\/2023\/04\/cropped-cropped-cropped-cropped-cropped-3-1.png","width":95,"height":122,"caption":"CVI NOTICIAS"},"image":{"@id":"https:\/\/cvinoticias.com\/v3\/#\/schema\/logo\/image\/"},"sameAs":["https:\/\/www.facebook.com\/cvinoticias","https:\/\/www.instagram.com\/cvinoticias\/","https:\/\/www.youtube.com\/@CVINOTICIAS"]},{"@type":"Person","@id":"https:\/\/cvinoticias.com\/v3\/#\/schema\/person\/2db77e3c6bc03c538495d7b2b8be9b66","name":"f1000024","image":{"@type":"ImageObject","inLanguage":"es","@id":"https:\/\/secure.gravatar.com\/avatar\/d4fe7459cfc51ff5129ce1a732bbef5928568b8092d412ef95611616376bbeed?s=96&d=mm&r=g","url":"https:\/\/secure.gravatar.com\/avatar\/d4fe7459cfc51ff5129ce1a732bbef5928568b8092d412ef95611616376bbeed?s=96&d=mm&r=g","contentUrl":"https:\/\/secure.gravatar.com\/avatar\/d4fe7459cfc51ff5129ce1a732bbef5928568b8092d412ef95611616376bbeed?s=96&d=mm&r=g","caption":"f1000024"},"url":"https:\/\/cvinoticias.com\/v3\/author\/f1000024\/"}]}},"_links":{"self":[{"href":"https:\/\/cvinoticias.com\/v3\/wp-json\/wp\/v2\/posts\/57526","targetHints":{"allow":["GET"]}}],"collection":[{"href":"https:\/\/cvinoticias.com\/v3\/wp-json\/wp\/v2\/posts"}],"about":[{"href":"https:\/\/cvinoticias.com\/v3\/wp-json\/wp\/v2\/types\/post"}],"author":[{"embeddable":true,"href":"https:\/\/cvinoticias.com\/v3\/wp-json\/wp\/v2\/users\/2"}],"replies":[{"embeddable":true,"href":"https:\/\/cvinoticias.com\/v3\/wp-json\/wp\/v2\/comments?post=57526"}],"version-history":[{"count":1,"href":"https:\/\/cvinoticias.com\/v3\/wp-json\/wp\/v2\/posts\/57526\/revisions"}],"predecessor-version":[{"id":57530,"href":"https:\/\/cvinoticias.com\/v3\/wp-json\/wp\/v2\/posts\/57526\/revisions\/57530"}],"wp:featuredmedia":[{"embeddable":true,"href":"https:\/\/cvinoticias.com\/v3\/wp-json\/wp\/v2\/media\/57528"}],"wp:attachment":[{"href":"https:\/\/cvinoticias.com\/v3\/wp-json\/wp\/v2\/media?parent=57526"}],"wp:term":[{"taxonomy":"category","embeddable":true,"href":"https:\/\/cvinoticias.com\/v3\/wp-json\/wp\/v2\/categories?post=57526"},{"taxonomy":"post_tag","embeddable":true,"href":"https:\/\/cvinoticias.com\/v3\/wp-json\/wp\/v2\/tags?post=57526"}],"curies":[{"name":"wp","href":"https:\/\/api.w.org\/{rel}","templated":true}]}}