{"id":57496,"date":"2026-04-27T08:40:25","date_gmt":"2026-04-27T11:40:25","guid":{"rendered":"https:\/\/cvinoticias.com\/v3\/?p=57496"},"modified":"2026-04-27T08:40:46","modified_gmt":"2026-04-27T11:40:46","slug":"energia-habilita-una-central-a-biomasa-en-misiones-y-la-familia-gruber-se-suma-a-la-generacion-electrica","status":"publish","type":"post","link":"https:\/\/cvinoticias.com\/v3\/energia-habilita-una-central-a-biomasa-en-misiones-y-la-familia-gruber-se-suma-a-la-generacion-electrica\/","title":{"rendered":"Energ\u00eda habilita una central a biomasa en Misiones y la familia Gruber se suma a la generaci\u00f3n el\u00e9ctrica"},"content":{"rendered":"\n<p>El Gobierno nacional autoriz\u00f3 el 23 de abril, mediante la&nbsp;<strong><a href=\"https:\/\/www.boletinoficial.gob.ar\/detalleAviso\/primera\/341190\/20260427\" target=\"_blank\" rel=\"noreferrer noopener\">Resoluci\u00f3n 101\/2026<\/a><\/strong>&nbsp;de la Secretar\u00eda de Energ\u00eda, el ingreso de la empresa Establecimiento Don Guillermo S.R.L. al Mercado El\u00e9ctrico Mayorista (MEM) como agente generador. La decisi\u00f3n habilita la operaci\u00f3n de la Central T\u00e9rmica a Biomasa EDG Bioenerg\u00eda, con una potencia de 3 megavatios, ubicada en Eldorado, Misiones. El movimiento, de escala acotada en t\u00e9rminos de potencia, adquiere relevancia pol\u00edtica en un contexto donde la estrategia energ\u00e9tica combina apertura a inversiones privadas, generaci\u00f3n distribuida y aprovechamiento de recursos regionales. La pregunta es si se trata de un caso puntual o de una se\u00f1al m\u00e1s amplia hacia un modelo descentralizado.<\/p>\n\n\n\n<h2 class=\"wp-block-heading\">Un ingreso t\u00e9cnico con aval regulatorio<\/h2>\n\n\n\n<p>La autorizaci\u00f3n se inscribe dentro del marco de las leyes 15.336 y 24.065, que regulan el funcionamiento del sistema el\u00e9ctrico y el MEM. El proceso sigui\u00f3 el circuito habitual: evaluaci\u00f3n t\u00e9cnica, validaci\u00f3n de requisitos y publicaci\u00f3n para eventuales objeciones, sin que se registraran impugnaciones.<\/p>\n\n\n\n<p>La Compa\u00f1\u00eda Administradora del Mercado Mayorista El\u00e9ctrico (CAMMESA) certific\u00f3 que la empresa cumple con las condiciones exigidas para operar, tanto en t\u00e9rminos t\u00e9cnicos como de informaci\u00f3n para la programaci\u00f3n del sistema. Adem\u00e1s, deber\u00e1 completar la instalaci\u00f3n de equipamiento vinculado a comunicaciones y monitoreo, en l\u00ednea con los est\u00e1ndares del mercado.<\/p>\n\n\n\n<p>El proyecto cuenta tambi\u00e9n con aval ambiental. El Ministerio de Ecolog\u00eda y Recursos Naturales Renovables de Misiones aprob\u00f3 el estudio de impacto ambiental, lo que habilita su desarrollo en t\u00e9rminos regulatorios.<\/p>\n\n\n\n<p>La central se conectar\u00e1 en 13,2 kV a la Cooperativa de Electricidad Eldorado Ltda. (CEEL), que a su vez se integra al Sistema Argentino de Interconexi\u00f3n (SADI) a trav\u00e9s de instalaciones de 33 kV bajo jurisdicci\u00f3n de Electricidad de Misiones S.A. (EMSA). Es decir, se trata de una inserci\u00f3n en red con fuerte anclaje local pero impacto en el sistema nacional.<\/p>\n\n\n\n<figure class=\"wp-block-image\"><img decoding=\"async\" data-src=\"https:\/\/economis.com.ar\/wp-content\/uploads\/2026\/04\/edg-1024x1024.jpg\" alt=\"\" class=\"wp-image-472047 lazyload\" src=\"data:image\/svg+xml;base64,PHN2ZyB3aWR0aD0iMSIgaGVpZ2h0PSIxIiB4bWxucz0iaHR0cDovL3d3dy53My5vcmcvMjAwMC9zdmciPjwvc3ZnPg==\" style=\"--smush-placeholder-width: 1024px; --smush-placeholder-aspect-ratio: 1024\/1024;\" \/><\/figure>\n\n\n\n<h2 class=\"wp-block-heading\">Distribuci\u00f3n de riesgos y reglas del juego<\/h2>\n\n\n\n<p>Uno de los puntos menos visibles pero m\u00e1s relevantes de la resoluci\u00f3n es la asignaci\u00f3n de costos. La Secretar\u00eda de Energ\u00eda instruy\u00f3 a CAMMESA a trasladar a la empresa los sobrecostos o penalidades que puedan generarse por eventuales indisponibilidades en su conexi\u00f3n al sistema.<\/p>\n\n\n\n<p>Este criterio fija una se\u00f1al clara: el ingreso al MEM no solo habilita la venta de energ\u00eda, sino que tambi\u00e9n implica asumir riesgos operativos. La l\u00f3gica es consistente con un esquema donde el Estado regula, pero traslada a los privados la responsabilidad por su desempe\u00f1o t\u00e9cnico.<\/p>\n\n\n\n<p>En t\u00e9rminos institucionales, el movimiento refuerza el rol de CAMMESA como administrador del sistema y consolida el funcionamiento del MEM como espacio de coordinaci\u00f3n entre actores p\u00fablicos, privados y cooperativos.<\/p>\n\n\n\n<h2 class=\"wp-block-heading\">Escala chica, se\u00f1al relevante<\/h2>\n\n\n\n<p>Aunque los 3 MW representan una potencia limitada dentro del sistema nacional, el proyecto introduce varias capas de lectura. Por un lado, promueve la generaci\u00f3n a partir de biomasa, una fuente vinculada a econom\u00edas regionales. Por otro, articula actores diversos: una empresa privada, una cooperativa local y una empresa provincial.<\/p>\n\n\n\n<p>En ese cruce, la decisi\u00f3n puede leerse como un gesto hacia la integraci\u00f3n de proyectos de menor escala en el esquema energ\u00e9tico, sin necesidad de grandes inversiones centralizadas.<\/p>\n\n\n\n<p>Para el Gobierno, este tipo de habilitaciones suma volumen a una narrativa de diversificaci\u00f3n energ\u00e9tica. Para las provincias, abre la puerta a proyectos con impacto territorial directo.<\/p>\n\n\n\n<h2 class=\"wp-block-heading\">Un modelo que se arma caso por caso<\/h2>\n\n\n\n<p>La resoluci\u00f3n no define una pol\u00edtica general, pero encaja en una secuencia de decisiones que apuntan a flexibilizar el acceso al mercado el\u00e9ctrico. Cada proyecto aprobado construye, en la pr\u00e1ctica, un modelo m\u00e1s abierto.<\/p>\n\n\n\n<p>Habr\u00e1 que observar si este esquema se acelera en los pr\u00f3ximos meses y si aparecen m\u00e1s iniciativas similares, especialmente en regiones con disponibilidad de recursos como la biomasa.<\/p>\n\n\n\n<p>Tambi\u00e9n ser\u00e1 clave el desempe\u00f1o operativo de estas plantas: en sistemas interconectados, incluso los proyectos peque\u00f1os pueden tensionar la red si no cumplen est\u00e1ndares.<\/p>\n\n\n\n<p>Por ahora, el Gobierno habilita, regula y traslada riesgos. El equilibrio entre expansi\u00f3n, confiabilidad y costos todav\u00eda est\u00e1 en construcci\u00f3n.<\/p>\n\n\n\n<p>Fuente: Economis<\/p>\n","protected":false},"excerpt":{"rendered":"<p>El Gobierno nacional autoriz\u00f3 el 23 de abril, mediante la&nbsp;Resoluci\u00f3n 101\/2026&nbsp;de la Secretar\u00eda de Energ\u00eda, el ingreso de la empresa Establecimiento Don Guillermo S.R.L. al Mercado El\u00e9ctrico Mayorista (MEM) como agente generador. La decisi\u00f3n habilita la operaci\u00f3n de la Central T\u00e9rmica a Biomasa EDG Bioenerg\u00eda, con una potencia de 3 megavatios, ubicada en Eldorado, Misiones. [&hellip;]<\/p>\n","protected":false},"author":2,"featured_media":57497,"comment_status":"open","ping_status":"closed","sticky":false,"template":"","format":"standard","meta":{"footnotes":""},"categories":[455],"tags":[5846,3590,1401,5847],"class_list":["post-57496","post","type-post","status-publish","format-standard","has-post-thumbnail","hentry","category-misiones","tag-biomasa","tag-central","tag-emsa","tag-mem"],"yoast_head":"<!-- This site is optimized with the Yoast SEO plugin v27.5 - https:\/\/yoast.com\/product\/yoast-seo-wordpress\/ -->\n<title>Habilitan central a biomasa en Eldorado | CVI NOTICIAS<\/title>\n<meta name=\"description\" content=\"Autorizaron una planta de 3 MW en Misiones que se suma al mercado el\u00e9ctrico.\" \/>\n<meta name=\"robots\" content=\"index, follow, max-snippet:-1, max-image-preview:large, max-video-preview:-1\" \/>\n<link rel=\"canonical\" href=\"https:\/\/cvinoticias.com\/v3\/energia-habilita-una-central-a-biomasa-en-misiones-y-la-familia-gruber-se-suma-a-la-generacion-electrica\/\" \/>\n<meta property=\"og:locale\" content=\"es_ES\" \/>\n<meta property=\"og:type\" content=\"article\" \/>\n<meta property=\"og:title\" content=\"Habilitan central a biomasa en Eldorado | CVI NOTICIAS\" \/>\n<meta property=\"og:description\" content=\"Autorizaron una planta de 3 MW en Misiones que se suma al mercado el\u00e9ctrico.\" \/>\n<meta property=\"og:url\" content=\"https:\/\/cvinoticias.com\/v3\/energia-habilita-una-central-a-biomasa-en-misiones-y-la-familia-gruber-se-suma-a-la-generacion-electrica\/\" \/>\n<meta property=\"og:site_name\" content=\"CVI NOTICIAS\" \/>\n<meta property=\"article:publisher\" content=\"https:\/\/www.facebook.com\/cvinoticias\" \/>\n<meta property=\"article:published_time\" content=\"2026-04-27T11:40:25+00:00\" \/>\n<meta property=\"article:modified_time\" content=\"2026-04-27T11:40:46+00:00\" \/>\n<meta property=\"og:image\" content=\"https:\/\/cvinoticias.com\/wp-content\/uploads\/2026\/04\/energia-1536x864-1.webp\" \/>\n\t<meta property=\"og:image:width\" content=\"1536\" \/>\n\t<meta property=\"og:image:height\" content=\"864\" \/>\n\t<meta property=\"og:image:type\" content=\"image\/webp\" \/>\n<meta name=\"author\" content=\"f1000024\" \/>\n<meta name=\"twitter:card\" content=\"summary_large_image\" \/>\n<meta name=\"twitter:label1\" content=\"Escrito por\" \/>\n\t<meta name=\"twitter:data1\" content=\"f1000024\" \/>\n\t<meta name=\"twitter:label2\" content=\"Tiempo de lectura\" \/>\n\t<meta name=\"twitter:data2\" content=\"4 minutos\" \/>\n<script type=\"application\/ld+json\" class=\"yoast-schema-graph\">{\"@context\":\"https:\\\/\\\/schema.org\",\"@graph\":[{\"@type\":\"Article\",\"@id\":\"https:\\\/\\\/cvinoticias.com\\\/v3\\\/energia-habilita-una-central-a-biomasa-en-misiones-y-la-familia-gruber-se-suma-a-la-generacion-electrica\\\/#article\",\"isPartOf\":{\"@id\":\"https:\\\/\\\/cvinoticias.com\\\/v3\\\/energia-habilita-una-central-a-biomasa-en-misiones-y-la-familia-gruber-se-suma-a-la-generacion-electrica\\\/\"},\"author\":{\"name\":\"f1000024\",\"@id\":\"https:\\\/\\\/cvinoticias.com\\\/v3\\\/#\\\/schema\\\/person\\\/2db77e3c6bc03c538495d7b2b8be9b66\"},\"headline\":\"Energ\u00eda habilita una central a biomasa en Misiones y la familia Gruber se suma a la generaci\u00f3n el\u00e9ctrica\",\"datePublished\":\"2026-04-27T11:40:25+00:00\",\"dateModified\":\"2026-04-27T11:40:46+00:00\",\"mainEntityOfPage\":{\"@id\":\"https:\\\/\\\/cvinoticias.com\\\/v3\\\/energia-habilita-una-central-a-biomasa-en-misiones-y-la-familia-gruber-se-suma-a-la-generacion-electrica\\\/\"},\"wordCount\":746,\"commentCount\":0,\"publisher\":{\"@id\":\"https:\\\/\\\/cvinoticias.com\\\/v3\\\/#organization\"},\"image\":{\"@id\":\"https:\\\/\\\/cvinoticias.com\\\/v3\\\/energia-habilita-una-central-a-biomasa-en-misiones-y-la-familia-gruber-se-suma-a-la-generacion-electrica\\\/#primaryimage\"},\"thumbnailUrl\":\"https:\\\/\\\/cvinoticias.com\\\/wp-content\\\/uploads\\\/2026\\\/04\\\/energia-1536x864-1.webp\",\"keywords\":[\"Biomasa\",\"central\",\"EMSA\",\"MEM\"],\"articleSection\":[\"Misiones\"],\"inLanguage\":\"es\",\"potentialAction\":[{\"@type\":\"CommentAction\",\"name\":\"Comment\",\"target\":[\"https:\\\/\\\/cvinoticias.com\\\/v3\\\/energia-habilita-una-central-a-biomasa-en-misiones-y-la-familia-gruber-se-suma-a-la-generacion-electrica\\\/#respond\"]}]},{\"@type\":\"WebPage\",\"@id\":\"https:\\\/\\\/cvinoticias.com\\\/v3\\\/energia-habilita-una-central-a-biomasa-en-misiones-y-la-familia-gruber-se-suma-a-la-generacion-electrica\\\/\",\"url\":\"https:\\\/\\\/cvinoticias.com\\\/v3\\\/energia-habilita-una-central-a-biomasa-en-misiones-y-la-familia-gruber-se-suma-a-la-generacion-electrica\\\/\",\"name\":\"Habilitan central a biomasa en Eldorado | CVI NOTICIAS\",\"isPartOf\":{\"@id\":\"https:\\\/\\\/cvinoticias.com\\\/v3\\\/#website\"},\"primaryImageOfPage\":{\"@id\":\"https:\\\/\\\/cvinoticias.com\\\/v3\\\/energia-habilita-una-central-a-biomasa-en-misiones-y-la-familia-gruber-se-suma-a-la-generacion-electrica\\\/#primaryimage\"},\"image\":{\"@id\":\"https:\\\/\\\/cvinoticias.com\\\/v3\\\/energia-habilita-una-central-a-biomasa-en-misiones-y-la-familia-gruber-se-suma-a-la-generacion-electrica\\\/#primaryimage\"},\"thumbnailUrl\":\"https:\\\/\\\/cvinoticias.com\\\/wp-content\\\/uploads\\\/2026\\\/04\\\/energia-1536x864-1.webp\",\"datePublished\":\"2026-04-27T11:40:25+00:00\",\"dateModified\":\"2026-04-27T11:40:46+00:00\",\"description\":\"Autorizaron una planta de 3 MW en Misiones que se suma al mercado el\u00e9ctrico.\",\"breadcrumb\":{\"@id\":\"https:\\\/\\\/cvinoticias.com\\\/v3\\\/energia-habilita-una-central-a-biomasa-en-misiones-y-la-familia-gruber-se-suma-a-la-generacion-electrica\\\/#breadcrumb\"},\"inLanguage\":\"es\",\"potentialAction\":[{\"@type\":\"ReadAction\",\"target\":[\"https:\\\/\\\/cvinoticias.com\\\/v3\\\/energia-habilita-una-central-a-biomasa-en-misiones-y-la-familia-gruber-se-suma-a-la-generacion-electrica\\\/\"]}]},{\"@type\":\"ImageObject\",\"inLanguage\":\"es\",\"@id\":\"https:\\\/\\\/cvinoticias.com\\\/v3\\\/energia-habilita-una-central-a-biomasa-en-misiones-y-la-familia-gruber-se-suma-a-la-generacion-electrica\\\/#primaryimage\",\"url\":\"https:\\\/\\\/cvinoticias.com\\\/wp-content\\\/uploads\\\/2026\\\/04\\\/energia-1536x864-1.webp\",\"contentUrl\":\"https:\\\/\\\/cvinoticias.com\\\/wp-content\\\/uploads\\\/2026\\\/04\\\/energia-1536x864-1.webp\",\"width\":1536,\"height\":864},{\"@type\":\"BreadcrumbList\",\"@id\":\"https:\\\/\\\/cvinoticias.com\\\/v3\\\/energia-habilita-una-central-a-biomasa-en-misiones-y-la-familia-gruber-se-suma-a-la-generacion-electrica\\\/#breadcrumb\",\"itemListElement\":[{\"@type\":\"ListItem\",\"position\":1,\"name\":\"Portada\",\"item\":\"https:\\\/\\\/cvinoticias.com\\\/v3\\\/\"},{\"@type\":\"ListItem\",\"position\":2,\"name\":\"Energ\u00eda habilita una central a biomasa en Misiones y la familia Gruber se suma a la generaci\u00f3n el\u00e9ctrica\"}]},{\"@type\":\"WebSite\",\"@id\":\"https:\\\/\\\/cvinoticias.com\\\/v3\\\/#website\",\"url\":\"https:\\\/\\\/cvinoticias.com\\\/v3\\\/\",\"name\":\"CVI NOTICIAS\",\"description\":\"\",\"publisher\":{\"@id\":\"https:\\\/\\\/cvinoticias.com\\\/v3\\\/#organization\"},\"alternateName\":\"CVI\",\"potentialAction\":[{\"@type\":\"SearchAction\",\"target\":{\"@type\":\"EntryPoint\",\"urlTemplate\":\"https:\\\/\\\/cvinoticias.com\\\/v3\\\/?s={search_term_string}\"},\"query-input\":{\"@type\":\"PropertyValueSpecification\",\"valueRequired\":true,\"valueName\":\"search_term_string\"}}],\"inLanguage\":\"es\"},{\"@type\":\"Organization\",\"@id\":\"https:\\\/\\\/cvinoticias.com\\\/v3\\\/#organization\",\"name\":\"CVI NOTICIAS\",\"url\":\"https:\\\/\\\/cvinoticias.com\\\/v3\\\/\",\"logo\":{\"@type\":\"ImageObject\",\"inLanguage\":\"es\",\"@id\":\"https:\\\/\\\/cvinoticias.com\\\/v3\\\/#\\\/schema\\\/logo\\\/image\\\/\",\"url\":\"https:\\\/\\\/cvinoticias.com\\\/wp-content\\\/uploads\\\/2023\\\/04\\\/cropped-cropped-cropped-cropped-cropped-3-1.png\",\"contentUrl\":\"https:\\\/\\\/cvinoticias.com\\\/wp-content\\\/uploads\\\/2023\\\/04\\\/cropped-cropped-cropped-cropped-cropped-3-1.png\",\"width\":95,\"height\":122,\"caption\":\"CVI NOTICIAS\"},\"image\":{\"@id\":\"https:\\\/\\\/cvinoticias.com\\\/v3\\\/#\\\/schema\\\/logo\\\/image\\\/\"},\"sameAs\":[\"https:\\\/\\\/www.facebook.com\\\/cvinoticias\",\"https:\\\/\\\/www.instagram.com\\\/cvinoticias\\\/\",\"https:\\\/\\\/www.youtube.com\\\/@CVINOTICIAS\"]},{\"@type\":\"Person\",\"@id\":\"https:\\\/\\\/cvinoticias.com\\\/v3\\\/#\\\/schema\\\/person\\\/2db77e3c6bc03c538495d7b2b8be9b66\",\"name\":\"f1000024\",\"image\":{\"@type\":\"ImageObject\",\"inLanguage\":\"es\",\"@id\":\"https:\\\/\\\/secure.gravatar.com\\\/avatar\\\/d4fe7459cfc51ff5129ce1a732bbef5928568b8092d412ef95611616376bbeed?s=96&d=mm&r=g\",\"url\":\"https:\\\/\\\/secure.gravatar.com\\\/avatar\\\/d4fe7459cfc51ff5129ce1a732bbef5928568b8092d412ef95611616376bbeed?s=96&d=mm&r=g\",\"contentUrl\":\"https:\\\/\\\/secure.gravatar.com\\\/avatar\\\/d4fe7459cfc51ff5129ce1a732bbef5928568b8092d412ef95611616376bbeed?s=96&d=mm&r=g\",\"caption\":\"f1000024\"},\"url\":\"https:\\\/\\\/cvinoticias.com\\\/v3\\\/author\\\/f1000024\\\/\"}]}<\/script>\n<!-- \/ Yoast SEO plugin. -->","yoast_head_json":{"title":"Habilitan central a biomasa en Eldorado | CVI NOTICIAS","description":"Autorizaron una planta de 3 MW en Misiones que se suma al mercado el\u00e9ctrico.","robots":{"index":"index","follow":"follow","max-snippet":"max-snippet:-1","max-image-preview":"max-image-preview:large","max-video-preview":"max-video-preview:-1"},"canonical":"https:\/\/cvinoticias.com\/v3\/energia-habilita-una-central-a-biomasa-en-misiones-y-la-familia-gruber-se-suma-a-la-generacion-electrica\/","og_locale":"es_ES","og_type":"article","og_title":"Habilitan central a biomasa en Eldorado | CVI NOTICIAS","og_description":"Autorizaron una planta de 3 MW en Misiones que se suma al mercado el\u00e9ctrico.","og_url":"https:\/\/cvinoticias.com\/v3\/energia-habilita-una-central-a-biomasa-en-misiones-y-la-familia-gruber-se-suma-a-la-generacion-electrica\/","og_site_name":"CVI NOTICIAS","article_publisher":"https:\/\/www.facebook.com\/cvinoticias","article_published_time":"2026-04-27T11:40:25+00:00","article_modified_time":"2026-04-27T11:40:46+00:00","og_image":[{"width":1536,"height":864,"url":"https:\/\/cvinoticias.com\/wp-content\/uploads\/2026\/04\/energia-1536x864-1.webp","type":"image\/webp"}],"author":"f1000024","twitter_card":"summary_large_image","twitter_misc":{"Escrito por":"f1000024","Tiempo de lectura":"4 minutos"},"schema":{"@context":"https:\/\/schema.org","@graph":[{"@type":"Article","@id":"https:\/\/cvinoticias.com\/v3\/energia-habilita-una-central-a-biomasa-en-misiones-y-la-familia-gruber-se-suma-a-la-generacion-electrica\/#article","isPartOf":{"@id":"https:\/\/cvinoticias.com\/v3\/energia-habilita-una-central-a-biomasa-en-misiones-y-la-familia-gruber-se-suma-a-la-generacion-electrica\/"},"author":{"name":"f1000024","@id":"https:\/\/cvinoticias.com\/v3\/#\/schema\/person\/2db77e3c6bc03c538495d7b2b8be9b66"},"headline":"Energ\u00eda habilita una central a biomasa en Misiones y la familia Gruber se suma a la generaci\u00f3n el\u00e9ctrica","datePublished":"2026-04-27T11:40:25+00:00","dateModified":"2026-04-27T11:40:46+00:00","mainEntityOfPage":{"@id":"https:\/\/cvinoticias.com\/v3\/energia-habilita-una-central-a-biomasa-en-misiones-y-la-familia-gruber-se-suma-a-la-generacion-electrica\/"},"wordCount":746,"commentCount":0,"publisher":{"@id":"https:\/\/cvinoticias.com\/v3\/#organization"},"image":{"@id":"https:\/\/cvinoticias.com\/v3\/energia-habilita-una-central-a-biomasa-en-misiones-y-la-familia-gruber-se-suma-a-la-generacion-electrica\/#primaryimage"},"thumbnailUrl":"https:\/\/cvinoticias.com\/wp-content\/uploads\/2026\/04\/energia-1536x864-1.webp","keywords":["Biomasa","central","EMSA","MEM"],"articleSection":["Misiones"],"inLanguage":"es","potentialAction":[{"@type":"CommentAction","name":"Comment","target":["https:\/\/cvinoticias.com\/v3\/energia-habilita-una-central-a-biomasa-en-misiones-y-la-familia-gruber-se-suma-a-la-generacion-electrica\/#respond"]}]},{"@type":"WebPage","@id":"https:\/\/cvinoticias.com\/v3\/energia-habilita-una-central-a-biomasa-en-misiones-y-la-familia-gruber-se-suma-a-la-generacion-electrica\/","url":"https:\/\/cvinoticias.com\/v3\/energia-habilita-una-central-a-biomasa-en-misiones-y-la-familia-gruber-se-suma-a-la-generacion-electrica\/","name":"Habilitan central a biomasa en Eldorado | CVI NOTICIAS","isPartOf":{"@id":"https:\/\/cvinoticias.com\/v3\/#website"},"primaryImageOfPage":{"@id":"https:\/\/cvinoticias.com\/v3\/energia-habilita-una-central-a-biomasa-en-misiones-y-la-familia-gruber-se-suma-a-la-generacion-electrica\/#primaryimage"},"image":{"@id":"https:\/\/cvinoticias.com\/v3\/energia-habilita-una-central-a-biomasa-en-misiones-y-la-familia-gruber-se-suma-a-la-generacion-electrica\/#primaryimage"},"thumbnailUrl":"https:\/\/cvinoticias.com\/wp-content\/uploads\/2026\/04\/energia-1536x864-1.webp","datePublished":"2026-04-27T11:40:25+00:00","dateModified":"2026-04-27T11:40:46+00:00","description":"Autorizaron una planta de 3 MW en Misiones que se suma al mercado el\u00e9ctrico.","breadcrumb":{"@id":"https:\/\/cvinoticias.com\/v3\/energia-habilita-una-central-a-biomasa-en-misiones-y-la-familia-gruber-se-suma-a-la-generacion-electrica\/#breadcrumb"},"inLanguage":"es","potentialAction":[{"@type":"ReadAction","target":["https:\/\/cvinoticias.com\/v3\/energia-habilita-una-central-a-biomasa-en-misiones-y-la-familia-gruber-se-suma-a-la-generacion-electrica\/"]}]},{"@type":"ImageObject","inLanguage":"es","@id":"https:\/\/cvinoticias.com\/v3\/energia-habilita-una-central-a-biomasa-en-misiones-y-la-familia-gruber-se-suma-a-la-generacion-electrica\/#primaryimage","url":"https:\/\/cvinoticias.com\/wp-content\/uploads\/2026\/04\/energia-1536x864-1.webp","contentUrl":"https:\/\/cvinoticias.com\/wp-content\/uploads\/2026\/04\/energia-1536x864-1.webp","width":1536,"height":864},{"@type":"BreadcrumbList","@id":"https:\/\/cvinoticias.com\/v3\/energia-habilita-una-central-a-biomasa-en-misiones-y-la-familia-gruber-se-suma-a-la-generacion-electrica\/#breadcrumb","itemListElement":[{"@type":"ListItem","position":1,"name":"Portada","item":"https:\/\/cvinoticias.com\/v3\/"},{"@type":"ListItem","position":2,"name":"Energ\u00eda habilita una central a biomasa en Misiones y la familia Gruber se suma a la generaci\u00f3n el\u00e9ctrica"}]},{"@type":"WebSite","@id":"https:\/\/cvinoticias.com\/v3\/#website","url":"https:\/\/cvinoticias.com\/v3\/","name":"CVI NOTICIAS","description":"","publisher":{"@id":"https:\/\/cvinoticias.com\/v3\/#organization"},"alternateName":"CVI","potentialAction":[{"@type":"SearchAction","target":{"@type":"EntryPoint","urlTemplate":"https:\/\/cvinoticias.com\/v3\/?s={search_term_string}"},"query-input":{"@type":"PropertyValueSpecification","valueRequired":true,"valueName":"search_term_string"}}],"inLanguage":"es"},{"@type":"Organization","@id":"https:\/\/cvinoticias.com\/v3\/#organization","name":"CVI NOTICIAS","url":"https:\/\/cvinoticias.com\/v3\/","logo":{"@type":"ImageObject","inLanguage":"es","@id":"https:\/\/cvinoticias.com\/v3\/#\/schema\/logo\/image\/","url":"https:\/\/cvinoticias.com\/wp-content\/uploads\/2023\/04\/cropped-cropped-cropped-cropped-cropped-3-1.png","contentUrl":"https:\/\/cvinoticias.com\/wp-content\/uploads\/2023\/04\/cropped-cropped-cropped-cropped-cropped-3-1.png","width":95,"height":122,"caption":"CVI NOTICIAS"},"image":{"@id":"https:\/\/cvinoticias.com\/v3\/#\/schema\/logo\/image\/"},"sameAs":["https:\/\/www.facebook.com\/cvinoticias","https:\/\/www.instagram.com\/cvinoticias\/","https:\/\/www.youtube.com\/@CVINOTICIAS"]},{"@type":"Person","@id":"https:\/\/cvinoticias.com\/v3\/#\/schema\/person\/2db77e3c6bc03c538495d7b2b8be9b66","name":"f1000024","image":{"@type":"ImageObject","inLanguage":"es","@id":"https:\/\/secure.gravatar.com\/avatar\/d4fe7459cfc51ff5129ce1a732bbef5928568b8092d412ef95611616376bbeed?s=96&d=mm&r=g","url":"https:\/\/secure.gravatar.com\/avatar\/d4fe7459cfc51ff5129ce1a732bbef5928568b8092d412ef95611616376bbeed?s=96&d=mm&r=g","contentUrl":"https:\/\/secure.gravatar.com\/avatar\/d4fe7459cfc51ff5129ce1a732bbef5928568b8092d412ef95611616376bbeed?s=96&d=mm&r=g","caption":"f1000024"},"url":"https:\/\/cvinoticias.com\/v3\/author\/f1000024\/"}]}},"_links":{"self":[{"href":"https:\/\/cvinoticias.com\/v3\/wp-json\/wp\/v2\/posts\/57496","targetHints":{"allow":["GET"]}}],"collection":[{"href":"https:\/\/cvinoticias.com\/v3\/wp-json\/wp\/v2\/posts"}],"about":[{"href":"https:\/\/cvinoticias.com\/v3\/wp-json\/wp\/v2\/types\/post"}],"author":[{"embeddable":true,"href":"https:\/\/cvinoticias.com\/v3\/wp-json\/wp\/v2\/users\/2"}],"replies":[{"embeddable":true,"href":"https:\/\/cvinoticias.com\/v3\/wp-json\/wp\/v2\/comments?post=57496"}],"version-history":[{"count":2,"href":"https:\/\/cvinoticias.com\/v3\/wp-json\/wp\/v2\/posts\/57496\/revisions"}],"predecessor-version":[{"id":57499,"href":"https:\/\/cvinoticias.com\/v3\/wp-json\/wp\/v2\/posts\/57496\/revisions\/57499"}],"wp:featuredmedia":[{"embeddable":true,"href":"https:\/\/cvinoticias.com\/v3\/wp-json\/wp\/v2\/media\/57497"}],"wp:attachment":[{"href":"https:\/\/cvinoticias.com\/v3\/wp-json\/wp\/v2\/media?parent=57496"}],"wp:term":[{"taxonomy":"category","embeddable":true,"href":"https:\/\/cvinoticias.com\/v3\/wp-json\/wp\/v2\/categories?post=57496"},{"taxonomy":"post_tag","embeddable":true,"href":"https:\/\/cvinoticias.com\/v3\/wp-json\/wp\/v2\/tags?post=57496"}],"curies":[{"name":"wp","href":"https:\/\/api.w.org\/{rel}","templated":true}]}}