{"id":57489,"date":"2026-04-27T08:34:30","date_gmt":"2026-04-27T11:34:30","guid":{"rendered":"https:\/\/cvinoticias.com\/v3\/?p=57489"},"modified":"2026-04-27T08:34:31","modified_gmt":"2026-04-27T11:34:31","slug":"coparticipacion-misiones-sufrio-una-disminucion-importante-en-los-envios-de-fondos-entre-febrero-y-marzo","status":"publish","type":"post","link":"https:\/\/cvinoticias.com\/v3\/coparticipacion-misiones-sufrio-una-disminucion-importante-en-los-envios-de-fondos-entre-febrero-y-marzo\/","title":{"rendered":"Coparticipaci\u00f3n: Misiones sufri\u00f3 una disminuci\u00f3n importante en los env\u00edos de fondos entre febrero y marzo"},"content":{"rendered":"\n<p>El ministro coordinador de Gabinete de Misiones\u00a0<strong>Carlos Sartori<\/strong>\u00a0asegur\u00f3 que la provincia sufri\u00f3 una disminuci\u00f3n importante en los recursos coparticipables durante los primeros meses del a\u00f1o. En febrero llegaron 40.000 millones de pesos menos, mientras que en marzo la cifra volvi\u00f3 a registrar una baja de\u00a0<strong>38.358 millones<\/strong>, lo que afecta directamente las finanzas provinciales y municipales.<\/p>\n\n\n\n<p>Sostuvo que&nbsp;<strong>el Gobierno provincial avanza en las gestiones para recuperar esos fondos<\/strong>: \u201cLa provincia impuls\u00f3 un reclamo para que se paguen cinco cuotas del consenso fiscal que la Naci\u00f3n adeuda desde el a\u00f1o 2025\u201d. Si bien la transferencia no se complet\u00f3 en su totalidad, Sartori confirm\u00f3 que se realizaron pagos parciales.<\/p>\n\n\n\n<p>\u201cEsto facilita recursos que ingresan a las comunas y a la provincia, pero son reclamos de deuda que tienen con los misioneros\u201d, apunt\u00f3. El funcionario remarc\u00f3 que la ca\u00edda de la coparticipaci\u00f3n impacta fuertemente en las finanzas de ambos niveles de gobierno.<\/p>\n\n\n\n<figure class=\"wp-block-image\"><img decoding=\"async\" data-src=\"https:\/\/www.canal12misiones.com\/wp-content\/uploads\/2025\/12\/carlos-sartori-entrega-equipamiento-sanitario-1-1024x683.webp\" alt=\"\" class=\"wp-image-624265 lazyload\" src=\"data:image\/svg+xml;base64,PHN2ZyB3aWR0aD0iMSIgaGVpZ2h0PSIxIiB4bWxucz0iaHR0cDovL3d3dy53My5vcmcvMjAwMC9zdmciPjwvc3ZnPg==\" style=\"--smush-placeholder-width: 1024px; --smush-placeholder-aspect-ratio: 1024\/683;\" \/><\/figure>\n\n\n\n<h3 class=\"wp-block-heading\">Ante la deuda de Naci\u00f3n, la Provincia mantienen el trabajo y cercan\u00eda con los intendentes<\/h3>\n\n\n\n<p>Sartori destac\u00f3 el trabajo articulado que realizan desde el Gobierno provincial con los intendentes, ante la merma en los env\u00edos de partidas. \u201cDiariamente charlo con los jefes comunales, con algunos me re\u00fano personalmente, con otros de forma telef\u00f3nica\u201d, mencion\u00f3.<\/p>\n\n\n\n<p>El ministro tambi\u00e9n se refiri\u00f3 a otros problemas que afectan a los municipios. Mencion\u00f3 que algunos intendentes sufren&nbsp;<strong>demoras en el cobro de las regal\u00edas de Yacyret\u00e1&nbsp;<\/strong>debido a la afecci\u00f3n que tuvieron con la cota 83. \u201cSeguimos reclamando las cosas que son de los misioneros y apuntando fuertemente a no ceder ni un espacio en lo que nos corresponde\u201d, afirm\u00f3 Sartori.<\/p>\n\n\n\n<p>El funcionario asegur\u00f3 que seguir\u00e1n trabajando en esa l\u00ednea con cada uno de los intendentes y con el gobierno provincial encabezado por&nbsp;<strong>Hugo Passalacqua<\/strong>. \u201cTratando de pasar esta dif\u00edcil situaci\u00f3n econ\u00f3mica que lleva y conlleva al pa\u00eds y que afecta a los distritos provinciales que son fundamentales para crecer\u201d, concluy\u00f3.<audio src=\"https:\/\/www.canal12misiones.com\/wp-content\/uploads\/2026\/04\/Carlos-Sartori-mistro-coordinador-de-gabinete.mp3.mp3\"><\/audio><\/p>\n\n\n\n<p>Fuente: Cana 12 Misiones<\/p>\n","protected":false},"excerpt":{"rendered":"<p>El ministro coordinador de Gabinete de Misiones\u00a0Carlos Sartori\u00a0asegur\u00f3 que la provincia sufri\u00f3 una disminuci\u00f3n importante en los recursos coparticipables durante los primeros meses del a\u00f1o. En febrero llegaron 40.000 millones de pesos menos, mientras que en marzo la cifra volvi\u00f3 a registrar una baja de\u00a038.358 millones, lo que afecta directamente las finanzas provinciales y municipales. [&hellip;]<\/p>\n","protected":false},"author":2,"featured_media":57490,"comment_status":"open","ping_status":"closed","sticky":false,"template":"","format":"standard","meta":{"footnotes":""},"categories":[32],"tags":[2756,4827,4837,278],"class_list":["post-57489","post","type-post","status-publish","format-standard","has-post-thumbnail","hentry","category-economia","tag-coparticipacion","tag-febrero","tag-marzo","tag-misiones"],"yoast_head":"<!-- This site is optimized with the Yoast SEO plugin v27.4 - https:\/\/yoast.com\/product\/yoast-seo-wordpress\/ -->\n<title>Coparticipaci\u00f3n: Misiones cay\u00f3 en fondos nacionales | CVI NOTICIAS<\/title>\n<meta name=\"description\" content=\"La provincia registr\u00f3 baja en env\u00edos y reclama deuda a Naci\u00f3n.\" \/>\n<meta name=\"robots\" content=\"index, follow, max-snippet:-1, max-image-preview:large, max-video-preview:-1\" \/>\n<link rel=\"canonical\" href=\"https:\/\/cvinoticias.com\/v3\/coparticipacion-misiones-sufrio-una-disminucion-importante-en-los-envios-de-fondos-entre-febrero-y-marzo\/\" \/>\n<meta property=\"og:locale\" content=\"es_ES\" \/>\n<meta property=\"og:type\" content=\"article\" \/>\n<meta property=\"og:title\" content=\"Coparticipaci\u00f3n: Misiones cay\u00f3 en fondos nacionales | CVI NOTICIAS\" \/>\n<meta property=\"og:description\" content=\"La provincia registr\u00f3 baja en env\u00edos y reclama deuda a Naci\u00f3n.\" \/>\n<meta property=\"og:url\" content=\"https:\/\/cvinoticias.com\/v3\/coparticipacion-misiones-sufrio-una-disminucion-importante-en-los-envios-de-fondos-entre-febrero-y-marzo\/\" \/>\n<meta property=\"og:site_name\" content=\"CVI NOTICIAS\" \/>\n<meta property=\"article:publisher\" content=\"https:\/\/www.facebook.com\/cvinoticias\" \/>\n<meta property=\"article:published_time\" content=\"2026-04-27T11:34:30+00:00\" \/>\n<meta property=\"article:modified_time\" content=\"2026-04-27T11:34:31+00:00\" \/>\n<meta property=\"og:image\" content=\"https:\/\/cvinoticias.com\/wp-content\/uploads\/2026\/04\/casa-de-gobierno.webp\" \/>\n\t<meta property=\"og:image:width\" content=\"2178\" \/>\n\t<meta property=\"og:image:height\" content=\"1460\" \/>\n\t<meta property=\"og:image:type\" content=\"image\/webp\" \/>\n<meta name=\"author\" content=\"f1000024\" \/>\n<meta name=\"twitter:card\" content=\"summary_large_image\" \/>\n<meta name=\"twitter:label1\" content=\"Escrito por\" \/>\n\t<meta name=\"twitter:data1\" content=\"f1000024\" \/>\n\t<meta name=\"twitter:label2\" content=\"Tiempo de lectura\" \/>\n\t<meta name=\"twitter:data2\" content=\"2 minutos\" \/>\n<script type=\"application\/ld+json\" class=\"yoast-schema-graph\">{\"@context\":\"https:\\\/\\\/schema.org\",\"@graph\":[{\"@type\":\"Article\",\"@id\":\"https:\\\/\\\/cvinoticias.com\\\/v3\\\/coparticipacion-misiones-sufrio-una-disminucion-importante-en-los-envios-de-fondos-entre-febrero-y-marzo\\\/#article\",\"isPartOf\":{\"@id\":\"https:\\\/\\\/cvinoticias.com\\\/v3\\\/coparticipacion-misiones-sufrio-una-disminucion-importante-en-los-envios-de-fondos-entre-febrero-y-marzo\\\/\"},\"author\":{\"name\":\"f1000024\",\"@id\":\"https:\\\/\\\/cvinoticias.com\\\/v3\\\/#\\\/schema\\\/person\\\/2db77e3c6bc03c538495d7b2b8be9b66\"},\"headline\":\"Coparticipaci\u00f3n: Misiones sufri\u00f3 una disminuci\u00f3n importante en los env\u00edos de fondos entre febrero y marzo\",\"datePublished\":\"2026-04-27T11:34:30+00:00\",\"dateModified\":\"2026-04-27T11:34:31+00:00\",\"mainEntityOfPage\":{\"@id\":\"https:\\\/\\\/cvinoticias.com\\\/v3\\\/coparticipacion-misiones-sufrio-una-disminucion-importante-en-los-envios-de-fondos-entre-febrero-y-marzo\\\/\"},\"wordCount\":359,\"commentCount\":0,\"publisher\":{\"@id\":\"https:\\\/\\\/cvinoticias.com\\\/v3\\\/#organization\"},\"image\":{\"@id\":\"https:\\\/\\\/cvinoticias.com\\\/v3\\\/coparticipacion-misiones-sufrio-una-disminucion-importante-en-los-envios-de-fondos-entre-febrero-y-marzo\\\/#primaryimage\"},\"thumbnailUrl\":\"https:\\\/\\\/cvinoticias.com\\\/wp-content\\\/uploads\\\/2026\\\/04\\\/casa-de-gobierno.webp\",\"keywords\":[\"coparticipaci\u00f3n\",\"febrero\",\"marzo\",\"Misiones\"],\"articleSection\":[\"Econom\u00eda\"],\"inLanguage\":\"es\",\"potentialAction\":[{\"@type\":\"CommentAction\",\"name\":\"Comment\",\"target\":[\"https:\\\/\\\/cvinoticias.com\\\/v3\\\/coparticipacion-misiones-sufrio-una-disminucion-importante-en-los-envios-de-fondos-entre-febrero-y-marzo\\\/#respond\"]}]},{\"@type\":\"WebPage\",\"@id\":\"https:\\\/\\\/cvinoticias.com\\\/v3\\\/coparticipacion-misiones-sufrio-una-disminucion-importante-en-los-envios-de-fondos-entre-febrero-y-marzo\\\/\",\"url\":\"https:\\\/\\\/cvinoticias.com\\\/v3\\\/coparticipacion-misiones-sufrio-una-disminucion-importante-en-los-envios-de-fondos-entre-febrero-y-marzo\\\/\",\"name\":\"Coparticipaci\u00f3n: Misiones cay\u00f3 en fondos nacionales | CVI NOTICIAS\",\"isPartOf\":{\"@id\":\"https:\\\/\\\/cvinoticias.com\\\/v3\\\/#website\"},\"primaryImageOfPage\":{\"@id\":\"https:\\\/\\\/cvinoticias.com\\\/v3\\\/coparticipacion-misiones-sufrio-una-disminucion-importante-en-los-envios-de-fondos-entre-febrero-y-marzo\\\/#primaryimage\"},\"image\":{\"@id\":\"https:\\\/\\\/cvinoticias.com\\\/v3\\\/coparticipacion-misiones-sufrio-una-disminucion-importante-en-los-envios-de-fondos-entre-febrero-y-marzo\\\/#primaryimage\"},\"thumbnailUrl\":\"https:\\\/\\\/cvinoticias.com\\\/wp-content\\\/uploads\\\/2026\\\/04\\\/casa-de-gobierno.webp\",\"datePublished\":\"2026-04-27T11:34:30+00:00\",\"dateModified\":\"2026-04-27T11:34:31+00:00\",\"description\":\"La provincia registr\u00f3 baja en env\u00edos y reclama deuda a Naci\u00f3n.\",\"breadcrumb\":{\"@id\":\"https:\\\/\\\/cvinoticias.com\\\/v3\\\/coparticipacion-misiones-sufrio-una-disminucion-importante-en-los-envios-de-fondos-entre-febrero-y-marzo\\\/#breadcrumb\"},\"inLanguage\":\"es\",\"potentialAction\":[{\"@type\":\"ReadAction\",\"target\":[\"https:\\\/\\\/cvinoticias.com\\\/v3\\\/coparticipacion-misiones-sufrio-una-disminucion-importante-en-los-envios-de-fondos-entre-febrero-y-marzo\\\/\"]}]},{\"@type\":\"ImageObject\",\"inLanguage\":\"es\",\"@id\":\"https:\\\/\\\/cvinoticias.com\\\/v3\\\/coparticipacion-misiones-sufrio-una-disminucion-importante-en-los-envios-de-fondos-entre-febrero-y-marzo\\\/#primaryimage\",\"url\":\"https:\\\/\\\/cvinoticias.com\\\/wp-content\\\/uploads\\\/2026\\\/04\\\/casa-de-gobierno.webp\",\"contentUrl\":\"https:\\\/\\\/cvinoticias.com\\\/wp-content\\\/uploads\\\/2026\\\/04\\\/casa-de-gobierno.webp\",\"width\":2178,\"height\":1460},{\"@type\":\"BreadcrumbList\",\"@id\":\"https:\\\/\\\/cvinoticias.com\\\/v3\\\/coparticipacion-misiones-sufrio-una-disminucion-importante-en-los-envios-de-fondos-entre-febrero-y-marzo\\\/#breadcrumb\",\"itemListElement\":[{\"@type\":\"ListItem\",\"position\":1,\"name\":\"Portada\",\"item\":\"https:\\\/\\\/cvinoticias.com\\\/v3\\\/\"},{\"@type\":\"ListItem\",\"position\":2,\"name\":\"Coparticipaci\u00f3n: Misiones sufri\u00f3 una disminuci\u00f3n importante en los env\u00edos de fondos entre febrero y marzo\"}]},{\"@type\":\"WebSite\",\"@id\":\"https:\\\/\\\/cvinoticias.com\\\/v3\\\/#website\",\"url\":\"https:\\\/\\\/cvinoticias.com\\\/v3\\\/\",\"name\":\"CVI NOTICIAS\",\"description\":\"\",\"publisher\":{\"@id\":\"https:\\\/\\\/cvinoticias.com\\\/v3\\\/#organization\"},\"alternateName\":\"CVI\",\"potentialAction\":[{\"@type\":\"SearchAction\",\"target\":{\"@type\":\"EntryPoint\",\"urlTemplate\":\"https:\\\/\\\/cvinoticias.com\\\/v3\\\/?s={search_term_string}\"},\"query-input\":{\"@type\":\"PropertyValueSpecification\",\"valueRequired\":true,\"valueName\":\"search_term_string\"}}],\"inLanguage\":\"es\"},{\"@type\":\"Organization\",\"@id\":\"https:\\\/\\\/cvinoticias.com\\\/v3\\\/#organization\",\"name\":\"CVI NOTICIAS\",\"url\":\"https:\\\/\\\/cvinoticias.com\\\/v3\\\/\",\"logo\":{\"@type\":\"ImageObject\",\"inLanguage\":\"es\",\"@id\":\"https:\\\/\\\/cvinoticias.com\\\/v3\\\/#\\\/schema\\\/logo\\\/image\\\/\",\"url\":\"https:\\\/\\\/cvinoticias.com\\\/wp-content\\\/uploads\\\/2023\\\/04\\\/cropped-cropped-cropped-cropped-cropped-3-1.png\",\"contentUrl\":\"https:\\\/\\\/cvinoticias.com\\\/wp-content\\\/uploads\\\/2023\\\/04\\\/cropped-cropped-cropped-cropped-cropped-3-1.png\",\"width\":95,\"height\":122,\"caption\":\"CVI NOTICIAS\"},\"image\":{\"@id\":\"https:\\\/\\\/cvinoticias.com\\\/v3\\\/#\\\/schema\\\/logo\\\/image\\\/\"},\"sameAs\":[\"https:\\\/\\\/www.facebook.com\\\/cvinoticias\",\"https:\\\/\\\/www.instagram.com\\\/cvinoticias\\\/\",\"https:\\\/\\\/www.youtube.com\\\/@CVINOTICIAS\"]},{\"@type\":\"Person\",\"@id\":\"https:\\\/\\\/cvinoticias.com\\\/v3\\\/#\\\/schema\\\/person\\\/2db77e3c6bc03c538495d7b2b8be9b66\",\"name\":\"f1000024\",\"image\":{\"@type\":\"ImageObject\",\"inLanguage\":\"es\",\"@id\":\"https:\\\/\\\/secure.gravatar.com\\\/avatar\\\/d4fe7459cfc51ff5129ce1a732bbef5928568b8092d412ef95611616376bbeed?s=96&d=mm&r=g\",\"url\":\"https:\\\/\\\/secure.gravatar.com\\\/avatar\\\/d4fe7459cfc51ff5129ce1a732bbef5928568b8092d412ef95611616376bbeed?s=96&d=mm&r=g\",\"contentUrl\":\"https:\\\/\\\/secure.gravatar.com\\\/avatar\\\/d4fe7459cfc51ff5129ce1a732bbef5928568b8092d412ef95611616376bbeed?s=96&d=mm&r=g\",\"caption\":\"f1000024\"},\"url\":\"https:\\\/\\\/cvinoticias.com\\\/v3\\\/author\\\/f1000024\\\/\"}]}<\/script>\n<!-- \/ Yoast SEO plugin. -->","yoast_head_json":{"title":"Coparticipaci\u00f3n: Misiones cay\u00f3 en fondos nacionales | CVI NOTICIAS","description":"La provincia registr\u00f3 baja en env\u00edos y reclama deuda a Naci\u00f3n.","robots":{"index":"index","follow":"follow","max-snippet":"max-snippet:-1","max-image-preview":"max-image-preview:large","max-video-preview":"max-video-preview:-1"},"canonical":"https:\/\/cvinoticias.com\/v3\/coparticipacion-misiones-sufrio-una-disminucion-importante-en-los-envios-de-fondos-entre-febrero-y-marzo\/","og_locale":"es_ES","og_type":"article","og_title":"Coparticipaci\u00f3n: Misiones cay\u00f3 en fondos nacionales | CVI NOTICIAS","og_description":"La provincia registr\u00f3 baja en env\u00edos y reclama deuda a Naci\u00f3n.","og_url":"https:\/\/cvinoticias.com\/v3\/coparticipacion-misiones-sufrio-una-disminucion-importante-en-los-envios-de-fondos-entre-febrero-y-marzo\/","og_site_name":"CVI NOTICIAS","article_publisher":"https:\/\/www.facebook.com\/cvinoticias","article_published_time":"2026-04-27T11:34:30+00:00","article_modified_time":"2026-04-27T11:34:31+00:00","og_image":[{"width":2178,"height":1460,"url":"https:\/\/cvinoticias.com\/wp-content\/uploads\/2026\/04\/casa-de-gobierno.webp","type":"image\/webp"}],"author":"f1000024","twitter_card":"summary_large_image","twitter_misc":{"Escrito por":"f1000024","Tiempo de lectura":"2 minutos"},"schema":{"@context":"https:\/\/schema.org","@graph":[{"@type":"Article","@id":"https:\/\/cvinoticias.com\/v3\/coparticipacion-misiones-sufrio-una-disminucion-importante-en-los-envios-de-fondos-entre-febrero-y-marzo\/#article","isPartOf":{"@id":"https:\/\/cvinoticias.com\/v3\/coparticipacion-misiones-sufrio-una-disminucion-importante-en-los-envios-de-fondos-entre-febrero-y-marzo\/"},"author":{"name":"f1000024","@id":"https:\/\/cvinoticias.com\/v3\/#\/schema\/person\/2db77e3c6bc03c538495d7b2b8be9b66"},"headline":"Coparticipaci\u00f3n: Misiones sufri\u00f3 una disminuci\u00f3n importante en los env\u00edos de fondos entre febrero y marzo","datePublished":"2026-04-27T11:34:30+00:00","dateModified":"2026-04-27T11:34:31+00:00","mainEntityOfPage":{"@id":"https:\/\/cvinoticias.com\/v3\/coparticipacion-misiones-sufrio-una-disminucion-importante-en-los-envios-de-fondos-entre-febrero-y-marzo\/"},"wordCount":359,"commentCount":0,"publisher":{"@id":"https:\/\/cvinoticias.com\/v3\/#organization"},"image":{"@id":"https:\/\/cvinoticias.com\/v3\/coparticipacion-misiones-sufrio-una-disminucion-importante-en-los-envios-de-fondos-entre-febrero-y-marzo\/#primaryimage"},"thumbnailUrl":"https:\/\/cvinoticias.com\/wp-content\/uploads\/2026\/04\/casa-de-gobierno.webp","keywords":["coparticipaci\u00f3n","febrero","marzo","Misiones"],"articleSection":["Econom\u00eda"],"inLanguage":"es","potentialAction":[{"@type":"CommentAction","name":"Comment","target":["https:\/\/cvinoticias.com\/v3\/coparticipacion-misiones-sufrio-una-disminucion-importante-en-los-envios-de-fondos-entre-febrero-y-marzo\/#respond"]}]},{"@type":"WebPage","@id":"https:\/\/cvinoticias.com\/v3\/coparticipacion-misiones-sufrio-una-disminucion-importante-en-los-envios-de-fondos-entre-febrero-y-marzo\/","url":"https:\/\/cvinoticias.com\/v3\/coparticipacion-misiones-sufrio-una-disminucion-importante-en-los-envios-de-fondos-entre-febrero-y-marzo\/","name":"Coparticipaci\u00f3n: Misiones cay\u00f3 en fondos nacionales | CVI NOTICIAS","isPartOf":{"@id":"https:\/\/cvinoticias.com\/v3\/#website"},"primaryImageOfPage":{"@id":"https:\/\/cvinoticias.com\/v3\/coparticipacion-misiones-sufrio-una-disminucion-importante-en-los-envios-de-fondos-entre-febrero-y-marzo\/#primaryimage"},"image":{"@id":"https:\/\/cvinoticias.com\/v3\/coparticipacion-misiones-sufrio-una-disminucion-importante-en-los-envios-de-fondos-entre-febrero-y-marzo\/#primaryimage"},"thumbnailUrl":"https:\/\/cvinoticias.com\/wp-content\/uploads\/2026\/04\/casa-de-gobierno.webp","datePublished":"2026-04-27T11:34:30+00:00","dateModified":"2026-04-27T11:34:31+00:00","description":"La provincia registr\u00f3 baja en env\u00edos y reclama deuda a Naci\u00f3n.","breadcrumb":{"@id":"https:\/\/cvinoticias.com\/v3\/coparticipacion-misiones-sufrio-una-disminucion-importante-en-los-envios-de-fondos-entre-febrero-y-marzo\/#breadcrumb"},"inLanguage":"es","potentialAction":[{"@type":"ReadAction","target":["https:\/\/cvinoticias.com\/v3\/coparticipacion-misiones-sufrio-una-disminucion-importante-en-los-envios-de-fondos-entre-febrero-y-marzo\/"]}]},{"@type":"ImageObject","inLanguage":"es","@id":"https:\/\/cvinoticias.com\/v3\/coparticipacion-misiones-sufrio-una-disminucion-importante-en-los-envios-de-fondos-entre-febrero-y-marzo\/#primaryimage","url":"https:\/\/cvinoticias.com\/wp-content\/uploads\/2026\/04\/casa-de-gobierno.webp","contentUrl":"https:\/\/cvinoticias.com\/wp-content\/uploads\/2026\/04\/casa-de-gobierno.webp","width":2178,"height":1460},{"@type":"BreadcrumbList","@id":"https:\/\/cvinoticias.com\/v3\/coparticipacion-misiones-sufrio-una-disminucion-importante-en-los-envios-de-fondos-entre-febrero-y-marzo\/#breadcrumb","itemListElement":[{"@type":"ListItem","position":1,"name":"Portada","item":"https:\/\/cvinoticias.com\/v3\/"},{"@type":"ListItem","position":2,"name":"Coparticipaci\u00f3n: Misiones sufri\u00f3 una disminuci\u00f3n importante en los env\u00edos de fondos entre febrero y marzo"}]},{"@type":"WebSite","@id":"https:\/\/cvinoticias.com\/v3\/#website","url":"https:\/\/cvinoticias.com\/v3\/","name":"CVI NOTICIAS","description":"","publisher":{"@id":"https:\/\/cvinoticias.com\/v3\/#organization"},"alternateName":"CVI","potentialAction":[{"@type":"SearchAction","target":{"@type":"EntryPoint","urlTemplate":"https:\/\/cvinoticias.com\/v3\/?s={search_term_string}"},"query-input":{"@type":"PropertyValueSpecification","valueRequired":true,"valueName":"search_term_string"}}],"inLanguage":"es"},{"@type":"Organization","@id":"https:\/\/cvinoticias.com\/v3\/#organization","name":"CVI NOTICIAS","url":"https:\/\/cvinoticias.com\/v3\/","logo":{"@type":"ImageObject","inLanguage":"es","@id":"https:\/\/cvinoticias.com\/v3\/#\/schema\/logo\/image\/","url":"https:\/\/cvinoticias.com\/wp-content\/uploads\/2023\/04\/cropped-cropped-cropped-cropped-cropped-3-1.png","contentUrl":"https:\/\/cvinoticias.com\/wp-content\/uploads\/2023\/04\/cropped-cropped-cropped-cropped-cropped-3-1.png","width":95,"height":122,"caption":"CVI NOTICIAS"},"image":{"@id":"https:\/\/cvinoticias.com\/v3\/#\/schema\/logo\/image\/"},"sameAs":["https:\/\/www.facebook.com\/cvinoticias","https:\/\/www.instagram.com\/cvinoticias\/","https:\/\/www.youtube.com\/@CVINOTICIAS"]},{"@type":"Person","@id":"https:\/\/cvinoticias.com\/v3\/#\/schema\/person\/2db77e3c6bc03c538495d7b2b8be9b66","name":"f1000024","image":{"@type":"ImageObject","inLanguage":"es","@id":"https:\/\/secure.gravatar.com\/avatar\/d4fe7459cfc51ff5129ce1a732bbef5928568b8092d412ef95611616376bbeed?s=96&d=mm&r=g","url":"https:\/\/secure.gravatar.com\/avatar\/d4fe7459cfc51ff5129ce1a732bbef5928568b8092d412ef95611616376bbeed?s=96&d=mm&r=g","contentUrl":"https:\/\/secure.gravatar.com\/avatar\/d4fe7459cfc51ff5129ce1a732bbef5928568b8092d412ef95611616376bbeed?s=96&d=mm&r=g","caption":"f1000024"},"url":"https:\/\/cvinoticias.com\/v3\/author\/f1000024\/"}]}},"_links":{"self":[{"href":"https:\/\/cvinoticias.com\/v3\/wp-json\/wp\/v2\/posts\/57489","targetHints":{"allow":["GET"]}}],"collection":[{"href":"https:\/\/cvinoticias.com\/v3\/wp-json\/wp\/v2\/posts"}],"about":[{"href":"https:\/\/cvinoticias.com\/v3\/wp-json\/wp\/v2\/types\/post"}],"author":[{"embeddable":true,"href":"https:\/\/cvinoticias.com\/v3\/wp-json\/wp\/v2\/users\/2"}],"replies":[{"embeddable":true,"href":"https:\/\/cvinoticias.com\/v3\/wp-json\/wp\/v2\/comments?post=57489"}],"version-history":[{"count":1,"href":"https:\/\/cvinoticias.com\/v3\/wp-json\/wp\/v2\/posts\/57489\/revisions"}],"predecessor-version":[{"id":57491,"href":"https:\/\/cvinoticias.com\/v3\/wp-json\/wp\/v2\/posts\/57489\/revisions\/57491"}],"wp:featuredmedia":[{"embeddable":true,"href":"https:\/\/cvinoticias.com\/v3\/wp-json\/wp\/v2\/media\/57490"}],"wp:attachment":[{"href":"https:\/\/cvinoticias.com\/v3\/wp-json\/wp\/v2\/media?parent=57489"}],"wp:term":[{"taxonomy":"category","embeddable":true,"href":"https:\/\/cvinoticias.com\/v3\/wp-json\/wp\/v2\/categories?post=57489"},{"taxonomy":"post_tag","embeddable":true,"href":"https:\/\/cvinoticias.com\/v3\/wp-json\/wp\/v2\/tags?post=57489"}],"curies":[{"name":"wp","href":"https:\/\/api.w.org\/{rel}","templated":true}]}}