{"id":57480,"date":"2026-04-27T08:15:21","date_gmt":"2026-04-27T11:15:21","guid":{"rendered":"https:\/\/cvinoticias.com\/v3\/?p=57480"},"modified":"2026-04-27T08:15:22","modified_gmt":"2026-04-27T11:15:22","slug":"misiones-implementa-un-esquema-de-contencion-tras-el-recorte-nacional-de-subsidios-a-la-energia","status":"publish","type":"post","link":"https:\/\/cvinoticias.com\/v3\/misiones-implementa-un-esquema-de-contencion-tras-el-recorte-nacional-de-subsidios-a-la-energia\/","title":{"rendered":"Misiones implementa un esquema de contenci\u00f3n tras el recorte nacional de subsidios a la energ\u00eda"},"content":{"rendered":"\n<p>El Gobierno de Misiones puso en marcha un esquema de contenci\u00f3n para amortiguar el impacto en las facturas de energ\u00eda el\u00e9ctrica, tras la implementaci\u00f3n del nuevo R\u00e9gimen de Subsidios Energ\u00e9ticos Focalizados dispuesto por Naci\u00f3n a partir de abril de 2026.<\/p>\n\n\n\n<p>A partir de la redefinici\u00f3n de los per\u00edodos de consumo por parte del Gobierno Nacional, que considera marzo y abril como meses \u201ctemplados\u201d, se produjo una reducci\u00f3n significativa del tope de consumo con subsidio, que pas\u00f3 de 550 kWh durante el verano a solo 150 kWh. Esta modificaci\u00f3n genera un impacto directo en las facturas de los hogares, especialmente en regiones como el NEA, donde las altas temperaturas del verano contin\u00faan a\u00fan iniciado el oto\u00f1o, y mantienen elevados niveles de consumo el\u00e9ctrico.<\/p>\n\n\n\n<p>En este marco, el Gobierno de la Provincia de Misiones realiz\u00f3 distintas gestiones ante las autoridades nacionales a fin de contemplar las particularidades clim\u00e1ticas de la regi\u00f3n y evitar un impacto brusco en los usuarios. Sin embargo, estos planteos no fueron incorporados en la normativa vigente.<\/p>\n\n\n\n<figure class=\"wp-block-image\"><img decoding=\"async\" data-src=\"https:\/\/economis.com.ar\/wp-content\/uploads\/2026\/04\/subsidios-mnes-768x1024.jpeg\" alt=\"\" class=\"wp-image-471969 lazyload\" src=\"data:image\/svg+xml;base64,PHN2ZyB3aWR0aD0iMSIgaGVpZ2h0PSIxIiB4bWxucz0iaHR0cDovL3d3dy53My5vcmcvMjAwMC9zdmciPjwvc3ZnPg==\" style=\"--smush-placeholder-width: 768px; --smush-placeholder-aspect-ratio: 768\/1024;\" \/><\/figure>\n\n\n\n<p>En ese contexto, la Provincia defini\u00f3 una intervenci\u00f3n para acompa\u00f1ar a las familias misioneras y evitar un impacto inmediato en el costo del servicio. Durante abril, el esquema provincial contempla que esa diferencia entre los 550 kWh y los 150 kWh se abone prorrateada. Es decir, el excedente por encima de ese nivel (150 kWh) no se traslada de manera \u00edntegra a la factura del mismo mes, sino que se distribuye en dos pagos en las pr\u00f3ximas facturas, permitiendo una absorci\u00f3n gradual del incremento.<\/p>\n\n\n\n<p>Este mecanismo busca distribuir el impacto del nuevo esquema nacional en el tiempo y evitar incrementos abruptos en una sola factura. Y es que, a partir de mayo, el subsidio nacional vuelve hasta los 300 kWh, en un contexto donde adem\u00e1s se prev\u00e9 una disminuci\u00f3n del consumo energ\u00e9tico por factores estacionales vinculados a la llegada del invierno.<\/p>\n\n\n\n<p>Frente a este escenario, la Provincia implementa un esquema de transici\u00f3n con el objetivo de sostener el acceso al servicio el\u00e9ctrico y acompa\u00f1ar la econom\u00eda de los hogares misioneros ante la reconfiguraci\u00f3n del sistema nacional.<\/p>\n\n\n\n<p>Fuente: Economis<\/p>\n","protected":false},"excerpt":{"rendered":"<p>El Gobierno de Misiones puso en marcha un esquema de contenci\u00f3n para amortiguar el impacto en las facturas de energ\u00eda el\u00e9ctrica, tras la implementaci\u00f3n del nuevo R\u00e9gimen de Subsidios Energ\u00e9ticos Focalizados dispuesto por Naci\u00f3n a partir de abril de 2026. A partir de la redefinici\u00f3n de los per\u00edodos de consumo por parte del Gobierno Nacional, [&hellip;]<\/p>\n","protected":false},"author":2,"featured_media":57481,"comment_status":"open","ping_status":"closed","sticky":false,"template":"","format":"standard","meta":{"footnotes":""},"categories":[455],"tags":[3092,1259,5242,1813],"class_list":["post-57480","post","type-post","status-publish","format-standard","has-post-thumbnail","hentry","category-misiones","tag-contencion","tag-energia","tag-esquema","tag-subsidios"],"yoast_head":"<!-- This site is optimized with the Yoast SEO plugin v27.5 - https:\/\/yoast.com\/product\/yoast-seo-wordpress\/ -->\n<title>Misiones aplica medidas ante recorte de subsidios energ\u00e9ticos | CVI NOTICIAS<\/title>\n<meta name=\"description\" content=\"La provincia prorratea el impacto del recorte nacional para aliviar facturas.\" \/>\n<meta name=\"robots\" content=\"index, follow, max-snippet:-1, max-image-preview:large, max-video-preview:-1\" \/>\n<link rel=\"canonical\" href=\"https:\/\/cvinoticias.com\/v3\/misiones-implementa-un-esquema-de-contencion-tras-el-recorte-nacional-de-subsidios-a-la-energia\/\" \/>\n<meta property=\"og:locale\" content=\"es_ES\" \/>\n<meta property=\"og:type\" content=\"article\" \/>\n<meta property=\"og:title\" content=\"Misiones aplica medidas ante recorte de subsidios energ\u00e9ticos | CVI NOTICIAS\" \/>\n<meta property=\"og:description\" content=\"La provincia prorratea el impacto del recorte nacional para aliviar facturas.\" \/>\n<meta property=\"og:url\" content=\"https:\/\/cvinoticias.com\/v3\/misiones-implementa-un-esquema-de-contencion-tras-el-recorte-nacional-de-subsidios-a-la-energia\/\" \/>\n<meta property=\"og:site_name\" content=\"CVI NOTICIAS\" \/>\n<meta property=\"article:publisher\" content=\"https:\/\/www.facebook.com\/cvinoticias\" \/>\n<meta property=\"article:published_time\" content=\"2026-04-27T11:15:21+00:00\" \/>\n<meta property=\"article:modified_time\" content=\"2026-04-27T11:15:22+00:00\" \/>\n<meta property=\"og:image\" content=\"https:\/\/cvinoticias.com\/wp-content\/uploads\/2026\/04\/subsidio-gas-luz-quienes-accedenjpg.webp\" \/>\n\t<meta property=\"og:image:width\" content=\"1200\" \/>\n\t<meta property=\"og:image:height\" content=\"675\" \/>\n\t<meta property=\"og:image:type\" content=\"image\/webp\" \/>\n<meta name=\"author\" content=\"f1000024\" \/>\n<meta name=\"twitter:card\" content=\"summary_large_image\" \/>\n<meta name=\"twitter:label1\" content=\"Escrito por\" \/>\n\t<meta name=\"twitter:data1\" content=\"f1000024\" \/>\n\t<meta name=\"twitter:label2\" content=\"Tiempo de lectura\" \/>\n\t<meta name=\"twitter:data2\" content=\"2 minutos\" \/>\n<script type=\"application\/ld+json\" class=\"yoast-schema-graph\">{\"@context\":\"https:\\\/\\\/schema.org\",\"@graph\":[{\"@type\":\"Article\",\"@id\":\"https:\\\/\\\/cvinoticias.com\\\/v3\\\/misiones-implementa-un-esquema-de-contencion-tras-el-recorte-nacional-de-subsidios-a-la-energia\\\/#article\",\"isPartOf\":{\"@id\":\"https:\\\/\\\/cvinoticias.com\\\/v3\\\/misiones-implementa-un-esquema-de-contencion-tras-el-recorte-nacional-de-subsidios-a-la-energia\\\/\"},\"author\":{\"name\":\"f1000024\",\"@id\":\"https:\\\/\\\/cvinoticias.com\\\/v3\\\/#\\\/schema\\\/person\\\/2db77e3c6bc03c538495d7b2b8be9b66\"},\"headline\":\"Misiones implementa un esquema de contenci\u00f3n tras el recorte nacional de subsidios a la energ\u00eda\",\"datePublished\":\"2026-04-27T11:15:21+00:00\",\"dateModified\":\"2026-04-27T11:15:22+00:00\",\"mainEntityOfPage\":{\"@id\":\"https:\\\/\\\/cvinoticias.com\\\/v3\\\/misiones-implementa-un-esquema-de-contencion-tras-el-recorte-nacional-de-subsidios-a-la-energia\\\/\"},\"wordCount\":385,\"commentCount\":0,\"publisher\":{\"@id\":\"https:\\\/\\\/cvinoticias.com\\\/v3\\\/#organization\"},\"image\":{\"@id\":\"https:\\\/\\\/cvinoticias.com\\\/v3\\\/misiones-implementa-un-esquema-de-contencion-tras-el-recorte-nacional-de-subsidios-a-la-energia\\\/#primaryimage\"},\"thumbnailUrl\":\"https:\\\/\\\/cvinoticias.com\\\/wp-content\\\/uploads\\\/2026\\\/04\\\/subsidio-gas-luz-quienes-accedenjpg.webp\",\"keywords\":[\"Contenci\u00f3n\",\"Energ\u00eda\",\"esquema\",\"Subsidios\"],\"articleSection\":[\"Misiones\"],\"inLanguage\":\"es\",\"potentialAction\":[{\"@type\":\"CommentAction\",\"name\":\"Comment\",\"target\":[\"https:\\\/\\\/cvinoticias.com\\\/v3\\\/misiones-implementa-un-esquema-de-contencion-tras-el-recorte-nacional-de-subsidios-a-la-energia\\\/#respond\"]}]},{\"@type\":\"WebPage\",\"@id\":\"https:\\\/\\\/cvinoticias.com\\\/v3\\\/misiones-implementa-un-esquema-de-contencion-tras-el-recorte-nacional-de-subsidios-a-la-energia\\\/\",\"url\":\"https:\\\/\\\/cvinoticias.com\\\/v3\\\/misiones-implementa-un-esquema-de-contencion-tras-el-recorte-nacional-de-subsidios-a-la-energia\\\/\",\"name\":\"Misiones aplica medidas ante recorte de subsidios energ\u00e9ticos | CVI NOTICIAS\",\"isPartOf\":{\"@id\":\"https:\\\/\\\/cvinoticias.com\\\/v3\\\/#website\"},\"primaryImageOfPage\":{\"@id\":\"https:\\\/\\\/cvinoticias.com\\\/v3\\\/misiones-implementa-un-esquema-de-contencion-tras-el-recorte-nacional-de-subsidios-a-la-energia\\\/#primaryimage\"},\"image\":{\"@id\":\"https:\\\/\\\/cvinoticias.com\\\/v3\\\/misiones-implementa-un-esquema-de-contencion-tras-el-recorte-nacional-de-subsidios-a-la-energia\\\/#primaryimage\"},\"thumbnailUrl\":\"https:\\\/\\\/cvinoticias.com\\\/wp-content\\\/uploads\\\/2026\\\/04\\\/subsidio-gas-luz-quienes-accedenjpg.webp\",\"datePublished\":\"2026-04-27T11:15:21+00:00\",\"dateModified\":\"2026-04-27T11:15:22+00:00\",\"description\":\"La provincia prorratea el impacto del recorte nacional para aliviar facturas.\",\"breadcrumb\":{\"@id\":\"https:\\\/\\\/cvinoticias.com\\\/v3\\\/misiones-implementa-un-esquema-de-contencion-tras-el-recorte-nacional-de-subsidios-a-la-energia\\\/#breadcrumb\"},\"inLanguage\":\"es\",\"potentialAction\":[{\"@type\":\"ReadAction\",\"target\":[\"https:\\\/\\\/cvinoticias.com\\\/v3\\\/misiones-implementa-un-esquema-de-contencion-tras-el-recorte-nacional-de-subsidios-a-la-energia\\\/\"]}]},{\"@type\":\"ImageObject\",\"inLanguage\":\"es\",\"@id\":\"https:\\\/\\\/cvinoticias.com\\\/v3\\\/misiones-implementa-un-esquema-de-contencion-tras-el-recorte-nacional-de-subsidios-a-la-energia\\\/#primaryimage\",\"url\":\"https:\\\/\\\/cvinoticias.com\\\/wp-content\\\/uploads\\\/2026\\\/04\\\/subsidio-gas-luz-quienes-accedenjpg.webp\",\"contentUrl\":\"https:\\\/\\\/cvinoticias.com\\\/wp-content\\\/uploads\\\/2026\\\/04\\\/subsidio-gas-luz-quienes-accedenjpg.webp\",\"width\":1200,\"height\":675},{\"@type\":\"BreadcrumbList\",\"@id\":\"https:\\\/\\\/cvinoticias.com\\\/v3\\\/misiones-implementa-un-esquema-de-contencion-tras-el-recorte-nacional-de-subsidios-a-la-energia\\\/#breadcrumb\",\"itemListElement\":[{\"@type\":\"ListItem\",\"position\":1,\"name\":\"Portada\",\"item\":\"https:\\\/\\\/cvinoticias.com\\\/v3\\\/\"},{\"@type\":\"ListItem\",\"position\":2,\"name\":\"Misiones implementa un esquema de contenci\u00f3n tras el recorte nacional de subsidios a la energ\u00eda\"}]},{\"@type\":\"WebSite\",\"@id\":\"https:\\\/\\\/cvinoticias.com\\\/v3\\\/#website\",\"url\":\"https:\\\/\\\/cvinoticias.com\\\/v3\\\/\",\"name\":\"CVI NOTICIAS\",\"description\":\"\",\"publisher\":{\"@id\":\"https:\\\/\\\/cvinoticias.com\\\/v3\\\/#organization\"},\"alternateName\":\"CVI\",\"potentialAction\":[{\"@type\":\"SearchAction\",\"target\":{\"@type\":\"EntryPoint\",\"urlTemplate\":\"https:\\\/\\\/cvinoticias.com\\\/v3\\\/?s={search_term_string}\"},\"query-input\":{\"@type\":\"PropertyValueSpecification\",\"valueRequired\":true,\"valueName\":\"search_term_string\"}}],\"inLanguage\":\"es\"},{\"@type\":\"Organization\",\"@id\":\"https:\\\/\\\/cvinoticias.com\\\/v3\\\/#organization\",\"name\":\"CVI NOTICIAS\",\"url\":\"https:\\\/\\\/cvinoticias.com\\\/v3\\\/\",\"logo\":{\"@type\":\"ImageObject\",\"inLanguage\":\"es\",\"@id\":\"https:\\\/\\\/cvinoticias.com\\\/v3\\\/#\\\/schema\\\/logo\\\/image\\\/\",\"url\":\"https:\\\/\\\/cvinoticias.com\\\/wp-content\\\/uploads\\\/2023\\\/04\\\/cropped-cropped-cropped-cropped-cropped-3-1.png\",\"contentUrl\":\"https:\\\/\\\/cvinoticias.com\\\/wp-content\\\/uploads\\\/2023\\\/04\\\/cropped-cropped-cropped-cropped-cropped-3-1.png\",\"width\":95,\"height\":122,\"caption\":\"CVI NOTICIAS\"},\"image\":{\"@id\":\"https:\\\/\\\/cvinoticias.com\\\/v3\\\/#\\\/schema\\\/logo\\\/image\\\/\"},\"sameAs\":[\"https:\\\/\\\/www.facebook.com\\\/cvinoticias\",\"https:\\\/\\\/www.instagram.com\\\/cvinoticias\\\/\",\"https:\\\/\\\/www.youtube.com\\\/@CVINOTICIAS\"]},{\"@type\":\"Person\",\"@id\":\"https:\\\/\\\/cvinoticias.com\\\/v3\\\/#\\\/schema\\\/person\\\/2db77e3c6bc03c538495d7b2b8be9b66\",\"name\":\"f1000024\",\"image\":{\"@type\":\"ImageObject\",\"inLanguage\":\"es\",\"@id\":\"https:\\\/\\\/secure.gravatar.com\\\/avatar\\\/d4fe7459cfc51ff5129ce1a732bbef5928568b8092d412ef95611616376bbeed?s=96&d=mm&r=g\",\"url\":\"https:\\\/\\\/secure.gravatar.com\\\/avatar\\\/d4fe7459cfc51ff5129ce1a732bbef5928568b8092d412ef95611616376bbeed?s=96&d=mm&r=g\",\"contentUrl\":\"https:\\\/\\\/secure.gravatar.com\\\/avatar\\\/d4fe7459cfc51ff5129ce1a732bbef5928568b8092d412ef95611616376bbeed?s=96&d=mm&r=g\",\"caption\":\"f1000024\"},\"url\":\"https:\\\/\\\/cvinoticias.com\\\/v3\\\/author\\\/f1000024\\\/\"}]}<\/script>\n<!-- \/ Yoast SEO plugin. -->","yoast_head_json":{"title":"Misiones aplica medidas ante recorte de subsidios energ\u00e9ticos | CVI NOTICIAS","description":"La provincia prorratea el impacto del recorte nacional para aliviar facturas.","robots":{"index":"index","follow":"follow","max-snippet":"max-snippet:-1","max-image-preview":"max-image-preview:large","max-video-preview":"max-video-preview:-1"},"canonical":"https:\/\/cvinoticias.com\/v3\/misiones-implementa-un-esquema-de-contencion-tras-el-recorte-nacional-de-subsidios-a-la-energia\/","og_locale":"es_ES","og_type":"article","og_title":"Misiones aplica medidas ante recorte de subsidios energ\u00e9ticos | CVI NOTICIAS","og_description":"La provincia prorratea el impacto del recorte nacional para aliviar facturas.","og_url":"https:\/\/cvinoticias.com\/v3\/misiones-implementa-un-esquema-de-contencion-tras-el-recorte-nacional-de-subsidios-a-la-energia\/","og_site_name":"CVI NOTICIAS","article_publisher":"https:\/\/www.facebook.com\/cvinoticias","article_published_time":"2026-04-27T11:15:21+00:00","article_modified_time":"2026-04-27T11:15:22+00:00","og_image":[{"width":1200,"height":675,"url":"https:\/\/cvinoticias.com\/wp-content\/uploads\/2026\/04\/subsidio-gas-luz-quienes-accedenjpg.webp","type":"image\/webp"}],"author":"f1000024","twitter_card":"summary_large_image","twitter_misc":{"Escrito por":"f1000024","Tiempo de lectura":"2 minutos"},"schema":{"@context":"https:\/\/schema.org","@graph":[{"@type":"Article","@id":"https:\/\/cvinoticias.com\/v3\/misiones-implementa-un-esquema-de-contencion-tras-el-recorte-nacional-de-subsidios-a-la-energia\/#article","isPartOf":{"@id":"https:\/\/cvinoticias.com\/v3\/misiones-implementa-un-esquema-de-contencion-tras-el-recorte-nacional-de-subsidios-a-la-energia\/"},"author":{"name":"f1000024","@id":"https:\/\/cvinoticias.com\/v3\/#\/schema\/person\/2db77e3c6bc03c538495d7b2b8be9b66"},"headline":"Misiones implementa un esquema de contenci\u00f3n tras el recorte nacional de subsidios a la energ\u00eda","datePublished":"2026-04-27T11:15:21+00:00","dateModified":"2026-04-27T11:15:22+00:00","mainEntityOfPage":{"@id":"https:\/\/cvinoticias.com\/v3\/misiones-implementa-un-esquema-de-contencion-tras-el-recorte-nacional-de-subsidios-a-la-energia\/"},"wordCount":385,"commentCount":0,"publisher":{"@id":"https:\/\/cvinoticias.com\/v3\/#organization"},"image":{"@id":"https:\/\/cvinoticias.com\/v3\/misiones-implementa-un-esquema-de-contencion-tras-el-recorte-nacional-de-subsidios-a-la-energia\/#primaryimage"},"thumbnailUrl":"https:\/\/cvinoticias.com\/wp-content\/uploads\/2026\/04\/subsidio-gas-luz-quienes-accedenjpg.webp","keywords":["Contenci\u00f3n","Energ\u00eda","esquema","Subsidios"],"articleSection":["Misiones"],"inLanguage":"es","potentialAction":[{"@type":"CommentAction","name":"Comment","target":["https:\/\/cvinoticias.com\/v3\/misiones-implementa-un-esquema-de-contencion-tras-el-recorte-nacional-de-subsidios-a-la-energia\/#respond"]}]},{"@type":"WebPage","@id":"https:\/\/cvinoticias.com\/v3\/misiones-implementa-un-esquema-de-contencion-tras-el-recorte-nacional-de-subsidios-a-la-energia\/","url":"https:\/\/cvinoticias.com\/v3\/misiones-implementa-un-esquema-de-contencion-tras-el-recorte-nacional-de-subsidios-a-la-energia\/","name":"Misiones aplica medidas ante recorte de subsidios energ\u00e9ticos | CVI NOTICIAS","isPartOf":{"@id":"https:\/\/cvinoticias.com\/v3\/#website"},"primaryImageOfPage":{"@id":"https:\/\/cvinoticias.com\/v3\/misiones-implementa-un-esquema-de-contencion-tras-el-recorte-nacional-de-subsidios-a-la-energia\/#primaryimage"},"image":{"@id":"https:\/\/cvinoticias.com\/v3\/misiones-implementa-un-esquema-de-contencion-tras-el-recorte-nacional-de-subsidios-a-la-energia\/#primaryimage"},"thumbnailUrl":"https:\/\/cvinoticias.com\/wp-content\/uploads\/2026\/04\/subsidio-gas-luz-quienes-accedenjpg.webp","datePublished":"2026-04-27T11:15:21+00:00","dateModified":"2026-04-27T11:15:22+00:00","description":"La provincia prorratea el impacto del recorte nacional para aliviar facturas.","breadcrumb":{"@id":"https:\/\/cvinoticias.com\/v3\/misiones-implementa-un-esquema-de-contencion-tras-el-recorte-nacional-de-subsidios-a-la-energia\/#breadcrumb"},"inLanguage":"es","potentialAction":[{"@type":"ReadAction","target":["https:\/\/cvinoticias.com\/v3\/misiones-implementa-un-esquema-de-contencion-tras-el-recorte-nacional-de-subsidios-a-la-energia\/"]}]},{"@type":"ImageObject","inLanguage":"es","@id":"https:\/\/cvinoticias.com\/v3\/misiones-implementa-un-esquema-de-contencion-tras-el-recorte-nacional-de-subsidios-a-la-energia\/#primaryimage","url":"https:\/\/cvinoticias.com\/wp-content\/uploads\/2026\/04\/subsidio-gas-luz-quienes-accedenjpg.webp","contentUrl":"https:\/\/cvinoticias.com\/wp-content\/uploads\/2026\/04\/subsidio-gas-luz-quienes-accedenjpg.webp","width":1200,"height":675},{"@type":"BreadcrumbList","@id":"https:\/\/cvinoticias.com\/v3\/misiones-implementa-un-esquema-de-contencion-tras-el-recorte-nacional-de-subsidios-a-la-energia\/#breadcrumb","itemListElement":[{"@type":"ListItem","position":1,"name":"Portada","item":"https:\/\/cvinoticias.com\/v3\/"},{"@type":"ListItem","position":2,"name":"Misiones implementa un esquema de contenci\u00f3n tras el recorte nacional de subsidios a la energ\u00eda"}]},{"@type":"WebSite","@id":"https:\/\/cvinoticias.com\/v3\/#website","url":"https:\/\/cvinoticias.com\/v3\/","name":"CVI NOTICIAS","description":"","publisher":{"@id":"https:\/\/cvinoticias.com\/v3\/#organization"},"alternateName":"CVI","potentialAction":[{"@type":"SearchAction","target":{"@type":"EntryPoint","urlTemplate":"https:\/\/cvinoticias.com\/v3\/?s={search_term_string}"},"query-input":{"@type":"PropertyValueSpecification","valueRequired":true,"valueName":"search_term_string"}}],"inLanguage":"es"},{"@type":"Organization","@id":"https:\/\/cvinoticias.com\/v3\/#organization","name":"CVI NOTICIAS","url":"https:\/\/cvinoticias.com\/v3\/","logo":{"@type":"ImageObject","inLanguage":"es","@id":"https:\/\/cvinoticias.com\/v3\/#\/schema\/logo\/image\/","url":"https:\/\/cvinoticias.com\/wp-content\/uploads\/2023\/04\/cropped-cropped-cropped-cropped-cropped-3-1.png","contentUrl":"https:\/\/cvinoticias.com\/wp-content\/uploads\/2023\/04\/cropped-cropped-cropped-cropped-cropped-3-1.png","width":95,"height":122,"caption":"CVI NOTICIAS"},"image":{"@id":"https:\/\/cvinoticias.com\/v3\/#\/schema\/logo\/image\/"},"sameAs":["https:\/\/www.facebook.com\/cvinoticias","https:\/\/www.instagram.com\/cvinoticias\/","https:\/\/www.youtube.com\/@CVINOTICIAS"]},{"@type":"Person","@id":"https:\/\/cvinoticias.com\/v3\/#\/schema\/person\/2db77e3c6bc03c538495d7b2b8be9b66","name":"f1000024","image":{"@type":"ImageObject","inLanguage":"es","@id":"https:\/\/secure.gravatar.com\/avatar\/d4fe7459cfc51ff5129ce1a732bbef5928568b8092d412ef95611616376bbeed?s=96&d=mm&r=g","url":"https:\/\/secure.gravatar.com\/avatar\/d4fe7459cfc51ff5129ce1a732bbef5928568b8092d412ef95611616376bbeed?s=96&d=mm&r=g","contentUrl":"https:\/\/secure.gravatar.com\/avatar\/d4fe7459cfc51ff5129ce1a732bbef5928568b8092d412ef95611616376bbeed?s=96&d=mm&r=g","caption":"f1000024"},"url":"https:\/\/cvinoticias.com\/v3\/author\/f1000024\/"}]}},"_links":{"self":[{"href":"https:\/\/cvinoticias.com\/v3\/wp-json\/wp\/v2\/posts\/57480","targetHints":{"allow":["GET"]}}],"collection":[{"href":"https:\/\/cvinoticias.com\/v3\/wp-json\/wp\/v2\/posts"}],"about":[{"href":"https:\/\/cvinoticias.com\/v3\/wp-json\/wp\/v2\/types\/post"}],"author":[{"embeddable":true,"href":"https:\/\/cvinoticias.com\/v3\/wp-json\/wp\/v2\/users\/2"}],"replies":[{"embeddable":true,"href":"https:\/\/cvinoticias.com\/v3\/wp-json\/wp\/v2\/comments?post=57480"}],"version-history":[{"count":1,"href":"https:\/\/cvinoticias.com\/v3\/wp-json\/wp\/v2\/posts\/57480\/revisions"}],"predecessor-version":[{"id":57482,"href":"https:\/\/cvinoticias.com\/v3\/wp-json\/wp\/v2\/posts\/57480\/revisions\/57482"}],"wp:featuredmedia":[{"embeddable":true,"href":"https:\/\/cvinoticias.com\/v3\/wp-json\/wp\/v2\/media\/57481"}],"wp:attachment":[{"href":"https:\/\/cvinoticias.com\/v3\/wp-json\/wp\/v2\/media?parent=57480"}],"wp:term":[{"taxonomy":"category","embeddable":true,"href":"https:\/\/cvinoticias.com\/v3\/wp-json\/wp\/v2\/categories?post=57480"},{"taxonomy":"post_tag","embeddable":true,"href":"https:\/\/cvinoticias.com\/v3\/wp-json\/wp\/v2\/tags?post=57480"}],"curies":[{"name":"wp","href":"https:\/\/api.w.org\/{rel}","templated":true}]}}