{"id":57475,"date":"2026-04-27T08:12:31","date_gmt":"2026-04-27T11:12:31","guid":{"rendered":"https:\/\/cvinoticias.com\/v3\/?p=57475"},"modified":"2026-04-27T08:12:32","modified_gmt":"2026-04-27T11:12:32","slug":"puerto-iguazu-recibira-al-congreso-mundial-de-guardaparques-en-2027","status":"publish","type":"post","link":"https:\/\/cvinoticias.com\/v3\/puerto-iguazu-recibira-al-congreso-mundial-de-guardaparques-en-2027\/","title":{"rendered":"Puerto Iguaz\u00fa recibir\u00e1 al Congreso Mundial de Guardaparques en 2027"},"content":{"rendered":"\n<p>Por primera vez en su historia, Argentina ser\u00e1 sede del&nbsp;<strong>Congreso Mundial de Guardaparques<\/strong>, uno de los encuentros internacionales m\u00e1s relevantes dedicados a fortalecer el trabajo de quienes protegen el patrimonio natural. La 11\u00b0 edici\u00f3n<strong>&nbsp;<\/strong>se desarrollar\u00e1 del&nbsp;<strong>19 al 23 de abril de 2027<\/strong>&nbsp;en la ciudad de Puerto Iguaz\u00fa, Misiones, y convocar\u00e1 a&nbsp;<strong>600 agentes<\/strong>&nbsp;de conservaci\u00f3n provenientes de distintos pa\u00edses.<\/p>\n\n\n\n<p>El evento es organizado por la&nbsp;<strong>Federaci\u00f3n Internacional de Guardaparques<\/strong>&nbsp;(<em>International Ranger Federation, IRF<\/em>), una entidad que nuclea organizaciones de todo el mundo y promueve la cooperaci\u00f3n internacional, la profesionalizaci\u00f3n del sector y la visibilizaci\u00f3n del rol fundamental que cumplen estos trabajadores en la preservaci\u00f3n de la biodiversidad.<\/p>\n\n\n\n<h3 class=\"wp-block-heading\">Un espacio de intercambio, formaci\u00f3n y cooperaci\u00f3n<\/h3>\n\n\n\n<p>El Congreso Mundial de Guardaparques se realiza cada tres a\u00f1os en diferentes pa\u00edses y constituye un \u00e1mbito clave para<strong>&nbsp;el<\/strong>&nbsp;<strong>intercambio de experiencias, la capacitaci\u00f3n y la construcci\u00f3n de redes internacionales<\/strong>&nbsp;entre quienes desempe\u00f1an tareas en \u00e1reas protegidas. En esta oportunidad, la organizaci\u00f3n local estar\u00e1 a cargo del Sindicato de Guardaparques Nacionales de la Rep\u00fablica Argentina (<strong>SIGUNARA<\/strong>).<\/p>\n\n\n\n<p>Durante cinco jornadas se llevar\u00e1n adelante conferencias, paneles, talleres y actividades de intercambio profesional. El eje central ser\u00e1 \u201c<strong>Reconociendo a las y los Guardaparques: impulsando la profesi\u00f3n para salvaguardar nuestro futuro<\/strong>\u201d, con el objetivo de fortalecer la cooperaci\u00f3n global y destacar la importancia del trabajo cotidiano de estos agentes en la protecci\u00f3n del ambiente.<\/p>\n\n\n\n<figure class=\"wp-block-image\"><img decoding=\"async\" data-src=\"https:\/\/www.canal12misiones.com\/wp-content\/uploads\/2026\/04\/image-475.png\" alt=\"\" class=\"wp-image-686017 lazyload\" src=\"data:image\/svg+xml;base64,PHN2ZyB3aWR0aD0iMSIgaGVpZ2h0PSIxIiB4bWxucz0iaHR0cDovL3d3dy53My5vcmcvMjAwMC9zdmciPjwvc3ZnPg==\" \/><\/figure>\n\n\n\n<h3 class=\"wp-block-heading\">Una oportunidad hist\u00f3rica para visibilizar el trabajo en conservaci\u00f3n<\/h3>\n\n\n\n<p>La edici\u00f3n 2027 representa una instancia significativa para poner en valor el trabajo de los guardaparques argentinos y compartir experiencias sobre<strong>&nbsp;la gesti\u00f3n de \u00e1reas protegidas, la conservaci\u00f3n de la biodiversidad y el v\u00ednculo con las comunidades locales<\/strong>. Adem\u00e1s, permitir\u00e1 abordar los desaf\u00edos actuales que enfrentan estos trabajadores en distintas regiones del mundo.<\/p>\n\n\n\n<p>Las inscripciones para participar del congreso ya se encuentran abiertas, al igual que la convocatoria para la presentaci\u00f3n de ponencias, que estar\u00e1 disponible hasta el 30 de abril. Para m\u00e1s informaci\u00f3n, los interesados pueden ingresar al sitio oficial&nbsp;<a href=\"http:\/\/www.worldrangercongress.org\/\">www.worldrangercongress.org<\/a>.<\/p>\n\n\n\n<p>Fuente. Canal 12 Misiones<\/p>\n","protected":false},"excerpt":{"rendered":"<p>Por primera vez en su historia, Argentina ser\u00e1 sede del&nbsp;Congreso Mundial de Guardaparques, uno de los encuentros internacionales m\u00e1s relevantes dedicados a fortalecer el trabajo de quienes protegen el patrimonio natural. La 11\u00b0 edici\u00f3n&nbsp;se desarrollar\u00e1 del&nbsp;19 al 23 de abril de 2027&nbsp;en la ciudad de Puerto Iguaz\u00fa, Misiones, y convocar\u00e1 a&nbsp;600 agentes&nbsp;de conservaci\u00f3n provenientes de [&hellip;]<\/p>\n","protected":false},"author":2,"featured_media":57476,"comment_status":"open","ping_status":"closed","sticky":false,"template":"","format":"standard","meta":{"footnotes":""},"categories":[47],"tags":[5842,74,349,196,313,3206],"class_list":["post-57475","post","type-post","status-publish","format-standard","has-post-thumbnail","hentry","category-sociedad","tag-5842","tag-cataratas","tag-congreso","tag-guardaparques","tag-iguazu","tag-mundial"],"yoast_head":"<!-- This site is optimized with the Yoast SEO plugin v27.4 - https:\/\/yoast.com\/product\/yoast-seo-wordpress\/ -->\n<title>Argentina ser\u00e1 sede del Congreso Mundial de Guardaparques | CVI NOTICIAS<\/title>\n<meta name=\"description\" content=\"Puerto Iguaz\u00fa recibir\u00e1 en 2027 a 600 guardaparques de todo el mundo.\" \/>\n<meta name=\"robots\" content=\"index, follow, max-snippet:-1, max-image-preview:large, max-video-preview:-1\" \/>\n<link rel=\"canonical\" href=\"https:\/\/cvinoticias.com\/v3\/puerto-iguazu-recibira-al-congreso-mundial-de-guardaparques-en-2027\/\" \/>\n<meta property=\"og:locale\" content=\"es_ES\" \/>\n<meta property=\"og:type\" content=\"article\" \/>\n<meta property=\"og:title\" content=\"Argentina ser\u00e1 sede del Congreso Mundial de Guardaparques | CVI NOTICIAS\" \/>\n<meta property=\"og:description\" content=\"Puerto Iguaz\u00fa recibir\u00e1 en 2027 a 600 guardaparques de todo el mundo.\" \/>\n<meta property=\"og:url\" content=\"https:\/\/cvinoticias.com\/v3\/puerto-iguazu-recibira-al-congreso-mundial-de-guardaparques-en-2027\/\" \/>\n<meta property=\"og:site_name\" content=\"CVI NOTICIAS\" \/>\n<meta property=\"article:publisher\" content=\"https:\/\/www.facebook.com\/cvinoticias\" \/>\n<meta property=\"article:published_time\" content=\"2026-04-27T11:12:31+00:00\" \/>\n<meta property=\"article:modified_time\" content=\"2026-04-27T11:12:32+00:00\" \/>\n<meta property=\"og:image\" content=\"https:\/\/cvinoticias.com\/wp-content\/uploads\/2026\/04\/image-474.webp\" \/>\n\t<meta property=\"og:image:width\" content=\"1089\" \/>\n\t<meta property=\"og:image:height\" content=\"730\" \/>\n\t<meta property=\"og:image:type\" content=\"image\/webp\" \/>\n<meta name=\"author\" content=\"f1000024\" \/>\n<meta name=\"twitter:card\" content=\"summary_large_image\" \/>\n<meta name=\"twitter:label1\" content=\"Escrito por\" \/>\n\t<meta name=\"twitter:data1\" content=\"f1000024\" \/>\n\t<meta name=\"twitter:label2\" content=\"Tiempo de lectura\" \/>\n\t<meta name=\"twitter:data2\" content=\"2 minutos\" \/>\n<script type=\"application\/ld+json\" class=\"yoast-schema-graph\">{\"@context\":\"https:\\\/\\\/schema.org\",\"@graph\":[{\"@type\":\"Article\",\"@id\":\"https:\\\/\\\/cvinoticias.com\\\/v3\\\/puerto-iguazu-recibira-al-congreso-mundial-de-guardaparques-en-2027\\\/#article\",\"isPartOf\":{\"@id\":\"https:\\\/\\\/cvinoticias.com\\\/v3\\\/puerto-iguazu-recibira-al-congreso-mundial-de-guardaparques-en-2027\\\/\"},\"author\":{\"name\":\"f1000024\",\"@id\":\"https:\\\/\\\/cvinoticias.com\\\/v3\\\/#\\\/schema\\\/person\\\/2db77e3c6bc03c538495d7b2b8be9b66\"},\"headline\":\"Puerto Iguaz\u00fa recibir\u00e1 al Congreso Mundial de Guardaparques en 2027\",\"datePublished\":\"2026-04-27T11:12:31+00:00\",\"dateModified\":\"2026-04-27T11:12:32+00:00\",\"mainEntityOfPage\":{\"@id\":\"https:\\\/\\\/cvinoticias.com\\\/v3\\\/puerto-iguazu-recibira-al-congreso-mundial-de-guardaparques-en-2027\\\/\"},\"wordCount\":383,\"commentCount\":0,\"publisher\":{\"@id\":\"https:\\\/\\\/cvinoticias.com\\\/v3\\\/#organization\"},\"image\":{\"@id\":\"https:\\\/\\\/cvinoticias.com\\\/v3\\\/puerto-iguazu-recibira-al-congreso-mundial-de-guardaparques-en-2027\\\/#primaryimage\"},\"thumbnailUrl\":\"https:\\\/\\\/cvinoticias.com\\\/wp-content\\\/uploads\\\/2026\\\/04\\\/image-474.webp\",\"keywords\":[\"2027\",\"cataratas\",\"Congreso\",\"guardaparques\",\"Iguaz\u00fa\",\"Mundial\"],\"articleSection\":[\"Sociedad\"],\"inLanguage\":\"es\",\"potentialAction\":[{\"@type\":\"CommentAction\",\"name\":\"Comment\",\"target\":[\"https:\\\/\\\/cvinoticias.com\\\/v3\\\/puerto-iguazu-recibira-al-congreso-mundial-de-guardaparques-en-2027\\\/#respond\"]}]},{\"@type\":\"WebPage\",\"@id\":\"https:\\\/\\\/cvinoticias.com\\\/v3\\\/puerto-iguazu-recibira-al-congreso-mundial-de-guardaparques-en-2027\\\/\",\"url\":\"https:\\\/\\\/cvinoticias.com\\\/v3\\\/puerto-iguazu-recibira-al-congreso-mundial-de-guardaparques-en-2027\\\/\",\"name\":\"Argentina ser\u00e1 sede del Congreso Mundial de Guardaparques | CVI NOTICIAS\",\"isPartOf\":{\"@id\":\"https:\\\/\\\/cvinoticias.com\\\/v3\\\/#website\"},\"primaryImageOfPage\":{\"@id\":\"https:\\\/\\\/cvinoticias.com\\\/v3\\\/puerto-iguazu-recibira-al-congreso-mundial-de-guardaparques-en-2027\\\/#primaryimage\"},\"image\":{\"@id\":\"https:\\\/\\\/cvinoticias.com\\\/v3\\\/puerto-iguazu-recibira-al-congreso-mundial-de-guardaparques-en-2027\\\/#primaryimage\"},\"thumbnailUrl\":\"https:\\\/\\\/cvinoticias.com\\\/wp-content\\\/uploads\\\/2026\\\/04\\\/image-474.webp\",\"datePublished\":\"2026-04-27T11:12:31+00:00\",\"dateModified\":\"2026-04-27T11:12:32+00:00\",\"description\":\"Puerto Iguaz\u00fa recibir\u00e1 en 2027 a 600 guardaparques de todo el mundo.\",\"breadcrumb\":{\"@id\":\"https:\\\/\\\/cvinoticias.com\\\/v3\\\/puerto-iguazu-recibira-al-congreso-mundial-de-guardaparques-en-2027\\\/#breadcrumb\"},\"inLanguage\":\"es\",\"potentialAction\":[{\"@type\":\"ReadAction\",\"target\":[\"https:\\\/\\\/cvinoticias.com\\\/v3\\\/puerto-iguazu-recibira-al-congreso-mundial-de-guardaparques-en-2027\\\/\"]}]},{\"@type\":\"ImageObject\",\"inLanguage\":\"es\",\"@id\":\"https:\\\/\\\/cvinoticias.com\\\/v3\\\/puerto-iguazu-recibira-al-congreso-mundial-de-guardaparques-en-2027\\\/#primaryimage\",\"url\":\"https:\\\/\\\/cvinoticias.com\\\/wp-content\\\/uploads\\\/2026\\\/04\\\/image-474.webp\",\"contentUrl\":\"https:\\\/\\\/cvinoticias.com\\\/wp-content\\\/uploads\\\/2026\\\/04\\\/image-474.webp\",\"width\":1089,\"height\":730},{\"@type\":\"BreadcrumbList\",\"@id\":\"https:\\\/\\\/cvinoticias.com\\\/v3\\\/puerto-iguazu-recibira-al-congreso-mundial-de-guardaparques-en-2027\\\/#breadcrumb\",\"itemListElement\":[{\"@type\":\"ListItem\",\"position\":1,\"name\":\"Portada\",\"item\":\"https:\\\/\\\/cvinoticias.com\\\/v3\\\/\"},{\"@type\":\"ListItem\",\"position\":2,\"name\":\"Puerto Iguaz\u00fa recibir\u00e1 al Congreso Mundial de Guardaparques en 2027\"}]},{\"@type\":\"WebSite\",\"@id\":\"https:\\\/\\\/cvinoticias.com\\\/v3\\\/#website\",\"url\":\"https:\\\/\\\/cvinoticias.com\\\/v3\\\/\",\"name\":\"CVI NOTICIAS\",\"description\":\"\",\"publisher\":{\"@id\":\"https:\\\/\\\/cvinoticias.com\\\/v3\\\/#organization\"},\"alternateName\":\"CVI\",\"potentialAction\":[{\"@type\":\"SearchAction\",\"target\":{\"@type\":\"EntryPoint\",\"urlTemplate\":\"https:\\\/\\\/cvinoticias.com\\\/v3\\\/?s={search_term_string}\"},\"query-input\":{\"@type\":\"PropertyValueSpecification\",\"valueRequired\":true,\"valueName\":\"search_term_string\"}}],\"inLanguage\":\"es\"},{\"@type\":\"Organization\",\"@id\":\"https:\\\/\\\/cvinoticias.com\\\/v3\\\/#organization\",\"name\":\"CVI NOTICIAS\",\"url\":\"https:\\\/\\\/cvinoticias.com\\\/v3\\\/\",\"logo\":{\"@type\":\"ImageObject\",\"inLanguage\":\"es\",\"@id\":\"https:\\\/\\\/cvinoticias.com\\\/v3\\\/#\\\/schema\\\/logo\\\/image\\\/\",\"url\":\"https:\\\/\\\/cvinoticias.com\\\/wp-content\\\/uploads\\\/2023\\\/04\\\/cropped-cropped-cropped-cropped-cropped-3-1.png\",\"contentUrl\":\"https:\\\/\\\/cvinoticias.com\\\/wp-content\\\/uploads\\\/2023\\\/04\\\/cropped-cropped-cropped-cropped-cropped-3-1.png\",\"width\":95,\"height\":122,\"caption\":\"CVI NOTICIAS\"},\"image\":{\"@id\":\"https:\\\/\\\/cvinoticias.com\\\/v3\\\/#\\\/schema\\\/logo\\\/image\\\/\"},\"sameAs\":[\"https:\\\/\\\/www.facebook.com\\\/cvinoticias\",\"https:\\\/\\\/www.instagram.com\\\/cvinoticias\\\/\",\"https:\\\/\\\/www.youtube.com\\\/@CVINOTICIAS\"]},{\"@type\":\"Person\",\"@id\":\"https:\\\/\\\/cvinoticias.com\\\/v3\\\/#\\\/schema\\\/person\\\/2db77e3c6bc03c538495d7b2b8be9b66\",\"name\":\"f1000024\",\"image\":{\"@type\":\"ImageObject\",\"inLanguage\":\"es\",\"@id\":\"https:\\\/\\\/secure.gravatar.com\\\/avatar\\\/d4fe7459cfc51ff5129ce1a732bbef5928568b8092d412ef95611616376bbeed?s=96&d=mm&r=g\",\"url\":\"https:\\\/\\\/secure.gravatar.com\\\/avatar\\\/d4fe7459cfc51ff5129ce1a732bbef5928568b8092d412ef95611616376bbeed?s=96&d=mm&r=g\",\"contentUrl\":\"https:\\\/\\\/secure.gravatar.com\\\/avatar\\\/d4fe7459cfc51ff5129ce1a732bbef5928568b8092d412ef95611616376bbeed?s=96&d=mm&r=g\",\"caption\":\"f1000024\"},\"url\":\"https:\\\/\\\/cvinoticias.com\\\/v3\\\/author\\\/f1000024\\\/\"}]}<\/script>\n<!-- \/ Yoast SEO plugin. -->","yoast_head_json":{"title":"Argentina ser\u00e1 sede del Congreso Mundial de Guardaparques | CVI NOTICIAS","description":"Puerto Iguaz\u00fa recibir\u00e1 en 2027 a 600 guardaparques de todo el mundo.","robots":{"index":"index","follow":"follow","max-snippet":"max-snippet:-1","max-image-preview":"max-image-preview:large","max-video-preview":"max-video-preview:-1"},"canonical":"https:\/\/cvinoticias.com\/v3\/puerto-iguazu-recibira-al-congreso-mundial-de-guardaparques-en-2027\/","og_locale":"es_ES","og_type":"article","og_title":"Argentina ser\u00e1 sede del Congreso Mundial de Guardaparques | CVI NOTICIAS","og_description":"Puerto Iguaz\u00fa recibir\u00e1 en 2027 a 600 guardaparques de todo el mundo.","og_url":"https:\/\/cvinoticias.com\/v3\/puerto-iguazu-recibira-al-congreso-mundial-de-guardaparques-en-2027\/","og_site_name":"CVI NOTICIAS","article_publisher":"https:\/\/www.facebook.com\/cvinoticias","article_published_time":"2026-04-27T11:12:31+00:00","article_modified_time":"2026-04-27T11:12:32+00:00","og_image":[{"width":1089,"height":730,"url":"https:\/\/cvinoticias.com\/wp-content\/uploads\/2026\/04\/image-474.webp","type":"image\/webp"}],"author":"f1000024","twitter_card":"summary_large_image","twitter_misc":{"Escrito por":"f1000024","Tiempo de lectura":"2 minutos"},"schema":{"@context":"https:\/\/schema.org","@graph":[{"@type":"Article","@id":"https:\/\/cvinoticias.com\/v3\/puerto-iguazu-recibira-al-congreso-mundial-de-guardaparques-en-2027\/#article","isPartOf":{"@id":"https:\/\/cvinoticias.com\/v3\/puerto-iguazu-recibira-al-congreso-mundial-de-guardaparques-en-2027\/"},"author":{"name":"f1000024","@id":"https:\/\/cvinoticias.com\/v3\/#\/schema\/person\/2db77e3c6bc03c538495d7b2b8be9b66"},"headline":"Puerto Iguaz\u00fa recibir\u00e1 al Congreso Mundial de Guardaparques en 2027","datePublished":"2026-04-27T11:12:31+00:00","dateModified":"2026-04-27T11:12:32+00:00","mainEntityOfPage":{"@id":"https:\/\/cvinoticias.com\/v3\/puerto-iguazu-recibira-al-congreso-mundial-de-guardaparques-en-2027\/"},"wordCount":383,"commentCount":0,"publisher":{"@id":"https:\/\/cvinoticias.com\/v3\/#organization"},"image":{"@id":"https:\/\/cvinoticias.com\/v3\/puerto-iguazu-recibira-al-congreso-mundial-de-guardaparques-en-2027\/#primaryimage"},"thumbnailUrl":"https:\/\/cvinoticias.com\/wp-content\/uploads\/2026\/04\/image-474.webp","keywords":["2027","cataratas","Congreso","guardaparques","Iguaz\u00fa","Mundial"],"articleSection":["Sociedad"],"inLanguage":"es","potentialAction":[{"@type":"CommentAction","name":"Comment","target":["https:\/\/cvinoticias.com\/v3\/puerto-iguazu-recibira-al-congreso-mundial-de-guardaparques-en-2027\/#respond"]}]},{"@type":"WebPage","@id":"https:\/\/cvinoticias.com\/v3\/puerto-iguazu-recibira-al-congreso-mundial-de-guardaparques-en-2027\/","url":"https:\/\/cvinoticias.com\/v3\/puerto-iguazu-recibira-al-congreso-mundial-de-guardaparques-en-2027\/","name":"Argentina ser\u00e1 sede del Congreso Mundial de Guardaparques | CVI NOTICIAS","isPartOf":{"@id":"https:\/\/cvinoticias.com\/v3\/#website"},"primaryImageOfPage":{"@id":"https:\/\/cvinoticias.com\/v3\/puerto-iguazu-recibira-al-congreso-mundial-de-guardaparques-en-2027\/#primaryimage"},"image":{"@id":"https:\/\/cvinoticias.com\/v3\/puerto-iguazu-recibira-al-congreso-mundial-de-guardaparques-en-2027\/#primaryimage"},"thumbnailUrl":"https:\/\/cvinoticias.com\/wp-content\/uploads\/2026\/04\/image-474.webp","datePublished":"2026-04-27T11:12:31+00:00","dateModified":"2026-04-27T11:12:32+00:00","description":"Puerto Iguaz\u00fa recibir\u00e1 en 2027 a 600 guardaparques de todo el mundo.","breadcrumb":{"@id":"https:\/\/cvinoticias.com\/v3\/puerto-iguazu-recibira-al-congreso-mundial-de-guardaparques-en-2027\/#breadcrumb"},"inLanguage":"es","potentialAction":[{"@type":"ReadAction","target":["https:\/\/cvinoticias.com\/v3\/puerto-iguazu-recibira-al-congreso-mundial-de-guardaparques-en-2027\/"]}]},{"@type":"ImageObject","inLanguage":"es","@id":"https:\/\/cvinoticias.com\/v3\/puerto-iguazu-recibira-al-congreso-mundial-de-guardaparques-en-2027\/#primaryimage","url":"https:\/\/cvinoticias.com\/wp-content\/uploads\/2026\/04\/image-474.webp","contentUrl":"https:\/\/cvinoticias.com\/wp-content\/uploads\/2026\/04\/image-474.webp","width":1089,"height":730},{"@type":"BreadcrumbList","@id":"https:\/\/cvinoticias.com\/v3\/puerto-iguazu-recibira-al-congreso-mundial-de-guardaparques-en-2027\/#breadcrumb","itemListElement":[{"@type":"ListItem","position":1,"name":"Portada","item":"https:\/\/cvinoticias.com\/v3\/"},{"@type":"ListItem","position":2,"name":"Puerto Iguaz\u00fa recibir\u00e1 al Congreso Mundial de Guardaparques en 2027"}]},{"@type":"WebSite","@id":"https:\/\/cvinoticias.com\/v3\/#website","url":"https:\/\/cvinoticias.com\/v3\/","name":"CVI NOTICIAS","description":"","publisher":{"@id":"https:\/\/cvinoticias.com\/v3\/#organization"},"alternateName":"CVI","potentialAction":[{"@type":"SearchAction","target":{"@type":"EntryPoint","urlTemplate":"https:\/\/cvinoticias.com\/v3\/?s={search_term_string}"},"query-input":{"@type":"PropertyValueSpecification","valueRequired":true,"valueName":"search_term_string"}}],"inLanguage":"es"},{"@type":"Organization","@id":"https:\/\/cvinoticias.com\/v3\/#organization","name":"CVI NOTICIAS","url":"https:\/\/cvinoticias.com\/v3\/","logo":{"@type":"ImageObject","inLanguage":"es","@id":"https:\/\/cvinoticias.com\/v3\/#\/schema\/logo\/image\/","url":"https:\/\/cvinoticias.com\/wp-content\/uploads\/2023\/04\/cropped-cropped-cropped-cropped-cropped-3-1.png","contentUrl":"https:\/\/cvinoticias.com\/wp-content\/uploads\/2023\/04\/cropped-cropped-cropped-cropped-cropped-3-1.png","width":95,"height":122,"caption":"CVI NOTICIAS"},"image":{"@id":"https:\/\/cvinoticias.com\/v3\/#\/schema\/logo\/image\/"},"sameAs":["https:\/\/www.facebook.com\/cvinoticias","https:\/\/www.instagram.com\/cvinoticias\/","https:\/\/www.youtube.com\/@CVINOTICIAS"]},{"@type":"Person","@id":"https:\/\/cvinoticias.com\/v3\/#\/schema\/person\/2db77e3c6bc03c538495d7b2b8be9b66","name":"f1000024","image":{"@type":"ImageObject","inLanguage":"es","@id":"https:\/\/secure.gravatar.com\/avatar\/d4fe7459cfc51ff5129ce1a732bbef5928568b8092d412ef95611616376bbeed?s=96&d=mm&r=g","url":"https:\/\/secure.gravatar.com\/avatar\/d4fe7459cfc51ff5129ce1a732bbef5928568b8092d412ef95611616376bbeed?s=96&d=mm&r=g","contentUrl":"https:\/\/secure.gravatar.com\/avatar\/d4fe7459cfc51ff5129ce1a732bbef5928568b8092d412ef95611616376bbeed?s=96&d=mm&r=g","caption":"f1000024"},"url":"https:\/\/cvinoticias.com\/v3\/author\/f1000024\/"}]}},"_links":{"self":[{"href":"https:\/\/cvinoticias.com\/v3\/wp-json\/wp\/v2\/posts\/57475","targetHints":{"allow":["GET"]}}],"collection":[{"href":"https:\/\/cvinoticias.com\/v3\/wp-json\/wp\/v2\/posts"}],"about":[{"href":"https:\/\/cvinoticias.com\/v3\/wp-json\/wp\/v2\/types\/post"}],"author":[{"embeddable":true,"href":"https:\/\/cvinoticias.com\/v3\/wp-json\/wp\/v2\/users\/2"}],"replies":[{"embeddable":true,"href":"https:\/\/cvinoticias.com\/v3\/wp-json\/wp\/v2\/comments?post=57475"}],"version-history":[{"count":1,"href":"https:\/\/cvinoticias.com\/v3\/wp-json\/wp\/v2\/posts\/57475\/revisions"}],"predecessor-version":[{"id":57477,"href":"https:\/\/cvinoticias.com\/v3\/wp-json\/wp\/v2\/posts\/57475\/revisions\/57477"}],"wp:featuredmedia":[{"embeddable":true,"href":"https:\/\/cvinoticias.com\/v3\/wp-json\/wp\/v2\/media\/57476"}],"wp:attachment":[{"href":"https:\/\/cvinoticias.com\/v3\/wp-json\/wp\/v2\/media?parent=57475"}],"wp:term":[{"taxonomy":"category","embeddable":true,"href":"https:\/\/cvinoticias.com\/v3\/wp-json\/wp\/v2\/categories?post=57475"},{"taxonomy":"post_tag","embeddable":true,"href":"https:\/\/cvinoticias.com\/v3\/wp-json\/wp\/v2\/tags?post=57475"}],"curies":[{"name":"wp","href":"https:\/\/api.w.org\/{rel}","templated":true}]}}