{"id":57464,"date":"2026-04-24T12:50:05","date_gmt":"2026-04-24T15:50:05","guid":{"rendered":"https:\/\/cvinoticias.com\/v3\/?p=57464"},"modified":"2026-04-27T07:47:23","modified_gmt":"2026-04-27T10:47:23","slug":"salud-a-la-vanguardia-se-llevo-adelante-la-capacitacion-sobre-infarto-agudo-de-miocardio-en-iguazu","status":"publish","type":"post","link":"https:\/\/cvinoticias.com\/v3\/salud-a-la-vanguardia-se-llevo-adelante-la-capacitacion-sobre-infarto-agudo-de-miocardio-en-iguazu\/","title":{"rendered":"Salud a la vanguardia: se llev\u00f3 adelante la capacitaci\u00f3n sobre infarto agudo de miocardio en Iguaz\u00fa"},"content":{"rendered":"\n<p>\u200bEl Hospital SAMIC de Puerto Iguaz\u00fa fue hoy el epicentro de una jornada clave para la salud p\u00fablica regional. Profesionales m\u00e9dicos participaron de la capacitaci\u00f3n dictada por la Red de Asistencia al Infarto Agudo de Miocardio, con el objetivo de unificar protocolos y optimizar la respuesta ante emergencias cardiovasculares en toda la zona norte.<\/p>\n\n\n\n<p>\u200bEn di\u00e1logo con CVI Noticias, el Dr. Maximiliano Jara, m\u00e9dico cardi\u00f3logo del hospital local, expres\u00f3 su agradecimiento a las autoridades sanitarias, a la Red de Infarto provincial y a la Sociedad de Cardiolog\u00eda por traer este nivel de formaci\u00f3n a la ciudad. \u00abSe tratan estrategias para la cardiopat\u00eda isqu\u00e9mica, que es la causa con mayor tasa de mortalidad. El objetivo siempre es poder tratar a tiempo y con la mayor inmediatez posible los infartos\u00bb, destac\u00f3 Jara.<\/p>\n\n\n\n<figure class=\"wp-block-image size-large\"><a href=\"https:\/\/cvinoticias.com\/wp-content\/uploads\/2026\/04\/9a0f1d82-1e17-4e2a-a20a-a4a3c85ef8f3.jpeg\"><img decoding=\"async\" width=\"1024\" height=\"576\" data-src=\"https:\/\/cvinoticias.com\/wp-content\/uploads\/2026\/04\/9a0f1d82-1e17-4e2a-a20a-a4a3c85ef8f3-1024x576.jpeg\" alt=\"\" class=\"wp-image-57465 lazyload\" data-srcset=\"https:\/\/cvinoticias.com\/wp-content\/uploads\/2026\/04\/9a0f1d82-1e17-4e2a-a20a-a4a3c85ef8f3-1024x576.jpeg 1024w, https:\/\/cvinoticias.com\/wp-content\/uploads\/2026\/04\/9a0f1d82-1e17-4e2a-a20a-a4a3c85ef8f3-300x169.jpeg 300w, https:\/\/cvinoticias.com\/wp-content\/uploads\/2026\/04\/9a0f1d82-1e17-4e2a-a20a-a4a3c85ef8f3-768x432.jpeg 768w, https:\/\/cvinoticias.com\/wp-content\/uploads\/2026\/04\/9a0f1d82-1e17-4e2a-a20a-a4a3c85ef8f3.jpeg 1280w\" data-sizes=\"(max-width: 1024px) 100vw, 1024px\" src=\"data:image\/svg+xml;base64,PHN2ZyB3aWR0aD0iMSIgaGVpZ2h0PSIxIiB4bWxucz0iaHR0cDovL3d3dy53My5vcmcvMjAwMC9zdmciPjwvc3ZnPg==\" style=\"--smush-placeholder-width: 1024px; --smush-placeholder-aspect-ratio: 1024\/576;\" \/><\/a><\/figure>\n\n\n\n<p>\u200bPor su parte, el Dr. Enzo Moreschi, encargado de la Red de Asistencia, profundiz\u00f3 en los aspectos t\u00e9cnicos de la charla, enfoc\u00e1ndose en el \u00abinfarto con supra\u00bb, que ocurre cuando la arteria se tapa por completo. \u00abDebemos saber qu\u00e9 respuesta dar y c\u00f3mo accionar ante esta patolog\u00eda que es la que m\u00e1s mortalidad genera\u00bb, sostuvo Moreschi. Asimismo, hizo un fuerte hincapi\u00e9 en la prevenci\u00f3n: inst\u00f3 a la poblaci\u00f3n a no dejar pasar el dolor de pecho y resalt\u00f3 que hoy, gracias al avance de la medicina, existen m\u00faltiples maneras de abordar el cuadro si se act\u00faa r\u00e1pidamente.<\/p>\n\n\n\n<p>\u200bLa Dra. Mar\u00eda Laura Mezzi, presidenta de la Sociedad de Cardiolog\u00eda de Misiones, tambi\u00e9n estuvo presente y reforz\u00f3 los signos de alerta que debe conocer el ciudadano: dolor de pecho, palpitaciones y falta de aire. \u00abHoy en la zona norte de la provincia contamos con el servicio de hemodinamia. Con un tratamiento a tiempo, se pueden disminuir dr\u00e1sticamente las complicaciones y ayudar al paciente\u00bb, afirm\u00f3 la especialista.<\/p>\n\n\n\n<figure class=\"wp-block-image size-large\"><a href=\"https:\/\/cvinoticias.com\/wp-content\/uploads\/2026\/04\/0648420c-e7c8-4e32-acaf-a64205ff5053.jpeg\"><img decoding=\"async\" width=\"1024\" height=\"576\" data-src=\"https:\/\/cvinoticias.com\/wp-content\/uploads\/2026\/04\/0648420c-e7c8-4e32-acaf-a64205ff5053-1024x576.jpeg\" alt=\"\" class=\"wp-image-57466 lazyload\" data-srcset=\"https:\/\/cvinoticias.com\/wp-content\/uploads\/2026\/04\/0648420c-e7c8-4e32-acaf-a64205ff5053-1024x576.jpeg 1024w, https:\/\/cvinoticias.com\/wp-content\/uploads\/2026\/04\/0648420c-e7c8-4e32-acaf-a64205ff5053-300x169.jpeg 300w, https:\/\/cvinoticias.com\/wp-content\/uploads\/2026\/04\/0648420c-e7c8-4e32-acaf-a64205ff5053-768x432.jpeg 768w, https:\/\/cvinoticias.com\/wp-content\/uploads\/2026\/04\/0648420c-e7c8-4e32-acaf-a64205ff5053.jpeg 1280w\" data-sizes=\"(max-width: 1024px) 100vw, 1024px\" src=\"data:image\/svg+xml;base64,PHN2ZyB3aWR0aD0iMSIgaGVpZ2h0PSIxIiB4bWxucz0iaHR0cDovL3d3dy53My5vcmcvMjAwMC9zdmciPjwvc3ZnPg==\" style=\"--smush-placeholder-width: 1024px; --smush-placeholder-aspect-ratio: 1024\/576;\" \/><\/a><\/figure>\n\n\n\n<p>\u200bEsta capacitaci\u00f3n reafirma al hospital de Puerto Iguaz\u00fa como uno de los dos centros en Misiones con capacidad de respuesta t\u00e9cnica (hemodinamia) para tratar infartos de alta complejidad, consolid\u00e1ndose como el centro de derivaci\u00f3n por excelencia para todo el norte misionero.<\/p>\n\n\n\n<hr class=\"wp-block-separator has-alpha-channel-opacity\"\/>\n\n\n\n<p>Dr. Maximiliano Jara (M\u00e9dico Cardi\u00f3logo)<\/p>\n\n\n\n<p>Dr. Enzo Moreschi (Encargado de la Red de Asitencia al Infarto Agudo de Miocardio)<\/p>\n\n\n\n<p>Dra. Maria Laura Mezzi (Pdte. Sociedad de Cardiologia de Misiones)<\/p>\n","protected":false},"excerpt":{"rendered":"<p>\u200bEl Hospital SAMIC de Puerto Iguaz\u00fa fue hoy el epicentro de una jornada clave para la salud p\u00fablica regional. Profesionales m\u00e9dicos participaron de la capacitaci\u00f3n dictada por la Red de Asistencia al Infarto Agudo de Miocardio, con el objetivo de unificar protocolos y optimizar la respuesta ante emergencias cardiovasculares en toda la zona norte. \u200bEn [&hellip;]<\/p>\n","protected":false},"author":2,"featured_media":57467,"comment_status":"open","ping_status":"closed","sticky":false,"template":"","format":"standard","meta":{"footnotes":""},"categories":[22],"tags":[5839,131,313,4662,5840,3660],"class_list":["post-57464","post","type-post","status-publish","format-standard","has-post-thumbnail","hentry","category-salud","tag-agudo","tag-capacitacion","tag-iguazu","tag-infarto","tag-miocardio","tag-vanguardia"],"yoast_head":"<!-- This site is optimized with the Yoast SEO plugin v27.5 - https:\/\/yoast.com\/product\/yoast-seo-wordpress\/ -->\n<title>Capacitaci\u00f3n sobre infarto en Iguaz\u00fa<\/title>\n<meta name=\"description\" content=\"Profesionales se formaron para mejorar la respuesta ante emergencias card\u00edacas\" \/>\n<meta name=\"robots\" content=\"index, follow, max-snippet:-1, max-image-preview:large, max-video-preview:-1\" \/>\n<link rel=\"canonical\" href=\"https:\/\/cvinoticias.com\/v3\/salud-a-la-vanguardia-se-llevo-adelante-la-capacitacion-sobre-infarto-agudo-de-miocardio-en-iguazu\/\" \/>\n<meta property=\"og:locale\" content=\"es_ES\" \/>\n<meta property=\"og:type\" content=\"article\" \/>\n<meta property=\"og:title\" content=\"Capacitaci\u00f3n sobre infarto en Iguaz\u00fa\" \/>\n<meta property=\"og:description\" content=\"Profesionales se formaron para mejorar la respuesta ante emergencias card\u00edacas\" \/>\n<meta property=\"og:url\" content=\"https:\/\/cvinoticias.com\/v3\/salud-a-la-vanguardia-se-llevo-adelante-la-capacitacion-sobre-infarto-agudo-de-miocardio-en-iguazu\/\" \/>\n<meta property=\"og:site_name\" content=\"CVI NOTICIAS\" \/>\n<meta property=\"article:publisher\" content=\"https:\/\/www.facebook.com\/cvinoticias\" \/>\n<meta property=\"article:published_time\" content=\"2026-04-24T15:50:05+00:00\" \/>\n<meta property=\"article:modified_time\" content=\"2026-04-27T10:47:23+00:00\" \/>\n<meta property=\"og:image\" content=\"https:\/\/cvinoticias.com\/wp-content\/uploads\/2026\/04\/d4a31d5a-d102-45f1-af8b-5713651f4cf3.jpeg\" \/>\n\t<meta property=\"og:image:width\" content=\"1280\" \/>\n\t<meta property=\"og:image:height\" content=\"720\" \/>\n\t<meta property=\"og:image:type\" content=\"image\/jpeg\" \/>\n<meta name=\"author\" content=\"f1000024\" \/>\n<meta name=\"twitter:card\" content=\"summary_large_image\" \/>\n<meta name=\"twitter:label1\" content=\"Escrito por\" \/>\n\t<meta name=\"twitter:data1\" content=\"f1000024\" \/>\n\t<meta name=\"twitter:label2\" content=\"Tiempo de lectura\" \/>\n\t<meta name=\"twitter:data2\" content=\"3 minutos\" \/>\n<script type=\"application\/ld+json\" class=\"yoast-schema-graph\">{\"@context\":\"https:\\\/\\\/schema.org\",\"@graph\":[{\"@type\":\"Article\",\"@id\":\"https:\\\/\\\/cvinoticias.com\\\/v3\\\/salud-a-la-vanguardia-se-llevo-adelante-la-capacitacion-sobre-infarto-agudo-de-miocardio-en-iguazu\\\/#article\",\"isPartOf\":{\"@id\":\"https:\\\/\\\/cvinoticias.com\\\/v3\\\/salud-a-la-vanguardia-se-llevo-adelante-la-capacitacion-sobre-infarto-agudo-de-miocardio-en-iguazu\\\/\"},\"author\":{\"name\":\"f1000024\",\"@id\":\"https:\\\/\\\/cvinoticias.com\\\/v3\\\/#\\\/schema\\\/person\\\/2db77e3c6bc03c538495d7b2b8be9b66\"},\"headline\":\"Salud a la vanguardia: se llev\u00f3 adelante la capacitaci\u00f3n sobre infarto agudo de miocardio en Iguaz\u00fa\",\"datePublished\":\"2026-04-24T15:50:05+00:00\",\"dateModified\":\"2026-04-27T10:47:23+00:00\",\"mainEntityOfPage\":{\"@id\":\"https:\\\/\\\/cvinoticias.com\\\/v3\\\/salud-a-la-vanguardia-se-llevo-adelante-la-capacitacion-sobre-infarto-agudo-de-miocardio-en-iguazu\\\/\"},\"wordCount\":411,\"commentCount\":0,\"publisher\":{\"@id\":\"https:\\\/\\\/cvinoticias.com\\\/v3\\\/#organization\"},\"image\":{\"@id\":\"https:\\\/\\\/cvinoticias.com\\\/v3\\\/salud-a-la-vanguardia-se-llevo-adelante-la-capacitacion-sobre-infarto-agudo-de-miocardio-en-iguazu\\\/#primaryimage\"},\"thumbnailUrl\":\"https:\\\/\\\/cvinoticias.com\\\/wp-content\\\/uploads\\\/2026\\\/04\\\/d4a31d5a-d102-45f1-af8b-5713651f4cf3.jpeg\",\"keywords\":[\"agudo\",\"capacitacion\",\"Iguaz\u00fa\",\"infarto\",\"miocardio\",\"vanguardia\"],\"articleSection\":[\"Salud\"],\"inLanguage\":\"es\",\"potentialAction\":[{\"@type\":\"CommentAction\",\"name\":\"Comment\",\"target\":[\"https:\\\/\\\/cvinoticias.com\\\/v3\\\/salud-a-la-vanguardia-se-llevo-adelante-la-capacitacion-sobre-infarto-agudo-de-miocardio-en-iguazu\\\/#respond\"]}]},{\"@type\":\"WebPage\",\"@id\":\"https:\\\/\\\/cvinoticias.com\\\/v3\\\/salud-a-la-vanguardia-se-llevo-adelante-la-capacitacion-sobre-infarto-agudo-de-miocardio-en-iguazu\\\/\",\"url\":\"https:\\\/\\\/cvinoticias.com\\\/v3\\\/salud-a-la-vanguardia-se-llevo-adelante-la-capacitacion-sobre-infarto-agudo-de-miocardio-en-iguazu\\\/\",\"name\":\"Capacitaci\u00f3n sobre infarto en Iguaz\u00fa\",\"isPartOf\":{\"@id\":\"https:\\\/\\\/cvinoticias.com\\\/v3\\\/#website\"},\"primaryImageOfPage\":{\"@id\":\"https:\\\/\\\/cvinoticias.com\\\/v3\\\/salud-a-la-vanguardia-se-llevo-adelante-la-capacitacion-sobre-infarto-agudo-de-miocardio-en-iguazu\\\/#primaryimage\"},\"image\":{\"@id\":\"https:\\\/\\\/cvinoticias.com\\\/v3\\\/salud-a-la-vanguardia-se-llevo-adelante-la-capacitacion-sobre-infarto-agudo-de-miocardio-en-iguazu\\\/#primaryimage\"},\"thumbnailUrl\":\"https:\\\/\\\/cvinoticias.com\\\/wp-content\\\/uploads\\\/2026\\\/04\\\/d4a31d5a-d102-45f1-af8b-5713651f4cf3.jpeg\",\"datePublished\":\"2026-04-24T15:50:05+00:00\",\"dateModified\":\"2026-04-27T10:47:23+00:00\",\"description\":\"Profesionales se formaron para mejorar la respuesta ante emergencias card\u00edacas\",\"breadcrumb\":{\"@id\":\"https:\\\/\\\/cvinoticias.com\\\/v3\\\/salud-a-la-vanguardia-se-llevo-adelante-la-capacitacion-sobre-infarto-agudo-de-miocardio-en-iguazu\\\/#breadcrumb\"},\"inLanguage\":\"es\",\"potentialAction\":[{\"@type\":\"ReadAction\",\"target\":[\"https:\\\/\\\/cvinoticias.com\\\/v3\\\/salud-a-la-vanguardia-se-llevo-adelante-la-capacitacion-sobre-infarto-agudo-de-miocardio-en-iguazu\\\/\"]}]},{\"@type\":\"ImageObject\",\"inLanguage\":\"es\",\"@id\":\"https:\\\/\\\/cvinoticias.com\\\/v3\\\/salud-a-la-vanguardia-se-llevo-adelante-la-capacitacion-sobre-infarto-agudo-de-miocardio-en-iguazu\\\/#primaryimage\",\"url\":\"https:\\\/\\\/cvinoticias.com\\\/wp-content\\\/uploads\\\/2026\\\/04\\\/d4a31d5a-d102-45f1-af8b-5713651f4cf3.jpeg\",\"contentUrl\":\"https:\\\/\\\/cvinoticias.com\\\/wp-content\\\/uploads\\\/2026\\\/04\\\/d4a31d5a-d102-45f1-af8b-5713651f4cf3.jpeg\",\"width\":1280,\"height\":720},{\"@type\":\"BreadcrumbList\",\"@id\":\"https:\\\/\\\/cvinoticias.com\\\/v3\\\/salud-a-la-vanguardia-se-llevo-adelante-la-capacitacion-sobre-infarto-agudo-de-miocardio-en-iguazu\\\/#breadcrumb\",\"itemListElement\":[{\"@type\":\"ListItem\",\"position\":1,\"name\":\"Portada\",\"item\":\"https:\\\/\\\/cvinoticias.com\\\/v3\\\/\"},{\"@type\":\"ListItem\",\"position\":2,\"name\":\"Salud a la vanguardia: se llev\u00f3 adelante la capacitaci\u00f3n sobre infarto agudo de miocardio en Iguaz\u00fa\"}]},{\"@type\":\"WebSite\",\"@id\":\"https:\\\/\\\/cvinoticias.com\\\/v3\\\/#website\",\"url\":\"https:\\\/\\\/cvinoticias.com\\\/v3\\\/\",\"name\":\"CVI NOTICIAS\",\"description\":\"\",\"publisher\":{\"@id\":\"https:\\\/\\\/cvinoticias.com\\\/v3\\\/#organization\"},\"alternateName\":\"CVI\",\"potentialAction\":[{\"@type\":\"SearchAction\",\"target\":{\"@type\":\"EntryPoint\",\"urlTemplate\":\"https:\\\/\\\/cvinoticias.com\\\/v3\\\/?s={search_term_string}\"},\"query-input\":{\"@type\":\"PropertyValueSpecification\",\"valueRequired\":true,\"valueName\":\"search_term_string\"}}],\"inLanguage\":\"es\"},{\"@type\":\"Organization\",\"@id\":\"https:\\\/\\\/cvinoticias.com\\\/v3\\\/#organization\",\"name\":\"CVI NOTICIAS\",\"url\":\"https:\\\/\\\/cvinoticias.com\\\/v3\\\/\",\"logo\":{\"@type\":\"ImageObject\",\"inLanguage\":\"es\",\"@id\":\"https:\\\/\\\/cvinoticias.com\\\/v3\\\/#\\\/schema\\\/logo\\\/image\\\/\",\"url\":\"https:\\\/\\\/cvinoticias.com\\\/wp-content\\\/uploads\\\/2023\\\/04\\\/cropped-cropped-cropped-cropped-cropped-3-1.png\",\"contentUrl\":\"https:\\\/\\\/cvinoticias.com\\\/wp-content\\\/uploads\\\/2023\\\/04\\\/cropped-cropped-cropped-cropped-cropped-3-1.png\",\"width\":95,\"height\":122,\"caption\":\"CVI NOTICIAS\"},\"image\":{\"@id\":\"https:\\\/\\\/cvinoticias.com\\\/v3\\\/#\\\/schema\\\/logo\\\/image\\\/\"},\"sameAs\":[\"https:\\\/\\\/www.facebook.com\\\/cvinoticias\",\"https:\\\/\\\/www.instagram.com\\\/cvinoticias\\\/\",\"https:\\\/\\\/www.youtube.com\\\/@CVINOTICIAS\"]},{\"@type\":\"Person\",\"@id\":\"https:\\\/\\\/cvinoticias.com\\\/v3\\\/#\\\/schema\\\/person\\\/2db77e3c6bc03c538495d7b2b8be9b66\",\"name\":\"f1000024\",\"image\":{\"@type\":\"ImageObject\",\"inLanguage\":\"es\",\"@id\":\"https:\\\/\\\/secure.gravatar.com\\\/avatar\\\/d4fe7459cfc51ff5129ce1a732bbef5928568b8092d412ef95611616376bbeed?s=96&d=mm&r=g\",\"url\":\"https:\\\/\\\/secure.gravatar.com\\\/avatar\\\/d4fe7459cfc51ff5129ce1a732bbef5928568b8092d412ef95611616376bbeed?s=96&d=mm&r=g\",\"contentUrl\":\"https:\\\/\\\/secure.gravatar.com\\\/avatar\\\/d4fe7459cfc51ff5129ce1a732bbef5928568b8092d412ef95611616376bbeed?s=96&d=mm&r=g\",\"caption\":\"f1000024\"},\"url\":\"https:\\\/\\\/cvinoticias.com\\\/v3\\\/author\\\/f1000024\\\/\"}]}<\/script>\n<!-- \/ Yoast SEO plugin. -->","yoast_head_json":{"title":"Capacitaci\u00f3n sobre infarto en Iguaz\u00fa","description":"Profesionales se formaron para mejorar la respuesta ante emergencias card\u00edacas","robots":{"index":"index","follow":"follow","max-snippet":"max-snippet:-1","max-image-preview":"max-image-preview:large","max-video-preview":"max-video-preview:-1"},"canonical":"https:\/\/cvinoticias.com\/v3\/salud-a-la-vanguardia-se-llevo-adelante-la-capacitacion-sobre-infarto-agudo-de-miocardio-en-iguazu\/","og_locale":"es_ES","og_type":"article","og_title":"Capacitaci\u00f3n sobre infarto en Iguaz\u00fa","og_description":"Profesionales se formaron para mejorar la respuesta ante emergencias card\u00edacas","og_url":"https:\/\/cvinoticias.com\/v3\/salud-a-la-vanguardia-se-llevo-adelante-la-capacitacion-sobre-infarto-agudo-de-miocardio-en-iguazu\/","og_site_name":"CVI NOTICIAS","article_publisher":"https:\/\/www.facebook.com\/cvinoticias","article_published_time":"2026-04-24T15:50:05+00:00","article_modified_time":"2026-04-27T10:47:23+00:00","og_image":[{"width":1280,"height":720,"url":"https:\/\/cvinoticias.com\/wp-content\/uploads\/2026\/04\/d4a31d5a-d102-45f1-af8b-5713651f4cf3.jpeg","type":"image\/jpeg"}],"author":"f1000024","twitter_card":"summary_large_image","twitter_misc":{"Escrito por":"f1000024","Tiempo de lectura":"3 minutos"},"schema":{"@context":"https:\/\/schema.org","@graph":[{"@type":"Article","@id":"https:\/\/cvinoticias.com\/v3\/salud-a-la-vanguardia-se-llevo-adelante-la-capacitacion-sobre-infarto-agudo-de-miocardio-en-iguazu\/#article","isPartOf":{"@id":"https:\/\/cvinoticias.com\/v3\/salud-a-la-vanguardia-se-llevo-adelante-la-capacitacion-sobre-infarto-agudo-de-miocardio-en-iguazu\/"},"author":{"name":"f1000024","@id":"https:\/\/cvinoticias.com\/v3\/#\/schema\/person\/2db77e3c6bc03c538495d7b2b8be9b66"},"headline":"Salud a la vanguardia: se llev\u00f3 adelante la capacitaci\u00f3n sobre infarto agudo de miocardio en Iguaz\u00fa","datePublished":"2026-04-24T15:50:05+00:00","dateModified":"2026-04-27T10:47:23+00:00","mainEntityOfPage":{"@id":"https:\/\/cvinoticias.com\/v3\/salud-a-la-vanguardia-se-llevo-adelante-la-capacitacion-sobre-infarto-agudo-de-miocardio-en-iguazu\/"},"wordCount":411,"commentCount":0,"publisher":{"@id":"https:\/\/cvinoticias.com\/v3\/#organization"},"image":{"@id":"https:\/\/cvinoticias.com\/v3\/salud-a-la-vanguardia-se-llevo-adelante-la-capacitacion-sobre-infarto-agudo-de-miocardio-en-iguazu\/#primaryimage"},"thumbnailUrl":"https:\/\/cvinoticias.com\/wp-content\/uploads\/2026\/04\/d4a31d5a-d102-45f1-af8b-5713651f4cf3.jpeg","keywords":["agudo","capacitacion","Iguaz\u00fa","infarto","miocardio","vanguardia"],"articleSection":["Salud"],"inLanguage":"es","potentialAction":[{"@type":"CommentAction","name":"Comment","target":["https:\/\/cvinoticias.com\/v3\/salud-a-la-vanguardia-se-llevo-adelante-la-capacitacion-sobre-infarto-agudo-de-miocardio-en-iguazu\/#respond"]}]},{"@type":"WebPage","@id":"https:\/\/cvinoticias.com\/v3\/salud-a-la-vanguardia-se-llevo-adelante-la-capacitacion-sobre-infarto-agudo-de-miocardio-en-iguazu\/","url":"https:\/\/cvinoticias.com\/v3\/salud-a-la-vanguardia-se-llevo-adelante-la-capacitacion-sobre-infarto-agudo-de-miocardio-en-iguazu\/","name":"Capacitaci\u00f3n sobre infarto en Iguaz\u00fa","isPartOf":{"@id":"https:\/\/cvinoticias.com\/v3\/#website"},"primaryImageOfPage":{"@id":"https:\/\/cvinoticias.com\/v3\/salud-a-la-vanguardia-se-llevo-adelante-la-capacitacion-sobre-infarto-agudo-de-miocardio-en-iguazu\/#primaryimage"},"image":{"@id":"https:\/\/cvinoticias.com\/v3\/salud-a-la-vanguardia-se-llevo-adelante-la-capacitacion-sobre-infarto-agudo-de-miocardio-en-iguazu\/#primaryimage"},"thumbnailUrl":"https:\/\/cvinoticias.com\/wp-content\/uploads\/2026\/04\/d4a31d5a-d102-45f1-af8b-5713651f4cf3.jpeg","datePublished":"2026-04-24T15:50:05+00:00","dateModified":"2026-04-27T10:47:23+00:00","description":"Profesionales se formaron para mejorar la respuesta ante emergencias card\u00edacas","breadcrumb":{"@id":"https:\/\/cvinoticias.com\/v3\/salud-a-la-vanguardia-se-llevo-adelante-la-capacitacion-sobre-infarto-agudo-de-miocardio-en-iguazu\/#breadcrumb"},"inLanguage":"es","potentialAction":[{"@type":"ReadAction","target":["https:\/\/cvinoticias.com\/v3\/salud-a-la-vanguardia-se-llevo-adelante-la-capacitacion-sobre-infarto-agudo-de-miocardio-en-iguazu\/"]}]},{"@type":"ImageObject","inLanguage":"es","@id":"https:\/\/cvinoticias.com\/v3\/salud-a-la-vanguardia-se-llevo-adelante-la-capacitacion-sobre-infarto-agudo-de-miocardio-en-iguazu\/#primaryimage","url":"https:\/\/cvinoticias.com\/wp-content\/uploads\/2026\/04\/d4a31d5a-d102-45f1-af8b-5713651f4cf3.jpeg","contentUrl":"https:\/\/cvinoticias.com\/wp-content\/uploads\/2026\/04\/d4a31d5a-d102-45f1-af8b-5713651f4cf3.jpeg","width":1280,"height":720},{"@type":"BreadcrumbList","@id":"https:\/\/cvinoticias.com\/v3\/salud-a-la-vanguardia-se-llevo-adelante-la-capacitacion-sobre-infarto-agudo-de-miocardio-en-iguazu\/#breadcrumb","itemListElement":[{"@type":"ListItem","position":1,"name":"Portada","item":"https:\/\/cvinoticias.com\/v3\/"},{"@type":"ListItem","position":2,"name":"Salud a la vanguardia: se llev\u00f3 adelante la capacitaci\u00f3n sobre infarto agudo de miocardio en Iguaz\u00fa"}]},{"@type":"WebSite","@id":"https:\/\/cvinoticias.com\/v3\/#website","url":"https:\/\/cvinoticias.com\/v3\/","name":"CVI NOTICIAS","description":"","publisher":{"@id":"https:\/\/cvinoticias.com\/v3\/#organization"},"alternateName":"CVI","potentialAction":[{"@type":"SearchAction","target":{"@type":"EntryPoint","urlTemplate":"https:\/\/cvinoticias.com\/v3\/?s={search_term_string}"},"query-input":{"@type":"PropertyValueSpecification","valueRequired":true,"valueName":"search_term_string"}}],"inLanguage":"es"},{"@type":"Organization","@id":"https:\/\/cvinoticias.com\/v3\/#organization","name":"CVI NOTICIAS","url":"https:\/\/cvinoticias.com\/v3\/","logo":{"@type":"ImageObject","inLanguage":"es","@id":"https:\/\/cvinoticias.com\/v3\/#\/schema\/logo\/image\/","url":"https:\/\/cvinoticias.com\/wp-content\/uploads\/2023\/04\/cropped-cropped-cropped-cropped-cropped-3-1.png","contentUrl":"https:\/\/cvinoticias.com\/wp-content\/uploads\/2023\/04\/cropped-cropped-cropped-cropped-cropped-3-1.png","width":95,"height":122,"caption":"CVI NOTICIAS"},"image":{"@id":"https:\/\/cvinoticias.com\/v3\/#\/schema\/logo\/image\/"},"sameAs":["https:\/\/www.facebook.com\/cvinoticias","https:\/\/www.instagram.com\/cvinoticias\/","https:\/\/www.youtube.com\/@CVINOTICIAS"]},{"@type":"Person","@id":"https:\/\/cvinoticias.com\/v3\/#\/schema\/person\/2db77e3c6bc03c538495d7b2b8be9b66","name":"f1000024","image":{"@type":"ImageObject","inLanguage":"es","@id":"https:\/\/secure.gravatar.com\/avatar\/d4fe7459cfc51ff5129ce1a732bbef5928568b8092d412ef95611616376bbeed?s=96&d=mm&r=g","url":"https:\/\/secure.gravatar.com\/avatar\/d4fe7459cfc51ff5129ce1a732bbef5928568b8092d412ef95611616376bbeed?s=96&d=mm&r=g","contentUrl":"https:\/\/secure.gravatar.com\/avatar\/d4fe7459cfc51ff5129ce1a732bbef5928568b8092d412ef95611616376bbeed?s=96&d=mm&r=g","caption":"f1000024"},"url":"https:\/\/cvinoticias.com\/v3\/author\/f1000024\/"}]}},"_links":{"self":[{"href":"https:\/\/cvinoticias.com\/v3\/wp-json\/wp\/v2\/posts\/57464","targetHints":{"allow":["GET"]}}],"collection":[{"href":"https:\/\/cvinoticias.com\/v3\/wp-json\/wp\/v2\/posts"}],"about":[{"href":"https:\/\/cvinoticias.com\/v3\/wp-json\/wp\/v2\/types\/post"}],"author":[{"embeddable":true,"href":"https:\/\/cvinoticias.com\/v3\/wp-json\/wp\/v2\/users\/2"}],"replies":[{"embeddable":true,"href":"https:\/\/cvinoticias.com\/v3\/wp-json\/wp\/v2\/comments?post=57464"}],"version-history":[{"count":1,"href":"https:\/\/cvinoticias.com\/v3\/wp-json\/wp\/v2\/posts\/57464\/revisions"}],"predecessor-version":[{"id":57468,"href":"https:\/\/cvinoticias.com\/v3\/wp-json\/wp\/v2\/posts\/57464\/revisions\/57468"}],"wp:featuredmedia":[{"embeddable":true,"href":"https:\/\/cvinoticias.com\/v3\/wp-json\/wp\/v2\/media\/57467"}],"wp:attachment":[{"href":"https:\/\/cvinoticias.com\/v3\/wp-json\/wp\/v2\/media?parent=57464"}],"wp:term":[{"taxonomy":"category","embeddable":true,"href":"https:\/\/cvinoticias.com\/v3\/wp-json\/wp\/v2\/categories?post=57464"},{"taxonomy":"post_tag","embeddable":true,"href":"https:\/\/cvinoticias.com\/v3\/wp-json\/wp\/v2\/tags?post=57464"}],"curies":[{"name":"wp","href":"https:\/\/api.w.org\/{rel}","templated":true}]}}