{"id":57456,"date":"2026-04-24T13:00:22","date_gmt":"2026-04-24T16:00:22","guid":{"rendered":"https:\/\/cvinoticias.com\/v3\/?p=57456"},"modified":"2026-04-27T07:43:50","modified_gmt":"2026-04-27T10:43:50","slug":"cultura-y-turismo-jornada-de-fortalecimiento-para-las-comunidades-mbya","status":"publish","type":"post","link":"https:\/\/cvinoticias.com\/v3\/cultura-y-turismo-jornada-de-fortalecimiento-para-las-comunidades-mbya\/","title":{"rendered":"Cultura y turismo: jornada de fortalecimiento para las comunidades Mbya"},"content":{"rendered":"\n<p>\u200bEn el marco de la Semana de los Pueblos Originarios, referentes de diversas comunidades guaran\u00edes participaron de una intensa jornada de trabajo en la Direcci\u00f3n de Turismo de Puerto Iguaz\u00fa. El encuentro tuvo como eje central la profesionalizaci\u00f3n del turismo comunitario, buscando un equilibrio entre la preservaci\u00f3n de la identidad cultural y la mejora en la prestaci\u00f3n de servicios.<\/p>\n\n\n\n<p>\u200bDurante la actividad, se brind\u00f3 una capacitaci\u00f3n espec\u00edfica sobre cultura Mbya aplicada al turismo, donde se abordaron herramientas clave para la atenci\u00f3n al visitante. Adem\u00e1s, se trabaj\u00f3 sobre la modernizaci\u00f3n de los canales de venta, incluyendo la comercializaci\u00f3n de artesan\u00edas a trav\u00e9s de la web, una estrategia vital para que el impacto econ\u00f3mico llegue de forma directa a las aldeas.<\/p>\n\n\n\n<p>\u200bEn di\u00e1logo con CVI Noticias, Santiago Moreira, presidente de la Asociaci\u00f3n Mbya en Turismo, destac\u00f3 la importancia de estos espacios de di\u00e1logo para fortalecer los lazos entre las instituciones y las comunidades. Moreira enfatiz\u00f3 que definir estrategias conjuntas es fundamental para que el turismo no solo sea una fuente de ingresos, sino tambi\u00e9n una plataforma de revalorizaci\u00f3n cultural.<br>\u200b\u00bbEs importante hablar y consensuar estrategias para fortalecer estos lazos tur\u00edsticos\u00bb, concluy\u00f3.<\/p>\n\n\n\n<figure class=\"wp-block-image size-large\"><a href=\"https:\/\/cvinoticias.com\/wp-content\/uploads\/2026\/04\/0d5ccba8-4342-4b08-bcc7-4797a65beb27-1.jpeg\"><img decoding=\"async\" width=\"1024\" height=\"576\" data-src=\"https:\/\/cvinoticias.com\/wp-content\/uploads\/2026\/04\/0d5ccba8-4342-4b08-bcc7-4797a65beb27-1-1024x576.jpeg\" alt=\"\" class=\"wp-image-57461 lazyload\" data-srcset=\"https:\/\/cvinoticias.com\/wp-content\/uploads\/2026\/04\/0d5ccba8-4342-4b08-bcc7-4797a65beb27-1-1024x576.jpeg 1024w, https:\/\/cvinoticias.com\/wp-content\/uploads\/2026\/04\/0d5ccba8-4342-4b08-bcc7-4797a65beb27-1-300x169.jpeg 300w, https:\/\/cvinoticias.com\/wp-content\/uploads\/2026\/04\/0d5ccba8-4342-4b08-bcc7-4797a65beb27-1-768x432.jpeg 768w, https:\/\/cvinoticias.com\/wp-content\/uploads\/2026\/04\/0d5ccba8-4342-4b08-bcc7-4797a65beb27-1.jpeg 1280w\" data-sizes=\"(max-width: 1024px) 100vw, 1024px\" src=\"data:image\/svg+xml;base64,PHN2ZyB3aWR0aD0iMSIgaGVpZ2h0PSIxIiB4bWxucz0iaHR0cDovL3d3dy53My5vcmcvMjAwMC9zdmciPjwvc3ZnPg==\" style=\"--smush-placeholder-width: 1024px; --smush-placeholder-aspect-ratio: 1024\/576;\" \/><\/a><\/figure>\n\n\n\n<p>Entrevista con: Santiago Moreira (Pdte. Asoc. Mbya en Turismo)<\/p>\n","protected":false},"excerpt":{"rendered":"<p>\u200bEn el marco de la Semana de los Pueblos Originarios, referentes de diversas comunidades guaran\u00edes participaron de una intensa jornada de trabajo en la Direcci\u00f3n de Turismo de Puerto Iguaz\u00fa. El encuentro tuvo como eje central la profesionalizaci\u00f3n del turismo comunitario, buscando un equilibrio entre la preservaci\u00f3n de la identidad cultural y la mejora en [&hellip;]<\/p>\n","protected":false},"author":2,"featured_media":57458,"comment_status":"open","ping_status":"closed","sticky":false,"template":"","format":"standard","meta":{"footnotes":""},"categories":[50],"tags":[725,281,2997,77],"class_list":["post-57456","post","type-post","status-publish","format-standard","has-post-thumbnail","hentry","category-turismo","tag-comunidades","tag-cultura","tag-mbya","tag-turismo"],"yoast_head":"<!-- This site is optimized with the Yoast SEO plugin v27.5 - https:\/\/yoast.com\/product\/yoast-seo-wordpress\/ -->\n<title>Jornada de turismo para comunidades Mbya | CVI NOTICIAS<\/title>\n<meta name=\"description\" content=\"Capacitaron en turismo y venta de artesan\u00edas a comunidades guaran\u00edes\" \/>\n<meta name=\"robots\" content=\"index, follow, max-snippet:-1, max-image-preview:large, max-video-preview:-1\" \/>\n<link rel=\"canonical\" href=\"https:\/\/cvinoticias.com\/v3\/cultura-y-turismo-jornada-de-fortalecimiento-para-las-comunidades-mbya\/\" \/>\n<meta property=\"og:locale\" content=\"es_ES\" \/>\n<meta property=\"og:type\" content=\"article\" \/>\n<meta property=\"og:title\" content=\"Jornada de turismo para comunidades Mbya | CVI NOTICIAS\" \/>\n<meta property=\"og:description\" content=\"Capacitaron en turismo y venta de artesan\u00edas a comunidades guaran\u00edes\" \/>\n<meta property=\"og:url\" content=\"https:\/\/cvinoticias.com\/v3\/cultura-y-turismo-jornada-de-fortalecimiento-para-las-comunidades-mbya\/\" \/>\n<meta property=\"og:site_name\" content=\"CVI NOTICIAS\" \/>\n<meta property=\"article:publisher\" content=\"https:\/\/www.facebook.com\/cvinoticias\" \/>\n<meta property=\"article:published_time\" content=\"2026-04-24T16:00:22+00:00\" \/>\n<meta property=\"article:modified_time\" content=\"2026-04-27T10:43:50+00:00\" \/>\n<meta property=\"og:image\" content=\"https:\/\/cvinoticias.com\/wp-content\/uploads\/2026\/04\/7f5a67b6-9f5d-449b-8879-296472708f08.jpeg\" \/>\n\t<meta property=\"og:image:width\" content=\"1280\" \/>\n\t<meta property=\"og:image:height\" content=\"720\" \/>\n\t<meta property=\"og:image:type\" content=\"image\/jpeg\" \/>\n<meta name=\"author\" content=\"f1000024\" \/>\n<meta name=\"twitter:card\" content=\"summary_large_image\" \/>\n<meta name=\"twitter:label1\" content=\"Escrito por\" \/>\n\t<meta name=\"twitter:data1\" content=\"f1000024\" \/>\n\t<meta name=\"twitter:label2\" content=\"Tiempo de lectura\" \/>\n\t<meta name=\"twitter:data2\" content=\"2 minutos\" \/>\n<script type=\"application\/ld+json\" class=\"yoast-schema-graph\">{\"@context\":\"https:\\\/\\\/schema.org\",\"@graph\":[{\"@type\":\"Article\",\"@id\":\"https:\\\/\\\/cvinoticias.com\\\/v3\\\/cultura-y-turismo-jornada-de-fortalecimiento-para-las-comunidades-mbya\\\/#article\",\"isPartOf\":{\"@id\":\"https:\\\/\\\/cvinoticias.com\\\/v3\\\/cultura-y-turismo-jornada-de-fortalecimiento-para-las-comunidades-mbya\\\/\"},\"author\":{\"name\":\"f1000024\",\"@id\":\"https:\\\/\\\/cvinoticias.com\\\/v3\\\/#\\\/schema\\\/person\\\/2db77e3c6bc03c538495d7b2b8be9b66\"},\"headline\":\"Cultura y turismo: jornada de fortalecimiento para las comunidades Mbya\",\"datePublished\":\"2026-04-24T16:00:22+00:00\",\"dateModified\":\"2026-04-27T10:43:50+00:00\",\"mainEntityOfPage\":{\"@id\":\"https:\\\/\\\/cvinoticias.com\\\/v3\\\/cultura-y-turismo-jornada-de-fortalecimiento-para-las-comunidades-mbya\\\/\"},\"wordCount\":228,\"commentCount\":0,\"publisher\":{\"@id\":\"https:\\\/\\\/cvinoticias.com\\\/v3\\\/#organization\"},\"image\":{\"@id\":\"https:\\\/\\\/cvinoticias.com\\\/v3\\\/cultura-y-turismo-jornada-de-fortalecimiento-para-las-comunidades-mbya\\\/#primaryimage\"},\"thumbnailUrl\":\"https:\\\/\\\/cvinoticias.com\\\/wp-content\\\/uploads\\\/2026\\\/04\\\/7f5a67b6-9f5d-449b-8879-296472708f08.jpeg\",\"keywords\":[\"Comunidades\",\"Cultura\",\"mby\u00e1\",\"turismo\"],\"articleSection\":[\"Turismo\"],\"inLanguage\":\"es\",\"potentialAction\":[{\"@type\":\"CommentAction\",\"name\":\"Comment\",\"target\":[\"https:\\\/\\\/cvinoticias.com\\\/v3\\\/cultura-y-turismo-jornada-de-fortalecimiento-para-las-comunidades-mbya\\\/#respond\"]}]},{\"@type\":\"WebPage\",\"@id\":\"https:\\\/\\\/cvinoticias.com\\\/v3\\\/cultura-y-turismo-jornada-de-fortalecimiento-para-las-comunidades-mbya\\\/\",\"url\":\"https:\\\/\\\/cvinoticias.com\\\/v3\\\/cultura-y-turismo-jornada-de-fortalecimiento-para-las-comunidades-mbya\\\/\",\"name\":\"Jornada de turismo para comunidades Mbya | CVI NOTICIAS\",\"isPartOf\":{\"@id\":\"https:\\\/\\\/cvinoticias.com\\\/v3\\\/#website\"},\"primaryImageOfPage\":{\"@id\":\"https:\\\/\\\/cvinoticias.com\\\/v3\\\/cultura-y-turismo-jornada-de-fortalecimiento-para-las-comunidades-mbya\\\/#primaryimage\"},\"image\":{\"@id\":\"https:\\\/\\\/cvinoticias.com\\\/v3\\\/cultura-y-turismo-jornada-de-fortalecimiento-para-las-comunidades-mbya\\\/#primaryimage\"},\"thumbnailUrl\":\"https:\\\/\\\/cvinoticias.com\\\/wp-content\\\/uploads\\\/2026\\\/04\\\/7f5a67b6-9f5d-449b-8879-296472708f08.jpeg\",\"datePublished\":\"2026-04-24T16:00:22+00:00\",\"dateModified\":\"2026-04-27T10:43:50+00:00\",\"description\":\"Capacitaron en turismo y venta de artesan\u00edas a comunidades guaran\u00edes\",\"breadcrumb\":{\"@id\":\"https:\\\/\\\/cvinoticias.com\\\/v3\\\/cultura-y-turismo-jornada-de-fortalecimiento-para-las-comunidades-mbya\\\/#breadcrumb\"},\"inLanguage\":\"es\",\"potentialAction\":[{\"@type\":\"ReadAction\",\"target\":[\"https:\\\/\\\/cvinoticias.com\\\/v3\\\/cultura-y-turismo-jornada-de-fortalecimiento-para-las-comunidades-mbya\\\/\"]}]},{\"@type\":\"ImageObject\",\"inLanguage\":\"es\",\"@id\":\"https:\\\/\\\/cvinoticias.com\\\/v3\\\/cultura-y-turismo-jornada-de-fortalecimiento-para-las-comunidades-mbya\\\/#primaryimage\",\"url\":\"https:\\\/\\\/cvinoticias.com\\\/wp-content\\\/uploads\\\/2026\\\/04\\\/7f5a67b6-9f5d-449b-8879-296472708f08.jpeg\",\"contentUrl\":\"https:\\\/\\\/cvinoticias.com\\\/wp-content\\\/uploads\\\/2026\\\/04\\\/7f5a67b6-9f5d-449b-8879-296472708f08.jpeg\",\"width\":1280,\"height\":720},{\"@type\":\"BreadcrumbList\",\"@id\":\"https:\\\/\\\/cvinoticias.com\\\/v3\\\/cultura-y-turismo-jornada-de-fortalecimiento-para-las-comunidades-mbya\\\/#breadcrumb\",\"itemListElement\":[{\"@type\":\"ListItem\",\"position\":1,\"name\":\"Portada\",\"item\":\"https:\\\/\\\/cvinoticias.com\\\/v3\\\/\"},{\"@type\":\"ListItem\",\"position\":2,\"name\":\"Cultura y turismo: jornada de fortalecimiento para las comunidades Mbya\"}]},{\"@type\":\"WebSite\",\"@id\":\"https:\\\/\\\/cvinoticias.com\\\/v3\\\/#website\",\"url\":\"https:\\\/\\\/cvinoticias.com\\\/v3\\\/\",\"name\":\"CVI NOTICIAS\",\"description\":\"\",\"publisher\":{\"@id\":\"https:\\\/\\\/cvinoticias.com\\\/v3\\\/#organization\"},\"alternateName\":\"CVI\",\"potentialAction\":[{\"@type\":\"SearchAction\",\"target\":{\"@type\":\"EntryPoint\",\"urlTemplate\":\"https:\\\/\\\/cvinoticias.com\\\/v3\\\/?s={search_term_string}\"},\"query-input\":{\"@type\":\"PropertyValueSpecification\",\"valueRequired\":true,\"valueName\":\"search_term_string\"}}],\"inLanguage\":\"es\"},{\"@type\":\"Organization\",\"@id\":\"https:\\\/\\\/cvinoticias.com\\\/v3\\\/#organization\",\"name\":\"CVI NOTICIAS\",\"url\":\"https:\\\/\\\/cvinoticias.com\\\/v3\\\/\",\"logo\":{\"@type\":\"ImageObject\",\"inLanguage\":\"es\",\"@id\":\"https:\\\/\\\/cvinoticias.com\\\/v3\\\/#\\\/schema\\\/logo\\\/image\\\/\",\"url\":\"https:\\\/\\\/cvinoticias.com\\\/wp-content\\\/uploads\\\/2023\\\/04\\\/cropped-cropped-cropped-cropped-cropped-3-1.png\",\"contentUrl\":\"https:\\\/\\\/cvinoticias.com\\\/wp-content\\\/uploads\\\/2023\\\/04\\\/cropped-cropped-cropped-cropped-cropped-3-1.png\",\"width\":95,\"height\":122,\"caption\":\"CVI NOTICIAS\"},\"image\":{\"@id\":\"https:\\\/\\\/cvinoticias.com\\\/v3\\\/#\\\/schema\\\/logo\\\/image\\\/\"},\"sameAs\":[\"https:\\\/\\\/www.facebook.com\\\/cvinoticias\",\"https:\\\/\\\/www.instagram.com\\\/cvinoticias\\\/\",\"https:\\\/\\\/www.youtube.com\\\/@CVINOTICIAS\"]},{\"@type\":\"Person\",\"@id\":\"https:\\\/\\\/cvinoticias.com\\\/v3\\\/#\\\/schema\\\/person\\\/2db77e3c6bc03c538495d7b2b8be9b66\",\"name\":\"f1000024\",\"image\":{\"@type\":\"ImageObject\",\"inLanguage\":\"es\",\"@id\":\"https:\\\/\\\/secure.gravatar.com\\\/avatar\\\/d4fe7459cfc51ff5129ce1a732bbef5928568b8092d412ef95611616376bbeed?s=96&d=mm&r=g\",\"url\":\"https:\\\/\\\/secure.gravatar.com\\\/avatar\\\/d4fe7459cfc51ff5129ce1a732bbef5928568b8092d412ef95611616376bbeed?s=96&d=mm&r=g\",\"contentUrl\":\"https:\\\/\\\/secure.gravatar.com\\\/avatar\\\/d4fe7459cfc51ff5129ce1a732bbef5928568b8092d412ef95611616376bbeed?s=96&d=mm&r=g\",\"caption\":\"f1000024\"},\"url\":\"https:\\\/\\\/cvinoticias.com\\\/v3\\\/author\\\/f1000024\\\/\"}]}<\/script>\n<!-- \/ Yoast SEO plugin. -->","yoast_head_json":{"title":"Jornada de turismo para comunidades Mbya | CVI NOTICIAS","description":"Capacitaron en turismo y venta de artesan\u00edas a comunidades guaran\u00edes","robots":{"index":"index","follow":"follow","max-snippet":"max-snippet:-1","max-image-preview":"max-image-preview:large","max-video-preview":"max-video-preview:-1"},"canonical":"https:\/\/cvinoticias.com\/v3\/cultura-y-turismo-jornada-de-fortalecimiento-para-las-comunidades-mbya\/","og_locale":"es_ES","og_type":"article","og_title":"Jornada de turismo para comunidades Mbya | CVI NOTICIAS","og_description":"Capacitaron en turismo y venta de artesan\u00edas a comunidades guaran\u00edes","og_url":"https:\/\/cvinoticias.com\/v3\/cultura-y-turismo-jornada-de-fortalecimiento-para-las-comunidades-mbya\/","og_site_name":"CVI NOTICIAS","article_publisher":"https:\/\/www.facebook.com\/cvinoticias","article_published_time":"2026-04-24T16:00:22+00:00","article_modified_time":"2026-04-27T10:43:50+00:00","og_image":[{"width":1280,"height":720,"url":"https:\/\/cvinoticias.com\/wp-content\/uploads\/2026\/04\/7f5a67b6-9f5d-449b-8879-296472708f08.jpeg","type":"image\/jpeg"}],"author":"f1000024","twitter_card":"summary_large_image","twitter_misc":{"Escrito por":"f1000024","Tiempo de lectura":"2 minutos"},"schema":{"@context":"https:\/\/schema.org","@graph":[{"@type":"Article","@id":"https:\/\/cvinoticias.com\/v3\/cultura-y-turismo-jornada-de-fortalecimiento-para-las-comunidades-mbya\/#article","isPartOf":{"@id":"https:\/\/cvinoticias.com\/v3\/cultura-y-turismo-jornada-de-fortalecimiento-para-las-comunidades-mbya\/"},"author":{"name":"f1000024","@id":"https:\/\/cvinoticias.com\/v3\/#\/schema\/person\/2db77e3c6bc03c538495d7b2b8be9b66"},"headline":"Cultura y turismo: jornada de fortalecimiento para las comunidades Mbya","datePublished":"2026-04-24T16:00:22+00:00","dateModified":"2026-04-27T10:43:50+00:00","mainEntityOfPage":{"@id":"https:\/\/cvinoticias.com\/v3\/cultura-y-turismo-jornada-de-fortalecimiento-para-las-comunidades-mbya\/"},"wordCount":228,"commentCount":0,"publisher":{"@id":"https:\/\/cvinoticias.com\/v3\/#organization"},"image":{"@id":"https:\/\/cvinoticias.com\/v3\/cultura-y-turismo-jornada-de-fortalecimiento-para-las-comunidades-mbya\/#primaryimage"},"thumbnailUrl":"https:\/\/cvinoticias.com\/wp-content\/uploads\/2026\/04\/7f5a67b6-9f5d-449b-8879-296472708f08.jpeg","keywords":["Comunidades","Cultura","mby\u00e1","turismo"],"articleSection":["Turismo"],"inLanguage":"es","potentialAction":[{"@type":"CommentAction","name":"Comment","target":["https:\/\/cvinoticias.com\/v3\/cultura-y-turismo-jornada-de-fortalecimiento-para-las-comunidades-mbya\/#respond"]}]},{"@type":"WebPage","@id":"https:\/\/cvinoticias.com\/v3\/cultura-y-turismo-jornada-de-fortalecimiento-para-las-comunidades-mbya\/","url":"https:\/\/cvinoticias.com\/v3\/cultura-y-turismo-jornada-de-fortalecimiento-para-las-comunidades-mbya\/","name":"Jornada de turismo para comunidades Mbya | CVI NOTICIAS","isPartOf":{"@id":"https:\/\/cvinoticias.com\/v3\/#website"},"primaryImageOfPage":{"@id":"https:\/\/cvinoticias.com\/v3\/cultura-y-turismo-jornada-de-fortalecimiento-para-las-comunidades-mbya\/#primaryimage"},"image":{"@id":"https:\/\/cvinoticias.com\/v3\/cultura-y-turismo-jornada-de-fortalecimiento-para-las-comunidades-mbya\/#primaryimage"},"thumbnailUrl":"https:\/\/cvinoticias.com\/wp-content\/uploads\/2026\/04\/7f5a67b6-9f5d-449b-8879-296472708f08.jpeg","datePublished":"2026-04-24T16:00:22+00:00","dateModified":"2026-04-27T10:43:50+00:00","description":"Capacitaron en turismo y venta de artesan\u00edas a comunidades guaran\u00edes","breadcrumb":{"@id":"https:\/\/cvinoticias.com\/v3\/cultura-y-turismo-jornada-de-fortalecimiento-para-las-comunidades-mbya\/#breadcrumb"},"inLanguage":"es","potentialAction":[{"@type":"ReadAction","target":["https:\/\/cvinoticias.com\/v3\/cultura-y-turismo-jornada-de-fortalecimiento-para-las-comunidades-mbya\/"]}]},{"@type":"ImageObject","inLanguage":"es","@id":"https:\/\/cvinoticias.com\/v3\/cultura-y-turismo-jornada-de-fortalecimiento-para-las-comunidades-mbya\/#primaryimage","url":"https:\/\/cvinoticias.com\/wp-content\/uploads\/2026\/04\/7f5a67b6-9f5d-449b-8879-296472708f08.jpeg","contentUrl":"https:\/\/cvinoticias.com\/wp-content\/uploads\/2026\/04\/7f5a67b6-9f5d-449b-8879-296472708f08.jpeg","width":1280,"height":720},{"@type":"BreadcrumbList","@id":"https:\/\/cvinoticias.com\/v3\/cultura-y-turismo-jornada-de-fortalecimiento-para-las-comunidades-mbya\/#breadcrumb","itemListElement":[{"@type":"ListItem","position":1,"name":"Portada","item":"https:\/\/cvinoticias.com\/v3\/"},{"@type":"ListItem","position":2,"name":"Cultura y turismo: jornada de fortalecimiento para las comunidades Mbya"}]},{"@type":"WebSite","@id":"https:\/\/cvinoticias.com\/v3\/#website","url":"https:\/\/cvinoticias.com\/v3\/","name":"CVI NOTICIAS","description":"","publisher":{"@id":"https:\/\/cvinoticias.com\/v3\/#organization"},"alternateName":"CVI","potentialAction":[{"@type":"SearchAction","target":{"@type":"EntryPoint","urlTemplate":"https:\/\/cvinoticias.com\/v3\/?s={search_term_string}"},"query-input":{"@type":"PropertyValueSpecification","valueRequired":true,"valueName":"search_term_string"}}],"inLanguage":"es"},{"@type":"Organization","@id":"https:\/\/cvinoticias.com\/v3\/#organization","name":"CVI NOTICIAS","url":"https:\/\/cvinoticias.com\/v3\/","logo":{"@type":"ImageObject","inLanguage":"es","@id":"https:\/\/cvinoticias.com\/v3\/#\/schema\/logo\/image\/","url":"https:\/\/cvinoticias.com\/wp-content\/uploads\/2023\/04\/cropped-cropped-cropped-cropped-cropped-3-1.png","contentUrl":"https:\/\/cvinoticias.com\/wp-content\/uploads\/2023\/04\/cropped-cropped-cropped-cropped-cropped-3-1.png","width":95,"height":122,"caption":"CVI NOTICIAS"},"image":{"@id":"https:\/\/cvinoticias.com\/v3\/#\/schema\/logo\/image\/"},"sameAs":["https:\/\/www.facebook.com\/cvinoticias","https:\/\/www.instagram.com\/cvinoticias\/","https:\/\/www.youtube.com\/@CVINOTICIAS"]},{"@type":"Person","@id":"https:\/\/cvinoticias.com\/v3\/#\/schema\/person\/2db77e3c6bc03c538495d7b2b8be9b66","name":"f1000024","image":{"@type":"ImageObject","inLanguage":"es","@id":"https:\/\/secure.gravatar.com\/avatar\/d4fe7459cfc51ff5129ce1a732bbef5928568b8092d412ef95611616376bbeed?s=96&d=mm&r=g","url":"https:\/\/secure.gravatar.com\/avatar\/d4fe7459cfc51ff5129ce1a732bbef5928568b8092d412ef95611616376bbeed?s=96&d=mm&r=g","contentUrl":"https:\/\/secure.gravatar.com\/avatar\/d4fe7459cfc51ff5129ce1a732bbef5928568b8092d412ef95611616376bbeed?s=96&d=mm&r=g","caption":"f1000024"},"url":"https:\/\/cvinoticias.com\/v3\/author\/f1000024\/"}]}},"_links":{"self":[{"href":"https:\/\/cvinoticias.com\/v3\/wp-json\/wp\/v2\/posts\/57456","targetHints":{"allow":["GET"]}}],"collection":[{"href":"https:\/\/cvinoticias.com\/v3\/wp-json\/wp\/v2\/posts"}],"about":[{"href":"https:\/\/cvinoticias.com\/v3\/wp-json\/wp\/v2\/types\/post"}],"author":[{"embeddable":true,"href":"https:\/\/cvinoticias.com\/v3\/wp-json\/wp\/v2\/users\/2"}],"replies":[{"embeddable":true,"href":"https:\/\/cvinoticias.com\/v3\/wp-json\/wp\/v2\/comments?post=57456"}],"version-history":[{"count":1,"href":"https:\/\/cvinoticias.com\/v3\/wp-json\/wp\/v2\/posts\/57456\/revisions"}],"predecessor-version":[{"id":57462,"href":"https:\/\/cvinoticias.com\/v3\/wp-json\/wp\/v2\/posts\/57456\/revisions\/57462"}],"wp:featuredmedia":[{"embeddable":true,"href":"https:\/\/cvinoticias.com\/v3\/wp-json\/wp\/v2\/media\/57458"}],"wp:attachment":[{"href":"https:\/\/cvinoticias.com\/v3\/wp-json\/wp\/v2\/media?parent=57456"}],"wp:term":[{"taxonomy":"category","embeddable":true,"href":"https:\/\/cvinoticias.com\/v3\/wp-json\/wp\/v2\/categories?post=57456"},{"taxonomy":"post_tag","embeddable":true,"href":"https:\/\/cvinoticias.com\/v3\/wp-json\/wp\/v2\/tags?post=57456"}],"curies":[{"name":"wp","href":"https:\/\/api.w.org\/{rel}","templated":true}]}}