{"id":57447,"date":"2026-04-24T14:09:08","date_gmt":"2026-04-24T17:09:08","guid":{"rendered":"https:\/\/cvinoticias.com\/v3\/?p=57447"},"modified":"2026-04-27T07:37:33","modified_gmt":"2026-04-27T10:37:33","slug":"de-iguazu-al-pais-joaquin-ayala-y-maximiliano-galarza-la-rompen-en-el-futbol-nacional","status":"publish","type":"post","link":"https:\/\/cvinoticias.com\/v3\/de-iguazu-al-pais-joaquin-ayala-y-maximiliano-galarza-la-rompen-en-el-futbol-nacional\/","title":{"rendered":"De Iguaz\u00fa al pa\u00eds: Joaqu\u00edn Ayala y Maximiliano Galarza la rompen en el f\u00fatbol nacional"},"content":{"rendered":"\n<p>En las \u00faltimas horas, CVI Noticias recibi\u00f3 el saludo y la actualizaci\u00f3n de dos j\u00f3venes promesas que, tras formarse en nuestras canchas, hoy dan pasos fundamentales en sus carreras profesionales en Buenos Aires.<\/p>\n\n\n\n<p>\u200bDesde el Real Pilar, Joaqu\u00edn Ayala comparti\u00f3 la gran noticia de que ha sido confirmado para integrar la lista del equipo mayor. El joven, oriundo del Barrio Villa Alta e hijo de Gabriela Ayala, dio sus primeros pasos en el f\u00fatbol local vistiendo la camiseta del Club Casino. Hoy, ese esfuerzo rinde frutos al dar el salto al plantel principal de su actual club, consolid\u00e1ndose como una de las realidades del f\u00fatbol regional.<\/p>\n\n\n\n<p>\u200bPor otro lado, Maximiliano Galarza envi\u00f3 un afectuoso saludo a la comunidad de Iguaz\u00fa desde el club Juventud Unida, donde se desempe\u00f1a actualmente. Maxi, hijo de Ra\u00fal Antonio Galarza y Celia Mabel Rodr\u00edguez, representa con orgullo al Barrio Villa Tacuara. En nuestra ciudad, su formaci\u00f3n estuvo ligada al Club Centro Empleados de Comercio, instituci\u00f3n donde empez\u00f3 a forjar el sue\u00f1o que hoy vive en la competencia nacional.<\/p>\n\n\n\n<p>\u200bDesde CVI Noticias, celebramos el presente de Joaqu\u00edn y Maximiliano, quienes no solo son embajadores del deporte local, sino tambi\u00e9n un ejemplo de constancia para todos los j\u00f3venes deportistas de la ciudad que sue\u00f1an con llegar al profesionalismo.<\/p>\n\n\n\n<figure class=\"wp-block-image size-large\"><a href=\"https:\/\/cvinoticias.com\/wp-content\/uploads\/2026\/04\/b57e317b-6edb-43ee-852e-1a732d26483e.jpeg\"><img decoding=\"async\" width=\"819\" height=\"1024\" data-src=\"https:\/\/cvinoticias.com\/wp-content\/uploads\/2026\/04\/b57e317b-6edb-43ee-852e-1a732d26483e-819x1024.jpeg\" alt=\"\" class=\"wp-image-57452 lazyload\" data-srcset=\"https:\/\/cvinoticias.com\/wp-content\/uploads\/2026\/04\/b57e317b-6edb-43ee-852e-1a732d26483e-819x1024.jpeg 819w, https:\/\/cvinoticias.com\/wp-content\/uploads\/2026\/04\/b57e317b-6edb-43ee-852e-1a732d26483e-240x300.jpeg 240w, https:\/\/cvinoticias.com\/wp-content\/uploads\/2026\/04\/b57e317b-6edb-43ee-852e-1a732d26483e-768x960.jpeg 768w, https:\/\/cvinoticias.com\/wp-content\/uploads\/2026\/04\/b57e317b-6edb-43ee-852e-1a732d26483e.jpeg 1000w\" data-sizes=\"(max-width: 819px) 100vw, 819px\" src=\"data:image\/svg+xml;base64,PHN2ZyB3aWR0aD0iMSIgaGVpZ2h0PSIxIiB4bWxucz0iaHR0cDovL3d3dy53My5vcmcvMjAwMC9zdmciPjwvc3ZnPg==\" style=\"--smush-placeholder-width: 819px; --smush-placeholder-aspect-ratio: 819\/1024;\" \/><\/a><\/figure>\n\n\n\n<p>Entrevista con: Joaquin Ayala y Maximiliano Galarza (Jugadores)<\/p>\n","protected":false},"excerpt":{"rendered":"<p>En las \u00faltimas horas, CVI Noticias recibi\u00f3 el saludo y la actualizaci\u00f3n de dos j\u00f3venes promesas que, tras formarse en nuestras canchas, hoy dan pasos fundamentales en sus carreras profesionales en Buenos Aires. \u200bDesde el Real Pilar, Joaqu\u00edn Ayala comparti\u00f3 la gran noticia de que ha sido confirmado para integrar la lista del equipo mayor. [&hellip;]<\/p>\n","protected":false},"author":2,"featured_media":57449,"comment_status":"open","ping_status":"closed","sticky":false,"template":"","format":"standard","meta":{"footnotes":""},"categories":[24],"tags":[56,313,5834,5835,2966],"class_list":["post-57447","post","type-post","status-publish","format-standard","has-post-thumbnail","hentry","category-deportes","tag-futbol","tag-iguazu","tag-joaquin-ayala","tag-maximiliano-galarza","tag-pais"],"yoast_head":"<!-- This site is optimized with the Yoast SEO plugin v27.5 - https:\/\/yoast.com\/product\/yoast-seo-wordpress\/ -->\n<title>J\u00f3venes de Iguaz\u00fa brillan en el f\u00fatbol nacional | CVI NOTICIAS<\/title>\n<meta name=\"description\" content=\"Ayala y Galarza avanzan en sus carreras en clubes de Buenos Aires\" \/>\n<meta name=\"robots\" content=\"index, follow, max-snippet:-1, max-image-preview:large, max-video-preview:-1\" \/>\n<link rel=\"canonical\" href=\"https:\/\/cvinoticias.com\/v3\/de-iguazu-al-pais-joaquin-ayala-y-maximiliano-galarza-la-rompen-en-el-futbol-nacional\/\" \/>\n<meta property=\"og:locale\" content=\"es_ES\" \/>\n<meta property=\"og:type\" content=\"article\" \/>\n<meta property=\"og:title\" content=\"J\u00f3venes de Iguaz\u00fa brillan en el f\u00fatbol nacional | CVI NOTICIAS\" \/>\n<meta property=\"og:description\" content=\"Ayala y Galarza avanzan en sus carreras en clubes de Buenos Aires\" \/>\n<meta property=\"og:url\" content=\"https:\/\/cvinoticias.com\/v3\/de-iguazu-al-pais-joaquin-ayala-y-maximiliano-galarza-la-rompen-en-el-futbol-nacional\/\" \/>\n<meta property=\"og:site_name\" content=\"CVI NOTICIAS\" \/>\n<meta property=\"article:publisher\" content=\"https:\/\/www.facebook.com\/cvinoticias\" \/>\n<meta property=\"article:published_time\" content=\"2026-04-24T17:09:08+00:00\" \/>\n<meta property=\"article:modified_time\" content=\"2026-04-27T10:37:33+00:00\" \/>\n<meta property=\"og:image\" content=\"https:\/\/cvinoticias.com\/wp-content\/uploads\/2026\/04\/f901c79a-385d-4ca2-82c5-8bf319fb149c-scaled.jpeg\" \/>\n\t<meta property=\"og:image:width\" content=\"2560\" \/>\n\t<meta property=\"og:image:height\" content=\"1707\" \/>\n\t<meta property=\"og:image:type\" content=\"image\/jpeg\" \/>\n<meta name=\"author\" content=\"f1000024\" \/>\n<meta name=\"twitter:card\" content=\"summary_large_image\" \/>\n<meta name=\"twitter:label1\" content=\"Escrito por\" \/>\n\t<meta name=\"twitter:data1\" content=\"f1000024\" \/>\n\t<meta name=\"twitter:label2\" content=\"Tiempo de lectura\" \/>\n\t<meta name=\"twitter:data2\" content=\"2 minutos\" \/>\n<script type=\"application\/ld+json\" class=\"yoast-schema-graph\">{\"@context\":\"https:\\\/\\\/schema.org\",\"@graph\":[{\"@type\":\"Article\",\"@id\":\"https:\\\/\\\/cvinoticias.com\\\/v3\\\/de-iguazu-al-pais-joaquin-ayala-y-maximiliano-galarza-la-rompen-en-el-futbol-nacional\\\/#article\",\"isPartOf\":{\"@id\":\"https:\\\/\\\/cvinoticias.com\\\/v3\\\/de-iguazu-al-pais-joaquin-ayala-y-maximiliano-galarza-la-rompen-en-el-futbol-nacional\\\/\"},\"author\":{\"name\":\"f1000024\",\"@id\":\"https:\\\/\\\/cvinoticias.com\\\/v3\\\/#\\\/schema\\\/person\\\/2db77e3c6bc03c538495d7b2b8be9b66\"},\"headline\":\"De Iguaz\u00fa al pa\u00eds: Joaqu\u00edn Ayala y Maximiliano Galarza la rompen en el f\u00fatbol nacional\",\"datePublished\":\"2026-04-24T17:09:08+00:00\",\"dateModified\":\"2026-04-27T10:37:33+00:00\",\"mainEntityOfPage\":{\"@id\":\"https:\\\/\\\/cvinoticias.com\\\/v3\\\/de-iguazu-al-pais-joaquin-ayala-y-maximiliano-galarza-la-rompen-en-el-futbol-nacional\\\/\"},\"wordCount\":253,\"commentCount\":0,\"publisher\":{\"@id\":\"https:\\\/\\\/cvinoticias.com\\\/v3\\\/#organization\"},\"image\":{\"@id\":\"https:\\\/\\\/cvinoticias.com\\\/v3\\\/de-iguazu-al-pais-joaquin-ayala-y-maximiliano-galarza-la-rompen-en-el-futbol-nacional\\\/#primaryimage\"},\"thumbnailUrl\":\"https:\\\/\\\/cvinoticias.com\\\/wp-content\\\/uploads\\\/2026\\\/04\\\/f901c79a-385d-4ca2-82c5-8bf319fb149c-scaled.jpeg\",\"keywords\":[\"FUTBOL\",\"Iguaz\u00fa\",\"Joaqu\u00edn Ayala\",\"Maximiliano Galarza\",\"pa\u00eds\"],\"articleSection\":[\"Deportes\"],\"inLanguage\":\"es\",\"potentialAction\":[{\"@type\":\"CommentAction\",\"name\":\"Comment\",\"target\":[\"https:\\\/\\\/cvinoticias.com\\\/v3\\\/de-iguazu-al-pais-joaquin-ayala-y-maximiliano-galarza-la-rompen-en-el-futbol-nacional\\\/#respond\"]}]},{\"@type\":\"WebPage\",\"@id\":\"https:\\\/\\\/cvinoticias.com\\\/v3\\\/de-iguazu-al-pais-joaquin-ayala-y-maximiliano-galarza-la-rompen-en-el-futbol-nacional\\\/\",\"url\":\"https:\\\/\\\/cvinoticias.com\\\/v3\\\/de-iguazu-al-pais-joaquin-ayala-y-maximiliano-galarza-la-rompen-en-el-futbol-nacional\\\/\",\"name\":\"J\u00f3venes de Iguaz\u00fa brillan en el f\u00fatbol nacional | CVI NOTICIAS\",\"isPartOf\":{\"@id\":\"https:\\\/\\\/cvinoticias.com\\\/v3\\\/#website\"},\"primaryImageOfPage\":{\"@id\":\"https:\\\/\\\/cvinoticias.com\\\/v3\\\/de-iguazu-al-pais-joaquin-ayala-y-maximiliano-galarza-la-rompen-en-el-futbol-nacional\\\/#primaryimage\"},\"image\":{\"@id\":\"https:\\\/\\\/cvinoticias.com\\\/v3\\\/de-iguazu-al-pais-joaquin-ayala-y-maximiliano-galarza-la-rompen-en-el-futbol-nacional\\\/#primaryimage\"},\"thumbnailUrl\":\"https:\\\/\\\/cvinoticias.com\\\/wp-content\\\/uploads\\\/2026\\\/04\\\/f901c79a-385d-4ca2-82c5-8bf319fb149c-scaled.jpeg\",\"datePublished\":\"2026-04-24T17:09:08+00:00\",\"dateModified\":\"2026-04-27T10:37:33+00:00\",\"description\":\"Ayala y Galarza avanzan en sus carreras en clubes de Buenos Aires\",\"breadcrumb\":{\"@id\":\"https:\\\/\\\/cvinoticias.com\\\/v3\\\/de-iguazu-al-pais-joaquin-ayala-y-maximiliano-galarza-la-rompen-en-el-futbol-nacional\\\/#breadcrumb\"},\"inLanguage\":\"es\",\"potentialAction\":[{\"@type\":\"ReadAction\",\"target\":[\"https:\\\/\\\/cvinoticias.com\\\/v3\\\/de-iguazu-al-pais-joaquin-ayala-y-maximiliano-galarza-la-rompen-en-el-futbol-nacional\\\/\"]}]},{\"@type\":\"ImageObject\",\"inLanguage\":\"es\",\"@id\":\"https:\\\/\\\/cvinoticias.com\\\/v3\\\/de-iguazu-al-pais-joaquin-ayala-y-maximiliano-galarza-la-rompen-en-el-futbol-nacional\\\/#primaryimage\",\"url\":\"https:\\\/\\\/cvinoticias.com\\\/wp-content\\\/uploads\\\/2026\\\/04\\\/f901c79a-385d-4ca2-82c5-8bf319fb149c-scaled.jpeg\",\"contentUrl\":\"https:\\\/\\\/cvinoticias.com\\\/wp-content\\\/uploads\\\/2026\\\/04\\\/f901c79a-385d-4ca2-82c5-8bf319fb149c-scaled.jpeg\",\"width\":2560,\"height\":1707},{\"@type\":\"BreadcrumbList\",\"@id\":\"https:\\\/\\\/cvinoticias.com\\\/v3\\\/de-iguazu-al-pais-joaquin-ayala-y-maximiliano-galarza-la-rompen-en-el-futbol-nacional\\\/#breadcrumb\",\"itemListElement\":[{\"@type\":\"ListItem\",\"position\":1,\"name\":\"Portada\",\"item\":\"https:\\\/\\\/cvinoticias.com\\\/v3\\\/\"},{\"@type\":\"ListItem\",\"position\":2,\"name\":\"De Iguaz\u00fa al pa\u00eds: Joaqu\u00edn Ayala y Maximiliano Galarza la rompen en el f\u00fatbol nacional\"}]},{\"@type\":\"WebSite\",\"@id\":\"https:\\\/\\\/cvinoticias.com\\\/v3\\\/#website\",\"url\":\"https:\\\/\\\/cvinoticias.com\\\/v3\\\/\",\"name\":\"CVI NOTICIAS\",\"description\":\"\",\"publisher\":{\"@id\":\"https:\\\/\\\/cvinoticias.com\\\/v3\\\/#organization\"},\"alternateName\":\"CVI\",\"potentialAction\":[{\"@type\":\"SearchAction\",\"target\":{\"@type\":\"EntryPoint\",\"urlTemplate\":\"https:\\\/\\\/cvinoticias.com\\\/v3\\\/?s={search_term_string}\"},\"query-input\":{\"@type\":\"PropertyValueSpecification\",\"valueRequired\":true,\"valueName\":\"search_term_string\"}}],\"inLanguage\":\"es\"},{\"@type\":\"Organization\",\"@id\":\"https:\\\/\\\/cvinoticias.com\\\/v3\\\/#organization\",\"name\":\"CVI NOTICIAS\",\"url\":\"https:\\\/\\\/cvinoticias.com\\\/v3\\\/\",\"logo\":{\"@type\":\"ImageObject\",\"inLanguage\":\"es\",\"@id\":\"https:\\\/\\\/cvinoticias.com\\\/v3\\\/#\\\/schema\\\/logo\\\/image\\\/\",\"url\":\"https:\\\/\\\/cvinoticias.com\\\/wp-content\\\/uploads\\\/2023\\\/04\\\/cropped-cropped-cropped-cropped-cropped-3-1.png\",\"contentUrl\":\"https:\\\/\\\/cvinoticias.com\\\/wp-content\\\/uploads\\\/2023\\\/04\\\/cropped-cropped-cropped-cropped-cropped-3-1.png\",\"width\":95,\"height\":122,\"caption\":\"CVI NOTICIAS\"},\"image\":{\"@id\":\"https:\\\/\\\/cvinoticias.com\\\/v3\\\/#\\\/schema\\\/logo\\\/image\\\/\"},\"sameAs\":[\"https:\\\/\\\/www.facebook.com\\\/cvinoticias\",\"https:\\\/\\\/www.instagram.com\\\/cvinoticias\\\/\",\"https:\\\/\\\/www.youtube.com\\\/@CVINOTICIAS\"]},{\"@type\":\"Person\",\"@id\":\"https:\\\/\\\/cvinoticias.com\\\/v3\\\/#\\\/schema\\\/person\\\/2db77e3c6bc03c538495d7b2b8be9b66\",\"name\":\"f1000024\",\"image\":{\"@type\":\"ImageObject\",\"inLanguage\":\"es\",\"@id\":\"https:\\\/\\\/secure.gravatar.com\\\/avatar\\\/d4fe7459cfc51ff5129ce1a732bbef5928568b8092d412ef95611616376bbeed?s=96&d=mm&r=g\",\"url\":\"https:\\\/\\\/secure.gravatar.com\\\/avatar\\\/d4fe7459cfc51ff5129ce1a732bbef5928568b8092d412ef95611616376bbeed?s=96&d=mm&r=g\",\"contentUrl\":\"https:\\\/\\\/secure.gravatar.com\\\/avatar\\\/d4fe7459cfc51ff5129ce1a732bbef5928568b8092d412ef95611616376bbeed?s=96&d=mm&r=g\",\"caption\":\"f1000024\"},\"url\":\"https:\\\/\\\/cvinoticias.com\\\/v3\\\/author\\\/f1000024\\\/\"}]}<\/script>\n<!-- \/ Yoast SEO plugin. -->","yoast_head_json":{"title":"J\u00f3venes de Iguaz\u00fa brillan en el f\u00fatbol nacional | CVI NOTICIAS","description":"Ayala y Galarza avanzan en sus carreras en clubes de Buenos Aires","robots":{"index":"index","follow":"follow","max-snippet":"max-snippet:-1","max-image-preview":"max-image-preview:large","max-video-preview":"max-video-preview:-1"},"canonical":"https:\/\/cvinoticias.com\/v3\/de-iguazu-al-pais-joaquin-ayala-y-maximiliano-galarza-la-rompen-en-el-futbol-nacional\/","og_locale":"es_ES","og_type":"article","og_title":"J\u00f3venes de Iguaz\u00fa brillan en el f\u00fatbol nacional | CVI NOTICIAS","og_description":"Ayala y Galarza avanzan en sus carreras en clubes de Buenos Aires","og_url":"https:\/\/cvinoticias.com\/v3\/de-iguazu-al-pais-joaquin-ayala-y-maximiliano-galarza-la-rompen-en-el-futbol-nacional\/","og_site_name":"CVI NOTICIAS","article_publisher":"https:\/\/www.facebook.com\/cvinoticias","article_published_time":"2026-04-24T17:09:08+00:00","article_modified_time":"2026-04-27T10:37:33+00:00","og_image":[{"width":2560,"height":1707,"url":"https:\/\/cvinoticias.com\/wp-content\/uploads\/2026\/04\/f901c79a-385d-4ca2-82c5-8bf319fb149c-scaled.jpeg","type":"image\/jpeg"}],"author":"f1000024","twitter_card":"summary_large_image","twitter_misc":{"Escrito por":"f1000024","Tiempo de lectura":"2 minutos"},"schema":{"@context":"https:\/\/schema.org","@graph":[{"@type":"Article","@id":"https:\/\/cvinoticias.com\/v3\/de-iguazu-al-pais-joaquin-ayala-y-maximiliano-galarza-la-rompen-en-el-futbol-nacional\/#article","isPartOf":{"@id":"https:\/\/cvinoticias.com\/v3\/de-iguazu-al-pais-joaquin-ayala-y-maximiliano-galarza-la-rompen-en-el-futbol-nacional\/"},"author":{"name":"f1000024","@id":"https:\/\/cvinoticias.com\/v3\/#\/schema\/person\/2db77e3c6bc03c538495d7b2b8be9b66"},"headline":"De Iguaz\u00fa al pa\u00eds: Joaqu\u00edn Ayala y Maximiliano Galarza la rompen en el f\u00fatbol nacional","datePublished":"2026-04-24T17:09:08+00:00","dateModified":"2026-04-27T10:37:33+00:00","mainEntityOfPage":{"@id":"https:\/\/cvinoticias.com\/v3\/de-iguazu-al-pais-joaquin-ayala-y-maximiliano-galarza-la-rompen-en-el-futbol-nacional\/"},"wordCount":253,"commentCount":0,"publisher":{"@id":"https:\/\/cvinoticias.com\/v3\/#organization"},"image":{"@id":"https:\/\/cvinoticias.com\/v3\/de-iguazu-al-pais-joaquin-ayala-y-maximiliano-galarza-la-rompen-en-el-futbol-nacional\/#primaryimage"},"thumbnailUrl":"https:\/\/cvinoticias.com\/wp-content\/uploads\/2026\/04\/f901c79a-385d-4ca2-82c5-8bf319fb149c-scaled.jpeg","keywords":["FUTBOL","Iguaz\u00fa","Joaqu\u00edn Ayala","Maximiliano Galarza","pa\u00eds"],"articleSection":["Deportes"],"inLanguage":"es","potentialAction":[{"@type":"CommentAction","name":"Comment","target":["https:\/\/cvinoticias.com\/v3\/de-iguazu-al-pais-joaquin-ayala-y-maximiliano-galarza-la-rompen-en-el-futbol-nacional\/#respond"]}]},{"@type":"WebPage","@id":"https:\/\/cvinoticias.com\/v3\/de-iguazu-al-pais-joaquin-ayala-y-maximiliano-galarza-la-rompen-en-el-futbol-nacional\/","url":"https:\/\/cvinoticias.com\/v3\/de-iguazu-al-pais-joaquin-ayala-y-maximiliano-galarza-la-rompen-en-el-futbol-nacional\/","name":"J\u00f3venes de Iguaz\u00fa brillan en el f\u00fatbol nacional | CVI NOTICIAS","isPartOf":{"@id":"https:\/\/cvinoticias.com\/v3\/#website"},"primaryImageOfPage":{"@id":"https:\/\/cvinoticias.com\/v3\/de-iguazu-al-pais-joaquin-ayala-y-maximiliano-galarza-la-rompen-en-el-futbol-nacional\/#primaryimage"},"image":{"@id":"https:\/\/cvinoticias.com\/v3\/de-iguazu-al-pais-joaquin-ayala-y-maximiliano-galarza-la-rompen-en-el-futbol-nacional\/#primaryimage"},"thumbnailUrl":"https:\/\/cvinoticias.com\/wp-content\/uploads\/2026\/04\/f901c79a-385d-4ca2-82c5-8bf319fb149c-scaled.jpeg","datePublished":"2026-04-24T17:09:08+00:00","dateModified":"2026-04-27T10:37:33+00:00","description":"Ayala y Galarza avanzan en sus carreras en clubes de Buenos Aires","breadcrumb":{"@id":"https:\/\/cvinoticias.com\/v3\/de-iguazu-al-pais-joaquin-ayala-y-maximiliano-galarza-la-rompen-en-el-futbol-nacional\/#breadcrumb"},"inLanguage":"es","potentialAction":[{"@type":"ReadAction","target":["https:\/\/cvinoticias.com\/v3\/de-iguazu-al-pais-joaquin-ayala-y-maximiliano-galarza-la-rompen-en-el-futbol-nacional\/"]}]},{"@type":"ImageObject","inLanguage":"es","@id":"https:\/\/cvinoticias.com\/v3\/de-iguazu-al-pais-joaquin-ayala-y-maximiliano-galarza-la-rompen-en-el-futbol-nacional\/#primaryimage","url":"https:\/\/cvinoticias.com\/wp-content\/uploads\/2026\/04\/f901c79a-385d-4ca2-82c5-8bf319fb149c-scaled.jpeg","contentUrl":"https:\/\/cvinoticias.com\/wp-content\/uploads\/2026\/04\/f901c79a-385d-4ca2-82c5-8bf319fb149c-scaled.jpeg","width":2560,"height":1707},{"@type":"BreadcrumbList","@id":"https:\/\/cvinoticias.com\/v3\/de-iguazu-al-pais-joaquin-ayala-y-maximiliano-galarza-la-rompen-en-el-futbol-nacional\/#breadcrumb","itemListElement":[{"@type":"ListItem","position":1,"name":"Portada","item":"https:\/\/cvinoticias.com\/v3\/"},{"@type":"ListItem","position":2,"name":"De Iguaz\u00fa al pa\u00eds: Joaqu\u00edn Ayala y Maximiliano Galarza la rompen en el f\u00fatbol nacional"}]},{"@type":"WebSite","@id":"https:\/\/cvinoticias.com\/v3\/#website","url":"https:\/\/cvinoticias.com\/v3\/","name":"CVI NOTICIAS","description":"","publisher":{"@id":"https:\/\/cvinoticias.com\/v3\/#organization"},"alternateName":"CVI","potentialAction":[{"@type":"SearchAction","target":{"@type":"EntryPoint","urlTemplate":"https:\/\/cvinoticias.com\/v3\/?s={search_term_string}"},"query-input":{"@type":"PropertyValueSpecification","valueRequired":true,"valueName":"search_term_string"}}],"inLanguage":"es"},{"@type":"Organization","@id":"https:\/\/cvinoticias.com\/v3\/#organization","name":"CVI NOTICIAS","url":"https:\/\/cvinoticias.com\/v3\/","logo":{"@type":"ImageObject","inLanguage":"es","@id":"https:\/\/cvinoticias.com\/v3\/#\/schema\/logo\/image\/","url":"https:\/\/cvinoticias.com\/wp-content\/uploads\/2023\/04\/cropped-cropped-cropped-cropped-cropped-3-1.png","contentUrl":"https:\/\/cvinoticias.com\/wp-content\/uploads\/2023\/04\/cropped-cropped-cropped-cropped-cropped-3-1.png","width":95,"height":122,"caption":"CVI NOTICIAS"},"image":{"@id":"https:\/\/cvinoticias.com\/v3\/#\/schema\/logo\/image\/"},"sameAs":["https:\/\/www.facebook.com\/cvinoticias","https:\/\/www.instagram.com\/cvinoticias\/","https:\/\/www.youtube.com\/@CVINOTICIAS"]},{"@type":"Person","@id":"https:\/\/cvinoticias.com\/v3\/#\/schema\/person\/2db77e3c6bc03c538495d7b2b8be9b66","name":"f1000024","image":{"@type":"ImageObject","inLanguage":"es","@id":"https:\/\/secure.gravatar.com\/avatar\/d4fe7459cfc51ff5129ce1a732bbef5928568b8092d412ef95611616376bbeed?s=96&d=mm&r=g","url":"https:\/\/secure.gravatar.com\/avatar\/d4fe7459cfc51ff5129ce1a732bbef5928568b8092d412ef95611616376bbeed?s=96&d=mm&r=g","contentUrl":"https:\/\/secure.gravatar.com\/avatar\/d4fe7459cfc51ff5129ce1a732bbef5928568b8092d412ef95611616376bbeed?s=96&d=mm&r=g","caption":"f1000024"},"url":"https:\/\/cvinoticias.com\/v3\/author\/f1000024\/"}]}},"_links":{"self":[{"href":"https:\/\/cvinoticias.com\/v3\/wp-json\/wp\/v2\/posts\/57447","targetHints":{"allow":["GET"]}}],"collection":[{"href":"https:\/\/cvinoticias.com\/v3\/wp-json\/wp\/v2\/posts"}],"about":[{"href":"https:\/\/cvinoticias.com\/v3\/wp-json\/wp\/v2\/types\/post"}],"author":[{"embeddable":true,"href":"https:\/\/cvinoticias.com\/v3\/wp-json\/wp\/v2\/users\/2"}],"replies":[{"embeddable":true,"href":"https:\/\/cvinoticias.com\/v3\/wp-json\/wp\/v2\/comments?post=57447"}],"version-history":[{"count":1,"href":"https:\/\/cvinoticias.com\/v3\/wp-json\/wp\/v2\/posts\/57447\/revisions"}],"predecessor-version":[{"id":57453,"href":"https:\/\/cvinoticias.com\/v3\/wp-json\/wp\/v2\/posts\/57447\/revisions\/57453"}],"wp:featuredmedia":[{"embeddable":true,"href":"https:\/\/cvinoticias.com\/v3\/wp-json\/wp\/v2\/media\/57449"}],"wp:attachment":[{"href":"https:\/\/cvinoticias.com\/v3\/wp-json\/wp\/v2\/media?parent=57447"}],"wp:term":[{"taxonomy":"category","embeddable":true,"href":"https:\/\/cvinoticias.com\/v3\/wp-json\/wp\/v2\/categories?post=57447"},{"taxonomy":"post_tag","embeddable":true,"href":"https:\/\/cvinoticias.com\/v3\/wp-json\/wp\/v2\/tags?post=57447"}],"curies":[{"name":"wp","href":"https:\/\/api.w.org\/{rel}","templated":true}]}}