{"id":57432,"date":"2026-04-24T21:38:22","date_gmt":"2026-04-25T00:38:22","guid":{"rendered":"https:\/\/cvinoticias.com\/v3\/?p=57432"},"modified":"2026-04-27T07:28:48","modified_gmt":"2026-04-27T10:28:48","slug":"el-historico-primer-paso-de-encuentro-misionero-con-una-convocatoria-multitudinaria","status":"publish","type":"post","link":"https:\/\/cvinoticias.com\/v3\/el-historico-primer-paso-de-encuentro-misionero-con-una-convocatoria-multitudinaria\/","title":{"rendered":"El hist\u00f3rico primer paso de Encuentro Misionero con una convocatoria multitudinaria"},"content":{"rendered":"\n<p>\u200bLo que se vivi\u00f3 este viernes en la Casa Militante (F\u00e9lix de Azara y Entre R\u00edos) no fue un acto pol\u00edtico m\u00e1s; fue el estallido de un nuevo movimiento. Cerca de mil personas, entre dirigentes, funcionarios y una militancia activa, colmaron el espacio para encender la chispa de Encuentro Misionero, el nuevo esquema pol\u00edtico que busca blindar a la provincia frente a la incertidumbre nacional.<\/p>\n\n\n\n<p>\u200bCon la presencia de figuras clave como Oscar Herrera Ahuad, Lucas Romero Spinelli, \u00abLalo\u00bb Stelatto y Sebasti\u00e1n Mac\u00edas, el encuentro mostr\u00f3 una cohesi\u00f3n interna total. La convocatoria, que reuni\u00f3 desde senadores hasta concejales y agrupaciones de base, consolid\u00f3 un fuerte anclaje territorial que promete ser el motor de cara a los desaf\u00edos que vienen.<\/p>\n\n\n\n<figure class=\"wp-block-gallery has-nested-images columns-default is-cropped wp-block-gallery-1 is-layout-flex wp-block-gallery-is-layout-flex\">\n<figure class=\"wp-block-image size-large\"><a href=\"https:\/\/cvinoticias.com\/wp-content\/uploads\/2026\/04\/03ecf764-ae56-4c13-bd78-5c325a4abe7d.jpeg\"><img decoding=\"async\" width=\"1024\" height=\"576\" data-id=\"57435\" data-src=\"https:\/\/cvinoticias.com\/wp-content\/uploads\/2026\/04\/03ecf764-ae56-4c13-bd78-5c325a4abe7d-1024x576.jpeg\" alt=\"\" class=\"wp-image-57435 lazyload\" data-srcset=\"https:\/\/cvinoticias.com\/wp-content\/uploads\/2026\/04\/03ecf764-ae56-4c13-bd78-5c325a4abe7d-1024x576.jpeg 1024w, https:\/\/cvinoticias.com\/wp-content\/uploads\/2026\/04\/03ecf764-ae56-4c13-bd78-5c325a4abe7d-300x169.jpeg 300w, https:\/\/cvinoticias.com\/wp-content\/uploads\/2026\/04\/03ecf764-ae56-4c13-bd78-5c325a4abe7d-768x432.jpeg 768w, https:\/\/cvinoticias.com\/wp-content\/uploads\/2026\/04\/03ecf764-ae56-4c13-bd78-5c325a4abe7d-1536x864.jpeg 1536w, https:\/\/cvinoticias.com\/wp-content\/uploads\/2026\/04\/03ecf764-ae56-4c13-bd78-5c325a4abe7d.jpeg 1600w\" data-sizes=\"(max-width: 1024px) 100vw, 1024px\" src=\"data:image\/svg+xml;base64,PHN2ZyB3aWR0aD0iMSIgaGVpZ2h0PSIxIiB4bWxucz0iaHR0cDovL3d3dy53My5vcmcvMjAwMC9zdmciPjwvc3ZnPg==\" style=\"--smush-placeholder-width: 1024px; --smush-placeholder-aspect-ratio: 1024\/576;\" \/><\/a><\/figure>\n\n\n\n<figure class=\"wp-block-image size-large\"><a href=\"https:\/\/cvinoticias.com\/wp-content\/uploads\/2026\/04\/3aaab781-3a7e-4adb-a7a6-0c4ae0e5f2f7.jpeg\"><img decoding=\"async\" width=\"1024\" height=\"576\" data-id=\"57434\" data-src=\"https:\/\/cvinoticias.com\/wp-content\/uploads\/2026\/04\/3aaab781-3a7e-4adb-a7a6-0c4ae0e5f2f7-1024x576.jpeg\" alt=\"\" class=\"wp-image-57434 lazyload\" data-srcset=\"https:\/\/cvinoticias.com\/wp-content\/uploads\/2026\/04\/3aaab781-3a7e-4adb-a7a6-0c4ae0e5f2f7-1024x576.jpeg 1024w, https:\/\/cvinoticias.com\/wp-content\/uploads\/2026\/04\/3aaab781-3a7e-4adb-a7a6-0c4ae0e5f2f7-300x169.jpeg 300w, https:\/\/cvinoticias.com\/wp-content\/uploads\/2026\/04\/3aaab781-3a7e-4adb-a7a6-0c4ae0e5f2f7-768x432.jpeg 768w, https:\/\/cvinoticias.com\/wp-content\/uploads\/2026\/04\/3aaab781-3a7e-4adb-a7a6-0c4ae0e5f2f7-1536x864.jpeg 1536w, https:\/\/cvinoticias.com\/wp-content\/uploads\/2026\/04\/3aaab781-3a7e-4adb-a7a6-0c4ae0e5f2f7.jpeg 1600w\" data-sizes=\"(max-width: 1024px) 100vw, 1024px\" src=\"data:image\/svg+xml;base64,PHN2ZyB3aWR0aD0iMSIgaGVpZ2h0PSIxIiB4bWxucz0iaHR0cDovL3d3dy53My5vcmcvMjAwMC9zdmciPjwvc3ZnPg==\" style=\"--smush-placeholder-width: 1024px; --smush-placeholder-aspect-ratio: 1024\/576;\" \/><\/a><\/figure>\n\n\n\n<figure class=\"wp-block-image size-large\"><a href=\"https:\/\/cvinoticias.com\/wp-content\/uploads\/2026\/04\/29ceca1e-147e-42f6-b0ea-ebc1ea2e4264.jpeg\"><img decoding=\"async\" width=\"1024\" height=\"576\" data-id=\"57436\" data-src=\"https:\/\/cvinoticias.com\/wp-content\/uploads\/2026\/04\/29ceca1e-147e-42f6-b0ea-ebc1ea2e4264-1024x576.jpeg\" alt=\"\" class=\"wp-image-57436 lazyload\" data-srcset=\"https:\/\/cvinoticias.com\/wp-content\/uploads\/2026\/04\/29ceca1e-147e-42f6-b0ea-ebc1ea2e4264-1024x576.jpeg 1024w, https:\/\/cvinoticias.com\/wp-content\/uploads\/2026\/04\/29ceca1e-147e-42f6-b0ea-ebc1ea2e4264-300x169.jpeg 300w, https:\/\/cvinoticias.com\/wp-content\/uploads\/2026\/04\/29ceca1e-147e-42f6-b0ea-ebc1ea2e4264-768x432.jpeg 768w, https:\/\/cvinoticias.com\/wp-content\/uploads\/2026\/04\/29ceca1e-147e-42f6-b0ea-ebc1ea2e4264-1536x864.jpeg 1536w, https:\/\/cvinoticias.com\/wp-content\/uploads\/2026\/04\/29ceca1e-147e-42f6-b0ea-ebc1ea2e4264.jpeg 1600w\" data-sizes=\"(max-width: 1024px) 100vw, 1024px\" src=\"data:image\/svg+xml;base64,PHN2ZyB3aWR0aD0iMSIgaGVpZ2h0PSIxIiB4bWxucz0iaHR0cDovL3d3dy53My5vcmcvMjAwMC9zdmciPjwvc3ZnPg==\" style=\"--smush-placeholder-width: 1024px; --smush-placeholder-aspect-ratio: 1024\/576;\" \/><\/a><\/figure>\n<\/figure>\n\n\n\n<p>\u200bEncuentro Misionero surge como la interpretaci\u00f3n de una etapa distinta para la tierra colorada. Seg\u00fan destacaron los oradores, el objetivo es dejar atr\u00e1s lo fundacional para centrarse en la \u00abeconom\u00eda real\u00bb. En un contexto de ca\u00edda de actividad a nivel pa\u00eds, este espacio se planta para defender tres pilares: producci\u00f3n, trabajo y reactivaci\u00f3n.<br>\u200b\u00bbEs una esperanza organizada\u00bb, coincidieron los referentes al definir este nacimiento. Frente a modelos nacionales que priorizan la especulaci\u00f3n, el nuevo frente propone el di\u00e1logo, el consenso y la cercan\u00eda con el comerciante, el productor y el emprendedor misionero. No se trata de consignas vac\u00edas, sino de un compromiso por sostener el entramado social frente a la \u00abpandemia econ\u00f3mica\u00bb que atraviesa la regi\u00f3n.<br>\u200b<br>\u200bEl fervor vivido en la Casa Militante es solo el preludio. La militancia ya tiene un objetivo claro en el calendario: la movilizaci\u00f3n del pr\u00f3ximo 1\u00b0 de mayo a la C\u00e1mara de Representantes. All\u00ed, Encuentro Misionero har\u00e1 su primera gran puesta en escena p\u00fablica para acompa\u00f1ar al gobernador Hugo Passalacqua, reafirmando que, cuando los misioneros se encuentran, la provincia avanza.<\/p>\n\n\n\n<figure class=\"wp-block-gallery has-nested-images columns-default is-cropped wp-block-gallery-2 is-layout-flex wp-block-gallery-is-layout-flex\">\n<figure class=\"wp-block-image size-large\"><a href=\"https:\/\/cvinoticias.com\/wp-content\/uploads\/2026\/04\/6881ac43-652d-4781-869e-9fd33592f258.jpeg\"><img decoding=\"async\" width=\"1024\" height=\"576\" data-id=\"57437\" data-src=\"https:\/\/cvinoticias.com\/wp-content\/uploads\/2026\/04\/6881ac43-652d-4781-869e-9fd33592f258-1024x576.jpeg\" alt=\"\" class=\"wp-image-57437 lazyload\" data-srcset=\"https:\/\/cvinoticias.com\/wp-content\/uploads\/2026\/04\/6881ac43-652d-4781-869e-9fd33592f258-1024x576.jpeg 1024w, https:\/\/cvinoticias.com\/wp-content\/uploads\/2026\/04\/6881ac43-652d-4781-869e-9fd33592f258-300x169.jpeg 300w, https:\/\/cvinoticias.com\/wp-content\/uploads\/2026\/04\/6881ac43-652d-4781-869e-9fd33592f258-768x432.jpeg 768w, https:\/\/cvinoticias.com\/wp-content\/uploads\/2026\/04\/6881ac43-652d-4781-869e-9fd33592f258-1536x864.jpeg 1536w, https:\/\/cvinoticias.com\/wp-content\/uploads\/2026\/04\/6881ac43-652d-4781-869e-9fd33592f258.jpeg 1600w\" data-sizes=\"(max-width: 1024px) 100vw, 1024px\" src=\"data:image\/svg+xml;base64,PHN2ZyB3aWR0aD0iMSIgaGVpZ2h0PSIxIiB4bWxucz0iaHR0cDovL3d3dy53My5vcmcvMjAwMC9zdmciPjwvc3ZnPg==\" style=\"--smush-placeholder-width: 1024px; --smush-placeholder-aspect-ratio: 1024\/576;\" \/><\/a><\/figure>\n\n\n\n<figure class=\"wp-block-image size-large\"><a href=\"https:\/\/cvinoticias.com\/wp-content\/uploads\/2026\/04\/ea213831-2390-4f00-a213-c802580d5382.jpeg\"><img decoding=\"async\" width=\"1024\" height=\"576\" data-id=\"57438\" data-src=\"https:\/\/cvinoticias.com\/wp-content\/uploads\/2026\/04\/ea213831-2390-4f00-a213-c802580d5382-1024x576.jpeg\" alt=\"\" class=\"wp-image-57438 lazyload\" data-srcset=\"https:\/\/cvinoticias.com\/wp-content\/uploads\/2026\/04\/ea213831-2390-4f00-a213-c802580d5382-1024x576.jpeg 1024w, https:\/\/cvinoticias.com\/wp-content\/uploads\/2026\/04\/ea213831-2390-4f00-a213-c802580d5382-300x169.jpeg 300w, https:\/\/cvinoticias.com\/wp-content\/uploads\/2026\/04\/ea213831-2390-4f00-a213-c802580d5382-768x432.jpeg 768w, https:\/\/cvinoticias.com\/wp-content\/uploads\/2026\/04\/ea213831-2390-4f00-a213-c802580d5382-1536x864.jpeg 1536w, https:\/\/cvinoticias.com\/wp-content\/uploads\/2026\/04\/ea213831-2390-4f00-a213-c802580d5382.jpeg 1600w\" data-sizes=\"(max-width: 1024px) 100vw, 1024px\" src=\"data:image\/svg+xml;base64,PHN2ZyB3aWR0aD0iMSIgaGVpZ2h0PSIxIiB4bWxucz0iaHR0cDovL3d3dy53My5vcmcvMjAwMC9zdmciPjwvc3ZnPg==\" style=\"--smush-placeholder-width: 1024px; --smush-placeholder-aspect-ratio: 1024\/576;\" \/><\/a><\/figure>\n<\/figure>\n","protected":false},"excerpt":{"rendered":"<p>\u200bLo que se vivi\u00f3 este viernes en la Casa Militante (F\u00e9lix de Azara y Entre R\u00edos) no fue un acto pol\u00edtico m\u00e1s; fue el estallido de un nuevo movimiento. Cerca de mil personas, entre dirigentes, funcionarios y una militancia activa, colmaron el espacio para encender la chispa de Encuentro Misionero, el nuevo esquema pol\u00edtico que [&hellip;]<\/p>\n","protected":false},"author":2,"featured_media":57433,"comment_status":"open","ping_status":"closed","sticky":false,"template":"","format":"standard","meta":{"footnotes":""},"categories":[455],"tags":[5827,601,283],"class_list":["post-57432","post","type-post","status-publish","format-standard","has-post-thumbnail","hentry","category-misiones","tag-encuentr","tag-misionero","tag-movimiento"],"yoast_head":"<!-- This site is optimized with the Yoast SEO plugin v27.5 - https:\/\/yoast.com\/product\/yoast-seo-wordpress\/ -->\n<title>Multitudinario acto de Encuentro Misionero | CVI NOTICIAS<\/title>\n<meta name=\"description\" content=\"Lanzaron el espacio con fuerte apoyo pol\u00edtico y militante en Posadas\" \/>\n<meta name=\"robots\" content=\"index, follow, max-snippet:-1, max-image-preview:large, max-video-preview:-1\" \/>\n<link rel=\"canonical\" href=\"https:\/\/cvinoticias.com\/v3\/el-historico-primer-paso-de-encuentro-misionero-con-una-convocatoria-multitudinaria\/\" \/>\n<meta property=\"og:locale\" content=\"es_ES\" \/>\n<meta property=\"og:type\" content=\"article\" \/>\n<meta property=\"og:title\" content=\"Multitudinario acto de Encuentro Misionero | CVI NOTICIAS\" \/>\n<meta property=\"og:description\" content=\"Lanzaron el espacio con fuerte apoyo pol\u00edtico y militante en Posadas\" \/>\n<meta property=\"og:url\" content=\"https:\/\/cvinoticias.com\/v3\/el-historico-primer-paso-de-encuentro-misionero-con-una-convocatoria-multitudinaria\/\" \/>\n<meta property=\"og:site_name\" content=\"CVI NOTICIAS\" \/>\n<meta property=\"article:publisher\" content=\"https:\/\/www.facebook.com\/cvinoticias\" \/>\n<meta property=\"article:published_time\" content=\"2026-04-25T00:38:22+00:00\" \/>\n<meta property=\"article:modified_time\" content=\"2026-04-27T10:28:48+00:00\" \/>\n<meta property=\"og:image\" content=\"https:\/\/cvinoticias.com\/wp-content\/uploads\/2026\/04\/f0307fee-edee-4a6b-ac16-b3d71a42eaef.jpeg\" \/>\n\t<meta property=\"og:image:width\" content=\"1600\" \/>\n\t<meta property=\"og:image:height\" content=\"900\" \/>\n\t<meta property=\"og:image:type\" content=\"image\/jpeg\" \/>\n<meta name=\"author\" content=\"f1000024\" \/>\n<meta name=\"twitter:card\" content=\"summary_large_image\" \/>\n<meta name=\"twitter:label1\" content=\"Escrito por\" \/>\n\t<meta name=\"twitter:data1\" content=\"f1000024\" \/>\n\t<meta name=\"twitter:label2\" content=\"Tiempo de lectura\" \/>\n\t<meta name=\"twitter:data2\" content=\"3 minutos\" \/>\n<script type=\"application\/ld+json\" class=\"yoast-schema-graph\">{\"@context\":\"https:\\\/\\\/schema.org\",\"@graph\":[{\"@type\":\"Article\",\"@id\":\"https:\\\/\\\/cvinoticias.com\\\/v3\\\/el-historico-primer-paso-de-encuentro-misionero-con-una-convocatoria-multitudinaria\\\/#article\",\"isPartOf\":{\"@id\":\"https:\\\/\\\/cvinoticias.com\\\/v3\\\/el-historico-primer-paso-de-encuentro-misionero-con-una-convocatoria-multitudinaria\\\/\"},\"author\":{\"name\":\"f1000024\",\"@id\":\"https:\\\/\\\/cvinoticias.com\\\/v3\\\/#\\\/schema\\\/person\\\/2db77e3c6bc03c538495d7b2b8be9b66\"},\"headline\":\"El hist\u00f3rico primer paso de Encuentro Misionero con una convocatoria multitudinaria\",\"datePublished\":\"2026-04-25T00:38:22+00:00\",\"dateModified\":\"2026-04-27T10:28:48+00:00\",\"mainEntityOfPage\":{\"@id\":\"https:\\\/\\\/cvinoticias.com\\\/v3\\\/el-historico-primer-paso-de-encuentro-misionero-con-una-convocatoria-multitudinaria\\\/\"},\"wordCount\":334,\"commentCount\":0,\"publisher\":{\"@id\":\"https:\\\/\\\/cvinoticias.com\\\/v3\\\/#organization\"},\"image\":{\"@id\":\"https:\\\/\\\/cvinoticias.com\\\/v3\\\/el-historico-primer-paso-de-encuentro-misionero-con-una-convocatoria-multitudinaria\\\/#primaryimage\"},\"thumbnailUrl\":\"https:\\\/\\\/cvinoticias.com\\\/wp-content\\\/uploads\\\/2026\\\/04\\\/f0307fee-edee-4a6b-ac16-b3d71a42eaef.jpeg\",\"keywords\":[\"Encuentr\",\"Misionero\",\"Movimiento\"],\"articleSection\":[\"Misiones\"],\"inLanguage\":\"es\",\"potentialAction\":[{\"@type\":\"CommentAction\",\"name\":\"Comment\",\"target\":[\"https:\\\/\\\/cvinoticias.com\\\/v3\\\/el-historico-primer-paso-de-encuentro-misionero-con-una-convocatoria-multitudinaria\\\/#respond\"]}]},{\"@type\":\"WebPage\",\"@id\":\"https:\\\/\\\/cvinoticias.com\\\/v3\\\/el-historico-primer-paso-de-encuentro-misionero-con-una-convocatoria-multitudinaria\\\/\",\"url\":\"https:\\\/\\\/cvinoticias.com\\\/v3\\\/el-historico-primer-paso-de-encuentro-misionero-con-una-convocatoria-multitudinaria\\\/\",\"name\":\"Multitudinario acto de Encuentro Misionero | CVI NOTICIAS\",\"isPartOf\":{\"@id\":\"https:\\\/\\\/cvinoticias.com\\\/v3\\\/#website\"},\"primaryImageOfPage\":{\"@id\":\"https:\\\/\\\/cvinoticias.com\\\/v3\\\/el-historico-primer-paso-de-encuentro-misionero-con-una-convocatoria-multitudinaria\\\/#primaryimage\"},\"image\":{\"@id\":\"https:\\\/\\\/cvinoticias.com\\\/v3\\\/el-historico-primer-paso-de-encuentro-misionero-con-una-convocatoria-multitudinaria\\\/#primaryimage\"},\"thumbnailUrl\":\"https:\\\/\\\/cvinoticias.com\\\/wp-content\\\/uploads\\\/2026\\\/04\\\/f0307fee-edee-4a6b-ac16-b3d71a42eaef.jpeg\",\"datePublished\":\"2026-04-25T00:38:22+00:00\",\"dateModified\":\"2026-04-27T10:28:48+00:00\",\"description\":\"Lanzaron el espacio con fuerte apoyo pol\u00edtico y militante en Posadas\",\"breadcrumb\":{\"@id\":\"https:\\\/\\\/cvinoticias.com\\\/v3\\\/el-historico-primer-paso-de-encuentro-misionero-con-una-convocatoria-multitudinaria\\\/#breadcrumb\"},\"inLanguage\":\"es\",\"potentialAction\":[{\"@type\":\"ReadAction\",\"target\":[\"https:\\\/\\\/cvinoticias.com\\\/v3\\\/el-historico-primer-paso-de-encuentro-misionero-con-una-convocatoria-multitudinaria\\\/\"]}]},{\"@type\":\"ImageObject\",\"inLanguage\":\"es\",\"@id\":\"https:\\\/\\\/cvinoticias.com\\\/v3\\\/el-historico-primer-paso-de-encuentro-misionero-con-una-convocatoria-multitudinaria\\\/#primaryimage\",\"url\":\"https:\\\/\\\/cvinoticias.com\\\/wp-content\\\/uploads\\\/2026\\\/04\\\/f0307fee-edee-4a6b-ac16-b3d71a42eaef.jpeg\",\"contentUrl\":\"https:\\\/\\\/cvinoticias.com\\\/wp-content\\\/uploads\\\/2026\\\/04\\\/f0307fee-edee-4a6b-ac16-b3d71a42eaef.jpeg\",\"width\":1600,\"height\":900},{\"@type\":\"BreadcrumbList\",\"@id\":\"https:\\\/\\\/cvinoticias.com\\\/v3\\\/el-historico-primer-paso-de-encuentro-misionero-con-una-convocatoria-multitudinaria\\\/#breadcrumb\",\"itemListElement\":[{\"@type\":\"ListItem\",\"position\":1,\"name\":\"Portada\",\"item\":\"https:\\\/\\\/cvinoticias.com\\\/v3\\\/\"},{\"@type\":\"ListItem\",\"position\":2,\"name\":\"El hist\u00f3rico primer paso de Encuentro Misionero con una convocatoria multitudinaria\"}]},{\"@type\":\"WebSite\",\"@id\":\"https:\\\/\\\/cvinoticias.com\\\/v3\\\/#website\",\"url\":\"https:\\\/\\\/cvinoticias.com\\\/v3\\\/\",\"name\":\"CVI NOTICIAS\",\"description\":\"\",\"publisher\":{\"@id\":\"https:\\\/\\\/cvinoticias.com\\\/v3\\\/#organization\"},\"alternateName\":\"CVI\",\"potentialAction\":[{\"@type\":\"SearchAction\",\"target\":{\"@type\":\"EntryPoint\",\"urlTemplate\":\"https:\\\/\\\/cvinoticias.com\\\/v3\\\/?s={search_term_string}\"},\"query-input\":{\"@type\":\"PropertyValueSpecification\",\"valueRequired\":true,\"valueName\":\"search_term_string\"}}],\"inLanguage\":\"es\"},{\"@type\":\"Organization\",\"@id\":\"https:\\\/\\\/cvinoticias.com\\\/v3\\\/#organization\",\"name\":\"CVI NOTICIAS\",\"url\":\"https:\\\/\\\/cvinoticias.com\\\/v3\\\/\",\"logo\":{\"@type\":\"ImageObject\",\"inLanguage\":\"es\",\"@id\":\"https:\\\/\\\/cvinoticias.com\\\/v3\\\/#\\\/schema\\\/logo\\\/image\\\/\",\"url\":\"https:\\\/\\\/cvinoticias.com\\\/wp-content\\\/uploads\\\/2023\\\/04\\\/cropped-cropped-cropped-cropped-cropped-3-1.png\",\"contentUrl\":\"https:\\\/\\\/cvinoticias.com\\\/wp-content\\\/uploads\\\/2023\\\/04\\\/cropped-cropped-cropped-cropped-cropped-3-1.png\",\"width\":95,\"height\":122,\"caption\":\"CVI NOTICIAS\"},\"image\":{\"@id\":\"https:\\\/\\\/cvinoticias.com\\\/v3\\\/#\\\/schema\\\/logo\\\/image\\\/\"},\"sameAs\":[\"https:\\\/\\\/www.facebook.com\\\/cvinoticias\",\"https:\\\/\\\/www.instagram.com\\\/cvinoticias\\\/\",\"https:\\\/\\\/www.youtube.com\\\/@CVINOTICIAS\"]},{\"@type\":\"Person\",\"@id\":\"https:\\\/\\\/cvinoticias.com\\\/v3\\\/#\\\/schema\\\/person\\\/2db77e3c6bc03c538495d7b2b8be9b66\",\"name\":\"f1000024\",\"image\":{\"@type\":\"ImageObject\",\"inLanguage\":\"es\",\"@id\":\"https:\\\/\\\/secure.gravatar.com\\\/avatar\\\/d4fe7459cfc51ff5129ce1a732bbef5928568b8092d412ef95611616376bbeed?s=96&d=mm&r=g\",\"url\":\"https:\\\/\\\/secure.gravatar.com\\\/avatar\\\/d4fe7459cfc51ff5129ce1a732bbef5928568b8092d412ef95611616376bbeed?s=96&d=mm&r=g\",\"contentUrl\":\"https:\\\/\\\/secure.gravatar.com\\\/avatar\\\/d4fe7459cfc51ff5129ce1a732bbef5928568b8092d412ef95611616376bbeed?s=96&d=mm&r=g\",\"caption\":\"f1000024\"},\"url\":\"https:\\\/\\\/cvinoticias.com\\\/v3\\\/author\\\/f1000024\\\/\"}]}<\/script>\n<!-- \/ Yoast SEO plugin. -->","yoast_head_json":{"title":"Multitudinario acto de Encuentro Misionero | CVI NOTICIAS","description":"Lanzaron el espacio con fuerte apoyo pol\u00edtico y militante en Posadas","robots":{"index":"index","follow":"follow","max-snippet":"max-snippet:-1","max-image-preview":"max-image-preview:large","max-video-preview":"max-video-preview:-1"},"canonical":"https:\/\/cvinoticias.com\/v3\/el-historico-primer-paso-de-encuentro-misionero-con-una-convocatoria-multitudinaria\/","og_locale":"es_ES","og_type":"article","og_title":"Multitudinario acto de Encuentro Misionero | CVI NOTICIAS","og_description":"Lanzaron el espacio con fuerte apoyo pol\u00edtico y militante en Posadas","og_url":"https:\/\/cvinoticias.com\/v3\/el-historico-primer-paso-de-encuentro-misionero-con-una-convocatoria-multitudinaria\/","og_site_name":"CVI NOTICIAS","article_publisher":"https:\/\/www.facebook.com\/cvinoticias","article_published_time":"2026-04-25T00:38:22+00:00","article_modified_time":"2026-04-27T10:28:48+00:00","og_image":[{"width":1600,"height":900,"url":"https:\/\/cvinoticias.com\/wp-content\/uploads\/2026\/04\/f0307fee-edee-4a6b-ac16-b3d71a42eaef.jpeg","type":"image\/jpeg"}],"author":"f1000024","twitter_card":"summary_large_image","twitter_misc":{"Escrito por":"f1000024","Tiempo de lectura":"3 minutos"},"schema":{"@context":"https:\/\/schema.org","@graph":[{"@type":"Article","@id":"https:\/\/cvinoticias.com\/v3\/el-historico-primer-paso-de-encuentro-misionero-con-una-convocatoria-multitudinaria\/#article","isPartOf":{"@id":"https:\/\/cvinoticias.com\/v3\/el-historico-primer-paso-de-encuentro-misionero-con-una-convocatoria-multitudinaria\/"},"author":{"name":"f1000024","@id":"https:\/\/cvinoticias.com\/v3\/#\/schema\/person\/2db77e3c6bc03c538495d7b2b8be9b66"},"headline":"El hist\u00f3rico primer paso de Encuentro Misionero con una convocatoria multitudinaria","datePublished":"2026-04-25T00:38:22+00:00","dateModified":"2026-04-27T10:28:48+00:00","mainEntityOfPage":{"@id":"https:\/\/cvinoticias.com\/v3\/el-historico-primer-paso-de-encuentro-misionero-con-una-convocatoria-multitudinaria\/"},"wordCount":334,"commentCount":0,"publisher":{"@id":"https:\/\/cvinoticias.com\/v3\/#organization"},"image":{"@id":"https:\/\/cvinoticias.com\/v3\/el-historico-primer-paso-de-encuentro-misionero-con-una-convocatoria-multitudinaria\/#primaryimage"},"thumbnailUrl":"https:\/\/cvinoticias.com\/wp-content\/uploads\/2026\/04\/f0307fee-edee-4a6b-ac16-b3d71a42eaef.jpeg","keywords":["Encuentr","Misionero","Movimiento"],"articleSection":["Misiones"],"inLanguage":"es","potentialAction":[{"@type":"CommentAction","name":"Comment","target":["https:\/\/cvinoticias.com\/v3\/el-historico-primer-paso-de-encuentro-misionero-con-una-convocatoria-multitudinaria\/#respond"]}]},{"@type":"WebPage","@id":"https:\/\/cvinoticias.com\/v3\/el-historico-primer-paso-de-encuentro-misionero-con-una-convocatoria-multitudinaria\/","url":"https:\/\/cvinoticias.com\/v3\/el-historico-primer-paso-de-encuentro-misionero-con-una-convocatoria-multitudinaria\/","name":"Multitudinario acto de Encuentro Misionero | CVI NOTICIAS","isPartOf":{"@id":"https:\/\/cvinoticias.com\/v3\/#website"},"primaryImageOfPage":{"@id":"https:\/\/cvinoticias.com\/v3\/el-historico-primer-paso-de-encuentro-misionero-con-una-convocatoria-multitudinaria\/#primaryimage"},"image":{"@id":"https:\/\/cvinoticias.com\/v3\/el-historico-primer-paso-de-encuentro-misionero-con-una-convocatoria-multitudinaria\/#primaryimage"},"thumbnailUrl":"https:\/\/cvinoticias.com\/wp-content\/uploads\/2026\/04\/f0307fee-edee-4a6b-ac16-b3d71a42eaef.jpeg","datePublished":"2026-04-25T00:38:22+00:00","dateModified":"2026-04-27T10:28:48+00:00","description":"Lanzaron el espacio con fuerte apoyo pol\u00edtico y militante en Posadas","breadcrumb":{"@id":"https:\/\/cvinoticias.com\/v3\/el-historico-primer-paso-de-encuentro-misionero-con-una-convocatoria-multitudinaria\/#breadcrumb"},"inLanguage":"es","potentialAction":[{"@type":"ReadAction","target":["https:\/\/cvinoticias.com\/v3\/el-historico-primer-paso-de-encuentro-misionero-con-una-convocatoria-multitudinaria\/"]}]},{"@type":"ImageObject","inLanguage":"es","@id":"https:\/\/cvinoticias.com\/v3\/el-historico-primer-paso-de-encuentro-misionero-con-una-convocatoria-multitudinaria\/#primaryimage","url":"https:\/\/cvinoticias.com\/wp-content\/uploads\/2026\/04\/f0307fee-edee-4a6b-ac16-b3d71a42eaef.jpeg","contentUrl":"https:\/\/cvinoticias.com\/wp-content\/uploads\/2026\/04\/f0307fee-edee-4a6b-ac16-b3d71a42eaef.jpeg","width":1600,"height":900},{"@type":"BreadcrumbList","@id":"https:\/\/cvinoticias.com\/v3\/el-historico-primer-paso-de-encuentro-misionero-con-una-convocatoria-multitudinaria\/#breadcrumb","itemListElement":[{"@type":"ListItem","position":1,"name":"Portada","item":"https:\/\/cvinoticias.com\/v3\/"},{"@type":"ListItem","position":2,"name":"El hist\u00f3rico primer paso de Encuentro Misionero con una convocatoria multitudinaria"}]},{"@type":"WebSite","@id":"https:\/\/cvinoticias.com\/v3\/#website","url":"https:\/\/cvinoticias.com\/v3\/","name":"CVI NOTICIAS","description":"","publisher":{"@id":"https:\/\/cvinoticias.com\/v3\/#organization"},"alternateName":"CVI","potentialAction":[{"@type":"SearchAction","target":{"@type":"EntryPoint","urlTemplate":"https:\/\/cvinoticias.com\/v3\/?s={search_term_string}"},"query-input":{"@type":"PropertyValueSpecification","valueRequired":true,"valueName":"search_term_string"}}],"inLanguage":"es"},{"@type":"Organization","@id":"https:\/\/cvinoticias.com\/v3\/#organization","name":"CVI NOTICIAS","url":"https:\/\/cvinoticias.com\/v3\/","logo":{"@type":"ImageObject","inLanguage":"es","@id":"https:\/\/cvinoticias.com\/v3\/#\/schema\/logo\/image\/","url":"https:\/\/cvinoticias.com\/wp-content\/uploads\/2023\/04\/cropped-cropped-cropped-cropped-cropped-3-1.png","contentUrl":"https:\/\/cvinoticias.com\/wp-content\/uploads\/2023\/04\/cropped-cropped-cropped-cropped-cropped-3-1.png","width":95,"height":122,"caption":"CVI NOTICIAS"},"image":{"@id":"https:\/\/cvinoticias.com\/v3\/#\/schema\/logo\/image\/"},"sameAs":["https:\/\/www.facebook.com\/cvinoticias","https:\/\/www.instagram.com\/cvinoticias\/","https:\/\/www.youtube.com\/@CVINOTICIAS"]},{"@type":"Person","@id":"https:\/\/cvinoticias.com\/v3\/#\/schema\/person\/2db77e3c6bc03c538495d7b2b8be9b66","name":"f1000024","image":{"@type":"ImageObject","inLanguage":"es","@id":"https:\/\/secure.gravatar.com\/avatar\/d4fe7459cfc51ff5129ce1a732bbef5928568b8092d412ef95611616376bbeed?s=96&d=mm&r=g","url":"https:\/\/secure.gravatar.com\/avatar\/d4fe7459cfc51ff5129ce1a732bbef5928568b8092d412ef95611616376bbeed?s=96&d=mm&r=g","contentUrl":"https:\/\/secure.gravatar.com\/avatar\/d4fe7459cfc51ff5129ce1a732bbef5928568b8092d412ef95611616376bbeed?s=96&d=mm&r=g","caption":"f1000024"},"url":"https:\/\/cvinoticias.com\/v3\/author\/f1000024\/"}]}},"_links":{"self":[{"href":"https:\/\/cvinoticias.com\/v3\/wp-json\/wp\/v2\/posts\/57432","targetHints":{"allow":["GET"]}}],"collection":[{"href":"https:\/\/cvinoticias.com\/v3\/wp-json\/wp\/v2\/posts"}],"about":[{"href":"https:\/\/cvinoticias.com\/v3\/wp-json\/wp\/v2\/types\/post"}],"author":[{"embeddable":true,"href":"https:\/\/cvinoticias.com\/v3\/wp-json\/wp\/v2\/users\/2"}],"replies":[{"embeddable":true,"href":"https:\/\/cvinoticias.com\/v3\/wp-json\/wp\/v2\/comments?post=57432"}],"version-history":[{"count":1,"href":"https:\/\/cvinoticias.com\/v3\/wp-json\/wp\/v2\/posts\/57432\/revisions"}],"predecessor-version":[{"id":57440,"href":"https:\/\/cvinoticias.com\/v3\/wp-json\/wp\/v2\/posts\/57432\/revisions\/57440"}],"wp:featuredmedia":[{"embeddable":true,"href":"https:\/\/cvinoticias.com\/v3\/wp-json\/wp\/v2\/media\/57433"}],"wp:attachment":[{"href":"https:\/\/cvinoticias.com\/v3\/wp-json\/wp\/v2\/media?parent=57432"}],"wp:term":[{"taxonomy":"category","embeddable":true,"href":"https:\/\/cvinoticias.com\/v3\/wp-json\/wp\/v2\/categories?post=57432"},{"taxonomy":"post_tag","embeddable":true,"href":"https:\/\/cvinoticias.com\/v3\/wp-json\/wp\/v2\/tags?post=57432"}],"curies":[{"name":"wp","href":"https:\/\/api.w.org\/{rel}","templated":true}]}}