{"id":57429,"date":"2026-04-24T22:26:23","date_gmt":"2026-04-25T01:26:23","guid":{"rendered":"https:\/\/cvinoticias.com\/v3\/?p=57429"},"modified":"2026-04-27T07:26:49","modified_gmt":"2026-04-27T10:26:49","slug":"cristina-fernandez-de-kirchner-felicito-a-christian-humada-por-su-triunfo-en-el-pj-misiones","status":"publish","type":"post","link":"https:\/\/cvinoticias.com\/v3\/cristina-fernandez-de-kirchner-felicito-a-christian-humada-por-su-triunfo-en-el-pj-misiones\/","title":{"rendered":"Cristina Fern\u00e1ndez de Kirchner felicit\u00f3 a Christian Humada por su triunfo en el PJ Misiones"},"content":{"rendered":"\n<p>\u200bLa reorganizaci\u00f3n del Partido Justicialista de Misiones recibi\u00f3 hoy un fuerte impulso desde la conducci\u00f3n nacional. La expresidenta de la Naci\u00f3n y actual titular del PJ Nacional, Cristina Fern\u00e1ndez de Kirchner, se comunic\u00f3 personalmente con Christian Humada para felicitarlo tras su consagraci\u00f3n como presidente electo del distrito misionero.<\/p>\n\n\n\n<p>\u200bDurante la charla, que fue calificada como emotiva, la referente nacional destac\u00f3 el contundente triunfo de Humada en las internas celebradas el pasado 19 de abril. Asimismo, CFK envi\u00f3 un saludo a toda la militancia que particip\u00f3 del proceso democr\u00e1tico, subrayando que la unidad y el compromiso militante son las bases fundamentales para esta nueva etapa del peronismo en la provincia.<\/p>\n\n\n\n<figure class=\"wp-block-image size-full\"><a href=\"https:\/\/cvinoticias.com\/wp-content\/uploads\/2026\/04\/c3aac1f8-f824-4408-8777-db24cde48a7f.jpeg\"><img decoding=\"async\" width=\"800\" height=\"533\" data-src=\"https:\/\/cvinoticias.com\/wp-content\/uploads\/2026\/04\/c3aac1f8-f824-4408-8777-db24cde48a7f.jpeg\" alt=\"\" class=\"wp-image-57431 lazyload\" data-srcset=\"https:\/\/cvinoticias.com\/wp-content\/uploads\/2026\/04\/c3aac1f8-f824-4408-8777-db24cde48a7f.jpeg 800w, https:\/\/cvinoticias.com\/wp-content\/uploads\/2026\/04\/c3aac1f8-f824-4408-8777-db24cde48a7f-300x200.jpeg 300w, https:\/\/cvinoticias.com\/wp-content\/uploads\/2026\/04\/c3aac1f8-f824-4408-8777-db24cde48a7f-768x512.jpeg 768w\" data-sizes=\"(max-width: 800px) 100vw, 800px\" src=\"data:image\/svg+xml;base64,PHN2ZyB3aWR0aD0iMSIgaGVpZ2h0PSIxIiB4bWxucz0iaHR0cDovL3d3dy53My5vcmcvMjAwMC9zdmciPjwvc3ZnPg==\" style=\"--smush-placeholder-width: 800px; --smush-placeholder-aspect-ratio: 800\/533;\" \/><\/a><\/figure>\n\n\n\n<p>\u200bUno de los puntos clave del di\u00e1logo fue la mirada hacia el futuro. Ambas dirigencias coincidieron en la necesidad de trabajar conjuntamente para fortalecer el partido y construir una alternativa s\u00f3lida y competitiva de cara al a\u00f1o 2027. El objetivo planteado es ampliar la convocatoria a todos los sectores para volver a ofrecer una propuesta de gobierno tanto para Misiones como para Argentina.<\/p>\n\n\n\n<p>\u200bPor su parte, Christian Humada agradeci\u00f3 el respaldo de la conducci\u00f3n nacional y reafirm\u00f3 su compromiso de liderar un PJ \u00ababierto, moderno y cercano a las demandas de la sociedad\u00bb. Este contacto institucional marca el inicio de una nueva etapa de articulaci\u00f3n pol\u00edtica, con el foco puesto en la reorganizaci\u00f3n partidaria y los desaf\u00edos electorales venideros.<\/p>\n","protected":false},"excerpt":{"rendered":"<p>\u200bLa reorganizaci\u00f3n del Partido Justicialista de Misiones recibi\u00f3 hoy un fuerte impulso desde la conducci\u00f3n nacional. La expresidenta de la Naci\u00f3n y actual titular del PJ Nacional, Cristina Fern\u00e1ndez de Kirchner, se comunic\u00f3 personalmente con Christian Humada para felicitarlo tras su consagraci\u00f3n como presidente electo del distrito misionero. \u200bDurante la charla, que fue calificada como [&hellip;]<\/p>\n","protected":false},"author":2,"featured_media":57430,"comment_status":"open","ping_status":"closed","sticky":false,"template":"","format":"standard","meta":{"footnotes":""},"categories":[42],"tags":[5722,4057,5829,5723,5830,3511],"class_list":["post-57429","post","type-post","status-publish","format-standard","has-post-thumbnail","hentry","category-politica","tag-christian","tag-cristina","tag-fernandez","tag-humada","tag-kirchner","tag-pj"],"yoast_head":"<!-- This site is optimized with the Yoast SEO plugin v27.5 - https:\/\/yoast.com\/product\/yoast-seo-wordpress\/ -->\n<title>CFK felicit\u00f3 a Humada por triunfo en PJ Misiones | CVI NOTICIAS<\/title>\n<meta name=\"description\" content=\"La expresidenta salud\u00f3 al nuevo titular del PJ y destac\u00f3 la unidad partidaria\" \/>\n<meta name=\"robots\" content=\"index, follow, max-snippet:-1, max-image-preview:large, max-video-preview:-1\" \/>\n<link rel=\"canonical\" href=\"https:\/\/cvinoticias.com\/v3\/cristina-fernandez-de-kirchner-felicito-a-christian-humada-por-su-triunfo-en-el-pj-misiones\/\" \/>\n<meta property=\"og:locale\" content=\"es_ES\" \/>\n<meta property=\"og:type\" content=\"article\" \/>\n<meta property=\"og:title\" content=\"CFK felicit\u00f3 a Humada por triunfo en PJ Misiones | CVI NOTICIAS\" \/>\n<meta property=\"og:description\" content=\"La expresidenta salud\u00f3 al nuevo titular del PJ y destac\u00f3 la unidad partidaria\" \/>\n<meta property=\"og:url\" content=\"https:\/\/cvinoticias.com\/v3\/cristina-fernandez-de-kirchner-felicito-a-christian-humada-por-su-triunfo-en-el-pj-misiones\/\" \/>\n<meta property=\"og:site_name\" content=\"CVI NOTICIAS\" \/>\n<meta property=\"article:publisher\" content=\"https:\/\/www.facebook.com\/cvinoticias\" \/>\n<meta property=\"article:published_time\" content=\"2026-04-25T01:26:23+00:00\" \/>\n<meta property=\"article:modified_time\" content=\"2026-04-27T10:26:49+00:00\" \/>\n<meta property=\"og:image\" content=\"https:\/\/cvinoticias.com\/wp-content\/uploads\/2026\/04\/fb1a72c9-a31a-4266-b6c8-7c50ff490435.jpeg\" \/>\n\t<meta property=\"og:image:width\" content=\"1024\" \/>\n\t<meta property=\"og:image:height\" content=\"682\" \/>\n\t<meta property=\"og:image:type\" content=\"image\/jpeg\" \/>\n<meta name=\"author\" content=\"f1000024\" \/>\n<meta name=\"twitter:card\" content=\"summary_large_image\" \/>\n<meta name=\"twitter:label1\" content=\"Escrito por\" \/>\n\t<meta name=\"twitter:data1\" content=\"f1000024\" \/>\n\t<meta name=\"twitter:label2\" content=\"Tiempo de lectura\" \/>\n\t<meta name=\"twitter:data2\" content=\"2 minutos\" \/>\n<script type=\"application\/ld+json\" class=\"yoast-schema-graph\">{\"@context\":\"https:\\\/\\\/schema.org\",\"@graph\":[{\"@type\":\"Article\",\"@id\":\"https:\\\/\\\/cvinoticias.com\\\/v3\\\/cristina-fernandez-de-kirchner-felicito-a-christian-humada-por-su-triunfo-en-el-pj-misiones\\\/#article\",\"isPartOf\":{\"@id\":\"https:\\\/\\\/cvinoticias.com\\\/v3\\\/cristina-fernandez-de-kirchner-felicito-a-christian-humada-por-su-triunfo-en-el-pj-misiones\\\/\"},\"author\":{\"name\":\"f1000024\",\"@id\":\"https:\\\/\\\/cvinoticias.com\\\/v3\\\/#\\\/schema\\\/person\\\/2db77e3c6bc03c538495d7b2b8be9b66\"},\"headline\":\"Cristina Fern\u00e1ndez de Kirchner felicit\u00f3 a Christian Humada por su triunfo en el PJ Misiones\",\"datePublished\":\"2026-04-25T01:26:23+00:00\",\"dateModified\":\"2026-04-27T10:26:49+00:00\",\"mainEntityOfPage\":{\"@id\":\"https:\\\/\\\/cvinoticias.com\\\/v3\\\/cristina-fernandez-de-kirchner-felicito-a-christian-humada-por-su-triunfo-en-el-pj-misiones\\\/\"},\"wordCount\":256,\"commentCount\":0,\"publisher\":{\"@id\":\"https:\\\/\\\/cvinoticias.com\\\/v3\\\/#organization\"},\"image\":{\"@id\":\"https:\\\/\\\/cvinoticias.com\\\/v3\\\/cristina-fernandez-de-kirchner-felicito-a-christian-humada-por-su-triunfo-en-el-pj-misiones\\\/#primaryimage\"},\"thumbnailUrl\":\"https:\\\/\\\/cvinoticias.com\\\/wp-content\\\/uploads\\\/2026\\\/04\\\/fb1a72c9-a31a-4266-b6c8-7c50ff490435.jpeg\",\"keywords\":[\"Christian\",\"Cristina\",\"FERN\u00c1NDEZ\",\"Humada\",\"KIRCHNER\",\"PJ\"],\"articleSection\":[\"Politica\"],\"inLanguage\":\"es\",\"potentialAction\":[{\"@type\":\"CommentAction\",\"name\":\"Comment\",\"target\":[\"https:\\\/\\\/cvinoticias.com\\\/v3\\\/cristina-fernandez-de-kirchner-felicito-a-christian-humada-por-su-triunfo-en-el-pj-misiones\\\/#respond\"]}]},{\"@type\":\"WebPage\",\"@id\":\"https:\\\/\\\/cvinoticias.com\\\/v3\\\/cristina-fernandez-de-kirchner-felicito-a-christian-humada-por-su-triunfo-en-el-pj-misiones\\\/\",\"url\":\"https:\\\/\\\/cvinoticias.com\\\/v3\\\/cristina-fernandez-de-kirchner-felicito-a-christian-humada-por-su-triunfo-en-el-pj-misiones\\\/\",\"name\":\"CFK felicit\u00f3 a Humada por triunfo en PJ Misiones | CVI NOTICIAS\",\"isPartOf\":{\"@id\":\"https:\\\/\\\/cvinoticias.com\\\/v3\\\/#website\"},\"primaryImageOfPage\":{\"@id\":\"https:\\\/\\\/cvinoticias.com\\\/v3\\\/cristina-fernandez-de-kirchner-felicito-a-christian-humada-por-su-triunfo-en-el-pj-misiones\\\/#primaryimage\"},\"image\":{\"@id\":\"https:\\\/\\\/cvinoticias.com\\\/v3\\\/cristina-fernandez-de-kirchner-felicito-a-christian-humada-por-su-triunfo-en-el-pj-misiones\\\/#primaryimage\"},\"thumbnailUrl\":\"https:\\\/\\\/cvinoticias.com\\\/wp-content\\\/uploads\\\/2026\\\/04\\\/fb1a72c9-a31a-4266-b6c8-7c50ff490435.jpeg\",\"datePublished\":\"2026-04-25T01:26:23+00:00\",\"dateModified\":\"2026-04-27T10:26:49+00:00\",\"description\":\"La expresidenta salud\u00f3 al nuevo titular del PJ y destac\u00f3 la unidad partidaria\",\"breadcrumb\":{\"@id\":\"https:\\\/\\\/cvinoticias.com\\\/v3\\\/cristina-fernandez-de-kirchner-felicito-a-christian-humada-por-su-triunfo-en-el-pj-misiones\\\/#breadcrumb\"},\"inLanguage\":\"es\",\"potentialAction\":[{\"@type\":\"ReadAction\",\"target\":[\"https:\\\/\\\/cvinoticias.com\\\/v3\\\/cristina-fernandez-de-kirchner-felicito-a-christian-humada-por-su-triunfo-en-el-pj-misiones\\\/\"]}]},{\"@type\":\"ImageObject\",\"inLanguage\":\"es\",\"@id\":\"https:\\\/\\\/cvinoticias.com\\\/v3\\\/cristina-fernandez-de-kirchner-felicito-a-christian-humada-por-su-triunfo-en-el-pj-misiones\\\/#primaryimage\",\"url\":\"https:\\\/\\\/cvinoticias.com\\\/wp-content\\\/uploads\\\/2026\\\/04\\\/fb1a72c9-a31a-4266-b6c8-7c50ff490435.jpeg\",\"contentUrl\":\"https:\\\/\\\/cvinoticias.com\\\/wp-content\\\/uploads\\\/2026\\\/04\\\/fb1a72c9-a31a-4266-b6c8-7c50ff490435.jpeg\",\"width\":1024,\"height\":682},{\"@type\":\"BreadcrumbList\",\"@id\":\"https:\\\/\\\/cvinoticias.com\\\/v3\\\/cristina-fernandez-de-kirchner-felicito-a-christian-humada-por-su-triunfo-en-el-pj-misiones\\\/#breadcrumb\",\"itemListElement\":[{\"@type\":\"ListItem\",\"position\":1,\"name\":\"Portada\",\"item\":\"https:\\\/\\\/cvinoticias.com\\\/v3\\\/\"},{\"@type\":\"ListItem\",\"position\":2,\"name\":\"Cristina Fern\u00e1ndez de Kirchner felicit\u00f3 a Christian Humada por su triunfo en el PJ Misiones\"}]},{\"@type\":\"WebSite\",\"@id\":\"https:\\\/\\\/cvinoticias.com\\\/v3\\\/#website\",\"url\":\"https:\\\/\\\/cvinoticias.com\\\/v3\\\/\",\"name\":\"CVI NOTICIAS\",\"description\":\"\",\"publisher\":{\"@id\":\"https:\\\/\\\/cvinoticias.com\\\/v3\\\/#organization\"},\"alternateName\":\"CVI\",\"potentialAction\":[{\"@type\":\"SearchAction\",\"target\":{\"@type\":\"EntryPoint\",\"urlTemplate\":\"https:\\\/\\\/cvinoticias.com\\\/v3\\\/?s={search_term_string}\"},\"query-input\":{\"@type\":\"PropertyValueSpecification\",\"valueRequired\":true,\"valueName\":\"search_term_string\"}}],\"inLanguage\":\"es\"},{\"@type\":\"Organization\",\"@id\":\"https:\\\/\\\/cvinoticias.com\\\/v3\\\/#organization\",\"name\":\"CVI NOTICIAS\",\"url\":\"https:\\\/\\\/cvinoticias.com\\\/v3\\\/\",\"logo\":{\"@type\":\"ImageObject\",\"inLanguage\":\"es\",\"@id\":\"https:\\\/\\\/cvinoticias.com\\\/v3\\\/#\\\/schema\\\/logo\\\/image\\\/\",\"url\":\"https:\\\/\\\/cvinoticias.com\\\/wp-content\\\/uploads\\\/2023\\\/04\\\/cropped-cropped-cropped-cropped-cropped-3-1.png\",\"contentUrl\":\"https:\\\/\\\/cvinoticias.com\\\/wp-content\\\/uploads\\\/2023\\\/04\\\/cropped-cropped-cropped-cropped-cropped-3-1.png\",\"width\":95,\"height\":122,\"caption\":\"CVI NOTICIAS\"},\"image\":{\"@id\":\"https:\\\/\\\/cvinoticias.com\\\/v3\\\/#\\\/schema\\\/logo\\\/image\\\/\"},\"sameAs\":[\"https:\\\/\\\/www.facebook.com\\\/cvinoticias\",\"https:\\\/\\\/www.instagram.com\\\/cvinoticias\\\/\",\"https:\\\/\\\/www.youtube.com\\\/@CVINOTICIAS\"]},{\"@type\":\"Person\",\"@id\":\"https:\\\/\\\/cvinoticias.com\\\/v3\\\/#\\\/schema\\\/person\\\/2db77e3c6bc03c538495d7b2b8be9b66\",\"name\":\"f1000024\",\"image\":{\"@type\":\"ImageObject\",\"inLanguage\":\"es\",\"@id\":\"https:\\\/\\\/secure.gravatar.com\\\/avatar\\\/d4fe7459cfc51ff5129ce1a732bbef5928568b8092d412ef95611616376bbeed?s=96&d=mm&r=g\",\"url\":\"https:\\\/\\\/secure.gravatar.com\\\/avatar\\\/d4fe7459cfc51ff5129ce1a732bbef5928568b8092d412ef95611616376bbeed?s=96&d=mm&r=g\",\"contentUrl\":\"https:\\\/\\\/secure.gravatar.com\\\/avatar\\\/d4fe7459cfc51ff5129ce1a732bbef5928568b8092d412ef95611616376bbeed?s=96&d=mm&r=g\",\"caption\":\"f1000024\"},\"url\":\"https:\\\/\\\/cvinoticias.com\\\/v3\\\/author\\\/f1000024\\\/\"}]}<\/script>\n<!-- \/ Yoast SEO plugin. -->","yoast_head_json":{"title":"CFK felicit\u00f3 a Humada por triunfo en PJ Misiones | CVI NOTICIAS","description":"La expresidenta salud\u00f3 al nuevo titular del PJ y destac\u00f3 la unidad partidaria","robots":{"index":"index","follow":"follow","max-snippet":"max-snippet:-1","max-image-preview":"max-image-preview:large","max-video-preview":"max-video-preview:-1"},"canonical":"https:\/\/cvinoticias.com\/v3\/cristina-fernandez-de-kirchner-felicito-a-christian-humada-por-su-triunfo-en-el-pj-misiones\/","og_locale":"es_ES","og_type":"article","og_title":"CFK felicit\u00f3 a Humada por triunfo en PJ Misiones | CVI NOTICIAS","og_description":"La expresidenta salud\u00f3 al nuevo titular del PJ y destac\u00f3 la unidad partidaria","og_url":"https:\/\/cvinoticias.com\/v3\/cristina-fernandez-de-kirchner-felicito-a-christian-humada-por-su-triunfo-en-el-pj-misiones\/","og_site_name":"CVI NOTICIAS","article_publisher":"https:\/\/www.facebook.com\/cvinoticias","article_published_time":"2026-04-25T01:26:23+00:00","article_modified_time":"2026-04-27T10:26:49+00:00","og_image":[{"width":1024,"height":682,"url":"https:\/\/cvinoticias.com\/wp-content\/uploads\/2026\/04\/fb1a72c9-a31a-4266-b6c8-7c50ff490435.jpeg","type":"image\/jpeg"}],"author":"f1000024","twitter_card":"summary_large_image","twitter_misc":{"Escrito por":"f1000024","Tiempo de lectura":"2 minutos"},"schema":{"@context":"https:\/\/schema.org","@graph":[{"@type":"Article","@id":"https:\/\/cvinoticias.com\/v3\/cristina-fernandez-de-kirchner-felicito-a-christian-humada-por-su-triunfo-en-el-pj-misiones\/#article","isPartOf":{"@id":"https:\/\/cvinoticias.com\/v3\/cristina-fernandez-de-kirchner-felicito-a-christian-humada-por-su-triunfo-en-el-pj-misiones\/"},"author":{"name":"f1000024","@id":"https:\/\/cvinoticias.com\/v3\/#\/schema\/person\/2db77e3c6bc03c538495d7b2b8be9b66"},"headline":"Cristina Fern\u00e1ndez de Kirchner felicit\u00f3 a Christian Humada por su triunfo en el PJ Misiones","datePublished":"2026-04-25T01:26:23+00:00","dateModified":"2026-04-27T10:26:49+00:00","mainEntityOfPage":{"@id":"https:\/\/cvinoticias.com\/v3\/cristina-fernandez-de-kirchner-felicito-a-christian-humada-por-su-triunfo-en-el-pj-misiones\/"},"wordCount":256,"commentCount":0,"publisher":{"@id":"https:\/\/cvinoticias.com\/v3\/#organization"},"image":{"@id":"https:\/\/cvinoticias.com\/v3\/cristina-fernandez-de-kirchner-felicito-a-christian-humada-por-su-triunfo-en-el-pj-misiones\/#primaryimage"},"thumbnailUrl":"https:\/\/cvinoticias.com\/wp-content\/uploads\/2026\/04\/fb1a72c9-a31a-4266-b6c8-7c50ff490435.jpeg","keywords":["Christian","Cristina","FERN\u00c1NDEZ","Humada","KIRCHNER","PJ"],"articleSection":["Politica"],"inLanguage":"es","potentialAction":[{"@type":"CommentAction","name":"Comment","target":["https:\/\/cvinoticias.com\/v3\/cristina-fernandez-de-kirchner-felicito-a-christian-humada-por-su-triunfo-en-el-pj-misiones\/#respond"]}]},{"@type":"WebPage","@id":"https:\/\/cvinoticias.com\/v3\/cristina-fernandez-de-kirchner-felicito-a-christian-humada-por-su-triunfo-en-el-pj-misiones\/","url":"https:\/\/cvinoticias.com\/v3\/cristina-fernandez-de-kirchner-felicito-a-christian-humada-por-su-triunfo-en-el-pj-misiones\/","name":"CFK felicit\u00f3 a Humada por triunfo en PJ Misiones | CVI NOTICIAS","isPartOf":{"@id":"https:\/\/cvinoticias.com\/v3\/#website"},"primaryImageOfPage":{"@id":"https:\/\/cvinoticias.com\/v3\/cristina-fernandez-de-kirchner-felicito-a-christian-humada-por-su-triunfo-en-el-pj-misiones\/#primaryimage"},"image":{"@id":"https:\/\/cvinoticias.com\/v3\/cristina-fernandez-de-kirchner-felicito-a-christian-humada-por-su-triunfo-en-el-pj-misiones\/#primaryimage"},"thumbnailUrl":"https:\/\/cvinoticias.com\/wp-content\/uploads\/2026\/04\/fb1a72c9-a31a-4266-b6c8-7c50ff490435.jpeg","datePublished":"2026-04-25T01:26:23+00:00","dateModified":"2026-04-27T10:26:49+00:00","description":"La expresidenta salud\u00f3 al nuevo titular del PJ y destac\u00f3 la unidad partidaria","breadcrumb":{"@id":"https:\/\/cvinoticias.com\/v3\/cristina-fernandez-de-kirchner-felicito-a-christian-humada-por-su-triunfo-en-el-pj-misiones\/#breadcrumb"},"inLanguage":"es","potentialAction":[{"@type":"ReadAction","target":["https:\/\/cvinoticias.com\/v3\/cristina-fernandez-de-kirchner-felicito-a-christian-humada-por-su-triunfo-en-el-pj-misiones\/"]}]},{"@type":"ImageObject","inLanguage":"es","@id":"https:\/\/cvinoticias.com\/v3\/cristina-fernandez-de-kirchner-felicito-a-christian-humada-por-su-triunfo-en-el-pj-misiones\/#primaryimage","url":"https:\/\/cvinoticias.com\/wp-content\/uploads\/2026\/04\/fb1a72c9-a31a-4266-b6c8-7c50ff490435.jpeg","contentUrl":"https:\/\/cvinoticias.com\/wp-content\/uploads\/2026\/04\/fb1a72c9-a31a-4266-b6c8-7c50ff490435.jpeg","width":1024,"height":682},{"@type":"BreadcrumbList","@id":"https:\/\/cvinoticias.com\/v3\/cristina-fernandez-de-kirchner-felicito-a-christian-humada-por-su-triunfo-en-el-pj-misiones\/#breadcrumb","itemListElement":[{"@type":"ListItem","position":1,"name":"Portada","item":"https:\/\/cvinoticias.com\/v3\/"},{"@type":"ListItem","position":2,"name":"Cristina Fern\u00e1ndez de Kirchner felicit\u00f3 a Christian Humada por su triunfo en el PJ Misiones"}]},{"@type":"WebSite","@id":"https:\/\/cvinoticias.com\/v3\/#website","url":"https:\/\/cvinoticias.com\/v3\/","name":"CVI NOTICIAS","description":"","publisher":{"@id":"https:\/\/cvinoticias.com\/v3\/#organization"},"alternateName":"CVI","potentialAction":[{"@type":"SearchAction","target":{"@type":"EntryPoint","urlTemplate":"https:\/\/cvinoticias.com\/v3\/?s={search_term_string}"},"query-input":{"@type":"PropertyValueSpecification","valueRequired":true,"valueName":"search_term_string"}}],"inLanguage":"es"},{"@type":"Organization","@id":"https:\/\/cvinoticias.com\/v3\/#organization","name":"CVI NOTICIAS","url":"https:\/\/cvinoticias.com\/v3\/","logo":{"@type":"ImageObject","inLanguage":"es","@id":"https:\/\/cvinoticias.com\/v3\/#\/schema\/logo\/image\/","url":"https:\/\/cvinoticias.com\/wp-content\/uploads\/2023\/04\/cropped-cropped-cropped-cropped-cropped-3-1.png","contentUrl":"https:\/\/cvinoticias.com\/wp-content\/uploads\/2023\/04\/cropped-cropped-cropped-cropped-cropped-3-1.png","width":95,"height":122,"caption":"CVI NOTICIAS"},"image":{"@id":"https:\/\/cvinoticias.com\/v3\/#\/schema\/logo\/image\/"},"sameAs":["https:\/\/www.facebook.com\/cvinoticias","https:\/\/www.instagram.com\/cvinoticias\/","https:\/\/www.youtube.com\/@CVINOTICIAS"]},{"@type":"Person","@id":"https:\/\/cvinoticias.com\/v3\/#\/schema\/person\/2db77e3c6bc03c538495d7b2b8be9b66","name":"f1000024","image":{"@type":"ImageObject","inLanguage":"es","@id":"https:\/\/secure.gravatar.com\/avatar\/d4fe7459cfc51ff5129ce1a732bbef5928568b8092d412ef95611616376bbeed?s=96&d=mm&r=g","url":"https:\/\/secure.gravatar.com\/avatar\/d4fe7459cfc51ff5129ce1a732bbef5928568b8092d412ef95611616376bbeed?s=96&d=mm&r=g","contentUrl":"https:\/\/secure.gravatar.com\/avatar\/d4fe7459cfc51ff5129ce1a732bbef5928568b8092d412ef95611616376bbeed?s=96&d=mm&r=g","caption":"f1000024"},"url":"https:\/\/cvinoticias.com\/v3\/author\/f1000024\/"}]}},"_links":{"self":[{"href":"https:\/\/cvinoticias.com\/v3\/wp-json\/wp\/v2\/posts\/57429","targetHints":{"allow":["GET"]}}],"collection":[{"href":"https:\/\/cvinoticias.com\/v3\/wp-json\/wp\/v2\/posts"}],"about":[{"href":"https:\/\/cvinoticias.com\/v3\/wp-json\/wp\/v2\/types\/post"}],"author":[{"embeddable":true,"href":"https:\/\/cvinoticias.com\/v3\/wp-json\/wp\/v2\/users\/2"}],"replies":[{"embeddable":true,"href":"https:\/\/cvinoticias.com\/v3\/wp-json\/wp\/v2\/comments?post=57429"}],"version-history":[{"count":1,"href":"https:\/\/cvinoticias.com\/v3\/wp-json\/wp\/v2\/posts\/57429\/revisions"}],"predecessor-version":[{"id":57439,"href":"https:\/\/cvinoticias.com\/v3\/wp-json\/wp\/v2\/posts\/57429\/revisions\/57439"}],"wp:featuredmedia":[{"embeddable":true,"href":"https:\/\/cvinoticias.com\/v3\/wp-json\/wp\/v2\/media\/57430"}],"wp:attachment":[{"href":"https:\/\/cvinoticias.com\/v3\/wp-json\/wp\/v2\/media?parent=57429"}],"wp:term":[{"taxonomy":"category","embeddable":true,"href":"https:\/\/cvinoticias.com\/v3\/wp-json\/wp\/v2\/categories?post=57429"},{"taxonomy":"post_tag","embeddable":true,"href":"https:\/\/cvinoticias.com\/v3\/wp-json\/wp\/v2\/tags?post=57429"}],"curies":[{"name":"wp","href":"https:\/\/api.w.org\/{rel}","templated":true}]}}