{"id":57411,"date":"2026-04-25T19:18:27","date_gmt":"2026-04-25T22:18:27","guid":{"rendered":"https:\/\/cvinoticias.com\/v3\/?p=57411"},"modified":"2026-04-27T07:12:16","modified_gmt":"2026-04-27T10:12:16","slug":"inauguro-isaac-center-una-nueva-y-completa-opcion-para-el-hogar-en-las-lenas","status":"publish","type":"post","link":"https:\/\/cvinoticias.com\/v3\/inauguro-isaac-center-una-nueva-y-completa-opcion-para-el-hogar-en-las-lenas\/","title":{"rendered":"Inaugur\u00f3 Isaac Center: una nueva y completa opci\u00f3n para el hogar en Las Le\u00f1as"},"content":{"rendered":"\n<p>\u200bEn las \u00faltimas horas, qued\u00f3 oficialmente inaugurado Isaac Center, un moderno local ubicado sobre la Av. N\u00e9stor Kirchner, en el Barrio Las Le\u00f1as, que promete convertirse en el referente de la zona para quienes buscan equipar su casa.<\/p>\n\n\n\n<p>\u200bCVI Noticias dialog\u00f3 con sus propietarios, Patricia Machado y Fabi\u00e1n Rodr\u00edguez, quienes junto a su peque\u00f1o hijo Isaac, celebraron la apertura de este espacio. \u00abHace 3 a\u00f1os arrancamos un sue\u00f1o con mucho esfuerzo y dedicaci\u00f3n. Estamos muy contentos de inaugurar este local en una zona tan importante, entendiendo que la ciudad crece hacia este sector y es vital tener una opci\u00f3n como esta aqu\u00ed\u00bb, destacaron emocionados por la excelente aceptaci\u00f3n de la comunidad.<\/p>\n\n\n\n<figure class=\"wp-block-image size-large\"><a href=\"https:\/\/cvinoticias.com\/wp-content\/uploads\/2026\/04\/e9b666f9-b0b4-4b49-9c64-e1c0773c587e.jpeg\"><img decoding=\"async\" width=\"1024\" height=\"576\" data-src=\"https:\/\/cvinoticias.com\/wp-content\/uploads\/2026\/04\/e9b666f9-b0b4-4b49-9c64-e1c0773c587e-1024x576.jpeg\" alt=\"\" class=\"wp-image-57413 lazyload\" data-srcset=\"https:\/\/cvinoticias.com\/wp-content\/uploads\/2026\/04\/e9b666f9-b0b4-4b49-9c64-e1c0773c587e-1024x576.jpeg 1024w, https:\/\/cvinoticias.com\/wp-content\/uploads\/2026\/04\/e9b666f9-b0b4-4b49-9c64-e1c0773c587e-300x169.jpeg 300w, https:\/\/cvinoticias.com\/wp-content\/uploads\/2026\/04\/e9b666f9-b0b4-4b49-9c64-e1c0773c587e-768x432.jpeg 768w, https:\/\/cvinoticias.com\/wp-content\/uploads\/2026\/04\/e9b666f9-b0b4-4b49-9c64-e1c0773c587e.jpeg 1280w\" data-sizes=\"(max-width: 1024px) 100vw, 1024px\" src=\"data:image\/svg+xml;base64,PHN2ZyB3aWR0aD0iMSIgaGVpZ2h0PSIxIiB4bWxucz0iaHR0cDovL3d3dy53My5vcmcvMjAwMC9zdmciPjwvc3ZnPg==\" style=\"--smush-placeholder-width: 1024px; --smush-placeholder-aspect-ratio: 1024\/576;\" \/><\/a><\/figure>\n\n\n\n<p><br>\u200b<br>\u200bIsaac Center ofrece una propuesta integral que incluye desde electrodom\u00e9sticos de \u00faltima generaci\u00f3n como heladeras, cocinas y lavarropas, hasta muebler\u00eda para renovar cada ambiente, tecnolog\u00eda, y una amplia variedad de art\u00edculos de bazar. El objetivo es que el vecino encuentre desde un peque\u00f1o detalle hasta el equipamiento completo para su vivienda en un mismo sal\u00f3n.<br>\u200b<br>\u200bPensando en la econom\u00eda de las familias de Iguaz\u00fa, el comercio se destaca por su flexibilidad financiera, trabajando con cr\u00e9ditos solo a sola firma, diversas financieras y m\u00faltiples m\u00e9todos de pago. El equipo de trabajo est\u00e1 capacitado para orientar al cliente y brindar una atenci\u00f3n personalizada de lunes a s\u00e1bados, en los horarios de 8:30 a 12:30 y de 16:30 a 20:30 horas. Adem\u00e1s, para mayor comodidad, tambi\u00e9n realizan asesoramiento y ventas a trav\u00e9s de WhatsApp al 3757-453987, facilitando que cada vecino pueda equipar su hogar con la mejor calidad y precio sin salir del barrio.<\/p>\n\n\n\n<figure class=\"wp-block-image size-large\"><a href=\"https:\/\/cvinoticias.com\/wp-content\/uploads\/2026\/04\/c2c7acb5-bc22-44be-8f72-00785562d45a.jpeg\"><img decoding=\"async\" width=\"1024\" height=\"576\" data-src=\"https:\/\/cvinoticias.com\/wp-content\/uploads\/2026\/04\/c2c7acb5-bc22-44be-8f72-00785562d45a-1024x576.jpeg\" alt=\"\" class=\"wp-image-57412 lazyload\" data-srcset=\"https:\/\/cvinoticias.com\/wp-content\/uploads\/2026\/04\/c2c7acb5-bc22-44be-8f72-00785562d45a-1024x576.jpeg 1024w, https:\/\/cvinoticias.com\/wp-content\/uploads\/2026\/04\/c2c7acb5-bc22-44be-8f72-00785562d45a-300x169.jpeg 300w, https:\/\/cvinoticias.com\/wp-content\/uploads\/2026\/04\/c2c7acb5-bc22-44be-8f72-00785562d45a-768x432.jpeg 768w, https:\/\/cvinoticias.com\/wp-content\/uploads\/2026\/04\/c2c7acb5-bc22-44be-8f72-00785562d45a.jpeg 1280w\" data-sizes=\"(max-width: 1024px) 100vw, 1024px\" src=\"data:image\/svg+xml;base64,PHN2ZyB3aWR0aD0iMSIgaGVpZ2h0PSIxIiB4bWxucz0iaHR0cDovL3d3dy53My5vcmcvMjAwMC9zdmciPjwvc3ZnPg==\" style=\"--smush-placeholder-width: 1024px; --smush-placeholder-aspect-ratio: 1024\/576;\" \/><\/a><\/figure>\n\n\n\n<p>Entrevista con: Patricia Machado y Fabian Rodriguez (Propietarios) y Isaac Rodriguez<\/p>\n","protected":false},"excerpt":{"rendered":"<p>\u200bEn las \u00faltimas horas, qued\u00f3 oficialmente inaugurado Isaac Center, un moderno local ubicado sobre la Av. N\u00e9stor Kirchner, en el Barrio Las Le\u00f1as, que promete convertirse en el referente de la zona para quienes buscan equipar su casa. \u200bCVI Noticias dialog\u00f3 con sus propietarios, Patricia Machado y Fabi\u00e1n Rodr\u00edguez, quienes junto a su peque\u00f1o hijo [&hellip;]<\/p>\n","protected":false},"author":2,"featured_media":57414,"comment_status":"open","ping_status":"closed","sticky":false,"template":"","format":"standard","meta":{"footnotes":""},"categories":[47],"tags":[1386,5825,313,4121,5732,2087],"class_list":["post-57411","post","type-post","status-publish","format-standard","has-post-thumbnail","hentry","category-sociedad","tag-casa","tag-center","tag-iguazu","tag-inaugurado","tag-isaac","tag-las-lenas"],"yoast_head":"<!-- This site is optimized with the Yoast SEO plugin v27.4 - https:\/\/yoast.com\/product\/yoast-seo-wordpress\/ -->\n<title>Inaugur\u00f3 Isaac Center en Las Le\u00f1as | CVI NOTICIAS<\/title>\n<meta name=\"description\" content=\"Nuevo local ofrece electrodom\u00e9sticos, muebles y financiaci\u00f3n accesible en Iguaz\u00fa\" \/>\n<meta name=\"robots\" content=\"index, follow, max-snippet:-1, max-image-preview:large, max-video-preview:-1\" \/>\n<link rel=\"canonical\" href=\"https:\/\/cvinoticias.com\/v3\/inauguro-isaac-center-una-nueva-y-completa-opcion-para-el-hogar-en-las-lenas\/\" \/>\n<meta property=\"og:locale\" content=\"es_ES\" \/>\n<meta property=\"og:type\" content=\"article\" \/>\n<meta property=\"og:title\" content=\"Inaugur\u00f3 Isaac Center en Las Le\u00f1as | CVI NOTICIAS\" \/>\n<meta property=\"og:description\" content=\"Nuevo local ofrece electrodom\u00e9sticos, muebles y financiaci\u00f3n accesible en Iguaz\u00fa\" \/>\n<meta property=\"og:url\" content=\"https:\/\/cvinoticias.com\/v3\/inauguro-isaac-center-una-nueva-y-completa-opcion-para-el-hogar-en-las-lenas\/\" \/>\n<meta property=\"og:site_name\" content=\"CVI NOTICIAS\" \/>\n<meta property=\"article:publisher\" content=\"https:\/\/www.facebook.com\/cvinoticias\" \/>\n<meta property=\"article:published_time\" content=\"2026-04-25T22:18:27+00:00\" \/>\n<meta property=\"article:modified_time\" content=\"2026-04-27T10:12:16+00:00\" \/>\n<meta property=\"og:image\" content=\"https:\/\/cvinoticias.com\/wp-content\/uploads\/2026\/04\/7c0fb013-3252-4b5d-ae0f-be37e83c98b0.jpeg\" \/>\n\t<meta property=\"og:image:width\" content=\"1280\" \/>\n\t<meta property=\"og:image:height\" content=\"720\" \/>\n\t<meta property=\"og:image:type\" content=\"image\/jpeg\" \/>\n<meta name=\"author\" content=\"f1000024\" \/>\n<meta name=\"twitter:card\" content=\"summary_large_image\" \/>\n<meta name=\"twitter:label1\" content=\"Escrito por\" \/>\n\t<meta name=\"twitter:data1\" content=\"f1000024\" \/>\n\t<meta name=\"twitter:label2\" content=\"Tiempo de lectura\" \/>\n\t<meta name=\"twitter:data2\" content=\"2 minutos\" \/>\n<script type=\"application\/ld+json\" class=\"yoast-schema-graph\">{\"@context\":\"https:\\\/\\\/schema.org\",\"@graph\":[{\"@type\":\"Article\",\"@id\":\"https:\\\/\\\/cvinoticias.com\\\/v3\\\/inauguro-isaac-center-una-nueva-y-completa-opcion-para-el-hogar-en-las-lenas\\\/#article\",\"isPartOf\":{\"@id\":\"https:\\\/\\\/cvinoticias.com\\\/v3\\\/inauguro-isaac-center-una-nueva-y-completa-opcion-para-el-hogar-en-las-lenas\\\/\"},\"author\":{\"name\":\"f1000024\",\"@id\":\"https:\\\/\\\/cvinoticias.com\\\/v3\\\/#\\\/schema\\\/person\\\/2db77e3c6bc03c538495d7b2b8be9b66\"},\"headline\":\"Inaugur\u00f3 Isaac Center: una nueva y completa opci\u00f3n para el hogar en Las Le\u00f1as\",\"datePublished\":\"2026-04-25T22:18:27+00:00\",\"dateModified\":\"2026-04-27T10:12:16+00:00\",\"mainEntityOfPage\":{\"@id\":\"https:\\\/\\\/cvinoticias.com\\\/v3\\\/inauguro-isaac-center-una-nueva-y-completa-opcion-para-el-hogar-en-las-lenas\\\/\"},\"wordCount\":310,\"commentCount\":0,\"publisher\":{\"@id\":\"https:\\\/\\\/cvinoticias.com\\\/v3\\\/#organization\"},\"image\":{\"@id\":\"https:\\\/\\\/cvinoticias.com\\\/v3\\\/inauguro-isaac-center-una-nueva-y-completa-opcion-para-el-hogar-en-las-lenas\\\/#primaryimage\"},\"thumbnailUrl\":\"https:\\\/\\\/cvinoticias.com\\\/wp-content\\\/uploads\\\/2026\\\/04\\\/7c0fb013-3252-4b5d-ae0f-be37e83c98b0.jpeg\",\"keywords\":[\"Casa\",\"Center\",\"Iguaz\u00fa\",\"inaugurado\",\"Isaac\",\"Las Le\u00f1as\"],\"articleSection\":[\"Sociedad\"],\"inLanguage\":\"es\",\"potentialAction\":[{\"@type\":\"CommentAction\",\"name\":\"Comment\",\"target\":[\"https:\\\/\\\/cvinoticias.com\\\/v3\\\/inauguro-isaac-center-una-nueva-y-completa-opcion-para-el-hogar-en-las-lenas\\\/#respond\"]}]},{\"@type\":\"WebPage\",\"@id\":\"https:\\\/\\\/cvinoticias.com\\\/v3\\\/inauguro-isaac-center-una-nueva-y-completa-opcion-para-el-hogar-en-las-lenas\\\/\",\"url\":\"https:\\\/\\\/cvinoticias.com\\\/v3\\\/inauguro-isaac-center-una-nueva-y-completa-opcion-para-el-hogar-en-las-lenas\\\/\",\"name\":\"Inaugur\u00f3 Isaac Center en Las Le\u00f1as | CVI NOTICIAS\",\"isPartOf\":{\"@id\":\"https:\\\/\\\/cvinoticias.com\\\/v3\\\/#website\"},\"primaryImageOfPage\":{\"@id\":\"https:\\\/\\\/cvinoticias.com\\\/v3\\\/inauguro-isaac-center-una-nueva-y-completa-opcion-para-el-hogar-en-las-lenas\\\/#primaryimage\"},\"image\":{\"@id\":\"https:\\\/\\\/cvinoticias.com\\\/v3\\\/inauguro-isaac-center-una-nueva-y-completa-opcion-para-el-hogar-en-las-lenas\\\/#primaryimage\"},\"thumbnailUrl\":\"https:\\\/\\\/cvinoticias.com\\\/wp-content\\\/uploads\\\/2026\\\/04\\\/7c0fb013-3252-4b5d-ae0f-be37e83c98b0.jpeg\",\"datePublished\":\"2026-04-25T22:18:27+00:00\",\"dateModified\":\"2026-04-27T10:12:16+00:00\",\"description\":\"Nuevo local ofrece electrodom\u00e9sticos, muebles y financiaci\u00f3n accesible en Iguaz\u00fa\",\"breadcrumb\":{\"@id\":\"https:\\\/\\\/cvinoticias.com\\\/v3\\\/inauguro-isaac-center-una-nueva-y-completa-opcion-para-el-hogar-en-las-lenas\\\/#breadcrumb\"},\"inLanguage\":\"es\",\"potentialAction\":[{\"@type\":\"ReadAction\",\"target\":[\"https:\\\/\\\/cvinoticias.com\\\/v3\\\/inauguro-isaac-center-una-nueva-y-completa-opcion-para-el-hogar-en-las-lenas\\\/\"]}]},{\"@type\":\"ImageObject\",\"inLanguage\":\"es\",\"@id\":\"https:\\\/\\\/cvinoticias.com\\\/v3\\\/inauguro-isaac-center-una-nueva-y-completa-opcion-para-el-hogar-en-las-lenas\\\/#primaryimage\",\"url\":\"https:\\\/\\\/cvinoticias.com\\\/wp-content\\\/uploads\\\/2026\\\/04\\\/7c0fb013-3252-4b5d-ae0f-be37e83c98b0.jpeg\",\"contentUrl\":\"https:\\\/\\\/cvinoticias.com\\\/wp-content\\\/uploads\\\/2026\\\/04\\\/7c0fb013-3252-4b5d-ae0f-be37e83c98b0.jpeg\",\"width\":1280,\"height\":720},{\"@type\":\"BreadcrumbList\",\"@id\":\"https:\\\/\\\/cvinoticias.com\\\/v3\\\/inauguro-isaac-center-una-nueva-y-completa-opcion-para-el-hogar-en-las-lenas\\\/#breadcrumb\",\"itemListElement\":[{\"@type\":\"ListItem\",\"position\":1,\"name\":\"Portada\",\"item\":\"https:\\\/\\\/cvinoticias.com\\\/v3\\\/\"},{\"@type\":\"ListItem\",\"position\":2,\"name\":\"Inaugur\u00f3 Isaac Center: una nueva y completa opci\u00f3n para el hogar en Las Le\u00f1as\"}]},{\"@type\":\"WebSite\",\"@id\":\"https:\\\/\\\/cvinoticias.com\\\/v3\\\/#website\",\"url\":\"https:\\\/\\\/cvinoticias.com\\\/v3\\\/\",\"name\":\"CVI NOTICIAS\",\"description\":\"\",\"publisher\":{\"@id\":\"https:\\\/\\\/cvinoticias.com\\\/v3\\\/#organization\"},\"alternateName\":\"CVI\",\"potentialAction\":[{\"@type\":\"SearchAction\",\"target\":{\"@type\":\"EntryPoint\",\"urlTemplate\":\"https:\\\/\\\/cvinoticias.com\\\/v3\\\/?s={search_term_string}\"},\"query-input\":{\"@type\":\"PropertyValueSpecification\",\"valueRequired\":true,\"valueName\":\"search_term_string\"}}],\"inLanguage\":\"es\"},{\"@type\":\"Organization\",\"@id\":\"https:\\\/\\\/cvinoticias.com\\\/v3\\\/#organization\",\"name\":\"CVI NOTICIAS\",\"url\":\"https:\\\/\\\/cvinoticias.com\\\/v3\\\/\",\"logo\":{\"@type\":\"ImageObject\",\"inLanguage\":\"es\",\"@id\":\"https:\\\/\\\/cvinoticias.com\\\/v3\\\/#\\\/schema\\\/logo\\\/image\\\/\",\"url\":\"https:\\\/\\\/cvinoticias.com\\\/wp-content\\\/uploads\\\/2023\\\/04\\\/cropped-cropped-cropped-cropped-cropped-3-1.png\",\"contentUrl\":\"https:\\\/\\\/cvinoticias.com\\\/wp-content\\\/uploads\\\/2023\\\/04\\\/cropped-cropped-cropped-cropped-cropped-3-1.png\",\"width\":95,\"height\":122,\"caption\":\"CVI NOTICIAS\"},\"image\":{\"@id\":\"https:\\\/\\\/cvinoticias.com\\\/v3\\\/#\\\/schema\\\/logo\\\/image\\\/\"},\"sameAs\":[\"https:\\\/\\\/www.facebook.com\\\/cvinoticias\",\"https:\\\/\\\/www.instagram.com\\\/cvinoticias\\\/\",\"https:\\\/\\\/www.youtube.com\\\/@CVINOTICIAS\"]},{\"@type\":\"Person\",\"@id\":\"https:\\\/\\\/cvinoticias.com\\\/v3\\\/#\\\/schema\\\/person\\\/2db77e3c6bc03c538495d7b2b8be9b66\",\"name\":\"f1000024\",\"image\":{\"@type\":\"ImageObject\",\"inLanguage\":\"es\",\"@id\":\"https:\\\/\\\/secure.gravatar.com\\\/avatar\\\/d4fe7459cfc51ff5129ce1a732bbef5928568b8092d412ef95611616376bbeed?s=96&d=mm&r=g\",\"url\":\"https:\\\/\\\/secure.gravatar.com\\\/avatar\\\/d4fe7459cfc51ff5129ce1a732bbef5928568b8092d412ef95611616376bbeed?s=96&d=mm&r=g\",\"contentUrl\":\"https:\\\/\\\/secure.gravatar.com\\\/avatar\\\/d4fe7459cfc51ff5129ce1a732bbef5928568b8092d412ef95611616376bbeed?s=96&d=mm&r=g\",\"caption\":\"f1000024\"},\"url\":\"https:\\\/\\\/cvinoticias.com\\\/v3\\\/author\\\/f1000024\\\/\"}]}<\/script>\n<!-- \/ Yoast SEO plugin. -->","yoast_head_json":{"title":"Inaugur\u00f3 Isaac Center en Las Le\u00f1as | CVI NOTICIAS","description":"Nuevo local ofrece electrodom\u00e9sticos, muebles y financiaci\u00f3n accesible en Iguaz\u00fa","robots":{"index":"index","follow":"follow","max-snippet":"max-snippet:-1","max-image-preview":"max-image-preview:large","max-video-preview":"max-video-preview:-1"},"canonical":"https:\/\/cvinoticias.com\/v3\/inauguro-isaac-center-una-nueva-y-completa-opcion-para-el-hogar-en-las-lenas\/","og_locale":"es_ES","og_type":"article","og_title":"Inaugur\u00f3 Isaac Center en Las Le\u00f1as | CVI NOTICIAS","og_description":"Nuevo local ofrece electrodom\u00e9sticos, muebles y financiaci\u00f3n accesible en Iguaz\u00fa","og_url":"https:\/\/cvinoticias.com\/v3\/inauguro-isaac-center-una-nueva-y-completa-opcion-para-el-hogar-en-las-lenas\/","og_site_name":"CVI NOTICIAS","article_publisher":"https:\/\/www.facebook.com\/cvinoticias","article_published_time":"2026-04-25T22:18:27+00:00","article_modified_time":"2026-04-27T10:12:16+00:00","og_image":[{"width":1280,"height":720,"url":"https:\/\/cvinoticias.com\/wp-content\/uploads\/2026\/04\/7c0fb013-3252-4b5d-ae0f-be37e83c98b0.jpeg","type":"image\/jpeg"}],"author":"f1000024","twitter_card":"summary_large_image","twitter_misc":{"Escrito por":"f1000024","Tiempo de lectura":"2 minutos"},"schema":{"@context":"https:\/\/schema.org","@graph":[{"@type":"Article","@id":"https:\/\/cvinoticias.com\/v3\/inauguro-isaac-center-una-nueva-y-completa-opcion-para-el-hogar-en-las-lenas\/#article","isPartOf":{"@id":"https:\/\/cvinoticias.com\/v3\/inauguro-isaac-center-una-nueva-y-completa-opcion-para-el-hogar-en-las-lenas\/"},"author":{"name":"f1000024","@id":"https:\/\/cvinoticias.com\/v3\/#\/schema\/person\/2db77e3c6bc03c538495d7b2b8be9b66"},"headline":"Inaugur\u00f3 Isaac Center: una nueva y completa opci\u00f3n para el hogar en Las Le\u00f1as","datePublished":"2026-04-25T22:18:27+00:00","dateModified":"2026-04-27T10:12:16+00:00","mainEntityOfPage":{"@id":"https:\/\/cvinoticias.com\/v3\/inauguro-isaac-center-una-nueva-y-completa-opcion-para-el-hogar-en-las-lenas\/"},"wordCount":310,"commentCount":0,"publisher":{"@id":"https:\/\/cvinoticias.com\/v3\/#organization"},"image":{"@id":"https:\/\/cvinoticias.com\/v3\/inauguro-isaac-center-una-nueva-y-completa-opcion-para-el-hogar-en-las-lenas\/#primaryimage"},"thumbnailUrl":"https:\/\/cvinoticias.com\/wp-content\/uploads\/2026\/04\/7c0fb013-3252-4b5d-ae0f-be37e83c98b0.jpeg","keywords":["Casa","Center","Iguaz\u00fa","inaugurado","Isaac","Las Le\u00f1as"],"articleSection":["Sociedad"],"inLanguage":"es","potentialAction":[{"@type":"CommentAction","name":"Comment","target":["https:\/\/cvinoticias.com\/v3\/inauguro-isaac-center-una-nueva-y-completa-opcion-para-el-hogar-en-las-lenas\/#respond"]}]},{"@type":"WebPage","@id":"https:\/\/cvinoticias.com\/v3\/inauguro-isaac-center-una-nueva-y-completa-opcion-para-el-hogar-en-las-lenas\/","url":"https:\/\/cvinoticias.com\/v3\/inauguro-isaac-center-una-nueva-y-completa-opcion-para-el-hogar-en-las-lenas\/","name":"Inaugur\u00f3 Isaac Center en Las Le\u00f1as | CVI NOTICIAS","isPartOf":{"@id":"https:\/\/cvinoticias.com\/v3\/#website"},"primaryImageOfPage":{"@id":"https:\/\/cvinoticias.com\/v3\/inauguro-isaac-center-una-nueva-y-completa-opcion-para-el-hogar-en-las-lenas\/#primaryimage"},"image":{"@id":"https:\/\/cvinoticias.com\/v3\/inauguro-isaac-center-una-nueva-y-completa-opcion-para-el-hogar-en-las-lenas\/#primaryimage"},"thumbnailUrl":"https:\/\/cvinoticias.com\/wp-content\/uploads\/2026\/04\/7c0fb013-3252-4b5d-ae0f-be37e83c98b0.jpeg","datePublished":"2026-04-25T22:18:27+00:00","dateModified":"2026-04-27T10:12:16+00:00","description":"Nuevo local ofrece electrodom\u00e9sticos, muebles y financiaci\u00f3n accesible en Iguaz\u00fa","breadcrumb":{"@id":"https:\/\/cvinoticias.com\/v3\/inauguro-isaac-center-una-nueva-y-completa-opcion-para-el-hogar-en-las-lenas\/#breadcrumb"},"inLanguage":"es","potentialAction":[{"@type":"ReadAction","target":["https:\/\/cvinoticias.com\/v3\/inauguro-isaac-center-una-nueva-y-completa-opcion-para-el-hogar-en-las-lenas\/"]}]},{"@type":"ImageObject","inLanguage":"es","@id":"https:\/\/cvinoticias.com\/v3\/inauguro-isaac-center-una-nueva-y-completa-opcion-para-el-hogar-en-las-lenas\/#primaryimage","url":"https:\/\/cvinoticias.com\/wp-content\/uploads\/2026\/04\/7c0fb013-3252-4b5d-ae0f-be37e83c98b0.jpeg","contentUrl":"https:\/\/cvinoticias.com\/wp-content\/uploads\/2026\/04\/7c0fb013-3252-4b5d-ae0f-be37e83c98b0.jpeg","width":1280,"height":720},{"@type":"BreadcrumbList","@id":"https:\/\/cvinoticias.com\/v3\/inauguro-isaac-center-una-nueva-y-completa-opcion-para-el-hogar-en-las-lenas\/#breadcrumb","itemListElement":[{"@type":"ListItem","position":1,"name":"Portada","item":"https:\/\/cvinoticias.com\/v3\/"},{"@type":"ListItem","position":2,"name":"Inaugur\u00f3 Isaac Center: una nueva y completa opci\u00f3n para el hogar en Las Le\u00f1as"}]},{"@type":"WebSite","@id":"https:\/\/cvinoticias.com\/v3\/#website","url":"https:\/\/cvinoticias.com\/v3\/","name":"CVI NOTICIAS","description":"","publisher":{"@id":"https:\/\/cvinoticias.com\/v3\/#organization"},"alternateName":"CVI","potentialAction":[{"@type":"SearchAction","target":{"@type":"EntryPoint","urlTemplate":"https:\/\/cvinoticias.com\/v3\/?s={search_term_string}"},"query-input":{"@type":"PropertyValueSpecification","valueRequired":true,"valueName":"search_term_string"}}],"inLanguage":"es"},{"@type":"Organization","@id":"https:\/\/cvinoticias.com\/v3\/#organization","name":"CVI NOTICIAS","url":"https:\/\/cvinoticias.com\/v3\/","logo":{"@type":"ImageObject","inLanguage":"es","@id":"https:\/\/cvinoticias.com\/v3\/#\/schema\/logo\/image\/","url":"https:\/\/cvinoticias.com\/wp-content\/uploads\/2023\/04\/cropped-cropped-cropped-cropped-cropped-3-1.png","contentUrl":"https:\/\/cvinoticias.com\/wp-content\/uploads\/2023\/04\/cropped-cropped-cropped-cropped-cropped-3-1.png","width":95,"height":122,"caption":"CVI NOTICIAS"},"image":{"@id":"https:\/\/cvinoticias.com\/v3\/#\/schema\/logo\/image\/"},"sameAs":["https:\/\/www.facebook.com\/cvinoticias","https:\/\/www.instagram.com\/cvinoticias\/","https:\/\/www.youtube.com\/@CVINOTICIAS"]},{"@type":"Person","@id":"https:\/\/cvinoticias.com\/v3\/#\/schema\/person\/2db77e3c6bc03c538495d7b2b8be9b66","name":"f1000024","image":{"@type":"ImageObject","inLanguage":"es","@id":"https:\/\/secure.gravatar.com\/avatar\/d4fe7459cfc51ff5129ce1a732bbef5928568b8092d412ef95611616376bbeed?s=96&d=mm&r=g","url":"https:\/\/secure.gravatar.com\/avatar\/d4fe7459cfc51ff5129ce1a732bbef5928568b8092d412ef95611616376bbeed?s=96&d=mm&r=g","contentUrl":"https:\/\/secure.gravatar.com\/avatar\/d4fe7459cfc51ff5129ce1a732bbef5928568b8092d412ef95611616376bbeed?s=96&d=mm&r=g","caption":"f1000024"},"url":"https:\/\/cvinoticias.com\/v3\/author\/f1000024\/"}]}},"_links":{"self":[{"href":"https:\/\/cvinoticias.com\/v3\/wp-json\/wp\/v2\/posts\/57411","targetHints":{"allow":["GET"]}}],"collection":[{"href":"https:\/\/cvinoticias.com\/v3\/wp-json\/wp\/v2\/posts"}],"about":[{"href":"https:\/\/cvinoticias.com\/v3\/wp-json\/wp\/v2\/types\/post"}],"author":[{"embeddable":true,"href":"https:\/\/cvinoticias.com\/v3\/wp-json\/wp\/v2\/users\/2"}],"replies":[{"embeddable":true,"href":"https:\/\/cvinoticias.com\/v3\/wp-json\/wp\/v2\/comments?post=57411"}],"version-history":[{"count":1,"href":"https:\/\/cvinoticias.com\/v3\/wp-json\/wp\/v2\/posts\/57411\/revisions"}],"predecessor-version":[{"id":57417,"href":"https:\/\/cvinoticias.com\/v3\/wp-json\/wp\/v2\/posts\/57411\/revisions\/57417"}],"wp:featuredmedia":[{"embeddable":true,"href":"https:\/\/cvinoticias.com\/v3\/wp-json\/wp\/v2\/media\/57414"}],"wp:attachment":[{"href":"https:\/\/cvinoticias.com\/v3\/wp-json\/wp\/v2\/media?parent=57411"}],"wp:term":[{"taxonomy":"category","embeddable":true,"href":"https:\/\/cvinoticias.com\/v3\/wp-json\/wp\/v2\/categories?post=57411"},{"taxonomy":"post_tag","embeddable":true,"href":"https:\/\/cvinoticias.com\/v3\/wp-json\/wp\/v2\/tags?post=57411"}],"curies":[{"name":"wp","href":"https:\/\/api.w.org\/{rel}","templated":true}]}}