{"id":57410,"date":"2026-04-25T12:11:25","date_gmt":"2026-04-25T15:11:25","guid":{"rendered":"https:\/\/cvinoticias.com\/v3\/?p=57410"},"modified":"2026-04-27T07:12:43","modified_gmt":"2026-04-27T10:12:43","slug":"como-colaborar-en-la-jornada-con-las-iglesias-catolicas","status":"publish","type":"post","link":"https:\/\/cvinoticias.com\/v3\/como-colaborar-en-la-jornada-con-las-iglesias-catolicas\/","title":{"rendered":"C\u00f3mo colaborar en la jornada con las iglesias cat\u00f3licas"},"content":{"rendered":"\n<p>\u200bLa comunidad cat\u00f3lica de Puerto Iguaz\u00fa vive hoy una fecha de profunda reflexi\u00f3n y compromiso. Bajo el lema de la Jornada del Buen Pastor, la Parroquia Cristo Redentor invita a todos los fieles a sumarse a una jornada especial de oraci\u00f3n por las vocaciones, con el fin de pedir por quienes entregan su vida al servicio del pr\u00f3jimo y alentar a los j\u00f3venes que sienten este llamado.<\/p>\n\n\n\n<p>\u200bEste encuentro no solo tiene un sentido espiritual, sino tambi\u00e9n un fuerte componente solidario. Durante las misas de este domingo, se llevar\u00e1 a cabo una colecta especial destinada \u00edntegramente al sostenimiento del Seminario, el espacio donde se forman los futuros sacerdotes que ma\u00f1ana servir\u00e1n a nuestra comunidad.<br>\u200b<br>\u200bPara colaborar con esta causa, los vecinos pueden acercar sus donaciones de alimentos no perecederos directamente a la instituci\u00f3n, entendiendo que cada aporte es fundamental para el d\u00eda a d\u00eda de los seminaristas.<\/p>\n\n\n\n<p>Asimismo, se invita a participar de la ofrenda econ\u00f3mica durante las celebraciones religiosas, un gesto que permite cubrir los costos de formaci\u00f3n y estudios de los futuros servidores de la Iglesia.<\/p>\n\n\n\n<p>\u200bDesde la Parroquia Cristo Redentor destacan que cada donaci\u00f3n, por peque\u00f1a que sea, representa una \u00absemilla de esperanza\u00bb. Es una oportunidad para que todo el pueblo de Iguaz\u00fa se convierta en protagonista de esta obra, ayudando a que el mensaje del Buen Pastor siga llegando a cada rinc\u00f3n de nuestra provincia a trav\u00e9s de nuevas y generosas vocaciones.<\/p>\n","protected":false},"excerpt":{"rendered":"<p>\u200bLa comunidad cat\u00f3lica de Puerto Iguaz\u00fa vive hoy una fecha de profunda reflexi\u00f3n y compromiso. Bajo el lema de la Jornada del Buen Pastor, la Parroquia Cristo Redentor invita a todos los fieles a sumarse a una jornada especial de oraci\u00f3n por las vocaciones, con el fin de pedir por quienes entregan su vida al [&hellip;]<\/p>\n","protected":false},"author":2,"featured_media":57415,"comment_status":"open","ping_status":"closed","sticky":false,"template":"","format":"standard","meta":{"footnotes":""},"categories":[47],"tags":[1309,1493,313,391,5820],"class_list":["post-57410","post","type-post","status-publish","format-standard","has-post-thumbnail","hentry","category-sociedad","tag-compromiso","tag-comunidad","tag-iguazu","tag-jovenes","tag-pastor"],"yoast_head":"<!-- This site is optimized with the Yoast SEO plugin v27.4 - https:\/\/yoast.com\/product\/yoast-seo-wordpress\/ -->\n<title>C\u00f3mo colaborar con iglesias cat\u00f3licas en Iguaz\u00fa | CVI NOTICIAS<\/title>\n<meta name=\"description\" content=\"Invitan a donar alimentos y aportar en colecta por el seminario en Iguaz\u00fa\" \/>\n<meta name=\"robots\" content=\"index, follow, max-snippet:-1, max-image-preview:large, max-video-preview:-1\" \/>\n<link rel=\"canonical\" href=\"https:\/\/cvinoticias.com\/v3\/como-colaborar-en-la-jornada-con-las-iglesias-catolicas\/\" \/>\n<meta property=\"og:locale\" content=\"es_ES\" \/>\n<meta property=\"og:type\" content=\"article\" \/>\n<meta property=\"og:title\" content=\"C\u00f3mo colaborar con iglesias cat\u00f3licas en Iguaz\u00fa | CVI NOTICIAS\" \/>\n<meta property=\"og:description\" content=\"Invitan a donar alimentos y aportar en colecta por el seminario en Iguaz\u00fa\" \/>\n<meta property=\"og:url\" content=\"https:\/\/cvinoticias.com\/v3\/como-colaborar-en-la-jornada-con-las-iglesias-catolicas\/\" \/>\n<meta property=\"og:site_name\" content=\"CVI NOTICIAS\" \/>\n<meta property=\"article:publisher\" content=\"https:\/\/www.facebook.com\/cvinoticias\" \/>\n<meta property=\"article:published_time\" content=\"2026-04-25T15:11:25+00:00\" \/>\n<meta property=\"article:modified_time\" content=\"2026-04-27T10:12:43+00:00\" \/>\n<meta property=\"og:image\" content=\"https:\/\/cvinoticias.com\/wp-content\/uploads\/2026\/04\/df5895d7-f00a-4871-93d8-1c18a280cb56.jpeg\" \/>\n\t<meta property=\"og:image:width\" content=\"1024\" \/>\n\t<meta property=\"og:image:height\" content=\"1536\" \/>\n\t<meta property=\"og:image:type\" content=\"image\/jpeg\" \/>\n<meta name=\"author\" content=\"f1000024\" \/>\n<meta name=\"twitter:card\" content=\"summary_large_image\" \/>\n<meta name=\"twitter:label1\" content=\"Escrito por\" \/>\n\t<meta name=\"twitter:data1\" content=\"f1000024\" \/>\n\t<meta name=\"twitter:label2\" content=\"Tiempo de lectura\" \/>\n\t<meta name=\"twitter:data2\" content=\"2 minutos\" \/>\n<script type=\"application\/ld+json\" class=\"yoast-schema-graph\">{\"@context\":\"https:\\\/\\\/schema.org\",\"@graph\":[{\"@type\":\"Article\",\"@id\":\"https:\\\/\\\/cvinoticias.com\\\/v3\\\/como-colaborar-en-la-jornada-con-las-iglesias-catolicas\\\/#article\",\"isPartOf\":{\"@id\":\"https:\\\/\\\/cvinoticias.com\\\/v3\\\/como-colaborar-en-la-jornada-con-las-iglesias-catolicas\\\/\"},\"author\":{\"name\":\"f1000024\",\"@id\":\"https:\\\/\\\/cvinoticias.com\\\/v3\\\/#\\\/schema\\\/person\\\/2db77e3c6bc03c538495d7b2b8be9b66\"},\"headline\":\"C\u00f3mo colaborar en la jornada con las iglesias cat\u00f3licas\",\"datePublished\":\"2026-04-25T15:11:25+00:00\",\"dateModified\":\"2026-04-27T10:12:43+00:00\",\"mainEntityOfPage\":{\"@id\":\"https:\\\/\\\/cvinoticias.com\\\/v3\\\/como-colaborar-en-la-jornada-con-las-iglesias-catolicas\\\/\"},\"wordCount\":264,\"commentCount\":0,\"publisher\":{\"@id\":\"https:\\\/\\\/cvinoticias.com\\\/v3\\\/#organization\"},\"image\":{\"@id\":\"https:\\\/\\\/cvinoticias.com\\\/v3\\\/como-colaborar-en-la-jornada-con-las-iglesias-catolicas\\\/#primaryimage\"},\"thumbnailUrl\":\"https:\\\/\\\/cvinoticias.com\\\/wp-content\\\/uploads\\\/2026\\\/04\\\/df5895d7-f00a-4871-93d8-1c18a280cb56.jpeg\",\"keywords\":[\"Compromiso\",\"Comunidad\",\"Iguaz\u00fa\",\"J\u00f3venes\",\"Pastor\"],\"articleSection\":[\"Sociedad\"],\"inLanguage\":\"es\",\"potentialAction\":[{\"@type\":\"CommentAction\",\"name\":\"Comment\",\"target\":[\"https:\\\/\\\/cvinoticias.com\\\/v3\\\/como-colaborar-en-la-jornada-con-las-iglesias-catolicas\\\/#respond\"]}]},{\"@type\":\"WebPage\",\"@id\":\"https:\\\/\\\/cvinoticias.com\\\/v3\\\/como-colaborar-en-la-jornada-con-las-iglesias-catolicas\\\/\",\"url\":\"https:\\\/\\\/cvinoticias.com\\\/v3\\\/como-colaborar-en-la-jornada-con-las-iglesias-catolicas\\\/\",\"name\":\"C\u00f3mo colaborar con iglesias cat\u00f3licas en Iguaz\u00fa | CVI NOTICIAS\",\"isPartOf\":{\"@id\":\"https:\\\/\\\/cvinoticias.com\\\/v3\\\/#website\"},\"primaryImageOfPage\":{\"@id\":\"https:\\\/\\\/cvinoticias.com\\\/v3\\\/como-colaborar-en-la-jornada-con-las-iglesias-catolicas\\\/#primaryimage\"},\"image\":{\"@id\":\"https:\\\/\\\/cvinoticias.com\\\/v3\\\/como-colaborar-en-la-jornada-con-las-iglesias-catolicas\\\/#primaryimage\"},\"thumbnailUrl\":\"https:\\\/\\\/cvinoticias.com\\\/wp-content\\\/uploads\\\/2026\\\/04\\\/df5895d7-f00a-4871-93d8-1c18a280cb56.jpeg\",\"datePublished\":\"2026-04-25T15:11:25+00:00\",\"dateModified\":\"2026-04-27T10:12:43+00:00\",\"description\":\"Invitan a donar alimentos y aportar en colecta por el seminario en Iguaz\u00fa\",\"breadcrumb\":{\"@id\":\"https:\\\/\\\/cvinoticias.com\\\/v3\\\/como-colaborar-en-la-jornada-con-las-iglesias-catolicas\\\/#breadcrumb\"},\"inLanguage\":\"es\",\"potentialAction\":[{\"@type\":\"ReadAction\",\"target\":[\"https:\\\/\\\/cvinoticias.com\\\/v3\\\/como-colaborar-en-la-jornada-con-las-iglesias-catolicas\\\/\"]}]},{\"@type\":\"ImageObject\",\"inLanguage\":\"es\",\"@id\":\"https:\\\/\\\/cvinoticias.com\\\/v3\\\/como-colaborar-en-la-jornada-con-las-iglesias-catolicas\\\/#primaryimage\",\"url\":\"https:\\\/\\\/cvinoticias.com\\\/wp-content\\\/uploads\\\/2026\\\/04\\\/df5895d7-f00a-4871-93d8-1c18a280cb56.jpeg\",\"contentUrl\":\"https:\\\/\\\/cvinoticias.com\\\/wp-content\\\/uploads\\\/2026\\\/04\\\/df5895d7-f00a-4871-93d8-1c18a280cb56.jpeg\",\"width\":1024,\"height\":1536},{\"@type\":\"BreadcrumbList\",\"@id\":\"https:\\\/\\\/cvinoticias.com\\\/v3\\\/como-colaborar-en-la-jornada-con-las-iglesias-catolicas\\\/#breadcrumb\",\"itemListElement\":[{\"@type\":\"ListItem\",\"position\":1,\"name\":\"Portada\",\"item\":\"https:\\\/\\\/cvinoticias.com\\\/v3\\\/\"},{\"@type\":\"ListItem\",\"position\":2,\"name\":\"C\u00f3mo colaborar en la jornada con las iglesias cat\u00f3licas\"}]},{\"@type\":\"WebSite\",\"@id\":\"https:\\\/\\\/cvinoticias.com\\\/v3\\\/#website\",\"url\":\"https:\\\/\\\/cvinoticias.com\\\/v3\\\/\",\"name\":\"CVI NOTICIAS\",\"description\":\"\",\"publisher\":{\"@id\":\"https:\\\/\\\/cvinoticias.com\\\/v3\\\/#organization\"},\"alternateName\":\"CVI\",\"potentialAction\":[{\"@type\":\"SearchAction\",\"target\":{\"@type\":\"EntryPoint\",\"urlTemplate\":\"https:\\\/\\\/cvinoticias.com\\\/v3\\\/?s={search_term_string}\"},\"query-input\":{\"@type\":\"PropertyValueSpecification\",\"valueRequired\":true,\"valueName\":\"search_term_string\"}}],\"inLanguage\":\"es\"},{\"@type\":\"Organization\",\"@id\":\"https:\\\/\\\/cvinoticias.com\\\/v3\\\/#organization\",\"name\":\"CVI NOTICIAS\",\"url\":\"https:\\\/\\\/cvinoticias.com\\\/v3\\\/\",\"logo\":{\"@type\":\"ImageObject\",\"inLanguage\":\"es\",\"@id\":\"https:\\\/\\\/cvinoticias.com\\\/v3\\\/#\\\/schema\\\/logo\\\/image\\\/\",\"url\":\"https:\\\/\\\/cvinoticias.com\\\/wp-content\\\/uploads\\\/2023\\\/04\\\/cropped-cropped-cropped-cropped-cropped-3-1.png\",\"contentUrl\":\"https:\\\/\\\/cvinoticias.com\\\/wp-content\\\/uploads\\\/2023\\\/04\\\/cropped-cropped-cropped-cropped-cropped-3-1.png\",\"width\":95,\"height\":122,\"caption\":\"CVI NOTICIAS\"},\"image\":{\"@id\":\"https:\\\/\\\/cvinoticias.com\\\/v3\\\/#\\\/schema\\\/logo\\\/image\\\/\"},\"sameAs\":[\"https:\\\/\\\/www.facebook.com\\\/cvinoticias\",\"https:\\\/\\\/www.instagram.com\\\/cvinoticias\\\/\",\"https:\\\/\\\/www.youtube.com\\\/@CVINOTICIAS\"]},{\"@type\":\"Person\",\"@id\":\"https:\\\/\\\/cvinoticias.com\\\/v3\\\/#\\\/schema\\\/person\\\/2db77e3c6bc03c538495d7b2b8be9b66\",\"name\":\"f1000024\",\"image\":{\"@type\":\"ImageObject\",\"inLanguage\":\"es\",\"@id\":\"https:\\\/\\\/secure.gravatar.com\\\/avatar\\\/d4fe7459cfc51ff5129ce1a732bbef5928568b8092d412ef95611616376bbeed?s=96&d=mm&r=g\",\"url\":\"https:\\\/\\\/secure.gravatar.com\\\/avatar\\\/d4fe7459cfc51ff5129ce1a732bbef5928568b8092d412ef95611616376bbeed?s=96&d=mm&r=g\",\"contentUrl\":\"https:\\\/\\\/secure.gravatar.com\\\/avatar\\\/d4fe7459cfc51ff5129ce1a732bbef5928568b8092d412ef95611616376bbeed?s=96&d=mm&r=g\",\"caption\":\"f1000024\"},\"url\":\"https:\\\/\\\/cvinoticias.com\\\/v3\\\/author\\\/f1000024\\\/\"}]}<\/script>\n<!-- \/ Yoast SEO plugin. -->","yoast_head_json":{"title":"C\u00f3mo colaborar con iglesias cat\u00f3licas en Iguaz\u00fa | CVI NOTICIAS","description":"Invitan a donar alimentos y aportar en colecta por el seminario en Iguaz\u00fa","robots":{"index":"index","follow":"follow","max-snippet":"max-snippet:-1","max-image-preview":"max-image-preview:large","max-video-preview":"max-video-preview:-1"},"canonical":"https:\/\/cvinoticias.com\/v3\/como-colaborar-en-la-jornada-con-las-iglesias-catolicas\/","og_locale":"es_ES","og_type":"article","og_title":"C\u00f3mo colaborar con iglesias cat\u00f3licas en Iguaz\u00fa | CVI NOTICIAS","og_description":"Invitan a donar alimentos y aportar en colecta por el seminario en Iguaz\u00fa","og_url":"https:\/\/cvinoticias.com\/v3\/como-colaborar-en-la-jornada-con-las-iglesias-catolicas\/","og_site_name":"CVI NOTICIAS","article_publisher":"https:\/\/www.facebook.com\/cvinoticias","article_published_time":"2026-04-25T15:11:25+00:00","article_modified_time":"2026-04-27T10:12:43+00:00","og_image":[{"width":1024,"height":1536,"url":"https:\/\/cvinoticias.com\/wp-content\/uploads\/2026\/04\/df5895d7-f00a-4871-93d8-1c18a280cb56.jpeg","type":"image\/jpeg"}],"author":"f1000024","twitter_card":"summary_large_image","twitter_misc":{"Escrito por":"f1000024","Tiempo de lectura":"2 minutos"},"schema":{"@context":"https:\/\/schema.org","@graph":[{"@type":"Article","@id":"https:\/\/cvinoticias.com\/v3\/como-colaborar-en-la-jornada-con-las-iglesias-catolicas\/#article","isPartOf":{"@id":"https:\/\/cvinoticias.com\/v3\/como-colaborar-en-la-jornada-con-las-iglesias-catolicas\/"},"author":{"name":"f1000024","@id":"https:\/\/cvinoticias.com\/v3\/#\/schema\/person\/2db77e3c6bc03c538495d7b2b8be9b66"},"headline":"C\u00f3mo colaborar en la jornada con las iglesias cat\u00f3licas","datePublished":"2026-04-25T15:11:25+00:00","dateModified":"2026-04-27T10:12:43+00:00","mainEntityOfPage":{"@id":"https:\/\/cvinoticias.com\/v3\/como-colaborar-en-la-jornada-con-las-iglesias-catolicas\/"},"wordCount":264,"commentCount":0,"publisher":{"@id":"https:\/\/cvinoticias.com\/v3\/#organization"},"image":{"@id":"https:\/\/cvinoticias.com\/v3\/como-colaborar-en-la-jornada-con-las-iglesias-catolicas\/#primaryimage"},"thumbnailUrl":"https:\/\/cvinoticias.com\/wp-content\/uploads\/2026\/04\/df5895d7-f00a-4871-93d8-1c18a280cb56.jpeg","keywords":["Compromiso","Comunidad","Iguaz\u00fa","J\u00f3venes","Pastor"],"articleSection":["Sociedad"],"inLanguage":"es","potentialAction":[{"@type":"CommentAction","name":"Comment","target":["https:\/\/cvinoticias.com\/v3\/como-colaborar-en-la-jornada-con-las-iglesias-catolicas\/#respond"]}]},{"@type":"WebPage","@id":"https:\/\/cvinoticias.com\/v3\/como-colaborar-en-la-jornada-con-las-iglesias-catolicas\/","url":"https:\/\/cvinoticias.com\/v3\/como-colaborar-en-la-jornada-con-las-iglesias-catolicas\/","name":"C\u00f3mo colaborar con iglesias cat\u00f3licas en Iguaz\u00fa | CVI NOTICIAS","isPartOf":{"@id":"https:\/\/cvinoticias.com\/v3\/#website"},"primaryImageOfPage":{"@id":"https:\/\/cvinoticias.com\/v3\/como-colaborar-en-la-jornada-con-las-iglesias-catolicas\/#primaryimage"},"image":{"@id":"https:\/\/cvinoticias.com\/v3\/como-colaborar-en-la-jornada-con-las-iglesias-catolicas\/#primaryimage"},"thumbnailUrl":"https:\/\/cvinoticias.com\/wp-content\/uploads\/2026\/04\/df5895d7-f00a-4871-93d8-1c18a280cb56.jpeg","datePublished":"2026-04-25T15:11:25+00:00","dateModified":"2026-04-27T10:12:43+00:00","description":"Invitan a donar alimentos y aportar en colecta por el seminario en Iguaz\u00fa","breadcrumb":{"@id":"https:\/\/cvinoticias.com\/v3\/como-colaborar-en-la-jornada-con-las-iglesias-catolicas\/#breadcrumb"},"inLanguage":"es","potentialAction":[{"@type":"ReadAction","target":["https:\/\/cvinoticias.com\/v3\/como-colaborar-en-la-jornada-con-las-iglesias-catolicas\/"]}]},{"@type":"ImageObject","inLanguage":"es","@id":"https:\/\/cvinoticias.com\/v3\/como-colaborar-en-la-jornada-con-las-iglesias-catolicas\/#primaryimage","url":"https:\/\/cvinoticias.com\/wp-content\/uploads\/2026\/04\/df5895d7-f00a-4871-93d8-1c18a280cb56.jpeg","contentUrl":"https:\/\/cvinoticias.com\/wp-content\/uploads\/2026\/04\/df5895d7-f00a-4871-93d8-1c18a280cb56.jpeg","width":1024,"height":1536},{"@type":"BreadcrumbList","@id":"https:\/\/cvinoticias.com\/v3\/como-colaborar-en-la-jornada-con-las-iglesias-catolicas\/#breadcrumb","itemListElement":[{"@type":"ListItem","position":1,"name":"Portada","item":"https:\/\/cvinoticias.com\/v3\/"},{"@type":"ListItem","position":2,"name":"C\u00f3mo colaborar en la jornada con las iglesias cat\u00f3licas"}]},{"@type":"WebSite","@id":"https:\/\/cvinoticias.com\/v3\/#website","url":"https:\/\/cvinoticias.com\/v3\/","name":"CVI NOTICIAS","description":"","publisher":{"@id":"https:\/\/cvinoticias.com\/v3\/#organization"},"alternateName":"CVI","potentialAction":[{"@type":"SearchAction","target":{"@type":"EntryPoint","urlTemplate":"https:\/\/cvinoticias.com\/v3\/?s={search_term_string}"},"query-input":{"@type":"PropertyValueSpecification","valueRequired":true,"valueName":"search_term_string"}}],"inLanguage":"es"},{"@type":"Organization","@id":"https:\/\/cvinoticias.com\/v3\/#organization","name":"CVI NOTICIAS","url":"https:\/\/cvinoticias.com\/v3\/","logo":{"@type":"ImageObject","inLanguage":"es","@id":"https:\/\/cvinoticias.com\/v3\/#\/schema\/logo\/image\/","url":"https:\/\/cvinoticias.com\/wp-content\/uploads\/2023\/04\/cropped-cropped-cropped-cropped-cropped-3-1.png","contentUrl":"https:\/\/cvinoticias.com\/wp-content\/uploads\/2023\/04\/cropped-cropped-cropped-cropped-cropped-3-1.png","width":95,"height":122,"caption":"CVI NOTICIAS"},"image":{"@id":"https:\/\/cvinoticias.com\/v3\/#\/schema\/logo\/image\/"},"sameAs":["https:\/\/www.facebook.com\/cvinoticias","https:\/\/www.instagram.com\/cvinoticias\/","https:\/\/www.youtube.com\/@CVINOTICIAS"]},{"@type":"Person","@id":"https:\/\/cvinoticias.com\/v3\/#\/schema\/person\/2db77e3c6bc03c538495d7b2b8be9b66","name":"f1000024","image":{"@type":"ImageObject","inLanguage":"es","@id":"https:\/\/secure.gravatar.com\/avatar\/d4fe7459cfc51ff5129ce1a732bbef5928568b8092d412ef95611616376bbeed?s=96&d=mm&r=g","url":"https:\/\/secure.gravatar.com\/avatar\/d4fe7459cfc51ff5129ce1a732bbef5928568b8092d412ef95611616376bbeed?s=96&d=mm&r=g","contentUrl":"https:\/\/secure.gravatar.com\/avatar\/d4fe7459cfc51ff5129ce1a732bbef5928568b8092d412ef95611616376bbeed?s=96&d=mm&r=g","caption":"f1000024"},"url":"https:\/\/cvinoticias.com\/v3\/author\/f1000024\/"}]}},"_links":{"self":[{"href":"https:\/\/cvinoticias.com\/v3\/wp-json\/wp\/v2\/posts\/57410","targetHints":{"allow":["GET"]}}],"collection":[{"href":"https:\/\/cvinoticias.com\/v3\/wp-json\/wp\/v2\/posts"}],"about":[{"href":"https:\/\/cvinoticias.com\/v3\/wp-json\/wp\/v2\/types\/post"}],"author":[{"embeddable":true,"href":"https:\/\/cvinoticias.com\/v3\/wp-json\/wp\/v2\/users\/2"}],"replies":[{"embeddable":true,"href":"https:\/\/cvinoticias.com\/v3\/wp-json\/wp\/v2\/comments?post=57410"}],"version-history":[{"count":1,"href":"https:\/\/cvinoticias.com\/v3\/wp-json\/wp\/v2\/posts\/57410\/revisions"}],"predecessor-version":[{"id":57416,"href":"https:\/\/cvinoticias.com\/v3\/wp-json\/wp\/v2\/posts\/57410\/revisions\/57416"}],"wp:featuredmedia":[{"embeddable":true,"href":"https:\/\/cvinoticias.com\/v3\/wp-json\/wp\/v2\/media\/57415"}],"wp:attachment":[{"href":"https:\/\/cvinoticias.com\/v3\/wp-json\/wp\/v2\/media?parent=57410"}],"wp:term":[{"taxonomy":"category","embeddable":true,"href":"https:\/\/cvinoticias.com\/v3\/wp-json\/wp\/v2\/categories?post=57410"},{"taxonomy":"post_tag","embeddable":true,"href":"https:\/\/cvinoticias.com\/v3\/wp-json\/wp\/v2\/tags?post=57410"}],"curies":[{"name":"wp","href":"https:\/\/api.w.org\/{rel}","templated":true}]}}