{"id":57378,"date":"2026-04-24T09:02:05","date_gmt":"2026-04-24T12:02:05","guid":{"rendered":"https:\/\/cvinoticias.com\/v3\/?p=57378"},"modified":"2026-04-24T09:02:06","modified_gmt":"2026-04-24T12:02:06","slug":"dante-gebel-no-soy-pastor-los-pastores-son-gente-que-huele-a-oveja","status":"publish","type":"post","link":"https:\/\/cvinoticias.com\/v3\/dante-gebel-no-soy-pastor-los-pastores-son-gente-que-huele-a-oveja\/","title":{"rendered":"Dante Gebel: \u00abNo soy pastor, los pastores son gente que huele a oveja\u00bb"},"content":{"rendered":"\n<p>El reconocido comunicador y referente evang\u00e9lico Dante Gebel qued\u00f3 en el centro de la pol\u00e9mica en las \u00faltimas horas tras viralizarse declaraciones en las que afirm\u00f3 que no se considera pastor, una frase que gener\u00f3 repercusiones inmediatas tanto en redes sociales como dentro del \u00e1mbito religioso.<\/p>\n\n\n\n<p>Las expresiones del l\u00edder, conocido por su trayectoria en eventos masivos y su rol al frente de una iglesia en Estados Unidos, sorprendieron a parte de su audiencia, ya que durante a\u00f1os fue presentado p\u00fablicamente bajo ese t\u00edtulo. La afirmaci\u00f3n fue interpretada por algunos sectores como una contradicci\u00f3n respecto a su actividad, lo que desat\u00f3 un intenso debate sobre su identidad dentro del mundo evang\u00e9lico.<\/p>\n\n\n\n<p>El planteo tom\u00f3 mayor dimensi\u00f3n debido a su influencia en Am\u00e9rica Latina y su exposici\u00f3n medi\u00e1tica, donde su figura suele estar asociada tanto a la pr\u00e9dica religiosa como a la comunicaci\u00f3n motivacional. En ese contexto, la frase \u201cno soy pastor\u201d fue le\u00edda por distintos actores como un intento de tomar distancia de un rol tradicional dentro de la iglesia.<\/p>\n\n\n\n<p><strong>Aclaraci\u00f3n tras la controversia<\/strong><\/p>\n\n\n\n<p>Ante la repercusi\u00f3n, el propio Dante Gebel sali\u00f3 a aclarar el sentido de sus dichos. Seg\u00fan explic\u00f3, no niega su v\u00ednculo con la fe ni su trabajo dentro de la iglesia, pero s\u00ed rechaza encasillarse en una denominaci\u00f3n formal.<\/p>\n\n\n\n<p>En ese sentido, remarc\u00f3 que prefiere definirse como comunicador o conferencista, destacando que su enfoque est\u00e1 puesto en transmitir mensajes a un p\u00fablico amplio, m\u00e1s all\u00e1 de las estructuras tradicionales del \u00e1mbito religioso.<\/p>\n\n\n\n<p>De esta manera, busc\u00f3 llevar claridad sobre sus declaraciones iniciales, que hab\u00edan generado confusi\u00f3n entre seguidores y cr\u00edticos. La aclaraci\u00f3n apunta a diferenciar su rol desde lo funcional m\u00e1s que desde un t\u00edtulo, en l\u00ednea con una postura que ya hab\u00eda manifestado en otras oportunidades.<\/p>\n\n\n\n<p>El episodio volvi\u00f3 a poner en debate el uso de etiquetas dentro de los liderazgos religiosos contempor\u00e1neos y el modo en que figuras p\u00fablicas redefinen su identidad frente a audiencias cada vez m\u00e1s diversas.<\/p>\n\n\n\n<p>Fuente: La Naci\u00f3n<\/p>\n","protected":false},"excerpt":{"rendered":"<p>El reconocido comunicador y referente evang\u00e9lico Dante Gebel qued\u00f3 en el centro de la pol\u00e9mica en las \u00faltimas horas tras viralizarse declaraciones en las que afirm\u00f3 que no se considera pastor, una frase que gener\u00f3 repercusiones inmediatas tanto en redes sociales como dentro del \u00e1mbito religioso. Las expresiones del l\u00edder, conocido por su trayectoria en [&hellip;]<\/p>\n","protected":false},"author":2,"featured_media":57379,"comment_status":"open","ping_status":"closed","sticky":false,"template":"","format":"standard","meta":{"footnotes":""},"categories":[34],"tags":[5818,5819,5820,4798],"class_list":["post-57378","post","type-post","status-publish","format-standard","has-post-thumbnail","hentry","category-espectaculos","tag-dante","tag-gebel","tag-pastor","tag-precio"],"yoast_head":"<!-- This site is optimized with the Yoast SEO plugin v27.5 - https:\/\/yoast.com\/product\/yoast-seo-wordpress\/ -->\n<title>Dante Gebel &quot;No soy Pastor&quot; | CVI NOTICIAS<\/title>\n<meta name=\"description\" content=\"Dante Gebel gener\u00f3 pol\u00e9mica al decir que no es pastor y luego aclar\u00f3 su postura sobre su rol religioso\" \/>\n<meta name=\"robots\" content=\"index, follow, max-snippet:-1, max-image-preview:large, max-video-preview:-1\" \/>\n<link rel=\"canonical\" href=\"https:\/\/cvinoticias.com\/v3\/dante-gebel-no-soy-pastor-los-pastores-son-gente-que-huele-a-oveja\/\" \/>\n<meta property=\"og:locale\" content=\"es_ES\" \/>\n<meta property=\"og:type\" content=\"article\" \/>\n<meta property=\"og:title\" content=\"Dante Gebel &quot;No soy Pastor&quot; | CVI NOTICIAS\" \/>\n<meta property=\"og:description\" content=\"Dante Gebel gener\u00f3 pol\u00e9mica al decir que no es pastor y luego aclar\u00f3 su postura sobre su rol religioso\" \/>\n<meta property=\"og:url\" content=\"https:\/\/cvinoticias.com\/v3\/dante-gebel-no-soy-pastor-los-pastores-son-gente-que-huele-a-oveja\/\" \/>\n<meta property=\"og:site_name\" content=\"CVI NOTICIAS\" \/>\n<meta property=\"article:publisher\" content=\"https:\/\/www.facebook.com\/cvinoticias\" \/>\n<meta property=\"article:published_time\" content=\"2026-04-24T12:02:05+00:00\" \/>\n<meta property=\"article:modified_time\" content=\"2026-04-24T12:02:06+00:00\" \/>\n<meta property=\"og:image\" content=\"https:\/\/cvinoticias.com\/wp-content\/uploads\/2026\/04\/dante-gebel-2226414.jpg\" \/>\n\t<meta property=\"og:image:width\" content=\"1280\" \/>\n\t<meta property=\"og:image:height\" content=\"720\" \/>\n\t<meta property=\"og:image:type\" content=\"image\/jpeg\" \/>\n<meta name=\"author\" content=\"f1000024\" \/>\n<meta name=\"twitter:card\" content=\"summary_large_image\" \/>\n<meta name=\"twitter:label1\" content=\"Escrito por\" \/>\n\t<meta name=\"twitter:data1\" content=\"f1000024\" \/>\n\t<meta name=\"twitter:label2\" content=\"Tiempo de lectura\" \/>\n\t<meta name=\"twitter:data2\" content=\"2 minutos\" \/>\n<script type=\"application\/ld+json\" class=\"yoast-schema-graph\">{\"@context\":\"https:\\\/\\\/schema.org\",\"@graph\":[{\"@type\":\"Article\",\"@id\":\"https:\\\/\\\/cvinoticias.com\\\/v3\\\/dante-gebel-no-soy-pastor-los-pastores-son-gente-que-huele-a-oveja\\\/#article\",\"isPartOf\":{\"@id\":\"https:\\\/\\\/cvinoticias.com\\\/v3\\\/dante-gebel-no-soy-pastor-los-pastores-son-gente-que-huele-a-oveja\\\/\"},\"author\":{\"name\":\"f1000024\",\"@id\":\"https:\\\/\\\/cvinoticias.com\\\/v3\\\/#\\\/schema\\\/person\\\/2db77e3c6bc03c538495d7b2b8be9b66\"},\"headline\":\"Dante Gebel: \u00abNo soy pastor, los pastores son gente que huele a oveja\u00bb\",\"datePublished\":\"2026-04-24T12:02:05+00:00\",\"dateModified\":\"2026-04-24T12:02:06+00:00\",\"mainEntityOfPage\":{\"@id\":\"https:\\\/\\\/cvinoticias.com\\\/v3\\\/dante-gebel-no-soy-pastor-los-pastores-son-gente-que-huele-a-oveja\\\/\"},\"wordCount\":376,\"commentCount\":0,\"publisher\":{\"@id\":\"https:\\\/\\\/cvinoticias.com\\\/v3\\\/#organization\"},\"image\":{\"@id\":\"https:\\\/\\\/cvinoticias.com\\\/v3\\\/dante-gebel-no-soy-pastor-los-pastores-son-gente-que-huele-a-oveja\\\/#primaryimage\"},\"thumbnailUrl\":\"https:\\\/\\\/cvinoticias.com\\\/wp-content\\\/uploads\\\/2026\\\/04\\\/dante-gebel-2226414.jpg\",\"keywords\":[\"Dante\",\"Gebel\",\"Pastor\",\"precio\"],\"articleSection\":[\"Espect\u00e1culos\"],\"inLanguage\":\"es\",\"potentialAction\":[{\"@type\":\"CommentAction\",\"name\":\"Comment\",\"target\":[\"https:\\\/\\\/cvinoticias.com\\\/v3\\\/dante-gebel-no-soy-pastor-los-pastores-son-gente-que-huele-a-oveja\\\/#respond\"]}]},{\"@type\":\"WebPage\",\"@id\":\"https:\\\/\\\/cvinoticias.com\\\/v3\\\/dante-gebel-no-soy-pastor-los-pastores-son-gente-que-huele-a-oveja\\\/\",\"url\":\"https:\\\/\\\/cvinoticias.com\\\/v3\\\/dante-gebel-no-soy-pastor-los-pastores-son-gente-que-huele-a-oveja\\\/\",\"name\":\"Dante Gebel \\\"No soy Pastor\\\" | CVI NOTICIAS\",\"isPartOf\":{\"@id\":\"https:\\\/\\\/cvinoticias.com\\\/v3\\\/#website\"},\"primaryImageOfPage\":{\"@id\":\"https:\\\/\\\/cvinoticias.com\\\/v3\\\/dante-gebel-no-soy-pastor-los-pastores-son-gente-que-huele-a-oveja\\\/#primaryimage\"},\"image\":{\"@id\":\"https:\\\/\\\/cvinoticias.com\\\/v3\\\/dante-gebel-no-soy-pastor-los-pastores-son-gente-que-huele-a-oveja\\\/#primaryimage\"},\"thumbnailUrl\":\"https:\\\/\\\/cvinoticias.com\\\/wp-content\\\/uploads\\\/2026\\\/04\\\/dante-gebel-2226414.jpg\",\"datePublished\":\"2026-04-24T12:02:05+00:00\",\"dateModified\":\"2026-04-24T12:02:06+00:00\",\"description\":\"Dante Gebel gener\u00f3 pol\u00e9mica al decir que no es pastor y luego aclar\u00f3 su postura sobre su rol religioso\",\"breadcrumb\":{\"@id\":\"https:\\\/\\\/cvinoticias.com\\\/v3\\\/dante-gebel-no-soy-pastor-los-pastores-son-gente-que-huele-a-oveja\\\/#breadcrumb\"},\"inLanguage\":\"es\",\"potentialAction\":[{\"@type\":\"ReadAction\",\"target\":[\"https:\\\/\\\/cvinoticias.com\\\/v3\\\/dante-gebel-no-soy-pastor-los-pastores-son-gente-que-huele-a-oveja\\\/\"]}]},{\"@type\":\"ImageObject\",\"inLanguage\":\"es\",\"@id\":\"https:\\\/\\\/cvinoticias.com\\\/v3\\\/dante-gebel-no-soy-pastor-los-pastores-son-gente-que-huele-a-oveja\\\/#primaryimage\",\"url\":\"https:\\\/\\\/cvinoticias.com\\\/wp-content\\\/uploads\\\/2026\\\/04\\\/dante-gebel-2226414.jpg\",\"contentUrl\":\"https:\\\/\\\/cvinoticias.com\\\/wp-content\\\/uploads\\\/2026\\\/04\\\/dante-gebel-2226414.jpg\",\"width\":1280,\"height\":720},{\"@type\":\"BreadcrumbList\",\"@id\":\"https:\\\/\\\/cvinoticias.com\\\/v3\\\/dante-gebel-no-soy-pastor-los-pastores-son-gente-que-huele-a-oveja\\\/#breadcrumb\",\"itemListElement\":[{\"@type\":\"ListItem\",\"position\":1,\"name\":\"Portada\",\"item\":\"https:\\\/\\\/cvinoticias.com\\\/v3\\\/\"},{\"@type\":\"ListItem\",\"position\":2,\"name\":\"Dante Gebel: \u00abNo soy pastor, los pastores son gente que huele a oveja\u00bb\"}]},{\"@type\":\"WebSite\",\"@id\":\"https:\\\/\\\/cvinoticias.com\\\/v3\\\/#website\",\"url\":\"https:\\\/\\\/cvinoticias.com\\\/v3\\\/\",\"name\":\"CVI NOTICIAS\",\"description\":\"\",\"publisher\":{\"@id\":\"https:\\\/\\\/cvinoticias.com\\\/v3\\\/#organization\"},\"alternateName\":\"CVI\",\"potentialAction\":[{\"@type\":\"SearchAction\",\"target\":{\"@type\":\"EntryPoint\",\"urlTemplate\":\"https:\\\/\\\/cvinoticias.com\\\/v3\\\/?s={search_term_string}\"},\"query-input\":{\"@type\":\"PropertyValueSpecification\",\"valueRequired\":true,\"valueName\":\"search_term_string\"}}],\"inLanguage\":\"es\"},{\"@type\":\"Organization\",\"@id\":\"https:\\\/\\\/cvinoticias.com\\\/v3\\\/#organization\",\"name\":\"CVI NOTICIAS\",\"url\":\"https:\\\/\\\/cvinoticias.com\\\/v3\\\/\",\"logo\":{\"@type\":\"ImageObject\",\"inLanguage\":\"es\",\"@id\":\"https:\\\/\\\/cvinoticias.com\\\/v3\\\/#\\\/schema\\\/logo\\\/image\\\/\",\"url\":\"https:\\\/\\\/cvinoticias.com\\\/wp-content\\\/uploads\\\/2023\\\/04\\\/cropped-cropped-cropped-cropped-cropped-3-1.png\",\"contentUrl\":\"https:\\\/\\\/cvinoticias.com\\\/wp-content\\\/uploads\\\/2023\\\/04\\\/cropped-cropped-cropped-cropped-cropped-3-1.png\",\"width\":95,\"height\":122,\"caption\":\"CVI NOTICIAS\"},\"image\":{\"@id\":\"https:\\\/\\\/cvinoticias.com\\\/v3\\\/#\\\/schema\\\/logo\\\/image\\\/\"},\"sameAs\":[\"https:\\\/\\\/www.facebook.com\\\/cvinoticias\",\"https:\\\/\\\/www.instagram.com\\\/cvinoticias\\\/\",\"https:\\\/\\\/www.youtube.com\\\/@CVINOTICIAS\"]},{\"@type\":\"Person\",\"@id\":\"https:\\\/\\\/cvinoticias.com\\\/v3\\\/#\\\/schema\\\/person\\\/2db77e3c6bc03c538495d7b2b8be9b66\",\"name\":\"f1000024\",\"image\":{\"@type\":\"ImageObject\",\"inLanguage\":\"es\",\"@id\":\"https:\\\/\\\/secure.gravatar.com\\\/avatar\\\/d4fe7459cfc51ff5129ce1a732bbef5928568b8092d412ef95611616376bbeed?s=96&d=mm&r=g\",\"url\":\"https:\\\/\\\/secure.gravatar.com\\\/avatar\\\/d4fe7459cfc51ff5129ce1a732bbef5928568b8092d412ef95611616376bbeed?s=96&d=mm&r=g\",\"contentUrl\":\"https:\\\/\\\/secure.gravatar.com\\\/avatar\\\/d4fe7459cfc51ff5129ce1a732bbef5928568b8092d412ef95611616376bbeed?s=96&d=mm&r=g\",\"caption\":\"f1000024\"},\"url\":\"https:\\\/\\\/cvinoticias.com\\\/v3\\\/author\\\/f1000024\\\/\"}]}<\/script>\n<!-- \/ Yoast SEO plugin. -->","yoast_head_json":{"title":"Dante Gebel \"No soy Pastor\" | CVI NOTICIAS","description":"Dante Gebel gener\u00f3 pol\u00e9mica al decir que no es pastor y luego aclar\u00f3 su postura sobre su rol religioso","robots":{"index":"index","follow":"follow","max-snippet":"max-snippet:-1","max-image-preview":"max-image-preview:large","max-video-preview":"max-video-preview:-1"},"canonical":"https:\/\/cvinoticias.com\/v3\/dante-gebel-no-soy-pastor-los-pastores-son-gente-que-huele-a-oveja\/","og_locale":"es_ES","og_type":"article","og_title":"Dante Gebel \"No soy Pastor\" | CVI NOTICIAS","og_description":"Dante Gebel gener\u00f3 pol\u00e9mica al decir que no es pastor y luego aclar\u00f3 su postura sobre su rol religioso","og_url":"https:\/\/cvinoticias.com\/v3\/dante-gebel-no-soy-pastor-los-pastores-son-gente-que-huele-a-oveja\/","og_site_name":"CVI NOTICIAS","article_publisher":"https:\/\/www.facebook.com\/cvinoticias","article_published_time":"2026-04-24T12:02:05+00:00","article_modified_time":"2026-04-24T12:02:06+00:00","og_image":[{"width":1280,"height":720,"url":"https:\/\/cvinoticias.com\/wp-content\/uploads\/2026\/04\/dante-gebel-2226414.jpg","type":"image\/jpeg"}],"author":"f1000024","twitter_card":"summary_large_image","twitter_misc":{"Escrito por":"f1000024","Tiempo de lectura":"2 minutos"},"schema":{"@context":"https:\/\/schema.org","@graph":[{"@type":"Article","@id":"https:\/\/cvinoticias.com\/v3\/dante-gebel-no-soy-pastor-los-pastores-son-gente-que-huele-a-oveja\/#article","isPartOf":{"@id":"https:\/\/cvinoticias.com\/v3\/dante-gebel-no-soy-pastor-los-pastores-son-gente-que-huele-a-oveja\/"},"author":{"name":"f1000024","@id":"https:\/\/cvinoticias.com\/v3\/#\/schema\/person\/2db77e3c6bc03c538495d7b2b8be9b66"},"headline":"Dante Gebel: \u00abNo soy pastor, los pastores son gente que huele a oveja\u00bb","datePublished":"2026-04-24T12:02:05+00:00","dateModified":"2026-04-24T12:02:06+00:00","mainEntityOfPage":{"@id":"https:\/\/cvinoticias.com\/v3\/dante-gebel-no-soy-pastor-los-pastores-son-gente-que-huele-a-oveja\/"},"wordCount":376,"commentCount":0,"publisher":{"@id":"https:\/\/cvinoticias.com\/v3\/#organization"},"image":{"@id":"https:\/\/cvinoticias.com\/v3\/dante-gebel-no-soy-pastor-los-pastores-son-gente-que-huele-a-oveja\/#primaryimage"},"thumbnailUrl":"https:\/\/cvinoticias.com\/wp-content\/uploads\/2026\/04\/dante-gebel-2226414.jpg","keywords":["Dante","Gebel","Pastor","precio"],"articleSection":["Espect\u00e1culos"],"inLanguage":"es","potentialAction":[{"@type":"CommentAction","name":"Comment","target":["https:\/\/cvinoticias.com\/v3\/dante-gebel-no-soy-pastor-los-pastores-son-gente-que-huele-a-oveja\/#respond"]}]},{"@type":"WebPage","@id":"https:\/\/cvinoticias.com\/v3\/dante-gebel-no-soy-pastor-los-pastores-son-gente-que-huele-a-oveja\/","url":"https:\/\/cvinoticias.com\/v3\/dante-gebel-no-soy-pastor-los-pastores-son-gente-que-huele-a-oveja\/","name":"Dante Gebel \"No soy Pastor\" | CVI NOTICIAS","isPartOf":{"@id":"https:\/\/cvinoticias.com\/v3\/#website"},"primaryImageOfPage":{"@id":"https:\/\/cvinoticias.com\/v3\/dante-gebel-no-soy-pastor-los-pastores-son-gente-que-huele-a-oveja\/#primaryimage"},"image":{"@id":"https:\/\/cvinoticias.com\/v3\/dante-gebel-no-soy-pastor-los-pastores-son-gente-que-huele-a-oveja\/#primaryimage"},"thumbnailUrl":"https:\/\/cvinoticias.com\/wp-content\/uploads\/2026\/04\/dante-gebel-2226414.jpg","datePublished":"2026-04-24T12:02:05+00:00","dateModified":"2026-04-24T12:02:06+00:00","description":"Dante Gebel gener\u00f3 pol\u00e9mica al decir que no es pastor y luego aclar\u00f3 su postura sobre su rol religioso","breadcrumb":{"@id":"https:\/\/cvinoticias.com\/v3\/dante-gebel-no-soy-pastor-los-pastores-son-gente-que-huele-a-oveja\/#breadcrumb"},"inLanguage":"es","potentialAction":[{"@type":"ReadAction","target":["https:\/\/cvinoticias.com\/v3\/dante-gebel-no-soy-pastor-los-pastores-son-gente-que-huele-a-oveja\/"]}]},{"@type":"ImageObject","inLanguage":"es","@id":"https:\/\/cvinoticias.com\/v3\/dante-gebel-no-soy-pastor-los-pastores-son-gente-que-huele-a-oveja\/#primaryimage","url":"https:\/\/cvinoticias.com\/wp-content\/uploads\/2026\/04\/dante-gebel-2226414.jpg","contentUrl":"https:\/\/cvinoticias.com\/wp-content\/uploads\/2026\/04\/dante-gebel-2226414.jpg","width":1280,"height":720},{"@type":"BreadcrumbList","@id":"https:\/\/cvinoticias.com\/v3\/dante-gebel-no-soy-pastor-los-pastores-son-gente-que-huele-a-oveja\/#breadcrumb","itemListElement":[{"@type":"ListItem","position":1,"name":"Portada","item":"https:\/\/cvinoticias.com\/v3\/"},{"@type":"ListItem","position":2,"name":"Dante Gebel: \u00abNo soy pastor, los pastores son gente que huele a oveja\u00bb"}]},{"@type":"WebSite","@id":"https:\/\/cvinoticias.com\/v3\/#website","url":"https:\/\/cvinoticias.com\/v3\/","name":"CVI NOTICIAS","description":"","publisher":{"@id":"https:\/\/cvinoticias.com\/v3\/#organization"},"alternateName":"CVI","potentialAction":[{"@type":"SearchAction","target":{"@type":"EntryPoint","urlTemplate":"https:\/\/cvinoticias.com\/v3\/?s={search_term_string}"},"query-input":{"@type":"PropertyValueSpecification","valueRequired":true,"valueName":"search_term_string"}}],"inLanguage":"es"},{"@type":"Organization","@id":"https:\/\/cvinoticias.com\/v3\/#organization","name":"CVI NOTICIAS","url":"https:\/\/cvinoticias.com\/v3\/","logo":{"@type":"ImageObject","inLanguage":"es","@id":"https:\/\/cvinoticias.com\/v3\/#\/schema\/logo\/image\/","url":"https:\/\/cvinoticias.com\/wp-content\/uploads\/2023\/04\/cropped-cropped-cropped-cropped-cropped-3-1.png","contentUrl":"https:\/\/cvinoticias.com\/wp-content\/uploads\/2023\/04\/cropped-cropped-cropped-cropped-cropped-3-1.png","width":95,"height":122,"caption":"CVI NOTICIAS"},"image":{"@id":"https:\/\/cvinoticias.com\/v3\/#\/schema\/logo\/image\/"},"sameAs":["https:\/\/www.facebook.com\/cvinoticias","https:\/\/www.instagram.com\/cvinoticias\/","https:\/\/www.youtube.com\/@CVINOTICIAS"]},{"@type":"Person","@id":"https:\/\/cvinoticias.com\/v3\/#\/schema\/person\/2db77e3c6bc03c538495d7b2b8be9b66","name":"f1000024","image":{"@type":"ImageObject","inLanguage":"es","@id":"https:\/\/secure.gravatar.com\/avatar\/d4fe7459cfc51ff5129ce1a732bbef5928568b8092d412ef95611616376bbeed?s=96&d=mm&r=g","url":"https:\/\/secure.gravatar.com\/avatar\/d4fe7459cfc51ff5129ce1a732bbef5928568b8092d412ef95611616376bbeed?s=96&d=mm&r=g","contentUrl":"https:\/\/secure.gravatar.com\/avatar\/d4fe7459cfc51ff5129ce1a732bbef5928568b8092d412ef95611616376bbeed?s=96&d=mm&r=g","caption":"f1000024"},"url":"https:\/\/cvinoticias.com\/v3\/author\/f1000024\/"}]}},"_links":{"self":[{"href":"https:\/\/cvinoticias.com\/v3\/wp-json\/wp\/v2\/posts\/57378","targetHints":{"allow":["GET"]}}],"collection":[{"href":"https:\/\/cvinoticias.com\/v3\/wp-json\/wp\/v2\/posts"}],"about":[{"href":"https:\/\/cvinoticias.com\/v3\/wp-json\/wp\/v2\/types\/post"}],"author":[{"embeddable":true,"href":"https:\/\/cvinoticias.com\/v3\/wp-json\/wp\/v2\/users\/2"}],"replies":[{"embeddable":true,"href":"https:\/\/cvinoticias.com\/v3\/wp-json\/wp\/v2\/comments?post=57378"}],"version-history":[{"count":1,"href":"https:\/\/cvinoticias.com\/v3\/wp-json\/wp\/v2\/posts\/57378\/revisions"}],"predecessor-version":[{"id":57380,"href":"https:\/\/cvinoticias.com\/v3\/wp-json\/wp\/v2\/posts\/57378\/revisions\/57380"}],"wp:featuredmedia":[{"embeddable":true,"href":"https:\/\/cvinoticias.com\/v3\/wp-json\/wp\/v2\/media\/57379"}],"wp:attachment":[{"href":"https:\/\/cvinoticias.com\/v3\/wp-json\/wp\/v2\/media?parent=57378"}],"wp:term":[{"taxonomy":"category","embeddable":true,"href":"https:\/\/cvinoticias.com\/v3\/wp-json\/wp\/v2\/categories?post=57378"},{"taxonomy":"post_tag","embeddable":true,"href":"https:\/\/cvinoticias.com\/v3\/wp-json\/wp\/v2\/tags?post=57378"}],"curies":[{"name":"wp","href":"https:\/\/api.w.org\/{rel}","templated":true}]}}