{"id":57375,"date":"2026-04-24T08:54:07","date_gmt":"2026-04-24T11:54:07","guid":{"rendered":"https:\/\/cvinoticias.com\/v3\/?p=57375"},"modified":"2026-04-24T08:54:08","modified_gmt":"2026-04-24T11:54:08","slug":"conceden-prision-domiciliaria-a-un-condenado-por-abuso-sexual-contra-una-menor-en-obera","status":"publish","type":"post","link":"https:\/\/cvinoticias.com\/v3\/conceden-prision-domiciliaria-a-un-condenado-por-abuso-sexual-contra-una-menor-en-obera\/","title":{"rendered":"Conceden prisi\u00f3n domiciliaria a un condenado por abuso sexual contra una menor en Ober\u00e1"},"content":{"rendered":"\n<p>El Tribunal Penal 1 de Ober\u00e1 otorg\u00f3 el beneficio de prisi\u00f3n domiciliaria a Alejandro \u201cCacho\u201d Santa Andrea, de 71 a\u00f1os. El hombre cumple una condena de ocho a\u00f1os por abuso sexual con acceso carnal contra una menor. La medida establece que permanecer\u00e1 en su vivienda y no en una unidad penitenciaria.<\/p>\n\n\n\n<h3 class=\"wp-block-heading\">Fundamentos del fallo<\/h3>\n\n\n\n<p>El tribunal tom\u00f3 la decisi\u00f3n en base a su edad y a informes m\u00e9dicos. La normativa vigente permite este tipo de modalidad en casos espec\u00edficos. Los jueces tambi\u00e9n consideraron el dictamen del Cuerpo M\u00e9dico Forense.<\/p>\n\n\n\n<p>El informe se\u00f1al\u00f3 un buen estado f\u00edsico general. Sin embargo, advirti\u00f3 alteraciones en el plano psicol\u00f3gico. Los profesionales recomendaron continuar tratamientos y profundizar evaluaciones psiqui\u00e1tricas.<\/p>\n\n\n\n<p>Los magistrados entendieron que el encierro carcelario pod\u00eda afectar su estado. Por eso aplicaron un criterio humanitario dentro del marco legal.<\/p>\n\n\n\n<h3 class=\"wp-block-heading\">Condiciones y controles<\/h3>\n\n\n\n<p>El condenado deber\u00e1 permanecer en su domicilio en Ober\u00e1. No podr\u00e1 salir sin autorizaci\u00f3n judicial. Tampoco podr\u00e1 cambiar de residencia.<\/p>\n\n\n\n<p>El Patronato de Liberados realizar\u00e1 controles peri\u00f3dicos. La Polic\u00eda tambi\u00e9n verificar\u00e1 su permanencia en el lugar. La Justicia eval\u00faa colocar una tobillera electr\u00f3nica, seg\u00fan disponibilidad.<\/p>\n\n\n\n<p>El fallo proh\u00edbe cualquier contacto con la v\u00edctima o personas vinculadas a la causa. Adem\u00e1s, el condenado deber\u00e1 continuar con tratamientos m\u00e9dicos y psicol\u00f3gicos.<\/p>\n\n\n\n<h3 class=\"wp-block-heading\">Supervisi\u00f3n y advertencias<\/h3>\n\n\n\n<p>Un familiar directo asumir\u00e1 la responsabilidad de supervisar el cumplimiento de las condiciones. La Justicia advirti\u00f3 que cualquier incumplimiento provocar\u00e1 la revocaci\u00f3n del beneficio.<\/p>\n\n\n\n<p>El tribunal remarc\u00f3 que la prisi\u00f3n domiciliaria no reduce la pena. Se trata de una forma legal de cumplir la condena bajo control estricto.<\/p>\n\n\n\n<p>Fuente: El Territorio<\/p>\n","protected":false},"excerpt":{"rendered":"<p>El Tribunal Penal 1 de Ober\u00e1 otorg\u00f3 el beneficio de prisi\u00f3n domiciliaria a Alejandro \u201cCacho\u201d Santa Andrea, de 71 a\u00f1os. El hombre cumple una condena de ocho a\u00f1os por abuso sexual con acceso carnal contra una menor. La medida establece que permanecer\u00e1 en su vivienda y no en una unidad penitenciaria. Fundamentos del fallo El [&hellip;]<\/p>\n","protected":false},"author":2,"featured_media":57376,"comment_status":"open","ping_status":"closed","sticky":false,"template":"","format":"standard","meta":{"footnotes":""},"categories":[41],"tags":[4412,5307,5553,1957,3943],"class_list":["post-57375","post","type-post","status-publish","format-standard","has-post-thumbnail","hentry","category-policiales","tag-abuso","tag-condenado","tag-domiciliaria","tag-prision-2","tag-sexual"],"yoast_head":"<!-- This site is optimized with the Yoast SEO plugin v27.5 - https:\/\/yoast.com\/product\/yoast-seo-wordpress\/ -->\n<title>Prisi\u00f3n domiciliaria a condenado por abuso en Ober\u00e1 | CVI NOTICIAS<\/title>\n<meta name=\"description\" content=\"Un condenado por abuso en Ober\u00e1 cumplir\u00e1 prisi\u00f3n domiciliaria con controles y restricciones estrictas\" \/>\n<meta name=\"robots\" content=\"index, follow, max-snippet:-1, max-image-preview:large, max-video-preview:-1\" \/>\n<link rel=\"canonical\" href=\"https:\/\/cvinoticias.com\/v3\/conceden-prision-domiciliaria-a-un-condenado-por-abuso-sexual-contra-una-menor-en-obera\/\" \/>\n<meta property=\"og:locale\" content=\"es_ES\" \/>\n<meta property=\"og:type\" content=\"article\" \/>\n<meta property=\"og:title\" content=\"Prisi\u00f3n domiciliaria a condenado por abuso en Ober\u00e1 | CVI NOTICIAS\" \/>\n<meta property=\"og:description\" content=\"Un condenado por abuso en Ober\u00e1 cumplir\u00e1 prisi\u00f3n domiciliaria con controles y restricciones estrictas\" \/>\n<meta property=\"og:url\" content=\"https:\/\/cvinoticias.com\/v3\/conceden-prision-domiciliaria-a-un-condenado-por-abuso-sexual-contra-una-menor-en-obera\/\" \/>\n<meta property=\"og:site_name\" content=\"CVI NOTICIAS\" \/>\n<meta property=\"article:publisher\" content=\"https:\/\/www.facebook.com\/cvinoticias\" \/>\n<meta property=\"article:published_time\" content=\"2026-04-24T11:54:07+00:00\" \/>\n<meta property=\"article:modified_time\" content=\"2026-04-24T11:54:08+00:00\" \/>\n<meta property=\"og:image\" content=\"https:\/\/cvinoticias.com\/wp-content\/uploads\/2026\/04\/md-12.webp\" \/>\n\t<meta property=\"og:image:width\" content=\"992\" \/>\n\t<meta property=\"og:image:height\" content=\"569\" \/>\n\t<meta property=\"og:image:type\" content=\"image\/webp\" \/>\n<meta name=\"author\" content=\"f1000024\" \/>\n<meta name=\"twitter:card\" content=\"summary_large_image\" \/>\n<meta name=\"twitter:label1\" content=\"Escrito por\" \/>\n\t<meta name=\"twitter:data1\" content=\"f1000024\" \/>\n\t<meta name=\"twitter:label2\" content=\"Tiempo de lectura\" \/>\n\t<meta name=\"twitter:data2\" content=\"2 minutos\" \/>\n<script type=\"application\/ld+json\" class=\"yoast-schema-graph\">{\"@context\":\"https:\\\/\\\/schema.org\",\"@graph\":[{\"@type\":\"Article\",\"@id\":\"https:\\\/\\\/cvinoticias.com\\\/v3\\\/conceden-prision-domiciliaria-a-un-condenado-por-abuso-sexual-contra-una-menor-en-obera\\\/#article\",\"isPartOf\":{\"@id\":\"https:\\\/\\\/cvinoticias.com\\\/v3\\\/conceden-prision-domiciliaria-a-un-condenado-por-abuso-sexual-contra-una-menor-en-obera\\\/\"},\"author\":{\"name\":\"f1000024\",\"@id\":\"https:\\\/\\\/cvinoticias.com\\\/v3\\\/#\\\/schema\\\/person\\\/2db77e3c6bc03c538495d7b2b8be9b66\"},\"headline\":\"Conceden prisi\u00f3n domiciliaria a un condenado por abuso sexual contra una menor en Ober\u00e1\",\"datePublished\":\"2026-04-24T11:54:07+00:00\",\"dateModified\":\"2026-04-24T11:54:08+00:00\",\"mainEntityOfPage\":{\"@id\":\"https:\\\/\\\/cvinoticias.com\\\/v3\\\/conceden-prision-domiciliaria-a-un-condenado-por-abuso-sexual-contra-una-menor-en-obera\\\/\"},\"wordCount\":302,\"commentCount\":0,\"publisher\":{\"@id\":\"https:\\\/\\\/cvinoticias.com\\\/v3\\\/#organization\"},\"image\":{\"@id\":\"https:\\\/\\\/cvinoticias.com\\\/v3\\\/conceden-prision-domiciliaria-a-un-condenado-por-abuso-sexual-contra-una-menor-en-obera\\\/#primaryimage\"},\"thumbnailUrl\":\"https:\\\/\\\/cvinoticias.com\\\/wp-content\\\/uploads\\\/2026\\\/04\\\/md-12.webp\",\"keywords\":[\"abuso\",\"condenado\",\"domiciliaria\",\"Prisi\u00f3n\",\"Sexual\"],\"articleSection\":[\"Policiales\"],\"inLanguage\":\"es\",\"potentialAction\":[{\"@type\":\"CommentAction\",\"name\":\"Comment\",\"target\":[\"https:\\\/\\\/cvinoticias.com\\\/v3\\\/conceden-prision-domiciliaria-a-un-condenado-por-abuso-sexual-contra-una-menor-en-obera\\\/#respond\"]}]},{\"@type\":\"WebPage\",\"@id\":\"https:\\\/\\\/cvinoticias.com\\\/v3\\\/conceden-prision-domiciliaria-a-un-condenado-por-abuso-sexual-contra-una-menor-en-obera\\\/\",\"url\":\"https:\\\/\\\/cvinoticias.com\\\/v3\\\/conceden-prision-domiciliaria-a-un-condenado-por-abuso-sexual-contra-una-menor-en-obera\\\/\",\"name\":\"Prisi\u00f3n domiciliaria a condenado por abuso en Ober\u00e1 | CVI NOTICIAS\",\"isPartOf\":{\"@id\":\"https:\\\/\\\/cvinoticias.com\\\/v3\\\/#website\"},\"primaryImageOfPage\":{\"@id\":\"https:\\\/\\\/cvinoticias.com\\\/v3\\\/conceden-prision-domiciliaria-a-un-condenado-por-abuso-sexual-contra-una-menor-en-obera\\\/#primaryimage\"},\"image\":{\"@id\":\"https:\\\/\\\/cvinoticias.com\\\/v3\\\/conceden-prision-domiciliaria-a-un-condenado-por-abuso-sexual-contra-una-menor-en-obera\\\/#primaryimage\"},\"thumbnailUrl\":\"https:\\\/\\\/cvinoticias.com\\\/wp-content\\\/uploads\\\/2026\\\/04\\\/md-12.webp\",\"datePublished\":\"2026-04-24T11:54:07+00:00\",\"dateModified\":\"2026-04-24T11:54:08+00:00\",\"description\":\"Un condenado por abuso en Ober\u00e1 cumplir\u00e1 prisi\u00f3n domiciliaria con controles y restricciones estrictas\",\"breadcrumb\":{\"@id\":\"https:\\\/\\\/cvinoticias.com\\\/v3\\\/conceden-prision-domiciliaria-a-un-condenado-por-abuso-sexual-contra-una-menor-en-obera\\\/#breadcrumb\"},\"inLanguage\":\"es\",\"potentialAction\":[{\"@type\":\"ReadAction\",\"target\":[\"https:\\\/\\\/cvinoticias.com\\\/v3\\\/conceden-prision-domiciliaria-a-un-condenado-por-abuso-sexual-contra-una-menor-en-obera\\\/\"]}]},{\"@type\":\"ImageObject\",\"inLanguage\":\"es\",\"@id\":\"https:\\\/\\\/cvinoticias.com\\\/v3\\\/conceden-prision-domiciliaria-a-un-condenado-por-abuso-sexual-contra-una-menor-en-obera\\\/#primaryimage\",\"url\":\"https:\\\/\\\/cvinoticias.com\\\/wp-content\\\/uploads\\\/2026\\\/04\\\/md-12.webp\",\"contentUrl\":\"https:\\\/\\\/cvinoticias.com\\\/wp-content\\\/uploads\\\/2026\\\/04\\\/md-12.webp\",\"width\":992,\"height\":569},{\"@type\":\"BreadcrumbList\",\"@id\":\"https:\\\/\\\/cvinoticias.com\\\/v3\\\/conceden-prision-domiciliaria-a-un-condenado-por-abuso-sexual-contra-una-menor-en-obera\\\/#breadcrumb\",\"itemListElement\":[{\"@type\":\"ListItem\",\"position\":1,\"name\":\"Portada\",\"item\":\"https:\\\/\\\/cvinoticias.com\\\/v3\\\/\"},{\"@type\":\"ListItem\",\"position\":2,\"name\":\"Conceden prisi\u00f3n domiciliaria a un condenado por abuso sexual contra una menor en Ober\u00e1\"}]},{\"@type\":\"WebSite\",\"@id\":\"https:\\\/\\\/cvinoticias.com\\\/v3\\\/#website\",\"url\":\"https:\\\/\\\/cvinoticias.com\\\/v3\\\/\",\"name\":\"CVI NOTICIAS\",\"description\":\"\",\"publisher\":{\"@id\":\"https:\\\/\\\/cvinoticias.com\\\/v3\\\/#organization\"},\"alternateName\":\"CVI\",\"potentialAction\":[{\"@type\":\"SearchAction\",\"target\":{\"@type\":\"EntryPoint\",\"urlTemplate\":\"https:\\\/\\\/cvinoticias.com\\\/v3\\\/?s={search_term_string}\"},\"query-input\":{\"@type\":\"PropertyValueSpecification\",\"valueRequired\":true,\"valueName\":\"search_term_string\"}}],\"inLanguage\":\"es\"},{\"@type\":\"Organization\",\"@id\":\"https:\\\/\\\/cvinoticias.com\\\/v3\\\/#organization\",\"name\":\"CVI NOTICIAS\",\"url\":\"https:\\\/\\\/cvinoticias.com\\\/v3\\\/\",\"logo\":{\"@type\":\"ImageObject\",\"inLanguage\":\"es\",\"@id\":\"https:\\\/\\\/cvinoticias.com\\\/v3\\\/#\\\/schema\\\/logo\\\/image\\\/\",\"url\":\"https:\\\/\\\/cvinoticias.com\\\/wp-content\\\/uploads\\\/2023\\\/04\\\/cropped-cropped-cropped-cropped-cropped-3-1.png\",\"contentUrl\":\"https:\\\/\\\/cvinoticias.com\\\/wp-content\\\/uploads\\\/2023\\\/04\\\/cropped-cropped-cropped-cropped-cropped-3-1.png\",\"width\":95,\"height\":122,\"caption\":\"CVI NOTICIAS\"},\"image\":{\"@id\":\"https:\\\/\\\/cvinoticias.com\\\/v3\\\/#\\\/schema\\\/logo\\\/image\\\/\"},\"sameAs\":[\"https:\\\/\\\/www.facebook.com\\\/cvinoticias\",\"https:\\\/\\\/www.instagram.com\\\/cvinoticias\\\/\",\"https:\\\/\\\/www.youtube.com\\\/@CVINOTICIAS\"]},{\"@type\":\"Person\",\"@id\":\"https:\\\/\\\/cvinoticias.com\\\/v3\\\/#\\\/schema\\\/person\\\/2db77e3c6bc03c538495d7b2b8be9b66\",\"name\":\"f1000024\",\"image\":{\"@type\":\"ImageObject\",\"inLanguage\":\"es\",\"@id\":\"https:\\\/\\\/secure.gravatar.com\\\/avatar\\\/d4fe7459cfc51ff5129ce1a732bbef5928568b8092d412ef95611616376bbeed?s=96&d=mm&r=g\",\"url\":\"https:\\\/\\\/secure.gravatar.com\\\/avatar\\\/d4fe7459cfc51ff5129ce1a732bbef5928568b8092d412ef95611616376bbeed?s=96&d=mm&r=g\",\"contentUrl\":\"https:\\\/\\\/secure.gravatar.com\\\/avatar\\\/d4fe7459cfc51ff5129ce1a732bbef5928568b8092d412ef95611616376bbeed?s=96&d=mm&r=g\",\"caption\":\"f1000024\"},\"url\":\"https:\\\/\\\/cvinoticias.com\\\/v3\\\/author\\\/f1000024\\\/\"}]}<\/script>\n<!-- \/ Yoast SEO plugin. -->","yoast_head_json":{"title":"Prisi\u00f3n domiciliaria a condenado por abuso en Ober\u00e1 | CVI NOTICIAS","description":"Un condenado por abuso en Ober\u00e1 cumplir\u00e1 prisi\u00f3n domiciliaria con controles y restricciones estrictas","robots":{"index":"index","follow":"follow","max-snippet":"max-snippet:-1","max-image-preview":"max-image-preview:large","max-video-preview":"max-video-preview:-1"},"canonical":"https:\/\/cvinoticias.com\/v3\/conceden-prision-domiciliaria-a-un-condenado-por-abuso-sexual-contra-una-menor-en-obera\/","og_locale":"es_ES","og_type":"article","og_title":"Prisi\u00f3n domiciliaria a condenado por abuso en Ober\u00e1 | CVI NOTICIAS","og_description":"Un condenado por abuso en Ober\u00e1 cumplir\u00e1 prisi\u00f3n domiciliaria con controles y restricciones estrictas","og_url":"https:\/\/cvinoticias.com\/v3\/conceden-prision-domiciliaria-a-un-condenado-por-abuso-sexual-contra-una-menor-en-obera\/","og_site_name":"CVI NOTICIAS","article_publisher":"https:\/\/www.facebook.com\/cvinoticias","article_published_time":"2026-04-24T11:54:07+00:00","article_modified_time":"2026-04-24T11:54:08+00:00","og_image":[{"width":992,"height":569,"url":"https:\/\/cvinoticias.com\/wp-content\/uploads\/2026\/04\/md-12.webp","type":"image\/webp"}],"author":"f1000024","twitter_card":"summary_large_image","twitter_misc":{"Escrito por":"f1000024","Tiempo de lectura":"2 minutos"},"schema":{"@context":"https:\/\/schema.org","@graph":[{"@type":"Article","@id":"https:\/\/cvinoticias.com\/v3\/conceden-prision-domiciliaria-a-un-condenado-por-abuso-sexual-contra-una-menor-en-obera\/#article","isPartOf":{"@id":"https:\/\/cvinoticias.com\/v3\/conceden-prision-domiciliaria-a-un-condenado-por-abuso-sexual-contra-una-menor-en-obera\/"},"author":{"name":"f1000024","@id":"https:\/\/cvinoticias.com\/v3\/#\/schema\/person\/2db77e3c6bc03c538495d7b2b8be9b66"},"headline":"Conceden prisi\u00f3n domiciliaria a un condenado por abuso sexual contra una menor en Ober\u00e1","datePublished":"2026-04-24T11:54:07+00:00","dateModified":"2026-04-24T11:54:08+00:00","mainEntityOfPage":{"@id":"https:\/\/cvinoticias.com\/v3\/conceden-prision-domiciliaria-a-un-condenado-por-abuso-sexual-contra-una-menor-en-obera\/"},"wordCount":302,"commentCount":0,"publisher":{"@id":"https:\/\/cvinoticias.com\/v3\/#organization"},"image":{"@id":"https:\/\/cvinoticias.com\/v3\/conceden-prision-domiciliaria-a-un-condenado-por-abuso-sexual-contra-una-menor-en-obera\/#primaryimage"},"thumbnailUrl":"https:\/\/cvinoticias.com\/wp-content\/uploads\/2026\/04\/md-12.webp","keywords":["abuso","condenado","domiciliaria","Prisi\u00f3n","Sexual"],"articleSection":["Policiales"],"inLanguage":"es","potentialAction":[{"@type":"CommentAction","name":"Comment","target":["https:\/\/cvinoticias.com\/v3\/conceden-prision-domiciliaria-a-un-condenado-por-abuso-sexual-contra-una-menor-en-obera\/#respond"]}]},{"@type":"WebPage","@id":"https:\/\/cvinoticias.com\/v3\/conceden-prision-domiciliaria-a-un-condenado-por-abuso-sexual-contra-una-menor-en-obera\/","url":"https:\/\/cvinoticias.com\/v3\/conceden-prision-domiciliaria-a-un-condenado-por-abuso-sexual-contra-una-menor-en-obera\/","name":"Prisi\u00f3n domiciliaria a condenado por abuso en Ober\u00e1 | CVI NOTICIAS","isPartOf":{"@id":"https:\/\/cvinoticias.com\/v3\/#website"},"primaryImageOfPage":{"@id":"https:\/\/cvinoticias.com\/v3\/conceden-prision-domiciliaria-a-un-condenado-por-abuso-sexual-contra-una-menor-en-obera\/#primaryimage"},"image":{"@id":"https:\/\/cvinoticias.com\/v3\/conceden-prision-domiciliaria-a-un-condenado-por-abuso-sexual-contra-una-menor-en-obera\/#primaryimage"},"thumbnailUrl":"https:\/\/cvinoticias.com\/wp-content\/uploads\/2026\/04\/md-12.webp","datePublished":"2026-04-24T11:54:07+00:00","dateModified":"2026-04-24T11:54:08+00:00","description":"Un condenado por abuso en Ober\u00e1 cumplir\u00e1 prisi\u00f3n domiciliaria con controles y restricciones estrictas","breadcrumb":{"@id":"https:\/\/cvinoticias.com\/v3\/conceden-prision-domiciliaria-a-un-condenado-por-abuso-sexual-contra-una-menor-en-obera\/#breadcrumb"},"inLanguage":"es","potentialAction":[{"@type":"ReadAction","target":["https:\/\/cvinoticias.com\/v3\/conceden-prision-domiciliaria-a-un-condenado-por-abuso-sexual-contra-una-menor-en-obera\/"]}]},{"@type":"ImageObject","inLanguage":"es","@id":"https:\/\/cvinoticias.com\/v3\/conceden-prision-domiciliaria-a-un-condenado-por-abuso-sexual-contra-una-menor-en-obera\/#primaryimage","url":"https:\/\/cvinoticias.com\/wp-content\/uploads\/2026\/04\/md-12.webp","contentUrl":"https:\/\/cvinoticias.com\/wp-content\/uploads\/2026\/04\/md-12.webp","width":992,"height":569},{"@type":"BreadcrumbList","@id":"https:\/\/cvinoticias.com\/v3\/conceden-prision-domiciliaria-a-un-condenado-por-abuso-sexual-contra-una-menor-en-obera\/#breadcrumb","itemListElement":[{"@type":"ListItem","position":1,"name":"Portada","item":"https:\/\/cvinoticias.com\/v3\/"},{"@type":"ListItem","position":2,"name":"Conceden prisi\u00f3n domiciliaria a un condenado por abuso sexual contra una menor en Ober\u00e1"}]},{"@type":"WebSite","@id":"https:\/\/cvinoticias.com\/v3\/#website","url":"https:\/\/cvinoticias.com\/v3\/","name":"CVI NOTICIAS","description":"","publisher":{"@id":"https:\/\/cvinoticias.com\/v3\/#organization"},"alternateName":"CVI","potentialAction":[{"@type":"SearchAction","target":{"@type":"EntryPoint","urlTemplate":"https:\/\/cvinoticias.com\/v3\/?s={search_term_string}"},"query-input":{"@type":"PropertyValueSpecification","valueRequired":true,"valueName":"search_term_string"}}],"inLanguage":"es"},{"@type":"Organization","@id":"https:\/\/cvinoticias.com\/v3\/#organization","name":"CVI NOTICIAS","url":"https:\/\/cvinoticias.com\/v3\/","logo":{"@type":"ImageObject","inLanguage":"es","@id":"https:\/\/cvinoticias.com\/v3\/#\/schema\/logo\/image\/","url":"https:\/\/cvinoticias.com\/wp-content\/uploads\/2023\/04\/cropped-cropped-cropped-cropped-cropped-3-1.png","contentUrl":"https:\/\/cvinoticias.com\/wp-content\/uploads\/2023\/04\/cropped-cropped-cropped-cropped-cropped-3-1.png","width":95,"height":122,"caption":"CVI NOTICIAS"},"image":{"@id":"https:\/\/cvinoticias.com\/v3\/#\/schema\/logo\/image\/"},"sameAs":["https:\/\/www.facebook.com\/cvinoticias","https:\/\/www.instagram.com\/cvinoticias\/","https:\/\/www.youtube.com\/@CVINOTICIAS"]},{"@type":"Person","@id":"https:\/\/cvinoticias.com\/v3\/#\/schema\/person\/2db77e3c6bc03c538495d7b2b8be9b66","name":"f1000024","image":{"@type":"ImageObject","inLanguage":"es","@id":"https:\/\/secure.gravatar.com\/avatar\/d4fe7459cfc51ff5129ce1a732bbef5928568b8092d412ef95611616376bbeed?s=96&d=mm&r=g","url":"https:\/\/secure.gravatar.com\/avatar\/d4fe7459cfc51ff5129ce1a732bbef5928568b8092d412ef95611616376bbeed?s=96&d=mm&r=g","contentUrl":"https:\/\/secure.gravatar.com\/avatar\/d4fe7459cfc51ff5129ce1a732bbef5928568b8092d412ef95611616376bbeed?s=96&d=mm&r=g","caption":"f1000024"},"url":"https:\/\/cvinoticias.com\/v3\/author\/f1000024\/"}]}},"_links":{"self":[{"href":"https:\/\/cvinoticias.com\/v3\/wp-json\/wp\/v2\/posts\/57375","targetHints":{"allow":["GET"]}}],"collection":[{"href":"https:\/\/cvinoticias.com\/v3\/wp-json\/wp\/v2\/posts"}],"about":[{"href":"https:\/\/cvinoticias.com\/v3\/wp-json\/wp\/v2\/types\/post"}],"author":[{"embeddable":true,"href":"https:\/\/cvinoticias.com\/v3\/wp-json\/wp\/v2\/users\/2"}],"replies":[{"embeddable":true,"href":"https:\/\/cvinoticias.com\/v3\/wp-json\/wp\/v2\/comments?post=57375"}],"version-history":[{"count":1,"href":"https:\/\/cvinoticias.com\/v3\/wp-json\/wp\/v2\/posts\/57375\/revisions"}],"predecessor-version":[{"id":57377,"href":"https:\/\/cvinoticias.com\/v3\/wp-json\/wp\/v2\/posts\/57375\/revisions\/57377"}],"wp:featuredmedia":[{"embeddable":true,"href":"https:\/\/cvinoticias.com\/v3\/wp-json\/wp\/v2\/media\/57376"}],"wp:attachment":[{"href":"https:\/\/cvinoticias.com\/v3\/wp-json\/wp\/v2\/media?parent=57375"}],"wp:term":[{"taxonomy":"category","embeddable":true,"href":"https:\/\/cvinoticias.com\/v3\/wp-json\/wp\/v2\/categories?post=57375"},{"taxonomy":"post_tag","embeddable":true,"href":"https:\/\/cvinoticias.com\/v3\/wp-json\/wp\/v2\/tags?post=57375"}],"curies":[{"name":"wp","href":"https:\/\/api.w.org\/{rel}","templated":true}]}}