{"id":57366,"date":"2026-04-24T08:38:37","date_gmt":"2026-04-24T11:38:37","guid":{"rendered":"https:\/\/cvinoticias.com\/v3\/?p=57366"},"modified":"2026-04-24T08:38:38","modified_gmt":"2026-04-24T11:38:38","slug":"hallaron-sin-vida-a-maria-laura-lafuente-en-santa-fe-investigan-las-circunstancias-de-su-muerte","status":"publish","type":"post","link":"https:\/\/cvinoticias.com\/v3\/hallaron-sin-vida-a-maria-laura-lafuente-en-santa-fe-investigan-las-circunstancias-de-su-muerte\/","title":{"rendered":"Hallaron sin vida a Mar\u00eda Laura Lafuente en Santa Fe: investigan las circunstancias de su muerte"},"content":{"rendered":"\n<p>El caso de Mar\u00eda Laura Lafuente gener\u00f3 conmoci\u00f3n en la provincia de Santa Fe tras confirmarse el hallazgo de su cuerpo sin vida, luego de varios d\u00edas de intensa b\u00fasqueda.<\/p>\n\n\n\n<p>La mujer, de 33 a\u00f1os, hab\u00eda sido vista por \u00faltima vez el pasado 20 de abril en la ciudad de Coronda. Ante la falta de contacto, sus familiares realizaron la denuncia por desaparici\u00f3n, lo que dio inicio a un operativo que incluy\u00f3 rastrillajes por tierra y agua con la participaci\u00f3n de distintas fuerzas de seguridad.<\/p>\n\n\n\n<p>Finalmente, en la jornada del jueves, el cuerpo fue encontrado en el r\u00edo Coronda, en una zona cercana al balneario local. El hallazgo puso fin a la b\u00fasqueda, pero abri\u00f3 una investigaci\u00f3n para determinar las causas del fallecimiento.<\/p>\n\n\n\n<p>Seg\u00fan informaron fuentes del caso, la causa fue caratulada como \u201cmuerte dudosa\u201d, por lo que no se descarta ninguna hip\u00f3tesis. En ese marco, los investigadores trabajan sobre distintos elementos recolectados durante el operativo, entre ellos pertenencias personales de la v\u00edctima que habr\u00edan sido clave para orientar los rastrillajes.<\/p>\n\n\n\n<p>Asimismo, trascendi\u00f3 la posible existencia de una nota que podr\u00eda estar vinculada al hecho, aunque hasta el momento no hay confirmaci\u00f3n oficial sobre su contenido ni sobre su relevancia en la causa. Por estas horas, la investigaci\u00f3n contin\u00faa con peritajes y an\u00e1lisis que permitan esclarecer lo ocurrido.<\/p>\n\n\n\n<p>El caso permanece bajo la \u00f3rbita de la justicia santafesina, que busca determinar con precisi\u00f3n las circunstancias en las que se produjo la muerte de la mujer.<\/p>\n\n\n\n<p><em>Fuente: Cadena 3 y La Naci\u00f3n.<\/em><\/p>\n","protected":false},"excerpt":{"rendered":"<p>El caso de Mar\u00eda Laura Lafuente gener\u00f3 conmoci\u00f3n en la provincia de Santa Fe tras confirmarse el hallazgo de su cuerpo sin vida, luego de varios d\u00edas de intensa b\u00fasqueda. La mujer, de 33 a\u00f1os, hab\u00eda sido vista por \u00faltima vez el pasado 20 de abril en la ciudad de Coronda. Ante la falta de [&hellip;]<\/p>\n","protected":false},"author":2,"featured_media":57367,"comment_status":"open","ping_status":"closed","sticky":false,"template":"","format":"standard","meta":{"footnotes":""},"categories":[41],"tags":[977,3263,3104,5816],"class_list":["post-57366","post","type-post","status-publish","format-standard","has-post-thumbnail","hentry","category-policiales","tag-cuerpo","tag-hallaron","tag-investigan","tag-maria-lura"],"yoast_head":"<!-- This site is optimized with the Yoast SEO plugin v27.4 - https:\/\/yoast.com\/product\/yoast-seo-wordpress\/ -->\n<title>Hallaron muerta a Mar\u00eda Laura Lafuente en Santa Fe | CVI NOTICIAS<\/title>\n<meta name=\"description\" content=\"Encontraron el cuerpo de Mar\u00eda Laura Lafuente en el r\u00edo Coronda y la Justicia investiga el caso como muerte dudosa\" \/>\n<meta name=\"robots\" content=\"index, follow, max-snippet:-1, max-image-preview:large, max-video-preview:-1\" \/>\n<link rel=\"canonical\" href=\"https:\/\/cvinoticias.com\/v3\/hallaron-sin-vida-a-maria-laura-lafuente-en-santa-fe-investigan-las-circunstancias-de-su-muerte\/\" \/>\n<meta property=\"og:locale\" content=\"es_ES\" \/>\n<meta property=\"og:type\" content=\"article\" \/>\n<meta property=\"og:title\" content=\"Hallaron muerta a Mar\u00eda Laura Lafuente en Santa Fe | CVI NOTICIAS\" \/>\n<meta property=\"og:description\" content=\"Encontraron el cuerpo de Mar\u00eda Laura Lafuente en el r\u00edo Coronda y la Justicia investiga el caso como muerte dudosa\" \/>\n<meta property=\"og:url\" content=\"https:\/\/cvinoticias.com\/v3\/hallaron-sin-vida-a-maria-laura-lafuente-en-santa-fe-investigan-las-circunstancias-de-su-muerte\/\" \/>\n<meta property=\"og:site_name\" content=\"CVI NOTICIAS\" \/>\n<meta property=\"article:publisher\" content=\"https:\/\/www.facebook.com\/cvinoticias\" \/>\n<meta property=\"article:published_time\" content=\"2026-04-24T11:38:37+00:00\" \/>\n<meta property=\"article:modified_time\" content=\"2026-04-24T11:38:38+00:00\" \/>\n<meta property=\"og:image\" content=\"https:\/\/cvinoticias.com\/wp-content\/uploads\/2026\/04\/maria-laura-lafuente-desaparicion-joven-coronda.webp\" \/>\n\t<meta property=\"og:image:width\" content=\"1200\" \/>\n\t<meta property=\"og:image:height\" content=\"675\" \/>\n\t<meta property=\"og:image:type\" content=\"image\/webp\" \/>\n<meta name=\"author\" content=\"f1000024\" \/>\n<meta name=\"twitter:card\" content=\"summary_large_image\" \/>\n<meta name=\"twitter:label1\" content=\"Escrito por\" \/>\n\t<meta name=\"twitter:data1\" content=\"f1000024\" \/>\n\t<meta name=\"twitter:label2\" content=\"Tiempo de lectura\" \/>\n\t<meta name=\"twitter:data2\" content=\"2 minutos\" \/>\n<script type=\"application\/ld+json\" class=\"yoast-schema-graph\">{\"@context\":\"https:\\\/\\\/schema.org\",\"@graph\":[{\"@type\":\"Article\",\"@id\":\"https:\\\/\\\/cvinoticias.com\\\/v3\\\/hallaron-sin-vida-a-maria-laura-lafuente-en-santa-fe-investigan-las-circunstancias-de-su-muerte\\\/#article\",\"isPartOf\":{\"@id\":\"https:\\\/\\\/cvinoticias.com\\\/v3\\\/hallaron-sin-vida-a-maria-laura-lafuente-en-santa-fe-investigan-las-circunstancias-de-su-muerte\\\/\"},\"author\":{\"name\":\"f1000024\",\"@id\":\"https:\\\/\\\/cvinoticias.com\\\/v3\\\/#\\\/schema\\\/person\\\/2db77e3c6bc03c538495d7b2b8be9b66\"},\"headline\":\"Hallaron sin vida a Mar\u00eda Laura Lafuente en Santa Fe: investigan las circunstancias de su muerte\",\"datePublished\":\"2026-04-24T11:38:37+00:00\",\"dateModified\":\"2026-04-24T11:38:38+00:00\",\"mainEntityOfPage\":{\"@id\":\"https:\\\/\\\/cvinoticias.com\\\/v3\\\/hallaron-sin-vida-a-maria-laura-lafuente-en-santa-fe-investigan-las-circunstancias-de-su-muerte\\\/\"},\"wordCount\":287,\"commentCount\":0,\"publisher\":{\"@id\":\"https:\\\/\\\/cvinoticias.com\\\/v3\\\/#organization\"},\"image\":{\"@id\":\"https:\\\/\\\/cvinoticias.com\\\/v3\\\/hallaron-sin-vida-a-maria-laura-lafuente-en-santa-fe-investigan-las-circunstancias-de-su-muerte\\\/#primaryimage\"},\"thumbnailUrl\":\"https:\\\/\\\/cvinoticias.com\\\/wp-content\\\/uploads\\\/2026\\\/04\\\/maria-laura-lafuente-desaparicion-joven-coronda.webp\",\"keywords\":[\"Cuerpo\",\"Hallaron\",\"Investigan\",\"Maria Lura\"],\"articleSection\":[\"Policiales\"],\"inLanguage\":\"es\",\"potentialAction\":[{\"@type\":\"CommentAction\",\"name\":\"Comment\",\"target\":[\"https:\\\/\\\/cvinoticias.com\\\/v3\\\/hallaron-sin-vida-a-maria-laura-lafuente-en-santa-fe-investigan-las-circunstancias-de-su-muerte\\\/#respond\"]}]},{\"@type\":\"WebPage\",\"@id\":\"https:\\\/\\\/cvinoticias.com\\\/v3\\\/hallaron-sin-vida-a-maria-laura-lafuente-en-santa-fe-investigan-las-circunstancias-de-su-muerte\\\/\",\"url\":\"https:\\\/\\\/cvinoticias.com\\\/v3\\\/hallaron-sin-vida-a-maria-laura-lafuente-en-santa-fe-investigan-las-circunstancias-de-su-muerte\\\/\",\"name\":\"Hallaron muerta a Mar\u00eda Laura Lafuente en Santa Fe | CVI NOTICIAS\",\"isPartOf\":{\"@id\":\"https:\\\/\\\/cvinoticias.com\\\/v3\\\/#website\"},\"primaryImageOfPage\":{\"@id\":\"https:\\\/\\\/cvinoticias.com\\\/v3\\\/hallaron-sin-vida-a-maria-laura-lafuente-en-santa-fe-investigan-las-circunstancias-de-su-muerte\\\/#primaryimage\"},\"image\":{\"@id\":\"https:\\\/\\\/cvinoticias.com\\\/v3\\\/hallaron-sin-vida-a-maria-laura-lafuente-en-santa-fe-investigan-las-circunstancias-de-su-muerte\\\/#primaryimage\"},\"thumbnailUrl\":\"https:\\\/\\\/cvinoticias.com\\\/wp-content\\\/uploads\\\/2026\\\/04\\\/maria-laura-lafuente-desaparicion-joven-coronda.webp\",\"datePublished\":\"2026-04-24T11:38:37+00:00\",\"dateModified\":\"2026-04-24T11:38:38+00:00\",\"description\":\"Encontraron el cuerpo de Mar\u00eda Laura Lafuente en el r\u00edo Coronda y la Justicia investiga el caso como muerte dudosa\",\"breadcrumb\":{\"@id\":\"https:\\\/\\\/cvinoticias.com\\\/v3\\\/hallaron-sin-vida-a-maria-laura-lafuente-en-santa-fe-investigan-las-circunstancias-de-su-muerte\\\/#breadcrumb\"},\"inLanguage\":\"es\",\"potentialAction\":[{\"@type\":\"ReadAction\",\"target\":[\"https:\\\/\\\/cvinoticias.com\\\/v3\\\/hallaron-sin-vida-a-maria-laura-lafuente-en-santa-fe-investigan-las-circunstancias-de-su-muerte\\\/\"]}]},{\"@type\":\"ImageObject\",\"inLanguage\":\"es\",\"@id\":\"https:\\\/\\\/cvinoticias.com\\\/v3\\\/hallaron-sin-vida-a-maria-laura-lafuente-en-santa-fe-investigan-las-circunstancias-de-su-muerte\\\/#primaryimage\",\"url\":\"https:\\\/\\\/cvinoticias.com\\\/wp-content\\\/uploads\\\/2026\\\/04\\\/maria-laura-lafuente-desaparicion-joven-coronda.webp\",\"contentUrl\":\"https:\\\/\\\/cvinoticias.com\\\/wp-content\\\/uploads\\\/2026\\\/04\\\/maria-laura-lafuente-desaparicion-joven-coronda.webp\",\"width\":1200,\"height\":675},{\"@type\":\"BreadcrumbList\",\"@id\":\"https:\\\/\\\/cvinoticias.com\\\/v3\\\/hallaron-sin-vida-a-maria-laura-lafuente-en-santa-fe-investigan-las-circunstancias-de-su-muerte\\\/#breadcrumb\",\"itemListElement\":[{\"@type\":\"ListItem\",\"position\":1,\"name\":\"Portada\",\"item\":\"https:\\\/\\\/cvinoticias.com\\\/v3\\\/\"},{\"@type\":\"ListItem\",\"position\":2,\"name\":\"Hallaron sin vida a Mar\u00eda Laura Lafuente en Santa Fe: investigan las circunstancias de su muerte\"}]},{\"@type\":\"WebSite\",\"@id\":\"https:\\\/\\\/cvinoticias.com\\\/v3\\\/#website\",\"url\":\"https:\\\/\\\/cvinoticias.com\\\/v3\\\/\",\"name\":\"CVI NOTICIAS\",\"description\":\"\",\"publisher\":{\"@id\":\"https:\\\/\\\/cvinoticias.com\\\/v3\\\/#organization\"},\"alternateName\":\"CVI\",\"potentialAction\":[{\"@type\":\"SearchAction\",\"target\":{\"@type\":\"EntryPoint\",\"urlTemplate\":\"https:\\\/\\\/cvinoticias.com\\\/v3\\\/?s={search_term_string}\"},\"query-input\":{\"@type\":\"PropertyValueSpecification\",\"valueRequired\":true,\"valueName\":\"search_term_string\"}}],\"inLanguage\":\"es\"},{\"@type\":\"Organization\",\"@id\":\"https:\\\/\\\/cvinoticias.com\\\/v3\\\/#organization\",\"name\":\"CVI NOTICIAS\",\"url\":\"https:\\\/\\\/cvinoticias.com\\\/v3\\\/\",\"logo\":{\"@type\":\"ImageObject\",\"inLanguage\":\"es\",\"@id\":\"https:\\\/\\\/cvinoticias.com\\\/v3\\\/#\\\/schema\\\/logo\\\/image\\\/\",\"url\":\"https:\\\/\\\/cvinoticias.com\\\/wp-content\\\/uploads\\\/2023\\\/04\\\/cropped-cropped-cropped-cropped-cropped-3-1.png\",\"contentUrl\":\"https:\\\/\\\/cvinoticias.com\\\/wp-content\\\/uploads\\\/2023\\\/04\\\/cropped-cropped-cropped-cropped-cropped-3-1.png\",\"width\":95,\"height\":122,\"caption\":\"CVI NOTICIAS\"},\"image\":{\"@id\":\"https:\\\/\\\/cvinoticias.com\\\/v3\\\/#\\\/schema\\\/logo\\\/image\\\/\"},\"sameAs\":[\"https:\\\/\\\/www.facebook.com\\\/cvinoticias\",\"https:\\\/\\\/www.instagram.com\\\/cvinoticias\\\/\",\"https:\\\/\\\/www.youtube.com\\\/@CVINOTICIAS\"]},{\"@type\":\"Person\",\"@id\":\"https:\\\/\\\/cvinoticias.com\\\/v3\\\/#\\\/schema\\\/person\\\/2db77e3c6bc03c538495d7b2b8be9b66\",\"name\":\"f1000024\",\"image\":{\"@type\":\"ImageObject\",\"inLanguage\":\"es\",\"@id\":\"https:\\\/\\\/secure.gravatar.com\\\/avatar\\\/d4fe7459cfc51ff5129ce1a732bbef5928568b8092d412ef95611616376bbeed?s=96&d=mm&r=g\",\"url\":\"https:\\\/\\\/secure.gravatar.com\\\/avatar\\\/d4fe7459cfc51ff5129ce1a732bbef5928568b8092d412ef95611616376bbeed?s=96&d=mm&r=g\",\"contentUrl\":\"https:\\\/\\\/secure.gravatar.com\\\/avatar\\\/d4fe7459cfc51ff5129ce1a732bbef5928568b8092d412ef95611616376bbeed?s=96&d=mm&r=g\",\"caption\":\"f1000024\"},\"url\":\"https:\\\/\\\/cvinoticias.com\\\/v3\\\/author\\\/f1000024\\\/\"}]}<\/script>\n<!-- \/ Yoast SEO plugin. -->","yoast_head_json":{"title":"Hallaron muerta a Mar\u00eda Laura Lafuente en Santa Fe | CVI NOTICIAS","description":"Encontraron el cuerpo de Mar\u00eda Laura Lafuente en el r\u00edo Coronda y la Justicia investiga el caso como muerte dudosa","robots":{"index":"index","follow":"follow","max-snippet":"max-snippet:-1","max-image-preview":"max-image-preview:large","max-video-preview":"max-video-preview:-1"},"canonical":"https:\/\/cvinoticias.com\/v3\/hallaron-sin-vida-a-maria-laura-lafuente-en-santa-fe-investigan-las-circunstancias-de-su-muerte\/","og_locale":"es_ES","og_type":"article","og_title":"Hallaron muerta a Mar\u00eda Laura Lafuente en Santa Fe | CVI NOTICIAS","og_description":"Encontraron el cuerpo de Mar\u00eda Laura Lafuente en el r\u00edo Coronda y la Justicia investiga el caso como muerte dudosa","og_url":"https:\/\/cvinoticias.com\/v3\/hallaron-sin-vida-a-maria-laura-lafuente-en-santa-fe-investigan-las-circunstancias-de-su-muerte\/","og_site_name":"CVI NOTICIAS","article_publisher":"https:\/\/www.facebook.com\/cvinoticias","article_published_time":"2026-04-24T11:38:37+00:00","article_modified_time":"2026-04-24T11:38:38+00:00","og_image":[{"width":1200,"height":675,"url":"https:\/\/cvinoticias.com\/wp-content\/uploads\/2026\/04\/maria-laura-lafuente-desaparicion-joven-coronda.webp","type":"image\/webp"}],"author":"f1000024","twitter_card":"summary_large_image","twitter_misc":{"Escrito por":"f1000024","Tiempo de lectura":"2 minutos"},"schema":{"@context":"https:\/\/schema.org","@graph":[{"@type":"Article","@id":"https:\/\/cvinoticias.com\/v3\/hallaron-sin-vida-a-maria-laura-lafuente-en-santa-fe-investigan-las-circunstancias-de-su-muerte\/#article","isPartOf":{"@id":"https:\/\/cvinoticias.com\/v3\/hallaron-sin-vida-a-maria-laura-lafuente-en-santa-fe-investigan-las-circunstancias-de-su-muerte\/"},"author":{"name":"f1000024","@id":"https:\/\/cvinoticias.com\/v3\/#\/schema\/person\/2db77e3c6bc03c538495d7b2b8be9b66"},"headline":"Hallaron sin vida a Mar\u00eda Laura Lafuente en Santa Fe: investigan las circunstancias de su muerte","datePublished":"2026-04-24T11:38:37+00:00","dateModified":"2026-04-24T11:38:38+00:00","mainEntityOfPage":{"@id":"https:\/\/cvinoticias.com\/v3\/hallaron-sin-vida-a-maria-laura-lafuente-en-santa-fe-investigan-las-circunstancias-de-su-muerte\/"},"wordCount":287,"commentCount":0,"publisher":{"@id":"https:\/\/cvinoticias.com\/v3\/#organization"},"image":{"@id":"https:\/\/cvinoticias.com\/v3\/hallaron-sin-vida-a-maria-laura-lafuente-en-santa-fe-investigan-las-circunstancias-de-su-muerte\/#primaryimage"},"thumbnailUrl":"https:\/\/cvinoticias.com\/wp-content\/uploads\/2026\/04\/maria-laura-lafuente-desaparicion-joven-coronda.webp","keywords":["Cuerpo","Hallaron","Investigan","Maria Lura"],"articleSection":["Policiales"],"inLanguage":"es","potentialAction":[{"@type":"CommentAction","name":"Comment","target":["https:\/\/cvinoticias.com\/v3\/hallaron-sin-vida-a-maria-laura-lafuente-en-santa-fe-investigan-las-circunstancias-de-su-muerte\/#respond"]}]},{"@type":"WebPage","@id":"https:\/\/cvinoticias.com\/v3\/hallaron-sin-vida-a-maria-laura-lafuente-en-santa-fe-investigan-las-circunstancias-de-su-muerte\/","url":"https:\/\/cvinoticias.com\/v3\/hallaron-sin-vida-a-maria-laura-lafuente-en-santa-fe-investigan-las-circunstancias-de-su-muerte\/","name":"Hallaron muerta a Mar\u00eda Laura Lafuente en Santa Fe | CVI NOTICIAS","isPartOf":{"@id":"https:\/\/cvinoticias.com\/v3\/#website"},"primaryImageOfPage":{"@id":"https:\/\/cvinoticias.com\/v3\/hallaron-sin-vida-a-maria-laura-lafuente-en-santa-fe-investigan-las-circunstancias-de-su-muerte\/#primaryimage"},"image":{"@id":"https:\/\/cvinoticias.com\/v3\/hallaron-sin-vida-a-maria-laura-lafuente-en-santa-fe-investigan-las-circunstancias-de-su-muerte\/#primaryimage"},"thumbnailUrl":"https:\/\/cvinoticias.com\/wp-content\/uploads\/2026\/04\/maria-laura-lafuente-desaparicion-joven-coronda.webp","datePublished":"2026-04-24T11:38:37+00:00","dateModified":"2026-04-24T11:38:38+00:00","description":"Encontraron el cuerpo de Mar\u00eda Laura Lafuente en el r\u00edo Coronda y la Justicia investiga el caso como muerte dudosa","breadcrumb":{"@id":"https:\/\/cvinoticias.com\/v3\/hallaron-sin-vida-a-maria-laura-lafuente-en-santa-fe-investigan-las-circunstancias-de-su-muerte\/#breadcrumb"},"inLanguage":"es","potentialAction":[{"@type":"ReadAction","target":["https:\/\/cvinoticias.com\/v3\/hallaron-sin-vida-a-maria-laura-lafuente-en-santa-fe-investigan-las-circunstancias-de-su-muerte\/"]}]},{"@type":"ImageObject","inLanguage":"es","@id":"https:\/\/cvinoticias.com\/v3\/hallaron-sin-vida-a-maria-laura-lafuente-en-santa-fe-investigan-las-circunstancias-de-su-muerte\/#primaryimage","url":"https:\/\/cvinoticias.com\/wp-content\/uploads\/2026\/04\/maria-laura-lafuente-desaparicion-joven-coronda.webp","contentUrl":"https:\/\/cvinoticias.com\/wp-content\/uploads\/2026\/04\/maria-laura-lafuente-desaparicion-joven-coronda.webp","width":1200,"height":675},{"@type":"BreadcrumbList","@id":"https:\/\/cvinoticias.com\/v3\/hallaron-sin-vida-a-maria-laura-lafuente-en-santa-fe-investigan-las-circunstancias-de-su-muerte\/#breadcrumb","itemListElement":[{"@type":"ListItem","position":1,"name":"Portada","item":"https:\/\/cvinoticias.com\/v3\/"},{"@type":"ListItem","position":2,"name":"Hallaron sin vida a Mar\u00eda Laura Lafuente en Santa Fe: investigan las circunstancias de su muerte"}]},{"@type":"WebSite","@id":"https:\/\/cvinoticias.com\/v3\/#website","url":"https:\/\/cvinoticias.com\/v3\/","name":"CVI NOTICIAS","description":"","publisher":{"@id":"https:\/\/cvinoticias.com\/v3\/#organization"},"alternateName":"CVI","potentialAction":[{"@type":"SearchAction","target":{"@type":"EntryPoint","urlTemplate":"https:\/\/cvinoticias.com\/v3\/?s={search_term_string}"},"query-input":{"@type":"PropertyValueSpecification","valueRequired":true,"valueName":"search_term_string"}}],"inLanguage":"es"},{"@type":"Organization","@id":"https:\/\/cvinoticias.com\/v3\/#organization","name":"CVI NOTICIAS","url":"https:\/\/cvinoticias.com\/v3\/","logo":{"@type":"ImageObject","inLanguage":"es","@id":"https:\/\/cvinoticias.com\/v3\/#\/schema\/logo\/image\/","url":"https:\/\/cvinoticias.com\/wp-content\/uploads\/2023\/04\/cropped-cropped-cropped-cropped-cropped-3-1.png","contentUrl":"https:\/\/cvinoticias.com\/wp-content\/uploads\/2023\/04\/cropped-cropped-cropped-cropped-cropped-3-1.png","width":95,"height":122,"caption":"CVI NOTICIAS"},"image":{"@id":"https:\/\/cvinoticias.com\/v3\/#\/schema\/logo\/image\/"},"sameAs":["https:\/\/www.facebook.com\/cvinoticias","https:\/\/www.instagram.com\/cvinoticias\/","https:\/\/www.youtube.com\/@CVINOTICIAS"]},{"@type":"Person","@id":"https:\/\/cvinoticias.com\/v3\/#\/schema\/person\/2db77e3c6bc03c538495d7b2b8be9b66","name":"f1000024","image":{"@type":"ImageObject","inLanguage":"es","@id":"https:\/\/secure.gravatar.com\/avatar\/d4fe7459cfc51ff5129ce1a732bbef5928568b8092d412ef95611616376bbeed?s=96&d=mm&r=g","url":"https:\/\/secure.gravatar.com\/avatar\/d4fe7459cfc51ff5129ce1a732bbef5928568b8092d412ef95611616376bbeed?s=96&d=mm&r=g","contentUrl":"https:\/\/secure.gravatar.com\/avatar\/d4fe7459cfc51ff5129ce1a732bbef5928568b8092d412ef95611616376bbeed?s=96&d=mm&r=g","caption":"f1000024"},"url":"https:\/\/cvinoticias.com\/v3\/author\/f1000024\/"}]}},"_links":{"self":[{"href":"https:\/\/cvinoticias.com\/v3\/wp-json\/wp\/v2\/posts\/57366","targetHints":{"allow":["GET"]}}],"collection":[{"href":"https:\/\/cvinoticias.com\/v3\/wp-json\/wp\/v2\/posts"}],"about":[{"href":"https:\/\/cvinoticias.com\/v3\/wp-json\/wp\/v2\/types\/post"}],"author":[{"embeddable":true,"href":"https:\/\/cvinoticias.com\/v3\/wp-json\/wp\/v2\/users\/2"}],"replies":[{"embeddable":true,"href":"https:\/\/cvinoticias.com\/v3\/wp-json\/wp\/v2\/comments?post=57366"}],"version-history":[{"count":1,"href":"https:\/\/cvinoticias.com\/v3\/wp-json\/wp\/v2\/posts\/57366\/revisions"}],"predecessor-version":[{"id":57368,"href":"https:\/\/cvinoticias.com\/v3\/wp-json\/wp\/v2\/posts\/57366\/revisions\/57368"}],"wp:featuredmedia":[{"embeddable":true,"href":"https:\/\/cvinoticias.com\/v3\/wp-json\/wp\/v2\/media\/57367"}],"wp:attachment":[{"href":"https:\/\/cvinoticias.com\/v3\/wp-json\/wp\/v2\/media?parent=57366"}],"wp:term":[{"taxonomy":"category","embeddable":true,"href":"https:\/\/cvinoticias.com\/v3\/wp-json\/wp\/v2\/categories?post=57366"},{"taxonomy":"post_tag","embeddable":true,"href":"https:\/\/cvinoticias.com\/v3\/wp-json\/wp\/v2\/tags?post=57366"}],"curies":[{"name":"wp","href":"https:\/\/api.w.org\/{rel}","templated":true}]}}