{"id":57347,"date":"2026-04-23T15:04:40","date_gmt":"2026-04-23T18:04:40","guid":{"rendered":"https:\/\/cvinoticias.com\/v3\/?p=57347"},"modified":"2026-04-24T08:17:25","modified_gmt":"2026-04-24T11:17:25","slug":"se-entregaron-tarjetas-del-iplyc-en-el-iturem-para-familias-de-iguazu","status":"publish","type":"post","link":"https:\/\/cvinoticias.com\/v3\/se-entregaron-tarjetas-del-iplyc-en-el-iturem-para-familias-de-iguazu\/","title":{"rendered":"Se entregaron tarjetas del IPLyC en el ITUREM para familias de Iguaz\u00fa"},"content":{"rendered":"\n<p>\u200bEn una jornada marcada por el acompa\u00f1amiento a los sectores m\u00e1s vulnerables, las instalaciones del ITUREM fueron sede de una nueva entrega de tarjetas del IPLyC Seguridad Social. El acto cont\u00f3 con la participaci\u00f3n del intendente, Dr. Claudio Ra\u00fal Filippa, y del Subsecretario de Derechos Econ\u00f3micos y Sociales, Manuel S\u00e1nchez, quienes compartieron el encuentro con las familias beneficiarias.<\/p>\n\n\n\n<p>\u200bDesde la Secretar\u00eda Municipal de Acci\u00f3n Social destacaron que estas acciones forman parte de un compromiso sostenido para garantizar el acceso a alimentos de primera necesidad. El objetivo central es asegurar una nutrici\u00f3n adecuada, poniendo especial \u00e9nfasis en aquellos hogares que cuentan con ni\u00f1os en pleno desarrollo, entendiendo que la seguridad alimentaria es la base para el crecimiento de la comunidad.<\/p>\n\n\n\n<p>\u200bDurante la entrega, las autoridades resaltaron la importancia de un Estado presente que brinde herramientas concretas para mejorar la calidad de vida de los vecinos. Seg\u00fan indicaron desde el \u00e1rea social, cada una de estas entregas representa un paso m\u00e1s en la construcci\u00f3n de una ciudad m\u00e1s emp\u00e1tica, donde la asistencia directa llegue de manera efectiva a quienes m\u00e1s lo necesitan.<\/p>\n\n\n\n<figure class=\"wp-block-image size-large\"><a href=\"https:\/\/cvinoticias.com\/wp-content\/uploads\/2026\/04\/33af325d-e0d5-4d6a-b346-a39c7712157e-1.jpeg\"><img decoding=\"async\" width=\"819\" height=\"1024\" data-src=\"https:\/\/cvinoticias.com\/wp-content\/uploads\/2026\/04\/33af325d-e0d5-4d6a-b346-a39c7712157e-1-819x1024.jpeg\" alt=\"\" class=\"wp-image-57349 lazyload\" data-srcset=\"https:\/\/cvinoticias.com\/wp-content\/uploads\/2026\/04\/33af325d-e0d5-4d6a-b346-a39c7712157e-1-819x1024.jpeg 819w, https:\/\/cvinoticias.com\/wp-content\/uploads\/2026\/04\/33af325d-e0d5-4d6a-b346-a39c7712157e-1-240x300.jpeg 240w, https:\/\/cvinoticias.com\/wp-content\/uploads\/2026\/04\/33af325d-e0d5-4d6a-b346-a39c7712157e-1-768x960.jpeg 768w, https:\/\/cvinoticias.com\/wp-content\/uploads\/2026\/04\/33af325d-e0d5-4d6a-b346-a39c7712157e-1-1229x1536.jpeg 1229w, https:\/\/cvinoticias.com\/wp-content\/uploads\/2026\/04\/33af325d-e0d5-4d6a-b346-a39c7712157e-1.jpeg 1280w\" data-sizes=\"(max-width: 819px) 100vw, 819px\" src=\"data:image\/svg+xml;base64,PHN2ZyB3aWR0aD0iMSIgaGVpZ2h0PSIxIiB4bWxucz0iaHR0cDovL3d3dy53My5vcmcvMjAwMC9zdmciPjwvc3ZnPg==\" style=\"--smush-placeholder-width: 819px; --smush-placeholder-aspect-ratio: 819\/1024;\" \/><\/a><\/figure>\n\n\n\n<p>Entrevista con: Manuel S\u00e1nchez (Subsecretario de Derechos Econ\u00f3micos y Sociales)<\/p>\n","protected":false},"excerpt":{"rendered":"<p>\u200bEn una jornada marcada por el acompa\u00f1amiento a los sectores m\u00e1s vulnerables, las instalaciones del ITUREM fueron sede de una nueva entrega de tarjetas del IPLyC Seguridad Social. El acto cont\u00f3 con la participaci\u00f3n del intendente, Dr. Claudio Ra\u00fal Filippa, y del Subsecretario de Derechos Econ\u00f3micos y Sociales, Manuel S\u00e1nchez, quienes compartieron el encuentro con [&hellip;]<\/p>\n","protected":false},"author":2,"featured_media":57348,"comment_status":"open","ping_status":"closed","sticky":false,"template":"","format":"standard","meta":{"footnotes":""},"categories":[47],"tags":[2854,313,5810,954,2682],"class_list":["post-57347","post","type-post","status-publish","format-standard","has-post-thumbnail","hentry","category-sociedad","tag-familias","tag-iguazu","tag-iplic","tag-iturem","tag-tarjetas"],"yoast_head":"<!-- This site is optimized with the Yoast SEO plugin v27.4 - https:\/\/yoast.com\/product\/yoast-seo-wordpress\/ -->\n<title>Entregan tarjetas del IPLyC a familias en Iguaz\u00fa | CVI NOTICIAS<\/title>\n<meta name=\"description\" content=\"Familias de Iguaz\u00fa recibieron tarjetas del IPLyC en el ITUREM en una jornada de asistencia social\" \/>\n<meta name=\"robots\" content=\"index, follow, max-snippet:-1, max-image-preview:large, max-video-preview:-1\" \/>\n<link rel=\"canonical\" href=\"https:\/\/cvinoticias.com\/v3\/se-entregaron-tarjetas-del-iplyc-en-el-iturem-para-familias-de-iguazu\/\" \/>\n<meta property=\"og:locale\" content=\"es_ES\" \/>\n<meta property=\"og:type\" content=\"article\" \/>\n<meta property=\"og:title\" content=\"Entregan tarjetas del IPLyC a familias en Iguaz\u00fa | CVI NOTICIAS\" \/>\n<meta property=\"og:description\" content=\"Familias de Iguaz\u00fa recibieron tarjetas del IPLyC en el ITUREM en una jornada de asistencia social\" \/>\n<meta property=\"og:url\" content=\"https:\/\/cvinoticias.com\/v3\/se-entregaron-tarjetas-del-iplyc-en-el-iturem-para-familias-de-iguazu\/\" \/>\n<meta property=\"og:site_name\" content=\"CVI NOTICIAS\" \/>\n<meta property=\"article:publisher\" content=\"https:\/\/www.facebook.com\/cvinoticias\" \/>\n<meta property=\"article:published_time\" content=\"2026-04-23T18:04:40+00:00\" \/>\n<meta property=\"article:modified_time\" content=\"2026-04-24T11:17:25+00:00\" \/>\n<meta property=\"og:image\" content=\"https:\/\/cvinoticias.com\/wp-content\/uploads\/2026\/04\/33af325d-e0d5-4d6a-b346-a39c7712157e.jpeg\" \/>\n\t<meta property=\"og:image:width\" content=\"1280\" \/>\n\t<meta property=\"og:image:height\" content=\"1600\" \/>\n\t<meta property=\"og:image:type\" content=\"image\/jpeg\" \/>\n<meta name=\"author\" content=\"f1000024\" \/>\n<meta name=\"twitter:card\" content=\"summary_large_image\" \/>\n<meta name=\"twitter:label1\" content=\"Escrito por\" \/>\n\t<meta name=\"twitter:data1\" content=\"f1000024\" \/>\n\t<meta name=\"twitter:label2\" content=\"Tiempo de lectura\" \/>\n\t<meta name=\"twitter:data2\" content=\"2 minutos\" \/>\n<script type=\"application\/ld+json\" class=\"yoast-schema-graph\">{\"@context\":\"https:\\\/\\\/schema.org\",\"@graph\":[{\"@type\":\"Article\",\"@id\":\"https:\\\/\\\/cvinoticias.com\\\/v3\\\/se-entregaron-tarjetas-del-iplyc-en-el-iturem-para-familias-de-iguazu\\\/#article\",\"isPartOf\":{\"@id\":\"https:\\\/\\\/cvinoticias.com\\\/v3\\\/se-entregaron-tarjetas-del-iplyc-en-el-iturem-para-familias-de-iguazu\\\/\"},\"author\":{\"name\":\"f1000024\",\"@id\":\"https:\\\/\\\/cvinoticias.com\\\/v3\\\/#\\\/schema\\\/person\\\/2db77e3c6bc03c538495d7b2b8be9b66\"},\"headline\":\"Se entregaron tarjetas del IPLyC en el ITUREM para familias de Iguaz\u00fa\",\"datePublished\":\"2026-04-23T18:04:40+00:00\",\"dateModified\":\"2026-04-24T11:17:25+00:00\",\"mainEntityOfPage\":{\"@id\":\"https:\\\/\\\/cvinoticias.com\\\/v3\\\/se-entregaron-tarjetas-del-iplyc-en-el-iturem-para-familias-de-iguazu\\\/\"},\"wordCount\":220,\"commentCount\":0,\"publisher\":{\"@id\":\"https:\\\/\\\/cvinoticias.com\\\/v3\\\/#organization\"},\"image\":{\"@id\":\"https:\\\/\\\/cvinoticias.com\\\/v3\\\/se-entregaron-tarjetas-del-iplyc-en-el-iturem-para-familias-de-iguazu\\\/#primaryimage\"},\"thumbnailUrl\":\"https:\\\/\\\/cvinoticias.com\\\/wp-content\\\/uploads\\\/2026\\\/04\\\/33af325d-e0d5-4d6a-b346-a39c7712157e.jpeg\",\"keywords\":[\"familias\",\"Iguaz\u00fa\",\"IPLIC\",\"Iturem\",\"Tarjetas\"],\"articleSection\":[\"Sociedad\"],\"inLanguage\":\"es\",\"potentialAction\":[{\"@type\":\"CommentAction\",\"name\":\"Comment\",\"target\":[\"https:\\\/\\\/cvinoticias.com\\\/v3\\\/se-entregaron-tarjetas-del-iplyc-en-el-iturem-para-familias-de-iguazu\\\/#respond\"]}]},{\"@type\":\"WebPage\",\"@id\":\"https:\\\/\\\/cvinoticias.com\\\/v3\\\/se-entregaron-tarjetas-del-iplyc-en-el-iturem-para-familias-de-iguazu\\\/\",\"url\":\"https:\\\/\\\/cvinoticias.com\\\/v3\\\/se-entregaron-tarjetas-del-iplyc-en-el-iturem-para-familias-de-iguazu\\\/\",\"name\":\"Entregan tarjetas del IPLyC a familias en Iguaz\u00fa | CVI NOTICIAS\",\"isPartOf\":{\"@id\":\"https:\\\/\\\/cvinoticias.com\\\/v3\\\/#website\"},\"primaryImageOfPage\":{\"@id\":\"https:\\\/\\\/cvinoticias.com\\\/v3\\\/se-entregaron-tarjetas-del-iplyc-en-el-iturem-para-familias-de-iguazu\\\/#primaryimage\"},\"image\":{\"@id\":\"https:\\\/\\\/cvinoticias.com\\\/v3\\\/se-entregaron-tarjetas-del-iplyc-en-el-iturem-para-familias-de-iguazu\\\/#primaryimage\"},\"thumbnailUrl\":\"https:\\\/\\\/cvinoticias.com\\\/wp-content\\\/uploads\\\/2026\\\/04\\\/33af325d-e0d5-4d6a-b346-a39c7712157e.jpeg\",\"datePublished\":\"2026-04-23T18:04:40+00:00\",\"dateModified\":\"2026-04-24T11:17:25+00:00\",\"description\":\"Familias de Iguaz\u00fa recibieron tarjetas del IPLyC en el ITUREM en una jornada de asistencia social\",\"breadcrumb\":{\"@id\":\"https:\\\/\\\/cvinoticias.com\\\/v3\\\/se-entregaron-tarjetas-del-iplyc-en-el-iturem-para-familias-de-iguazu\\\/#breadcrumb\"},\"inLanguage\":\"es\",\"potentialAction\":[{\"@type\":\"ReadAction\",\"target\":[\"https:\\\/\\\/cvinoticias.com\\\/v3\\\/se-entregaron-tarjetas-del-iplyc-en-el-iturem-para-familias-de-iguazu\\\/\"]}]},{\"@type\":\"ImageObject\",\"inLanguage\":\"es\",\"@id\":\"https:\\\/\\\/cvinoticias.com\\\/v3\\\/se-entregaron-tarjetas-del-iplyc-en-el-iturem-para-familias-de-iguazu\\\/#primaryimage\",\"url\":\"https:\\\/\\\/cvinoticias.com\\\/wp-content\\\/uploads\\\/2026\\\/04\\\/33af325d-e0d5-4d6a-b346-a39c7712157e.jpeg\",\"contentUrl\":\"https:\\\/\\\/cvinoticias.com\\\/wp-content\\\/uploads\\\/2026\\\/04\\\/33af325d-e0d5-4d6a-b346-a39c7712157e.jpeg\",\"width\":1280,\"height\":1600},{\"@type\":\"BreadcrumbList\",\"@id\":\"https:\\\/\\\/cvinoticias.com\\\/v3\\\/se-entregaron-tarjetas-del-iplyc-en-el-iturem-para-familias-de-iguazu\\\/#breadcrumb\",\"itemListElement\":[{\"@type\":\"ListItem\",\"position\":1,\"name\":\"Portada\",\"item\":\"https:\\\/\\\/cvinoticias.com\\\/v3\\\/\"},{\"@type\":\"ListItem\",\"position\":2,\"name\":\"Se entregaron tarjetas del IPLyC en el ITUREM para familias de Iguaz\u00fa\"}]},{\"@type\":\"WebSite\",\"@id\":\"https:\\\/\\\/cvinoticias.com\\\/v3\\\/#website\",\"url\":\"https:\\\/\\\/cvinoticias.com\\\/v3\\\/\",\"name\":\"CVI NOTICIAS\",\"description\":\"\",\"publisher\":{\"@id\":\"https:\\\/\\\/cvinoticias.com\\\/v3\\\/#organization\"},\"alternateName\":\"CVI\",\"potentialAction\":[{\"@type\":\"SearchAction\",\"target\":{\"@type\":\"EntryPoint\",\"urlTemplate\":\"https:\\\/\\\/cvinoticias.com\\\/v3\\\/?s={search_term_string}\"},\"query-input\":{\"@type\":\"PropertyValueSpecification\",\"valueRequired\":true,\"valueName\":\"search_term_string\"}}],\"inLanguage\":\"es\"},{\"@type\":\"Organization\",\"@id\":\"https:\\\/\\\/cvinoticias.com\\\/v3\\\/#organization\",\"name\":\"CVI NOTICIAS\",\"url\":\"https:\\\/\\\/cvinoticias.com\\\/v3\\\/\",\"logo\":{\"@type\":\"ImageObject\",\"inLanguage\":\"es\",\"@id\":\"https:\\\/\\\/cvinoticias.com\\\/v3\\\/#\\\/schema\\\/logo\\\/image\\\/\",\"url\":\"https:\\\/\\\/cvinoticias.com\\\/wp-content\\\/uploads\\\/2023\\\/04\\\/cropped-cropped-cropped-cropped-cropped-3-1.png\",\"contentUrl\":\"https:\\\/\\\/cvinoticias.com\\\/wp-content\\\/uploads\\\/2023\\\/04\\\/cropped-cropped-cropped-cropped-cropped-3-1.png\",\"width\":95,\"height\":122,\"caption\":\"CVI NOTICIAS\"},\"image\":{\"@id\":\"https:\\\/\\\/cvinoticias.com\\\/v3\\\/#\\\/schema\\\/logo\\\/image\\\/\"},\"sameAs\":[\"https:\\\/\\\/www.facebook.com\\\/cvinoticias\",\"https:\\\/\\\/www.instagram.com\\\/cvinoticias\\\/\",\"https:\\\/\\\/www.youtube.com\\\/@CVINOTICIAS\"]},{\"@type\":\"Person\",\"@id\":\"https:\\\/\\\/cvinoticias.com\\\/v3\\\/#\\\/schema\\\/person\\\/2db77e3c6bc03c538495d7b2b8be9b66\",\"name\":\"f1000024\",\"image\":{\"@type\":\"ImageObject\",\"inLanguage\":\"es\",\"@id\":\"https:\\\/\\\/secure.gravatar.com\\\/avatar\\\/d4fe7459cfc51ff5129ce1a732bbef5928568b8092d412ef95611616376bbeed?s=96&d=mm&r=g\",\"url\":\"https:\\\/\\\/secure.gravatar.com\\\/avatar\\\/d4fe7459cfc51ff5129ce1a732bbef5928568b8092d412ef95611616376bbeed?s=96&d=mm&r=g\",\"contentUrl\":\"https:\\\/\\\/secure.gravatar.com\\\/avatar\\\/d4fe7459cfc51ff5129ce1a732bbef5928568b8092d412ef95611616376bbeed?s=96&d=mm&r=g\",\"caption\":\"f1000024\"},\"url\":\"https:\\\/\\\/cvinoticias.com\\\/v3\\\/author\\\/f1000024\\\/\"}]}<\/script>\n<!-- \/ Yoast SEO plugin. -->","yoast_head_json":{"title":"Entregan tarjetas del IPLyC a familias en Iguaz\u00fa | CVI NOTICIAS","description":"Familias de Iguaz\u00fa recibieron tarjetas del IPLyC en el ITUREM en una jornada de asistencia social","robots":{"index":"index","follow":"follow","max-snippet":"max-snippet:-1","max-image-preview":"max-image-preview:large","max-video-preview":"max-video-preview:-1"},"canonical":"https:\/\/cvinoticias.com\/v3\/se-entregaron-tarjetas-del-iplyc-en-el-iturem-para-familias-de-iguazu\/","og_locale":"es_ES","og_type":"article","og_title":"Entregan tarjetas del IPLyC a familias en Iguaz\u00fa | CVI NOTICIAS","og_description":"Familias de Iguaz\u00fa recibieron tarjetas del IPLyC en el ITUREM en una jornada de asistencia social","og_url":"https:\/\/cvinoticias.com\/v3\/se-entregaron-tarjetas-del-iplyc-en-el-iturem-para-familias-de-iguazu\/","og_site_name":"CVI NOTICIAS","article_publisher":"https:\/\/www.facebook.com\/cvinoticias","article_published_time":"2026-04-23T18:04:40+00:00","article_modified_time":"2026-04-24T11:17:25+00:00","og_image":[{"width":1280,"height":1600,"url":"https:\/\/cvinoticias.com\/wp-content\/uploads\/2026\/04\/33af325d-e0d5-4d6a-b346-a39c7712157e.jpeg","type":"image\/jpeg"}],"author":"f1000024","twitter_card":"summary_large_image","twitter_misc":{"Escrito por":"f1000024","Tiempo de lectura":"2 minutos"},"schema":{"@context":"https:\/\/schema.org","@graph":[{"@type":"Article","@id":"https:\/\/cvinoticias.com\/v3\/se-entregaron-tarjetas-del-iplyc-en-el-iturem-para-familias-de-iguazu\/#article","isPartOf":{"@id":"https:\/\/cvinoticias.com\/v3\/se-entregaron-tarjetas-del-iplyc-en-el-iturem-para-familias-de-iguazu\/"},"author":{"name":"f1000024","@id":"https:\/\/cvinoticias.com\/v3\/#\/schema\/person\/2db77e3c6bc03c538495d7b2b8be9b66"},"headline":"Se entregaron tarjetas del IPLyC en el ITUREM para familias de Iguaz\u00fa","datePublished":"2026-04-23T18:04:40+00:00","dateModified":"2026-04-24T11:17:25+00:00","mainEntityOfPage":{"@id":"https:\/\/cvinoticias.com\/v3\/se-entregaron-tarjetas-del-iplyc-en-el-iturem-para-familias-de-iguazu\/"},"wordCount":220,"commentCount":0,"publisher":{"@id":"https:\/\/cvinoticias.com\/v3\/#organization"},"image":{"@id":"https:\/\/cvinoticias.com\/v3\/se-entregaron-tarjetas-del-iplyc-en-el-iturem-para-familias-de-iguazu\/#primaryimage"},"thumbnailUrl":"https:\/\/cvinoticias.com\/wp-content\/uploads\/2026\/04\/33af325d-e0d5-4d6a-b346-a39c7712157e.jpeg","keywords":["familias","Iguaz\u00fa","IPLIC","Iturem","Tarjetas"],"articleSection":["Sociedad"],"inLanguage":"es","potentialAction":[{"@type":"CommentAction","name":"Comment","target":["https:\/\/cvinoticias.com\/v3\/se-entregaron-tarjetas-del-iplyc-en-el-iturem-para-familias-de-iguazu\/#respond"]}]},{"@type":"WebPage","@id":"https:\/\/cvinoticias.com\/v3\/se-entregaron-tarjetas-del-iplyc-en-el-iturem-para-familias-de-iguazu\/","url":"https:\/\/cvinoticias.com\/v3\/se-entregaron-tarjetas-del-iplyc-en-el-iturem-para-familias-de-iguazu\/","name":"Entregan tarjetas del IPLyC a familias en Iguaz\u00fa | CVI NOTICIAS","isPartOf":{"@id":"https:\/\/cvinoticias.com\/v3\/#website"},"primaryImageOfPage":{"@id":"https:\/\/cvinoticias.com\/v3\/se-entregaron-tarjetas-del-iplyc-en-el-iturem-para-familias-de-iguazu\/#primaryimage"},"image":{"@id":"https:\/\/cvinoticias.com\/v3\/se-entregaron-tarjetas-del-iplyc-en-el-iturem-para-familias-de-iguazu\/#primaryimage"},"thumbnailUrl":"https:\/\/cvinoticias.com\/wp-content\/uploads\/2026\/04\/33af325d-e0d5-4d6a-b346-a39c7712157e.jpeg","datePublished":"2026-04-23T18:04:40+00:00","dateModified":"2026-04-24T11:17:25+00:00","description":"Familias de Iguaz\u00fa recibieron tarjetas del IPLyC en el ITUREM en una jornada de asistencia social","breadcrumb":{"@id":"https:\/\/cvinoticias.com\/v3\/se-entregaron-tarjetas-del-iplyc-en-el-iturem-para-familias-de-iguazu\/#breadcrumb"},"inLanguage":"es","potentialAction":[{"@type":"ReadAction","target":["https:\/\/cvinoticias.com\/v3\/se-entregaron-tarjetas-del-iplyc-en-el-iturem-para-familias-de-iguazu\/"]}]},{"@type":"ImageObject","inLanguage":"es","@id":"https:\/\/cvinoticias.com\/v3\/se-entregaron-tarjetas-del-iplyc-en-el-iturem-para-familias-de-iguazu\/#primaryimage","url":"https:\/\/cvinoticias.com\/wp-content\/uploads\/2026\/04\/33af325d-e0d5-4d6a-b346-a39c7712157e.jpeg","contentUrl":"https:\/\/cvinoticias.com\/wp-content\/uploads\/2026\/04\/33af325d-e0d5-4d6a-b346-a39c7712157e.jpeg","width":1280,"height":1600},{"@type":"BreadcrumbList","@id":"https:\/\/cvinoticias.com\/v3\/se-entregaron-tarjetas-del-iplyc-en-el-iturem-para-familias-de-iguazu\/#breadcrumb","itemListElement":[{"@type":"ListItem","position":1,"name":"Portada","item":"https:\/\/cvinoticias.com\/v3\/"},{"@type":"ListItem","position":2,"name":"Se entregaron tarjetas del IPLyC en el ITUREM para familias de Iguaz\u00fa"}]},{"@type":"WebSite","@id":"https:\/\/cvinoticias.com\/v3\/#website","url":"https:\/\/cvinoticias.com\/v3\/","name":"CVI NOTICIAS","description":"","publisher":{"@id":"https:\/\/cvinoticias.com\/v3\/#organization"},"alternateName":"CVI","potentialAction":[{"@type":"SearchAction","target":{"@type":"EntryPoint","urlTemplate":"https:\/\/cvinoticias.com\/v3\/?s={search_term_string}"},"query-input":{"@type":"PropertyValueSpecification","valueRequired":true,"valueName":"search_term_string"}}],"inLanguage":"es"},{"@type":"Organization","@id":"https:\/\/cvinoticias.com\/v3\/#organization","name":"CVI NOTICIAS","url":"https:\/\/cvinoticias.com\/v3\/","logo":{"@type":"ImageObject","inLanguage":"es","@id":"https:\/\/cvinoticias.com\/v3\/#\/schema\/logo\/image\/","url":"https:\/\/cvinoticias.com\/wp-content\/uploads\/2023\/04\/cropped-cropped-cropped-cropped-cropped-3-1.png","contentUrl":"https:\/\/cvinoticias.com\/wp-content\/uploads\/2023\/04\/cropped-cropped-cropped-cropped-cropped-3-1.png","width":95,"height":122,"caption":"CVI NOTICIAS"},"image":{"@id":"https:\/\/cvinoticias.com\/v3\/#\/schema\/logo\/image\/"},"sameAs":["https:\/\/www.facebook.com\/cvinoticias","https:\/\/www.instagram.com\/cvinoticias\/","https:\/\/www.youtube.com\/@CVINOTICIAS"]},{"@type":"Person","@id":"https:\/\/cvinoticias.com\/v3\/#\/schema\/person\/2db77e3c6bc03c538495d7b2b8be9b66","name":"f1000024","image":{"@type":"ImageObject","inLanguage":"es","@id":"https:\/\/secure.gravatar.com\/avatar\/d4fe7459cfc51ff5129ce1a732bbef5928568b8092d412ef95611616376bbeed?s=96&d=mm&r=g","url":"https:\/\/secure.gravatar.com\/avatar\/d4fe7459cfc51ff5129ce1a732bbef5928568b8092d412ef95611616376bbeed?s=96&d=mm&r=g","contentUrl":"https:\/\/secure.gravatar.com\/avatar\/d4fe7459cfc51ff5129ce1a732bbef5928568b8092d412ef95611616376bbeed?s=96&d=mm&r=g","caption":"f1000024"},"url":"https:\/\/cvinoticias.com\/v3\/author\/f1000024\/"}]}},"_links":{"self":[{"href":"https:\/\/cvinoticias.com\/v3\/wp-json\/wp\/v2\/posts\/57347","targetHints":{"allow":["GET"]}}],"collection":[{"href":"https:\/\/cvinoticias.com\/v3\/wp-json\/wp\/v2\/posts"}],"about":[{"href":"https:\/\/cvinoticias.com\/v3\/wp-json\/wp\/v2\/types\/post"}],"author":[{"embeddable":true,"href":"https:\/\/cvinoticias.com\/v3\/wp-json\/wp\/v2\/users\/2"}],"replies":[{"embeddable":true,"href":"https:\/\/cvinoticias.com\/v3\/wp-json\/wp\/v2\/comments?post=57347"}],"version-history":[{"count":1,"href":"https:\/\/cvinoticias.com\/v3\/wp-json\/wp\/v2\/posts\/57347\/revisions"}],"predecessor-version":[{"id":57351,"href":"https:\/\/cvinoticias.com\/v3\/wp-json\/wp\/v2\/posts\/57347\/revisions\/57351"}],"wp:featuredmedia":[{"embeddable":true,"href":"https:\/\/cvinoticias.com\/v3\/wp-json\/wp\/v2\/media\/57348"}],"wp:attachment":[{"href":"https:\/\/cvinoticias.com\/v3\/wp-json\/wp\/v2\/media?parent=57347"}],"wp:term":[{"taxonomy":"category","embeddable":true,"href":"https:\/\/cvinoticias.com\/v3\/wp-json\/wp\/v2\/categories?post=57347"},{"taxonomy":"post_tag","embeddable":true,"href":"https:\/\/cvinoticias.com\/v3\/wp-json\/wp\/v2\/tags?post=57347"}],"curies":[{"name":"wp","href":"https:\/\/api.w.org\/{rel}","templated":true}]}}