{"id":57344,"date":"2026-04-23T15:09:37","date_gmt":"2026-04-23T18:09:37","guid":{"rendered":"https:\/\/cvinoticias.com\/v3\/?p=57344"},"modified":"2026-04-24T08:16:58","modified_gmt":"2026-04-24T11:16:58","slug":"comenzo-la-actividad-del-concejo-deliberante-estudiantil-en-iguazu","status":"publish","type":"post","link":"https:\/\/cvinoticias.com\/v3\/comenzo-la-actividad-del-concejo-deliberante-estudiantil-en-iguazu\/","title":{"rendered":"Comenz\u00f3 la actividad del Concejo Deliberante Estudiantil en Iguaz\u00fa"},"content":{"rendered":"\n<p>\u200bCon el objetivo de fomentar el compromiso c\u00edvico y la participaci\u00f3n activa de la juventud, se llev\u00f3 a cabo la primera sesi\u00f3n preparatoria del Honorable Concejo Deliberante Estudiantil. La jornada cont\u00f3 con el asesoramiento del presidente del cuerpo, Carlos R\u00edos, junto a los concejales y al coordinador del \u00e1rea estudiantil, Enzo N\u00fa\u00f1ez, quienes guiaron a los alumnos en sus primeros pasos dentro de la labor legislativa.<\/p>\n\n\n\n<p>\u200bEste parlamento juvenil est\u00e1 integrado por dos representantes de cada escuela secundaria de la ciudad \u2014ya sean p\u00fablicas, privadas o de gesti\u00f3n privada\u2014 que cursen entre 3\u00b0 y 5\u00b0 a\u00f1o (incluyendo 6\u00b0 a\u00f1o en el caso de las escuelas t\u00e9cnicas). Durante esta primera sesi\u00f3n preparatoria, los estudiantes eligieron a sus autoridades, definiendo qui\u00e9nes ocupar\u00e1n la Presidencia, Vicepresidencia y las Secretar\u00edas del cuerpo.<br>\u200b<br>\u200bTras la conformaci\u00f3n oficial, los j\u00f3venes legisladores ya cuentan con un calendario de sesiones definido que se extender\u00e1 desde este mes de abril hasta septiembre. Durante este periodo, tratar\u00e1n diversos proyectos y temas de inter\u00e9s puntual para la juventud local, contando siempre con el respaldo t\u00e9cnico del personal del Concejo Deliberante y los ediles actuales.<\/p>\n\n\n\n<figure class=\"wp-block-image size-large\"><a href=\"https:\/\/cvinoticias.com\/wp-content\/uploads\/2026\/04\/cbbff0d1-c1a2-44a5-ab54-6bc1411ba5bd.jpeg\"><img decoding=\"async\" width=\"1024\" height=\"576\" data-src=\"https:\/\/cvinoticias.com\/wp-content\/uploads\/2026\/04\/cbbff0d1-c1a2-44a5-ab54-6bc1411ba5bd-1024x576.jpeg\" alt=\"\" class=\"wp-image-57346 lazyload\" data-srcset=\"https:\/\/cvinoticias.com\/wp-content\/uploads\/2026\/04\/cbbff0d1-c1a2-44a5-ab54-6bc1411ba5bd-1024x576.jpeg 1024w, https:\/\/cvinoticias.com\/wp-content\/uploads\/2026\/04\/cbbff0d1-c1a2-44a5-ab54-6bc1411ba5bd-300x169.jpeg 300w, https:\/\/cvinoticias.com\/wp-content\/uploads\/2026\/04\/cbbff0d1-c1a2-44a5-ab54-6bc1411ba5bd-768x432.jpeg 768w, https:\/\/cvinoticias.com\/wp-content\/uploads\/2026\/04\/cbbff0d1-c1a2-44a5-ab54-6bc1411ba5bd-1536x864.jpeg 1536w, https:\/\/cvinoticias.com\/wp-content\/uploads\/2026\/04\/cbbff0d1-c1a2-44a5-ab54-6bc1411ba5bd.jpeg 1599w\" data-sizes=\"(max-width: 1024px) 100vw, 1024px\" src=\"data:image\/svg+xml;base64,PHN2ZyB3aWR0aD0iMSIgaGVpZ2h0PSIxIiB4bWxucz0iaHR0cDovL3d3dy53My5vcmcvMjAwMC9zdmciPjwvc3ZnPg==\" style=\"--smush-placeholder-width: 1024px; --smush-placeholder-aspect-ratio: 1024\/576;\" \/><\/a><\/figure>\n","protected":false},"excerpt":{"rendered":"<p>\u200bCon el objetivo de fomentar el compromiso c\u00edvico y la participaci\u00f3n activa de la juventud, se llev\u00f3 a cabo la primera sesi\u00f3n preparatoria del Honorable Concejo Deliberante Estudiantil. La jornada cont\u00f3 con el asesoramiento del presidente del cuerpo, Carlos R\u00edos, junto a los concejales y al coordinador del \u00e1rea estudiantil, Enzo N\u00fa\u00f1ez, quienes guiaron a [&hellip;]<\/p>\n","protected":false},"author":2,"featured_media":57345,"comment_status":"open","ping_status":"closed","sticky":false,"template":"","format":"standard","meta":{"footnotes":""},"categories":[47],"tags":[2541,3423,3982,5809,313,1644],"class_list":["post-57344","post","type-post","status-publish","format-standard","has-post-thumbnail","hentry","category-sociedad","tag-consejo","tag-deliberante","tag-estudiantil","tag-honorable","tag-iguazu","tag-jornada"],"yoast_head":"<!-- This site is optimized with the Yoast SEO plugin v27.4 - https:\/\/yoast.com\/product\/yoast-seo-wordpress\/ -->\n<title>Inici\u00f3 el Concejo Estudiantil en Iguaz\u00fa | CVI NOTICIAS<\/title>\n<meta name=\"description\" content=\"Estudiantes de Iguaz\u00fa iniciaron sesiones del Concejo Deliberante Estudiantil con elecci\u00f3n de autoridades y agenda legislativa\" \/>\n<meta name=\"robots\" content=\"index, follow, max-snippet:-1, max-image-preview:large, max-video-preview:-1\" \/>\n<link rel=\"canonical\" href=\"https:\/\/cvinoticias.com\/v3\/comenzo-la-actividad-del-concejo-deliberante-estudiantil-en-iguazu\/\" \/>\n<meta property=\"og:locale\" content=\"es_ES\" \/>\n<meta property=\"og:type\" content=\"article\" \/>\n<meta property=\"og:title\" content=\"Inici\u00f3 el Concejo Estudiantil en Iguaz\u00fa | CVI NOTICIAS\" \/>\n<meta property=\"og:description\" content=\"Estudiantes de Iguaz\u00fa iniciaron sesiones del Concejo Deliberante Estudiantil con elecci\u00f3n de autoridades y agenda legislativa\" \/>\n<meta property=\"og:url\" content=\"https:\/\/cvinoticias.com\/v3\/comenzo-la-actividad-del-concejo-deliberante-estudiantil-en-iguazu\/\" \/>\n<meta property=\"og:site_name\" content=\"CVI NOTICIAS\" \/>\n<meta property=\"article:publisher\" content=\"https:\/\/www.facebook.com\/cvinoticias\" \/>\n<meta property=\"article:published_time\" content=\"2026-04-23T18:09:37+00:00\" \/>\n<meta property=\"article:modified_time\" content=\"2026-04-24T11:16:58+00:00\" \/>\n<meta property=\"og:image\" content=\"https:\/\/cvinoticias.com\/wp-content\/uploads\/2026\/04\/395798f9-8097-4441-ab34-eed21314e196.jpeg\" \/>\n\t<meta property=\"og:image:width\" content=\"1600\" \/>\n\t<meta property=\"og:image:height\" content=\"900\" \/>\n\t<meta property=\"og:image:type\" content=\"image\/jpeg\" \/>\n<meta name=\"author\" content=\"f1000024\" \/>\n<meta name=\"twitter:card\" content=\"summary_large_image\" \/>\n<meta name=\"twitter:label1\" content=\"Escrito por\" \/>\n\t<meta name=\"twitter:data1\" content=\"f1000024\" \/>\n\t<meta name=\"twitter:label2\" content=\"Tiempo de lectura\" \/>\n\t<meta name=\"twitter:data2\" content=\"2 minutos\" \/>\n<script type=\"application\/ld+json\" class=\"yoast-schema-graph\">{\"@context\":\"https:\\\/\\\/schema.org\",\"@graph\":[{\"@type\":\"Article\",\"@id\":\"https:\\\/\\\/cvinoticias.com\\\/v3\\\/comenzo-la-actividad-del-concejo-deliberante-estudiantil-en-iguazu\\\/#article\",\"isPartOf\":{\"@id\":\"https:\\\/\\\/cvinoticias.com\\\/v3\\\/comenzo-la-actividad-del-concejo-deliberante-estudiantil-en-iguazu\\\/\"},\"author\":{\"name\":\"f1000024\",\"@id\":\"https:\\\/\\\/cvinoticias.com\\\/v3\\\/#\\\/schema\\\/person\\\/2db77e3c6bc03c538495d7b2b8be9b66\"},\"headline\":\"Comenz\u00f3 la actividad del Concejo Deliberante Estudiantil en Iguaz\u00fa\",\"datePublished\":\"2026-04-23T18:09:37+00:00\",\"dateModified\":\"2026-04-24T11:16:58+00:00\",\"mainEntityOfPage\":{\"@id\":\"https:\\\/\\\/cvinoticias.com\\\/v3\\\/comenzo-la-actividad-del-concejo-deliberante-estudiantil-en-iguazu\\\/\"},\"wordCount\":208,\"commentCount\":0,\"publisher\":{\"@id\":\"https:\\\/\\\/cvinoticias.com\\\/v3\\\/#organization\"},\"image\":{\"@id\":\"https:\\\/\\\/cvinoticias.com\\\/v3\\\/comenzo-la-actividad-del-concejo-deliberante-estudiantil-en-iguazu\\\/#primaryimage\"},\"thumbnailUrl\":\"https:\\\/\\\/cvinoticias.com\\\/wp-content\\\/uploads\\\/2026\\\/04\\\/395798f9-8097-4441-ab34-eed21314e196.jpeg\",\"keywords\":[\"Consejo\",\"Deliberante\",\"Estudiantil\",\"honorable\",\"Iguaz\u00fa\",\"jornada\"],\"articleSection\":[\"Sociedad\"],\"inLanguage\":\"es\",\"potentialAction\":[{\"@type\":\"CommentAction\",\"name\":\"Comment\",\"target\":[\"https:\\\/\\\/cvinoticias.com\\\/v3\\\/comenzo-la-actividad-del-concejo-deliberante-estudiantil-en-iguazu\\\/#respond\"]}]},{\"@type\":\"WebPage\",\"@id\":\"https:\\\/\\\/cvinoticias.com\\\/v3\\\/comenzo-la-actividad-del-concejo-deliberante-estudiantil-en-iguazu\\\/\",\"url\":\"https:\\\/\\\/cvinoticias.com\\\/v3\\\/comenzo-la-actividad-del-concejo-deliberante-estudiantil-en-iguazu\\\/\",\"name\":\"Inici\u00f3 el Concejo Estudiantil en Iguaz\u00fa | CVI NOTICIAS\",\"isPartOf\":{\"@id\":\"https:\\\/\\\/cvinoticias.com\\\/v3\\\/#website\"},\"primaryImageOfPage\":{\"@id\":\"https:\\\/\\\/cvinoticias.com\\\/v3\\\/comenzo-la-actividad-del-concejo-deliberante-estudiantil-en-iguazu\\\/#primaryimage\"},\"image\":{\"@id\":\"https:\\\/\\\/cvinoticias.com\\\/v3\\\/comenzo-la-actividad-del-concejo-deliberante-estudiantil-en-iguazu\\\/#primaryimage\"},\"thumbnailUrl\":\"https:\\\/\\\/cvinoticias.com\\\/wp-content\\\/uploads\\\/2026\\\/04\\\/395798f9-8097-4441-ab34-eed21314e196.jpeg\",\"datePublished\":\"2026-04-23T18:09:37+00:00\",\"dateModified\":\"2026-04-24T11:16:58+00:00\",\"description\":\"Estudiantes de Iguaz\u00fa iniciaron sesiones del Concejo Deliberante Estudiantil con elecci\u00f3n de autoridades y agenda legislativa\",\"breadcrumb\":{\"@id\":\"https:\\\/\\\/cvinoticias.com\\\/v3\\\/comenzo-la-actividad-del-concejo-deliberante-estudiantil-en-iguazu\\\/#breadcrumb\"},\"inLanguage\":\"es\",\"potentialAction\":[{\"@type\":\"ReadAction\",\"target\":[\"https:\\\/\\\/cvinoticias.com\\\/v3\\\/comenzo-la-actividad-del-concejo-deliberante-estudiantil-en-iguazu\\\/\"]}]},{\"@type\":\"ImageObject\",\"inLanguage\":\"es\",\"@id\":\"https:\\\/\\\/cvinoticias.com\\\/v3\\\/comenzo-la-actividad-del-concejo-deliberante-estudiantil-en-iguazu\\\/#primaryimage\",\"url\":\"https:\\\/\\\/cvinoticias.com\\\/wp-content\\\/uploads\\\/2026\\\/04\\\/395798f9-8097-4441-ab34-eed21314e196.jpeg\",\"contentUrl\":\"https:\\\/\\\/cvinoticias.com\\\/wp-content\\\/uploads\\\/2026\\\/04\\\/395798f9-8097-4441-ab34-eed21314e196.jpeg\",\"width\":1600,\"height\":900},{\"@type\":\"BreadcrumbList\",\"@id\":\"https:\\\/\\\/cvinoticias.com\\\/v3\\\/comenzo-la-actividad-del-concejo-deliberante-estudiantil-en-iguazu\\\/#breadcrumb\",\"itemListElement\":[{\"@type\":\"ListItem\",\"position\":1,\"name\":\"Portada\",\"item\":\"https:\\\/\\\/cvinoticias.com\\\/v3\\\/\"},{\"@type\":\"ListItem\",\"position\":2,\"name\":\"Comenz\u00f3 la actividad del Concejo Deliberante Estudiantil en Iguaz\u00fa\"}]},{\"@type\":\"WebSite\",\"@id\":\"https:\\\/\\\/cvinoticias.com\\\/v3\\\/#website\",\"url\":\"https:\\\/\\\/cvinoticias.com\\\/v3\\\/\",\"name\":\"CVI NOTICIAS\",\"description\":\"\",\"publisher\":{\"@id\":\"https:\\\/\\\/cvinoticias.com\\\/v3\\\/#organization\"},\"alternateName\":\"CVI\",\"potentialAction\":[{\"@type\":\"SearchAction\",\"target\":{\"@type\":\"EntryPoint\",\"urlTemplate\":\"https:\\\/\\\/cvinoticias.com\\\/v3\\\/?s={search_term_string}\"},\"query-input\":{\"@type\":\"PropertyValueSpecification\",\"valueRequired\":true,\"valueName\":\"search_term_string\"}}],\"inLanguage\":\"es\"},{\"@type\":\"Organization\",\"@id\":\"https:\\\/\\\/cvinoticias.com\\\/v3\\\/#organization\",\"name\":\"CVI NOTICIAS\",\"url\":\"https:\\\/\\\/cvinoticias.com\\\/v3\\\/\",\"logo\":{\"@type\":\"ImageObject\",\"inLanguage\":\"es\",\"@id\":\"https:\\\/\\\/cvinoticias.com\\\/v3\\\/#\\\/schema\\\/logo\\\/image\\\/\",\"url\":\"https:\\\/\\\/cvinoticias.com\\\/wp-content\\\/uploads\\\/2023\\\/04\\\/cropped-cropped-cropped-cropped-cropped-3-1.png\",\"contentUrl\":\"https:\\\/\\\/cvinoticias.com\\\/wp-content\\\/uploads\\\/2023\\\/04\\\/cropped-cropped-cropped-cropped-cropped-3-1.png\",\"width\":95,\"height\":122,\"caption\":\"CVI NOTICIAS\"},\"image\":{\"@id\":\"https:\\\/\\\/cvinoticias.com\\\/v3\\\/#\\\/schema\\\/logo\\\/image\\\/\"},\"sameAs\":[\"https:\\\/\\\/www.facebook.com\\\/cvinoticias\",\"https:\\\/\\\/www.instagram.com\\\/cvinoticias\\\/\",\"https:\\\/\\\/www.youtube.com\\\/@CVINOTICIAS\"]},{\"@type\":\"Person\",\"@id\":\"https:\\\/\\\/cvinoticias.com\\\/v3\\\/#\\\/schema\\\/person\\\/2db77e3c6bc03c538495d7b2b8be9b66\",\"name\":\"f1000024\",\"image\":{\"@type\":\"ImageObject\",\"inLanguage\":\"es\",\"@id\":\"https:\\\/\\\/secure.gravatar.com\\\/avatar\\\/d4fe7459cfc51ff5129ce1a732bbef5928568b8092d412ef95611616376bbeed?s=96&d=mm&r=g\",\"url\":\"https:\\\/\\\/secure.gravatar.com\\\/avatar\\\/d4fe7459cfc51ff5129ce1a732bbef5928568b8092d412ef95611616376bbeed?s=96&d=mm&r=g\",\"contentUrl\":\"https:\\\/\\\/secure.gravatar.com\\\/avatar\\\/d4fe7459cfc51ff5129ce1a732bbef5928568b8092d412ef95611616376bbeed?s=96&d=mm&r=g\",\"caption\":\"f1000024\"},\"url\":\"https:\\\/\\\/cvinoticias.com\\\/v3\\\/author\\\/f1000024\\\/\"}]}<\/script>\n<!-- \/ Yoast SEO plugin. -->","yoast_head_json":{"title":"Inici\u00f3 el Concejo Estudiantil en Iguaz\u00fa | CVI NOTICIAS","description":"Estudiantes de Iguaz\u00fa iniciaron sesiones del Concejo Deliberante Estudiantil con elecci\u00f3n de autoridades y agenda legislativa","robots":{"index":"index","follow":"follow","max-snippet":"max-snippet:-1","max-image-preview":"max-image-preview:large","max-video-preview":"max-video-preview:-1"},"canonical":"https:\/\/cvinoticias.com\/v3\/comenzo-la-actividad-del-concejo-deliberante-estudiantil-en-iguazu\/","og_locale":"es_ES","og_type":"article","og_title":"Inici\u00f3 el Concejo Estudiantil en Iguaz\u00fa | CVI NOTICIAS","og_description":"Estudiantes de Iguaz\u00fa iniciaron sesiones del Concejo Deliberante Estudiantil con elecci\u00f3n de autoridades y agenda legislativa","og_url":"https:\/\/cvinoticias.com\/v3\/comenzo-la-actividad-del-concejo-deliberante-estudiantil-en-iguazu\/","og_site_name":"CVI NOTICIAS","article_publisher":"https:\/\/www.facebook.com\/cvinoticias","article_published_time":"2026-04-23T18:09:37+00:00","article_modified_time":"2026-04-24T11:16:58+00:00","og_image":[{"width":1600,"height":900,"url":"https:\/\/cvinoticias.com\/wp-content\/uploads\/2026\/04\/395798f9-8097-4441-ab34-eed21314e196.jpeg","type":"image\/jpeg"}],"author":"f1000024","twitter_card":"summary_large_image","twitter_misc":{"Escrito por":"f1000024","Tiempo de lectura":"2 minutos"},"schema":{"@context":"https:\/\/schema.org","@graph":[{"@type":"Article","@id":"https:\/\/cvinoticias.com\/v3\/comenzo-la-actividad-del-concejo-deliberante-estudiantil-en-iguazu\/#article","isPartOf":{"@id":"https:\/\/cvinoticias.com\/v3\/comenzo-la-actividad-del-concejo-deliberante-estudiantil-en-iguazu\/"},"author":{"name":"f1000024","@id":"https:\/\/cvinoticias.com\/v3\/#\/schema\/person\/2db77e3c6bc03c538495d7b2b8be9b66"},"headline":"Comenz\u00f3 la actividad del Concejo Deliberante Estudiantil en Iguaz\u00fa","datePublished":"2026-04-23T18:09:37+00:00","dateModified":"2026-04-24T11:16:58+00:00","mainEntityOfPage":{"@id":"https:\/\/cvinoticias.com\/v3\/comenzo-la-actividad-del-concejo-deliberante-estudiantil-en-iguazu\/"},"wordCount":208,"commentCount":0,"publisher":{"@id":"https:\/\/cvinoticias.com\/v3\/#organization"},"image":{"@id":"https:\/\/cvinoticias.com\/v3\/comenzo-la-actividad-del-concejo-deliberante-estudiantil-en-iguazu\/#primaryimage"},"thumbnailUrl":"https:\/\/cvinoticias.com\/wp-content\/uploads\/2026\/04\/395798f9-8097-4441-ab34-eed21314e196.jpeg","keywords":["Consejo","Deliberante","Estudiantil","honorable","Iguaz\u00fa","jornada"],"articleSection":["Sociedad"],"inLanguage":"es","potentialAction":[{"@type":"CommentAction","name":"Comment","target":["https:\/\/cvinoticias.com\/v3\/comenzo-la-actividad-del-concejo-deliberante-estudiantil-en-iguazu\/#respond"]}]},{"@type":"WebPage","@id":"https:\/\/cvinoticias.com\/v3\/comenzo-la-actividad-del-concejo-deliberante-estudiantil-en-iguazu\/","url":"https:\/\/cvinoticias.com\/v3\/comenzo-la-actividad-del-concejo-deliberante-estudiantil-en-iguazu\/","name":"Inici\u00f3 el Concejo Estudiantil en Iguaz\u00fa | CVI NOTICIAS","isPartOf":{"@id":"https:\/\/cvinoticias.com\/v3\/#website"},"primaryImageOfPage":{"@id":"https:\/\/cvinoticias.com\/v3\/comenzo-la-actividad-del-concejo-deliberante-estudiantil-en-iguazu\/#primaryimage"},"image":{"@id":"https:\/\/cvinoticias.com\/v3\/comenzo-la-actividad-del-concejo-deliberante-estudiantil-en-iguazu\/#primaryimage"},"thumbnailUrl":"https:\/\/cvinoticias.com\/wp-content\/uploads\/2026\/04\/395798f9-8097-4441-ab34-eed21314e196.jpeg","datePublished":"2026-04-23T18:09:37+00:00","dateModified":"2026-04-24T11:16:58+00:00","description":"Estudiantes de Iguaz\u00fa iniciaron sesiones del Concejo Deliberante Estudiantil con elecci\u00f3n de autoridades y agenda legislativa","breadcrumb":{"@id":"https:\/\/cvinoticias.com\/v3\/comenzo-la-actividad-del-concejo-deliberante-estudiantil-en-iguazu\/#breadcrumb"},"inLanguage":"es","potentialAction":[{"@type":"ReadAction","target":["https:\/\/cvinoticias.com\/v3\/comenzo-la-actividad-del-concejo-deliberante-estudiantil-en-iguazu\/"]}]},{"@type":"ImageObject","inLanguage":"es","@id":"https:\/\/cvinoticias.com\/v3\/comenzo-la-actividad-del-concejo-deliberante-estudiantil-en-iguazu\/#primaryimage","url":"https:\/\/cvinoticias.com\/wp-content\/uploads\/2026\/04\/395798f9-8097-4441-ab34-eed21314e196.jpeg","contentUrl":"https:\/\/cvinoticias.com\/wp-content\/uploads\/2026\/04\/395798f9-8097-4441-ab34-eed21314e196.jpeg","width":1600,"height":900},{"@type":"BreadcrumbList","@id":"https:\/\/cvinoticias.com\/v3\/comenzo-la-actividad-del-concejo-deliberante-estudiantil-en-iguazu\/#breadcrumb","itemListElement":[{"@type":"ListItem","position":1,"name":"Portada","item":"https:\/\/cvinoticias.com\/v3\/"},{"@type":"ListItem","position":2,"name":"Comenz\u00f3 la actividad del Concejo Deliberante Estudiantil en Iguaz\u00fa"}]},{"@type":"WebSite","@id":"https:\/\/cvinoticias.com\/v3\/#website","url":"https:\/\/cvinoticias.com\/v3\/","name":"CVI NOTICIAS","description":"","publisher":{"@id":"https:\/\/cvinoticias.com\/v3\/#organization"},"alternateName":"CVI","potentialAction":[{"@type":"SearchAction","target":{"@type":"EntryPoint","urlTemplate":"https:\/\/cvinoticias.com\/v3\/?s={search_term_string}"},"query-input":{"@type":"PropertyValueSpecification","valueRequired":true,"valueName":"search_term_string"}}],"inLanguage":"es"},{"@type":"Organization","@id":"https:\/\/cvinoticias.com\/v3\/#organization","name":"CVI NOTICIAS","url":"https:\/\/cvinoticias.com\/v3\/","logo":{"@type":"ImageObject","inLanguage":"es","@id":"https:\/\/cvinoticias.com\/v3\/#\/schema\/logo\/image\/","url":"https:\/\/cvinoticias.com\/wp-content\/uploads\/2023\/04\/cropped-cropped-cropped-cropped-cropped-3-1.png","contentUrl":"https:\/\/cvinoticias.com\/wp-content\/uploads\/2023\/04\/cropped-cropped-cropped-cropped-cropped-3-1.png","width":95,"height":122,"caption":"CVI NOTICIAS"},"image":{"@id":"https:\/\/cvinoticias.com\/v3\/#\/schema\/logo\/image\/"},"sameAs":["https:\/\/www.facebook.com\/cvinoticias","https:\/\/www.instagram.com\/cvinoticias\/","https:\/\/www.youtube.com\/@CVINOTICIAS"]},{"@type":"Person","@id":"https:\/\/cvinoticias.com\/v3\/#\/schema\/person\/2db77e3c6bc03c538495d7b2b8be9b66","name":"f1000024","image":{"@type":"ImageObject","inLanguage":"es","@id":"https:\/\/secure.gravatar.com\/avatar\/d4fe7459cfc51ff5129ce1a732bbef5928568b8092d412ef95611616376bbeed?s=96&d=mm&r=g","url":"https:\/\/secure.gravatar.com\/avatar\/d4fe7459cfc51ff5129ce1a732bbef5928568b8092d412ef95611616376bbeed?s=96&d=mm&r=g","contentUrl":"https:\/\/secure.gravatar.com\/avatar\/d4fe7459cfc51ff5129ce1a732bbef5928568b8092d412ef95611616376bbeed?s=96&d=mm&r=g","caption":"f1000024"},"url":"https:\/\/cvinoticias.com\/v3\/author\/f1000024\/"}]}},"_links":{"self":[{"href":"https:\/\/cvinoticias.com\/v3\/wp-json\/wp\/v2\/posts\/57344","targetHints":{"allow":["GET"]}}],"collection":[{"href":"https:\/\/cvinoticias.com\/v3\/wp-json\/wp\/v2\/posts"}],"about":[{"href":"https:\/\/cvinoticias.com\/v3\/wp-json\/wp\/v2\/types\/post"}],"author":[{"embeddable":true,"href":"https:\/\/cvinoticias.com\/v3\/wp-json\/wp\/v2\/users\/2"}],"replies":[{"embeddable":true,"href":"https:\/\/cvinoticias.com\/v3\/wp-json\/wp\/v2\/comments?post=57344"}],"version-history":[{"count":1,"href":"https:\/\/cvinoticias.com\/v3\/wp-json\/wp\/v2\/posts\/57344\/revisions"}],"predecessor-version":[{"id":57350,"href":"https:\/\/cvinoticias.com\/v3\/wp-json\/wp\/v2\/posts\/57344\/revisions\/57350"}],"wp:featuredmedia":[{"embeddable":true,"href":"https:\/\/cvinoticias.com\/v3\/wp-json\/wp\/v2\/media\/57345"}],"wp:attachment":[{"href":"https:\/\/cvinoticias.com\/v3\/wp-json\/wp\/v2\/media?parent=57344"}],"wp:term":[{"taxonomy":"category","embeddable":true,"href":"https:\/\/cvinoticias.com\/v3\/wp-json\/wp\/v2\/categories?post=57344"},{"taxonomy":"post_tag","embeddable":true,"href":"https:\/\/cvinoticias.com\/v3\/wp-json\/wp\/v2\/tags?post=57344"}],"curies":[{"name":"wp","href":"https:\/\/api.w.org\/{rel}","templated":true}]}}