{"id":57339,"date":"2026-04-23T15:14:08","date_gmt":"2026-04-23T18:14:08","guid":{"rendered":"https:\/\/cvinoticias.com\/v3\/?p=57339"},"modified":"2026-04-24T08:11:50","modified_gmt":"2026-04-24T11:11:50","slug":"la-capilla-buen-pastor-celebra-su-gran-fiesta-patronal-este-domingo","status":"publish","type":"post","link":"https:\/\/cvinoticias.com\/v3\/la-capilla-buen-pastor-celebra-su-gran-fiesta-patronal-este-domingo\/","title":{"rendered":"La capilla Buen Pastor celebra su gran fiesta patronal este domingo"},"content":{"rendered":"\n<p>\u200bLa comunidad de la Capilla Buen Pastor, ubicada en la intersecci\u00f3n de las calles Mat\u00edas Aracu y Santa Mar\u00eda de Oro, se prepara para vivir un domingo de celebraci\u00f3n y encuentro.<\/p>\n\n\n\n<p>Con motivo de su fiesta patronal, se ha organizado una jornada que invita a todos los vecinos de Iguaz\u00fa a compartir un espacio de espiritualidad y alegr\u00eda compartida.<\/p>\n\n\n\n<p>\u200bEn di\u00e1logo con CVI, Pedro Mart\u00ednez, coordinador de la capilla, brind\u00f3 detalles del cronograma previsto para este domingo. Las actividades comenzar\u00e1n a las 09:00 hs con la concentraci\u00f3n de los fieles, para dar paso a las 10:00 hs a la tradicional procesi\u00f3n, donde la imagen del Buen Pastor recorrer\u00e1 en andas las calles de la ciudad. El regreso est\u00e1 previsto para las 11:00 hs, momento en que se celebrar\u00e1 la Misa Central presidida por el sacerdote Sandro.<\/p>\n\n\n\n<p>\u200bTras la ceremonia religiosa, la celebraci\u00f3n continuar\u00e1 con una gran venta de comida para recaudar fondos destinados a las mejoras de la capilla. Los vecinos podr\u00e1n adquirir empanadas, pollo y cerdo, en un ambiente pensado para el disfrute familiar. \u00abQueremos que sea un espacio para compartir con toda la comunidad\u00bb, enfatiz\u00f3 Mart\u00ednez, recordando adem\u00e1s que todav\u00eda se encuentra a la venta el Bono Colaboraci\u00f3n, que cuenta con m\u00e1s de 41 premios. Para adquirir n\u00fameros o realizar consultas, los interesados pueden comunicarse directamente con Pedro al tel\u00e9fono 3757-434926<\/p>\n\n\n\n<p>Entrevista con: Pedro Martinez (Coordinador de la Capilla Buen Pastor)<\/p>\n","protected":false},"excerpt":{"rendered":"<p>\u200bLa comunidad de la Capilla Buen Pastor, ubicada en la intersecci\u00f3n de las calles Mat\u00edas Aracu y Santa Mar\u00eda de Oro, se prepara para vivir un domingo de celebraci\u00f3n y encuentro. Con motivo de su fiesta patronal, se ha organizado una jornada que invita a todos los vecinos de Iguaz\u00fa a compartir un espacio de [&hellip;]<\/p>\n","protected":false},"author":2,"featured_media":57340,"comment_status":"open","ping_status":"closed","sticky":false,"template":"","format":"standard","meta":{"footnotes":""},"categories":[47],"tags":[5808,2434,2066,1859],"class_list":["post-57339","post","type-post","status-publish","format-standard","has-post-thumbnail","hentry","category-sociedad","tag-buen-pastor","tag-capilla","tag-domingo","tag-fiesta"],"yoast_head":"<!-- This site is optimized with the Yoast SEO plugin v27.4 - https:\/\/yoast.com\/product\/yoast-seo-wordpress\/ -->\n<title>Fiesta patronal del Buen Pastor en Iguaz\u00fa | CVI NOTICIAS<\/title>\n<meta name=\"description\" content=\"La capilla Buen Pastor de Iguaz\u00fa celebrar\u00e1 su fiesta con procesi\u00f3n, misa y actividades para toda la comunidad\" \/>\n<meta name=\"robots\" content=\"index, follow, max-snippet:-1, max-image-preview:large, max-video-preview:-1\" \/>\n<link rel=\"canonical\" href=\"https:\/\/cvinoticias.com\/v3\/la-capilla-buen-pastor-celebra-su-gran-fiesta-patronal-este-domingo\/\" \/>\n<meta property=\"og:locale\" content=\"es_ES\" \/>\n<meta property=\"og:type\" content=\"article\" \/>\n<meta property=\"og:title\" content=\"Fiesta patronal del Buen Pastor en Iguaz\u00fa | CVI NOTICIAS\" \/>\n<meta property=\"og:description\" content=\"La capilla Buen Pastor de Iguaz\u00fa celebrar\u00e1 su fiesta con procesi\u00f3n, misa y actividades para toda la comunidad\" \/>\n<meta property=\"og:url\" content=\"https:\/\/cvinoticias.com\/v3\/la-capilla-buen-pastor-celebra-su-gran-fiesta-patronal-este-domingo\/\" \/>\n<meta property=\"og:site_name\" content=\"CVI NOTICIAS\" \/>\n<meta property=\"article:publisher\" content=\"https:\/\/www.facebook.com\/cvinoticias\" \/>\n<meta property=\"article:published_time\" content=\"2026-04-23T18:14:08+00:00\" \/>\n<meta property=\"article:modified_time\" content=\"2026-04-24T11:11:50+00:00\" \/>\n<meta property=\"og:image\" content=\"https:\/\/cvinoticias.com\/wp-content\/uploads\/2026\/04\/0f4b8acc-9411-4147-bc02-196bd5e87b5e.jpeg\" \/>\n\t<meta property=\"og:image:width\" content=\"1280\" \/>\n\t<meta property=\"og:image:height\" content=\"720\" \/>\n\t<meta property=\"og:image:type\" content=\"image\/jpeg\" \/>\n<meta name=\"author\" content=\"f1000024\" \/>\n<meta name=\"twitter:card\" content=\"summary_large_image\" \/>\n<meta name=\"twitter:label1\" content=\"Escrito por\" \/>\n\t<meta name=\"twitter:data1\" content=\"f1000024\" \/>\n\t<meta name=\"twitter:label2\" content=\"Tiempo de lectura\" \/>\n\t<meta name=\"twitter:data2\" content=\"2 minutos\" \/>\n<script type=\"application\/ld+json\" class=\"yoast-schema-graph\">{\"@context\":\"https:\\\/\\\/schema.org\",\"@graph\":[{\"@type\":\"Article\",\"@id\":\"https:\\\/\\\/cvinoticias.com\\\/v3\\\/la-capilla-buen-pastor-celebra-su-gran-fiesta-patronal-este-domingo\\\/#article\",\"isPartOf\":{\"@id\":\"https:\\\/\\\/cvinoticias.com\\\/v3\\\/la-capilla-buen-pastor-celebra-su-gran-fiesta-patronal-este-domingo\\\/\"},\"author\":{\"name\":\"f1000024\",\"@id\":\"https:\\\/\\\/cvinoticias.com\\\/v3\\\/#\\\/schema\\\/person\\\/2db77e3c6bc03c538495d7b2b8be9b66\"},\"headline\":\"La capilla Buen Pastor celebra su gran fiesta patronal este domingo\",\"datePublished\":\"2026-04-23T18:14:08+00:00\",\"dateModified\":\"2026-04-24T11:11:50+00:00\",\"mainEntityOfPage\":{\"@id\":\"https:\\\/\\\/cvinoticias.com\\\/v3\\\/la-capilla-buen-pastor-celebra-su-gran-fiesta-patronal-este-domingo\\\/\"},\"wordCount\":259,\"commentCount\":0,\"publisher\":{\"@id\":\"https:\\\/\\\/cvinoticias.com\\\/v3\\\/#organization\"},\"image\":{\"@id\":\"https:\\\/\\\/cvinoticias.com\\\/v3\\\/la-capilla-buen-pastor-celebra-su-gran-fiesta-patronal-este-domingo\\\/#primaryimage\"},\"thumbnailUrl\":\"https:\\\/\\\/cvinoticias.com\\\/wp-content\\\/uploads\\\/2026\\\/04\\\/0f4b8acc-9411-4147-bc02-196bd5e87b5e.jpeg\",\"keywords\":[\"Buen Pastor\",\"capilla\",\"domingo\",\"Fiesta\"],\"articleSection\":[\"Sociedad\"],\"inLanguage\":\"es\",\"potentialAction\":[{\"@type\":\"CommentAction\",\"name\":\"Comment\",\"target\":[\"https:\\\/\\\/cvinoticias.com\\\/v3\\\/la-capilla-buen-pastor-celebra-su-gran-fiesta-patronal-este-domingo\\\/#respond\"]}]},{\"@type\":\"WebPage\",\"@id\":\"https:\\\/\\\/cvinoticias.com\\\/v3\\\/la-capilla-buen-pastor-celebra-su-gran-fiesta-patronal-este-domingo\\\/\",\"url\":\"https:\\\/\\\/cvinoticias.com\\\/v3\\\/la-capilla-buen-pastor-celebra-su-gran-fiesta-patronal-este-domingo\\\/\",\"name\":\"Fiesta patronal del Buen Pastor en Iguaz\u00fa | CVI NOTICIAS\",\"isPartOf\":{\"@id\":\"https:\\\/\\\/cvinoticias.com\\\/v3\\\/#website\"},\"primaryImageOfPage\":{\"@id\":\"https:\\\/\\\/cvinoticias.com\\\/v3\\\/la-capilla-buen-pastor-celebra-su-gran-fiesta-patronal-este-domingo\\\/#primaryimage\"},\"image\":{\"@id\":\"https:\\\/\\\/cvinoticias.com\\\/v3\\\/la-capilla-buen-pastor-celebra-su-gran-fiesta-patronal-este-domingo\\\/#primaryimage\"},\"thumbnailUrl\":\"https:\\\/\\\/cvinoticias.com\\\/wp-content\\\/uploads\\\/2026\\\/04\\\/0f4b8acc-9411-4147-bc02-196bd5e87b5e.jpeg\",\"datePublished\":\"2026-04-23T18:14:08+00:00\",\"dateModified\":\"2026-04-24T11:11:50+00:00\",\"description\":\"La capilla Buen Pastor de Iguaz\u00fa celebrar\u00e1 su fiesta con procesi\u00f3n, misa y actividades para toda la comunidad\",\"breadcrumb\":{\"@id\":\"https:\\\/\\\/cvinoticias.com\\\/v3\\\/la-capilla-buen-pastor-celebra-su-gran-fiesta-patronal-este-domingo\\\/#breadcrumb\"},\"inLanguage\":\"es\",\"potentialAction\":[{\"@type\":\"ReadAction\",\"target\":[\"https:\\\/\\\/cvinoticias.com\\\/v3\\\/la-capilla-buen-pastor-celebra-su-gran-fiesta-patronal-este-domingo\\\/\"]}]},{\"@type\":\"ImageObject\",\"inLanguage\":\"es\",\"@id\":\"https:\\\/\\\/cvinoticias.com\\\/v3\\\/la-capilla-buen-pastor-celebra-su-gran-fiesta-patronal-este-domingo\\\/#primaryimage\",\"url\":\"https:\\\/\\\/cvinoticias.com\\\/wp-content\\\/uploads\\\/2026\\\/04\\\/0f4b8acc-9411-4147-bc02-196bd5e87b5e.jpeg\",\"contentUrl\":\"https:\\\/\\\/cvinoticias.com\\\/wp-content\\\/uploads\\\/2026\\\/04\\\/0f4b8acc-9411-4147-bc02-196bd5e87b5e.jpeg\",\"width\":1280,\"height\":720},{\"@type\":\"BreadcrumbList\",\"@id\":\"https:\\\/\\\/cvinoticias.com\\\/v3\\\/la-capilla-buen-pastor-celebra-su-gran-fiesta-patronal-este-domingo\\\/#breadcrumb\",\"itemListElement\":[{\"@type\":\"ListItem\",\"position\":1,\"name\":\"Portada\",\"item\":\"https:\\\/\\\/cvinoticias.com\\\/v3\\\/\"},{\"@type\":\"ListItem\",\"position\":2,\"name\":\"La capilla Buen Pastor celebra su gran fiesta patronal este domingo\"}]},{\"@type\":\"WebSite\",\"@id\":\"https:\\\/\\\/cvinoticias.com\\\/v3\\\/#website\",\"url\":\"https:\\\/\\\/cvinoticias.com\\\/v3\\\/\",\"name\":\"CVI NOTICIAS\",\"description\":\"\",\"publisher\":{\"@id\":\"https:\\\/\\\/cvinoticias.com\\\/v3\\\/#organization\"},\"alternateName\":\"CVI\",\"potentialAction\":[{\"@type\":\"SearchAction\",\"target\":{\"@type\":\"EntryPoint\",\"urlTemplate\":\"https:\\\/\\\/cvinoticias.com\\\/v3\\\/?s={search_term_string}\"},\"query-input\":{\"@type\":\"PropertyValueSpecification\",\"valueRequired\":true,\"valueName\":\"search_term_string\"}}],\"inLanguage\":\"es\"},{\"@type\":\"Organization\",\"@id\":\"https:\\\/\\\/cvinoticias.com\\\/v3\\\/#organization\",\"name\":\"CVI NOTICIAS\",\"url\":\"https:\\\/\\\/cvinoticias.com\\\/v3\\\/\",\"logo\":{\"@type\":\"ImageObject\",\"inLanguage\":\"es\",\"@id\":\"https:\\\/\\\/cvinoticias.com\\\/v3\\\/#\\\/schema\\\/logo\\\/image\\\/\",\"url\":\"https:\\\/\\\/cvinoticias.com\\\/wp-content\\\/uploads\\\/2023\\\/04\\\/cropped-cropped-cropped-cropped-cropped-3-1.png\",\"contentUrl\":\"https:\\\/\\\/cvinoticias.com\\\/wp-content\\\/uploads\\\/2023\\\/04\\\/cropped-cropped-cropped-cropped-cropped-3-1.png\",\"width\":95,\"height\":122,\"caption\":\"CVI NOTICIAS\"},\"image\":{\"@id\":\"https:\\\/\\\/cvinoticias.com\\\/v3\\\/#\\\/schema\\\/logo\\\/image\\\/\"},\"sameAs\":[\"https:\\\/\\\/www.facebook.com\\\/cvinoticias\",\"https:\\\/\\\/www.instagram.com\\\/cvinoticias\\\/\",\"https:\\\/\\\/www.youtube.com\\\/@CVINOTICIAS\"]},{\"@type\":\"Person\",\"@id\":\"https:\\\/\\\/cvinoticias.com\\\/v3\\\/#\\\/schema\\\/person\\\/2db77e3c6bc03c538495d7b2b8be9b66\",\"name\":\"f1000024\",\"image\":{\"@type\":\"ImageObject\",\"inLanguage\":\"es\",\"@id\":\"https:\\\/\\\/secure.gravatar.com\\\/avatar\\\/d4fe7459cfc51ff5129ce1a732bbef5928568b8092d412ef95611616376bbeed?s=96&d=mm&r=g\",\"url\":\"https:\\\/\\\/secure.gravatar.com\\\/avatar\\\/d4fe7459cfc51ff5129ce1a732bbef5928568b8092d412ef95611616376bbeed?s=96&d=mm&r=g\",\"contentUrl\":\"https:\\\/\\\/secure.gravatar.com\\\/avatar\\\/d4fe7459cfc51ff5129ce1a732bbef5928568b8092d412ef95611616376bbeed?s=96&d=mm&r=g\",\"caption\":\"f1000024\"},\"url\":\"https:\\\/\\\/cvinoticias.com\\\/v3\\\/author\\\/f1000024\\\/\"}]}<\/script>\n<!-- \/ Yoast SEO plugin. -->","yoast_head_json":{"title":"Fiesta patronal del Buen Pastor en Iguaz\u00fa | CVI NOTICIAS","description":"La capilla Buen Pastor de Iguaz\u00fa celebrar\u00e1 su fiesta con procesi\u00f3n, misa y actividades para toda la comunidad","robots":{"index":"index","follow":"follow","max-snippet":"max-snippet:-1","max-image-preview":"max-image-preview:large","max-video-preview":"max-video-preview:-1"},"canonical":"https:\/\/cvinoticias.com\/v3\/la-capilla-buen-pastor-celebra-su-gran-fiesta-patronal-este-domingo\/","og_locale":"es_ES","og_type":"article","og_title":"Fiesta patronal del Buen Pastor en Iguaz\u00fa | CVI NOTICIAS","og_description":"La capilla Buen Pastor de Iguaz\u00fa celebrar\u00e1 su fiesta con procesi\u00f3n, misa y actividades para toda la comunidad","og_url":"https:\/\/cvinoticias.com\/v3\/la-capilla-buen-pastor-celebra-su-gran-fiesta-patronal-este-domingo\/","og_site_name":"CVI NOTICIAS","article_publisher":"https:\/\/www.facebook.com\/cvinoticias","article_published_time":"2026-04-23T18:14:08+00:00","article_modified_time":"2026-04-24T11:11:50+00:00","og_image":[{"width":1280,"height":720,"url":"https:\/\/cvinoticias.com\/wp-content\/uploads\/2026\/04\/0f4b8acc-9411-4147-bc02-196bd5e87b5e.jpeg","type":"image\/jpeg"}],"author":"f1000024","twitter_card":"summary_large_image","twitter_misc":{"Escrito por":"f1000024","Tiempo de lectura":"2 minutos"},"schema":{"@context":"https:\/\/schema.org","@graph":[{"@type":"Article","@id":"https:\/\/cvinoticias.com\/v3\/la-capilla-buen-pastor-celebra-su-gran-fiesta-patronal-este-domingo\/#article","isPartOf":{"@id":"https:\/\/cvinoticias.com\/v3\/la-capilla-buen-pastor-celebra-su-gran-fiesta-patronal-este-domingo\/"},"author":{"name":"f1000024","@id":"https:\/\/cvinoticias.com\/v3\/#\/schema\/person\/2db77e3c6bc03c538495d7b2b8be9b66"},"headline":"La capilla Buen Pastor celebra su gran fiesta patronal este domingo","datePublished":"2026-04-23T18:14:08+00:00","dateModified":"2026-04-24T11:11:50+00:00","mainEntityOfPage":{"@id":"https:\/\/cvinoticias.com\/v3\/la-capilla-buen-pastor-celebra-su-gran-fiesta-patronal-este-domingo\/"},"wordCount":259,"commentCount":0,"publisher":{"@id":"https:\/\/cvinoticias.com\/v3\/#organization"},"image":{"@id":"https:\/\/cvinoticias.com\/v3\/la-capilla-buen-pastor-celebra-su-gran-fiesta-patronal-este-domingo\/#primaryimage"},"thumbnailUrl":"https:\/\/cvinoticias.com\/wp-content\/uploads\/2026\/04\/0f4b8acc-9411-4147-bc02-196bd5e87b5e.jpeg","keywords":["Buen Pastor","capilla","domingo","Fiesta"],"articleSection":["Sociedad"],"inLanguage":"es","potentialAction":[{"@type":"CommentAction","name":"Comment","target":["https:\/\/cvinoticias.com\/v3\/la-capilla-buen-pastor-celebra-su-gran-fiesta-patronal-este-domingo\/#respond"]}]},{"@type":"WebPage","@id":"https:\/\/cvinoticias.com\/v3\/la-capilla-buen-pastor-celebra-su-gran-fiesta-patronal-este-domingo\/","url":"https:\/\/cvinoticias.com\/v3\/la-capilla-buen-pastor-celebra-su-gran-fiesta-patronal-este-domingo\/","name":"Fiesta patronal del Buen Pastor en Iguaz\u00fa | CVI NOTICIAS","isPartOf":{"@id":"https:\/\/cvinoticias.com\/v3\/#website"},"primaryImageOfPage":{"@id":"https:\/\/cvinoticias.com\/v3\/la-capilla-buen-pastor-celebra-su-gran-fiesta-patronal-este-domingo\/#primaryimage"},"image":{"@id":"https:\/\/cvinoticias.com\/v3\/la-capilla-buen-pastor-celebra-su-gran-fiesta-patronal-este-domingo\/#primaryimage"},"thumbnailUrl":"https:\/\/cvinoticias.com\/wp-content\/uploads\/2026\/04\/0f4b8acc-9411-4147-bc02-196bd5e87b5e.jpeg","datePublished":"2026-04-23T18:14:08+00:00","dateModified":"2026-04-24T11:11:50+00:00","description":"La capilla Buen Pastor de Iguaz\u00fa celebrar\u00e1 su fiesta con procesi\u00f3n, misa y actividades para toda la comunidad","breadcrumb":{"@id":"https:\/\/cvinoticias.com\/v3\/la-capilla-buen-pastor-celebra-su-gran-fiesta-patronal-este-domingo\/#breadcrumb"},"inLanguage":"es","potentialAction":[{"@type":"ReadAction","target":["https:\/\/cvinoticias.com\/v3\/la-capilla-buen-pastor-celebra-su-gran-fiesta-patronal-este-domingo\/"]}]},{"@type":"ImageObject","inLanguage":"es","@id":"https:\/\/cvinoticias.com\/v3\/la-capilla-buen-pastor-celebra-su-gran-fiesta-patronal-este-domingo\/#primaryimage","url":"https:\/\/cvinoticias.com\/wp-content\/uploads\/2026\/04\/0f4b8acc-9411-4147-bc02-196bd5e87b5e.jpeg","contentUrl":"https:\/\/cvinoticias.com\/wp-content\/uploads\/2026\/04\/0f4b8acc-9411-4147-bc02-196bd5e87b5e.jpeg","width":1280,"height":720},{"@type":"BreadcrumbList","@id":"https:\/\/cvinoticias.com\/v3\/la-capilla-buen-pastor-celebra-su-gran-fiesta-patronal-este-domingo\/#breadcrumb","itemListElement":[{"@type":"ListItem","position":1,"name":"Portada","item":"https:\/\/cvinoticias.com\/v3\/"},{"@type":"ListItem","position":2,"name":"La capilla Buen Pastor celebra su gran fiesta patronal este domingo"}]},{"@type":"WebSite","@id":"https:\/\/cvinoticias.com\/v3\/#website","url":"https:\/\/cvinoticias.com\/v3\/","name":"CVI NOTICIAS","description":"","publisher":{"@id":"https:\/\/cvinoticias.com\/v3\/#organization"},"alternateName":"CVI","potentialAction":[{"@type":"SearchAction","target":{"@type":"EntryPoint","urlTemplate":"https:\/\/cvinoticias.com\/v3\/?s={search_term_string}"},"query-input":{"@type":"PropertyValueSpecification","valueRequired":true,"valueName":"search_term_string"}}],"inLanguage":"es"},{"@type":"Organization","@id":"https:\/\/cvinoticias.com\/v3\/#organization","name":"CVI NOTICIAS","url":"https:\/\/cvinoticias.com\/v3\/","logo":{"@type":"ImageObject","inLanguage":"es","@id":"https:\/\/cvinoticias.com\/v3\/#\/schema\/logo\/image\/","url":"https:\/\/cvinoticias.com\/wp-content\/uploads\/2023\/04\/cropped-cropped-cropped-cropped-cropped-3-1.png","contentUrl":"https:\/\/cvinoticias.com\/wp-content\/uploads\/2023\/04\/cropped-cropped-cropped-cropped-cropped-3-1.png","width":95,"height":122,"caption":"CVI NOTICIAS"},"image":{"@id":"https:\/\/cvinoticias.com\/v3\/#\/schema\/logo\/image\/"},"sameAs":["https:\/\/www.facebook.com\/cvinoticias","https:\/\/www.instagram.com\/cvinoticias\/","https:\/\/www.youtube.com\/@CVINOTICIAS"]},{"@type":"Person","@id":"https:\/\/cvinoticias.com\/v3\/#\/schema\/person\/2db77e3c6bc03c538495d7b2b8be9b66","name":"f1000024","image":{"@type":"ImageObject","inLanguage":"es","@id":"https:\/\/secure.gravatar.com\/avatar\/d4fe7459cfc51ff5129ce1a732bbef5928568b8092d412ef95611616376bbeed?s=96&d=mm&r=g","url":"https:\/\/secure.gravatar.com\/avatar\/d4fe7459cfc51ff5129ce1a732bbef5928568b8092d412ef95611616376bbeed?s=96&d=mm&r=g","contentUrl":"https:\/\/secure.gravatar.com\/avatar\/d4fe7459cfc51ff5129ce1a732bbef5928568b8092d412ef95611616376bbeed?s=96&d=mm&r=g","caption":"f1000024"},"url":"https:\/\/cvinoticias.com\/v3\/author\/f1000024\/"}]}},"_links":{"self":[{"href":"https:\/\/cvinoticias.com\/v3\/wp-json\/wp\/v2\/posts\/57339","targetHints":{"allow":["GET"]}}],"collection":[{"href":"https:\/\/cvinoticias.com\/v3\/wp-json\/wp\/v2\/posts"}],"about":[{"href":"https:\/\/cvinoticias.com\/v3\/wp-json\/wp\/v2\/types\/post"}],"author":[{"embeddable":true,"href":"https:\/\/cvinoticias.com\/v3\/wp-json\/wp\/v2\/users\/2"}],"replies":[{"embeddable":true,"href":"https:\/\/cvinoticias.com\/v3\/wp-json\/wp\/v2\/comments?post=57339"}],"version-history":[{"count":1,"href":"https:\/\/cvinoticias.com\/v3\/wp-json\/wp\/v2\/posts\/57339\/revisions"}],"predecessor-version":[{"id":57343,"href":"https:\/\/cvinoticias.com\/v3\/wp-json\/wp\/v2\/posts\/57339\/revisions\/57343"}],"wp:featuredmedia":[{"embeddable":true,"href":"https:\/\/cvinoticias.com\/v3\/wp-json\/wp\/v2\/media\/57340"}],"wp:attachment":[{"href":"https:\/\/cvinoticias.com\/v3\/wp-json\/wp\/v2\/media?parent=57339"}],"wp:term":[{"taxonomy":"category","embeddable":true,"href":"https:\/\/cvinoticias.com\/v3\/wp-json\/wp\/v2\/categories?post=57339"},{"taxonomy":"post_tag","embeddable":true,"href":"https:\/\/cvinoticias.com\/v3\/wp-json\/wp\/v2\/tags?post=57339"}],"curies":[{"name":"wp","href":"https:\/\/api.w.org\/{rel}","templated":true}]}}