{"id":57337,"date":"2026-04-23T15:29:06","date_gmt":"2026-04-23T18:29:06","guid":{"rendered":"https:\/\/cvinoticias.com\/v3\/?p=57337"},"modified":"2026-04-24T08:11:33","modified_gmt":"2026-04-24T11:11:33","slug":"profesionalizando-el-futuro-gran-jornada-de-degustacion-en-el-instituto-tecnologico-iguazu","status":"publish","type":"post","link":"https:\/\/cvinoticias.com\/v3\/profesionalizando-el-futuro-gran-jornada-de-degustacion-en-el-instituto-tecnologico-iguazu\/","title":{"rendered":"Profesionalizando el futuro: gran jornada de degustaci\u00f3n en el Instituto Tecnol\u00f3gico Iguaz\u00fa"},"content":{"rendered":"\n<p>En una apuesta continua por la profesionalizaci\u00f3n de sus estudiantes, el Instituto Tecnol\u00f3gico Iguaz\u00fa (ITEC) fue sede de una destacada jornada de capacitaci\u00f3n y cata. La actividad estuvo dirigida especialmente a los alumnos de las carreras de Cocinero Profesional y Hoteler\u00eda, quienes participaron de una degustaci\u00f3n t\u00e9cnica de vinos y aceites a cargo de representantes de la prestigiosa Bodega Zuccardi.<\/p>\n\n\n\n<p>\u200bEn di\u00e1logo con CVI Noticias, el director de nivel superior, Sebasti\u00e1n Calgaro, resalt\u00f3 la relevancia de este tipo de encuentros para el futuro laboral de los j\u00f3venes. \u00abEs fundamental que tengan este contacto directo con productos de primera l\u00ednea, ya que ellos ser\u00e1n nuestros representantes en los diferentes puestos de trabajo de la ciudad\u00bb, sostuvo, haciendo hincapi\u00e9 en que la capacitaci\u00f3n pr\u00e1ctica es el motor de la excelencia en el servicio.<\/p>\n\n\n\n<p>\u200bCalgaro tambi\u00e9n hizo referencia al impacto que tiene la educaci\u00f3n en el sector tur\u00edstico local. Para el directivo, crecer como profesionales es una pieza clave para fortalecer a Puerto Iguaz\u00fa como destino internacional. En este sentido, lograr que la instituci\u00f3n educativa sea el puente entre las grandes marcas y los estudiantes resulta fundamental para elevar los est\u00e1ndares de calidad en la gastronom\u00eda y la hoteler\u00eda regional.<\/p>\n\n\n\n<figure class=\"wp-block-image size-large\"><a href=\"https:\/\/cvinoticias.com\/wp-content\/uploads\/2026\/04\/5bcbca8d-ed5f-4c40-8b1b-d89309aa4404.jpeg\"><img decoding=\"async\" width=\"1024\" height=\"576\" data-src=\"https:\/\/cvinoticias.com\/wp-content\/uploads\/2026\/04\/5bcbca8d-ed5f-4c40-8b1b-d89309aa4404-1024x576.jpeg\" alt=\"\" class=\"wp-image-57341 lazyload\" data-srcset=\"https:\/\/cvinoticias.com\/wp-content\/uploads\/2026\/04\/5bcbca8d-ed5f-4c40-8b1b-d89309aa4404-1024x576.jpeg 1024w, https:\/\/cvinoticias.com\/wp-content\/uploads\/2026\/04\/5bcbca8d-ed5f-4c40-8b1b-d89309aa4404-300x169.jpeg 300w, https:\/\/cvinoticias.com\/wp-content\/uploads\/2026\/04\/5bcbca8d-ed5f-4c40-8b1b-d89309aa4404-768x432.jpeg 768w, https:\/\/cvinoticias.com\/wp-content\/uploads\/2026\/04\/5bcbca8d-ed5f-4c40-8b1b-d89309aa4404.jpeg 1280w\" data-sizes=\"(max-width: 1024px) 100vw, 1024px\" src=\"data:image\/svg+xml;base64,PHN2ZyB3aWR0aD0iMSIgaGVpZ2h0PSIxIiB4bWxucz0iaHR0cDovL3d3dy53My5vcmcvMjAwMC9zdmciPjwvc3ZnPg==\" style=\"--smush-placeholder-width: 1024px; --smush-placeholder-aspect-ratio: 1024\/576;\" \/><\/a><\/figure>\n\n\n\n<p>Entrevista con: Sebastian Calgaro (Dir. Nivel Superior)<\/p>\n","protected":false},"excerpt":{"rendered":"<p>En una apuesta continua por la profesionalizaci\u00f3n de sus estudiantes, el Instituto Tecnol\u00f3gico Iguaz\u00fa (ITEC) fue sede de una destacada jornada de capacitaci\u00f3n y cata. La actividad estuvo dirigida especialmente a los alumnos de las carreras de Cocinero Profesional y Hoteler\u00eda, quienes participaron de una degustaci\u00f3n t\u00e9cnica de vinos y aceites a cargo de representantes [&hellip;]<\/p>\n","protected":false},"author":2,"featured_media":57338,"comment_status":"open","ping_status":"closed","sticky":false,"template":"","format":"standard","meta":{"footnotes":""},"categories":[493],"tags":[5807,5805,1445,1545,4452],"class_list":["post-57337","post","type-post","status-publish","format-standard","has-post-thumbnail","hentry","category-educacion-2","tag-cocinero","tag-degustacon","tag-futuro","tag-itec","tag-profesional"],"yoast_head":"<!-- This site is optimized with the Yoast SEO plugin v27.4 - https:\/\/yoast.com\/product\/yoast-seo-wordpress\/ -->\n<title>Jornada de degustaci\u00f3n en el ITEC Iguaz\u00fa | CVI NOTICIAS<\/title>\n<meta name=\"description\" content=\"Estudiantes del ITEC Iguaz\u00fa participaron de una cata de vinos y aceites junto a una reconocida bodega\" \/>\n<meta name=\"robots\" content=\"index, follow, max-snippet:-1, max-image-preview:large, max-video-preview:-1\" \/>\n<link rel=\"canonical\" href=\"https:\/\/cvinoticias.com\/v3\/profesionalizando-el-futuro-gran-jornada-de-degustacion-en-el-instituto-tecnologico-iguazu\/\" \/>\n<meta property=\"og:locale\" content=\"es_ES\" \/>\n<meta property=\"og:type\" content=\"article\" \/>\n<meta property=\"og:title\" content=\"Jornada de degustaci\u00f3n en el ITEC Iguaz\u00fa | CVI NOTICIAS\" \/>\n<meta property=\"og:description\" content=\"Estudiantes del ITEC Iguaz\u00fa participaron de una cata de vinos y aceites junto a una reconocida bodega\" \/>\n<meta property=\"og:url\" content=\"https:\/\/cvinoticias.com\/v3\/profesionalizando-el-futuro-gran-jornada-de-degustacion-en-el-instituto-tecnologico-iguazu\/\" \/>\n<meta property=\"og:site_name\" content=\"CVI NOTICIAS\" \/>\n<meta property=\"article:publisher\" content=\"https:\/\/www.facebook.com\/cvinoticias\" \/>\n<meta property=\"article:published_time\" content=\"2026-04-23T18:29:06+00:00\" \/>\n<meta property=\"article:modified_time\" content=\"2026-04-24T11:11:33+00:00\" \/>\n<meta property=\"og:image\" content=\"https:\/\/cvinoticias.com\/wp-content\/uploads\/2026\/04\/4621f358-3dc3-49c9-be37-28859b7e393a.jpeg\" \/>\n\t<meta property=\"og:image:width\" content=\"1280\" \/>\n\t<meta property=\"og:image:height\" content=\"720\" \/>\n\t<meta property=\"og:image:type\" content=\"image\/jpeg\" \/>\n<meta name=\"author\" content=\"f1000024\" \/>\n<meta name=\"twitter:card\" content=\"summary_large_image\" \/>\n<meta name=\"twitter:label1\" content=\"Escrito por\" \/>\n\t<meta name=\"twitter:data1\" content=\"f1000024\" \/>\n\t<meta name=\"twitter:label2\" content=\"Tiempo de lectura\" \/>\n\t<meta name=\"twitter:data2\" content=\"2 minutos\" \/>\n<script type=\"application\/ld+json\" class=\"yoast-schema-graph\">{\"@context\":\"https:\\\/\\\/schema.org\",\"@graph\":[{\"@type\":\"Article\",\"@id\":\"https:\\\/\\\/cvinoticias.com\\\/v3\\\/profesionalizando-el-futuro-gran-jornada-de-degustacion-en-el-instituto-tecnologico-iguazu\\\/#article\",\"isPartOf\":{\"@id\":\"https:\\\/\\\/cvinoticias.com\\\/v3\\\/profesionalizando-el-futuro-gran-jornada-de-degustacion-en-el-instituto-tecnologico-iguazu\\\/\"},\"author\":{\"name\":\"f1000024\",\"@id\":\"https:\\\/\\\/cvinoticias.com\\\/v3\\\/#\\\/schema\\\/person\\\/2db77e3c6bc03c538495d7b2b8be9b66\"},\"headline\":\"Profesionalizando el futuro: gran jornada de degustaci\u00f3n en el Instituto Tecnol\u00f3gico Iguaz\u00fa\",\"datePublished\":\"2026-04-23T18:29:06+00:00\",\"dateModified\":\"2026-04-24T11:11:33+00:00\",\"mainEntityOfPage\":{\"@id\":\"https:\\\/\\\/cvinoticias.com\\\/v3\\\/profesionalizando-el-futuro-gran-jornada-de-degustacion-en-el-instituto-tecnologico-iguazu\\\/\"},\"wordCount\":238,\"commentCount\":0,\"publisher\":{\"@id\":\"https:\\\/\\\/cvinoticias.com\\\/v3\\\/#organization\"},\"image\":{\"@id\":\"https:\\\/\\\/cvinoticias.com\\\/v3\\\/profesionalizando-el-futuro-gran-jornada-de-degustacion-en-el-instituto-tecnologico-iguazu\\\/#primaryimage\"},\"thumbnailUrl\":\"https:\\\/\\\/cvinoticias.com\\\/wp-content\\\/uploads\\\/2026\\\/04\\\/4621f358-3dc3-49c9-be37-28859b7e393a.jpeg\",\"keywords\":[\"cocinero\",\"degustac\u00f3n\",\"Futuro\",\"Itec\",\"profesional\"],\"articleSection\":[\"Educaci\u00f3n\"],\"inLanguage\":\"es\",\"potentialAction\":[{\"@type\":\"CommentAction\",\"name\":\"Comment\",\"target\":[\"https:\\\/\\\/cvinoticias.com\\\/v3\\\/profesionalizando-el-futuro-gran-jornada-de-degustacion-en-el-instituto-tecnologico-iguazu\\\/#respond\"]}]},{\"@type\":\"WebPage\",\"@id\":\"https:\\\/\\\/cvinoticias.com\\\/v3\\\/profesionalizando-el-futuro-gran-jornada-de-degustacion-en-el-instituto-tecnologico-iguazu\\\/\",\"url\":\"https:\\\/\\\/cvinoticias.com\\\/v3\\\/profesionalizando-el-futuro-gran-jornada-de-degustacion-en-el-instituto-tecnologico-iguazu\\\/\",\"name\":\"Jornada de degustaci\u00f3n en el ITEC Iguaz\u00fa | CVI NOTICIAS\",\"isPartOf\":{\"@id\":\"https:\\\/\\\/cvinoticias.com\\\/v3\\\/#website\"},\"primaryImageOfPage\":{\"@id\":\"https:\\\/\\\/cvinoticias.com\\\/v3\\\/profesionalizando-el-futuro-gran-jornada-de-degustacion-en-el-instituto-tecnologico-iguazu\\\/#primaryimage\"},\"image\":{\"@id\":\"https:\\\/\\\/cvinoticias.com\\\/v3\\\/profesionalizando-el-futuro-gran-jornada-de-degustacion-en-el-instituto-tecnologico-iguazu\\\/#primaryimage\"},\"thumbnailUrl\":\"https:\\\/\\\/cvinoticias.com\\\/wp-content\\\/uploads\\\/2026\\\/04\\\/4621f358-3dc3-49c9-be37-28859b7e393a.jpeg\",\"datePublished\":\"2026-04-23T18:29:06+00:00\",\"dateModified\":\"2026-04-24T11:11:33+00:00\",\"description\":\"Estudiantes del ITEC Iguaz\u00fa participaron de una cata de vinos y aceites junto a una reconocida bodega\",\"breadcrumb\":{\"@id\":\"https:\\\/\\\/cvinoticias.com\\\/v3\\\/profesionalizando-el-futuro-gran-jornada-de-degustacion-en-el-instituto-tecnologico-iguazu\\\/#breadcrumb\"},\"inLanguage\":\"es\",\"potentialAction\":[{\"@type\":\"ReadAction\",\"target\":[\"https:\\\/\\\/cvinoticias.com\\\/v3\\\/profesionalizando-el-futuro-gran-jornada-de-degustacion-en-el-instituto-tecnologico-iguazu\\\/\"]}]},{\"@type\":\"ImageObject\",\"inLanguage\":\"es\",\"@id\":\"https:\\\/\\\/cvinoticias.com\\\/v3\\\/profesionalizando-el-futuro-gran-jornada-de-degustacion-en-el-instituto-tecnologico-iguazu\\\/#primaryimage\",\"url\":\"https:\\\/\\\/cvinoticias.com\\\/wp-content\\\/uploads\\\/2026\\\/04\\\/4621f358-3dc3-49c9-be37-28859b7e393a.jpeg\",\"contentUrl\":\"https:\\\/\\\/cvinoticias.com\\\/wp-content\\\/uploads\\\/2026\\\/04\\\/4621f358-3dc3-49c9-be37-28859b7e393a.jpeg\",\"width\":1280,\"height\":720},{\"@type\":\"BreadcrumbList\",\"@id\":\"https:\\\/\\\/cvinoticias.com\\\/v3\\\/profesionalizando-el-futuro-gran-jornada-de-degustacion-en-el-instituto-tecnologico-iguazu\\\/#breadcrumb\",\"itemListElement\":[{\"@type\":\"ListItem\",\"position\":1,\"name\":\"Portada\",\"item\":\"https:\\\/\\\/cvinoticias.com\\\/v3\\\/\"},{\"@type\":\"ListItem\",\"position\":2,\"name\":\"Profesionalizando el futuro: gran jornada de degustaci\u00f3n en el Instituto Tecnol\u00f3gico Iguaz\u00fa\"}]},{\"@type\":\"WebSite\",\"@id\":\"https:\\\/\\\/cvinoticias.com\\\/v3\\\/#website\",\"url\":\"https:\\\/\\\/cvinoticias.com\\\/v3\\\/\",\"name\":\"CVI NOTICIAS\",\"description\":\"\",\"publisher\":{\"@id\":\"https:\\\/\\\/cvinoticias.com\\\/v3\\\/#organization\"},\"alternateName\":\"CVI\",\"potentialAction\":[{\"@type\":\"SearchAction\",\"target\":{\"@type\":\"EntryPoint\",\"urlTemplate\":\"https:\\\/\\\/cvinoticias.com\\\/v3\\\/?s={search_term_string}\"},\"query-input\":{\"@type\":\"PropertyValueSpecification\",\"valueRequired\":true,\"valueName\":\"search_term_string\"}}],\"inLanguage\":\"es\"},{\"@type\":\"Organization\",\"@id\":\"https:\\\/\\\/cvinoticias.com\\\/v3\\\/#organization\",\"name\":\"CVI NOTICIAS\",\"url\":\"https:\\\/\\\/cvinoticias.com\\\/v3\\\/\",\"logo\":{\"@type\":\"ImageObject\",\"inLanguage\":\"es\",\"@id\":\"https:\\\/\\\/cvinoticias.com\\\/v3\\\/#\\\/schema\\\/logo\\\/image\\\/\",\"url\":\"https:\\\/\\\/cvinoticias.com\\\/wp-content\\\/uploads\\\/2023\\\/04\\\/cropped-cropped-cropped-cropped-cropped-3-1.png\",\"contentUrl\":\"https:\\\/\\\/cvinoticias.com\\\/wp-content\\\/uploads\\\/2023\\\/04\\\/cropped-cropped-cropped-cropped-cropped-3-1.png\",\"width\":95,\"height\":122,\"caption\":\"CVI NOTICIAS\"},\"image\":{\"@id\":\"https:\\\/\\\/cvinoticias.com\\\/v3\\\/#\\\/schema\\\/logo\\\/image\\\/\"},\"sameAs\":[\"https:\\\/\\\/www.facebook.com\\\/cvinoticias\",\"https:\\\/\\\/www.instagram.com\\\/cvinoticias\\\/\",\"https:\\\/\\\/www.youtube.com\\\/@CVINOTICIAS\"]},{\"@type\":\"Person\",\"@id\":\"https:\\\/\\\/cvinoticias.com\\\/v3\\\/#\\\/schema\\\/person\\\/2db77e3c6bc03c538495d7b2b8be9b66\",\"name\":\"f1000024\",\"image\":{\"@type\":\"ImageObject\",\"inLanguage\":\"es\",\"@id\":\"https:\\\/\\\/secure.gravatar.com\\\/avatar\\\/d4fe7459cfc51ff5129ce1a732bbef5928568b8092d412ef95611616376bbeed?s=96&d=mm&r=g\",\"url\":\"https:\\\/\\\/secure.gravatar.com\\\/avatar\\\/d4fe7459cfc51ff5129ce1a732bbef5928568b8092d412ef95611616376bbeed?s=96&d=mm&r=g\",\"contentUrl\":\"https:\\\/\\\/secure.gravatar.com\\\/avatar\\\/d4fe7459cfc51ff5129ce1a732bbef5928568b8092d412ef95611616376bbeed?s=96&d=mm&r=g\",\"caption\":\"f1000024\"},\"url\":\"https:\\\/\\\/cvinoticias.com\\\/v3\\\/author\\\/f1000024\\\/\"}]}<\/script>\n<!-- \/ Yoast SEO plugin. -->","yoast_head_json":{"title":"Jornada de degustaci\u00f3n en el ITEC Iguaz\u00fa | CVI NOTICIAS","description":"Estudiantes del ITEC Iguaz\u00fa participaron de una cata de vinos y aceites junto a una reconocida bodega","robots":{"index":"index","follow":"follow","max-snippet":"max-snippet:-1","max-image-preview":"max-image-preview:large","max-video-preview":"max-video-preview:-1"},"canonical":"https:\/\/cvinoticias.com\/v3\/profesionalizando-el-futuro-gran-jornada-de-degustacion-en-el-instituto-tecnologico-iguazu\/","og_locale":"es_ES","og_type":"article","og_title":"Jornada de degustaci\u00f3n en el ITEC Iguaz\u00fa | CVI NOTICIAS","og_description":"Estudiantes del ITEC Iguaz\u00fa participaron de una cata de vinos y aceites junto a una reconocida bodega","og_url":"https:\/\/cvinoticias.com\/v3\/profesionalizando-el-futuro-gran-jornada-de-degustacion-en-el-instituto-tecnologico-iguazu\/","og_site_name":"CVI NOTICIAS","article_publisher":"https:\/\/www.facebook.com\/cvinoticias","article_published_time":"2026-04-23T18:29:06+00:00","article_modified_time":"2026-04-24T11:11:33+00:00","og_image":[{"width":1280,"height":720,"url":"https:\/\/cvinoticias.com\/wp-content\/uploads\/2026\/04\/4621f358-3dc3-49c9-be37-28859b7e393a.jpeg","type":"image\/jpeg"}],"author":"f1000024","twitter_card":"summary_large_image","twitter_misc":{"Escrito por":"f1000024","Tiempo de lectura":"2 minutos"},"schema":{"@context":"https:\/\/schema.org","@graph":[{"@type":"Article","@id":"https:\/\/cvinoticias.com\/v3\/profesionalizando-el-futuro-gran-jornada-de-degustacion-en-el-instituto-tecnologico-iguazu\/#article","isPartOf":{"@id":"https:\/\/cvinoticias.com\/v3\/profesionalizando-el-futuro-gran-jornada-de-degustacion-en-el-instituto-tecnologico-iguazu\/"},"author":{"name":"f1000024","@id":"https:\/\/cvinoticias.com\/v3\/#\/schema\/person\/2db77e3c6bc03c538495d7b2b8be9b66"},"headline":"Profesionalizando el futuro: gran jornada de degustaci\u00f3n en el Instituto Tecnol\u00f3gico Iguaz\u00fa","datePublished":"2026-04-23T18:29:06+00:00","dateModified":"2026-04-24T11:11:33+00:00","mainEntityOfPage":{"@id":"https:\/\/cvinoticias.com\/v3\/profesionalizando-el-futuro-gran-jornada-de-degustacion-en-el-instituto-tecnologico-iguazu\/"},"wordCount":238,"commentCount":0,"publisher":{"@id":"https:\/\/cvinoticias.com\/v3\/#organization"},"image":{"@id":"https:\/\/cvinoticias.com\/v3\/profesionalizando-el-futuro-gran-jornada-de-degustacion-en-el-instituto-tecnologico-iguazu\/#primaryimage"},"thumbnailUrl":"https:\/\/cvinoticias.com\/wp-content\/uploads\/2026\/04\/4621f358-3dc3-49c9-be37-28859b7e393a.jpeg","keywords":["cocinero","degustac\u00f3n","Futuro","Itec","profesional"],"articleSection":["Educaci\u00f3n"],"inLanguage":"es","potentialAction":[{"@type":"CommentAction","name":"Comment","target":["https:\/\/cvinoticias.com\/v3\/profesionalizando-el-futuro-gran-jornada-de-degustacion-en-el-instituto-tecnologico-iguazu\/#respond"]}]},{"@type":"WebPage","@id":"https:\/\/cvinoticias.com\/v3\/profesionalizando-el-futuro-gran-jornada-de-degustacion-en-el-instituto-tecnologico-iguazu\/","url":"https:\/\/cvinoticias.com\/v3\/profesionalizando-el-futuro-gran-jornada-de-degustacion-en-el-instituto-tecnologico-iguazu\/","name":"Jornada de degustaci\u00f3n en el ITEC Iguaz\u00fa | CVI NOTICIAS","isPartOf":{"@id":"https:\/\/cvinoticias.com\/v3\/#website"},"primaryImageOfPage":{"@id":"https:\/\/cvinoticias.com\/v3\/profesionalizando-el-futuro-gran-jornada-de-degustacion-en-el-instituto-tecnologico-iguazu\/#primaryimage"},"image":{"@id":"https:\/\/cvinoticias.com\/v3\/profesionalizando-el-futuro-gran-jornada-de-degustacion-en-el-instituto-tecnologico-iguazu\/#primaryimage"},"thumbnailUrl":"https:\/\/cvinoticias.com\/wp-content\/uploads\/2026\/04\/4621f358-3dc3-49c9-be37-28859b7e393a.jpeg","datePublished":"2026-04-23T18:29:06+00:00","dateModified":"2026-04-24T11:11:33+00:00","description":"Estudiantes del ITEC Iguaz\u00fa participaron de una cata de vinos y aceites junto a una reconocida bodega","breadcrumb":{"@id":"https:\/\/cvinoticias.com\/v3\/profesionalizando-el-futuro-gran-jornada-de-degustacion-en-el-instituto-tecnologico-iguazu\/#breadcrumb"},"inLanguage":"es","potentialAction":[{"@type":"ReadAction","target":["https:\/\/cvinoticias.com\/v3\/profesionalizando-el-futuro-gran-jornada-de-degustacion-en-el-instituto-tecnologico-iguazu\/"]}]},{"@type":"ImageObject","inLanguage":"es","@id":"https:\/\/cvinoticias.com\/v3\/profesionalizando-el-futuro-gran-jornada-de-degustacion-en-el-instituto-tecnologico-iguazu\/#primaryimage","url":"https:\/\/cvinoticias.com\/wp-content\/uploads\/2026\/04\/4621f358-3dc3-49c9-be37-28859b7e393a.jpeg","contentUrl":"https:\/\/cvinoticias.com\/wp-content\/uploads\/2026\/04\/4621f358-3dc3-49c9-be37-28859b7e393a.jpeg","width":1280,"height":720},{"@type":"BreadcrumbList","@id":"https:\/\/cvinoticias.com\/v3\/profesionalizando-el-futuro-gran-jornada-de-degustacion-en-el-instituto-tecnologico-iguazu\/#breadcrumb","itemListElement":[{"@type":"ListItem","position":1,"name":"Portada","item":"https:\/\/cvinoticias.com\/v3\/"},{"@type":"ListItem","position":2,"name":"Profesionalizando el futuro: gran jornada de degustaci\u00f3n en el Instituto Tecnol\u00f3gico Iguaz\u00fa"}]},{"@type":"WebSite","@id":"https:\/\/cvinoticias.com\/v3\/#website","url":"https:\/\/cvinoticias.com\/v3\/","name":"CVI NOTICIAS","description":"","publisher":{"@id":"https:\/\/cvinoticias.com\/v3\/#organization"},"alternateName":"CVI","potentialAction":[{"@type":"SearchAction","target":{"@type":"EntryPoint","urlTemplate":"https:\/\/cvinoticias.com\/v3\/?s={search_term_string}"},"query-input":{"@type":"PropertyValueSpecification","valueRequired":true,"valueName":"search_term_string"}}],"inLanguage":"es"},{"@type":"Organization","@id":"https:\/\/cvinoticias.com\/v3\/#organization","name":"CVI NOTICIAS","url":"https:\/\/cvinoticias.com\/v3\/","logo":{"@type":"ImageObject","inLanguage":"es","@id":"https:\/\/cvinoticias.com\/v3\/#\/schema\/logo\/image\/","url":"https:\/\/cvinoticias.com\/wp-content\/uploads\/2023\/04\/cropped-cropped-cropped-cropped-cropped-3-1.png","contentUrl":"https:\/\/cvinoticias.com\/wp-content\/uploads\/2023\/04\/cropped-cropped-cropped-cropped-cropped-3-1.png","width":95,"height":122,"caption":"CVI NOTICIAS"},"image":{"@id":"https:\/\/cvinoticias.com\/v3\/#\/schema\/logo\/image\/"},"sameAs":["https:\/\/www.facebook.com\/cvinoticias","https:\/\/www.instagram.com\/cvinoticias\/","https:\/\/www.youtube.com\/@CVINOTICIAS"]},{"@type":"Person","@id":"https:\/\/cvinoticias.com\/v3\/#\/schema\/person\/2db77e3c6bc03c538495d7b2b8be9b66","name":"f1000024","image":{"@type":"ImageObject","inLanguage":"es","@id":"https:\/\/secure.gravatar.com\/avatar\/d4fe7459cfc51ff5129ce1a732bbef5928568b8092d412ef95611616376bbeed?s=96&d=mm&r=g","url":"https:\/\/secure.gravatar.com\/avatar\/d4fe7459cfc51ff5129ce1a732bbef5928568b8092d412ef95611616376bbeed?s=96&d=mm&r=g","contentUrl":"https:\/\/secure.gravatar.com\/avatar\/d4fe7459cfc51ff5129ce1a732bbef5928568b8092d412ef95611616376bbeed?s=96&d=mm&r=g","caption":"f1000024"},"url":"https:\/\/cvinoticias.com\/v3\/author\/f1000024\/"}]}},"_links":{"self":[{"href":"https:\/\/cvinoticias.com\/v3\/wp-json\/wp\/v2\/posts\/57337","targetHints":{"allow":["GET"]}}],"collection":[{"href":"https:\/\/cvinoticias.com\/v3\/wp-json\/wp\/v2\/posts"}],"about":[{"href":"https:\/\/cvinoticias.com\/v3\/wp-json\/wp\/v2\/types\/post"}],"author":[{"embeddable":true,"href":"https:\/\/cvinoticias.com\/v3\/wp-json\/wp\/v2\/users\/2"}],"replies":[{"embeddable":true,"href":"https:\/\/cvinoticias.com\/v3\/wp-json\/wp\/v2\/comments?post=57337"}],"version-history":[{"count":1,"href":"https:\/\/cvinoticias.com\/v3\/wp-json\/wp\/v2\/posts\/57337\/revisions"}],"predecessor-version":[{"id":57342,"href":"https:\/\/cvinoticias.com\/v3\/wp-json\/wp\/v2\/posts\/57337\/revisions\/57342"}],"wp:featuredmedia":[{"embeddable":true,"href":"https:\/\/cvinoticias.com\/v3\/wp-json\/wp\/v2\/media\/57338"}],"wp:attachment":[{"href":"https:\/\/cvinoticias.com\/v3\/wp-json\/wp\/v2\/media?parent=57337"}],"wp:term":[{"taxonomy":"category","embeddable":true,"href":"https:\/\/cvinoticias.com\/v3\/wp-json\/wp\/v2\/categories?post=57337"},{"taxonomy":"post_tag","embeddable":true,"href":"https:\/\/cvinoticias.com\/v3\/wp-json\/wp\/v2\/tags?post=57337"}],"curies":[{"name":"wp","href":"https:\/\/api.w.org\/{rel}","templated":true}]}}