{"id":57320,"date":"2026-04-24T07:49:32","date_gmt":"2026-04-24T10:49:32","guid":{"rendered":"https:\/\/cvinoticias.com\/v3\/?p=57320"},"modified":"2026-04-24T07:49:33","modified_gmt":"2026-04-24T10:49:33","slug":"ambiente-inestable-y-lluvias-previstas-para-el-fin-de-semana-en-misiones","status":"publish","type":"post","link":"https:\/\/cvinoticias.com\/v3\/ambiente-inestable-y-lluvias-previstas-para-el-fin-de-semana-en-misiones\/","title":{"rendered":"Ambiente inestable y lluvias previstas para el fin de semana en Misiones"},"content":{"rendered":"\n<p>La provincia de Misiones transita un per\u00edodo de inestabilidad clim\u00e1tica que se extender\u00e1 durante todo el fin de semana, con condiciones de calor h\u00famedo, lluvias intermitentes y el ingreso de un frente fr\u00edo hacia el domingo, seg\u00fan el \u00faltimo informe oficial.<\/p>\n\n\n\n<p>Para este viernes 24 de abril se espera una jornada con ambiente pesado, nubosidad variable y lluvias aisladas de bajo volumen, principalmente en el sur provincial, producto del ingreso de humedad desde la regi\u00f3n amaz\u00f3nica. Las temperaturas se mantendr\u00e1n elevadas, con una m\u00e1xima de 30 \u00b0C en Puerto Iguaz\u00fa y una m\u00ednima de 18 \u00b0C en San Pedro. Tambi\u00e9n se prev\u00e9n r\u00e1fagas de viento de hasta 50 km\/h, con probabilidad media de nieblas.<\/p>\n\n\n\n<p>El s\u00e1bado 25 continuar\u00e1 la inestabilidad en toda la provincia, con lluvias y tormentas de variada intensidad, que se concentrar\u00e1n con mayor fuerza en la zona norte. Se anticipa una ma\u00f1ana templada y una tarde c\u00e1lida, con temperaturas similares a las del viernes. Las precipitaciones podr\u00edan alcanzar entre 5 y 20 mil\u00edmetros, con r\u00e1fagas de viento del sector sureste y calidad del aire regular.<\/p>\n\n\n\n<p>En tanto, el domingo 26 se prev\u00e9 el ingreso de un frente fr\u00edo que generar\u00e1 nuevas precipitaciones en todo el territorio provincial. La jornada comenzar\u00e1 templada, pero las condiciones desmejorar\u00e1n con lluvias y r\u00e1fagas intensas de viento. La temperatura m\u00e1xima alcanzar\u00eda los 25 \u00b0C en Posadas, mientras que la m\u00ednima se mantendr\u00eda en 18 \u00b0C en San Pedro. La calidad del aire ser\u00e1 buena y la probabilidad de nieblas ser\u00e1 baja.<\/p>\n\n\n\n<p>El reporte fue elaborado por la Direcci\u00f3n General de Alerta Temprana, dependiente del Ministerio de Ecolog\u00eda y Recursos Naturales Renovables de la provincia.<\/p>\n","protected":false},"excerpt":{"rendered":"<p>La provincia de Misiones transita un per\u00edodo de inestabilidad clim\u00e1tica que se extender\u00e1 durante todo el fin de semana, con condiciones de calor h\u00famedo, lluvias intermitentes y el ingreso de un frente fr\u00edo hacia el domingo, seg\u00fan el \u00faltimo informe oficial. Para este viernes 24 de abril se espera una jornada con ambiente pesado, nubosidad [&hellip;]<\/p>\n","protected":false},"author":2,"featured_media":57321,"comment_status":"open","ping_status":"closed","sticky":false,"template":"","format":"standard","meta":{"footnotes":""},"categories":[1146],"tags":[1148,313,278],"class_list":["post-57320","post","type-post","status-publish","format-standard","has-post-thumbnail","hentry","category-tiempo","tag-clima","tag-iguazu","tag-misiones"],"yoast_head":"<!-- This site is optimized with the Yoast SEO plugin v27.4 - https:\/\/yoast.com\/product\/yoast-seo-wordpress\/ -->\n<title>Inestable y lluvioso el fin de semana en Misiones | CVI NOTICIAS<\/title>\n<meta name=\"description\" content=\"Pronostican lluvias, tormentas y frente fr\u00edo en Misiones hasta el domingo con calor h\u00famedo e inestabilidad\" \/>\n<meta name=\"robots\" content=\"index, follow, max-snippet:-1, max-image-preview:large, max-video-preview:-1\" \/>\n<link rel=\"canonical\" href=\"https:\/\/cvinoticias.com\/v3\/ambiente-inestable-y-lluvias-previstas-para-el-fin-de-semana-en-misiones\/\" \/>\n<meta property=\"og:locale\" content=\"es_ES\" \/>\n<meta property=\"og:type\" content=\"article\" \/>\n<meta property=\"og:title\" content=\"Inestable y lluvioso el fin de semana en Misiones | CVI NOTICIAS\" \/>\n<meta property=\"og:description\" content=\"Pronostican lluvias, tormentas y frente fr\u00edo en Misiones hasta el domingo con calor h\u00famedo e inestabilidad\" \/>\n<meta property=\"og:url\" content=\"https:\/\/cvinoticias.com\/v3\/ambiente-inestable-y-lluvias-previstas-para-el-fin-de-semana-en-misiones\/\" \/>\n<meta property=\"og:site_name\" content=\"CVI NOTICIAS\" \/>\n<meta property=\"article:publisher\" content=\"https:\/\/www.facebook.com\/cvinoticias\" \/>\n<meta property=\"article:published_time\" content=\"2026-04-24T10:49:32+00:00\" \/>\n<meta property=\"article:modified_time\" content=\"2026-04-24T10:49:33+00:00\" \/>\n<meta property=\"og:image\" content=\"https:\/\/cvinoticias.com\/wp-content\/uploads\/2026\/04\/Cataratas_Iguazu_Turismo-extranjero-e1711061570925-1024x711-1.jpg\" \/>\n\t<meta property=\"og:image:width\" content=\"1024\" \/>\n\t<meta property=\"og:image:height\" content=\"711\" \/>\n\t<meta property=\"og:image:type\" content=\"image\/jpeg\" \/>\n<meta name=\"author\" content=\"f1000024\" \/>\n<meta name=\"twitter:card\" content=\"summary_large_image\" \/>\n<meta name=\"twitter:label1\" content=\"Escrito por\" \/>\n\t<meta name=\"twitter:data1\" content=\"f1000024\" \/>\n\t<meta name=\"twitter:label2\" content=\"Tiempo de lectura\" \/>\n\t<meta name=\"twitter:data2\" content=\"2 minutos\" \/>\n<script type=\"application\/ld+json\" class=\"yoast-schema-graph\">{\"@context\":\"https:\\\/\\\/schema.org\",\"@graph\":[{\"@type\":\"Article\",\"@id\":\"https:\\\/\\\/cvinoticias.com\\\/v3\\\/ambiente-inestable-y-lluvias-previstas-para-el-fin-de-semana-en-misiones\\\/#article\",\"isPartOf\":{\"@id\":\"https:\\\/\\\/cvinoticias.com\\\/v3\\\/ambiente-inestable-y-lluvias-previstas-para-el-fin-de-semana-en-misiones\\\/\"},\"author\":{\"name\":\"f1000024\",\"@id\":\"https:\\\/\\\/cvinoticias.com\\\/v3\\\/#\\\/schema\\\/person\\\/2db77e3c6bc03c538495d7b2b8be9b66\"},\"headline\":\"Ambiente inestable y lluvias previstas para el fin de semana en Misiones\",\"datePublished\":\"2026-04-24T10:49:32+00:00\",\"dateModified\":\"2026-04-24T10:49:33+00:00\",\"mainEntityOfPage\":{\"@id\":\"https:\\\/\\\/cvinoticias.com\\\/v3\\\/ambiente-inestable-y-lluvias-previstas-para-el-fin-de-semana-en-misiones\\\/\"},\"wordCount\":304,\"commentCount\":0,\"publisher\":{\"@id\":\"https:\\\/\\\/cvinoticias.com\\\/v3\\\/#organization\"},\"image\":{\"@id\":\"https:\\\/\\\/cvinoticias.com\\\/v3\\\/ambiente-inestable-y-lluvias-previstas-para-el-fin-de-semana-en-misiones\\\/#primaryimage\"},\"thumbnailUrl\":\"https:\\\/\\\/cvinoticias.com\\\/wp-content\\\/uploads\\\/2026\\\/04\\\/Cataratas_Iguazu_Turismo-extranjero-e1711061570925-1024x711-1.jpg\",\"keywords\":[\"Clima\",\"Iguaz\u00fa\",\"Misiones\"],\"articleSection\":[\"Tiempo\"],\"inLanguage\":\"es\",\"potentialAction\":[{\"@type\":\"CommentAction\",\"name\":\"Comment\",\"target\":[\"https:\\\/\\\/cvinoticias.com\\\/v3\\\/ambiente-inestable-y-lluvias-previstas-para-el-fin-de-semana-en-misiones\\\/#respond\"]}]},{\"@type\":\"WebPage\",\"@id\":\"https:\\\/\\\/cvinoticias.com\\\/v3\\\/ambiente-inestable-y-lluvias-previstas-para-el-fin-de-semana-en-misiones\\\/\",\"url\":\"https:\\\/\\\/cvinoticias.com\\\/v3\\\/ambiente-inestable-y-lluvias-previstas-para-el-fin-de-semana-en-misiones\\\/\",\"name\":\"Inestable y lluvioso el fin de semana en Misiones | CVI NOTICIAS\",\"isPartOf\":{\"@id\":\"https:\\\/\\\/cvinoticias.com\\\/v3\\\/#website\"},\"primaryImageOfPage\":{\"@id\":\"https:\\\/\\\/cvinoticias.com\\\/v3\\\/ambiente-inestable-y-lluvias-previstas-para-el-fin-de-semana-en-misiones\\\/#primaryimage\"},\"image\":{\"@id\":\"https:\\\/\\\/cvinoticias.com\\\/v3\\\/ambiente-inestable-y-lluvias-previstas-para-el-fin-de-semana-en-misiones\\\/#primaryimage\"},\"thumbnailUrl\":\"https:\\\/\\\/cvinoticias.com\\\/wp-content\\\/uploads\\\/2026\\\/04\\\/Cataratas_Iguazu_Turismo-extranjero-e1711061570925-1024x711-1.jpg\",\"datePublished\":\"2026-04-24T10:49:32+00:00\",\"dateModified\":\"2026-04-24T10:49:33+00:00\",\"description\":\"Pronostican lluvias, tormentas y frente fr\u00edo en Misiones hasta el domingo con calor h\u00famedo e inestabilidad\",\"breadcrumb\":{\"@id\":\"https:\\\/\\\/cvinoticias.com\\\/v3\\\/ambiente-inestable-y-lluvias-previstas-para-el-fin-de-semana-en-misiones\\\/#breadcrumb\"},\"inLanguage\":\"es\",\"potentialAction\":[{\"@type\":\"ReadAction\",\"target\":[\"https:\\\/\\\/cvinoticias.com\\\/v3\\\/ambiente-inestable-y-lluvias-previstas-para-el-fin-de-semana-en-misiones\\\/\"]}]},{\"@type\":\"ImageObject\",\"inLanguage\":\"es\",\"@id\":\"https:\\\/\\\/cvinoticias.com\\\/v3\\\/ambiente-inestable-y-lluvias-previstas-para-el-fin-de-semana-en-misiones\\\/#primaryimage\",\"url\":\"https:\\\/\\\/cvinoticias.com\\\/wp-content\\\/uploads\\\/2026\\\/04\\\/Cataratas_Iguazu_Turismo-extranjero-e1711061570925-1024x711-1.jpg\",\"contentUrl\":\"https:\\\/\\\/cvinoticias.com\\\/wp-content\\\/uploads\\\/2026\\\/04\\\/Cataratas_Iguazu_Turismo-extranjero-e1711061570925-1024x711-1.jpg\",\"width\":1024,\"height\":711},{\"@type\":\"BreadcrumbList\",\"@id\":\"https:\\\/\\\/cvinoticias.com\\\/v3\\\/ambiente-inestable-y-lluvias-previstas-para-el-fin-de-semana-en-misiones\\\/#breadcrumb\",\"itemListElement\":[{\"@type\":\"ListItem\",\"position\":1,\"name\":\"Portada\",\"item\":\"https:\\\/\\\/cvinoticias.com\\\/v3\\\/\"},{\"@type\":\"ListItem\",\"position\":2,\"name\":\"Ambiente inestable y lluvias previstas para el fin de semana en Misiones\"}]},{\"@type\":\"WebSite\",\"@id\":\"https:\\\/\\\/cvinoticias.com\\\/v3\\\/#website\",\"url\":\"https:\\\/\\\/cvinoticias.com\\\/v3\\\/\",\"name\":\"CVI NOTICIAS\",\"description\":\"\",\"publisher\":{\"@id\":\"https:\\\/\\\/cvinoticias.com\\\/v3\\\/#organization\"},\"alternateName\":\"CVI\",\"potentialAction\":[{\"@type\":\"SearchAction\",\"target\":{\"@type\":\"EntryPoint\",\"urlTemplate\":\"https:\\\/\\\/cvinoticias.com\\\/v3\\\/?s={search_term_string}\"},\"query-input\":{\"@type\":\"PropertyValueSpecification\",\"valueRequired\":true,\"valueName\":\"search_term_string\"}}],\"inLanguage\":\"es\"},{\"@type\":\"Organization\",\"@id\":\"https:\\\/\\\/cvinoticias.com\\\/v3\\\/#organization\",\"name\":\"CVI NOTICIAS\",\"url\":\"https:\\\/\\\/cvinoticias.com\\\/v3\\\/\",\"logo\":{\"@type\":\"ImageObject\",\"inLanguage\":\"es\",\"@id\":\"https:\\\/\\\/cvinoticias.com\\\/v3\\\/#\\\/schema\\\/logo\\\/image\\\/\",\"url\":\"https:\\\/\\\/cvinoticias.com\\\/wp-content\\\/uploads\\\/2023\\\/04\\\/cropped-cropped-cropped-cropped-cropped-3-1.png\",\"contentUrl\":\"https:\\\/\\\/cvinoticias.com\\\/wp-content\\\/uploads\\\/2023\\\/04\\\/cropped-cropped-cropped-cropped-cropped-3-1.png\",\"width\":95,\"height\":122,\"caption\":\"CVI NOTICIAS\"},\"image\":{\"@id\":\"https:\\\/\\\/cvinoticias.com\\\/v3\\\/#\\\/schema\\\/logo\\\/image\\\/\"},\"sameAs\":[\"https:\\\/\\\/www.facebook.com\\\/cvinoticias\",\"https:\\\/\\\/www.instagram.com\\\/cvinoticias\\\/\",\"https:\\\/\\\/www.youtube.com\\\/@CVINOTICIAS\"]},{\"@type\":\"Person\",\"@id\":\"https:\\\/\\\/cvinoticias.com\\\/v3\\\/#\\\/schema\\\/person\\\/2db77e3c6bc03c538495d7b2b8be9b66\",\"name\":\"f1000024\",\"image\":{\"@type\":\"ImageObject\",\"inLanguage\":\"es\",\"@id\":\"https:\\\/\\\/secure.gravatar.com\\\/avatar\\\/d4fe7459cfc51ff5129ce1a732bbef5928568b8092d412ef95611616376bbeed?s=96&d=mm&r=g\",\"url\":\"https:\\\/\\\/secure.gravatar.com\\\/avatar\\\/d4fe7459cfc51ff5129ce1a732bbef5928568b8092d412ef95611616376bbeed?s=96&d=mm&r=g\",\"contentUrl\":\"https:\\\/\\\/secure.gravatar.com\\\/avatar\\\/d4fe7459cfc51ff5129ce1a732bbef5928568b8092d412ef95611616376bbeed?s=96&d=mm&r=g\",\"caption\":\"f1000024\"},\"url\":\"https:\\\/\\\/cvinoticias.com\\\/v3\\\/author\\\/f1000024\\\/\"}]}<\/script>\n<!-- \/ Yoast SEO plugin. -->","yoast_head_json":{"title":"Inestable y lluvioso el fin de semana en Misiones | CVI NOTICIAS","description":"Pronostican lluvias, tormentas y frente fr\u00edo en Misiones hasta el domingo con calor h\u00famedo e inestabilidad","robots":{"index":"index","follow":"follow","max-snippet":"max-snippet:-1","max-image-preview":"max-image-preview:large","max-video-preview":"max-video-preview:-1"},"canonical":"https:\/\/cvinoticias.com\/v3\/ambiente-inestable-y-lluvias-previstas-para-el-fin-de-semana-en-misiones\/","og_locale":"es_ES","og_type":"article","og_title":"Inestable y lluvioso el fin de semana en Misiones | CVI NOTICIAS","og_description":"Pronostican lluvias, tormentas y frente fr\u00edo en Misiones hasta el domingo con calor h\u00famedo e inestabilidad","og_url":"https:\/\/cvinoticias.com\/v3\/ambiente-inestable-y-lluvias-previstas-para-el-fin-de-semana-en-misiones\/","og_site_name":"CVI NOTICIAS","article_publisher":"https:\/\/www.facebook.com\/cvinoticias","article_published_time":"2026-04-24T10:49:32+00:00","article_modified_time":"2026-04-24T10:49:33+00:00","og_image":[{"width":1024,"height":711,"url":"https:\/\/cvinoticias.com\/wp-content\/uploads\/2026\/04\/Cataratas_Iguazu_Turismo-extranjero-e1711061570925-1024x711-1.jpg","type":"image\/jpeg"}],"author":"f1000024","twitter_card":"summary_large_image","twitter_misc":{"Escrito por":"f1000024","Tiempo de lectura":"2 minutos"},"schema":{"@context":"https:\/\/schema.org","@graph":[{"@type":"Article","@id":"https:\/\/cvinoticias.com\/v3\/ambiente-inestable-y-lluvias-previstas-para-el-fin-de-semana-en-misiones\/#article","isPartOf":{"@id":"https:\/\/cvinoticias.com\/v3\/ambiente-inestable-y-lluvias-previstas-para-el-fin-de-semana-en-misiones\/"},"author":{"name":"f1000024","@id":"https:\/\/cvinoticias.com\/v3\/#\/schema\/person\/2db77e3c6bc03c538495d7b2b8be9b66"},"headline":"Ambiente inestable y lluvias previstas para el fin de semana en Misiones","datePublished":"2026-04-24T10:49:32+00:00","dateModified":"2026-04-24T10:49:33+00:00","mainEntityOfPage":{"@id":"https:\/\/cvinoticias.com\/v3\/ambiente-inestable-y-lluvias-previstas-para-el-fin-de-semana-en-misiones\/"},"wordCount":304,"commentCount":0,"publisher":{"@id":"https:\/\/cvinoticias.com\/v3\/#organization"},"image":{"@id":"https:\/\/cvinoticias.com\/v3\/ambiente-inestable-y-lluvias-previstas-para-el-fin-de-semana-en-misiones\/#primaryimage"},"thumbnailUrl":"https:\/\/cvinoticias.com\/wp-content\/uploads\/2026\/04\/Cataratas_Iguazu_Turismo-extranjero-e1711061570925-1024x711-1.jpg","keywords":["Clima","Iguaz\u00fa","Misiones"],"articleSection":["Tiempo"],"inLanguage":"es","potentialAction":[{"@type":"CommentAction","name":"Comment","target":["https:\/\/cvinoticias.com\/v3\/ambiente-inestable-y-lluvias-previstas-para-el-fin-de-semana-en-misiones\/#respond"]}]},{"@type":"WebPage","@id":"https:\/\/cvinoticias.com\/v3\/ambiente-inestable-y-lluvias-previstas-para-el-fin-de-semana-en-misiones\/","url":"https:\/\/cvinoticias.com\/v3\/ambiente-inestable-y-lluvias-previstas-para-el-fin-de-semana-en-misiones\/","name":"Inestable y lluvioso el fin de semana en Misiones | CVI NOTICIAS","isPartOf":{"@id":"https:\/\/cvinoticias.com\/v3\/#website"},"primaryImageOfPage":{"@id":"https:\/\/cvinoticias.com\/v3\/ambiente-inestable-y-lluvias-previstas-para-el-fin-de-semana-en-misiones\/#primaryimage"},"image":{"@id":"https:\/\/cvinoticias.com\/v3\/ambiente-inestable-y-lluvias-previstas-para-el-fin-de-semana-en-misiones\/#primaryimage"},"thumbnailUrl":"https:\/\/cvinoticias.com\/wp-content\/uploads\/2026\/04\/Cataratas_Iguazu_Turismo-extranjero-e1711061570925-1024x711-1.jpg","datePublished":"2026-04-24T10:49:32+00:00","dateModified":"2026-04-24T10:49:33+00:00","description":"Pronostican lluvias, tormentas y frente fr\u00edo en Misiones hasta el domingo con calor h\u00famedo e inestabilidad","breadcrumb":{"@id":"https:\/\/cvinoticias.com\/v3\/ambiente-inestable-y-lluvias-previstas-para-el-fin-de-semana-en-misiones\/#breadcrumb"},"inLanguage":"es","potentialAction":[{"@type":"ReadAction","target":["https:\/\/cvinoticias.com\/v3\/ambiente-inestable-y-lluvias-previstas-para-el-fin-de-semana-en-misiones\/"]}]},{"@type":"ImageObject","inLanguage":"es","@id":"https:\/\/cvinoticias.com\/v3\/ambiente-inestable-y-lluvias-previstas-para-el-fin-de-semana-en-misiones\/#primaryimage","url":"https:\/\/cvinoticias.com\/wp-content\/uploads\/2026\/04\/Cataratas_Iguazu_Turismo-extranjero-e1711061570925-1024x711-1.jpg","contentUrl":"https:\/\/cvinoticias.com\/wp-content\/uploads\/2026\/04\/Cataratas_Iguazu_Turismo-extranjero-e1711061570925-1024x711-1.jpg","width":1024,"height":711},{"@type":"BreadcrumbList","@id":"https:\/\/cvinoticias.com\/v3\/ambiente-inestable-y-lluvias-previstas-para-el-fin-de-semana-en-misiones\/#breadcrumb","itemListElement":[{"@type":"ListItem","position":1,"name":"Portada","item":"https:\/\/cvinoticias.com\/v3\/"},{"@type":"ListItem","position":2,"name":"Ambiente inestable y lluvias previstas para el fin de semana en Misiones"}]},{"@type":"WebSite","@id":"https:\/\/cvinoticias.com\/v3\/#website","url":"https:\/\/cvinoticias.com\/v3\/","name":"CVI NOTICIAS","description":"","publisher":{"@id":"https:\/\/cvinoticias.com\/v3\/#organization"},"alternateName":"CVI","potentialAction":[{"@type":"SearchAction","target":{"@type":"EntryPoint","urlTemplate":"https:\/\/cvinoticias.com\/v3\/?s={search_term_string}"},"query-input":{"@type":"PropertyValueSpecification","valueRequired":true,"valueName":"search_term_string"}}],"inLanguage":"es"},{"@type":"Organization","@id":"https:\/\/cvinoticias.com\/v3\/#organization","name":"CVI NOTICIAS","url":"https:\/\/cvinoticias.com\/v3\/","logo":{"@type":"ImageObject","inLanguage":"es","@id":"https:\/\/cvinoticias.com\/v3\/#\/schema\/logo\/image\/","url":"https:\/\/cvinoticias.com\/wp-content\/uploads\/2023\/04\/cropped-cropped-cropped-cropped-cropped-3-1.png","contentUrl":"https:\/\/cvinoticias.com\/wp-content\/uploads\/2023\/04\/cropped-cropped-cropped-cropped-cropped-3-1.png","width":95,"height":122,"caption":"CVI NOTICIAS"},"image":{"@id":"https:\/\/cvinoticias.com\/v3\/#\/schema\/logo\/image\/"},"sameAs":["https:\/\/www.facebook.com\/cvinoticias","https:\/\/www.instagram.com\/cvinoticias\/","https:\/\/www.youtube.com\/@CVINOTICIAS"]},{"@type":"Person","@id":"https:\/\/cvinoticias.com\/v3\/#\/schema\/person\/2db77e3c6bc03c538495d7b2b8be9b66","name":"f1000024","image":{"@type":"ImageObject","inLanguage":"es","@id":"https:\/\/secure.gravatar.com\/avatar\/d4fe7459cfc51ff5129ce1a732bbef5928568b8092d412ef95611616376bbeed?s=96&d=mm&r=g","url":"https:\/\/secure.gravatar.com\/avatar\/d4fe7459cfc51ff5129ce1a732bbef5928568b8092d412ef95611616376bbeed?s=96&d=mm&r=g","contentUrl":"https:\/\/secure.gravatar.com\/avatar\/d4fe7459cfc51ff5129ce1a732bbef5928568b8092d412ef95611616376bbeed?s=96&d=mm&r=g","caption":"f1000024"},"url":"https:\/\/cvinoticias.com\/v3\/author\/f1000024\/"}]}},"_links":{"self":[{"href":"https:\/\/cvinoticias.com\/v3\/wp-json\/wp\/v2\/posts\/57320","targetHints":{"allow":["GET"]}}],"collection":[{"href":"https:\/\/cvinoticias.com\/v3\/wp-json\/wp\/v2\/posts"}],"about":[{"href":"https:\/\/cvinoticias.com\/v3\/wp-json\/wp\/v2\/types\/post"}],"author":[{"embeddable":true,"href":"https:\/\/cvinoticias.com\/v3\/wp-json\/wp\/v2\/users\/2"}],"replies":[{"embeddable":true,"href":"https:\/\/cvinoticias.com\/v3\/wp-json\/wp\/v2\/comments?post=57320"}],"version-history":[{"count":1,"href":"https:\/\/cvinoticias.com\/v3\/wp-json\/wp\/v2\/posts\/57320\/revisions"}],"predecessor-version":[{"id":57322,"href":"https:\/\/cvinoticias.com\/v3\/wp-json\/wp\/v2\/posts\/57320\/revisions\/57322"}],"wp:featuredmedia":[{"embeddable":true,"href":"https:\/\/cvinoticias.com\/v3\/wp-json\/wp\/v2\/media\/57321"}],"wp:attachment":[{"href":"https:\/\/cvinoticias.com\/v3\/wp-json\/wp\/v2\/media?parent=57320"}],"wp:term":[{"taxonomy":"category","embeddable":true,"href":"https:\/\/cvinoticias.com\/v3\/wp-json\/wp\/v2\/categories?post=57320"},{"taxonomy":"post_tag","embeddable":true,"href":"https:\/\/cvinoticias.com\/v3\/wp-json\/wp\/v2\/tags?post=57320"}],"curies":[{"name":"wp","href":"https:\/\/api.w.org\/{rel}","templated":true}]}}