{"id":57317,"date":"2026-04-23T10:00:30","date_gmt":"2026-04-23T13:00:30","guid":{"rendered":"https:\/\/cvinoticias.com\/v3\/?p=57317"},"modified":"2026-04-23T10:00:46","modified_gmt":"2026-04-23T13:00:46","slug":"el-gobierno-nacional-prohibio-el-ingreso-de-todos-los-periodistas-acreditados-a-la-casa-rosada","status":"publish","type":"post","link":"https:\/\/cvinoticias.com\/v3\/el-gobierno-nacional-prohibio-el-ingreso-de-todos-los-periodistas-acreditados-a-la-casa-rosada\/","title":{"rendered":"El Gobierno nacional prohibi\u00f3 el ingreso de todos los periodistas acreditados a la Casa Rosada"},"content":{"rendered":"\n<p>El Gobierno nacional prohibi\u00f3, a partir de este jueves, el ingreso de toda la prensa a la Casa Rosada. Las autoridades justificaron esta medida in\u00e9dita bajo la excusa de un presunto \u201cespionaje ilegal\u201d ocurrido dentro de la sede gubernamental. Esta decisi\u00f3n dr\u00e1stica sucedi\u00f3 dos semanas despu\u00e9s de haber inhabilitado el ingreso de El Destape, \u00c1mbito Financiero y de algunos otros medios espec\u00edficos.<\/p>\n\n\n\n<p>Fuentes oficiales afirmaron que \u201cse decidi\u00f3 quitar las huellas dactilares a los periodistas acreditados de manera preventiva por el espionaje ilegal\u201d recientemente. Dicha disposici\u00f3n t\u00e9cnica alcanz\u00f3 de manera extensiva a todos los medios de comunicaci\u00f3n del pa\u00eds sin excepciones. En este contexto, la periodista Liliana Franco (\u00c1mbito) confirm\u00f3 la situaci\u00f3n a trav\u00e9s de su cuenta personal en la red social X. \u201cDecidi\u00f3 no renovar las acreditaciones de todos los periodistas por la denuncia de Casa Militar a ra\u00edz de la filmaci\u00f3n efectuada por el programa de Luciana Geuna. No se sabe hasta cu\u00e1ndo\u201d, aclar\u00f3 la cronista.<\/p>\n\n\n\n<figure class=\"wp-block-embed is-type-rich is-provider-twitter wp-block-embed-twitter\"><div class=\"wp-block-embed__wrapper\">\n<blockquote class=\"twitter-tweet\" data-width=\"550\" data-dnt=\"true\"><p lang=\"es\" dir=\"ltr\">AHORA El gobierno CERR\u00d3 LA SALA DE PERIODISTAS   de la  <a href=\"https:\/\/twitter.com\/CasaRosada?ref_src=twsrc%5Etfw\">@CasaRosada<\/a>. Decidi\u00f3 no renovar las acreditaciones de todos los periodistas por la denuncia de Casa Militar a ra\u00edz de la filmaci\u00f3n efectuada por el programa de  <a href=\"https:\/\/twitter.com\/lucianageuna?ref_src=twsrc%5Etfw\">@lucianageuna<\/a> . No se sabe hasta cu\u00e1ndo.<\/p>&mdash; Liliana Franco (@lilianafranco20) <a href=\"https:\/\/twitter.com\/lilianafranco20\/status\/2047274615056044292?ref_src=twsrc%5Etfw\">April 23, 2026<\/a><\/blockquote><script async src=\"https:\/\/platform.twitter.com\/widgets.js\" charset=\"utf-8\"><\/script>\n<\/div><\/figure>\n\n\n\n<h3 class=\"wp-block-heading\">La denuncia de Casa Militar que restringi\u00f3 el acceso a la prensa a Casa Rosada<\/h3>\n\n\n\n<p>Desde el Gobierno nacional agregaron que la prohibici\u00f3n de ingreso se debi\u00f3 a la investigaci\u00f3n t\u00e9cnica por los videos difundidos el \u00faltimo domingo. Aquellas im\u00e1genes salieron \u201cen el programa de televisi\u00f3n de Luciana Geuna\u201d en la se\u00f1al Todo Noticias (TN). Este hecho motiv\u00f3 una denuncia penal de la Casa Militar contra los periodistas que llevaron a cabo la filmaci\u00f3n dentro del edificio.<\/p>\n\n\n\n<p>En ese marco, los funcionarios tomaron la medida t\u00e9cnica de \u201cdejar sin efecto la pr\u00f3rroga\u201d a las acreditaciones de prensa durante abril. Estos permisos hab\u00edan tenido como fecha l\u00edmite el \u00faltimo d\u00eda de marzo y el proceso de reempadronamiento anual estaba en marcha. \u201cHasta tanto no est\u00e9 el nuevo reempadronamiento, no se va a habilitar el ingreso de ning\u00fan periodista a la Casa\u201d, relataron las fuentes oficiales.<\/p>\n\n\n\n<p>Casa Militar denunci\u00f3 el \u00faltimo mi\u00e9rcoles a los cronistas Luciana Geuna e Ignacio Salerno, as\u00ed como a diversos directivos del canal TN. La acusaci\u00f3n judicial se\u00f1al\u00f3 que los trabajadores realizaron una grabaci\u00f3n subrepticia en los pasillos de la Casa Rosada. Por su parte, el presidente Javier Milei reivindic\u00f3 la acci\u00f3n estatal a trav\u00e9s de sus redes sociales con un fuerte mensaje. \u201cBASURAS REPUGNANTES Me encantar\u00eda ver a esas basuras inmundas que portan credencial de periodistas (95%) que salgan a defender lo que hicieron estos dos delincuentes. Espero que esto llegue hasta los m\u00e1ximos responsables\u201d, afirm\u00f3 el mandatario.<\/p>\n\n\n\n<p>Seg\u00fan repuso el portal Cr\u00f3nica, el escrito judicial se\u00f1al\u00f3 que la filmaci\u00f3n puso en riesgo la seguridad nacional dentro de la sede. \u201cBajo meros pretextos de inter\u00e9s p\u00fablico, los periodistas denunciados se ufanaron de haber burlado la seguridad presidencial\u201d, indic\u00f3 el documento oficial. Finalmente, la Casa Militar afirm\u00f3: \u201cEl video muestra de forma inequ\u00edvoca que el autor del informe registr\u00f3 sin filtro la actividad de la sede principal del Gobierno mediante una grabaci\u00f3n subrepticia\u201d.<\/p>\n","protected":false},"excerpt":{"rendered":"<p>El Gobierno nacional prohibi\u00f3, a partir de este jueves, el ingreso de toda la prensa a la Casa Rosada. Las autoridades justificaron esta medida in\u00e9dita bajo la excusa de un presunto \u201cespionaje ilegal\u201d ocurrido dentro de la sede gubernamental. Esta decisi\u00f3n dr\u00e1stica sucedi\u00f3 dos semanas despu\u00e9s de haber inhabilitado el ingreso de El Destape, \u00c1mbito [&hellip;]<\/p>\n","protected":false},"author":2,"featured_media":57318,"comment_status":"open","ping_status":"closed","sticky":false,"template":"","format":"standard","meta":{"footnotes":""},"categories":[39],"tags":[1386,331,5799,4840,5564],"class_list":["post-57317","post","type-post","status-publish","format-standard","has-post-thumbnail","hentry","category-nacionales","tag-casa","tag-gobierno","tag-periodistas","tag-prensa","tag-rosada"],"yoast_head":"<!-- This site is optimized with the Yoast SEO plugin v27.4 - https:\/\/yoast.com\/product\/yoast-seo-wordpress\/ -->\n<title>Proh\u00edben el ingreso de periodistas a la Casa Rosada | CVI NOTICIAS<\/title>\n<meta name=\"description\" content=\"El Gobierno restringi\u00f3 el acceso a la prensa por una denuncia de espionaje y suspendi\u00f3 acreditaciones.\" \/>\n<meta name=\"robots\" content=\"index, follow, max-snippet:-1, max-image-preview:large, max-video-preview:-1\" \/>\n<link rel=\"canonical\" href=\"https:\/\/cvinoticias.com\/v3\/el-gobierno-nacional-prohibio-el-ingreso-de-todos-los-periodistas-acreditados-a-la-casa-rosada\/\" \/>\n<meta property=\"og:locale\" content=\"es_ES\" \/>\n<meta property=\"og:type\" content=\"article\" \/>\n<meta property=\"og:title\" content=\"Proh\u00edben el ingreso de periodistas a la Casa Rosada | CVI NOTICIAS\" \/>\n<meta property=\"og:description\" content=\"El Gobierno restringi\u00f3 el acceso a la prensa por una denuncia de espionaje y suspendi\u00f3 acreditaciones.\" \/>\n<meta property=\"og:url\" content=\"https:\/\/cvinoticias.com\/v3\/el-gobierno-nacional-prohibio-el-ingreso-de-todos-los-periodistas-acreditados-a-la-casa-rosada\/\" \/>\n<meta property=\"og:site_name\" content=\"CVI NOTICIAS\" \/>\n<meta property=\"article:publisher\" content=\"https:\/\/www.facebook.com\/cvinoticias\" \/>\n<meta property=\"article:published_time\" content=\"2026-04-23T13:00:30+00:00\" \/>\n<meta property=\"article:modified_time\" content=\"2026-04-23T13:00:46+00:00\" \/>\n<meta property=\"og:image\" content=\"https:\/\/cvinoticias.com\/wp-content\/uploads\/2026\/04\/CasaRosadaBienvenida_001.webp\" \/>\n\t<meta property=\"og:image:width\" content=\"1089\" \/>\n\t<meta property=\"og:image:height\" content=\"730\" \/>\n\t<meta property=\"og:image:type\" content=\"image\/webp\" \/>\n<meta name=\"author\" content=\"f1000024\" \/>\n<meta name=\"twitter:card\" content=\"summary_large_image\" \/>\n<meta name=\"twitter:label1\" content=\"Escrito por\" \/>\n\t<meta name=\"twitter:data1\" content=\"f1000024\" \/>\n\t<meta name=\"twitter:label2\" content=\"Tiempo de lectura\" \/>\n\t<meta name=\"twitter:data2\" content=\"3 minutos\" \/>\n<script type=\"application\/ld+json\" class=\"yoast-schema-graph\">{\"@context\":\"https:\\\/\\\/schema.org\",\"@graph\":[{\"@type\":\"Article\",\"@id\":\"https:\\\/\\\/cvinoticias.com\\\/v3\\\/el-gobierno-nacional-prohibio-el-ingreso-de-todos-los-periodistas-acreditados-a-la-casa-rosada\\\/#article\",\"isPartOf\":{\"@id\":\"https:\\\/\\\/cvinoticias.com\\\/v3\\\/el-gobierno-nacional-prohibio-el-ingreso-de-todos-los-periodistas-acreditados-a-la-casa-rosada\\\/\"},\"author\":{\"name\":\"f1000024\",\"@id\":\"https:\\\/\\\/cvinoticias.com\\\/v3\\\/#\\\/schema\\\/person\\\/2db77e3c6bc03c538495d7b2b8be9b66\"},\"headline\":\"El Gobierno nacional prohibi\u00f3 el ingreso de todos los periodistas acreditados a la Casa Rosada\",\"datePublished\":\"2026-04-23T13:00:30+00:00\",\"dateModified\":\"2026-04-23T13:00:46+00:00\",\"mainEntityOfPage\":{\"@id\":\"https:\\\/\\\/cvinoticias.com\\\/v3\\\/el-gobierno-nacional-prohibio-el-ingreso-de-todos-los-periodistas-acreditados-a-la-casa-rosada\\\/\"},\"wordCount\":536,\"commentCount\":0,\"publisher\":{\"@id\":\"https:\\\/\\\/cvinoticias.com\\\/v3\\\/#organization\"},\"image\":{\"@id\":\"https:\\\/\\\/cvinoticias.com\\\/v3\\\/el-gobierno-nacional-prohibio-el-ingreso-de-todos-los-periodistas-acreditados-a-la-casa-rosada\\\/#primaryimage\"},\"thumbnailUrl\":\"https:\\\/\\\/cvinoticias.com\\\/wp-content\\\/uploads\\\/2026\\\/04\\\/CasaRosadaBienvenida_001.webp\",\"keywords\":[\"Casa\",\"Gobierno\",\"periodistas\",\"prensa\",\"Rosada\"],\"articleSection\":[\"Nacionales\"],\"inLanguage\":\"es\",\"potentialAction\":[{\"@type\":\"CommentAction\",\"name\":\"Comment\",\"target\":[\"https:\\\/\\\/cvinoticias.com\\\/v3\\\/el-gobierno-nacional-prohibio-el-ingreso-de-todos-los-periodistas-acreditados-a-la-casa-rosada\\\/#respond\"]}]},{\"@type\":\"WebPage\",\"@id\":\"https:\\\/\\\/cvinoticias.com\\\/v3\\\/el-gobierno-nacional-prohibio-el-ingreso-de-todos-los-periodistas-acreditados-a-la-casa-rosada\\\/\",\"url\":\"https:\\\/\\\/cvinoticias.com\\\/v3\\\/el-gobierno-nacional-prohibio-el-ingreso-de-todos-los-periodistas-acreditados-a-la-casa-rosada\\\/\",\"name\":\"Proh\u00edben el ingreso de periodistas a la Casa Rosada | CVI NOTICIAS\",\"isPartOf\":{\"@id\":\"https:\\\/\\\/cvinoticias.com\\\/v3\\\/#website\"},\"primaryImageOfPage\":{\"@id\":\"https:\\\/\\\/cvinoticias.com\\\/v3\\\/el-gobierno-nacional-prohibio-el-ingreso-de-todos-los-periodistas-acreditados-a-la-casa-rosada\\\/#primaryimage\"},\"image\":{\"@id\":\"https:\\\/\\\/cvinoticias.com\\\/v3\\\/el-gobierno-nacional-prohibio-el-ingreso-de-todos-los-periodistas-acreditados-a-la-casa-rosada\\\/#primaryimage\"},\"thumbnailUrl\":\"https:\\\/\\\/cvinoticias.com\\\/wp-content\\\/uploads\\\/2026\\\/04\\\/CasaRosadaBienvenida_001.webp\",\"datePublished\":\"2026-04-23T13:00:30+00:00\",\"dateModified\":\"2026-04-23T13:00:46+00:00\",\"description\":\"El Gobierno restringi\u00f3 el acceso a la prensa por una denuncia de espionaje y suspendi\u00f3 acreditaciones.\",\"breadcrumb\":{\"@id\":\"https:\\\/\\\/cvinoticias.com\\\/v3\\\/el-gobierno-nacional-prohibio-el-ingreso-de-todos-los-periodistas-acreditados-a-la-casa-rosada\\\/#breadcrumb\"},\"inLanguage\":\"es\",\"potentialAction\":[{\"@type\":\"ReadAction\",\"target\":[\"https:\\\/\\\/cvinoticias.com\\\/v3\\\/el-gobierno-nacional-prohibio-el-ingreso-de-todos-los-periodistas-acreditados-a-la-casa-rosada\\\/\"]}]},{\"@type\":\"ImageObject\",\"inLanguage\":\"es\",\"@id\":\"https:\\\/\\\/cvinoticias.com\\\/v3\\\/el-gobierno-nacional-prohibio-el-ingreso-de-todos-los-periodistas-acreditados-a-la-casa-rosada\\\/#primaryimage\",\"url\":\"https:\\\/\\\/cvinoticias.com\\\/wp-content\\\/uploads\\\/2026\\\/04\\\/CasaRosadaBienvenida_001.webp\",\"contentUrl\":\"https:\\\/\\\/cvinoticias.com\\\/wp-content\\\/uploads\\\/2026\\\/04\\\/CasaRosadaBienvenida_001.webp\",\"width\":1089,\"height\":730},{\"@type\":\"BreadcrumbList\",\"@id\":\"https:\\\/\\\/cvinoticias.com\\\/v3\\\/el-gobierno-nacional-prohibio-el-ingreso-de-todos-los-periodistas-acreditados-a-la-casa-rosada\\\/#breadcrumb\",\"itemListElement\":[{\"@type\":\"ListItem\",\"position\":1,\"name\":\"Portada\",\"item\":\"https:\\\/\\\/cvinoticias.com\\\/v3\\\/\"},{\"@type\":\"ListItem\",\"position\":2,\"name\":\"El Gobierno nacional prohibi\u00f3 el ingreso de todos los periodistas acreditados a la Casa Rosada\"}]},{\"@type\":\"WebSite\",\"@id\":\"https:\\\/\\\/cvinoticias.com\\\/v3\\\/#website\",\"url\":\"https:\\\/\\\/cvinoticias.com\\\/v3\\\/\",\"name\":\"CVI NOTICIAS\",\"description\":\"\",\"publisher\":{\"@id\":\"https:\\\/\\\/cvinoticias.com\\\/v3\\\/#organization\"},\"alternateName\":\"CVI\",\"potentialAction\":[{\"@type\":\"SearchAction\",\"target\":{\"@type\":\"EntryPoint\",\"urlTemplate\":\"https:\\\/\\\/cvinoticias.com\\\/v3\\\/?s={search_term_string}\"},\"query-input\":{\"@type\":\"PropertyValueSpecification\",\"valueRequired\":true,\"valueName\":\"search_term_string\"}}],\"inLanguage\":\"es\"},{\"@type\":\"Organization\",\"@id\":\"https:\\\/\\\/cvinoticias.com\\\/v3\\\/#organization\",\"name\":\"CVI NOTICIAS\",\"url\":\"https:\\\/\\\/cvinoticias.com\\\/v3\\\/\",\"logo\":{\"@type\":\"ImageObject\",\"inLanguage\":\"es\",\"@id\":\"https:\\\/\\\/cvinoticias.com\\\/v3\\\/#\\\/schema\\\/logo\\\/image\\\/\",\"url\":\"https:\\\/\\\/cvinoticias.com\\\/wp-content\\\/uploads\\\/2023\\\/04\\\/cropped-cropped-cropped-cropped-cropped-3-1.png\",\"contentUrl\":\"https:\\\/\\\/cvinoticias.com\\\/wp-content\\\/uploads\\\/2023\\\/04\\\/cropped-cropped-cropped-cropped-cropped-3-1.png\",\"width\":95,\"height\":122,\"caption\":\"CVI NOTICIAS\"},\"image\":{\"@id\":\"https:\\\/\\\/cvinoticias.com\\\/v3\\\/#\\\/schema\\\/logo\\\/image\\\/\"},\"sameAs\":[\"https:\\\/\\\/www.facebook.com\\\/cvinoticias\",\"https:\\\/\\\/www.instagram.com\\\/cvinoticias\\\/\",\"https:\\\/\\\/www.youtube.com\\\/@CVINOTICIAS\"]},{\"@type\":\"Person\",\"@id\":\"https:\\\/\\\/cvinoticias.com\\\/v3\\\/#\\\/schema\\\/person\\\/2db77e3c6bc03c538495d7b2b8be9b66\",\"name\":\"f1000024\",\"image\":{\"@type\":\"ImageObject\",\"inLanguage\":\"es\",\"@id\":\"https:\\\/\\\/secure.gravatar.com\\\/avatar\\\/d4fe7459cfc51ff5129ce1a732bbef5928568b8092d412ef95611616376bbeed?s=96&d=mm&r=g\",\"url\":\"https:\\\/\\\/secure.gravatar.com\\\/avatar\\\/d4fe7459cfc51ff5129ce1a732bbef5928568b8092d412ef95611616376bbeed?s=96&d=mm&r=g\",\"contentUrl\":\"https:\\\/\\\/secure.gravatar.com\\\/avatar\\\/d4fe7459cfc51ff5129ce1a732bbef5928568b8092d412ef95611616376bbeed?s=96&d=mm&r=g\",\"caption\":\"f1000024\"},\"url\":\"https:\\\/\\\/cvinoticias.com\\\/v3\\\/author\\\/f1000024\\\/\"}]}<\/script>\n<!-- \/ Yoast SEO plugin. -->","yoast_head_json":{"title":"Proh\u00edben el ingreso de periodistas a la Casa Rosada | CVI NOTICIAS","description":"El Gobierno restringi\u00f3 el acceso a la prensa por una denuncia de espionaje y suspendi\u00f3 acreditaciones.","robots":{"index":"index","follow":"follow","max-snippet":"max-snippet:-1","max-image-preview":"max-image-preview:large","max-video-preview":"max-video-preview:-1"},"canonical":"https:\/\/cvinoticias.com\/v3\/el-gobierno-nacional-prohibio-el-ingreso-de-todos-los-periodistas-acreditados-a-la-casa-rosada\/","og_locale":"es_ES","og_type":"article","og_title":"Proh\u00edben el ingreso de periodistas a la Casa Rosada | CVI NOTICIAS","og_description":"El Gobierno restringi\u00f3 el acceso a la prensa por una denuncia de espionaje y suspendi\u00f3 acreditaciones.","og_url":"https:\/\/cvinoticias.com\/v3\/el-gobierno-nacional-prohibio-el-ingreso-de-todos-los-periodistas-acreditados-a-la-casa-rosada\/","og_site_name":"CVI NOTICIAS","article_publisher":"https:\/\/www.facebook.com\/cvinoticias","article_published_time":"2026-04-23T13:00:30+00:00","article_modified_time":"2026-04-23T13:00:46+00:00","og_image":[{"width":1089,"height":730,"url":"https:\/\/cvinoticias.com\/wp-content\/uploads\/2026\/04\/CasaRosadaBienvenida_001.webp","type":"image\/webp"}],"author":"f1000024","twitter_card":"summary_large_image","twitter_misc":{"Escrito por":"f1000024","Tiempo de lectura":"3 minutos"},"schema":{"@context":"https:\/\/schema.org","@graph":[{"@type":"Article","@id":"https:\/\/cvinoticias.com\/v3\/el-gobierno-nacional-prohibio-el-ingreso-de-todos-los-periodistas-acreditados-a-la-casa-rosada\/#article","isPartOf":{"@id":"https:\/\/cvinoticias.com\/v3\/el-gobierno-nacional-prohibio-el-ingreso-de-todos-los-periodistas-acreditados-a-la-casa-rosada\/"},"author":{"name":"f1000024","@id":"https:\/\/cvinoticias.com\/v3\/#\/schema\/person\/2db77e3c6bc03c538495d7b2b8be9b66"},"headline":"El Gobierno nacional prohibi\u00f3 el ingreso de todos los periodistas acreditados a la Casa Rosada","datePublished":"2026-04-23T13:00:30+00:00","dateModified":"2026-04-23T13:00:46+00:00","mainEntityOfPage":{"@id":"https:\/\/cvinoticias.com\/v3\/el-gobierno-nacional-prohibio-el-ingreso-de-todos-los-periodistas-acreditados-a-la-casa-rosada\/"},"wordCount":536,"commentCount":0,"publisher":{"@id":"https:\/\/cvinoticias.com\/v3\/#organization"},"image":{"@id":"https:\/\/cvinoticias.com\/v3\/el-gobierno-nacional-prohibio-el-ingreso-de-todos-los-periodistas-acreditados-a-la-casa-rosada\/#primaryimage"},"thumbnailUrl":"https:\/\/cvinoticias.com\/wp-content\/uploads\/2026\/04\/CasaRosadaBienvenida_001.webp","keywords":["Casa","Gobierno","periodistas","prensa","Rosada"],"articleSection":["Nacionales"],"inLanguage":"es","potentialAction":[{"@type":"CommentAction","name":"Comment","target":["https:\/\/cvinoticias.com\/v3\/el-gobierno-nacional-prohibio-el-ingreso-de-todos-los-periodistas-acreditados-a-la-casa-rosada\/#respond"]}]},{"@type":"WebPage","@id":"https:\/\/cvinoticias.com\/v3\/el-gobierno-nacional-prohibio-el-ingreso-de-todos-los-periodistas-acreditados-a-la-casa-rosada\/","url":"https:\/\/cvinoticias.com\/v3\/el-gobierno-nacional-prohibio-el-ingreso-de-todos-los-periodistas-acreditados-a-la-casa-rosada\/","name":"Proh\u00edben el ingreso de periodistas a la Casa Rosada | CVI NOTICIAS","isPartOf":{"@id":"https:\/\/cvinoticias.com\/v3\/#website"},"primaryImageOfPage":{"@id":"https:\/\/cvinoticias.com\/v3\/el-gobierno-nacional-prohibio-el-ingreso-de-todos-los-periodistas-acreditados-a-la-casa-rosada\/#primaryimage"},"image":{"@id":"https:\/\/cvinoticias.com\/v3\/el-gobierno-nacional-prohibio-el-ingreso-de-todos-los-periodistas-acreditados-a-la-casa-rosada\/#primaryimage"},"thumbnailUrl":"https:\/\/cvinoticias.com\/wp-content\/uploads\/2026\/04\/CasaRosadaBienvenida_001.webp","datePublished":"2026-04-23T13:00:30+00:00","dateModified":"2026-04-23T13:00:46+00:00","description":"El Gobierno restringi\u00f3 el acceso a la prensa por una denuncia de espionaje y suspendi\u00f3 acreditaciones.","breadcrumb":{"@id":"https:\/\/cvinoticias.com\/v3\/el-gobierno-nacional-prohibio-el-ingreso-de-todos-los-periodistas-acreditados-a-la-casa-rosada\/#breadcrumb"},"inLanguage":"es","potentialAction":[{"@type":"ReadAction","target":["https:\/\/cvinoticias.com\/v3\/el-gobierno-nacional-prohibio-el-ingreso-de-todos-los-periodistas-acreditados-a-la-casa-rosada\/"]}]},{"@type":"ImageObject","inLanguage":"es","@id":"https:\/\/cvinoticias.com\/v3\/el-gobierno-nacional-prohibio-el-ingreso-de-todos-los-periodistas-acreditados-a-la-casa-rosada\/#primaryimage","url":"https:\/\/cvinoticias.com\/wp-content\/uploads\/2026\/04\/CasaRosadaBienvenida_001.webp","contentUrl":"https:\/\/cvinoticias.com\/wp-content\/uploads\/2026\/04\/CasaRosadaBienvenida_001.webp","width":1089,"height":730},{"@type":"BreadcrumbList","@id":"https:\/\/cvinoticias.com\/v3\/el-gobierno-nacional-prohibio-el-ingreso-de-todos-los-periodistas-acreditados-a-la-casa-rosada\/#breadcrumb","itemListElement":[{"@type":"ListItem","position":1,"name":"Portada","item":"https:\/\/cvinoticias.com\/v3\/"},{"@type":"ListItem","position":2,"name":"El Gobierno nacional prohibi\u00f3 el ingreso de todos los periodistas acreditados a la Casa Rosada"}]},{"@type":"WebSite","@id":"https:\/\/cvinoticias.com\/v3\/#website","url":"https:\/\/cvinoticias.com\/v3\/","name":"CVI NOTICIAS","description":"","publisher":{"@id":"https:\/\/cvinoticias.com\/v3\/#organization"},"alternateName":"CVI","potentialAction":[{"@type":"SearchAction","target":{"@type":"EntryPoint","urlTemplate":"https:\/\/cvinoticias.com\/v3\/?s={search_term_string}"},"query-input":{"@type":"PropertyValueSpecification","valueRequired":true,"valueName":"search_term_string"}}],"inLanguage":"es"},{"@type":"Organization","@id":"https:\/\/cvinoticias.com\/v3\/#organization","name":"CVI NOTICIAS","url":"https:\/\/cvinoticias.com\/v3\/","logo":{"@type":"ImageObject","inLanguage":"es","@id":"https:\/\/cvinoticias.com\/v3\/#\/schema\/logo\/image\/","url":"https:\/\/cvinoticias.com\/wp-content\/uploads\/2023\/04\/cropped-cropped-cropped-cropped-cropped-3-1.png","contentUrl":"https:\/\/cvinoticias.com\/wp-content\/uploads\/2023\/04\/cropped-cropped-cropped-cropped-cropped-3-1.png","width":95,"height":122,"caption":"CVI NOTICIAS"},"image":{"@id":"https:\/\/cvinoticias.com\/v3\/#\/schema\/logo\/image\/"},"sameAs":["https:\/\/www.facebook.com\/cvinoticias","https:\/\/www.instagram.com\/cvinoticias\/","https:\/\/www.youtube.com\/@CVINOTICIAS"]},{"@type":"Person","@id":"https:\/\/cvinoticias.com\/v3\/#\/schema\/person\/2db77e3c6bc03c538495d7b2b8be9b66","name":"f1000024","image":{"@type":"ImageObject","inLanguage":"es","@id":"https:\/\/secure.gravatar.com\/avatar\/d4fe7459cfc51ff5129ce1a732bbef5928568b8092d412ef95611616376bbeed?s=96&d=mm&r=g","url":"https:\/\/secure.gravatar.com\/avatar\/d4fe7459cfc51ff5129ce1a732bbef5928568b8092d412ef95611616376bbeed?s=96&d=mm&r=g","contentUrl":"https:\/\/secure.gravatar.com\/avatar\/d4fe7459cfc51ff5129ce1a732bbef5928568b8092d412ef95611616376bbeed?s=96&d=mm&r=g","caption":"f1000024"},"url":"https:\/\/cvinoticias.com\/v3\/author\/f1000024\/"}]}},"_links":{"self":[{"href":"https:\/\/cvinoticias.com\/v3\/wp-json\/wp\/v2\/posts\/57317","targetHints":{"allow":["GET"]}}],"collection":[{"href":"https:\/\/cvinoticias.com\/v3\/wp-json\/wp\/v2\/posts"}],"about":[{"href":"https:\/\/cvinoticias.com\/v3\/wp-json\/wp\/v2\/types\/post"}],"author":[{"embeddable":true,"href":"https:\/\/cvinoticias.com\/v3\/wp-json\/wp\/v2\/users\/2"}],"replies":[{"embeddable":true,"href":"https:\/\/cvinoticias.com\/v3\/wp-json\/wp\/v2\/comments?post=57317"}],"version-history":[{"count":1,"href":"https:\/\/cvinoticias.com\/v3\/wp-json\/wp\/v2\/posts\/57317\/revisions"}],"predecessor-version":[{"id":57319,"href":"https:\/\/cvinoticias.com\/v3\/wp-json\/wp\/v2\/posts\/57317\/revisions\/57319"}],"wp:featuredmedia":[{"embeddable":true,"href":"https:\/\/cvinoticias.com\/v3\/wp-json\/wp\/v2\/media\/57318"}],"wp:attachment":[{"href":"https:\/\/cvinoticias.com\/v3\/wp-json\/wp\/v2\/media?parent=57317"}],"wp:term":[{"taxonomy":"category","embeddable":true,"href":"https:\/\/cvinoticias.com\/v3\/wp-json\/wp\/v2\/categories?post=57317"},{"taxonomy":"post_tag","embeddable":true,"href":"https:\/\/cvinoticias.com\/v3\/wp-json\/wp\/v2\/tags?post=57317"}],"curies":[{"name":"wp","href":"https:\/\/api.w.org\/{rel}","templated":true}]}}