{"id":57292,"date":"2026-04-23T09:03:49","date_gmt":"2026-04-23T12:03:49","guid":{"rendered":"https:\/\/cvinoticias.com\/v3\/?p=57292"},"modified":"2026-04-23T09:03:52","modified_gmt":"2026-04-23T12:03:52","slug":"prorrogaron-el-ahora-pan-a-un-precio-congelado-3","status":"publish","type":"post","link":"https:\/\/cvinoticias.com\/v3\/prorrogaron-el-ahora-pan-a-un-precio-congelado-3\/","title":{"rendered":"Prorrogaron el Ahora Pan a un precio congelado"},"content":{"rendered":"\n<p>El ministro de Hacienda de Misiones,\u00a0<strong>Adolfo Safr\u00e1n<\/strong>, anunci\u00f3 este jueves la pr\u00f3rroga del programa provincial\u00a0<strong>Ahora Pan<\/strong>\u00a0<strong>hasta el 15 de mayo de 2026<\/strong>. A trav\u00e9s de esta herramienta, el kilo de pan franc\u00e9s o similar seguir\u00e1 con un<strong>\u00a0valor de referencia de $2.500<\/strong>, un\u00a0costo que se mantiene desde septiembre\u00a0de 2025 en las panader\u00edas adheridas.<\/p>\n\n\n\n<p>Una vez que llegue la fecha, las condiciones del programa \u2014que&nbsp;ten\u00eda vigencia hasta el pasado mi\u00e9rcoles\u2014, ser\u00e1n revisados por el Gobierno provincial en conjunto con las c\u00e1maras del sector agrupadas en el Centro de Industriales Panaderos.<\/p>\n\n\n\n<p>Safr\u00e1n celebr\u00f3 el constante \u201cdi\u00e1logo permanente y un trabajo coordinado\u201d con las c\u00e1maras del sector para el sostenimiento de este programa \u201cque representa un beneficio directo para miles de familias\u201d.<\/p>\n\n\n\n<p>Y sostuvo que, con esta medida, \u201ccontin\u00faa favoreciendo el acceso a un alimento esencial a un valor mucho m\u00e1s bajo que el resto de las provincias, teniendo en cuenta que el valor promedio del kilo de pan en el pa\u00eds supera actualmente los $4.000\u201d. En este punto, recalc\u00f3 que en los \u00faltimos cinco meses ese precio de referencia se mantuvo estable, \u201cya que se registran solamente dos actualizaciones en su valor de referencia durante todo el periodo 2025\/2026\u201d.<\/p>\n\n\n\n<p>\u201cFrente al contexto econ\u00f3mico complicado que estamos atravesando, en Misiones seguimos fortaleciendo la articulaci\u00f3n entre los sectores p\u00fablico y privado como estrategia central para brindar previsibilidad a los sectores productivos y comerciales; y sobre todo llevar un alivio real al bolsillo de los hogares\u201d, reiter\u00f3.<\/p>\n\n\n\n<p>El listado de panader\u00edas y comercios adheridos en toda la Provincia est\u00e1 disponible en la web&nbsp;<a href=\"https:\/\/ahora.misiones.gob.ar\/#\/comerciosadheridos\/ahora-pan\" target=\"_blank\" rel=\"noreferrer noopener\">ahora.misiones.gob.ar<\/a>.<\/p>\n\n\n\n<figure class=\"wp-block-embed is-type-rich is-provider-twitter wp-block-embed-twitter\"><div class=\"wp-block-embed__wrapper\">\n<blockquote class=\"twitter-tweet\" data-width=\"550\" data-dnt=\"true\"><p lang=\"es\" dir=\"ltr\"><a href=\"https:\/\/twitter.com\/hashtag\/AhoraPan?src=hash&amp;ref_src=twsrc%5Etfw\">#AhoraPan<\/a> <a href=\"https:\/\/twitter.com\/hashtag\/Misiones?src=hash&amp;ref_src=twsrc%5Etfw\">#Misiones<\/a><br>EL PROGRAMA AHORA PAN CONTIN\u00daA SIN AUMENTOS HASTA EL 15 DE MAYO<br>Informamos a las familias misioneras que tras alcanzar un nuevo acuerdo con las c\u00e1maras del sector el programa <a href=\"https:\/\/twitter.com\/hashtag\/AhoraPan?src=hash&amp;ref_src=twsrc%5Etfw\">#AhoraPan<\/a> mantendr\u00e1 su precio m\u00e1ximo de hasta $2.500 por kilo sin modificaciones\u2026 <a href=\"https:\/\/t.co\/DQtb4drv3U\">pic.twitter.com\/DQtb4drv3U<\/a><\/p>&mdash; Adolfo Safr\u00e1n (@adolfosafran) <a href=\"https:\/\/twitter.com\/adolfosafran\/status\/2047255619694936408?ref_src=twsrc%5Etfw\">April 23, 2026<\/a><\/blockquote><script async src=\"https:\/\/platform.twitter.com\/widgets.js\" charset=\"utf-8\"><\/script>\n<\/div><\/figure>\n\n\n\n<p>Fuente: Canal 12 Misiones<\/p>\n","protected":false},"excerpt":{"rendered":"<p>El ministro de Hacienda de Misiones,\u00a0Adolfo Safr\u00e1n, anunci\u00f3 este jueves la pr\u00f3rroga del programa provincial\u00a0Ahora Pan\u00a0hasta el 15 de mayo de 2026. A trav\u00e9s de esta herramienta, el kilo de pan franc\u00e9s o similar seguir\u00e1 con un\u00a0valor de referencia de $2.500, un\u00a0costo que se mantiene desde septiembre\u00a0de 2025 en las panader\u00edas adheridas. Una vez que [&hellip;]<\/p>\n","protected":false},"author":2,"featured_media":57293,"comment_status":"open","ping_status":"closed","sticky":false,"template":"","format":"standard","meta":{"footnotes":""},"categories":[455],"tags":[943,1019,5792,570,4798],"class_list":["post-57292","post","type-post","status-publish","format-standard","has-post-thumbnail","hentry","category-misiones","tag-ahora","tag-aumentos","tag-congelado","tag-pan","tag-precio"],"yoast_head":"<!-- This site is optimized with the Yoast SEO plugin v27.4 - https:\/\/yoast.com\/product\/yoast-seo-wordpress\/ -->\n<title>Prorrogaron el Ahora Pan a un precio congelado | CVI NOTICIAS<\/title>\n<meta name=\"robots\" content=\"index, follow, max-snippet:-1, max-image-preview:large, max-video-preview:-1\" \/>\n<link rel=\"canonical\" href=\"https:\/\/cvinoticias.com\/v3\/prorrogaron-el-ahora-pan-a-un-precio-congelado-3\/\" \/>\n<meta property=\"og:locale\" content=\"es_ES\" \/>\n<meta property=\"og:type\" content=\"article\" \/>\n<meta property=\"og:title\" content=\"Prorrogaron el Ahora Pan a un precio congelado | CVI NOTICIAS\" \/>\n<meta property=\"og:description\" content=\"El ministro de Hacienda de Misiones,\u00a0Adolfo Safr\u00e1n, anunci\u00f3 este jueves la pr\u00f3rroga del programa provincial\u00a0Ahora Pan\u00a0hasta el 15 de mayo de 2026. A trav\u00e9s de esta herramienta, el kilo de pan franc\u00e9s o similar seguir\u00e1 con un\u00a0valor de referencia de $2.500, un\u00a0costo que se mantiene desde septiembre\u00a0de 2025 en las panader\u00edas adheridas. Una vez que [&hellip;]\" \/>\n<meta property=\"og:url\" content=\"https:\/\/cvinoticias.com\/v3\/prorrogaron-el-ahora-pan-a-un-precio-congelado-3\/\" \/>\n<meta property=\"og:site_name\" content=\"CVI NOTICIAS\" \/>\n<meta property=\"article:publisher\" content=\"https:\/\/www.facebook.com\/cvinoticias\" \/>\n<meta property=\"article:published_time\" content=\"2026-04-23T12:03:49+00:00\" \/>\n<meta property=\"article:modified_time\" content=\"2026-04-23T12:03:52+00:00\" \/>\n<meta property=\"og:image\" content=\"https:\/\/cvinoticias.com\/wp-content\/uploads\/2026\/04\/20180917105147_pann.jpg\" \/>\n\t<meta property=\"og:image:width\" content=\"1200\" \/>\n\t<meta property=\"og:image:height\" content=\"685\" \/>\n\t<meta property=\"og:image:type\" content=\"image\/jpeg\" \/>\n<meta name=\"author\" content=\"f1000024\" \/>\n<meta name=\"twitter:card\" content=\"summary_large_image\" \/>\n<meta name=\"twitter:label1\" content=\"Escrito por\" \/>\n\t<meta name=\"twitter:data1\" content=\"f1000024\" \/>\n\t<meta name=\"twitter:label2\" content=\"Tiempo de lectura\" \/>\n\t<meta name=\"twitter:data2\" content=\"2 minutos\" \/>\n<script type=\"application\/ld+json\" class=\"yoast-schema-graph\">{\"@context\":\"https:\\\/\\\/schema.org\",\"@graph\":[{\"@type\":\"Article\",\"@id\":\"https:\\\/\\\/cvinoticias.com\\\/v3\\\/prorrogaron-el-ahora-pan-a-un-precio-congelado-3\\\/#article\",\"isPartOf\":{\"@id\":\"https:\\\/\\\/cvinoticias.com\\\/v3\\\/prorrogaron-el-ahora-pan-a-un-precio-congelado-3\\\/\"},\"author\":{\"name\":\"f1000024\",\"@id\":\"https:\\\/\\\/cvinoticias.com\\\/v3\\\/#\\\/schema\\\/person\\\/2db77e3c6bc03c538495d7b2b8be9b66\"},\"headline\":\"Prorrogaron el Ahora Pan a un precio congelado\",\"datePublished\":\"2026-04-23T12:03:49+00:00\",\"dateModified\":\"2026-04-23T12:03:52+00:00\",\"mainEntityOfPage\":{\"@id\":\"https:\\\/\\\/cvinoticias.com\\\/v3\\\/prorrogaron-el-ahora-pan-a-un-precio-congelado-3\\\/\"},\"wordCount\":300,\"commentCount\":0,\"publisher\":{\"@id\":\"https:\\\/\\\/cvinoticias.com\\\/v3\\\/#organization\"},\"image\":{\"@id\":\"https:\\\/\\\/cvinoticias.com\\\/v3\\\/prorrogaron-el-ahora-pan-a-un-precio-congelado-3\\\/#primaryimage\"},\"thumbnailUrl\":\"https:\\\/\\\/cvinoticias.com\\\/wp-content\\\/uploads\\\/2026\\\/04\\\/20180917105147_pann.jpg\",\"keywords\":[\"Ahora\",\"Aumentos\",\"congelado\",\"Pan\",\"precio\"],\"articleSection\":[\"Misiones\"],\"inLanguage\":\"es\",\"potentialAction\":[{\"@type\":\"CommentAction\",\"name\":\"Comment\",\"target\":[\"https:\\\/\\\/cvinoticias.com\\\/v3\\\/prorrogaron-el-ahora-pan-a-un-precio-congelado-3\\\/#respond\"]}]},{\"@type\":\"WebPage\",\"@id\":\"https:\\\/\\\/cvinoticias.com\\\/v3\\\/prorrogaron-el-ahora-pan-a-un-precio-congelado-3\\\/\",\"url\":\"https:\\\/\\\/cvinoticias.com\\\/v3\\\/prorrogaron-el-ahora-pan-a-un-precio-congelado-3\\\/\",\"name\":\"Prorrogaron el Ahora Pan a un precio congelado | CVI NOTICIAS\",\"isPartOf\":{\"@id\":\"https:\\\/\\\/cvinoticias.com\\\/v3\\\/#website\"},\"primaryImageOfPage\":{\"@id\":\"https:\\\/\\\/cvinoticias.com\\\/v3\\\/prorrogaron-el-ahora-pan-a-un-precio-congelado-3\\\/#primaryimage\"},\"image\":{\"@id\":\"https:\\\/\\\/cvinoticias.com\\\/v3\\\/prorrogaron-el-ahora-pan-a-un-precio-congelado-3\\\/#primaryimage\"},\"thumbnailUrl\":\"https:\\\/\\\/cvinoticias.com\\\/wp-content\\\/uploads\\\/2026\\\/04\\\/20180917105147_pann.jpg\",\"datePublished\":\"2026-04-23T12:03:49+00:00\",\"dateModified\":\"2026-04-23T12:03:52+00:00\",\"breadcrumb\":{\"@id\":\"https:\\\/\\\/cvinoticias.com\\\/v3\\\/prorrogaron-el-ahora-pan-a-un-precio-congelado-3\\\/#breadcrumb\"},\"inLanguage\":\"es\",\"potentialAction\":[{\"@type\":\"ReadAction\",\"target\":[\"https:\\\/\\\/cvinoticias.com\\\/v3\\\/prorrogaron-el-ahora-pan-a-un-precio-congelado-3\\\/\"]}]},{\"@type\":\"ImageObject\",\"inLanguage\":\"es\",\"@id\":\"https:\\\/\\\/cvinoticias.com\\\/v3\\\/prorrogaron-el-ahora-pan-a-un-precio-congelado-3\\\/#primaryimage\",\"url\":\"https:\\\/\\\/cvinoticias.com\\\/wp-content\\\/uploads\\\/2026\\\/04\\\/20180917105147_pann.jpg\",\"contentUrl\":\"https:\\\/\\\/cvinoticias.com\\\/wp-content\\\/uploads\\\/2026\\\/04\\\/20180917105147_pann.jpg\",\"width\":1200,\"height\":685},{\"@type\":\"BreadcrumbList\",\"@id\":\"https:\\\/\\\/cvinoticias.com\\\/v3\\\/prorrogaron-el-ahora-pan-a-un-precio-congelado-3\\\/#breadcrumb\",\"itemListElement\":[{\"@type\":\"ListItem\",\"position\":1,\"name\":\"Portada\",\"item\":\"https:\\\/\\\/cvinoticias.com\\\/v3\\\/\"},{\"@type\":\"ListItem\",\"position\":2,\"name\":\"Prorrogaron el Ahora Pan a un precio congelado\"}]},{\"@type\":\"WebSite\",\"@id\":\"https:\\\/\\\/cvinoticias.com\\\/v3\\\/#website\",\"url\":\"https:\\\/\\\/cvinoticias.com\\\/v3\\\/\",\"name\":\"CVI NOTICIAS\",\"description\":\"\",\"publisher\":{\"@id\":\"https:\\\/\\\/cvinoticias.com\\\/v3\\\/#organization\"},\"alternateName\":\"CVI\",\"potentialAction\":[{\"@type\":\"SearchAction\",\"target\":{\"@type\":\"EntryPoint\",\"urlTemplate\":\"https:\\\/\\\/cvinoticias.com\\\/v3\\\/?s={search_term_string}\"},\"query-input\":{\"@type\":\"PropertyValueSpecification\",\"valueRequired\":true,\"valueName\":\"search_term_string\"}}],\"inLanguage\":\"es\"},{\"@type\":\"Organization\",\"@id\":\"https:\\\/\\\/cvinoticias.com\\\/v3\\\/#organization\",\"name\":\"CVI NOTICIAS\",\"url\":\"https:\\\/\\\/cvinoticias.com\\\/v3\\\/\",\"logo\":{\"@type\":\"ImageObject\",\"inLanguage\":\"es\",\"@id\":\"https:\\\/\\\/cvinoticias.com\\\/v3\\\/#\\\/schema\\\/logo\\\/image\\\/\",\"url\":\"https:\\\/\\\/cvinoticias.com\\\/wp-content\\\/uploads\\\/2023\\\/04\\\/cropped-cropped-cropped-cropped-cropped-3-1.png\",\"contentUrl\":\"https:\\\/\\\/cvinoticias.com\\\/wp-content\\\/uploads\\\/2023\\\/04\\\/cropped-cropped-cropped-cropped-cropped-3-1.png\",\"width\":95,\"height\":122,\"caption\":\"CVI NOTICIAS\"},\"image\":{\"@id\":\"https:\\\/\\\/cvinoticias.com\\\/v3\\\/#\\\/schema\\\/logo\\\/image\\\/\"},\"sameAs\":[\"https:\\\/\\\/www.facebook.com\\\/cvinoticias\",\"https:\\\/\\\/www.instagram.com\\\/cvinoticias\\\/\",\"https:\\\/\\\/www.youtube.com\\\/@CVINOTICIAS\"]},{\"@type\":\"Person\",\"@id\":\"https:\\\/\\\/cvinoticias.com\\\/v3\\\/#\\\/schema\\\/person\\\/2db77e3c6bc03c538495d7b2b8be9b66\",\"name\":\"f1000024\",\"image\":{\"@type\":\"ImageObject\",\"inLanguage\":\"es\",\"@id\":\"https:\\\/\\\/secure.gravatar.com\\\/avatar\\\/d4fe7459cfc51ff5129ce1a732bbef5928568b8092d412ef95611616376bbeed?s=96&d=mm&r=g\",\"url\":\"https:\\\/\\\/secure.gravatar.com\\\/avatar\\\/d4fe7459cfc51ff5129ce1a732bbef5928568b8092d412ef95611616376bbeed?s=96&d=mm&r=g\",\"contentUrl\":\"https:\\\/\\\/secure.gravatar.com\\\/avatar\\\/d4fe7459cfc51ff5129ce1a732bbef5928568b8092d412ef95611616376bbeed?s=96&d=mm&r=g\",\"caption\":\"f1000024\"},\"url\":\"https:\\\/\\\/cvinoticias.com\\\/v3\\\/author\\\/f1000024\\\/\"}]}<\/script>\n<!-- \/ Yoast SEO plugin. -->","yoast_head_json":{"title":"Prorrogaron el Ahora Pan a un precio congelado | CVI NOTICIAS","robots":{"index":"index","follow":"follow","max-snippet":"max-snippet:-1","max-image-preview":"max-image-preview:large","max-video-preview":"max-video-preview:-1"},"canonical":"https:\/\/cvinoticias.com\/v3\/prorrogaron-el-ahora-pan-a-un-precio-congelado-3\/","og_locale":"es_ES","og_type":"article","og_title":"Prorrogaron el Ahora Pan a un precio congelado | CVI NOTICIAS","og_description":"El ministro de Hacienda de Misiones,\u00a0Adolfo Safr\u00e1n, anunci\u00f3 este jueves la pr\u00f3rroga del programa provincial\u00a0Ahora Pan\u00a0hasta el 15 de mayo de 2026. A trav\u00e9s de esta herramienta, el kilo de pan franc\u00e9s o similar seguir\u00e1 con un\u00a0valor de referencia de $2.500, un\u00a0costo que se mantiene desde septiembre\u00a0de 2025 en las panader\u00edas adheridas. Una vez que [&hellip;]","og_url":"https:\/\/cvinoticias.com\/v3\/prorrogaron-el-ahora-pan-a-un-precio-congelado-3\/","og_site_name":"CVI NOTICIAS","article_publisher":"https:\/\/www.facebook.com\/cvinoticias","article_published_time":"2026-04-23T12:03:49+00:00","article_modified_time":"2026-04-23T12:03:52+00:00","og_image":[{"width":1200,"height":685,"url":"https:\/\/cvinoticias.com\/wp-content\/uploads\/2026\/04\/20180917105147_pann.jpg","type":"image\/jpeg"}],"author":"f1000024","twitter_card":"summary_large_image","twitter_misc":{"Escrito por":"f1000024","Tiempo de lectura":"2 minutos"},"schema":{"@context":"https:\/\/schema.org","@graph":[{"@type":"Article","@id":"https:\/\/cvinoticias.com\/v3\/prorrogaron-el-ahora-pan-a-un-precio-congelado-3\/#article","isPartOf":{"@id":"https:\/\/cvinoticias.com\/v3\/prorrogaron-el-ahora-pan-a-un-precio-congelado-3\/"},"author":{"name":"f1000024","@id":"https:\/\/cvinoticias.com\/v3\/#\/schema\/person\/2db77e3c6bc03c538495d7b2b8be9b66"},"headline":"Prorrogaron el Ahora Pan a un precio congelado","datePublished":"2026-04-23T12:03:49+00:00","dateModified":"2026-04-23T12:03:52+00:00","mainEntityOfPage":{"@id":"https:\/\/cvinoticias.com\/v3\/prorrogaron-el-ahora-pan-a-un-precio-congelado-3\/"},"wordCount":300,"commentCount":0,"publisher":{"@id":"https:\/\/cvinoticias.com\/v3\/#organization"},"image":{"@id":"https:\/\/cvinoticias.com\/v3\/prorrogaron-el-ahora-pan-a-un-precio-congelado-3\/#primaryimage"},"thumbnailUrl":"https:\/\/cvinoticias.com\/wp-content\/uploads\/2026\/04\/20180917105147_pann.jpg","keywords":["Ahora","Aumentos","congelado","Pan","precio"],"articleSection":["Misiones"],"inLanguage":"es","potentialAction":[{"@type":"CommentAction","name":"Comment","target":["https:\/\/cvinoticias.com\/v3\/prorrogaron-el-ahora-pan-a-un-precio-congelado-3\/#respond"]}]},{"@type":"WebPage","@id":"https:\/\/cvinoticias.com\/v3\/prorrogaron-el-ahora-pan-a-un-precio-congelado-3\/","url":"https:\/\/cvinoticias.com\/v3\/prorrogaron-el-ahora-pan-a-un-precio-congelado-3\/","name":"Prorrogaron el Ahora Pan a un precio congelado | CVI NOTICIAS","isPartOf":{"@id":"https:\/\/cvinoticias.com\/v3\/#website"},"primaryImageOfPage":{"@id":"https:\/\/cvinoticias.com\/v3\/prorrogaron-el-ahora-pan-a-un-precio-congelado-3\/#primaryimage"},"image":{"@id":"https:\/\/cvinoticias.com\/v3\/prorrogaron-el-ahora-pan-a-un-precio-congelado-3\/#primaryimage"},"thumbnailUrl":"https:\/\/cvinoticias.com\/wp-content\/uploads\/2026\/04\/20180917105147_pann.jpg","datePublished":"2026-04-23T12:03:49+00:00","dateModified":"2026-04-23T12:03:52+00:00","breadcrumb":{"@id":"https:\/\/cvinoticias.com\/v3\/prorrogaron-el-ahora-pan-a-un-precio-congelado-3\/#breadcrumb"},"inLanguage":"es","potentialAction":[{"@type":"ReadAction","target":["https:\/\/cvinoticias.com\/v3\/prorrogaron-el-ahora-pan-a-un-precio-congelado-3\/"]}]},{"@type":"ImageObject","inLanguage":"es","@id":"https:\/\/cvinoticias.com\/v3\/prorrogaron-el-ahora-pan-a-un-precio-congelado-3\/#primaryimage","url":"https:\/\/cvinoticias.com\/wp-content\/uploads\/2026\/04\/20180917105147_pann.jpg","contentUrl":"https:\/\/cvinoticias.com\/wp-content\/uploads\/2026\/04\/20180917105147_pann.jpg","width":1200,"height":685},{"@type":"BreadcrumbList","@id":"https:\/\/cvinoticias.com\/v3\/prorrogaron-el-ahora-pan-a-un-precio-congelado-3\/#breadcrumb","itemListElement":[{"@type":"ListItem","position":1,"name":"Portada","item":"https:\/\/cvinoticias.com\/v3\/"},{"@type":"ListItem","position":2,"name":"Prorrogaron el Ahora Pan a un precio congelado"}]},{"@type":"WebSite","@id":"https:\/\/cvinoticias.com\/v3\/#website","url":"https:\/\/cvinoticias.com\/v3\/","name":"CVI NOTICIAS","description":"","publisher":{"@id":"https:\/\/cvinoticias.com\/v3\/#organization"},"alternateName":"CVI","potentialAction":[{"@type":"SearchAction","target":{"@type":"EntryPoint","urlTemplate":"https:\/\/cvinoticias.com\/v3\/?s={search_term_string}"},"query-input":{"@type":"PropertyValueSpecification","valueRequired":true,"valueName":"search_term_string"}}],"inLanguage":"es"},{"@type":"Organization","@id":"https:\/\/cvinoticias.com\/v3\/#organization","name":"CVI NOTICIAS","url":"https:\/\/cvinoticias.com\/v3\/","logo":{"@type":"ImageObject","inLanguage":"es","@id":"https:\/\/cvinoticias.com\/v3\/#\/schema\/logo\/image\/","url":"https:\/\/cvinoticias.com\/wp-content\/uploads\/2023\/04\/cropped-cropped-cropped-cropped-cropped-3-1.png","contentUrl":"https:\/\/cvinoticias.com\/wp-content\/uploads\/2023\/04\/cropped-cropped-cropped-cropped-cropped-3-1.png","width":95,"height":122,"caption":"CVI NOTICIAS"},"image":{"@id":"https:\/\/cvinoticias.com\/v3\/#\/schema\/logo\/image\/"},"sameAs":["https:\/\/www.facebook.com\/cvinoticias","https:\/\/www.instagram.com\/cvinoticias\/","https:\/\/www.youtube.com\/@CVINOTICIAS"]},{"@type":"Person","@id":"https:\/\/cvinoticias.com\/v3\/#\/schema\/person\/2db77e3c6bc03c538495d7b2b8be9b66","name":"f1000024","image":{"@type":"ImageObject","inLanguage":"es","@id":"https:\/\/secure.gravatar.com\/avatar\/d4fe7459cfc51ff5129ce1a732bbef5928568b8092d412ef95611616376bbeed?s=96&d=mm&r=g","url":"https:\/\/secure.gravatar.com\/avatar\/d4fe7459cfc51ff5129ce1a732bbef5928568b8092d412ef95611616376bbeed?s=96&d=mm&r=g","contentUrl":"https:\/\/secure.gravatar.com\/avatar\/d4fe7459cfc51ff5129ce1a732bbef5928568b8092d412ef95611616376bbeed?s=96&d=mm&r=g","caption":"f1000024"},"url":"https:\/\/cvinoticias.com\/v3\/author\/f1000024\/"}]}},"_links":{"self":[{"href":"https:\/\/cvinoticias.com\/v3\/wp-json\/wp\/v2\/posts\/57292","targetHints":{"allow":["GET"]}}],"collection":[{"href":"https:\/\/cvinoticias.com\/v3\/wp-json\/wp\/v2\/posts"}],"about":[{"href":"https:\/\/cvinoticias.com\/v3\/wp-json\/wp\/v2\/types\/post"}],"author":[{"embeddable":true,"href":"https:\/\/cvinoticias.com\/v3\/wp-json\/wp\/v2\/users\/2"}],"replies":[{"embeddable":true,"href":"https:\/\/cvinoticias.com\/v3\/wp-json\/wp\/v2\/comments?post=57292"}],"version-history":[{"count":1,"href":"https:\/\/cvinoticias.com\/v3\/wp-json\/wp\/v2\/posts\/57292\/revisions"}],"predecessor-version":[{"id":57294,"href":"https:\/\/cvinoticias.com\/v3\/wp-json\/wp\/v2\/posts\/57292\/revisions\/57294"}],"wp:featuredmedia":[{"embeddable":true,"href":"https:\/\/cvinoticias.com\/v3\/wp-json\/wp\/v2\/media\/57293"}],"wp:attachment":[{"href":"https:\/\/cvinoticias.com\/v3\/wp-json\/wp\/v2\/media?parent=57292"}],"wp:term":[{"taxonomy":"category","embeddable":true,"href":"https:\/\/cvinoticias.com\/v3\/wp-json\/wp\/v2\/categories?post=57292"},{"taxonomy":"post_tag","embeddable":true,"href":"https:\/\/cvinoticias.com\/v3\/wp-json\/wp\/v2\/tags?post=57292"}],"curies":[{"name":"wp","href":"https:\/\/api.w.org\/{rel}","templated":true}]}}