{"id":57260,"date":"2026-04-22T14:35:13","date_gmt":"2026-04-22T17:35:13","guid":{"rendered":"https:\/\/cvinoticias.com\/v3\/?p=57260"},"modified":"2026-04-23T08:25:32","modified_gmt":"2026-04-23T11:25:32","slug":"el-destino-iguazu-consolido-su-participacion-en-el-forbes-paraguay-connect-summit","status":"publish","type":"post","link":"https:\/\/cvinoticias.com\/v3\/el-destino-iguazu-consolido-su-participacion-en-el-forbes-paraguay-connect-summit\/","title":{"rendered":"El Destino Iguaz\u00fa Consolid\u00f3 su Participaci\u00f3n en el Forbes Paraguay Connect Summit"},"content":{"rendered":"\n<p>El destino Iguaz\u00fa contin\u00faa consolidando su liderazgo como destino internacional, esta vez con una destacada participaci\u00f3n en el Forbes Paraguay Connect Summit. El evento, realizado en Ciudad del Este, reuni\u00f3 a l\u00edderes de negocios y referentes del sector p\u00fablico y privado de la regi\u00f3n, donde el presidente del ITUREM, Leopoldo Lucas, represent\u00f3 a nuestra ciudad en un panel de alto nivel junto al gobernador de Alto Paran\u00e1 y el intendente de Ciudad del Este, Daniel Mujica.<\/p>\n\n\n\n<figure class=\"wp-block-image size-large\"><a href=\"https:\/\/cvinoticias.com\/wp-content\/uploads\/2026\/04\/78fc5935-d7b3-4b7b-a485-d1d78aa98935.jpeg\"><img decoding=\"async\" width=\"768\" height=\"1024\" data-src=\"https:\/\/cvinoticias.com\/wp-content\/uploads\/2026\/04\/78fc5935-d7b3-4b7b-a485-d1d78aa98935-768x1024.jpeg\" alt=\"\" class=\"wp-image-57263 lazyload\" data-srcset=\"https:\/\/cvinoticias.com\/wp-content\/uploads\/2026\/04\/78fc5935-d7b3-4b7b-a485-d1d78aa98935-768x1024.jpeg 768w, https:\/\/cvinoticias.com\/wp-content\/uploads\/2026\/04\/78fc5935-d7b3-4b7b-a485-d1d78aa98935-225x300.jpeg 225w, https:\/\/cvinoticias.com\/wp-content\/uploads\/2026\/04\/78fc5935-d7b3-4b7b-a485-d1d78aa98935.jpeg 960w\" data-sizes=\"(max-width: 768px) 100vw, 768px\" src=\"data:image\/svg+xml;base64,PHN2ZyB3aWR0aD0iMSIgaGVpZ2h0PSIxIiB4bWxucz0iaHR0cDovL3d3dy53My5vcmcvMjAwMC9zdmciPjwvc3ZnPg==\" style=\"--smush-placeholder-width: 768px; --smush-placeholder-aspect-ratio: 768\/1024;\" \/><\/a><\/figure>\n\n\n\n<p>\u200bDurante el encuentro, los mandatarios y referentes compartieron las estrategias de trabajo p\u00fablico-privado que llevan adelante para fortalecer la promoci\u00f3n tur\u00edstica regional. Para el presidente del Ente Municipal de Turismo, esta participaci\u00f3n tiene un valor estrat\u00e9gico fundamental: \u00abDesde la mirada internacional somos un gran destino. Aportamos sustentabilidad, naturaleza y biodiversidad; servicios que permiten disfrutar de la selva misionera, una gastronom\u00eda maravillosa y actividades incre\u00edbles\u00bb, sostuvo en di\u00e1logo con CVI Noticias.<\/p>\n\n\n\n<p>\u200bEl titular del ITUREM hizo especial hincapi\u00e9 en la integraci\u00f3n de Argentina, Brasil y Paraguay como un bloque tur\u00edstico s\u00f3lido. La visi\u00f3n compartida entre los tres pa\u00edses permite generar un corredor tur\u00edstico donde la oferta de cada ciudad se complementa para atraer a viajeros de todo el mundo.<br>\u200b\u00bbPara nosotros es de un gran valor participar en estos foros porque nos permite mostrar el modelo de desarrollo sustentable que llevamos adelante\u00bb, concluy\u00f3.<\/p>\n\n\n\n<figure class=\"wp-block-image size-large\"><a href=\"https:\/\/cvinoticias.com\/wp-content\/uploads\/2026\/04\/c9f1c1bf-adb0-4dc9-9639-0292c9884d5b.jpeg\"><img decoding=\"async\" width=\"768\" height=\"1024\" data-src=\"https:\/\/cvinoticias.com\/wp-content\/uploads\/2026\/04\/c9f1c1bf-adb0-4dc9-9639-0292c9884d5b-768x1024.jpeg\" alt=\"\" class=\"wp-image-57264 lazyload\" data-srcset=\"https:\/\/cvinoticias.com\/wp-content\/uploads\/2026\/04\/c9f1c1bf-adb0-4dc9-9639-0292c9884d5b-768x1024.jpeg 768w, https:\/\/cvinoticias.com\/wp-content\/uploads\/2026\/04\/c9f1c1bf-adb0-4dc9-9639-0292c9884d5b-225x300.jpeg 225w, https:\/\/cvinoticias.com\/wp-content\/uploads\/2026\/04\/c9f1c1bf-adb0-4dc9-9639-0292c9884d5b.jpeg 960w\" data-sizes=\"(max-width: 768px) 100vw, 768px\" src=\"data:image\/svg+xml;base64,PHN2ZyB3aWR0aD0iMSIgaGVpZ2h0PSIxIiB4bWxucz0iaHR0cDovL3d3dy53My5vcmcvMjAwMC9zdmciPjwvc3ZnPg==\" style=\"--smush-placeholder-width: 768px; --smush-placeholder-aspect-ratio: 768\/1024;\" \/><\/a><\/figure>\n\n\n\n<p>Entrevista con: Leopoldo Lucas (Pdte. ITUREM)<\/p>\n","protected":false},"excerpt":{"rendered":"<p>El destino Iguaz\u00fa contin\u00faa consolidando su liderazgo como destino internacional, esta vez con una destacada participaci\u00f3n en el Forbes Paraguay Connect Summit. El evento, realizado en Ciudad del Este, reuni\u00f3 a l\u00edderes de negocios y referentes del sector p\u00fablico y privado de la regi\u00f3n, donde el presidente del ITUREM, Leopoldo Lucas, represent\u00f3 a nuestra ciudad [&hellip;]<\/p>\n","protected":false},"author":2,"featured_media":57265,"comment_status":"open","ping_status":"closed","sticky":false,"template":"","format":"standard","meta":{"footnotes":""},"categories":[50],"tags":[74,1634,5782,313,595],"class_list":["post-57260","post","type-post","status-publish","format-standard","has-post-thumbnail","hentry","category-turismo","tag-cataratas","tag-destino","tag-forbes","tag-iguazu","tag-paraguay"],"yoast_head":"<!-- This site is optimized with the Yoast SEO plugin v27.5 - https:\/\/yoast.com\/product\/yoast-seo-wordpress\/ -->\n<title>Iguaz\u00fa se destac\u00f3 en el Forbes Paraguay Connect Summit | CVI NOTICIAS<\/title>\n<meta name=\"description\" content=\"El destino Iguaz\u00fa particip\u00f3 en un evento internacional y reforz\u00f3 su posicionamiento tur\u00edstico en la regi\u00f3n.\" \/>\n<meta name=\"robots\" content=\"index, follow, max-snippet:-1, max-image-preview:large, max-video-preview:-1\" \/>\n<link rel=\"canonical\" href=\"https:\/\/cvinoticias.com\/v3\/el-destino-iguazu-consolido-su-participacion-en-el-forbes-paraguay-connect-summit\/\" \/>\n<meta property=\"og:locale\" content=\"es_ES\" \/>\n<meta property=\"og:type\" content=\"article\" \/>\n<meta property=\"og:title\" content=\"Iguaz\u00fa se destac\u00f3 en el Forbes Paraguay Connect Summit | CVI NOTICIAS\" \/>\n<meta property=\"og:description\" content=\"El destino Iguaz\u00fa particip\u00f3 en un evento internacional y reforz\u00f3 su posicionamiento tur\u00edstico en la regi\u00f3n.\" \/>\n<meta property=\"og:url\" content=\"https:\/\/cvinoticias.com\/v3\/el-destino-iguazu-consolido-su-participacion-en-el-forbes-paraguay-connect-summit\/\" \/>\n<meta property=\"og:site_name\" content=\"CVI NOTICIAS\" \/>\n<meta property=\"article:publisher\" content=\"https:\/\/www.facebook.com\/cvinoticias\" \/>\n<meta property=\"article:published_time\" content=\"2026-04-22T17:35:13+00:00\" \/>\n<meta property=\"article:modified_time\" content=\"2026-04-23T11:25:32+00:00\" \/>\n<meta property=\"og:image\" content=\"https:\/\/cvinoticias.com\/wp-content\/uploads\/2026\/04\/a8b8d0b3-50e9-4983-9c16-d982a9f52475.jpeg\" \/>\n\t<meta property=\"og:image:width\" content=\"1280\" \/>\n\t<meta property=\"og:image:height\" content=\"720\" \/>\n\t<meta property=\"og:image:type\" content=\"image\/jpeg\" \/>\n<meta name=\"author\" content=\"f1000024\" \/>\n<meta name=\"twitter:card\" content=\"summary_large_image\" \/>\n<meta name=\"twitter:label1\" content=\"Escrito por\" \/>\n\t<meta name=\"twitter:data1\" content=\"f1000024\" \/>\n\t<meta name=\"twitter:label2\" content=\"Tiempo de lectura\" \/>\n\t<meta name=\"twitter:data2\" content=\"2 minutos\" \/>\n<script type=\"application\/ld+json\" class=\"yoast-schema-graph\">{\"@context\":\"https:\\\/\\\/schema.org\",\"@graph\":[{\"@type\":\"Article\",\"@id\":\"https:\\\/\\\/cvinoticias.com\\\/v3\\\/el-destino-iguazu-consolido-su-participacion-en-el-forbes-paraguay-connect-summit\\\/#article\",\"isPartOf\":{\"@id\":\"https:\\\/\\\/cvinoticias.com\\\/v3\\\/el-destino-iguazu-consolido-su-participacion-en-el-forbes-paraguay-connect-summit\\\/\"},\"author\":{\"name\":\"f1000024\",\"@id\":\"https:\\\/\\\/cvinoticias.com\\\/v3\\\/#\\\/schema\\\/person\\\/2db77e3c6bc03c538495d7b2b8be9b66\"},\"headline\":\"El Destino Iguaz\u00fa Consolid\u00f3 su Participaci\u00f3n en el Forbes Paraguay Connect Summit\",\"datePublished\":\"2026-04-22T17:35:13+00:00\",\"dateModified\":\"2026-04-23T11:25:32+00:00\",\"mainEntityOfPage\":{\"@id\":\"https:\\\/\\\/cvinoticias.com\\\/v3\\\/el-destino-iguazu-consolido-su-participacion-en-el-forbes-paraguay-connect-summit\\\/\"},\"wordCount\":256,\"commentCount\":0,\"publisher\":{\"@id\":\"https:\\\/\\\/cvinoticias.com\\\/v3\\\/#organization\"},\"image\":{\"@id\":\"https:\\\/\\\/cvinoticias.com\\\/v3\\\/el-destino-iguazu-consolido-su-participacion-en-el-forbes-paraguay-connect-summit\\\/#primaryimage\"},\"thumbnailUrl\":\"https:\\\/\\\/cvinoticias.com\\\/wp-content\\\/uploads\\\/2026\\\/04\\\/a8b8d0b3-50e9-4983-9c16-d982a9f52475.jpeg\",\"keywords\":[\"cataratas\",\"destino\",\"Forbes\",\"Iguaz\u00fa\",\"Paraguay\"],\"articleSection\":[\"Turismo\"],\"inLanguage\":\"es\",\"potentialAction\":[{\"@type\":\"CommentAction\",\"name\":\"Comment\",\"target\":[\"https:\\\/\\\/cvinoticias.com\\\/v3\\\/el-destino-iguazu-consolido-su-participacion-en-el-forbes-paraguay-connect-summit\\\/#respond\"]}]},{\"@type\":\"WebPage\",\"@id\":\"https:\\\/\\\/cvinoticias.com\\\/v3\\\/el-destino-iguazu-consolido-su-participacion-en-el-forbes-paraguay-connect-summit\\\/\",\"url\":\"https:\\\/\\\/cvinoticias.com\\\/v3\\\/el-destino-iguazu-consolido-su-participacion-en-el-forbes-paraguay-connect-summit\\\/\",\"name\":\"Iguaz\u00fa se destac\u00f3 en el Forbes Paraguay Connect Summit | CVI NOTICIAS\",\"isPartOf\":{\"@id\":\"https:\\\/\\\/cvinoticias.com\\\/v3\\\/#website\"},\"primaryImageOfPage\":{\"@id\":\"https:\\\/\\\/cvinoticias.com\\\/v3\\\/el-destino-iguazu-consolido-su-participacion-en-el-forbes-paraguay-connect-summit\\\/#primaryimage\"},\"image\":{\"@id\":\"https:\\\/\\\/cvinoticias.com\\\/v3\\\/el-destino-iguazu-consolido-su-participacion-en-el-forbes-paraguay-connect-summit\\\/#primaryimage\"},\"thumbnailUrl\":\"https:\\\/\\\/cvinoticias.com\\\/wp-content\\\/uploads\\\/2026\\\/04\\\/a8b8d0b3-50e9-4983-9c16-d982a9f52475.jpeg\",\"datePublished\":\"2026-04-22T17:35:13+00:00\",\"dateModified\":\"2026-04-23T11:25:32+00:00\",\"description\":\"El destino Iguaz\u00fa particip\u00f3 en un evento internacional y reforz\u00f3 su posicionamiento tur\u00edstico en la regi\u00f3n.\",\"breadcrumb\":{\"@id\":\"https:\\\/\\\/cvinoticias.com\\\/v3\\\/el-destino-iguazu-consolido-su-participacion-en-el-forbes-paraguay-connect-summit\\\/#breadcrumb\"},\"inLanguage\":\"es\",\"potentialAction\":[{\"@type\":\"ReadAction\",\"target\":[\"https:\\\/\\\/cvinoticias.com\\\/v3\\\/el-destino-iguazu-consolido-su-participacion-en-el-forbes-paraguay-connect-summit\\\/\"]}]},{\"@type\":\"ImageObject\",\"inLanguage\":\"es\",\"@id\":\"https:\\\/\\\/cvinoticias.com\\\/v3\\\/el-destino-iguazu-consolido-su-participacion-en-el-forbes-paraguay-connect-summit\\\/#primaryimage\",\"url\":\"https:\\\/\\\/cvinoticias.com\\\/wp-content\\\/uploads\\\/2026\\\/04\\\/a8b8d0b3-50e9-4983-9c16-d982a9f52475.jpeg\",\"contentUrl\":\"https:\\\/\\\/cvinoticias.com\\\/wp-content\\\/uploads\\\/2026\\\/04\\\/a8b8d0b3-50e9-4983-9c16-d982a9f52475.jpeg\",\"width\":1280,\"height\":720},{\"@type\":\"BreadcrumbList\",\"@id\":\"https:\\\/\\\/cvinoticias.com\\\/v3\\\/el-destino-iguazu-consolido-su-participacion-en-el-forbes-paraguay-connect-summit\\\/#breadcrumb\",\"itemListElement\":[{\"@type\":\"ListItem\",\"position\":1,\"name\":\"Portada\",\"item\":\"https:\\\/\\\/cvinoticias.com\\\/v3\\\/\"},{\"@type\":\"ListItem\",\"position\":2,\"name\":\"El Destino Iguaz\u00fa Consolid\u00f3 su Participaci\u00f3n en el Forbes Paraguay Connect Summit\"}]},{\"@type\":\"WebSite\",\"@id\":\"https:\\\/\\\/cvinoticias.com\\\/v3\\\/#website\",\"url\":\"https:\\\/\\\/cvinoticias.com\\\/v3\\\/\",\"name\":\"CVI NOTICIAS\",\"description\":\"\",\"publisher\":{\"@id\":\"https:\\\/\\\/cvinoticias.com\\\/v3\\\/#organization\"},\"alternateName\":\"CVI\",\"potentialAction\":[{\"@type\":\"SearchAction\",\"target\":{\"@type\":\"EntryPoint\",\"urlTemplate\":\"https:\\\/\\\/cvinoticias.com\\\/v3\\\/?s={search_term_string}\"},\"query-input\":{\"@type\":\"PropertyValueSpecification\",\"valueRequired\":true,\"valueName\":\"search_term_string\"}}],\"inLanguage\":\"es\"},{\"@type\":\"Organization\",\"@id\":\"https:\\\/\\\/cvinoticias.com\\\/v3\\\/#organization\",\"name\":\"CVI NOTICIAS\",\"url\":\"https:\\\/\\\/cvinoticias.com\\\/v3\\\/\",\"logo\":{\"@type\":\"ImageObject\",\"inLanguage\":\"es\",\"@id\":\"https:\\\/\\\/cvinoticias.com\\\/v3\\\/#\\\/schema\\\/logo\\\/image\\\/\",\"url\":\"https:\\\/\\\/cvinoticias.com\\\/wp-content\\\/uploads\\\/2023\\\/04\\\/cropped-cropped-cropped-cropped-cropped-3-1.png\",\"contentUrl\":\"https:\\\/\\\/cvinoticias.com\\\/wp-content\\\/uploads\\\/2023\\\/04\\\/cropped-cropped-cropped-cropped-cropped-3-1.png\",\"width\":95,\"height\":122,\"caption\":\"CVI NOTICIAS\"},\"image\":{\"@id\":\"https:\\\/\\\/cvinoticias.com\\\/v3\\\/#\\\/schema\\\/logo\\\/image\\\/\"},\"sameAs\":[\"https:\\\/\\\/www.facebook.com\\\/cvinoticias\",\"https:\\\/\\\/www.instagram.com\\\/cvinoticias\\\/\",\"https:\\\/\\\/www.youtube.com\\\/@CVINOTICIAS\"]},{\"@type\":\"Person\",\"@id\":\"https:\\\/\\\/cvinoticias.com\\\/v3\\\/#\\\/schema\\\/person\\\/2db77e3c6bc03c538495d7b2b8be9b66\",\"name\":\"f1000024\",\"image\":{\"@type\":\"ImageObject\",\"inLanguage\":\"es\",\"@id\":\"https:\\\/\\\/secure.gravatar.com\\\/avatar\\\/d4fe7459cfc51ff5129ce1a732bbef5928568b8092d412ef95611616376bbeed?s=96&d=mm&r=g\",\"url\":\"https:\\\/\\\/secure.gravatar.com\\\/avatar\\\/d4fe7459cfc51ff5129ce1a732bbef5928568b8092d412ef95611616376bbeed?s=96&d=mm&r=g\",\"contentUrl\":\"https:\\\/\\\/secure.gravatar.com\\\/avatar\\\/d4fe7459cfc51ff5129ce1a732bbef5928568b8092d412ef95611616376bbeed?s=96&d=mm&r=g\",\"caption\":\"f1000024\"},\"url\":\"https:\\\/\\\/cvinoticias.com\\\/v3\\\/author\\\/f1000024\\\/\"}]}<\/script>\n<!-- \/ Yoast SEO plugin. -->","yoast_head_json":{"title":"Iguaz\u00fa se destac\u00f3 en el Forbes Paraguay Connect Summit | CVI NOTICIAS","description":"El destino Iguaz\u00fa particip\u00f3 en un evento internacional y reforz\u00f3 su posicionamiento tur\u00edstico en la regi\u00f3n.","robots":{"index":"index","follow":"follow","max-snippet":"max-snippet:-1","max-image-preview":"max-image-preview:large","max-video-preview":"max-video-preview:-1"},"canonical":"https:\/\/cvinoticias.com\/v3\/el-destino-iguazu-consolido-su-participacion-en-el-forbes-paraguay-connect-summit\/","og_locale":"es_ES","og_type":"article","og_title":"Iguaz\u00fa se destac\u00f3 en el Forbes Paraguay Connect Summit | CVI NOTICIAS","og_description":"El destino Iguaz\u00fa particip\u00f3 en un evento internacional y reforz\u00f3 su posicionamiento tur\u00edstico en la regi\u00f3n.","og_url":"https:\/\/cvinoticias.com\/v3\/el-destino-iguazu-consolido-su-participacion-en-el-forbes-paraguay-connect-summit\/","og_site_name":"CVI NOTICIAS","article_publisher":"https:\/\/www.facebook.com\/cvinoticias","article_published_time":"2026-04-22T17:35:13+00:00","article_modified_time":"2026-04-23T11:25:32+00:00","og_image":[{"width":1280,"height":720,"url":"https:\/\/cvinoticias.com\/wp-content\/uploads\/2026\/04\/a8b8d0b3-50e9-4983-9c16-d982a9f52475.jpeg","type":"image\/jpeg"}],"author":"f1000024","twitter_card":"summary_large_image","twitter_misc":{"Escrito por":"f1000024","Tiempo de lectura":"2 minutos"},"schema":{"@context":"https:\/\/schema.org","@graph":[{"@type":"Article","@id":"https:\/\/cvinoticias.com\/v3\/el-destino-iguazu-consolido-su-participacion-en-el-forbes-paraguay-connect-summit\/#article","isPartOf":{"@id":"https:\/\/cvinoticias.com\/v3\/el-destino-iguazu-consolido-su-participacion-en-el-forbes-paraguay-connect-summit\/"},"author":{"name":"f1000024","@id":"https:\/\/cvinoticias.com\/v3\/#\/schema\/person\/2db77e3c6bc03c538495d7b2b8be9b66"},"headline":"El Destino Iguaz\u00fa Consolid\u00f3 su Participaci\u00f3n en el Forbes Paraguay Connect Summit","datePublished":"2026-04-22T17:35:13+00:00","dateModified":"2026-04-23T11:25:32+00:00","mainEntityOfPage":{"@id":"https:\/\/cvinoticias.com\/v3\/el-destino-iguazu-consolido-su-participacion-en-el-forbes-paraguay-connect-summit\/"},"wordCount":256,"commentCount":0,"publisher":{"@id":"https:\/\/cvinoticias.com\/v3\/#organization"},"image":{"@id":"https:\/\/cvinoticias.com\/v3\/el-destino-iguazu-consolido-su-participacion-en-el-forbes-paraguay-connect-summit\/#primaryimage"},"thumbnailUrl":"https:\/\/cvinoticias.com\/wp-content\/uploads\/2026\/04\/a8b8d0b3-50e9-4983-9c16-d982a9f52475.jpeg","keywords":["cataratas","destino","Forbes","Iguaz\u00fa","Paraguay"],"articleSection":["Turismo"],"inLanguage":"es","potentialAction":[{"@type":"CommentAction","name":"Comment","target":["https:\/\/cvinoticias.com\/v3\/el-destino-iguazu-consolido-su-participacion-en-el-forbes-paraguay-connect-summit\/#respond"]}]},{"@type":"WebPage","@id":"https:\/\/cvinoticias.com\/v3\/el-destino-iguazu-consolido-su-participacion-en-el-forbes-paraguay-connect-summit\/","url":"https:\/\/cvinoticias.com\/v3\/el-destino-iguazu-consolido-su-participacion-en-el-forbes-paraguay-connect-summit\/","name":"Iguaz\u00fa se destac\u00f3 en el Forbes Paraguay Connect Summit | CVI NOTICIAS","isPartOf":{"@id":"https:\/\/cvinoticias.com\/v3\/#website"},"primaryImageOfPage":{"@id":"https:\/\/cvinoticias.com\/v3\/el-destino-iguazu-consolido-su-participacion-en-el-forbes-paraguay-connect-summit\/#primaryimage"},"image":{"@id":"https:\/\/cvinoticias.com\/v3\/el-destino-iguazu-consolido-su-participacion-en-el-forbes-paraguay-connect-summit\/#primaryimage"},"thumbnailUrl":"https:\/\/cvinoticias.com\/wp-content\/uploads\/2026\/04\/a8b8d0b3-50e9-4983-9c16-d982a9f52475.jpeg","datePublished":"2026-04-22T17:35:13+00:00","dateModified":"2026-04-23T11:25:32+00:00","description":"El destino Iguaz\u00fa particip\u00f3 en un evento internacional y reforz\u00f3 su posicionamiento tur\u00edstico en la regi\u00f3n.","breadcrumb":{"@id":"https:\/\/cvinoticias.com\/v3\/el-destino-iguazu-consolido-su-participacion-en-el-forbes-paraguay-connect-summit\/#breadcrumb"},"inLanguage":"es","potentialAction":[{"@type":"ReadAction","target":["https:\/\/cvinoticias.com\/v3\/el-destino-iguazu-consolido-su-participacion-en-el-forbes-paraguay-connect-summit\/"]}]},{"@type":"ImageObject","inLanguage":"es","@id":"https:\/\/cvinoticias.com\/v3\/el-destino-iguazu-consolido-su-participacion-en-el-forbes-paraguay-connect-summit\/#primaryimage","url":"https:\/\/cvinoticias.com\/wp-content\/uploads\/2026\/04\/a8b8d0b3-50e9-4983-9c16-d982a9f52475.jpeg","contentUrl":"https:\/\/cvinoticias.com\/wp-content\/uploads\/2026\/04\/a8b8d0b3-50e9-4983-9c16-d982a9f52475.jpeg","width":1280,"height":720},{"@type":"BreadcrumbList","@id":"https:\/\/cvinoticias.com\/v3\/el-destino-iguazu-consolido-su-participacion-en-el-forbes-paraguay-connect-summit\/#breadcrumb","itemListElement":[{"@type":"ListItem","position":1,"name":"Portada","item":"https:\/\/cvinoticias.com\/v3\/"},{"@type":"ListItem","position":2,"name":"El Destino Iguaz\u00fa Consolid\u00f3 su Participaci\u00f3n en el Forbes Paraguay Connect Summit"}]},{"@type":"WebSite","@id":"https:\/\/cvinoticias.com\/v3\/#website","url":"https:\/\/cvinoticias.com\/v3\/","name":"CVI NOTICIAS","description":"","publisher":{"@id":"https:\/\/cvinoticias.com\/v3\/#organization"},"alternateName":"CVI","potentialAction":[{"@type":"SearchAction","target":{"@type":"EntryPoint","urlTemplate":"https:\/\/cvinoticias.com\/v3\/?s={search_term_string}"},"query-input":{"@type":"PropertyValueSpecification","valueRequired":true,"valueName":"search_term_string"}}],"inLanguage":"es"},{"@type":"Organization","@id":"https:\/\/cvinoticias.com\/v3\/#organization","name":"CVI NOTICIAS","url":"https:\/\/cvinoticias.com\/v3\/","logo":{"@type":"ImageObject","inLanguage":"es","@id":"https:\/\/cvinoticias.com\/v3\/#\/schema\/logo\/image\/","url":"https:\/\/cvinoticias.com\/wp-content\/uploads\/2023\/04\/cropped-cropped-cropped-cropped-cropped-3-1.png","contentUrl":"https:\/\/cvinoticias.com\/wp-content\/uploads\/2023\/04\/cropped-cropped-cropped-cropped-cropped-3-1.png","width":95,"height":122,"caption":"CVI NOTICIAS"},"image":{"@id":"https:\/\/cvinoticias.com\/v3\/#\/schema\/logo\/image\/"},"sameAs":["https:\/\/www.facebook.com\/cvinoticias","https:\/\/www.instagram.com\/cvinoticias\/","https:\/\/www.youtube.com\/@CVINOTICIAS"]},{"@type":"Person","@id":"https:\/\/cvinoticias.com\/v3\/#\/schema\/person\/2db77e3c6bc03c538495d7b2b8be9b66","name":"f1000024","image":{"@type":"ImageObject","inLanguage":"es","@id":"https:\/\/secure.gravatar.com\/avatar\/d4fe7459cfc51ff5129ce1a732bbef5928568b8092d412ef95611616376bbeed?s=96&d=mm&r=g","url":"https:\/\/secure.gravatar.com\/avatar\/d4fe7459cfc51ff5129ce1a732bbef5928568b8092d412ef95611616376bbeed?s=96&d=mm&r=g","contentUrl":"https:\/\/secure.gravatar.com\/avatar\/d4fe7459cfc51ff5129ce1a732bbef5928568b8092d412ef95611616376bbeed?s=96&d=mm&r=g","caption":"f1000024"},"url":"https:\/\/cvinoticias.com\/v3\/author\/f1000024\/"}]}},"_links":{"self":[{"href":"https:\/\/cvinoticias.com\/v3\/wp-json\/wp\/v2\/posts\/57260","targetHints":{"allow":["GET"]}}],"collection":[{"href":"https:\/\/cvinoticias.com\/v3\/wp-json\/wp\/v2\/posts"}],"about":[{"href":"https:\/\/cvinoticias.com\/v3\/wp-json\/wp\/v2\/types\/post"}],"author":[{"embeddable":true,"href":"https:\/\/cvinoticias.com\/v3\/wp-json\/wp\/v2\/users\/2"}],"replies":[{"embeddable":true,"href":"https:\/\/cvinoticias.com\/v3\/wp-json\/wp\/v2\/comments?post=57260"}],"version-history":[{"count":1,"href":"https:\/\/cvinoticias.com\/v3\/wp-json\/wp\/v2\/posts\/57260\/revisions"}],"predecessor-version":[{"id":57267,"href":"https:\/\/cvinoticias.com\/v3\/wp-json\/wp\/v2\/posts\/57260\/revisions\/57267"}],"wp:featuredmedia":[{"embeddable":true,"href":"https:\/\/cvinoticias.com\/v3\/wp-json\/wp\/v2\/media\/57265"}],"wp:attachment":[{"href":"https:\/\/cvinoticias.com\/v3\/wp-json\/wp\/v2\/media?parent=57260"}],"wp:term":[{"taxonomy":"category","embeddable":true,"href":"https:\/\/cvinoticias.com\/v3\/wp-json\/wp\/v2\/categories?post=57260"},{"taxonomy":"post_tag","embeddable":true,"href":"https:\/\/cvinoticias.com\/v3\/wp-json\/wp\/v2\/tags?post=57260"}],"curies":[{"name":"wp","href":"https:\/\/api.w.org\/{rel}","templated":true}]}}