{"id":57244,"date":"2026-04-23T08:04:17","date_gmt":"2026-04-23T11:04:17","guid":{"rendered":"https:\/\/cvinoticias.com\/v3\/?p=57244"},"modified":"2026-04-23T08:04:18","modified_gmt":"2026-04-23T11:04:18","slug":"clima-en-misiones-jornada-inestable","status":"publish","type":"post","link":"https:\/\/cvinoticias.com\/v3\/clima-en-misiones-jornada-inestable\/","title":{"rendered":"Clima en Misiones: jornada inestable"},"content":{"rendered":"\n<p>Este jueves 23 de abril de 2026, la provincia de Misiones atraviesa una jornada marcada por la inestabilidad clim\u00e1tica, con predominio de cielo mayormente nublado, alta humedad y probabilidad de lluvias y tormentas en distintos puntos del territorio.<\/p>\n\n\n\n<p>En ese contexto, la situaci\u00f3n en Puerto Iguaz\u00fa presenta caracter\u00edsticas particulares. Durante el d\u00eda se espera un ambiente templado a c\u00e1lido, con temperaturas que podr\u00edan alcanzar valores cercanos a los 30 grados, aunque condicionadas por la nubosidad y la evoluci\u00f3n de fen\u00f3menos inestables. Se prev\u00e9n intervalos de mejora temporaria, pero con alta probabilidad de chaparrones y tormentas aisladas, especialmente hacia la tarde y la noche.<\/p>\n\n\n\n<p>En l\u00edneas generales, el clima en la provincia se mantiene dentro de un rango templado, con temperaturas m\u00ednimas alrededor de los 21 grados y m\u00e1ximas que var\u00edan seg\u00fan la zona. La elevada humedad y la cobertura nubosa contribuyen a una sensaci\u00f3n t\u00e9rmica m\u00e1s elevada en sectores del norte, donde se ubica Puerto Iguaz\u00fa.<\/p>\n\n\n\n<p>Asimismo, las condiciones actuales reducen el riesgo de incendios y mantienen el \u00edndice de radiaci\u00f3n ultravioleta en niveles bajos, en l\u00ednea con la presencia de nubosidad persistente.<\/p>\n\n\n\n<p>De esta manera, el panorama clim\u00e1tico para este jueves en Misiones, y particularmente en Puerto Iguaz\u00fa, se presenta variable e inestable, por lo que se recomienda a la poblaci\u00f3n mantenerse informada ante posibles cambios en las condiciones del tiempo a lo largo de la jornada.<\/p>\n","protected":false},"excerpt":{"rendered":"<p>Este jueves 23 de abril de 2026, la provincia de Misiones atraviesa una jornada marcada por la inestabilidad clim\u00e1tica, con predominio de cielo mayormente nublado, alta humedad y probabilidad de lluvias y tormentas en distintos puntos del territorio. En ese contexto, la situaci\u00f3n en Puerto Iguaz\u00fa presenta caracter\u00edsticas particulares. Durante el d\u00eda se espera un [&hellip;]<\/p>\n","protected":false},"author":2,"featured_media":57245,"comment_status":"open","ping_status":"closed","sticky":false,"template":"","format":"standard","meta":{"footnotes":""},"categories":[1146],"tags":[1148,313,278],"class_list":["post-57244","post","type-post","status-publish","format-standard","has-post-thumbnail","hentry","category-tiempo","tag-clima","tag-iguazu","tag-misiones"],"yoast_head":"<!-- This site is optimized with the Yoast SEO plugin v27.4 - https:\/\/yoast.com\/product\/yoast-seo-wordpress\/ -->\n<title>Clima inestable en Puerto Iguaz\u00fa con lluvias | CVI NOTICIAS<\/title>\n<meta name=\"description\" content=\"Jornada nublada e inestable en Iguaz\u00fa, con lluvias y calor h\u00famedo.\" \/>\n<meta name=\"robots\" content=\"index, follow, max-snippet:-1, max-image-preview:large, max-video-preview:-1\" \/>\n<link rel=\"canonical\" href=\"https:\/\/cvinoticias.com\/v3\/clima-en-misiones-jornada-inestable\/\" \/>\n<meta property=\"og:locale\" content=\"es_ES\" \/>\n<meta property=\"og:type\" content=\"article\" \/>\n<meta property=\"og:title\" content=\"Clima inestable en Puerto Iguaz\u00fa con lluvias | CVI NOTICIAS\" \/>\n<meta property=\"og:description\" content=\"Jornada nublada e inestable en Iguaz\u00fa, con lluvias y calor h\u00famedo.\" \/>\n<meta property=\"og:url\" content=\"https:\/\/cvinoticias.com\/v3\/clima-en-misiones-jornada-inestable\/\" \/>\n<meta property=\"og:site_name\" content=\"CVI NOTICIAS\" \/>\n<meta property=\"article:publisher\" content=\"https:\/\/www.facebook.com\/cvinoticias\" \/>\n<meta property=\"article:published_time\" content=\"2026-04-23T11:04:17+00:00\" \/>\n<meta property=\"article:modified_time\" content=\"2026-04-23T11:04:18+00:00\" \/>\n<meta property=\"og:image\" content=\"https:\/\/cvinoticias.com\/wp-content\/uploads\/2026\/04\/3-2.jpg\" \/>\n\t<meta property=\"og:image:width\" content=\"1089\" \/>\n\t<meta property=\"og:image:height\" content=\"730\" \/>\n\t<meta property=\"og:image:type\" content=\"image\/jpeg\" \/>\n<meta name=\"author\" content=\"f1000024\" \/>\n<meta name=\"twitter:card\" content=\"summary_large_image\" \/>\n<meta name=\"twitter:label1\" content=\"Escrito por\" \/>\n\t<meta name=\"twitter:data1\" content=\"f1000024\" \/>\n\t<meta name=\"twitter:label2\" content=\"Tiempo de lectura\" \/>\n\t<meta name=\"twitter:data2\" content=\"2 minutos\" \/>\n<script type=\"application\/ld+json\" class=\"yoast-schema-graph\">{\"@context\":\"https:\\\/\\\/schema.org\",\"@graph\":[{\"@type\":\"Article\",\"@id\":\"https:\\\/\\\/cvinoticias.com\\\/v3\\\/clima-en-misiones-jornada-inestable\\\/#article\",\"isPartOf\":{\"@id\":\"https:\\\/\\\/cvinoticias.com\\\/v3\\\/clima-en-misiones-jornada-inestable\\\/\"},\"author\":{\"name\":\"f1000024\",\"@id\":\"https:\\\/\\\/cvinoticias.com\\\/v3\\\/#\\\/schema\\\/person\\\/2db77e3c6bc03c538495d7b2b8be9b66\"},\"headline\":\"Clima en Misiones: jornada inestable\",\"datePublished\":\"2026-04-23T11:04:17+00:00\",\"dateModified\":\"2026-04-23T11:04:18+00:00\",\"mainEntityOfPage\":{\"@id\":\"https:\\\/\\\/cvinoticias.com\\\/v3\\\/clima-en-misiones-jornada-inestable\\\/\"},\"wordCount\":250,\"commentCount\":0,\"publisher\":{\"@id\":\"https:\\\/\\\/cvinoticias.com\\\/v3\\\/#organization\"},\"image\":{\"@id\":\"https:\\\/\\\/cvinoticias.com\\\/v3\\\/clima-en-misiones-jornada-inestable\\\/#primaryimage\"},\"thumbnailUrl\":\"https:\\\/\\\/cvinoticias.com\\\/wp-content\\\/uploads\\\/2026\\\/04\\\/3-2.jpg\",\"keywords\":[\"Clima\",\"Iguaz\u00fa\",\"Misiones\"],\"articleSection\":[\"Tiempo\"],\"inLanguage\":\"es\",\"potentialAction\":[{\"@type\":\"CommentAction\",\"name\":\"Comment\",\"target\":[\"https:\\\/\\\/cvinoticias.com\\\/v3\\\/clima-en-misiones-jornada-inestable\\\/#respond\"]}]},{\"@type\":\"WebPage\",\"@id\":\"https:\\\/\\\/cvinoticias.com\\\/v3\\\/clima-en-misiones-jornada-inestable\\\/\",\"url\":\"https:\\\/\\\/cvinoticias.com\\\/v3\\\/clima-en-misiones-jornada-inestable\\\/\",\"name\":\"Clima inestable en Puerto Iguaz\u00fa con lluvias | CVI NOTICIAS\",\"isPartOf\":{\"@id\":\"https:\\\/\\\/cvinoticias.com\\\/v3\\\/#website\"},\"primaryImageOfPage\":{\"@id\":\"https:\\\/\\\/cvinoticias.com\\\/v3\\\/clima-en-misiones-jornada-inestable\\\/#primaryimage\"},\"image\":{\"@id\":\"https:\\\/\\\/cvinoticias.com\\\/v3\\\/clima-en-misiones-jornada-inestable\\\/#primaryimage\"},\"thumbnailUrl\":\"https:\\\/\\\/cvinoticias.com\\\/wp-content\\\/uploads\\\/2026\\\/04\\\/3-2.jpg\",\"datePublished\":\"2026-04-23T11:04:17+00:00\",\"dateModified\":\"2026-04-23T11:04:18+00:00\",\"description\":\"Jornada nublada e inestable en Iguaz\u00fa, con lluvias y calor h\u00famedo.\",\"breadcrumb\":{\"@id\":\"https:\\\/\\\/cvinoticias.com\\\/v3\\\/clima-en-misiones-jornada-inestable\\\/#breadcrumb\"},\"inLanguage\":\"es\",\"potentialAction\":[{\"@type\":\"ReadAction\",\"target\":[\"https:\\\/\\\/cvinoticias.com\\\/v3\\\/clima-en-misiones-jornada-inestable\\\/\"]}]},{\"@type\":\"ImageObject\",\"inLanguage\":\"es\",\"@id\":\"https:\\\/\\\/cvinoticias.com\\\/v3\\\/clima-en-misiones-jornada-inestable\\\/#primaryimage\",\"url\":\"https:\\\/\\\/cvinoticias.com\\\/wp-content\\\/uploads\\\/2026\\\/04\\\/3-2.jpg\",\"contentUrl\":\"https:\\\/\\\/cvinoticias.com\\\/wp-content\\\/uploads\\\/2026\\\/04\\\/3-2.jpg\",\"width\":1089,\"height\":730},{\"@type\":\"BreadcrumbList\",\"@id\":\"https:\\\/\\\/cvinoticias.com\\\/v3\\\/clima-en-misiones-jornada-inestable\\\/#breadcrumb\",\"itemListElement\":[{\"@type\":\"ListItem\",\"position\":1,\"name\":\"Portada\",\"item\":\"https:\\\/\\\/cvinoticias.com\\\/v3\\\/\"},{\"@type\":\"ListItem\",\"position\":2,\"name\":\"Clima en Misiones: jornada inestable\"}]},{\"@type\":\"WebSite\",\"@id\":\"https:\\\/\\\/cvinoticias.com\\\/v3\\\/#website\",\"url\":\"https:\\\/\\\/cvinoticias.com\\\/v3\\\/\",\"name\":\"CVI NOTICIAS\",\"description\":\"\",\"publisher\":{\"@id\":\"https:\\\/\\\/cvinoticias.com\\\/v3\\\/#organization\"},\"alternateName\":\"CVI\",\"potentialAction\":[{\"@type\":\"SearchAction\",\"target\":{\"@type\":\"EntryPoint\",\"urlTemplate\":\"https:\\\/\\\/cvinoticias.com\\\/v3\\\/?s={search_term_string}\"},\"query-input\":{\"@type\":\"PropertyValueSpecification\",\"valueRequired\":true,\"valueName\":\"search_term_string\"}}],\"inLanguage\":\"es\"},{\"@type\":\"Organization\",\"@id\":\"https:\\\/\\\/cvinoticias.com\\\/v3\\\/#organization\",\"name\":\"CVI NOTICIAS\",\"url\":\"https:\\\/\\\/cvinoticias.com\\\/v3\\\/\",\"logo\":{\"@type\":\"ImageObject\",\"inLanguage\":\"es\",\"@id\":\"https:\\\/\\\/cvinoticias.com\\\/v3\\\/#\\\/schema\\\/logo\\\/image\\\/\",\"url\":\"https:\\\/\\\/cvinoticias.com\\\/wp-content\\\/uploads\\\/2023\\\/04\\\/cropped-cropped-cropped-cropped-cropped-3-1.png\",\"contentUrl\":\"https:\\\/\\\/cvinoticias.com\\\/wp-content\\\/uploads\\\/2023\\\/04\\\/cropped-cropped-cropped-cropped-cropped-3-1.png\",\"width\":95,\"height\":122,\"caption\":\"CVI NOTICIAS\"},\"image\":{\"@id\":\"https:\\\/\\\/cvinoticias.com\\\/v3\\\/#\\\/schema\\\/logo\\\/image\\\/\"},\"sameAs\":[\"https:\\\/\\\/www.facebook.com\\\/cvinoticias\",\"https:\\\/\\\/www.instagram.com\\\/cvinoticias\\\/\",\"https:\\\/\\\/www.youtube.com\\\/@CVINOTICIAS\"]},{\"@type\":\"Person\",\"@id\":\"https:\\\/\\\/cvinoticias.com\\\/v3\\\/#\\\/schema\\\/person\\\/2db77e3c6bc03c538495d7b2b8be9b66\",\"name\":\"f1000024\",\"image\":{\"@type\":\"ImageObject\",\"inLanguage\":\"es\",\"@id\":\"https:\\\/\\\/secure.gravatar.com\\\/avatar\\\/d4fe7459cfc51ff5129ce1a732bbef5928568b8092d412ef95611616376bbeed?s=96&d=mm&r=g\",\"url\":\"https:\\\/\\\/secure.gravatar.com\\\/avatar\\\/d4fe7459cfc51ff5129ce1a732bbef5928568b8092d412ef95611616376bbeed?s=96&d=mm&r=g\",\"contentUrl\":\"https:\\\/\\\/secure.gravatar.com\\\/avatar\\\/d4fe7459cfc51ff5129ce1a732bbef5928568b8092d412ef95611616376bbeed?s=96&d=mm&r=g\",\"caption\":\"f1000024\"},\"url\":\"https:\\\/\\\/cvinoticias.com\\\/v3\\\/author\\\/f1000024\\\/\"}]}<\/script>\n<!-- \/ Yoast SEO plugin. -->","yoast_head_json":{"title":"Clima inestable en Puerto Iguaz\u00fa con lluvias | CVI NOTICIAS","description":"Jornada nublada e inestable en Iguaz\u00fa, con lluvias y calor h\u00famedo.","robots":{"index":"index","follow":"follow","max-snippet":"max-snippet:-1","max-image-preview":"max-image-preview:large","max-video-preview":"max-video-preview:-1"},"canonical":"https:\/\/cvinoticias.com\/v3\/clima-en-misiones-jornada-inestable\/","og_locale":"es_ES","og_type":"article","og_title":"Clima inestable en Puerto Iguaz\u00fa con lluvias | CVI NOTICIAS","og_description":"Jornada nublada e inestable en Iguaz\u00fa, con lluvias y calor h\u00famedo.","og_url":"https:\/\/cvinoticias.com\/v3\/clima-en-misiones-jornada-inestable\/","og_site_name":"CVI NOTICIAS","article_publisher":"https:\/\/www.facebook.com\/cvinoticias","article_published_time":"2026-04-23T11:04:17+00:00","article_modified_time":"2026-04-23T11:04:18+00:00","og_image":[{"width":1089,"height":730,"url":"https:\/\/cvinoticias.com\/wp-content\/uploads\/2026\/04\/3-2.jpg","type":"image\/jpeg"}],"author":"f1000024","twitter_card":"summary_large_image","twitter_misc":{"Escrito por":"f1000024","Tiempo de lectura":"2 minutos"},"schema":{"@context":"https:\/\/schema.org","@graph":[{"@type":"Article","@id":"https:\/\/cvinoticias.com\/v3\/clima-en-misiones-jornada-inestable\/#article","isPartOf":{"@id":"https:\/\/cvinoticias.com\/v3\/clima-en-misiones-jornada-inestable\/"},"author":{"name":"f1000024","@id":"https:\/\/cvinoticias.com\/v3\/#\/schema\/person\/2db77e3c6bc03c538495d7b2b8be9b66"},"headline":"Clima en Misiones: jornada inestable","datePublished":"2026-04-23T11:04:17+00:00","dateModified":"2026-04-23T11:04:18+00:00","mainEntityOfPage":{"@id":"https:\/\/cvinoticias.com\/v3\/clima-en-misiones-jornada-inestable\/"},"wordCount":250,"commentCount":0,"publisher":{"@id":"https:\/\/cvinoticias.com\/v3\/#organization"},"image":{"@id":"https:\/\/cvinoticias.com\/v3\/clima-en-misiones-jornada-inestable\/#primaryimage"},"thumbnailUrl":"https:\/\/cvinoticias.com\/wp-content\/uploads\/2026\/04\/3-2.jpg","keywords":["Clima","Iguaz\u00fa","Misiones"],"articleSection":["Tiempo"],"inLanguage":"es","potentialAction":[{"@type":"CommentAction","name":"Comment","target":["https:\/\/cvinoticias.com\/v3\/clima-en-misiones-jornada-inestable\/#respond"]}]},{"@type":"WebPage","@id":"https:\/\/cvinoticias.com\/v3\/clima-en-misiones-jornada-inestable\/","url":"https:\/\/cvinoticias.com\/v3\/clima-en-misiones-jornada-inestable\/","name":"Clima inestable en Puerto Iguaz\u00fa con lluvias | CVI NOTICIAS","isPartOf":{"@id":"https:\/\/cvinoticias.com\/v3\/#website"},"primaryImageOfPage":{"@id":"https:\/\/cvinoticias.com\/v3\/clima-en-misiones-jornada-inestable\/#primaryimage"},"image":{"@id":"https:\/\/cvinoticias.com\/v3\/clima-en-misiones-jornada-inestable\/#primaryimage"},"thumbnailUrl":"https:\/\/cvinoticias.com\/wp-content\/uploads\/2026\/04\/3-2.jpg","datePublished":"2026-04-23T11:04:17+00:00","dateModified":"2026-04-23T11:04:18+00:00","description":"Jornada nublada e inestable en Iguaz\u00fa, con lluvias y calor h\u00famedo.","breadcrumb":{"@id":"https:\/\/cvinoticias.com\/v3\/clima-en-misiones-jornada-inestable\/#breadcrumb"},"inLanguage":"es","potentialAction":[{"@type":"ReadAction","target":["https:\/\/cvinoticias.com\/v3\/clima-en-misiones-jornada-inestable\/"]}]},{"@type":"ImageObject","inLanguage":"es","@id":"https:\/\/cvinoticias.com\/v3\/clima-en-misiones-jornada-inestable\/#primaryimage","url":"https:\/\/cvinoticias.com\/wp-content\/uploads\/2026\/04\/3-2.jpg","contentUrl":"https:\/\/cvinoticias.com\/wp-content\/uploads\/2026\/04\/3-2.jpg","width":1089,"height":730},{"@type":"BreadcrumbList","@id":"https:\/\/cvinoticias.com\/v3\/clima-en-misiones-jornada-inestable\/#breadcrumb","itemListElement":[{"@type":"ListItem","position":1,"name":"Portada","item":"https:\/\/cvinoticias.com\/v3\/"},{"@type":"ListItem","position":2,"name":"Clima en Misiones: jornada inestable"}]},{"@type":"WebSite","@id":"https:\/\/cvinoticias.com\/v3\/#website","url":"https:\/\/cvinoticias.com\/v3\/","name":"CVI NOTICIAS","description":"","publisher":{"@id":"https:\/\/cvinoticias.com\/v3\/#organization"},"alternateName":"CVI","potentialAction":[{"@type":"SearchAction","target":{"@type":"EntryPoint","urlTemplate":"https:\/\/cvinoticias.com\/v3\/?s={search_term_string}"},"query-input":{"@type":"PropertyValueSpecification","valueRequired":true,"valueName":"search_term_string"}}],"inLanguage":"es"},{"@type":"Organization","@id":"https:\/\/cvinoticias.com\/v3\/#organization","name":"CVI NOTICIAS","url":"https:\/\/cvinoticias.com\/v3\/","logo":{"@type":"ImageObject","inLanguage":"es","@id":"https:\/\/cvinoticias.com\/v3\/#\/schema\/logo\/image\/","url":"https:\/\/cvinoticias.com\/wp-content\/uploads\/2023\/04\/cropped-cropped-cropped-cropped-cropped-3-1.png","contentUrl":"https:\/\/cvinoticias.com\/wp-content\/uploads\/2023\/04\/cropped-cropped-cropped-cropped-cropped-3-1.png","width":95,"height":122,"caption":"CVI NOTICIAS"},"image":{"@id":"https:\/\/cvinoticias.com\/v3\/#\/schema\/logo\/image\/"},"sameAs":["https:\/\/www.facebook.com\/cvinoticias","https:\/\/www.instagram.com\/cvinoticias\/","https:\/\/www.youtube.com\/@CVINOTICIAS"]},{"@type":"Person","@id":"https:\/\/cvinoticias.com\/v3\/#\/schema\/person\/2db77e3c6bc03c538495d7b2b8be9b66","name":"f1000024","image":{"@type":"ImageObject","inLanguage":"es","@id":"https:\/\/secure.gravatar.com\/avatar\/d4fe7459cfc51ff5129ce1a732bbef5928568b8092d412ef95611616376bbeed?s=96&d=mm&r=g","url":"https:\/\/secure.gravatar.com\/avatar\/d4fe7459cfc51ff5129ce1a732bbef5928568b8092d412ef95611616376bbeed?s=96&d=mm&r=g","contentUrl":"https:\/\/secure.gravatar.com\/avatar\/d4fe7459cfc51ff5129ce1a732bbef5928568b8092d412ef95611616376bbeed?s=96&d=mm&r=g","caption":"f1000024"},"url":"https:\/\/cvinoticias.com\/v3\/author\/f1000024\/"}]}},"_links":{"self":[{"href":"https:\/\/cvinoticias.com\/v3\/wp-json\/wp\/v2\/posts\/57244","targetHints":{"allow":["GET"]}}],"collection":[{"href":"https:\/\/cvinoticias.com\/v3\/wp-json\/wp\/v2\/posts"}],"about":[{"href":"https:\/\/cvinoticias.com\/v3\/wp-json\/wp\/v2\/types\/post"}],"author":[{"embeddable":true,"href":"https:\/\/cvinoticias.com\/v3\/wp-json\/wp\/v2\/users\/2"}],"replies":[{"embeddable":true,"href":"https:\/\/cvinoticias.com\/v3\/wp-json\/wp\/v2\/comments?post=57244"}],"version-history":[{"count":1,"href":"https:\/\/cvinoticias.com\/v3\/wp-json\/wp\/v2\/posts\/57244\/revisions"}],"predecessor-version":[{"id":57246,"href":"https:\/\/cvinoticias.com\/v3\/wp-json\/wp\/v2\/posts\/57244\/revisions\/57246"}],"wp:featuredmedia":[{"embeddable":true,"href":"https:\/\/cvinoticias.com\/v3\/wp-json\/wp\/v2\/media\/57245"}],"wp:attachment":[{"href":"https:\/\/cvinoticias.com\/v3\/wp-json\/wp\/v2\/media?parent=57244"}],"wp:term":[{"taxonomy":"category","embeddable":true,"href":"https:\/\/cvinoticias.com\/v3\/wp-json\/wp\/v2\/categories?post=57244"},{"taxonomy":"post_tag","embeddable":true,"href":"https:\/\/cvinoticias.com\/v3\/wp-json\/wp\/v2\/tags?post=57244"}],"curies":[{"name":"wp","href":"https:\/\/api.w.org\/{rel}","templated":true}]}}