{"id":5723,"date":"2021-06-06T23:17:09","date_gmt":"2021-06-06T23:17:09","guid":{"rendered":"https:\/\/cvinoticias.com\/v3\/?p=5723"},"modified":"2021-06-06T23:17:09","modified_gmt":"2021-06-06T23:17:09","slug":"puerto-iguazu-la-policia-recupero-una-moto-robada-y-detuvo-a-su-conductor","status":"publish","type":"post","link":"https:\/\/cvinoticias.com\/v3\/puerto-iguazu-la-policia-recupero-una-moto-robada-y-detuvo-a-su-conductor\/","title":{"rendered":"Puerto Iguaz\u00fa: La Polic\u00eda recuper\u00f3 una moto robada y detuvo a su conductor"},"content":{"rendered":"\n<p><strong><em>Ocurri\u00f3 en las \u00faltimas horas, en el barrio Nuevo Iguaz\u00fa, donde efectivos de la Divisi\u00f3n Infanter\u00eda Zona Norte secuestraron una motocicleta Corven de 110 cc que hab\u00eda sido sustra\u00edda el 27 de Octubre del a\u00f1o pasado en jurisdicci\u00f3n de la comisar\u00eda 3ra UR-V.<\/em><\/strong><\/p>\n\n\n\n<p>Los efectivos se encontraban realizando sus recorridas preventivas por la zona, cuando identificaron al conductor de una motocicleta. El motociclista, manifest\u00f3 no poseer la documentaci\u00f3n del rodado, el cual adem\u00e1s se estableci\u00f3 que registraba pedido de secuestro por robo. Por este motivo, el joven de 20 a\u00f1os termin\u00f3 detenido en averiguaci\u00f3n del hecho.<\/p>\n\n\n\n<p>El joven fue trasladado a sede policial a disposici\u00f3n de la Justicia. Lo recuperado, posteriormente ser\u00e1 restituido.<\/p>\n","protected":false},"excerpt":{"rendered":"<p>Ocurri\u00f3 en las \u00faltimas horas, en el barrio Nuevo Iguaz\u00fa, donde efectivos de la Divisi\u00f3n Infanter\u00eda Zona Norte secuestraron una motocicleta Corven de 110 cc que hab\u00eda sido sustra\u00edda el 27 de Octubre del a\u00f1o pasado en jurisdicci\u00f3n de la comisar\u00eda 3ra UR-V. Los efectivos se encontraban realizando sus recorridas preventivas por la zona, cuando [&hellip;]<\/p>\n","protected":false},"author":2,"featured_media":5724,"comment_status":"open","ping_status":"open","sticky":false,"template":"","format":"standard","meta":{"footnotes":""},"categories":[41],"tags":[],"class_list":["post-5723","post","type-post","status-publish","format-standard","has-post-thumbnail","hentry","category-policiales"],"yoast_head":"<!-- This site is optimized with the Yoast SEO plugin v27.5 - https:\/\/yoast.com\/product\/yoast-seo-wordpress\/ -->\n<title>Puerto Iguaz\u00fa: La Polic\u00eda recuper\u00f3 una moto robada y detuvo a su conductor | CVI NOTICIAS<\/title>\n<meta name=\"robots\" content=\"index, follow, max-snippet:-1, max-image-preview:large, max-video-preview:-1\" \/>\n<link rel=\"canonical\" href=\"https:\/\/cvinoticias.com\/v3\/puerto-iguazu-la-policia-recupero-una-moto-robada-y-detuvo-a-su-conductor\/\" \/>\n<meta property=\"og:locale\" content=\"es_ES\" \/>\n<meta property=\"og:type\" content=\"article\" \/>\n<meta property=\"og:title\" content=\"Puerto Iguaz\u00fa: La Polic\u00eda recuper\u00f3 una moto robada y detuvo a su conductor | CVI NOTICIAS\" \/>\n<meta property=\"og:description\" content=\"Ocurri\u00f3 en las \u00faltimas horas, en el barrio Nuevo Iguaz\u00fa, donde efectivos de la Divisi\u00f3n Infanter\u00eda Zona Norte secuestraron una motocicleta Corven de 110 cc que hab\u00eda sido sustra\u00edda el 27 de Octubre del a\u00f1o pasado en jurisdicci\u00f3n de la comisar\u00eda 3ra UR-V. Los efectivos se encontraban realizando sus recorridas preventivas por la zona, cuando [&hellip;]\" \/>\n<meta property=\"og:url\" content=\"https:\/\/cvinoticias.com\/v3\/puerto-iguazu-la-policia-recupero-una-moto-robada-y-detuvo-a-su-conductor\/\" \/>\n<meta property=\"og:site_name\" content=\"CVI NOTICIAS\" \/>\n<meta property=\"article:publisher\" content=\"https:\/\/www.facebook.com\/cvinoticias\" \/>\n<meta property=\"article:published_time\" content=\"2021-06-06T23:17:09+00:00\" \/>\n<meta property=\"og:image\" content=\"https:\/\/cvinoticias.com\/wp-content\/uploads\/2021\/06\/FB_IMG_1623021181397.jpg\" \/>\n\t<meta property=\"og:image:width\" content=\"1080\" \/>\n\t<meta property=\"og:image:height\" content=\"546\" \/>\n\t<meta property=\"og:image:type\" content=\"image\/jpeg\" \/>\n<meta name=\"author\" content=\"f1000024\" \/>\n<meta name=\"twitter:card\" content=\"summary_large_image\" \/>\n<meta name=\"twitter:label1\" content=\"Escrito por\" \/>\n\t<meta name=\"twitter:data1\" content=\"f1000024\" \/>\n\t<meta name=\"twitter:label2\" content=\"Tiempo de lectura\" \/>\n\t<meta name=\"twitter:data2\" content=\"1 minuto\" \/>\n<script type=\"application\/ld+json\" class=\"yoast-schema-graph\">{\"@context\":\"https:\\\/\\\/schema.org\",\"@graph\":[{\"@type\":\"Article\",\"@id\":\"https:\\\/\\\/cvinoticias.com\\\/v3\\\/puerto-iguazu-la-policia-recupero-una-moto-robada-y-detuvo-a-su-conductor\\\/#article\",\"isPartOf\":{\"@id\":\"https:\\\/\\\/cvinoticias.com\\\/v3\\\/puerto-iguazu-la-policia-recupero-una-moto-robada-y-detuvo-a-su-conductor\\\/\"},\"author\":{\"name\":\"f1000024\",\"@id\":\"https:\\\/\\\/cvinoticias.com\\\/v3\\\/#\\\/schema\\\/person\\\/2db77e3c6bc03c538495d7b2b8be9b66\"},\"headline\":\"Puerto Iguaz\u00fa: La Polic\u00eda recuper\u00f3 una moto robada y detuvo a su conductor\",\"datePublished\":\"2021-06-06T23:17:09+00:00\",\"mainEntityOfPage\":{\"@id\":\"https:\\\/\\\/cvinoticias.com\\\/v3\\\/puerto-iguazu-la-policia-recupero-una-moto-robada-y-detuvo-a-su-conductor\\\/\"},\"wordCount\":136,\"commentCount\":0,\"publisher\":{\"@id\":\"https:\\\/\\\/cvinoticias.com\\\/v3\\\/#organization\"},\"image\":{\"@id\":\"https:\\\/\\\/cvinoticias.com\\\/v3\\\/puerto-iguazu-la-policia-recupero-una-moto-robada-y-detuvo-a-su-conductor\\\/#primaryimage\"},\"thumbnailUrl\":\"https:\\\/\\\/cvinoticias.com\\\/wp-content\\\/uploads\\\/2021\\\/06\\\/FB_IMG_1623021181397.jpg\",\"articleSection\":[\"Policiales\"],\"inLanguage\":\"es\",\"potentialAction\":[{\"@type\":\"CommentAction\",\"name\":\"Comment\",\"target\":[\"https:\\\/\\\/cvinoticias.com\\\/v3\\\/puerto-iguazu-la-policia-recupero-una-moto-robada-y-detuvo-a-su-conductor\\\/#respond\"]}]},{\"@type\":\"WebPage\",\"@id\":\"https:\\\/\\\/cvinoticias.com\\\/v3\\\/puerto-iguazu-la-policia-recupero-una-moto-robada-y-detuvo-a-su-conductor\\\/\",\"url\":\"https:\\\/\\\/cvinoticias.com\\\/v3\\\/puerto-iguazu-la-policia-recupero-una-moto-robada-y-detuvo-a-su-conductor\\\/\",\"name\":\"Puerto Iguaz\u00fa: La Polic\u00eda recuper\u00f3 una moto robada y detuvo a su conductor | CVI NOTICIAS\",\"isPartOf\":{\"@id\":\"https:\\\/\\\/cvinoticias.com\\\/v3\\\/#website\"},\"primaryImageOfPage\":{\"@id\":\"https:\\\/\\\/cvinoticias.com\\\/v3\\\/puerto-iguazu-la-policia-recupero-una-moto-robada-y-detuvo-a-su-conductor\\\/#primaryimage\"},\"image\":{\"@id\":\"https:\\\/\\\/cvinoticias.com\\\/v3\\\/puerto-iguazu-la-policia-recupero-una-moto-robada-y-detuvo-a-su-conductor\\\/#primaryimage\"},\"thumbnailUrl\":\"https:\\\/\\\/cvinoticias.com\\\/wp-content\\\/uploads\\\/2021\\\/06\\\/FB_IMG_1623021181397.jpg\",\"datePublished\":\"2021-06-06T23:17:09+00:00\",\"breadcrumb\":{\"@id\":\"https:\\\/\\\/cvinoticias.com\\\/v3\\\/puerto-iguazu-la-policia-recupero-una-moto-robada-y-detuvo-a-su-conductor\\\/#breadcrumb\"},\"inLanguage\":\"es\",\"potentialAction\":[{\"@type\":\"ReadAction\",\"target\":[\"https:\\\/\\\/cvinoticias.com\\\/v3\\\/puerto-iguazu-la-policia-recupero-una-moto-robada-y-detuvo-a-su-conductor\\\/\"]}]},{\"@type\":\"ImageObject\",\"inLanguage\":\"es\",\"@id\":\"https:\\\/\\\/cvinoticias.com\\\/v3\\\/puerto-iguazu-la-policia-recupero-una-moto-robada-y-detuvo-a-su-conductor\\\/#primaryimage\",\"url\":\"https:\\\/\\\/cvinoticias.com\\\/wp-content\\\/uploads\\\/2021\\\/06\\\/FB_IMG_1623021181397.jpg\",\"contentUrl\":\"https:\\\/\\\/cvinoticias.com\\\/wp-content\\\/uploads\\\/2021\\\/06\\\/FB_IMG_1623021181397.jpg\",\"width\":1080,\"height\":546},{\"@type\":\"BreadcrumbList\",\"@id\":\"https:\\\/\\\/cvinoticias.com\\\/v3\\\/puerto-iguazu-la-policia-recupero-una-moto-robada-y-detuvo-a-su-conductor\\\/#breadcrumb\",\"itemListElement\":[{\"@type\":\"ListItem\",\"position\":1,\"name\":\"Portada\",\"item\":\"https:\\\/\\\/cvinoticias.com\\\/v3\\\/\"},{\"@type\":\"ListItem\",\"position\":2,\"name\":\"Puerto Iguaz\u00fa: La Polic\u00eda recuper\u00f3 una moto robada y detuvo a su conductor\"}]},{\"@type\":\"WebSite\",\"@id\":\"https:\\\/\\\/cvinoticias.com\\\/v3\\\/#website\",\"url\":\"https:\\\/\\\/cvinoticias.com\\\/v3\\\/\",\"name\":\"CVI NOTICIAS\",\"description\":\"\",\"publisher\":{\"@id\":\"https:\\\/\\\/cvinoticias.com\\\/v3\\\/#organization\"},\"alternateName\":\"CVI\",\"potentialAction\":[{\"@type\":\"SearchAction\",\"target\":{\"@type\":\"EntryPoint\",\"urlTemplate\":\"https:\\\/\\\/cvinoticias.com\\\/v3\\\/?s={search_term_string}\"},\"query-input\":{\"@type\":\"PropertyValueSpecification\",\"valueRequired\":true,\"valueName\":\"search_term_string\"}}],\"inLanguage\":\"es\"},{\"@type\":\"Organization\",\"@id\":\"https:\\\/\\\/cvinoticias.com\\\/v3\\\/#organization\",\"name\":\"CVI NOTICIAS\",\"url\":\"https:\\\/\\\/cvinoticias.com\\\/v3\\\/\",\"logo\":{\"@type\":\"ImageObject\",\"inLanguage\":\"es\",\"@id\":\"https:\\\/\\\/cvinoticias.com\\\/v3\\\/#\\\/schema\\\/logo\\\/image\\\/\",\"url\":\"https:\\\/\\\/cvinoticias.com\\\/wp-content\\\/uploads\\\/2023\\\/04\\\/cropped-cropped-cropped-cropped-cropped-3-1.png\",\"contentUrl\":\"https:\\\/\\\/cvinoticias.com\\\/wp-content\\\/uploads\\\/2023\\\/04\\\/cropped-cropped-cropped-cropped-cropped-3-1.png\",\"width\":95,\"height\":122,\"caption\":\"CVI NOTICIAS\"},\"image\":{\"@id\":\"https:\\\/\\\/cvinoticias.com\\\/v3\\\/#\\\/schema\\\/logo\\\/image\\\/\"},\"sameAs\":[\"https:\\\/\\\/www.facebook.com\\\/cvinoticias\",\"https:\\\/\\\/www.instagram.com\\\/cvinoticias\\\/\",\"https:\\\/\\\/www.youtube.com\\\/@CVINOTICIAS\"]},{\"@type\":\"Person\",\"@id\":\"https:\\\/\\\/cvinoticias.com\\\/v3\\\/#\\\/schema\\\/person\\\/2db77e3c6bc03c538495d7b2b8be9b66\",\"name\":\"f1000024\",\"image\":{\"@type\":\"ImageObject\",\"inLanguage\":\"es\",\"@id\":\"https:\\\/\\\/secure.gravatar.com\\\/avatar\\\/d4fe7459cfc51ff5129ce1a732bbef5928568b8092d412ef95611616376bbeed?s=96&d=mm&r=g\",\"url\":\"https:\\\/\\\/secure.gravatar.com\\\/avatar\\\/d4fe7459cfc51ff5129ce1a732bbef5928568b8092d412ef95611616376bbeed?s=96&d=mm&r=g\",\"contentUrl\":\"https:\\\/\\\/secure.gravatar.com\\\/avatar\\\/d4fe7459cfc51ff5129ce1a732bbef5928568b8092d412ef95611616376bbeed?s=96&d=mm&r=g\",\"caption\":\"f1000024\"},\"url\":\"https:\\\/\\\/cvinoticias.com\\\/v3\\\/author\\\/f1000024\\\/\"}]}<\/script>\n<!-- \/ Yoast SEO plugin. -->","yoast_head_json":{"title":"Puerto Iguaz\u00fa: La Polic\u00eda recuper\u00f3 una moto robada y detuvo a su conductor | CVI NOTICIAS","robots":{"index":"index","follow":"follow","max-snippet":"max-snippet:-1","max-image-preview":"max-image-preview:large","max-video-preview":"max-video-preview:-1"},"canonical":"https:\/\/cvinoticias.com\/v3\/puerto-iguazu-la-policia-recupero-una-moto-robada-y-detuvo-a-su-conductor\/","og_locale":"es_ES","og_type":"article","og_title":"Puerto Iguaz\u00fa: La Polic\u00eda recuper\u00f3 una moto robada y detuvo a su conductor | CVI NOTICIAS","og_description":"Ocurri\u00f3 en las \u00faltimas horas, en el barrio Nuevo Iguaz\u00fa, donde efectivos de la Divisi\u00f3n Infanter\u00eda Zona Norte secuestraron una motocicleta Corven de 110 cc que hab\u00eda sido sustra\u00edda el 27 de Octubre del a\u00f1o pasado en jurisdicci\u00f3n de la comisar\u00eda 3ra UR-V. Los efectivos se encontraban realizando sus recorridas preventivas por la zona, cuando [&hellip;]","og_url":"https:\/\/cvinoticias.com\/v3\/puerto-iguazu-la-policia-recupero-una-moto-robada-y-detuvo-a-su-conductor\/","og_site_name":"CVI NOTICIAS","article_publisher":"https:\/\/www.facebook.com\/cvinoticias","article_published_time":"2021-06-06T23:17:09+00:00","og_image":[{"width":1080,"height":546,"url":"https:\/\/cvinoticias.com\/wp-content\/uploads\/2021\/06\/FB_IMG_1623021181397.jpg","type":"image\/jpeg"}],"author":"f1000024","twitter_card":"summary_large_image","twitter_misc":{"Escrito por":"f1000024","Tiempo de lectura":"1 minuto"},"schema":{"@context":"https:\/\/schema.org","@graph":[{"@type":"Article","@id":"https:\/\/cvinoticias.com\/v3\/puerto-iguazu-la-policia-recupero-una-moto-robada-y-detuvo-a-su-conductor\/#article","isPartOf":{"@id":"https:\/\/cvinoticias.com\/v3\/puerto-iguazu-la-policia-recupero-una-moto-robada-y-detuvo-a-su-conductor\/"},"author":{"name":"f1000024","@id":"https:\/\/cvinoticias.com\/v3\/#\/schema\/person\/2db77e3c6bc03c538495d7b2b8be9b66"},"headline":"Puerto Iguaz\u00fa: La Polic\u00eda recuper\u00f3 una moto robada y detuvo a su conductor","datePublished":"2021-06-06T23:17:09+00:00","mainEntityOfPage":{"@id":"https:\/\/cvinoticias.com\/v3\/puerto-iguazu-la-policia-recupero-una-moto-robada-y-detuvo-a-su-conductor\/"},"wordCount":136,"commentCount":0,"publisher":{"@id":"https:\/\/cvinoticias.com\/v3\/#organization"},"image":{"@id":"https:\/\/cvinoticias.com\/v3\/puerto-iguazu-la-policia-recupero-una-moto-robada-y-detuvo-a-su-conductor\/#primaryimage"},"thumbnailUrl":"https:\/\/cvinoticias.com\/wp-content\/uploads\/2021\/06\/FB_IMG_1623021181397.jpg","articleSection":["Policiales"],"inLanguage":"es","potentialAction":[{"@type":"CommentAction","name":"Comment","target":["https:\/\/cvinoticias.com\/v3\/puerto-iguazu-la-policia-recupero-una-moto-robada-y-detuvo-a-su-conductor\/#respond"]}]},{"@type":"WebPage","@id":"https:\/\/cvinoticias.com\/v3\/puerto-iguazu-la-policia-recupero-una-moto-robada-y-detuvo-a-su-conductor\/","url":"https:\/\/cvinoticias.com\/v3\/puerto-iguazu-la-policia-recupero-una-moto-robada-y-detuvo-a-su-conductor\/","name":"Puerto Iguaz\u00fa: La Polic\u00eda recuper\u00f3 una moto robada y detuvo a su conductor | CVI NOTICIAS","isPartOf":{"@id":"https:\/\/cvinoticias.com\/v3\/#website"},"primaryImageOfPage":{"@id":"https:\/\/cvinoticias.com\/v3\/puerto-iguazu-la-policia-recupero-una-moto-robada-y-detuvo-a-su-conductor\/#primaryimage"},"image":{"@id":"https:\/\/cvinoticias.com\/v3\/puerto-iguazu-la-policia-recupero-una-moto-robada-y-detuvo-a-su-conductor\/#primaryimage"},"thumbnailUrl":"https:\/\/cvinoticias.com\/wp-content\/uploads\/2021\/06\/FB_IMG_1623021181397.jpg","datePublished":"2021-06-06T23:17:09+00:00","breadcrumb":{"@id":"https:\/\/cvinoticias.com\/v3\/puerto-iguazu-la-policia-recupero-una-moto-robada-y-detuvo-a-su-conductor\/#breadcrumb"},"inLanguage":"es","potentialAction":[{"@type":"ReadAction","target":["https:\/\/cvinoticias.com\/v3\/puerto-iguazu-la-policia-recupero-una-moto-robada-y-detuvo-a-su-conductor\/"]}]},{"@type":"ImageObject","inLanguage":"es","@id":"https:\/\/cvinoticias.com\/v3\/puerto-iguazu-la-policia-recupero-una-moto-robada-y-detuvo-a-su-conductor\/#primaryimage","url":"https:\/\/cvinoticias.com\/wp-content\/uploads\/2021\/06\/FB_IMG_1623021181397.jpg","contentUrl":"https:\/\/cvinoticias.com\/wp-content\/uploads\/2021\/06\/FB_IMG_1623021181397.jpg","width":1080,"height":546},{"@type":"BreadcrumbList","@id":"https:\/\/cvinoticias.com\/v3\/puerto-iguazu-la-policia-recupero-una-moto-robada-y-detuvo-a-su-conductor\/#breadcrumb","itemListElement":[{"@type":"ListItem","position":1,"name":"Portada","item":"https:\/\/cvinoticias.com\/v3\/"},{"@type":"ListItem","position":2,"name":"Puerto Iguaz\u00fa: La Polic\u00eda recuper\u00f3 una moto robada y detuvo a su conductor"}]},{"@type":"WebSite","@id":"https:\/\/cvinoticias.com\/v3\/#website","url":"https:\/\/cvinoticias.com\/v3\/","name":"CVI NOTICIAS","description":"","publisher":{"@id":"https:\/\/cvinoticias.com\/v3\/#organization"},"alternateName":"CVI","potentialAction":[{"@type":"SearchAction","target":{"@type":"EntryPoint","urlTemplate":"https:\/\/cvinoticias.com\/v3\/?s={search_term_string}"},"query-input":{"@type":"PropertyValueSpecification","valueRequired":true,"valueName":"search_term_string"}}],"inLanguage":"es"},{"@type":"Organization","@id":"https:\/\/cvinoticias.com\/v3\/#organization","name":"CVI NOTICIAS","url":"https:\/\/cvinoticias.com\/v3\/","logo":{"@type":"ImageObject","inLanguage":"es","@id":"https:\/\/cvinoticias.com\/v3\/#\/schema\/logo\/image\/","url":"https:\/\/cvinoticias.com\/wp-content\/uploads\/2023\/04\/cropped-cropped-cropped-cropped-cropped-3-1.png","contentUrl":"https:\/\/cvinoticias.com\/wp-content\/uploads\/2023\/04\/cropped-cropped-cropped-cropped-cropped-3-1.png","width":95,"height":122,"caption":"CVI NOTICIAS"},"image":{"@id":"https:\/\/cvinoticias.com\/v3\/#\/schema\/logo\/image\/"},"sameAs":["https:\/\/www.facebook.com\/cvinoticias","https:\/\/www.instagram.com\/cvinoticias\/","https:\/\/www.youtube.com\/@CVINOTICIAS"]},{"@type":"Person","@id":"https:\/\/cvinoticias.com\/v3\/#\/schema\/person\/2db77e3c6bc03c538495d7b2b8be9b66","name":"f1000024","image":{"@type":"ImageObject","inLanguage":"es","@id":"https:\/\/secure.gravatar.com\/avatar\/d4fe7459cfc51ff5129ce1a732bbef5928568b8092d412ef95611616376bbeed?s=96&d=mm&r=g","url":"https:\/\/secure.gravatar.com\/avatar\/d4fe7459cfc51ff5129ce1a732bbef5928568b8092d412ef95611616376bbeed?s=96&d=mm&r=g","contentUrl":"https:\/\/secure.gravatar.com\/avatar\/d4fe7459cfc51ff5129ce1a732bbef5928568b8092d412ef95611616376bbeed?s=96&d=mm&r=g","caption":"f1000024"},"url":"https:\/\/cvinoticias.com\/v3\/author\/f1000024\/"}]}},"_links":{"self":[{"href":"https:\/\/cvinoticias.com\/v3\/wp-json\/wp\/v2\/posts\/5723","targetHints":{"allow":["GET"]}}],"collection":[{"href":"https:\/\/cvinoticias.com\/v3\/wp-json\/wp\/v2\/posts"}],"about":[{"href":"https:\/\/cvinoticias.com\/v3\/wp-json\/wp\/v2\/types\/post"}],"author":[{"embeddable":true,"href":"https:\/\/cvinoticias.com\/v3\/wp-json\/wp\/v2\/users\/2"}],"replies":[{"embeddable":true,"href":"https:\/\/cvinoticias.com\/v3\/wp-json\/wp\/v2\/comments?post=5723"}],"version-history":[{"count":1,"href":"https:\/\/cvinoticias.com\/v3\/wp-json\/wp\/v2\/posts\/5723\/revisions"}],"predecessor-version":[{"id":5725,"href":"https:\/\/cvinoticias.com\/v3\/wp-json\/wp\/v2\/posts\/5723\/revisions\/5725"}],"wp:featuredmedia":[{"embeddable":true,"href":"https:\/\/cvinoticias.com\/v3\/wp-json\/wp\/v2\/media\/5724"}],"wp:attachment":[{"href":"https:\/\/cvinoticias.com\/v3\/wp-json\/wp\/v2\/media?parent=5723"}],"wp:term":[{"taxonomy":"category","embeddable":true,"href":"https:\/\/cvinoticias.com\/v3\/wp-json\/wp\/v2\/categories?post=5723"},{"taxonomy":"post_tag","embeddable":true,"href":"https:\/\/cvinoticias.com\/v3\/wp-json\/wp\/v2\/tags?post=5723"}],"curies":[{"name":"wp","href":"https:\/\/api.w.org\/{rel}","templated":true}]}}