{"id":5686,"date":"2021-06-04T05:20:08","date_gmt":"2021-06-04T05:20:08","guid":{"rendered":"https:\/\/cvinoticias.com\/v3\/?p=5686"},"modified":"2021-06-04T05:22:41","modified_gmt":"2021-06-04T05:22:41","slug":"puerto-iguazu-incendio-consumio-el-80-de-un-comercio-sobre-la-avenida-misiones","status":"publish","type":"post","link":"https:\/\/cvinoticias.com\/v3\/puerto-iguazu-incendio-consumio-el-80-de-un-comercio-sobre-la-avenida-misiones\/","title":{"rendered":"Puerto Iguaz\u00fa: Incendio consumi\u00f3 el 80 % de un comercio sobre la avenida Misiones"},"content":{"rendered":"\n<p><strong><em>El d\u00eda 02 de junio, aproximadamente a las 05 de la madrugada se produjo un incendio de gran magnitud donde consumi\u00f3 por completo un local de comidas y el 80% del local aleda\u00f1o al propagarse el fuego hacia el comercio donde funcionaba una Ferreter\u00eda.<\/em><\/strong><\/p>\n\n\n\n<p>Seg\u00fan el informe del peritaje realizado por personal provenientes de la ciudad de Montecarlo dio como resultado que el incendio se produjo por un corto circuito en el tablero de electricidad del local de comidas.<\/p>\n\n\n\n<p>Este vecino, comerciante iguazuense, con m\u00e1s de 18 a\u00f1os de trayectoria en el lugar lleva el sustento a su hogar gracias a las ventas que realiza a diario.<\/p>\n\n\n\n<p>Estamos viviendo una \u00e9poca de crisis econ\u00f3mica gravisima, y ahora&nbsp; para la flia del Sr \u00c1ngel Ben\u00edtez se complic\u00f3 a\u00fan m\u00e1s. Su fuente de trabajo se perdi\u00f3 y ahora m\u00e1s que nunca necesita de la solidaridad de la comunidad para poder reconstruir y armar nuevamente su local, es por ello que un vecino solidario cre\u00f3 una cuenta de Mercado Pago donde cada persona que desee puede realizar su donaci\u00f3n para que directamente el aporte le llegue&nbsp; al damnificado.<br>FERRE TODO &#8211; ANGEL KINTIN<br>0000003100071506580194<\/p>\n\n\n\n<p>Apelamos a la solidaridad y la empat\u00eda de nuestros vecinos iguazuenses.<\/p>\n\n\n\n<figure class=\"wp-block-embed is-type-video is-provider-youtube wp-block-embed-youtube wp-embed-aspect-4-3 wp-has-aspect-ratio\"><div class=\"wp-block-embed__wrapper\">\n<iframe title=\"\u00c1ngel Ben\u00edtez. Propietario de la  Ferreter\u00eda Incendiada.\" width=\"640\" height=\"480\" data-src=\"https:\/\/www.youtube.com\/embed\/C5y1RRci3mk?feature=oembed\" frameborder=\"0\" allow=\"accelerometer; autoplay; clipboard-write; encrypted-media; gyroscope; picture-in-picture; web-share\" referrerpolicy=\"strict-origin-when-cross-origin\" allowfullscreen src=\"data:image\/svg+xml;base64,PHN2ZyB3aWR0aD0iMSIgaGVpZ2h0PSIxIiB4bWxucz0iaHR0cDovL3d3dy53My5vcmcvMjAwMC9zdmciPjwvc3ZnPg==\" class=\"lazyload\" data-load-mode=\"1\"><\/iframe>\n<\/div><\/figure>\n","protected":false},"excerpt":{"rendered":"<p>El d\u00eda 02 de junio, aproximadamente a las 05 de la madrugada se produjo un incendio de gran magnitud donde consumi\u00f3 por completo un local de comidas y el 80% del local aleda\u00f1o al propagarse el fuego hacia el comercio donde funcionaba una Ferreter\u00eda. Seg\u00fan el informe del peritaje realizado por personal provenientes de la [&hellip;]<\/p>\n","protected":false},"author":2,"featured_media":5687,"comment_status":"open","ping_status":"open","sticky":false,"template":"","format":"standard","meta":{"footnotes":""},"categories":[29],"tags":[],"class_list":["post-5686","post","type-post","status-publish","format-standard","has-post-thumbnail","hentry","category-locales"],"yoast_head":"<!-- This site is optimized with the Yoast SEO plugin v27.5 - https:\/\/yoast.com\/product\/yoast-seo-wordpress\/ -->\n<title>Puerto Iguaz\u00fa: Incendio consumi\u00f3 el 80 % de un comercio sobre la avenida Misiones | CVI NOTICIAS<\/title>\n<meta name=\"robots\" content=\"index, follow, max-snippet:-1, max-image-preview:large, max-video-preview:-1\" \/>\n<link rel=\"canonical\" href=\"https:\/\/cvinoticias.com\/v3\/puerto-iguazu-incendio-consumio-el-80-de-un-comercio-sobre-la-avenida-misiones\/\" \/>\n<meta property=\"og:locale\" content=\"es_ES\" \/>\n<meta property=\"og:type\" content=\"article\" \/>\n<meta property=\"og:title\" content=\"Puerto Iguaz\u00fa: Incendio consumi\u00f3 el 80 % de un comercio sobre la avenida Misiones | CVI NOTICIAS\" \/>\n<meta property=\"og:description\" content=\"El d\u00eda 02 de junio, aproximadamente a las 05 de la madrugada se produjo un incendio de gran magnitud donde consumi\u00f3 por completo un local de comidas y el 80% del local aleda\u00f1o al propagarse el fuego hacia el comercio donde funcionaba una Ferreter\u00eda. Seg\u00fan el informe del peritaje realizado por personal provenientes de la [&hellip;]\" \/>\n<meta property=\"og:url\" content=\"https:\/\/cvinoticias.com\/v3\/puerto-iguazu-incendio-consumio-el-80-de-un-comercio-sobre-la-avenida-misiones\/\" \/>\n<meta property=\"og:site_name\" content=\"CVI NOTICIAS\" \/>\n<meta property=\"article:publisher\" content=\"https:\/\/www.facebook.com\/cvinoticias\" \/>\n<meta property=\"article:published_time\" content=\"2021-06-04T05:20:08+00:00\" \/>\n<meta property=\"article:modified_time\" content=\"2021-06-04T05:22:41+00:00\" \/>\n<meta property=\"og:image\" content=\"https:\/\/cvinoticias.com\/wp-content\/uploads\/2021\/06\/IMG-20210602-WA0095.jpg\" \/>\n\t<meta property=\"og:image:width\" content=\"720\" \/>\n\t<meta property=\"og:image:height\" content=\"1280\" \/>\n\t<meta property=\"og:image:type\" content=\"image\/jpeg\" \/>\n<meta name=\"author\" content=\"f1000024\" \/>\n<meta name=\"twitter:card\" content=\"summary_large_image\" \/>\n<meta name=\"twitter:label1\" content=\"Escrito por\" \/>\n\t<meta name=\"twitter:data1\" content=\"f1000024\" \/>\n\t<meta name=\"twitter:label2\" content=\"Tiempo de lectura\" \/>\n\t<meta name=\"twitter:data2\" content=\"1 minuto\" \/>\n<script type=\"application\/ld+json\" class=\"yoast-schema-graph\">{\"@context\":\"https:\\\/\\\/schema.org\",\"@graph\":[{\"@type\":\"Article\",\"@id\":\"https:\\\/\\\/cvinoticias.com\\\/v3\\\/puerto-iguazu-incendio-consumio-el-80-de-un-comercio-sobre-la-avenida-misiones\\\/#article\",\"isPartOf\":{\"@id\":\"https:\\\/\\\/cvinoticias.com\\\/v3\\\/puerto-iguazu-incendio-consumio-el-80-de-un-comercio-sobre-la-avenida-misiones\\\/\"},\"author\":{\"name\":\"f1000024\",\"@id\":\"https:\\\/\\\/cvinoticias.com\\\/v3\\\/#\\\/schema\\\/person\\\/2db77e3c6bc03c538495d7b2b8be9b66\"},\"headline\":\"Puerto Iguaz\u00fa: Incendio consumi\u00f3 el 80 % de un comercio sobre la avenida Misiones\",\"datePublished\":\"2021-06-04T05:20:08+00:00\",\"dateModified\":\"2021-06-04T05:22:41+00:00\",\"mainEntityOfPage\":{\"@id\":\"https:\\\/\\\/cvinoticias.com\\\/v3\\\/puerto-iguazu-incendio-consumio-el-80-de-un-comercio-sobre-la-avenida-misiones\\\/\"},\"wordCount\":231,\"commentCount\":0,\"publisher\":{\"@id\":\"https:\\\/\\\/cvinoticias.com\\\/v3\\\/#organization\"},\"image\":{\"@id\":\"https:\\\/\\\/cvinoticias.com\\\/v3\\\/puerto-iguazu-incendio-consumio-el-80-de-un-comercio-sobre-la-avenida-misiones\\\/#primaryimage\"},\"thumbnailUrl\":\"https:\\\/\\\/cvinoticias.com\\\/wp-content\\\/uploads\\\/2021\\\/06\\\/IMG-20210602-WA0095.jpg\",\"articleSection\":[\"Locales\"],\"inLanguage\":\"es\",\"potentialAction\":[{\"@type\":\"CommentAction\",\"name\":\"Comment\",\"target\":[\"https:\\\/\\\/cvinoticias.com\\\/v3\\\/puerto-iguazu-incendio-consumio-el-80-de-un-comercio-sobre-la-avenida-misiones\\\/#respond\"]}]},{\"@type\":\"WebPage\",\"@id\":\"https:\\\/\\\/cvinoticias.com\\\/v3\\\/puerto-iguazu-incendio-consumio-el-80-de-un-comercio-sobre-la-avenida-misiones\\\/\",\"url\":\"https:\\\/\\\/cvinoticias.com\\\/v3\\\/puerto-iguazu-incendio-consumio-el-80-de-un-comercio-sobre-la-avenida-misiones\\\/\",\"name\":\"Puerto Iguaz\u00fa: Incendio consumi\u00f3 el 80 % de un comercio sobre la avenida Misiones | CVI NOTICIAS\",\"isPartOf\":{\"@id\":\"https:\\\/\\\/cvinoticias.com\\\/v3\\\/#website\"},\"primaryImageOfPage\":{\"@id\":\"https:\\\/\\\/cvinoticias.com\\\/v3\\\/puerto-iguazu-incendio-consumio-el-80-de-un-comercio-sobre-la-avenida-misiones\\\/#primaryimage\"},\"image\":{\"@id\":\"https:\\\/\\\/cvinoticias.com\\\/v3\\\/puerto-iguazu-incendio-consumio-el-80-de-un-comercio-sobre-la-avenida-misiones\\\/#primaryimage\"},\"thumbnailUrl\":\"https:\\\/\\\/cvinoticias.com\\\/wp-content\\\/uploads\\\/2021\\\/06\\\/IMG-20210602-WA0095.jpg\",\"datePublished\":\"2021-06-04T05:20:08+00:00\",\"dateModified\":\"2021-06-04T05:22:41+00:00\",\"breadcrumb\":{\"@id\":\"https:\\\/\\\/cvinoticias.com\\\/v3\\\/puerto-iguazu-incendio-consumio-el-80-de-un-comercio-sobre-la-avenida-misiones\\\/#breadcrumb\"},\"inLanguage\":\"es\",\"potentialAction\":[{\"@type\":\"ReadAction\",\"target\":[\"https:\\\/\\\/cvinoticias.com\\\/v3\\\/puerto-iguazu-incendio-consumio-el-80-de-un-comercio-sobre-la-avenida-misiones\\\/\"]}]},{\"@type\":\"ImageObject\",\"inLanguage\":\"es\",\"@id\":\"https:\\\/\\\/cvinoticias.com\\\/v3\\\/puerto-iguazu-incendio-consumio-el-80-de-un-comercio-sobre-la-avenida-misiones\\\/#primaryimage\",\"url\":\"https:\\\/\\\/cvinoticias.com\\\/wp-content\\\/uploads\\\/2021\\\/06\\\/IMG-20210602-WA0095.jpg\",\"contentUrl\":\"https:\\\/\\\/cvinoticias.com\\\/wp-content\\\/uploads\\\/2021\\\/06\\\/IMG-20210602-WA0095.jpg\",\"width\":720,\"height\":1280},{\"@type\":\"BreadcrumbList\",\"@id\":\"https:\\\/\\\/cvinoticias.com\\\/v3\\\/puerto-iguazu-incendio-consumio-el-80-de-un-comercio-sobre-la-avenida-misiones\\\/#breadcrumb\",\"itemListElement\":[{\"@type\":\"ListItem\",\"position\":1,\"name\":\"Portada\",\"item\":\"https:\\\/\\\/cvinoticias.com\\\/v3\\\/\"},{\"@type\":\"ListItem\",\"position\":2,\"name\":\"Puerto Iguaz\u00fa: Incendio consumi\u00f3 el 80 % de un comercio sobre la avenida Misiones\"}]},{\"@type\":\"WebSite\",\"@id\":\"https:\\\/\\\/cvinoticias.com\\\/v3\\\/#website\",\"url\":\"https:\\\/\\\/cvinoticias.com\\\/v3\\\/\",\"name\":\"CVI NOTICIAS\",\"description\":\"\",\"publisher\":{\"@id\":\"https:\\\/\\\/cvinoticias.com\\\/v3\\\/#organization\"},\"alternateName\":\"CVI\",\"potentialAction\":[{\"@type\":\"SearchAction\",\"target\":{\"@type\":\"EntryPoint\",\"urlTemplate\":\"https:\\\/\\\/cvinoticias.com\\\/v3\\\/?s={search_term_string}\"},\"query-input\":{\"@type\":\"PropertyValueSpecification\",\"valueRequired\":true,\"valueName\":\"search_term_string\"}}],\"inLanguage\":\"es\"},{\"@type\":\"Organization\",\"@id\":\"https:\\\/\\\/cvinoticias.com\\\/v3\\\/#organization\",\"name\":\"CVI NOTICIAS\",\"url\":\"https:\\\/\\\/cvinoticias.com\\\/v3\\\/\",\"logo\":{\"@type\":\"ImageObject\",\"inLanguage\":\"es\",\"@id\":\"https:\\\/\\\/cvinoticias.com\\\/v3\\\/#\\\/schema\\\/logo\\\/image\\\/\",\"url\":\"https:\\\/\\\/cvinoticias.com\\\/wp-content\\\/uploads\\\/2023\\\/04\\\/cropped-cropped-cropped-cropped-cropped-3-1.png\",\"contentUrl\":\"https:\\\/\\\/cvinoticias.com\\\/wp-content\\\/uploads\\\/2023\\\/04\\\/cropped-cropped-cropped-cropped-cropped-3-1.png\",\"width\":95,\"height\":122,\"caption\":\"CVI NOTICIAS\"},\"image\":{\"@id\":\"https:\\\/\\\/cvinoticias.com\\\/v3\\\/#\\\/schema\\\/logo\\\/image\\\/\"},\"sameAs\":[\"https:\\\/\\\/www.facebook.com\\\/cvinoticias\",\"https:\\\/\\\/www.instagram.com\\\/cvinoticias\\\/\",\"https:\\\/\\\/www.youtube.com\\\/@CVINOTICIAS\"]},{\"@type\":\"Person\",\"@id\":\"https:\\\/\\\/cvinoticias.com\\\/v3\\\/#\\\/schema\\\/person\\\/2db77e3c6bc03c538495d7b2b8be9b66\",\"name\":\"f1000024\",\"image\":{\"@type\":\"ImageObject\",\"inLanguage\":\"es\",\"@id\":\"https:\\\/\\\/secure.gravatar.com\\\/avatar\\\/d4fe7459cfc51ff5129ce1a732bbef5928568b8092d412ef95611616376bbeed?s=96&d=mm&r=g\",\"url\":\"https:\\\/\\\/secure.gravatar.com\\\/avatar\\\/d4fe7459cfc51ff5129ce1a732bbef5928568b8092d412ef95611616376bbeed?s=96&d=mm&r=g\",\"contentUrl\":\"https:\\\/\\\/secure.gravatar.com\\\/avatar\\\/d4fe7459cfc51ff5129ce1a732bbef5928568b8092d412ef95611616376bbeed?s=96&d=mm&r=g\",\"caption\":\"f1000024\"},\"url\":\"https:\\\/\\\/cvinoticias.com\\\/v3\\\/author\\\/f1000024\\\/\"}]}<\/script>\n<!-- \/ Yoast SEO plugin. -->","yoast_head_json":{"title":"Puerto Iguaz\u00fa: Incendio consumi\u00f3 el 80 % de un comercio sobre la avenida Misiones | CVI NOTICIAS","robots":{"index":"index","follow":"follow","max-snippet":"max-snippet:-1","max-image-preview":"max-image-preview:large","max-video-preview":"max-video-preview:-1"},"canonical":"https:\/\/cvinoticias.com\/v3\/puerto-iguazu-incendio-consumio-el-80-de-un-comercio-sobre-la-avenida-misiones\/","og_locale":"es_ES","og_type":"article","og_title":"Puerto Iguaz\u00fa: Incendio consumi\u00f3 el 80 % de un comercio sobre la avenida Misiones | CVI NOTICIAS","og_description":"El d\u00eda 02 de junio, aproximadamente a las 05 de la madrugada se produjo un incendio de gran magnitud donde consumi\u00f3 por completo un local de comidas y el 80% del local aleda\u00f1o al propagarse el fuego hacia el comercio donde funcionaba una Ferreter\u00eda. Seg\u00fan el informe del peritaje realizado por personal provenientes de la [&hellip;]","og_url":"https:\/\/cvinoticias.com\/v3\/puerto-iguazu-incendio-consumio-el-80-de-un-comercio-sobre-la-avenida-misiones\/","og_site_name":"CVI NOTICIAS","article_publisher":"https:\/\/www.facebook.com\/cvinoticias","article_published_time":"2021-06-04T05:20:08+00:00","article_modified_time":"2021-06-04T05:22:41+00:00","og_image":[{"width":720,"height":1280,"url":"https:\/\/cvinoticias.com\/wp-content\/uploads\/2021\/06\/IMG-20210602-WA0095.jpg","type":"image\/jpeg"}],"author":"f1000024","twitter_card":"summary_large_image","twitter_misc":{"Escrito por":"f1000024","Tiempo de lectura":"1 minuto"},"schema":{"@context":"https:\/\/schema.org","@graph":[{"@type":"Article","@id":"https:\/\/cvinoticias.com\/v3\/puerto-iguazu-incendio-consumio-el-80-de-un-comercio-sobre-la-avenida-misiones\/#article","isPartOf":{"@id":"https:\/\/cvinoticias.com\/v3\/puerto-iguazu-incendio-consumio-el-80-de-un-comercio-sobre-la-avenida-misiones\/"},"author":{"name":"f1000024","@id":"https:\/\/cvinoticias.com\/v3\/#\/schema\/person\/2db77e3c6bc03c538495d7b2b8be9b66"},"headline":"Puerto Iguaz\u00fa: Incendio consumi\u00f3 el 80 % de un comercio sobre la avenida Misiones","datePublished":"2021-06-04T05:20:08+00:00","dateModified":"2021-06-04T05:22:41+00:00","mainEntityOfPage":{"@id":"https:\/\/cvinoticias.com\/v3\/puerto-iguazu-incendio-consumio-el-80-de-un-comercio-sobre-la-avenida-misiones\/"},"wordCount":231,"commentCount":0,"publisher":{"@id":"https:\/\/cvinoticias.com\/v3\/#organization"},"image":{"@id":"https:\/\/cvinoticias.com\/v3\/puerto-iguazu-incendio-consumio-el-80-de-un-comercio-sobre-la-avenida-misiones\/#primaryimage"},"thumbnailUrl":"https:\/\/cvinoticias.com\/wp-content\/uploads\/2021\/06\/IMG-20210602-WA0095.jpg","articleSection":["Locales"],"inLanguage":"es","potentialAction":[{"@type":"CommentAction","name":"Comment","target":["https:\/\/cvinoticias.com\/v3\/puerto-iguazu-incendio-consumio-el-80-de-un-comercio-sobre-la-avenida-misiones\/#respond"]}]},{"@type":"WebPage","@id":"https:\/\/cvinoticias.com\/v3\/puerto-iguazu-incendio-consumio-el-80-de-un-comercio-sobre-la-avenida-misiones\/","url":"https:\/\/cvinoticias.com\/v3\/puerto-iguazu-incendio-consumio-el-80-de-un-comercio-sobre-la-avenida-misiones\/","name":"Puerto Iguaz\u00fa: Incendio consumi\u00f3 el 80 % de un comercio sobre la avenida Misiones | CVI NOTICIAS","isPartOf":{"@id":"https:\/\/cvinoticias.com\/v3\/#website"},"primaryImageOfPage":{"@id":"https:\/\/cvinoticias.com\/v3\/puerto-iguazu-incendio-consumio-el-80-de-un-comercio-sobre-la-avenida-misiones\/#primaryimage"},"image":{"@id":"https:\/\/cvinoticias.com\/v3\/puerto-iguazu-incendio-consumio-el-80-de-un-comercio-sobre-la-avenida-misiones\/#primaryimage"},"thumbnailUrl":"https:\/\/cvinoticias.com\/wp-content\/uploads\/2021\/06\/IMG-20210602-WA0095.jpg","datePublished":"2021-06-04T05:20:08+00:00","dateModified":"2021-06-04T05:22:41+00:00","breadcrumb":{"@id":"https:\/\/cvinoticias.com\/v3\/puerto-iguazu-incendio-consumio-el-80-de-un-comercio-sobre-la-avenida-misiones\/#breadcrumb"},"inLanguage":"es","potentialAction":[{"@type":"ReadAction","target":["https:\/\/cvinoticias.com\/v3\/puerto-iguazu-incendio-consumio-el-80-de-un-comercio-sobre-la-avenida-misiones\/"]}]},{"@type":"ImageObject","inLanguage":"es","@id":"https:\/\/cvinoticias.com\/v3\/puerto-iguazu-incendio-consumio-el-80-de-un-comercio-sobre-la-avenida-misiones\/#primaryimage","url":"https:\/\/cvinoticias.com\/wp-content\/uploads\/2021\/06\/IMG-20210602-WA0095.jpg","contentUrl":"https:\/\/cvinoticias.com\/wp-content\/uploads\/2021\/06\/IMG-20210602-WA0095.jpg","width":720,"height":1280},{"@type":"BreadcrumbList","@id":"https:\/\/cvinoticias.com\/v3\/puerto-iguazu-incendio-consumio-el-80-de-un-comercio-sobre-la-avenida-misiones\/#breadcrumb","itemListElement":[{"@type":"ListItem","position":1,"name":"Portada","item":"https:\/\/cvinoticias.com\/v3\/"},{"@type":"ListItem","position":2,"name":"Puerto Iguaz\u00fa: Incendio consumi\u00f3 el 80 % de un comercio sobre la avenida Misiones"}]},{"@type":"WebSite","@id":"https:\/\/cvinoticias.com\/v3\/#website","url":"https:\/\/cvinoticias.com\/v3\/","name":"CVI NOTICIAS","description":"","publisher":{"@id":"https:\/\/cvinoticias.com\/v3\/#organization"},"alternateName":"CVI","potentialAction":[{"@type":"SearchAction","target":{"@type":"EntryPoint","urlTemplate":"https:\/\/cvinoticias.com\/v3\/?s={search_term_string}"},"query-input":{"@type":"PropertyValueSpecification","valueRequired":true,"valueName":"search_term_string"}}],"inLanguage":"es"},{"@type":"Organization","@id":"https:\/\/cvinoticias.com\/v3\/#organization","name":"CVI NOTICIAS","url":"https:\/\/cvinoticias.com\/v3\/","logo":{"@type":"ImageObject","inLanguage":"es","@id":"https:\/\/cvinoticias.com\/v3\/#\/schema\/logo\/image\/","url":"https:\/\/cvinoticias.com\/wp-content\/uploads\/2023\/04\/cropped-cropped-cropped-cropped-cropped-3-1.png","contentUrl":"https:\/\/cvinoticias.com\/wp-content\/uploads\/2023\/04\/cropped-cropped-cropped-cropped-cropped-3-1.png","width":95,"height":122,"caption":"CVI NOTICIAS"},"image":{"@id":"https:\/\/cvinoticias.com\/v3\/#\/schema\/logo\/image\/"},"sameAs":["https:\/\/www.facebook.com\/cvinoticias","https:\/\/www.instagram.com\/cvinoticias\/","https:\/\/www.youtube.com\/@CVINOTICIAS"]},{"@type":"Person","@id":"https:\/\/cvinoticias.com\/v3\/#\/schema\/person\/2db77e3c6bc03c538495d7b2b8be9b66","name":"f1000024","image":{"@type":"ImageObject","inLanguage":"es","@id":"https:\/\/secure.gravatar.com\/avatar\/d4fe7459cfc51ff5129ce1a732bbef5928568b8092d412ef95611616376bbeed?s=96&d=mm&r=g","url":"https:\/\/secure.gravatar.com\/avatar\/d4fe7459cfc51ff5129ce1a732bbef5928568b8092d412ef95611616376bbeed?s=96&d=mm&r=g","contentUrl":"https:\/\/secure.gravatar.com\/avatar\/d4fe7459cfc51ff5129ce1a732bbef5928568b8092d412ef95611616376bbeed?s=96&d=mm&r=g","caption":"f1000024"},"url":"https:\/\/cvinoticias.com\/v3\/author\/f1000024\/"}]}},"_links":{"self":[{"href":"https:\/\/cvinoticias.com\/v3\/wp-json\/wp\/v2\/posts\/5686","targetHints":{"allow":["GET"]}}],"collection":[{"href":"https:\/\/cvinoticias.com\/v3\/wp-json\/wp\/v2\/posts"}],"about":[{"href":"https:\/\/cvinoticias.com\/v3\/wp-json\/wp\/v2\/types\/post"}],"author":[{"embeddable":true,"href":"https:\/\/cvinoticias.com\/v3\/wp-json\/wp\/v2\/users\/2"}],"replies":[{"embeddable":true,"href":"https:\/\/cvinoticias.com\/v3\/wp-json\/wp\/v2\/comments?post=5686"}],"version-history":[{"count":2,"href":"https:\/\/cvinoticias.com\/v3\/wp-json\/wp\/v2\/posts\/5686\/revisions"}],"predecessor-version":[{"id":5689,"href":"https:\/\/cvinoticias.com\/v3\/wp-json\/wp\/v2\/posts\/5686\/revisions\/5689"}],"wp:featuredmedia":[{"embeddable":true,"href":"https:\/\/cvinoticias.com\/v3\/wp-json\/wp\/v2\/media\/5687"}],"wp:attachment":[{"href":"https:\/\/cvinoticias.com\/v3\/wp-json\/wp\/v2\/media?parent=5686"}],"wp:term":[{"taxonomy":"category","embeddable":true,"href":"https:\/\/cvinoticias.com\/v3\/wp-json\/wp\/v2\/categories?post=5686"},{"taxonomy":"post_tag","embeddable":true,"href":"https:\/\/cvinoticias.com\/v3\/wp-json\/wp\/v2\/tags?post=5686"}],"curies":[{"name":"wp","href":"https:\/\/api.w.org\/{rel}","templated":true}]}}