{"id":5672,"date":"2021-06-03T11:35:40","date_gmt":"2021-06-03T11:35:40","guid":{"rendered":"https:\/\/cvinoticias.com\/v3\/?p=5672"},"modified":"2021-06-03T11:35:40","modified_gmt":"2021-06-03T11:35:40","slug":"el-gobierno-nacional-dispuso-aumento-en-los-haberes-de-las-fuerzas-de-seguridad","status":"publish","type":"post","link":"https:\/\/cvinoticias.com\/v3\/el-gobierno-nacional-dispuso-aumento-en-los-haberes-de-las-fuerzas-de-seguridad\/","title":{"rendered":"El Gobierno nacional dispuso aumento en los haberes de las fuerzas de seguridad"},"content":{"rendered":"\n<p><strong><em>En la Polic\u00eda Federal, un Comisario General pasar\u00e1 a cobrar un salario de 134.545,28. Tendr\u00e1 un aumento de 12 mil pesos entre agosto y septiembre, otro de seis mil en diciembre, y alcanzar\u00e1 en febrero los $165.123,76.<\/em><\/strong><\/p>\n\n\n\n<p>Mientras que, un auxiliar de s\u00e9ptima jerarqu\u00eda, que es el que menor ingreso tiene, pasar\u00e1 a cobrar en junio 38.329,78 pesos y con los sucesivos aumentos&nbsp;alcanzar\u00e1 en el segundo mes de 2022 los $47.041,09.<\/p>\n\n\n\n<p>Adem\u00e1s se elevar\u00e1n en junio, agosto, septiembre, diciembre, enero y febrero los importes correspondientes a los suplementos particulares por \u201cZona\u201d; \u201cAlta Dedicaci\u00f3n Operativa\u201d; \u201cFunci\u00f3n T\u00e9cnica de Apoyo\u201d; \u201cFunci\u00f3n Policial Operativa\u201d y \u201cFunci\u00f3n de Investigaciones\u201d; \u201cResponsabilidad por Cargo o por Funci\u00f3n\u201d y el correspondiente a la compensaci\u00f3n por recargo de servicio que percibe el personal con estado policial en actividad y el personal Auxiliar de Seguridad y Defensa, seg\u00fan corresponda, de la PFA, para las distintas jerarqu\u00edas.<\/p>\n\n\n\n<p>En el art\u00edculo 7 de la resoluci\u00f3n publicada hoy a la madrugada, se fijaron tambi\u00e9n los importes correspondientes al \u201ccomplemento por responsabilidad jer\u00e1rquica\u201d que perciben el&nbsp;Director o la Directora Nacional&nbsp;y el&nbsp;Subdirector o la Subdirectora Nacional&nbsp;de la Gendarmer\u00eda; el Prefecto o la Prefecta Nacional Naval y el Subprefecto o la Subprefecta Nacional Naval de la PNA y el Jefe o la Jefa y el Subjefe o la Subjefa de la PFA.<\/p>\n\n\n\n<p>Al Director Nacional de Gendarmer\u00eda, al Prefecto Nacional Naval y al Jefe de la Federal se le incrementar\u00e1 unos $29.511,21 en junio, $30.852,63 en agosto, $32.194,05 en septiembre, $33.267,19 en diciembre, $34.876,89 en enero y $36.218,31 en febrero. Mientras que al Subdirector Nacional de la Gendarmer\u00eda, al Subprefecto Nacional Naval y al Subjefe de la PFA: $26.619,18; $27.829,14; $29.039,10; $30.007,07; $31.459,03 y $32.668,99, en los mismos meses.<\/p>\n\n\n\n<p>Por \u00faltimo, tambi\u00e9n recibir\u00e1 un incremento del sueldo b\u00e1sico el personal de la Polic\u00eda de Seguridad Aeroportuaria. Un aspirante a oficial pasar\u00e1 a cobrar este mes 15.548,23 pesos y recibir\u00e1 una serie de aumentos en los pr\u00f3ximos meses para alcanzar en febrero los $19.081,91. Mientras que un Comisionado General que este mes cobrar\u00e1 $76.348,50, en el segundo mes de 2022 pasar\u00e1 a percibir mensualmente 93.700,43 pesos.<\/p>\n","protected":false},"excerpt":{"rendered":"<p>En la Polic\u00eda Federal, un Comisario General pasar\u00e1 a cobrar un salario de 134.545,28. Tendr\u00e1 un aumento de 12 mil pesos entre agosto y septiembre, otro de seis mil en diciembre, y alcanzar\u00e1 en febrero los $165.123,76. Mientras que, un auxiliar de s\u00e9ptima jerarqu\u00eda, que es el que menor ingreso tiene, pasar\u00e1 a cobrar en [&hellip;]<\/p>\n","protected":false},"author":2,"featured_media":5673,"comment_status":"open","ping_status":"open","sticky":false,"template":"","format":"standard","meta":{"footnotes":""},"categories":[32],"tags":[],"class_list":["post-5672","post","type-post","status-publish","format-standard","has-post-thumbnail","hentry","category-economia"],"yoast_head":"<!-- This site is optimized with the Yoast SEO plugin v27.5 - https:\/\/yoast.com\/product\/yoast-seo-wordpress\/ -->\n<title>El Gobierno nacional dispuso aumento en los haberes de las fuerzas de seguridad | CVI NOTICIAS<\/title>\n<meta name=\"robots\" content=\"index, follow, max-snippet:-1, max-image-preview:large, max-video-preview:-1\" \/>\n<link rel=\"canonical\" href=\"https:\/\/cvinoticias.com\/v3\/el-gobierno-nacional-dispuso-aumento-en-los-haberes-de-las-fuerzas-de-seguridad\/\" \/>\n<meta property=\"og:locale\" content=\"es_ES\" \/>\n<meta property=\"og:type\" content=\"article\" \/>\n<meta property=\"og:title\" content=\"El Gobierno nacional dispuso aumento en los haberes de las fuerzas de seguridad | CVI NOTICIAS\" \/>\n<meta property=\"og:description\" content=\"En la Polic\u00eda Federal, un Comisario General pasar\u00e1 a cobrar un salario de 134.545,28. Tendr\u00e1 un aumento de 12 mil pesos entre agosto y septiembre, otro de seis mil en diciembre, y alcanzar\u00e1 en febrero los $165.123,76. Mientras que, un auxiliar de s\u00e9ptima jerarqu\u00eda, que es el que menor ingreso tiene, pasar\u00e1 a cobrar en [&hellip;]\" \/>\n<meta property=\"og:url\" content=\"https:\/\/cvinoticias.com\/v3\/el-gobierno-nacional-dispuso-aumento-en-los-haberes-de-las-fuerzas-de-seguridad\/\" \/>\n<meta property=\"og:site_name\" content=\"CVI NOTICIAS\" \/>\n<meta property=\"article:publisher\" content=\"https:\/\/www.facebook.com\/cvinoticias\" \/>\n<meta property=\"article:published_time\" content=\"2021-06-03T11:35:40+00:00\" \/>\n<meta property=\"og:image\" content=\"https:\/\/cvinoticias.com\/wp-content\/uploads\/2021\/06\/unnamed.jpg\" \/>\n\t<meta property=\"og:image:width\" content=\"512\" \/>\n\t<meta property=\"og:image:height\" content=\"384\" \/>\n\t<meta property=\"og:image:type\" content=\"image\/jpeg\" \/>\n<meta name=\"author\" content=\"f1000024\" \/>\n<meta name=\"twitter:card\" content=\"summary_large_image\" \/>\n<meta name=\"twitter:label1\" content=\"Escrito por\" \/>\n\t<meta name=\"twitter:data1\" content=\"f1000024\" \/>\n\t<meta name=\"twitter:label2\" content=\"Tiempo de lectura\" \/>\n\t<meta name=\"twitter:data2\" content=\"2 minutos\" \/>\n<script type=\"application\/ld+json\" class=\"yoast-schema-graph\">{\"@context\":\"https:\\\/\\\/schema.org\",\"@graph\":[{\"@type\":\"Article\",\"@id\":\"https:\\\/\\\/cvinoticias.com\\\/v3\\\/el-gobierno-nacional-dispuso-aumento-en-los-haberes-de-las-fuerzas-de-seguridad\\\/#article\",\"isPartOf\":{\"@id\":\"https:\\\/\\\/cvinoticias.com\\\/v3\\\/el-gobierno-nacional-dispuso-aumento-en-los-haberes-de-las-fuerzas-de-seguridad\\\/\"},\"author\":{\"name\":\"f1000024\",\"@id\":\"https:\\\/\\\/cvinoticias.com\\\/v3\\\/#\\\/schema\\\/person\\\/2db77e3c6bc03c538495d7b2b8be9b66\"},\"headline\":\"El Gobierno nacional dispuso aumento en los haberes de las fuerzas de seguridad\",\"datePublished\":\"2021-06-03T11:35:40+00:00\",\"mainEntityOfPage\":{\"@id\":\"https:\\\/\\\/cvinoticias.com\\\/v3\\\/el-gobierno-nacional-dispuso-aumento-en-los-haberes-de-las-fuerzas-de-seguridad\\\/\"},\"wordCount\":374,\"commentCount\":0,\"publisher\":{\"@id\":\"https:\\\/\\\/cvinoticias.com\\\/v3\\\/#organization\"},\"image\":{\"@id\":\"https:\\\/\\\/cvinoticias.com\\\/v3\\\/el-gobierno-nacional-dispuso-aumento-en-los-haberes-de-las-fuerzas-de-seguridad\\\/#primaryimage\"},\"thumbnailUrl\":\"https:\\\/\\\/cvinoticias.com\\\/wp-content\\\/uploads\\\/2021\\\/06\\\/unnamed.jpg\",\"articleSection\":[\"Econom\u00eda\"],\"inLanguage\":\"es\",\"potentialAction\":[{\"@type\":\"CommentAction\",\"name\":\"Comment\",\"target\":[\"https:\\\/\\\/cvinoticias.com\\\/v3\\\/el-gobierno-nacional-dispuso-aumento-en-los-haberes-de-las-fuerzas-de-seguridad\\\/#respond\"]}]},{\"@type\":\"WebPage\",\"@id\":\"https:\\\/\\\/cvinoticias.com\\\/v3\\\/el-gobierno-nacional-dispuso-aumento-en-los-haberes-de-las-fuerzas-de-seguridad\\\/\",\"url\":\"https:\\\/\\\/cvinoticias.com\\\/v3\\\/el-gobierno-nacional-dispuso-aumento-en-los-haberes-de-las-fuerzas-de-seguridad\\\/\",\"name\":\"El Gobierno nacional dispuso aumento en los haberes de las fuerzas de seguridad | CVI NOTICIAS\",\"isPartOf\":{\"@id\":\"https:\\\/\\\/cvinoticias.com\\\/v3\\\/#website\"},\"primaryImageOfPage\":{\"@id\":\"https:\\\/\\\/cvinoticias.com\\\/v3\\\/el-gobierno-nacional-dispuso-aumento-en-los-haberes-de-las-fuerzas-de-seguridad\\\/#primaryimage\"},\"image\":{\"@id\":\"https:\\\/\\\/cvinoticias.com\\\/v3\\\/el-gobierno-nacional-dispuso-aumento-en-los-haberes-de-las-fuerzas-de-seguridad\\\/#primaryimage\"},\"thumbnailUrl\":\"https:\\\/\\\/cvinoticias.com\\\/wp-content\\\/uploads\\\/2021\\\/06\\\/unnamed.jpg\",\"datePublished\":\"2021-06-03T11:35:40+00:00\",\"breadcrumb\":{\"@id\":\"https:\\\/\\\/cvinoticias.com\\\/v3\\\/el-gobierno-nacional-dispuso-aumento-en-los-haberes-de-las-fuerzas-de-seguridad\\\/#breadcrumb\"},\"inLanguage\":\"es\",\"potentialAction\":[{\"@type\":\"ReadAction\",\"target\":[\"https:\\\/\\\/cvinoticias.com\\\/v3\\\/el-gobierno-nacional-dispuso-aumento-en-los-haberes-de-las-fuerzas-de-seguridad\\\/\"]}]},{\"@type\":\"ImageObject\",\"inLanguage\":\"es\",\"@id\":\"https:\\\/\\\/cvinoticias.com\\\/v3\\\/el-gobierno-nacional-dispuso-aumento-en-los-haberes-de-las-fuerzas-de-seguridad\\\/#primaryimage\",\"url\":\"https:\\\/\\\/cvinoticias.com\\\/wp-content\\\/uploads\\\/2021\\\/06\\\/unnamed.jpg\",\"contentUrl\":\"https:\\\/\\\/cvinoticias.com\\\/wp-content\\\/uploads\\\/2021\\\/06\\\/unnamed.jpg\",\"width\":512,\"height\":384},{\"@type\":\"BreadcrumbList\",\"@id\":\"https:\\\/\\\/cvinoticias.com\\\/v3\\\/el-gobierno-nacional-dispuso-aumento-en-los-haberes-de-las-fuerzas-de-seguridad\\\/#breadcrumb\",\"itemListElement\":[{\"@type\":\"ListItem\",\"position\":1,\"name\":\"Portada\",\"item\":\"https:\\\/\\\/cvinoticias.com\\\/v3\\\/\"},{\"@type\":\"ListItem\",\"position\":2,\"name\":\"El Gobierno nacional dispuso aumento en los haberes de las fuerzas de seguridad\"}]},{\"@type\":\"WebSite\",\"@id\":\"https:\\\/\\\/cvinoticias.com\\\/v3\\\/#website\",\"url\":\"https:\\\/\\\/cvinoticias.com\\\/v3\\\/\",\"name\":\"CVI NOTICIAS\",\"description\":\"\",\"publisher\":{\"@id\":\"https:\\\/\\\/cvinoticias.com\\\/v3\\\/#organization\"},\"alternateName\":\"CVI\",\"potentialAction\":[{\"@type\":\"SearchAction\",\"target\":{\"@type\":\"EntryPoint\",\"urlTemplate\":\"https:\\\/\\\/cvinoticias.com\\\/v3\\\/?s={search_term_string}\"},\"query-input\":{\"@type\":\"PropertyValueSpecification\",\"valueRequired\":true,\"valueName\":\"search_term_string\"}}],\"inLanguage\":\"es\"},{\"@type\":\"Organization\",\"@id\":\"https:\\\/\\\/cvinoticias.com\\\/v3\\\/#organization\",\"name\":\"CVI NOTICIAS\",\"url\":\"https:\\\/\\\/cvinoticias.com\\\/v3\\\/\",\"logo\":{\"@type\":\"ImageObject\",\"inLanguage\":\"es\",\"@id\":\"https:\\\/\\\/cvinoticias.com\\\/v3\\\/#\\\/schema\\\/logo\\\/image\\\/\",\"url\":\"https:\\\/\\\/cvinoticias.com\\\/wp-content\\\/uploads\\\/2023\\\/04\\\/cropped-cropped-cropped-cropped-cropped-3-1.png\",\"contentUrl\":\"https:\\\/\\\/cvinoticias.com\\\/wp-content\\\/uploads\\\/2023\\\/04\\\/cropped-cropped-cropped-cropped-cropped-3-1.png\",\"width\":95,\"height\":122,\"caption\":\"CVI NOTICIAS\"},\"image\":{\"@id\":\"https:\\\/\\\/cvinoticias.com\\\/v3\\\/#\\\/schema\\\/logo\\\/image\\\/\"},\"sameAs\":[\"https:\\\/\\\/www.facebook.com\\\/cvinoticias\",\"https:\\\/\\\/www.instagram.com\\\/cvinoticias\\\/\",\"https:\\\/\\\/www.youtube.com\\\/@CVINOTICIAS\"]},{\"@type\":\"Person\",\"@id\":\"https:\\\/\\\/cvinoticias.com\\\/v3\\\/#\\\/schema\\\/person\\\/2db77e3c6bc03c538495d7b2b8be9b66\",\"name\":\"f1000024\",\"image\":{\"@type\":\"ImageObject\",\"inLanguage\":\"es\",\"@id\":\"https:\\\/\\\/secure.gravatar.com\\\/avatar\\\/d4fe7459cfc51ff5129ce1a732bbef5928568b8092d412ef95611616376bbeed?s=96&d=mm&r=g\",\"url\":\"https:\\\/\\\/secure.gravatar.com\\\/avatar\\\/d4fe7459cfc51ff5129ce1a732bbef5928568b8092d412ef95611616376bbeed?s=96&d=mm&r=g\",\"contentUrl\":\"https:\\\/\\\/secure.gravatar.com\\\/avatar\\\/d4fe7459cfc51ff5129ce1a732bbef5928568b8092d412ef95611616376bbeed?s=96&d=mm&r=g\",\"caption\":\"f1000024\"},\"url\":\"https:\\\/\\\/cvinoticias.com\\\/v3\\\/author\\\/f1000024\\\/\"}]}<\/script>\n<!-- \/ Yoast SEO plugin. -->","yoast_head_json":{"title":"El Gobierno nacional dispuso aumento en los haberes de las fuerzas de seguridad | CVI NOTICIAS","robots":{"index":"index","follow":"follow","max-snippet":"max-snippet:-1","max-image-preview":"max-image-preview:large","max-video-preview":"max-video-preview:-1"},"canonical":"https:\/\/cvinoticias.com\/v3\/el-gobierno-nacional-dispuso-aumento-en-los-haberes-de-las-fuerzas-de-seguridad\/","og_locale":"es_ES","og_type":"article","og_title":"El Gobierno nacional dispuso aumento en los haberes de las fuerzas de seguridad | CVI NOTICIAS","og_description":"En la Polic\u00eda Federal, un Comisario General pasar\u00e1 a cobrar un salario de 134.545,28. Tendr\u00e1 un aumento de 12 mil pesos entre agosto y septiembre, otro de seis mil en diciembre, y alcanzar\u00e1 en febrero los $165.123,76. Mientras que, un auxiliar de s\u00e9ptima jerarqu\u00eda, que es el que menor ingreso tiene, pasar\u00e1 a cobrar en [&hellip;]","og_url":"https:\/\/cvinoticias.com\/v3\/el-gobierno-nacional-dispuso-aumento-en-los-haberes-de-las-fuerzas-de-seguridad\/","og_site_name":"CVI NOTICIAS","article_publisher":"https:\/\/www.facebook.com\/cvinoticias","article_published_time":"2021-06-03T11:35:40+00:00","og_image":[{"width":512,"height":384,"url":"https:\/\/cvinoticias.com\/wp-content\/uploads\/2021\/06\/unnamed.jpg","type":"image\/jpeg"}],"author":"f1000024","twitter_card":"summary_large_image","twitter_misc":{"Escrito por":"f1000024","Tiempo de lectura":"2 minutos"},"schema":{"@context":"https:\/\/schema.org","@graph":[{"@type":"Article","@id":"https:\/\/cvinoticias.com\/v3\/el-gobierno-nacional-dispuso-aumento-en-los-haberes-de-las-fuerzas-de-seguridad\/#article","isPartOf":{"@id":"https:\/\/cvinoticias.com\/v3\/el-gobierno-nacional-dispuso-aumento-en-los-haberes-de-las-fuerzas-de-seguridad\/"},"author":{"name":"f1000024","@id":"https:\/\/cvinoticias.com\/v3\/#\/schema\/person\/2db77e3c6bc03c538495d7b2b8be9b66"},"headline":"El Gobierno nacional dispuso aumento en los haberes de las fuerzas de seguridad","datePublished":"2021-06-03T11:35:40+00:00","mainEntityOfPage":{"@id":"https:\/\/cvinoticias.com\/v3\/el-gobierno-nacional-dispuso-aumento-en-los-haberes-de-las-fuerzas-de-seguridad\/"},"wordCount":374,"commentCount":0,"publisher":{"@id":"https:\/\/cvinoticias.com\/v3\/#organization"},"image":{"@id":"https:\/\/cvinoticias.com\/v3\/el-gobierno-nacional-dispuso-aumento-en-los-haberes-de-las-fuerzas-de-seguridad\/#primaryimage"},"thumbnailUrl":"https:\/\/cvinoticias.com\/wp-content\/uploads\/2021\/06\/unnamed.jpg","articleSection":["Econom\u00eda"],"inLanguage":"es","potentialAction":[{"@type":"CommentAction","name":"Comment","target":["https:\/\/cvinoticias.com\/v3\/el-gobierno-nacional-dispuso-aumento-en-los-haberes-de-las-fuerzas-de-seguridad\/#respond"]}]},{"@type":"WebPage","@id":"https:\/\/cvinoticias.com\/v3\/el-gobierno-nacional-dispuso-aumento-en-los-haberes-de-las-fuerzas-de-seguridad\/","url":"https:\/\/cvinoticias.com\/v3\/el-gobierno-nacional-dispuso-aumento-en-los-haberes-de-las-fuerzas-de-seguridad\/","name":"El Gobierno nacional dispuso aumento en los haberes de las fuerzas de seguridad | CVI NOTICIAS","isPartOf":{"@id":"https:\/\/cvinoticias.com\/v3\/#website"},"primaryImageOfPage":{"@id":"https:\/\/cvinoticias.com\/v3\/el-gobierno-nacional-dispuso-aumento-en-los-haberes-de-las-fuerzas-de-seguridad\/#primaryimage"},"image":{"@id":"https:\/\/cvinoticias.com\/v3\/el-gobierno-nacional-dispuso-aumento-en-los-haberes-de-las-fuerzas-de-seguridad\/#primaryimage"},"thumbnailUrl":"https:\/\/cvinoticias.com\/wp-content\/uploads\/2021\/06\/unnamed.jpg","datePublished":"2021-06-03T11:35:40+00:00","breadcrumb":{"@id":"https:\/\/cvinoticias.com\/v3\/el-gobierno-nacional-dispuso-aumento-en-los-haberes-de-las-fuerzas-de-seguridad\/#breadcrumb"},"inLanguage":"es","potentialAction":[{"@type":"ReadAction","target":["https:\/\/cvinoticias.com\/v3\/el-gobierno-nacional-dispuso-aumento-en-los-haberes-de-las-fuerzas-de-seguridad\/"]}]},{"@type":"ImageObject","inLanguage":"es","@id":"https:\/\/cvinoticias.com\/v3\/el-gobierno-nacional-dispuso-aumento-en-los-haberes-de-las-fuerzas-de-seguridad\/#primaryimage","url":"https:\/\/cvinoticias.com\/wp-content\/uploads\/2021\/06\/unnamed.jpg","contentUrl":"https:\/\/cvinoticias.com\/wp-content\/uploads\/2021\/06\/unnamed.jpg","width":512,"height":384},{"@type":"BreadcrumbList","@id":"https:\/\/cvinoticias.com\/v3\/el-gobierno-nacional-dispuso-aumento-en-los-haberes-de-las-fuerzas-de-seguridad\/#breadcrumb","itemListElement":[{"@type":"ListItem","position":1,"name":"Portada","item":"https:\/\/cvinoticias.com\/v3\/"},{"@type":"ListItem","position":2,"name":"El Gobierno nacional dispuso aumento en los haberes de las fuerzas de seguridad"}]},{"@type":"WebSite","@id":"https:\/\/cvinoticias.com\/v3\/#website","url":"https:\/\/cvinoticias.com\/v3\/","name":"CVI NOTICIAS","description":"","publisher":{"@id":"https:\/\/cvinoticias.com\/v3\/#organization"},"alternateName":"CVI","potentialAction":[{"@type":"SearchAction","target":{"@type":"EntryPoint","urlTemplate":"https:\/\/cvinoticias.com\/v3\/?s={search_term_string}"},"query-input":{"@type":"PropertyValueSpecification","valueRequired":true,"valueName":"search_term_string"}}],"inLanguage":"es"},{"@type":"Organization","@id":"https:\/\/cvinoticias.com\/v3\/#organization","name":"CVI NOTICIAS","url":"https:\/\/cvinoticias.com\/v3\/","logo":{"@type":"ImageObject","inLanguage":"es","@id":"https:\/\/cvinoticias.com\/v3\/#\/schema\/logo\/image\/","url":"https:\/\/cvinoticias.com\/wp-content\/uploads\/2023\/04\/cropped-cropped-cropped-cropped-cropped-3-1.png","contentUrl":"https:\/\/cvinoticias.com\/wp-content\/uploads\/2023\/04\/cropped-cropped-cropped-cropped-cropped-3-1.png","width":95,"height":122,"caption":"CVI NOTICIAS"},"image":{"@id":"https:\/\/cvinoticias.com\/v3\/#\/schema\/logo\/image\/"},"sameAs":["https:\/\/www.facebook.com\/cvinoticias","https:\/\/www.instagram.com\/cvinoticias\/","https:\/\/www.youtube.com\/@CVINOTICIAS"]},{"@type":"Person","@id":"https:\/\/cvinoticias.com\/v3\/#\/schema\/person\/2db77e3c6bc03c538495d7b2b8be9b66","name":"f1000024","image":{"@type":"ImageObject","inLanguage":"es","@id":"https:\/\/secure.gravatar.com\/avatar\/d4fe7459cfc51ff5129ce1a732bbef5928568b8092d412ef95611616376bbeed?s=96&d=mm&r=g","url":"https:\/\/secure.gravatar.com\/avatar\/d4fe7459cfc51ff5129ce1a732bbef5928568b8092d412ef95611616376bbeed?s=96&d=mm&r=g","contentUrl":"https:\/\/secure.gravatar.com\/avatar\/d4fe7459cfc51ff5129ce1a732bbef5928568b8092d412ef95611616376bbeed?s=96&d=mm&r=g","caption":"f1000024"},"url":"https:\/\/cvinoticias.com\/v3\/author\/f1000024\/"}]}},"_links":{"self":[{"href":"https:\/\/cvinoticias.com\/v3\/wp-json\/wp\/v2\/posts\/5672","targetHints":{"allow":["GET"]}}],"collection":[{"href":"https:\/\/cvinoticias.com\/v3\/wp-json\/wp\/v2\/posts"}],"about":[{"href":"https:\/\/cvinoticias.com\/v3\/wp-json\/wp\/v2\/types\/post"}],"author":[{"embeddable":true,"href":"https:\/\/cvinoticias.com\/v3\/wp-json\/wp\/v2\/users\/2"}],"replies":[{"embeddable":true,"href":"https:\/\/cvinoticias.com\/v3\/wp-json\/wp\/v2\/comments?post=5672"}],"version-history":[{"count":1,"href":"https:\/\/cvinoticias.com\/v3\/wp-json\/wp\/v2\/posts\/5672\/revisions"}],"predecessor-version":[{"id":5674,"href":"https:\/\/cvinoticias.com\/v3\/wp-json\/wp\/v2\/posts\/5672\/revisions\/5674"}],"wp:featuredmedia":[{"embeddable":true,"href":"https:\/\/cvinoticias.com\/v3\/wp-json\/wp\/v2\/media\/5673"}],"wp:attachment":[{"href":"https:\/\/cvinoticias.com\/v3\/wp-json\/wp\/v2\/media?parent=5672"}],"wp:term":[{"taxonomy":"category","embeddable":true,"href":"https:\/\/cvinoticias.com\/v3\/wp-json\/wp\/v2\/categories?post=5672"},{"taxonomy":"post_tag","embeddable":true,"href":"https:\/\/cvinoticias.com\/v3\/wp-json\/wp\/v2\/tags?post=5672"}],"curies":[{"name":"wp","href":"https:\/\/api.w.org\/{rel}","templated":true}]}}