{"id":5652,"date":"2021-06-02T13:08:39","date_gmt":"2021-06-02T13:08:39","guid":{"rendered":"https:\/\/cvinoticias.com\/v3\/?p=5652"},"modified":"2021-06-02T13:08:39","modified_gmt":"2021-06-02T13:08:39","slug":"solicitaron-el-arresto-inmediato-del-juez-destituido-de-iguazu-pedro-fragueiro","status":"publish","type":"post","link":"https:\/\/cvinoticias.com\/v3\/solicitaron-el-arresto-inmediato-del-juez-destituido-de-iguazu-pedro-fragueiro\/","title":{"rendered":"Solicitaron el arresto inmediato del juez destituido de Iguaz\u00fa, Pedro Fragueiro"},"content":{"rendered":"\n<p><strong><em>Tras haber sido destituido por el Jurado de Enjuiciamiento de Magistrado del Juzgado de Familia de Puerto Iguaz\u00fa, una de las denunciantes del juez Pedro Fragueiro pidi\u00f3 su detenci\u00f3n.<\/em><\/strong><\/p>\n\n\n\n<p>Harry Foos, abogado de la mujer de 23 a\u00f1os y trabajadora judicial de la Ciudad de las Cataratas, present\u00f3 este martes formalmente la denuncia.<\/p>\n\n\n\n<p>El entorpecimiento del proceso, requisito planteado ante la consideraci\u00f3n de que el acusado hasta el lunes era titular del Juzgado de Familia y Violencia Familiar 2 de Puerto Iguaz\u00fa, se recalc\u00f3 entre los fundamentos que entreg\u00f3 la querella.<\/p>\n\n\n\n<p>Fragueiro utiliz\u00f3 su poder o condici\u00f3n de juez para la comisi\u00f3n de los delitos mencionados. Algo similar podr\u00eda ocurrir con la intenci\u00f3n de entorpecer la instrucci\u00f3n del expediente, describen las acusaciones.<\/p>\n\n\n\n<p><\/p>\n\n\n\n<p>Fuente: Revista C\u00f3digos <\/p>\n","protected":false},"excerpt":{"rendered":"<p>Tras haber sido destituido por el Jurado de Enjuiciamiento de Magistrado del Juzgado de Familia de Puerto Iguaz\u00fa, una de las denunciantes del juez Pedro Fragueiro pidi\u00f3 su detenci\u00f3n. Harry Foos, abogado de la mujer de 23 a\u00f1os y trabajadora judicial de la Ciudad de las Cataratas, present\u00f3 este martes formalmente la denuncia. El entorpecimiento [&hellip;]<\/p>\n","protected":false},"author":2,"featured_media":5653,"comment_status":"open","ping_status":"open","sticky":false,"template":"","format":"standard","meta":{"footnotes":""},"categories":[37,29],"tags":[],"class_list":["post-5652","post","type-post","status-publish","format-standard","has-post-thumbnail","hentry","category-justicia","category-locales"],"yoast_head":"<!-- This site is optimized with the Yoast SEO plugin v27.5 - https:\/\/yoast.com\/product\/yoast-seo-wordpress\/ -->\n<title>Solicitaron el arresto inmediato del juez destituido de Iguaz\u00fa, Pedro Fragueiro | CVI NOTICIAS<\/title>\n<meta name=\"robots\" content=\"index, follow, max-snippet:-1, max-image-preview:large, max-video-preview:-1\" \/>\n<link rel=\"canonical\" href=\"https:\/\/cvinoticias.com\/v3\/solicitaron-el-arresto-inmediato-del-juez-destituido-de-iguazu-pedro-fragueiro\/\" \/>\n<meta property=\"og:locale\" content=\"es_ES\" \/>\n<meta property=\"og:type\" content=\"article\" \/>\n<meta property=\"og:title\" content=\"Solicitaron el arresto inmediato del juez destituido de Iguaz\u00fa, Pedro Fragueiro | CVI NOTICIAS\" \/>\n<meta property=\"og:description\" content=\"Tras haber sido destituido por el Jurado de Enjuiciamiento de Magistrado del Juzgado de Familia de Puerto Iguaz\u00fa, una de las denunciantes del juez Pedro Fragueiro pidi\u00f3 su detenci\u00f3n. Harry Foos, abogado de la mujer de 23 a\u00f1os y trabajadora judicial de la Ciudad de las Cataratas, present\u00f3 este martes formalmente la denuncia. El entorpecimiento [&hellip;]\" \/>\n<meta property=\"og:url\" content=\"https:\/\/cvinoticias.com\/v3\/solicitaron-el-arresto-inmediato-del-juez-destituido-de-iguazu-pedro-fragueiro\/\" \/>\n<meta property=\"og:site_name\" content=\"CVI NOTICIAS\" \/>\n<meta property=\"article:publisher\" content=\"https:\/\/www.facebook.com\/cvinoticias\" \/>\n<meta property=\"article:published_time\" content=\"2021-06-02T13:08:39+00:00\" \/>\n<meta property=\"og:image\" content=\"https:\/\/cvinoticias.com\/wp-content\/uploads\/2021\/06\/abuso.jpg\" \/>\n\t<meta property=\"og:image:width\" content=\"502\" \/>\n\t<meta property=\"og:image:height\" content=\"531\" \/>\n\t<meta property=\"og:image:type\" content=\"image\/jpeg\" \/>\n<meta name=\"author\" content=\"f1000024\" \/>\n<meta name=\"twitter:card\" content=\"summary_large_image\" \/>\n<meta name=\"twitter:label1\" content=\"Escrito por\" \/>\n\t<meta name=\"twitter:data1\" content=\"f1000024\" \/>\n\t<meta name=\"twitter:label2\" content=\"Tiempo de lectura\" \/>\n\t<meta name=\"twitter:data2\" content=\"1 minuto\" \/>\n<script type=\"application\/ld+json\" class=\"yoast-schema-graph\">{\"@context\":\"https:\\\/\\\/schema.org\",\"@graph\":[{\"@type\":\"Article\",\"@id\":\"https:\\\/\\\/cvinoticias.com\\\/v3\\\/solicitaron-el-arresto-inmediato-del-juez-destituido-de-iguazu-pedro-fragueiro\\\/#article\",\"isPartOf\":{\"@id\":\"https:\\\/\\\/cvinoticias.com\\\/v3\\\/solicitaron-el-arresto-inmediato-del-juez-destituido-de-iguazu-pedro-fragueiro\\\/\"},\"author\":{\"name\":\"f1000024\",\"@id\":\"https:\\\/\\\/cvinoticias.com\\\/v3\\\/#\\\/schema\\\/person\\\/2db77e3c6bc03c538495d7b2b8be9b66\"},\"headline\":\"Solicitaron el arresto inmediato del juez destituido de Iguaz\u00fa, Pedro Fragueiro\",\"datePublished\":\"2021-06-02T13:08:39+00:00\",\"mainEntityOfPage\":{\"@id\":\"https:\\\/\\\/cvinoticias.com\\\/v3\\\/solicitaron-el-arresto-inmediato-del-juez-destituido-de-iguazu-pedro-fragueiro\\\/\"},\"wordCount\":143,\"commentCount\":0,\"publisher\":{\"@id\":\"https:\\\/\\\/cvinoticias.com\\\/v3\\\/#organization\"},\"image\":{\"@id\":\"https:\\\/\\\/cvinoticias.com\\\/v3\\\/solicitaron-el-arresto-inmediato-del-juez-destituido-de-iguazu-pedro-fragueiro\\\/#primaryimage\"},\"thumbnailUrl\":\"https:\\\/\\\/cvinoticias.com\\\/wp-content\\\/uploads\\\/2021\\\/06\\\/abuso.jpg\",\"articleSection\":[\"Justicia\",\"Locales\"],\"inLanguage\":\"es\",\"potentialAction\":[{\"@type\":\"CommentAction\",\"name\":\"Comment\",\"target\":[\"https:\\\/\\\/cvinoticias.com\\\/v3\\\/solicitaron-el-arresto-inmediato-del-juez-destituido-de-iguazu-pedro-fragueiro\\\/#respond\"]}]},{\"@type\":\"WebPage\",\"@id\":\"https:\\\/\\\/cvinoticias.com\\\/v3\\\/solicitaron-el-arresto-inmediato-del-juez-destituido-de-iguazu-pedro-fragueiro\\\/\",\"url\":\"https:\\\/\\\/cvinoticias.com\\\/v3\\\/solicitaron-el-arresto-inmediato-del-juez-destituido-de-iguazu-pedro-fragueiro\\\/\",\"name\":\"Solicitaron el arresto inmediato del juez destituido de Iguaz\u00fa, Pedro Fragueiro | CVI NOTICIAS\",\"isPartOf\":{\"@id\":\"https:\\\/\\\/cvinoticias.com\\\/v3\\\/#website\"},\"primaryImageOfPage\":{\"@id\":\"https:\\\/\\\/cvinoticias.com\\\/v3\\\/solicitaron-el-arresto-inmediato-del-juez-destituido-de-iguazu-pedro-fragueiro\\\/#primaryimage\"},\"image\":{\"@id\":\"https:\\\/\\\/cvinoticias.com\\\/v3\\\/solicitaron-el-arresto-inmediato-del-juez-destituido-de-iguazu-pedro-fragueiro\\\/#primaryimage\"},\"thumbnailUrl\":\"https:\\\/\\\/cvinoticias.com\\\/wp-content\\\/uploads\\\/2021\\\/06\\\/abuso.jpg\",\"datePublished\":\"2021-06-02T13:08:39+00:00\",\"breadcrumb\":{\"@id\":\"https:\\\/\\\/cvinoticias.com\\\/v3\\\/solicitaron-el-arresto-inmediato-del-juez-destituido-de-iguazu-pedro-fragueiro\\\/#breadcrumb\"},\"inLanguage\":\"es\",\"potentialAction\":[{\"@type\":\"ReadAction\",\"target\":[\"https:\\\/\\\/cvinoticias.com\\\/v3\\\/solicitaron-el-arresto-inmediato-del-juez-destituido-de-iguazu-pedro-fragueiro\\\/\"]}]},{\"@type\":\"ImageObject\",\"inLanguage\":\"es\",\"@id\":\"https:\\\/\\\/cvinoticias.com\\\/v3\\\/solicitaron-el-arresto-inmediato-del-juez-destituido-de-iguazu-pedro-fragueiro\\\/#primaryimage\",\"url\":\"https:\\\/\\\/cvinoticias.com\\\/wp-content\\\/uploads\\\/2021\\\/06\\\/abuso.jpg\",\"contentUrl\":\"https:\\\/\\\/cvinoticias.com\\\/wp-content\\\/uploads\\\/2021\\\/06\\\/abuso.jpg\",\"width\":502,\"height\":531},{\"@type\":\"BreadcrumbList\",\"@id\":\"https:\\\/\\\/cvinoticias.com\\\/v3\\\/solicitaron-el-arresto-inmediato-del-juez-destituido-de-iguazu-pedro-fragueiro\\\/#breadcrumb\",\"itemListElement\":[{\"@type\":\"ListItem\",\"position\":1,\"name\":\"Portada\",\"item\":\"https:\\\/\\\/cvinoticias.com\\\/v3\\\/\"},{\"@type\":\"ListItem\",\"position\":2,\"name\":\"Solicitaron el arresto inmediato del juez destituido de Iguaz\u00fa, Pedro Fragueiro\"}]},{\"@type\":\"WebSite\",\"@id\":\"https:\\\/\\\/cvinoticias.com\\\/v3\\\/#website\",\"url\":\"https:\\\/\\\/cvinoticias.com\\\/v3\\\/\",\"name\":\"CVI NOTICIAS\",\"description\":\"\",\"publisher\":{\"@id\":\"https:\\\/\\\/cvinoticias.com\\\/v3\\\/#organization\"},\"alternateName\":\"CVI\",\"potentialAction\":[{\"@type\":\"SearchAction\",\"target\":{\"@type\":\"EntryPoint\",\"urlTemplate\":\"https:\\\/\\\/cvinoticias.com\\\/v3\\\/?s={search_term_string}\"},\"query-input\":{\"@type\":\"PropertyValueSpecification\",\"valueRequired\":true,\"valueName\":\"search_term_string\"}}],\"inLanguage\":\"es\"},{\"@type\":\"Organization\",\"@id\":\"https:\\\/\\\/cvinoticias.com\\\/v3\\\/#organization\",\"name\":\"CVI NOTICIAS\",\"url\":\"https:\\\/\\\/cvinoticias.com\\\/v3\\\/\",\"logo\":{\"@type\":\"ImageObject\",\"inLanguage\":\"es\",\"@id\":\"https:\\\/\\\/cvinoticias.com\\\/v3\\\/#\\\/schema\\\/logo\\\/image\\\/\",\"url\":\"https:\\\/\\\/cvinoticias.com\\\/wp-content\\\/uploads\\\/2023\\\/04\\\/cropped-cropped-cropped-cropped-cropped-3-1.png\",\"contentUrl\":\"https:\\\/\\\/cvinoticias.com\\\/wp-content\\\/uploads\\\/2023\\\/04\\\/cropped-cropped-cropped-cropped-cropped-3-1.png\",\"width\":95,\"height\":122,\"caption\":\"CVI NOTICIAS\"},\"image\":{\"@id\":\"https:\\\/\\\/cvinoticias.com\\\/v3\\\/#\\\/schema\\\/logo\\\/image\\\/\"},\"sameAs\":[\"https:\\\/\\\/www.facebook.com\\\/cvinoticias\",\"https:\\\/\\\/www.instagram.com\\\/cvinoticias\\\/\",\"https:\\\/\\\/www.youtube.com\\\/@CVINOTICIAS\"]},{\"@type\":\"Person\",\"@id\":\"https:\\\/\\\/cvinoticias.com\\\/v3\\\/#\\\/schema\\\/person\\\/2db77e3c6bc03c538495d7b2b8be9b66\",\"name\":\"f1000024\",\"image\":{\"@type\":\"ImageObject\",\"inLanguage\":\"es\",\"@id\":\"https:\\\/\\\/secure.gravatar.com\\\/avatar\\\/d4fe7459cfc51ff5129ce1a732bbef5928568b8092d412ef95611616376bbeed?s=96&d=mm&r=g\",\"url\":\"https:\\\/\\\/secure.gravatar.com\\\/avatar\\\/d4fe7459cfc51ff5129ce1a732bbef5928568b8092d412ef95611616376bbeed?s=96&d=mm&r=g\",\"contentUrl\":\"https:\\\/\\\/secure.gravatar.com\\\/avatar\\\/d4fe7459cfc51ff5129ce1a732bbef5928568b8092d412ef95611616376bbeed?s=96&d=mm&r=g\",\"caption\":\"f1000024\"},\"url\":\"https:\\\/\\\/cvinoticias.com\\\/v3\\\/author\\\/f1000024\\\/\"}]}<\/script>\n<!-- \/ Yoast SEO plugin. -->","yoast_head_json":{"title":"Solicitaron el arresto inmediato del juez destituido de Iguaz\u00fa, Pedro Fragueiro | CVI NOTICIAS","robots":{"index":"index","follow":"follow","max-snippet":"max-snippet:-1","max-image-preview":"max-image-preview:large","max-video-preview":"max-video-preview:-1"},"canonical":"https:\/\/cvinoticias.com\/v3\/solicitaron-el-arresto-inmediato-del-juez-destituido-de-iguazu-pedro-fragueiro\/","og_locale":"es_ES","og_type":"article","og_title":"Solicitaron el arresto inmediato del juez destituido de Iguaz\u00fa, Pedro Fragueiro | CVI NOTICIAS","og_description":"Tras haber sido destituido por el Jurado de Enjuiciamiento de Magistrado del Juzgado de Familia de Puerto Iguaz\u00fa, una de las denunciantes del juez Pedro Fragueiro pidi\u00f3 su detenci\u00f3n. Harry Foos, abogado de la mujer de 23 a\u00f1os y trabajadora judicial de la Ciudad de las Cataratas, present\u00f3 este martes formalmente la denuncia. El entorpecimiento [&hellip;]","og_url":"https:\/\/cvinoticias.com\/v3\/solicitaron-el-arresto-inmediato-del-juez-destituido-de-iguazu-pedro-fragueiro\/","og_site_name":"CVI NOTICIAS","article_publisher":"https:\/\/www.facebook.com\/cvinoticias","article_published_time":"2021-06-02T13:08:39+00:00","og_image":[{"width":502,"height":531,"url":"https:\/\/cvinoticias.com\/wp-content\/uploads\/2021\/06\/abuso.jpg","type":"image\/jpeg"}],"author":"f1000024","twitter_card":"summary_large_image","twitter_misc":{"Escrito por":"f1000024","Tiempo de lectura":"1 minuto"},"schema":{"@context":"https:\/\/schema.org","@graph":[{"@type":"Article","@id":"https:\/\/cvinoticias.com\/v3\/solicitaron-el-arresto-inmediato-del-juez-destituido-de-iguazu-pedro-fragueiro\/#article","isPartOf":{"@id":"https:\/\/cvinoticias.com\/v3\/solicitaron-el-arresto-inmediato-del-juez-destituido-de-iguazu-pedro-fragueiro\/"},"author":{"name":"f1000024","@id":"https:\/\/cvinoticias.com\/v3\/#\/schema\/person\/2db77e3c6bc03c538495d7b2b8be9b66"},"headline":"Solicitaron el arresto inmediato del juez destituido de Iguaz\u00fa, Pedro Fragueiro","datePublished":"2021-06-02T13:08:39+00:00","mainEntityOfPage":{"@id":"https:\/\/cvinoticias.com\/v3\/solicitaron-el-arresto-inmediato-del-juez-destituido-de-iguazu-pedro-fragueiro\/"},"wordCount":143,"commentCount":0,"publisher":{"@id":"https:\/\/cvinoticias.com\/v3\/#organization"},"image":{"@id":"https:\/\/cvinoticias.com\/v3\/solicitaron-el-arresto-inmediato-del-juez-destituido-de-iguazu-pedro-fragueiro\/#primaryimage"},"thumbnailUrl":"https:\/\/cvinoticias.com\/wp-content\/uploads\/2021\/06\/abuso.jpg","articleSection":["Justicia","Locales"],"inLanguage":"es","potentialAction":[{"@type":"CommentAction","name":"Comment","target":["https:\/\/cvinoticias.com\/v3\/solicitaron-el-arresto-inmediato-del-juez-destituido-de-iguazu-pedro-fragueiro\/#respond"]}]},{"@type":"WebPage","@id":"https:\/\/cvinoticias.com\/v3\/solicitaron-el-arresto-inmediato-del-juez-destituido-de-iguazu-pedro-fragueiro\/","url":"https:\/\/cvinoticias.com\/v3\/solicitaron-el-arresto-inmediato-del-juez-destituido-de-iguazu-pedro-fragueiro\/","name":"Solicitaron el arresto inmediato del juez destituido de Iguaz\u00fa, Pedro Fragueiro | CVI NOTICIAS","isPartOf":{"@id":"https:\/\/cvinoticias.com\/v3\/#website"},"primaryImageOfPage":{"@id":"https:\/\/cvinoticias.com\/v3\/solicitaron-el-arresto-inmediato-del-juez-destituido-de-iguazu-pedro-fragueiro\/#primaryimage"},"image":{"@id":"https:\/\/cvinoticias.com\/v3\/solicitaron-el-arresto-inmediato-del-juez-destituido-de-iguazu-pedro-fragueiro\/#primaryimage"},"thumbnailUrl":"https:\/\/cvinoticias.com\/wp-content\/uploads\/2021\/06\/abuso.jpg","datePublished":"2021-06-02T13:08:39+00:00","breadcrumb":{"@id":"https:\/\/cvinoticias.com\/v3\/solicitaron-el-arresto-inmediato-del-juez-destituido-de-iguazu-pedro-fragueiro\/#breadcrumb"},"inLanguage":"es","potentialAction":[{"@type":"ReadAction","target":["https:\/\/cvinoticias.com\/v3\/solicitaron-el-arresto-inmediato-del-juez-destituido-de-iguazu-pedro-fragueiro\/"]}]},{"@type":"ImageObject","inLanguage":"es","@id":"https:\/\/cvinoticias.com\/v3\/solicitaron-el-arresto-inmediato-del-juez-destituido-de-iguazu-pedro-fragueiro\/#primaryimage","url":"https:\/\/cvinoticias.com\/wp-content\/uploads\/2021\/06\/abuso.jpg","contentUrl":"https:\/\/cvinoticias.com\/wp-content\/uploads\/2021\/06\/abuso.jpg","width":502,"height":531},{"@type":"BreadcrumbList","@id":"https:\/\/cvinoticias.com\/v3\/solicitaron-el-arresto-inmediato-del-juez-destituido-de-iguazu-pedro-fragueiro\/#breadcrumb","itemListElement":[{"@type":"ListItem","position":1,"name":"Portada","item":"https:\/\/cvinoticias.com\/v3\/"},{"@type":"ListItem","position":2,"name":"Solicitaron el arresto inmediato del juez destituido de Iguaz\u00fa, Pedro Fragueiro"}]},{"@type":"WebSite","@id":"https:\/\/cvinoticias.com\/v3\/#website","url":"https:\/\/cvinoticias.com\/v3\/","name":"CVI NOTICIAS","description":"","publisher":{"@id":"https:\/\/cvinoticias.com\/v3\/#organization"},"alternateName":"CVI","potentialAction":[{"@type":"SearchAction","target":{"@type":"EntryPoint","urlTemplate":"https:\/\/cvinoticias.com\/v3\/?s={search_term_string}"},"query-input":{"@type":"PropertyValueSpecification","valueRequired":true,"valueName":"search_term_string"}}],"inLanguage":"es"},{"@type":"Organization","@id":"https:\/\/cvinoticias.com\/v3\/#organization","name":"CVI NOTICIAS","url":"https:\/\/cvinoticias.com\/v3\/","logo":{"@type":"ImageObject","inLanguage":"es","@id":"https:\/\/cvinoticias.com\/v3\/#\/schema\/logo\/image\/","url":"https:\/\/cvinoticias.com\/wp-content\/uploads\/2023\/04\/cropped-cropped-cropped-cropped-cropped-3-1.png","contentUrl":"https:\/\/cvinoticias.com\/wp-content\/uploads\/2023\/04\/cropped-cropped-cropped-cropped-cropped-3-1.png","width":95,"height":122,"caption":"CVI NOTICIAS"},"image":{"@id":"https:\/\/cvinoticias.com\/v3\/#\/schema\/logo\/image\/"},"sameAs":["https:\/\/www.facebook.com\/cvinoticias","https:\/\/www.instagram.com\/cvinoticias\/","https:\/\/www.youtube.com\/@CVINOTICIAS"]},{"@type":"Person","@id":"https:\/\/cvinoticias.com\/v3\/#\/schema\/person\/2db77e3c6bc03c538495d7b2b8be9b66","name":"f1000024","image":{"@type":"ImageObject","inLanguage":"es","@id":"https:\/\/secure.gravatar.com\/avatar\/d4fe7459cfc51ff5129ce1a732bbef5928568b8092d412ef95611616376bbeed?s=96&d=mm&r=g","url":"https:\/\/secure.gravatar.com\/avatar\/d4fe7459cfc51ff5129ce1a732bbef5928568b8092d412ef95611616376bbeed?s=96&d=mm&r=g","contentUrl":"https:\/\/secure.gravatar.com\/avatar\/d4fe7459cfc51ff5129ce1a732bbef5928568b8092d412ef95611616376bbeed?s=96&d=mm&r=g","caption":"f1000024"},"url":"https:\/\/cvinoticias.com\/v3\/author\/f1000024\/"}]}},"_links":{"self":[{"href":"https:\/\/cvinoticias.com\/v3\/wp-json\/wp\/v2\/posts\/5652","targetHints":{"allow":["GET"]}}],"collection":[{"href":"https:\/\/cvinoticias.com\/v3\/wp-json\/wp\/v2\/posts"}],"about":[{"href":"https:\/\/cvinoticias.com\/v3\/wp-json\/wp\/v2\/types\/post"}],"author":[{"embeddable":true,"href":"https:\/\/cvinoticias.com\/v3\/wp-json\/wp\/v2\/users\/2"}],"replies":[{"embeddable":true,"href":"https:\/\/cvinoticias.com\/v3\/wp-json\/wp\/v2\/comments?post=5652"}],"version-history":[{"count":1,"href":"https:\/\/cvinoticias.com\/v3\/wp-json\/wp\/v2\/posts\/5652\/revisions"}],"predecessor-version":[{"id":5654,"href":"https:\/\/cvinoticias.com\/v3\/wp-json\/wp\/v2\/posts\/5652\/revisions\/5654"}],"wp:featuredmedia":[{"embeddable":true,"href":"https:\/\/cvinoticias.com\/v3\/wp-json\/wp\/v2\/media\/5653"}],"wp:attachment":[{"href":"https:\/\/cvinoticias.com\/v3\/wp-json\/wp\/v2\/media?parent=5652"}],"wp:term":[{"taxonomy":"category","embeddable":true,"href":"https:\/\/cvinoticias.com\/v3\/wp-json\/wp\/v2\/categories?post=5652"},{"taxonomy":"post_tag","embeddable":true,"href":"https:\/\/cvinoticias.com\/v3\/wp-json\/wp\/v2\/tags?post=5652"}],"curies":[{"name":"wp","href":"https:\/\/api.w.org\/{rel}","templated":true}]}}