{"id":56471,"date":"2026-04-07T08:10:09","date_gmt":"2026-04-07T11:10:09","guid":{"rendered":"https:\/\/cvinoticias.com\/v3\/?p=56471"},"modified":"2026-04-07T08:10:23","modified_gmt":"2026-04-07T11:10:23","slug":"persiste-la-inestabilidad-con-lluvias-y-tormentas-en-misiones","status":"publish","type":"post","link":"https:\/\/cvinoticias.com\/v3\/persiste-la-inestabilidad-con-lluvias-y-tormentas-en-misiones\/","title":{"rendered":"Persiste la inestabilidad con lluvias y tormentas en Misiones"},"content":{"rendered":"\n<p>Este martes 7 de abril, la provincia de Misiones contin\u00faa bajo condiciones de inestabilidad, con presencia de lluvias y tormentas a lo largo de toda la jornada. El ingreso de aire tropical combinado con un sistema de baja presi\u00f3n favorece la formaci\u00f3n de n\u00facleos de precipitaciones de variada intensidad, generando mejoras solo de manera temporaria en distintos puntos del territorio.<\/p>\n\n\n\n<p>En cuanto a las precipitaciones, se prev\u00e9n acumulados que oscilar\u00e1n entre los 6 y 20 mil\u00edmetros, con una probabilidad de ocurrencia estimada entre el 33% y el 65%. Los vientos ser\u00e1n variables, predominando del sector noroeste y suroeste, con velocidades que ir\u00e1n de los 6 a 20 kil\u00f3metros por hora, aunque no se descartan r\u00e1fagas que podr\u00edan alcanzar entre los 40 y 70 kil\u00f3metros por hora.<\/p>\n\n\n\n<p>La calidad del aire se mantiene en niveles regulares, en un contexto marcado por la elevada humedad y la persistencia de las condiciones inestables.<\/p>\n\n\n\n<p>En lo que respecta a las temperaturas, se espera una m\u00e1xima de 26\u00b0C en Jard\u00edn Am\u00e9rica, mientras que la m\u00ednima provincial se registrar\u00eda en Bernardo de Irigoyen, con 17\u00b0C.<\/p>\n","protected":false},"excerpt":{"rendered":"<p>Este martes 7 de abril, la provincia de Misiones contin\u00faa bajo condiciones de inestabilidad, con presencia de lluvias y tormentas a lo largo de toda la jornada. El ingreso de aire tropical combinado con un sistema de baja presi\u00f3n favorece la formaci\u00f3n de n\u00facleos de precipitaciones de variada intensidad, generando mejoras solo de manera temporaria [&hellip;]<\/p>\n","protected":false},"author":2,"featured_media":56472,"comment_status":"open","ping_status":"closed","sticky":false,"template":"","format":"standard","meta":{"footnotes":""},"categories":[1146],"tags":[1148,313,278],"class_list":["post-56471","post","type-post","status-publish","format-standard","has-post-thumbnail","hentry","category-tiempo","tag-clima","tag-iguazu","tag-misiones"],"yoast_head":"<!-- This site is optimized with the Yoast SEO plugin v27.4 - https:\/\/yoast.com\/product\/yoast-seo-wordpress\/ -->\n<title>Inestabilidad con lluvias y tormentas en Misiones | CVI NOTICIAS<\/title>\n<meta name=\"description\" content=\"Pronostican lluvias, tormentas y r\u00e1fagas intensas este martes en Misiones.\" \/>\n<meta name=\"robots\" content=\"index, follow, max-snippet:-1, max-image-preview:large, max-video-preview:-1\" \/>\n<link rel=\"canonical\" href=\"https:\/\/cvinoticias.com\/v3\/persiste-la-inestabilidad-con-lluvias-y-tormentas-en-misiones\/\" \/>\n<meta property=\"og:locale\" content=\"es_ES\" \/>\n<meta property=\"og:type\" content=\"article\" \/>\n<meta property=\"og:title\" content=\"Inestabilidad con lluvias y tormentas en Misiones | CVI NOTICIAS\" \/>\n<meta property=\"og:description\" content=\"Pronostican lluvias, tormentas y r\u00e1fagas intensas este martes en Misiones.\" \/>\n<meta property=\"og:url\" content=\"https:\/\/cvinoticias.com\/v3\/persiste-la-inestabilidad-con-lluvias-y-tormentas-en-misiones\/\" \/>\n<meta property=\"og:site_name\" content=\"CVI NOTICIAS\" \/>\n<meta property=\"article:publisher\" content=\"https:\/\/www.facebook.com\/cvinoticias\" \/>\n<meta property=\"article:published_time\" content=\"2026-04-07T11:10:09+00:00\" \/>\n<meta property=\"article:modified_time\" content=\"2026-04-07T11:10:23+00:00\" \/>\n<meta property=\"og:image\" content=\"https:\/\/cvinoticias.com\/wp-content\/uploads\/2026\/04\/131098429_725842931371947_1967553314119550708_n.jpg\" \/>\n\t<meta property=\"og:image:width\" content=\"960\" \/>\n\t<meta property=\"og:image:height\" content=\"960\" \/>\n\t<meta property=\"og:image:type\" content=\"image\/jpeg\" \/>\n<meta name=\"author\" content=\"f1000024\" \/>\n<meta name=\"twitter:card\" content=\"summary_large_image\" \/>\n<meta name=\"twitter:label1\" content=\"Escrito por\" \/>\n\t<meta name=\"twitter:data1\" content=\"f1000024\" \/>\n\t<meta name=\"twitter:label2\" content=\"Tiempo de lectura\" \/>\n\t<meta name=\"twitter:data2\" content=\"2 minutos\" \/>\n<script type=\"application\/ld+json\" class=\"yoast-schema-graph\">{\"@context\":\"https:\\\/\\\/schema.org\",\"@graph\":[{\"@type\":\"Article\",\"@id\":\"https:\\\/\\\/cvinoticias.com\\\/v3\\\/persiste-la-inestabilidad-con-lluvias-y-tormentas-en-misiones\\\/#article\",\"isPartOf\":{\"@id\":\"https:\\\/\\\/cvinoticias.com\\\/v3\\\/persiste-la-inestabilidad-con-lluvias-y-tormentas-en-misiones\\\/\"},\"author\":{\"name\":\"f1000024\",\"@id\":\"https:\\\/\\\/cvinoticias.com\\\/v3\\\/#\\\/schema\\\/person\\\/2db77e3c6bc03c538495d7b2b8be9b66\"},\"headline\":\"Persiste la inestabilidad con lluvias y tormentas en Misiones\",\"datePublished\":\"2026-04-07T11:10:09+00:00\",\"dateModified\":\"2026-04-07T11:10:23+00:00\",\"mainEntityOfPage\":{\"@id\":\"https:\\\/\\\/cvinoticias.com\\\/v3\\\/persiste-la-inestabilidad-con-lluvias-y-tormentas-en-misiones\\\/\"},\"wordCount\":197,\"commentCount\":0,\"publisher\":{\"@id\":\"https:\\\/\\\/cvinoticias.com\\\/v3\\\/#organization\"},\"image\":{\"@id\":\"https:\\\/\\\/cvinoticias.com\\\/v3\\\/persiste-la-inestabilidad-con-lluvias-y-tormentas-en-misiones\\\/#primaryimage\"},\"thumbnailUrl\":\"https:\\\/\\\/cvinoticias.com\\\/wp-content\\\/uploads\\\/2026\\\/04\\\/131098429_725842931371947_1967553314119550708_n.jpg\",\"keywords\":[\"Clima\",\"Iguaz\u00fa\",\"Misiones\"],\"articleSection\":[\"Tiempo\"],\"inLanguage\":\"es\",\"potentialAction\":[{\"@type\":\"CommentAction\",\"name\":\"Comment\",\"target\":[\"https:\\\/\\\/cvinoticias.com\\\/v3\\\/persiste-la-inestabilidad-con-lluvias-y-tormentas-en-misiones\\\/#respond\"]}]},{\"@type\":\"WebPage\",\"@id\":\"https:\\\/\\\/cvinoticias.com\\\/v3\\\/persiste-la-inestabilidad-con-lluvias-y-tormentas-en-misiones\\\/\",\"url\":\"https:\\\/\\\/cvinoticias.com\\\/v3\\\/persiste-la-inestabilidad-con-lluvias-y-tormentas-en-misiones\\\/\",\"name\":\"Inestabilidad con lluvias y tormentas en Misiones | CVI NOTICIAS\",\"isPartOf\":{\"@id\":\"https:\\\/\\\/cvinoticias.com\\\/v3\\\/#website\"},\"primaryImageOfPage\":{\"@id\":\"https:\\\/\\\/cvinoticias.com\\\/v3\\\/persiste-la-inestabilidad-con-lluvias-y-tormentas-en-misiones\\\/#primaryimage\"},\"image\":{\"@id\":\"https:\\\/\\\/cvinoticias.com\\\/v3\\\/persiste-la-inestabilidad-con-lluvias-y-tormentas-en-misiones\\\/#primaryimage\"},\"thumbnailUrl\":\"https:\\\/\\\/cvinoticias.com\\\/wp-content\\\/uploads\\\/2026\\\/04\\\/131098429_725842931371947_1967553314119550708_n.jpg\",\"datePublished\":\"2026-04-07T11:10:09+00:00\",\"dateModified\":\"2026-04-07T11:10:23+00:00\",\"description\":\"Pronostican lluvias, tormentas y r\u00e1fagas intensas este martes en Misiones.\",\"breadcrumb\":{\"@id\":\"https:\\\/\\\/cvinoticias.com\\\/v3\\\/persiste-la-inestabilidad-con-lluvias-y-tormentas-en-misiones\\\/#breadcrumb\"},\"inLanguage\":\"es\",\"potentialAction\":[{\"@type\":\"ReadAction\",\"target\":[\"https:\\\/\\\/cvinoticias.com\\\/v3\\\/persiste-la-inestabilidad-con-lluvias-y-tormentas-en-misiones\\\/\"]}]},{\"@type\":\"ImageObject\",\"inLanguage\":\"es\",\"@id\":\"https:\\\/\\\/cvinoticias.com\\\/v3\\\/persiste-la-inestabilidad-con-lluvias-y-tormentas-en-misiones\\\/#primaryimage\",\"url\":\"https:\\\/\\\/cvinoticias.com\\\/wp-content\\\/uploads\\\/2026\\\/04\\\/131098429_725842931371947_1967553314119550708_n.jpg\",\"contentUrl\":\"https:\\\/\\\/cvinoticias.com\\\/wp-content\\\/uploads\\\/2026\\\/04\\\/131098429_725842931371947_1967553314119550708_n.jpg\",\"width\":960,\"height\":960},{\"@type\":\"BreadcrumbList\",\"@id\":\"https:\\\/\\\/cvinoticias.com\\\/v3\\\/persiste-la-inestabilidad-con-lluvias-y-tormentas-en-misiones\\\/#breadcrumb\",\"itemListElement\":[{\"@type\":\"ListItem\",\"position\":1,\"name\":\"Portada\",\"item\":\"https:\\\/\\\/cvinoticias.com\\\/v3\\\/\"},{\"@type\":\"ListItem\",\"position\":2,\"name\":\"Persiste la inestabilidad con lluvias y tormentas en Misiones\"}]},{\"@type\":\"WebSite\",\"@id\":\"https:\\\/\\\/cvinoticias.com\\\/v3\\\/#website\",\"url\":\"https:\\\/\\\/cvinoticias.com\\\/v3\\\/\",\"name\":\"CVI NOTICIAS\",\"description\":\"\",\"publisher\":{\"@id\":\"https:\\\/\\\/cvinoticias.com\\\/v3\\\/#organization\"},\"alternateName\":\"CVI\",\"potentialAction\":[{\"@type\":\"SearchAction\",\"target\":{\"@type\":\"EntryPoint\",\"urlTemplate\":\"https:\\\/\\\/cvinoticias.com\\\/v3\\\/?s={search_term_string}\"},\"query-input\":{\"@type\":\"PropertyValueSpecification\",\"valueRequired\":true,\"valueName\":\"search_term_string\"}}],\"inLanguage\":\"es\"},{\"@type\":\"Organization\",\"@id\":\"https:\\\/\\\/cvinoticias.com\\\/v3\\\/#organization\",\"name\":\"CVI NOTICIAS\",\"url\":\"https:\\\/\\\/cvinoticias.com\\\/v3\\\/\",\"logo\":{\"@type\":\"ImageObject\",\"inLanguage\":\"es\",\"@id\":\"https:\\\/\\\/cvinoticias.com\\\/v3\\\/#\\\/schema\\\/logo\\\/image\\\/\",\"url\":\"https:\\\/\\\/cvinoticias.com\\\/wp-content\\\/uploads\\\/2023\\\/04\\\/cropped-cropped-cropped-cropped-cropped-3-1.png\",\"contentUrl\":\"https:\\\/\\\/cvinoticias.com\\\/wp-content\\\/uploads\\\/2023\\\/04\\\/cropped-cropped-cropped-cropped-cropped-3-1.png\",\"width\":95,\"height\":122,\"caption\":\"CVI NOTICIAS\"},\"image\":{\"@id\":\"https:\\\/\\\/cvinoticias.com\\\/v3\\\/#\\\/schema\\\/logo\\\/image\\\/\"},\"sameAs\":[\"https:\\\/\\\/www.facebook.com\\\/cvinoticias\",\"https:\\\/\\\/www.instagram.com\\\/cvinoticias\\\/\",\"https:\\\/\\\/www.youtube.com\\\/@CVINOTICIAS\"]},{\"@type\":\"Person\",\"@id\":\"https:\\\/\\\/cvinoticias.com\\\/v3\\\/#\\\/schema\\\/person\\\/2db77e3c6bc03c538495d7b2b8be9b66\",\"name\":\"f1000024\",\"image\":{\"@type\":\"ImageObject\",\"inLanguage\":\"es\",\"@id\":\"https:\\\/\\\/secure.gravatar.com\\\/avatar\\\/d4fe7459cfc51ff5129ce1a732bbef5928568b8092d412ef95611616376bbeed?s=96&d=mm&r=g\",\"url\":\"https:\\\/\\\/secure.gravatar.com\\\/avatar\\\/d4fe7459cfc51ff5129ce1a732bbef5928568b8092d412ef95611616376bbeed?s=96&d=mm&r=g\",\"contentUrl\":\"https:\\\/\\\/secure.gravatar.com\\\/avatar\\\/d4fe7459cfc51ff5129ce1a732bbef5928568b8092d412ef95611616376bbeed?s=96&d=mm&r=g\",\"caption\":\"f1000024\"},\"url\":\"https:\\\/\\\/cvinoticias.com\\\/v3\\\/author\\\/f1000024\\\/\"}]}<\/script>\n<!-- \/ Yoast SEO plugin. -->","yoast_head_json":{"title":"Inestabilidad con lluvias y tormentas en Misiones | CVI NOTICIAS","description":"Pronostican lluvias, tormentas y r\u00e1fagas intensas este martes en Misiones.","robots":{"index":"index","follow":"follow","max-snippet":"max-snippet:-1","max-image-preview":"max-image-preview:large","max-video-preview":"max-video-preview:-1"},"canonical":"https:\/\/cvinoticias.com\/v3\/persiste-la-inestabilidad-con-lluvias-y-tormentas-en-misiones\/","og_locale":"es_ES","og_type":"article","og_title":"Inestabilidad con lluvias y tormentas en Misiones | CVI NOTICIAS","og_description":"Pronostican lluvias, tormentas y r\u00e1fagas intensas este martes en Misiones.","og_url":"https:\/\/cvinoticias.com\/v3\/persiste-la-inestabilidad-con-lluvias-y-tormentas-en-misiones\/","og_site_name":"CVI NOTICIAS","article_publisher":"https:\/\/www.facebook.com\/cvinoticias","article_published_time":"2026-04-07T11:10:09+00:00","article_modified_time":"2026-04-07T11:10:23+00:00","og_image":[{"width":960,"height":960,"url":"https:\/\/cvinoticias.com\/wp-content\/uploads\/2026\/04\/131098429_725842931371947_1967553314119550708_n.jpg","type":"image\/jpeg"}],"author":"f1000024","twitter_card":"summary_large_image","twitter_misc":{"Escrito por":"f1000024","Tiempo de lectura":"2 minutos"},"schema":{"@context":"https:\/\/schema.org","@graph":[{"@type":"Article","@id":"https:\/\/cvinoticias.com\/v3\/persiste-la-inestabilidad-con-lluvias-y-tormentas-en-misiones\/#article","isPartOf":{"@id":"https:\/\/cvinoticias.com\/v3\/persiste-la-inestabilidad-con-lluvias-y-tormentas-en-misiones\/"},"author":{"name":"f1000024","@id":"https:\/\/cvinoticias.com\/v3\/#\/schema\/person\/2db77e3c6bc03c538495d7b2b8be9b66"},"headline":"Persiste la inestabilidad con lluvias y tormentas en Misiones","datePublished":"2026-04-07T11:10:09+00:00","dateModified":"2026-04-07T11:10:23+00:00","mainEntityOfPage":{"@id":"https:\/\/cvinoticias.com\/v3\/persiste-la-inestabilidad-con-lluvias-y-tormentas-en-misiones\/"},"wordCount":197,"commentCount":0,"publisher":{"@id":"https:\/\/cvinoticias.com\/v3\/#organization"},"image":{"@id":"https:\/\/cvinoticias.com\/v3\/persiste-la-inestabilidad-con-lluvias-y-tormentas-en-misiones\/#primaryimage"},"thumbnailUrl":"https:\/\/cvinoticias.com\/wp-content\/uploads\/2026\/04\/131098429_725842931371947_1967553314119550708_n.jpg","keywords":["Clima","Iguaz\u00fa","Misiones"],"articleSection":["Tiempo"],"inLanguage":"es","potentialAction":[{"@type":"CommentAction","name":"Comment","target":["https:\/\/cvinoticias.com\/v3\/persiste-la-inestabilidad-con-lluvias-y-tormentas-en-misiones\/#respond"]}]},{"@type":"WebPage","@id":"https:\/\/cvinoticias.com\/v3\/persiste-la-inestabilidad-con-lluvias-y-tormentas-en-misiones\/","url":"https:\/\/cvinoticias.com\/v3\/persiste-la-inestabilidad-con-lluvias-y-tormentas-en-misiones\/","name":"Inestabilidad con lluvias y tormentas en Misiones | CVI NOTICIAS","isPartOf":{"@id":"https:\/\/cvinoticias.com\/v3\/#website"},"primaryImageOfPage":{"@id":"https:\/\/cvinoticias.com\/v3\/persiste-la-inestabilidad-con-lluvias-y-tormentas-en-misiones\/#primaryimage"},"image":{"@id":"https:\/\/cvinoticias.com\/v3\/persiste-la-inestabilidad-con-lluvias-y-tormentas-en-misiones\/#primaryimage"},"thumbnailUrl":"https:\/\/cvinoticias.com\/wp-content\/uploads\/2026\/04\/131098429_725842931371947_1967553314119550708_n.jpg","datePublished":"2026-04-07T11:10:09+00:00","dateModified":"2026-04-07T11:10:23+00:00","description":"Pronostican lluvias, tormentas y r\u00e1fagas intensas este martes en Misiones.","breadcrumb":{"@id":"https:\/\/cvinoticias.com\/v3\/persiste-la-inestabilidad-con-lluvias-y-tormentas-en-misiones\/#breadcrumb"},"inLanguage":"es","potentialAction":[{"@type":"ReadAction","target":["https:\/\/cvinoticias.com\/v3\/persiste-la-inestabilidad-con-lluvias-y-tormentas-en-misiones\/"]}]},{"@type":"ImageObject","inLanguage":"es","@id":"https:\/\/cvinoticias.com\/v3\/persiste-la-inestabilidad-con-lluvias-y-tormentas-en-misiones\/#primaryimage","url":"https:\/\/cvinoticias.com\/wp-content\/uploads\/2026\/04\/131098429_725842931371947_1967553314119550708_n.jpg","contentUrl":"https:\/\/cvinoticias.com\/wp-content\/uploads\/2026\/04\/131098429_725842931371947_1967553314119550708_n.jpg","width":960,"height":960},{"@type":"BreadcrumbList","@id":"https:\/\/cvinoticias.com\/v3\/persiste-la-inestabilidad-con-lluvias-y-tormentas-en-misiones\/#breadcrumb","itemListElement":[{"@type":"ListItem","position":1,"name":"Portada","item":"https:\/\/cvinoticias.com\/v3\/"},{"@type":"ListItem","position":2,"name":"Persiste la inestabilidad con lluvias y tormentas en Misiones"}]},{"@type":"WebSite","@id":"https:\/\/cvinoticias.com\/v3\/#website","url":"https:\/\/cvinoticias.com\/v3\/","name":"CVI NOTICIAS","description":"","publisher":{"@id":"https:\/\/cvinoticias.com\/v3\/#organization"},"alternateName":"CVI","potentialAction":[{"@type":"SearchAction","target":{"@type":"EntryPoint","urlTemplate":"https:\/\/cvinoticias.com\/v3\/?s={search_term_string}"},"query-input":{"@type":"PropertyValueSpecification","valueRequired":true,"valueName":"search_term_string"}}],"inLanguage":"es"},{"@type":"Organization","@id":"https:\/\/cvinoticias.com\/v3\/#organization","name":"CVI NOTICIAS","url":"https:\/\/cvinoticias.com\/v3\/","logo":{"@type":"ImageObject","inLanguage":"es","@id":"https:\/\/cvinoticias.com\/v3\/#\/schema\/logo\/image\/","url":"https:\/\/cvinoticias.com\/wp-content\/uploads\/2023\/04\/cropped-cropped-cropped-cropped-cropped-3-1.png","contentUrl":"https:\/\/cvinoticias.com\/wp-content\/uploads\/2023\/04\/cropped-cropped-cropped-cropped-cropped-3-1.png","width":95,"height":122,"caption":"CVI NOTICIAS"},"image":{"@id":"https:\/\/cvinoticias.com\/v3\/#\/schema\/logo\/image\/"},"sameAs":["https:\/\/www.facebook.com\/cvinoticias","https:\/\/www.instagram.com\/cvinoticias\/","https:\/\/www.youtube.com\/@CVINOTICIAS"]},{"@type":"Person","@id":"https:\/\/cvinoticias.com\/v3\/#\/schema\/person\/2db77e3c6bc03c538495d7b2b8be9b66","name":"f1000024","image":{"@type":"ImageObject","inLanguage":"es","@id":"https:\/\/secure.gravatar.com\/avatar\/d4fe7459cfc51ff5129ce1a732bbef5928568b8092d412ef95611616376bbeed?s=96&d=mm&r=g","url":"https:\/\/secure.gravatar.com\/avatar\/d4fe7459cfc51ff5129ce1a732bbef5928568b8092d412ef95611616376bbeed?s=96&d=mm&r=g","contentUrl":"https:\/\/secure.gravatar.com\/avatar\/d4fe7459cfc51ff5129ce1a732bbef5928568b8092d412ef95611616376bbeed?s=96&d=mm&r=g","caption":"f1000024"},"url":"https:\/\/cvinoticias.com\/v3\/author\/f1000024\/"}]}},"_links":{"self":[{"href":"https:\/\/cvinoticias.com\/v3\/wp-json\/wp\/v2\/posts\/56471","targetHints":{"allow":["GET"]}}],"collection":[{"href":"https:\/\/cvinoticias.com\/v3\/wp-json\/wp\/v2\/posts"}],"about":[{"href":"https:\/\/cvinoticias.com\/v3\/wp-json\/wp\/v2\/types\/post"}],"author":[{"embeddable":true,"href":"https:\/\/cvinoticias.com\/v3\/wp-json\/wp\/v2\/users\/2"}],"replies":[{"embeddable":true,"href":"https:\/\/cvinoticias.com\/v3\/wp-json\/wp\/v2\/comments?post=56471"}],"version-history":[{"count":1,"href":"https:\/\/cvinoticias.com\/v3\/wp-json\/wp\/v2\/posts\/56471\/revisions"}],"predecessor-version":[{"id":56473,"href":"https:\/\/cvinoticias.com\/v3\/wp-json\/wp\/v2\/posts\/56471\/revisions\/56473"}],"wp:featuredmedia":[{"embeddable":true,"href":"https:\/\/cvinoticias.com\/v3\/wp-json\/wp\/v2\/media\/56472"}],"wp:attachment":[{"href":"https:\/\/cvinoticias.com\/v3\/wp-json\/wp\/v2\/media?parent=56471"}],"wp:term":[{"taxonomy":"category","embeddable":true,"href":"https:\/\/cvinoticias.com\/v3\/wp-json\/wp\/v2\/categories?post=56471"},{"taxonomy":"post_tag","embeddable":true,"href":"https:\/\/cvinoticias.com\/v3\/wp-json\/wp\/v2\/tags?post=56471"}],"curies":[{"name":"wp","href":"https:\/\/api.w.org\/{rel}","templated":true}]}}