{"id":5634,"date":"2021-06-02T10:22:42","date_gmt":"2021-06-02T10:22:42","guid":{"rendered":"https:\/\/cvinoticias.com\/v3\/?p=5634"},"modified":"2021-06-02T10:22:42","modified_gmt":"2021-06-02T10:22:42","slug":"trabajadores-de-salud-en-asamblea-y-a-la-espera-de-respuestas","status":"publish","type":"post","link":"https:\/\/cvinoticias.com\/v3\/trabajadores-de-salud-en-asamblea-y-a-la-espera-de-respuestas\/","title":{"rendered":"Trabajadores de Salud en asamblea y a la espera de respuestas"},"content":{"rendered":"\n<p><em><strong>Trabajadores de Salud reclaman mejoras salariales al Gobierno provincial ante el avance inflacionario.\u00a0La semana pasada presentaron un pedido al Ministerio de Salud P\u00fablica y ahora esperan respuestas. Esta semana habr\u00e1\u00a0asambleas en los distintos centros de salud de la provincia.<\/strong><\/em><\/p>\n\n\n\n<p>\u00ab&#8230;A trav\u00e9s de ATE, nuestro reclamo es por mejoras salariales. Tuvimos un aumento, pero dada la situaci\u00f3n es imposible sostenerlo y los sueldos m\u00e1s altos, con antig\u00fcedad o 40 horas semanales est\u00e1n rondando los 50 mil pesos\u201d, manifestaron.<\/p>\n\n\n\n<p>El secretario general de ATE y CTA Aut\u00f3noma de Misiones, Jorge \u201cKoki\u201d Duarte, se\u00f1al\u00f3 que\u00a0\u201cen todos los centros asistenciales hubo un incremento de la demanda tanto por COVID, pero tambi\u00e9n de otras patolog\u00edas\u201d.<\/p>\n\n\n\n<p>Entre los reclamos, \u201cel tema central es lo salarial, porque a esta altura del a\u00f1o el incremento otorgado por el Gobierno provincial en la primera etapa del a\u00f1o fue carcomido por la inflaci\u00f3n. Al Ministerio de Salud P\u00fablica elevamos una propuesta para que los adicionales del 2013 a la actualidad, que sumar\u00edan un promedio de 4.500 pesos, sean incorporados al b\u00e1sico. Esperamos respuestas\u201d.<\/p>\n\n\n\n<p><\/p>\n\n\n\n<p>Con informaci\u00f3n de Primera Edici\u00f3n <\/p>\n","protected":false},"excerpt":{"rendered":"<p>Trabajadores de Salud reclaman mejoras salariales al Gobierno provincial ante el avance inflacionario.\u00a0La semana pasada presentaron un pedido al Ministerio de Salud P\u00fablica y ahora esperan respuestas. Esta semana habr\u00e1\u00a0asambleas en los distintos centros de salud de la provincia. \u00ab&#8230;A trav\u00e9s de ATE, nuestro reclamo es por mejoras salariales. Tuvimos un aumento, pero dada la [&hellip;]<\/p>\n","protected":false},"author":2,"featured_media":5635,"comment_status":"open","ping_status":"open","sticky":false,"template":"","format":"standard","meta":{"footnotes":""},"categories":[43],"tags":[],"class_list":["post-5634","post","type-post","status-publish","format-standard","has-post-thumbnail","hentry","category-provinciales"],"yoast_head":"<!-- This site is optimized with the Yoast SEO plugin v27.5 - https:\/\/yoast.com\/product\/yoast-seo-wordpress\/ -->\n<title>Trabajadores de Salud en asamblea y a la espera de respuestas | CVI NOTICIAS<\/title>\n<meta name=\"robots\" content=\"index, follow, max-snippet:-1, max-image-preview:large, max-video-preview:-1\" \/>\n<link rel=\"canonical\" href=\"https:\/\/cvinoticias.com\/v3\/trabajadores-de-salud-en-asamblea-y-a-la-espera-de-respuestas\/\" \/>\n<meta property=\"og:locale\" content=\"es_ES\" \/>\n<meta property=\"og:type\" content=\"article\" \/>\n<meta property=\"og:title\" content=\"Trabajadores de Salud en asamblea y a la espera de respuestas | CVI NOTICIAS\" \/>\n<meta property=\"og:description\" content=\"Trabajadores de Salud reclaman mejoras salariales al Gobierno provincial ante el avance inflacionario.\u00a0La semana pasada presentaron un pedido al Ministerio de Salud P\u00fablica y ahora esperan respuestas. Esta semana habr\u00e1\u00a0asambleas en los distintos centros de salud de la provincia. \u00ab&#8230;A trav\u00e9s de ATE, nuestro reclamo es por mejoras salariales. Tuvimos un aumento, pero dada la [&hellip;]\" \/>\n<meta property=\"og:url\" content=\"https:\/\/cvinoticias.com\/v3\/trabajadores-de-salud-en-asamblea-y-a-la-espera-de-respuestas\/\" \/>\n<meta property=\"og:site_name\" content=\"CVI NOTICIAS\" \/>\n<meta property=\"article:publisher\" content=\"https:\/\/www.facebook.com\/cvinoticias\" \/>\n<meta property=\"article:published_time\" content=\"2021-06-02T10:22:42+00:00\" \/>\n<meta property=\"og:image\" content=\"https:\/\/cvinoticias.com\/wp-content\/uploads\/2021\/06\/salud-san-vicene.jpg\" \/>\n\t<meta property=\"og:image:width\" content=\"1000\" \/>\n\t<meta property=\"og:image:height\" content=\"431\" \/>\n\t<meta property=\"og:image:type\" content=\"image\/jpeg\" \/>\n<meta name=\"author\" content=\"f1000024\" \/>\n<meta name=\"twitter:card\" content=\"summary_large_image\" \/>\n<meta name=\"twitter:label1\" content=\"Escrito por\" \/>\n\t<meta name=\"twitter:data1\" content=\"f1000024\" \/>\n\t<meta name=\"twitter:label2\" content=\"Tiempo de lectura\" \/>\n\t<meta name=\"twitter:data2\" content=\"1 minuto\" \/>\n<script type=\"application\/ld+json\" class=\"yoast-schema-graph\">{\"@context\":\"https:\\\/\\\/schema.org\",\"@graph\":[{\"@type\":\"Article\",\"@id\":\"https:\\\/\\\/cvinoticias.com\\\/v3\\\/trabajadores-de-salud-en-asamblea-y-a-la-espera-de-respuestas\\\/#article\",\"isPartOf\":{\"@id\":\"https:\\\/\\\/cvinoticias.com\\\/v3\\\/trabajadores-de-salud-en-asamblea-y-a-la-espera-de-respuestas\\\/\"},\"author\":{\"name\":\"f1000024\",\"@id\":\"https:\\\/\\\/cvinoticias.com\\\/v3\\\/#\\\/schema\\\/person\\\/2db77e3c6bc03c538495d7b2b8be9b66\"},\"headline\":\"Trabajadores de Salud en asamblea y a la espera de respuestas\",\"datePublished\":\"2021-06-02T10:22:42+00:00\",\"mainEntityOfPage\":{\"@id\":\"https:\\\/\\\/cvinoticias.com\\\/v3\\\/trabajadores-de-salud-en-asamblea-y-a-la-espera-de-respuestas\\\/\"},\"wordCount\":206,\"commentCount\":0,\"publisher\":{\"@id\":\"https:\\\/\\\/cvinoticias.com\\\/v3\\\/#organization\"},\"image\":{\"@id\":\"https:\\\/\\\/cvinoticias.com\\\/v3\\\/trabajadores-de-salud-en-asamblea-y-a-la-espera-de-respuestas\\\/#primaryimage\"},\"thumbnailUrl\":\"https:\\\/\\\/cvinoticias.com\\\/wp-content\\\/uploads\\\/2021\\\/06\\\/salud-san-vicene.jpg\",\"articleSection\":[\"Provinciales\"],\"inLanguage\":\"es\",\"potentialAction\":[{\"@type\":\"CommentAction\",\"name\":\"Comment\",\"target\":[\"https:\\\/\\\/cvinoticias.com\\\/v3\\\/trabajadores-de-salud-en-asamblea-y-a-la-espera-de-respuestas\\\/#respond\"]}]},{\"@type\":\"WebPage\",\"@id\":\"https:\\\/\\\/cvinoticias.com\\\/v3\\\/trabajadores-de-salud-en-asamblea-y-a-la-espera-de-respuestas\\\/\",\"url\":\"https:\\\/\\\/cvinoticias.com\\\/v3\\\/trabajadores-de-salud-en-asamblea-y-a-la-espera-de-respuestas\\\/\",\"name\":\"Trabajadores de Salud en asamblea y a la espera de respuestas | CVI NOTICIAS\",\"isPartOf\":{\"@id\":\"https:\\\/\\\/cvinoticias.com\\\/v3\\\/#website\"},\"primaryImageOfPage\":{\"@id\":\"https:\\\/\\\/cvinoticias.com\\\/v3\\\/trabajadores-de-salud-en-asamblea-y-a-la-espera-de-respuestas\\\/#primaryimage\"},\"image\":{\"@id\":\"https:\\\/\\\/cvinoticias.com\\\/v3\\\/trabajadores-de-salud-en-asamblea-y-a-la-espera-de-respuestas\\\/#primaryimage\"},\"thumbnailUrl\":\"https:\\\/\\\/cvinoticias.com\\\/wp-content\\\/uploads\\\/2021\\\/06\\\/salud-san-vicene.jpg\",\"datePublished\":\"2021-06-02T10:22:42+00:00\",\"breadcrumb\":{\"@id\":\"https:\\\/\\\/cvinoticias.com\\\/v3\\\/trabajadores-de-salud-en-asamblea-y-a-la-espera-de-respuestas\\\/#breadcrumb\"},\"inLanguage\":\"es\",\"potentialAction\":[{\"@type\":\"ReadAction\",\"target\":[\"https:\\\/\\\/cvinoticias.com\\\/v3\\\/trabajadores-de-salud-en-asamblea-y-a-la-espera-de-respuestas\\\/\"]}]},{\"@type\":\"ImageObject\",\"inLanguage\":\"es\",\"@id\":\"https:\\\/\\\/cvinoticias.com\\\/v3\\\/trabajadores-de-salud-en-asamblea-y-a-la-espera-de-respuestas\\\/#primaryimage\",\"url\":\"https:\\\/\\\/cvinoticias.com\\\/wp-content\\\/uploads\\\/2021\\\/06\\\/salud-san-vicene.jpg\",\"contentUrl\":\"https:\\\/\\\/cvinoticias.com\\\/wp-content\\\/uploads\\\/2021\\\/06\\\/salud-san-vicene.jpg\",\"width\":1000,\"height\":431},{\"@type\":\"BreadcrumbList\",\"@id\":\"https:\\\/\\\/cvinoticias.com\\\/v3\\\/trabajadores-de-salud-en-asamblea-y-a-la-espera-de-respuestas\\\/#breadcrumb\",\"itemListElement\":[{\"@type\":\"ListItem\",\"position\":1,\"name\":\"Portada\",\"item\":\"https:\\\/\\\/cvinoticias.com\\\/v3\\\/\"},{\"@type\":\"ListItem\",\"position\":2,\"name\":\"Trabajadores de Salud en asamblea y a la espera de respuestas\"}]},{\"@type\":\"WebSite\",\"@id\":\"https:\\\/\\\/cvinoticias.com\\\/v3\\\/#website\",\"url\":\"https:\\\/\\\/cvinoticias.com\\\/v3\\\/\",\"name\":\"CVI NOTICIAS\",\"description\":\"\",\"publisher\":{\"@id\":\"https:\\\/\\\/cvinoticias.com\\\/v3\\\/#organization\"},\"alternateName\":\"CVI\",\"potentialAction\":[{\"@type\":\"SearchAction\",\"target\":{\"@type\":\"EntryPoint\",\"urlTemplate\":\"https:\\\/\\\/cvinoticias.com\\\/v3\\\/?s={search_term_string}\"},\"query-input\":{\"@type\":\"PropertyValueSpecification\",\"valueRequired\":true,\"valueName\":\"search_term_string\"}}],\"inLanguage\":\"es\"},{\"@type\":\"Organization\",\"@id\":\"https:\\\/\\\/cvinoticias.com\\\/v3\\\/#organization\",\"name\":\"CVI NOTICIAS\",\"url\":\"https:\\\/\\\/cvinoticias.com\\\/v3\\\/\",\"logo\":{\"@type\":\"ImageObject\",\"inLanguage\":\"es\",\"@id\":\"https:\\\/\\\/cvinoticias.com\\\/v3\\\/#\\\/schema\\\/logo\\\/image\\\/\",\"url\":\"https:\\\/\\\/cvinoticias.com\\\/wp-content\\\/uploads\\\/2023\\\/04\\\/cropped-cropped-cropped-cropped-cropped-3-1.png\",\"contentUrl\":\"https:\\\/\\\/cvinoticias.com\\\/wp-content\\\/uploads\\\/2023\\\/04\\\/cropped-cropped-cropped-cropped-cropped-3-1.png\",\"width\":95,\"height\":122,\"caption\":\"CVI NOTICIAS\"},\"image\":{\"@id\":\"https:\\\/\\\/cvinoticias.com\\\/v3\\\/#\\\/schema\\\/logo\\\/image\\\/\"},\"sameAs\":[\"https:\\\/\\\/www.facebook.com\\\/cvinoticias\",\"https:\\\/\\\/www.instagram.com\\\/cvinoticias\\\/\",\"https:\\\/\\\/www.youtube.com\\\/@CVINOTICIAS\"]},{\"@type\":\"Person\",\"@id\":\"https:\\\/\\\/cvinoticias.com\\\/v3\\\/#\\\/schema\\\/person\\\/2db77e3c6bc03c538495d7b2b8be9b66\",\"name\":\"f1000024\",\"image\":{\"@type\":\"ImageObject\",\"inLanguage\":\"es\",\"@id\":\"https:\\\/\\\/secure.gravatar.com\\\/avatar\\\/d4fe7459cfc51ff5129ce1a732bbef5928568b8092d412ef95611616376bbeed?s=96&d=mm&r=g\",\"url\":\"https:\\\/\\\/secure.gravatar.com\\\/avatar\\\/d4fe7459cfc51ff5129ce1a732bbef5928568b8092d412ef95611616376bbeed?s=96&d=mm&r=g\",\"contentUrl\":\"https:\\\/\\\/secure.gravatar.com\\\/avatar\\\/d4fe7459cfc51ff5129ce1a732bbef5928568b8092d412ef95611616376bbeed?s=96&d=mm&r=g\",\"caption\":\"f1000024\"},\"url\":\"https:\\\/\\\/cvinoticias.com\\\/v3\\\/author\\\/f1000024\\\/\"}]}<\/script>\n<!-- \/ Yoast SEO plugin. -->","yoast_head_json":{"title":"Trabajadores de Salud en asamblea y a la espera de respuestas | CVI NOTICIAS","robots":{"index":"index","follow":"follow","max-snippet":"max-snippet:-1","max-image-preview":"max-image-preview:large","max-video-preview":"max-video-preview:-1"},"canonical":"https:\/\/cvinoticias.com\/v3\/trabajadores-de-salud-en-asamblea-y-a-la-espera-de-respuestas\/","og_locale":"es_ES","og_type":"article","og_title":"Trabajadores de Salud en asamblea y a la espera de respuestas | CVI NOTICIAS","og_description":"Trabajadores de Salud reclaman mejoras salariales al Gobierno provincial ante el avance inflacionario.\u00a0La semana pasada presentaron un pedido al Ministerio de Salud P\u00fablica y ahora esperan respuestas. Esta semana habr\u00e1\u00a0asambleas en los distintos centros de salud de la provincia. \u00ab&#8230;A trav\u00e9s de ATE, nuestro reclamo es por mejoras salariales. Tuvimos un aumento, pero dada la [&hellip;]","og_url":"https:\/\/cvinoticias.com\/v3\/trabajadores-de-salud-en-asamblea-y-a-la-espera-de-respuestas\/","og_site_name":"CVI NOTICIAS","article_publisher":"https:\/\/www.facebook.com\/cvinoticias","article_published_time":"2021-06-02T10:22:42+00:00","og_image":[{"width":1000,"height":431,"url":"https:\/\/cvinoticias.com\/wp-content\/uploads\/2021\/06\/salud-san-vicene.jpg","type":"image\/jpeg"}],"author":"f1000024","twitter_card":"summary_large_image","twitter_misc":{"Escrito por":"f1000024","Tiempo de lectura":"1 minuto"},"schema":{"@context":"https:\/\/schema.org","@graph":[{"@type":"Article","@id":"https:\/\/cvinoticias.com\/v3\/trabajadores-de-salud-en-asamblea-y-a-la-espera-de-respuestas\/#article","isPartOf":{"@id":"https:\/\/cvinoticias.com\/v3\/trabajadores-de-salud-en-asamblea-y-a-la-espera-de-respuestas\/"},"author":{"name":"f1000024","@id":"https:\/\/cvinoticias.com\/v3\/#\/schema\/person\/2db77e3c6bc03c538495d7b2b8be9b66"},"headline":"Trabajadores de Salud en asamblea y a la espera de respuestas","datePublished":"2021-06-02T10:22:42+00:00","mainEntityOfPage":{"@id":"https:\/\/cvinoticias.com\/v3\/trabajadores-de-salud-en-asamblea-y-a-la-espera-de-respuestas\/"},"wordCount":206,"commentCount":0,"publisher":{"@id":"https:\/\/cvinoticias.com\/v3\/#organization"},"image":{"@id":"https:\/\/cvinoticias.com\/v3\/trabajadores-de-salud-en-asamblea-y-a-la-espera-de-respuestas\/#primaryimage"},"thumbnailUrl":"https:\/\/cvinoticias.com\/wp-content\/uploads\/2021\/06\/salud-san-vicene.jpg","articleSection":["Provinciales"],"inLanguage":"es","potentialAction":[{"@type":"CommentAction","name":"Comment","target":["https:\/\/cvinoticias.com\/v3\/trabajadores-de-salud-en-asamblea-y-a-la-espera-de-respuestas\/#respond"]}]},{"@type":"WebPage","@id":"https:\/\/cvinoticias.com\/v3\/trabajadores-de-salud-en-asamblea-y-a-la-espera-de-respuestas\/","url":"https:\/\/cvinoticias.com\/v3\/trabajadores-de-salud-en-asamblea-y-a-la-espera-de-respuestas\/","name":"Trabajadores de Salud en asamblea y a la espera de respuestas | CVI NOTICIAS","isPartOf":{"@id":"https:\/\/cvinoticias.com\/v3\/#website"},"primaryImageOfPage":{"@id":"https:\/\/cvinoticias.com\/v3\/trabajadores-de-salud-en-asamblea-y-a-la-espera-de-respuestas\/#primaryimage"},"image":{"@id":"https:\/\/cvinoticias.com\/v3\/trabajadores-de-salud-en-asamblea-y-a-la-espera-de-respuestas\/#primaryimage"},"thumbnailUrl":"https:\/\/cvinoticias.com\/wp-content\/uploads\/2021\/06\/salud-san-vicene.jpg","datePublished":"2021-06-02T10:22:42+00:00","breadcrumb":{"@id":"https:\/\/cvinoticias.com\/v3\/trabajadores-de-salud-en-asamblea-y-a-la-espera-de-respuestas\/#breadcrumb"},"inLanguage":"es","potentialAction":[{"@type":"ReadAction","target":["https:\/\/cvinoticias.com\/v3\/trabajadores-de-salud-en-asamblea-y-a-la-espera-de-respuestas\/"]}]},{"@type":"ImageObject","inLanguage":"es","@id":"https:\/\/cvinoticias.com\/v3\/trabajadores-de-salud-en-asamblea-y-a-la-espera-de-respuestas\/#primaryimage","url":"https:\/\/cvinoticias.com\/wp-content\/uploads\/2021\/06\/salud-san-vicene.jpg","contentUrl":"https:\/\/cvinoticias.com\/wp-content\/uploads\/2021\/06\/salud-san-vicene.jpg","width":1000,"height":431},{"@type":"BreadcrumbList","@id":"https:\/\/cvinoticias.com\/v3\/trabajadores-de-salud-en-asamblea-y-a-la-espera-de-respuestas\/#breadcrumb","itemListElement":[{"@type":"ListItem","position":1,"name":"Portada","item":"https:\/\/cvinoticias.com\/v3\/"},{"@type":"ListItem","position":2,"name":"Trabajadores de Salud en asamblea y a la espera de respuestas"}]},{"@type":"WebSite","@id":"https:\/\/cvinoticias.com\/v3\/#website","url":"https:\/\/cvinoticias.com\/v3\/","name":"CVI NOTICIAS","description":"","publisher":{"@id":"https:\/\/cvinoticias.com\/v3\/#organization"},"alternateName":"CVI","potentialAction":[{"@type":"SearchAction","target":{"@type":"EntryPoint","urlTemplate":"https:\/\/cvinoticias.com\/v3\/?s={search_term_string}"},"query-input":{"@type":"PropertyValueSpecification","valueRequired":true,"valueName":"search_term_string"}}],"inLanguage":"es"},{"@type":"Organization","@id":"https:\/\/cvinoticias.com\/v3\/#organization","name":"CVI NOTICIAS","url":"https:\/\/cvinoticias.com\/v3\/","logo":{"@type":"ImageObject","inLanguage":"es","@id":"https:\/\/cvinoticias.com\/v3\/#\/schema\/logo\/image\/","url":"https:\/\/cvinoticias.com\/wp-content\/uploads\/2023\/04\/cropped-cropped-cropped-cropped-cropped-3-1.png","contentUrl":"https:\/\/cvinoticias.com\/wp-content\/uploads\/2023\/04\/cropped-cropped-cropped-cropped-cropped-3-1.png","width":95,"height":122,"caption":"CVI NOTICIAS"},"image":{"@id":"https:\/\/cvinoticias.com\/v3\/#\/schema\/logo\/image\/"},"sameAs":["https:\/\/www.facebook.com\/cvinoticias","https:\/\/www.instagram.com\/cvinoticias\/","https:\/\/www.youtube.com\/@CVINOTICIAS"]},{"@type":"Person","@id":"https:\/\/cvinoticias.com\/v3\/#\/schema\/person\/2db77e3c6bc03c538495d7b2b8be9b66","name":"f1000024","image":{"@type":"ImageObject","inLanguage":"es","@id":"https:\/\/secure.gravatar.com\/avatar\/d4fe7459cfc51ff5129ce1a732bbef5928568b8092d412ef95611616376bbeed?s=96&d=mm&r=g","url":"https:\/\/secure.gravatar.com\/avatar\/d4fe7459cfc51ff5129ce1a732bbef5928568b8092d412ef95611616376bbeed?s=96&d=mm&r=g","contentUrl":"https:\/\/secure.gravatar.com\/avatar\/d4fe7459cfc51ff5129ce1a732bbef5928568b8092d412ef95611616376bbeed?s=96&d=mm&r=g","caption":"f1000024"},"url":"https:\/\/cvinoticias.com\/v3\/author\/f1000024\/"}]}},"_links":{"self":[{"href":"https:\/\/cvinoticias.com\/v3\/wp-json\/wp\/v2\/posts\/5634","targetHints":{"allow":["GET"]}}],"collection":[{"href":"https:\/\/cvinoticias.com\/v3\/wp-json\/wp\/v2\/posts"}],"about":[{"href":"https:\/\/cvinoticias.com\/v3\/wp-json\/wp\/v2\/types\/post"}],"author":[{"embeddable":true,"href":"https:\/\/cvinoticias.com\/v3\/wp-json\/wp\/v2\/users\/2"}],"replies":[{"embeddable":true,"href":"https:\/\/cvinoticias.com\/v3\/wp-json\/wp\/v2\/comments?post=5634"}],"version-history":[{"count":1,"href":"https:\/\/cvinoticias.com\/v3\/wp-json\/wp\/v2\/posts\/5634\/revisions"}],"predecessor-version":[{"id":5636,"href":"https:\/\/cvinoticias.com\/v3\/wp-json\/wp\/v2\/posts\/5634\/revisions\/5636"}],"wp:featuredmedia":[{"embeddable":true,"href":"https:\/\/cvinoticias.com\/v3\/wp-json\/wp\/v2\/media\/5635"}],"wp:attachment":[{"href":"https:\/\/cvinoticias.com\/v3\/wp-json\/wp\/v2\/media?parent=5634"}],"wp:term":[{"taxonomy":"category","embeddable":true,"href":"https:\/\/cvinoticias.com\/v3\/wp-json\/wp\/v2\/categories?post=5634"},{"taxonomy":"post_tag","embeddable":true,"href":"https:\/\/cvinoticias.com\/v3\/wp-json\/wp\/v2\/tags?post=5634"}],"curies":[{"name":"wp","href":"https:\/\/api.w.org\/{rel}","templated":true}]}}