{"id":5619,"date":"2021-06-02T00:32:26","date_gmt":"2021-06-02T00:32:26","guid":{"rendered":"https:\/\/cvinoticias.com\/v3\/?p=5619"},"modified":"2021-06-02T00:32:26","modified_gmt":"2021-06-02T00:32:26","slug":"iguazu-entrega-de-titulos-de-propiedad-para-barrio-los-cedros","status":"publish","type":"post","link":"https:\/\/cvinoticias.com\/v3\/iguazu-entrega-de-titulos-de-propiedad-para-barrio-los-cedros\/","title":{"rendered":"Iguaz\u00fa: Entrega de T\u00edtulos de Propiedad para Barrio Los Cedros."},"content":{"rendered":"\n<p><strong><em>En la tarde de hoy se hizo entrega de t\u00edtulo de propiedad a vecinos de barrio Los Cedros correspondiente al programa Habita.<\/em><\/strong><\/p>\n\n\n\n<p>Estuvieron presentes el Intendente municipal, Claudio Ra\u00fal Filippa, el Director de Obras Privadas, el arquitecto Arturo Garc\u00eda, Presidente de Iturem, Leopoldo Lucas, concejales y el Director de Farmacias del Interior del IPS, Carlos Herrera Ahuad.<\/p>\n\n\n\n<figure class=\"wp-block-image size-large\"><a href=\"https:\/\/cvinoticias.com\/wp-content\/uploads\/2021\/06\/IMG-20210601-WA0200.jpg\"><img decoding=\"async\" width=\"768\" height=\"1024\" data-src=\"https:\/\/cvinoticias.com\/wp-content\/uploads\/2021\/06\/IMG-20210601-WA0200-768x1024.jpg\" alt=\"\" class=\"wp-image-5621 lazyload\" data-srcset=\"https:\/\/cvinoticias.com\/wp-content\/uploads\/2021\/06\/IMG-20210601-WA0200-768x1024.jpg 768w, https:\/\/cvinoticias.com\/wp-content\/uploads\/2021\/06\/IMG-20210601-WA0200-225x300.jpg 225w, https:\/\/cvinoticias.com\/wp-content\/uploads\/2021\/06\/IMG-20210601-WA0200.jpg 774w\" data-sizes=\"(max-width: 768px) 100vw, 768px\" src=\"data:image\/svg+xml;base64,PHN2ZyB3aWR0aD0iMSIgaGVpZ2h0PSIxIiB4bWxucz0iaHR0cDovL3d3dy53My5vcmcvMjAwMC9zdmciPjwvc3ZnPg==\" style=\"--smush-placeholder-width: 768px; --smush-placeholder-aspect-ratio: 768\/1024;\" \/><\/a><\/figure>\n\n\n\n<figure class=\"wp-block-image size-large\"><a href=\"https:\/\/cvinoticias.com\/wp-content\/uploads\/2021\/06\/IMG-20210601-WA0204.jpg\"><img decoding=\"async\" width=\"768\" height=\"1024\" data-src=\"https:\/\/cvinoticias.com\/wp-content\/uploads\/2021\/06\/IMG-20210601-WA0204-768x1024.jpg\" alt=\"\" class=\"wp-image-5622 lazyload\" data-srcset=\"https:\/\/cvinoticias.com\/wp-content\/uploads\/2021\/06\/IMG-20210601-WA0204-768x1024.jpg 768w, https:\/\/cvinoticias.com\/wp-content\/uploads\/2021\/06\/IMG-20210601-WA0204-225x300.jpg 225w, https:\/\/cvinoticias.com\/wp-content\/uploads\/2021\/06\/IMG-20210601-WA0204.jpg 774w\" data-sizes=\"(max-width: 768px) 100vw, 768px\" src=\"data:image\/svg+xml;base64,PHN2ZyB3aWR0aD0iMSIgaGVpZ2h0PSIxIiB4bWxucz0iaHR0cDovL3d3dy53My5vcmcvMjAwMC9zdmciPjwvc3ZnPg==\" style=\"--smush-placeholder-width: 768px; --smush-placeholder-aspect-ratio: 768\/1024;\" \/><\/a><\/figure>\n\n\n\n<figure class=\"wp-block-image size-large\"><a href=\"https:\/\/cvinoticias.com\/wp-content\/uploads\/2021\/06\/IMG-20210601-WA0202.jpg\"><img decoding=\"async\" width=\"1024\" height=\"768\" data-src=\"https:\/\/cvinoticias.com\/wp-content\/uploads\/2021\/06\/IMG-20210601-WA0202-1024x768.jpg\" alt=\"\" class=\"wp-image-5623 lazyload\" data-srcset=\"https:\/\/cvinoticias.com\/wp-content\/uploads\/2021\/06\/IMG-20210601-WA0202-1024x768.jpg 1024w, https:\/\/cvinoticias.com\/wp-content\/uploads\/2021\/06\/IMG-20210601-WA0202-300x225.jpg 300w, https:\/\/cvinoticias.com\/wp-content\/uploads\/2021\/06\/IMG-20210601-WA0202-768x576.jpg 768w, https:\/\/cvinoticias.com\/wp-content\/uploads\/2021\/06\/IMG-20210601-WA0202.jpg 1032w\" data-sizes=\"(max-width: 1024px) 100vw, 1024px\" src=\"data:image\/svg+xml;base64,PHN2ZyB3aWR0aD0iMSIgaGVpZ2h0PSIxIiB4bWxucz0iaHR0cDovL3d3dy53My5vcmcvMjAwMC9zdmciPjwvc3ZnPg==\" style=\"--smush-placeholder-width: 1024px; --smush-placeholder-aspect-ratio: 1024\/768;\" \/><\/a><\/figure>\n\n\n\n<figure class=\"wp-block-image size-large is-resized\"><a href=\"https:\/\/cvinoticias.com\/wp-content\/uploads\/2021\/06\/IMG-20210601-WA0207.jpg\"><img decoding=\"async\" data-src=\"https:\/\/cvinoticias.com\/wp-content\/uploads\/2021\/06\/IMG-20210601-WA0207-768x1024.jpg\" alt=\"\" class=\"wp-image-5624 lazyload\" width=\"680\" height=\"906\" data-srcset=\"https:\/\/cvinoticias.com\/wp-content\/uploads\/2021\/06\/IMG-20210601-WA0207-768x1024.jpg 768w, https:\/\/cvinoticias.com\/wp-content\/uploads\/2021\/06\/IMG-20210601-WA0207-225x300.jpg 225w, https:\/\/cvinoticias.com\/wp-content\/uploads\/2021\/06\/IMG-20210601-WA0207.jpg 774w\" data-sizes=\"(max-width: 680px) 100vw, 680px\" src=\"data:image\/svg+xml;base64,PHN2ZyB3aWR0aD0iMSIgaGVpZ2h0PSIxIiB4bWxucz0iaHR0cDovL3d3dy53My5vcmcvMjAwMC9zdmciPjwvc3ZnPg==\" style=\"--smush-placeholder-width: 680px; --smush-placeholder-aspect-ratio: 680\/906;\" \/><\/a><\/figure>\n\n\n\n<figure class=\"wp-block-image size-large\"><a href=\"https:\/\/cvinoticias.com\/wp-content\/uploads\/2021\/06\/IMG-20210601-WA0205.jpg\"><img decoding=\"async\" width=\"768\" height=\"1024\" data-src=\"https:\/\/cvinoticias.com\/wp-content\/uploads\/2021\/06\/IMG-20210601-WA0205-768x1024.jpg\" alt=\"\" class=\"wp-image-5625 lazyload\" data-srcset=\"https:\/\/cvinoticias.com\/wp-content\/uploads\/2021\/06\/IMG-20210601-WA0205-768x1024.jpg 768w, https:\/\/cvinoticias.com\/wp-content\/uploads\/2021\/06\/IMG-20210601-WA0205-225x300.jpg 225w, https:\/\/cvinoticias.com\/wp-content\/uploads\/2021\/06\/IMG-20210601-WA0205.jpg 774w\" data-sizes=\"(max-width: 768px) 100vw, 768px\" src=\"data:image\/svg+xml;base64,PHN2ZyB3aWR0aD0iMSIgaGVpZ2h0PSIxIiB4bWxucz0iaHR0cDovL3d3dy53My5vcmcvMjAwMC9zdmciPjwvc3ZnPg==\" style=\"--smush-placeholder-width: 768px; --smush-placeholder-aspect-ratio: 768\/1024;\" \/><\/a><\/figure>\n","protected":false},"excerpt":{"rendered":"<p>En la tarde de hoy se hizo entrega de t\u00edtulo de propiedad a vecinos de barrio Los Cedros correspondiente al programa Habita. Estuvieron presentes el Intendente municipal, Claudio Ra\u00fal Filippa, el Director de Obras Privadas, el arquitecto Arturo Garc\u00eda, Presidente de Iturem, Leopoldo Lucas, concejales y el Director de Farmacias del Interior del IPS, Carlos [&hellip;]<\/p>\n","protected":false},"author":2,"featured_media":5620,"comment_status":"open","ping_status":"open","sticky":false,"template":"","format":"standard","meta":{"footnotes":""},"categories":[29],"tags":[],"class_list":["post-5619","post","type-post","status-publish","format-standard","has-post-thumbnail","hentry","category-locales"],"yoast_head":"<!-- This site is optimized with the Yoast SEO plugin v27.5 - https:\/\/yoast.com\/product\/yoast-seo-wordpress\/ -->\n<title>Iguaz\u00fa: Entrega de T\u00edtulos de Propiedad para Barrio Los Cedros. | CVI NOTICIAS<\/title>\n<meta name=\"robots\" content=\"index, follow, max-snippet:-1, max-image-preview:large, max-video-preview:-1\" \/>\n<link rel=\"canonical\" href=\"https:\/\/cvinoticias.com\/v3\/iguazu-entrega-de-titulos-de-propiedad-para-barrio-los-cedros\/\" \/>\n<meta property=\"og:locale\" content=\"es_ES\" \/>\n<meta property=\"og:type\" content=\"article\" \/>\n<meta property=\"og:title\" content=\"Iguaz\u00fa: Entrega de T\u00edtulos de Propiedad para Barrio Los Cedros. | CVI NOTICIAS\" \/>\n<meta property=\"og:description\" content=\"En la tarde de hoy se hizo entrega de t\u00edtulo de propiedad a vecinos de barrio Los Cedros correspondiente al programa Habita. Estuvieron presentes el Intendente municipal, Claudio Ra\u00fal Filippa, el Director de Obras Privadas, el arquitecto Arturo Garc\u00eda, Presidente de Iturem, Leopoldo Lucas, concejales y el Director de Farmacias del Interior del IPS, Carlos [&hellip;]\" \/>\n<meta property=\"og:url\" content=\"https:\/\/cvinoticias.com\/v3\/iguazu-entrega-de-titulos-de-propiedad-para-barrio-los-cedros\/\" \/>\n<meta property=\"og:site_name\" content=\"CVI NOTICIAS\" \/>\n<meta property=\"article:publisher\" content=\"https:\/\/www.facebook.com\/cvinoticias\" \/>\n<meta property=\"article:published_time\" content=\"2021-06-02T00:32:26+00:00\" \/>\n<meta property=\"og:image\" content=\"https:\/\/cvinoticias.com\/wp-content\/uploads\/2021\/06\/IMG-20210601-WA0203.jpg\" \/>\n\t<meta property=\"og:image:width\" content=\"1032\" \/>\n\t<meta property=\"og:image:height\" content=\"774\" \/>\n\t<meta property=\"og:image:type\" content=\"image\/jpeg\" \/>\n<meta name=\"author\" content=\"f1000024\" \/>\n<meta name=\"twitter:card\" content=\"summary_large_image\" \/>\n<meta name=\"twitter:label1\" content=\"Escrito por\" \/>\n\t<meta name=\"twitter:data1\" content=\"f1000024\" \/>\n<script type=\"application\/ld+json\" class=\"yoast-schema-graph\">{\"@context\":\"https:\\\/\\\/schema.org\",\"@graph\":[{\"@type\":\"Article\",\"@id\":\"https:\\\/\\\/cvinoticias.com\\\/v3\\\/iguazu-entrega-de-titulos-de-propiedad-para-barrio-los-cedros\\\/#article\",\"isPartOf\":{\"@id\":\"https:\\\/\\\/cvinoticias.com\\\/v3\\\/iguazu-entrega-de-titulos-de-propiedad-para-barrio-los-cedros\\\/\"},\"author\":{\"name\":\"f1000024\",\"@id\":\"https:\\\/\\\/cvinoticias.com\\\/v3\\\/#\\\/schema\\\/person\\\/2db77e3c6bc03c538495d7b2b8be9b66\"},\"headline\":\"Iguaz\u00fa: Entrega de T\u00edtulos de Propiedad para Barrio Los Cedros.\",\"datePublished\":\"2021-06-02T00:32:26+00:00\",\"mainEntityOfPage\":{\"@id\":\"https:\\\/\\\/cvinoticias.com\\\/v3\\\/iguazu-entrega-de-titulos-de-propiedad-para-barrio-los-cedros\\\/\"},\"wordCount\":71,\"commentCount\":0,\"publisher\":{\"@id\":\"https:\\\/\\\/cvinoticias.com\\\/v3\\\/#organization\"},\"image\":{\"@id\":\"https:\\\/\\\/cvinoticias.com\\\/v3\\\/iguazu-entrega-de-titulos-de-propiedad-para-barrio-los-cedros\\\/#primaryimage\"},\"thumbnailUrl\":\"https:\\\/\\\/cvinoticias.com\\\/wp-content\\\/uploads\\\/2021\\\/06\\\/IMG-20210601-WA0203.jpg\",\"articleSection\":[\"Locales\"],\"inLanguage\":\"es\",\"potentialAction\":[{\"@type\":\"CommentAction\",\"name\":\"Comment\",\"target\":[\"https:\\\/\\\/cvinoticias.com\\\/v3\\\/iguazu-entrega-de-titulos-de-propiedad-para-barrio-los-cedros\\\/#respond\"]}]},{\"@type\":\"WebPage\",\"@id\":\"https:\\\/\\\/cvinoticias.com\\\/v3\\\/iguazu-entrega-de-titulos-de-propiedad-para-barrio-los-cedros\\\/\",\"url\":\"https:\\\/\\\/cvinoticias.com\\\/v3\\\/iguazu-entrega-de-titulos-de-propiedad-para-barrio-los-cedros\\\/\",\"name\":\"Iguaz\u00fa: Entrega de T\u00edtulos de Propiedad para Barrio Los Cedros. | CVI NOTICIAS\",\"isPartOf\":{\"@id\":\"https:\\\/\\\/cvinoticias.com\\\/v3\\\/#website\"},\"primaryImageOfPage\":{\"@id\":\"https:\\\/\\\/cvinoticias.com\\\/v3\\\/iguazu-entrega-de-titulos-de-propiedad-para-barrio-los-cedros\\\/#primaryimage\"},\"image\":{\"@id\":\"https:\\\/\\\/cvinoticias.com\\\/v3\\\/iguazu-entrega-de-titulos-de-propiedad-para-barrio-los-cedros\\\/#primaryimage\"},\"thumbnailUrl\":\"https:\\\/\\\/cvinoticias.com\\\/wp-content\\\/uploads\\\/2021\\\/06\\\/IMG-20210601-WA0203.jpg\",\"datePublished\":\"2021-06-02T00:32:26+00:00\",\"breadcrumb\":{\"@id\":\"https:\\\/\\\/cvinoticias.com\\\/v3\\\/iguazu-entrega-de-titulos-de-propiedad-para-barrio-los-cedros\\\/#breadcrumb\"},\"inLanguage\":\"es\",\"potentialAction\":[{\"@type\":\"ReadAction\",\"target\":[\"https:\\\/\\\/cvinoticias.com\\\/v3\\\/iguazu-entrega-de-titulos-de-propiedad-para-barrio-los-cedros\\\/\"]}]},{\"@type\":\"ImageObject\",\"inLanguage\":\"es\",\"@id\":\"https:\\\/\\\/cvinoticias.com\\\/v3\\\/iguazu-entrega-de-titulos-de-propiedad-para-barrio-los-cedros\\\/#primaryimage\",\"url\":\"https:\\\/\\\/cvinoticias.com\\\/wp-content\\\/uploads\\\/2021\\\/06\\\/IMG-20210601-WA0203.jpg\",\"contentUrl\":\"https:\\\/\\\/cvinoticias.com\\\/wp-content\\\/uploads\\\/2021\\\/06\\\/IMG-20210601-WA0203.jpg\",\"width\":1032,\"height\":774},{\"@type\":\"BreadcrumbList\",\"@id\":\"https:\\\/\\\/cvinoticias.com\\\/v3\\\/iguazu-entrega-de-titulos-de-propiedad-para-barrio-los-cedros\\\/#breadcrumb\",\"itemListElement\":[{\"@type\":\"ListItem\",\"position\":1,\"name\":\"Portada\",\"item\":\"https:\\\/\\\/cvinoticias.com\\\/v3\\\/\"},{\"@type\":\"ListItem\",\"position\":2,\"name\":\"Iguaz\u00fa: Entrega de T\u00edtulos de Propiedad para Barrio Los Cedros.\"}]},{\"@type\":\"WebSite\",\"@id\":\"https:\\\/\\\/cvinoticias.com\\\/v3\\\/#website\",\"url\":\"https:\\\/\\\/cvinoticias.com\\\/v3\\\/\",\"name\":\"CVI NOTICIAS\",\"description\":\"\",\"publisher\":{\"@id\":\"https:\\\/\\\/cvinoticias.com\\\/v3\\\/#organization\"},\"alternateName\":\"CVI\",\"potentialAction\":[{\"@type\":\"SearchAction\",\"target\":{\"@type\":\"EntryPoint\",\"urlTemplate\":\"https:\\\/\\\/cvinoticias.com\\\/v3\\\/?s={search_term_string}\"},\"query-input\":{\"@type\":\"PropertyValueSpecification\",\"valueRequired\":true,\"valueName\":\"search_term_string\"}}],\"inLanguage\":\"es\"},{\"@type\":\"Organization\",\"@id\":\"https:\\\/\\\/cvinoticias.com\\\/v3\\\/#organization\",\"name\":\"CVI NOTICIAS\",\"url\":\"https:\\\/\\\/cvinoticias.com\\\/v3\\\/\",\"logo\":{\"@type\":\"ImageObject\",\"inLanguage\":\"es\",\"@id\":\"https:\\\/\\\/cvinoticias.com\\\/v3\\\/#\\\/schema\\\/logo\\\/image\\\/\",\"url\":\"https:\\\/\\\/cvinoticias.com\\\/wp-content\\\/uploads\\\/2023\\\/04\\\/cropped-cropped-cropped-cropped-cropped-3-1.png\",\"contentUrl\":\"https:\\\/\\\/cvinoticias.com\\\/wp-content\\\/uploads\\\/2023\\\/04\\\/cropped-cropped-cropped-cropped-cropped-3-1.png\",\"width\":95,\"height\":122,\"caption\":\"CVI NOTICIAS\"},\"image\":{\"@id\":\"https:\\\/\\\/cvinoticias.com\\\/v3\\\/#\\\/schema\\\/logo\\\/image\\\/\"},\"sameAs\":[\"https:\\\/\\\/www.facebook.com\\\/cvinoticias\",\"https:\\\/\\\/www.instagram.com\\\/cvinoticias\\\/\",\"https:\\\/\\\/www.youtube.com\\\/@CVINOTICIAS\"]},{\"@type\":\"Person\",\"@id\":\"https:\\\/\\\/cvinoticias.com\\\/v3\\\/#\\\/schema\\\/person\\\/2db77e3c6bc03c538495d7b2b8be9b66\",\"name\":\"f1000024\",\"image\":{\"@type\":\"ImageObject\",\"inLanguage\":\"es\",\"@id\":\"https:\\\/\\\/secure.gravatar.com\\\/avatar\\\/d4fe7459cfc51ff5129ce1a732bbef5928568b8092d412ef95611616376bbeed?s=96&d=mm&r=g\",\"url\":\"https:\\\/\\\/secure.gravatar.com\\\/avatar\\\/d4fe7459cfc51ff5129ce1a732bbef5928568b8092d412ef95611616376bbeed?s=96&d=mm&r=g\",\"contentUrl\":\"https:\\\/\\\/secure.gravatar.com\\\/avatar\\\/d4fe7459cfc51ff5129ce1a732bbef5928568b8092d412ef95611616376bbeed?s=96&d=mm&r=g\",\"caption\":\"f1000024\"},\"url\":\"https:\\\/\\\/cvinoticias.com\\\/v3\\\/author\\\/f1000024\\\/\"}]}<\/script>\n<!-- \/ Yoast SEO plugin. -->","yoast_head_json":{"title":"Iguaz\u00fa: Entrega de T\u00edtulos de Propiedad para Barrio Los Cedros. | CVI NOTICIAS","robots":{"index":"index","follow":"follow","max-snippet":"max-snippet:-1","max-image-preview":"max-image-preview:large","max-video-preview":"max-video-preview:-1"},"canonical":"https:\/\/cvinoticias.com\/v3\/iguazu-entrega-de-titulos-de-propiedad-para-barrio-los-cedros\/","og_locale":"es_ES","og_type":"article","og_title":"Iguaz\u00fa: Entrega de T\u00edtulos de Propiedad para Barrio Los Cedros. | CVI NOTICIAS","og_description":"En la tarde de hoy se hizo entrega de t\u00edtulo de propiedad a vecinos de barrio Los Cedros correspondiente al programa Habita. Estuvieron presentes el Intendente municipal, Claudio Ra\u00fal Filippa, el Director de Obras Privadas, el arquitecto Arturo Garc\u00eda, Presidente de Iturem, Leopoldo Lucas, concejales y el Director de Farmacias del Interior del IPS, Carlos [&hellip;]","og_url":"https:\/\/cvinoticias.com\/v3\/iguazu-entrega-de-titulos-de-propiedad-para-barrio-los-cedros\/","og_site_name":"CVI NOTICIAS","article_publisher":"https:\/\/www.facebook.com\/cvinoticias","article_published_time":"2021-06-02T00:32:26+00:00","og_image":[{"width":1032,"height":774,"url":"https:\/\/cvinoticias.com\/wp-content\/uploads\/2021\/06\/IMG-20210601-WA0203.jpg","type":"image\/jpeg"}],"author":"f1000024","twitter_card":"summary_large_image","twitter_misc":{"Escrito por":"f1000024"},"schema":{"@context":"https:\/\/schema.org","@graph":[{"@type":"Article","@id":"https:\/\/cvinoticias.com\/v3\/iguazu-entrega-de-titulos-de-propiedad-para-barrio-los-cedros\/#article","isPartOf":{"@id":"https:\/\/cvinoticias.com\/v3\/iguazu-entrega-de-titulos-de-propiedad-para-barrio-los-cedros\/"},"author":{"name":"f1000024","@id":"https:\/\/cvinoticias.com\/v3\/#\/schema\/person\/2db77e3c6bc03c538495d7b2b8be9b66"},"headline":"Iguaz\u00fa: Entrega de T\u00edtulos de Propiedad para Barrio Los Cedros.","datePublished":"2021-06-02T00:32:26+00:00","mainEntityOfPage":{"@id":"https:\/\/cvinoticias.com\/v3\/iguazu-entrega-de-titulos-de-propiedad-para-barrio-los-cedros\/"},"wordCount":71,"commentCount":0,"publisher":{"@id":"https:\/\/cvinoticias.com\/v3\/#organization"},"image":{"@id":"https:\/\/cvinoticias.com\/v3\/iguazu-entrega-de-titulos-de-propiedad-para-barrio-los-cedros\/#primaryimage"},"thumbnailUrl":"https:\/\/cvinoticias.com\/wp-content\/uploads\/2021\/06\/IMG-20210601-WA0203.jpg","articleSection":["Locales"],"inLanguage":"es","potentialAction":[{"@type":"CommentAction","name":"Comment","target":["https:\/\/cvinoticias.com\/v3\/iguazu-entrega-de-titulos-de-propiedad-para-barrio-los-cedros\/#respond"]}]},{"@type":"WebPage","@id":"https:\/\/cvinoticias.com\/v3\/iguazu-entrega-de-titulos-de-propiedad-para-barrio-los-cedros\/","url":"https:\/\/cvinoticias.com\/v3\/iguazu-entrega-de-titulos-de-propiedad-para-barrio-los-cedros\/","name":"Iguaz\u00fa: Entrega de T\u00edtulos de Propiedad para Barrio Los Cedros. | CVI NOTICIAS","isPartOf":{"@id":"https:\/\/cvinoticias.com\/v3\/#website"},"primaryImageOfPage":{"@id":"https:\/\/cvinoticias.com\/v3\/iguazu-entrega-de-titulos-de-propiedad-para-barrio-los-cedros\/#primaryimage"},"image":{"@id":"https:\/\/cvinoticias.com\/v3\/iguazu-entrega-de-titulos-de-propiedad-para-barrio-los-cedros\/#primaryimage"},"thumbnailUrl":"https:\/\/cvinoticias.com\/wp-content\/uploads\/2021\/06\/IMG-20210601-WA0203.jpg","datePublished":"2021-06-02T00:32:26+00:00","breadcrumb":{"@id":"https:\/\/cvinoticias.com\/v3\/iguazu-entrega-de-titulos-de-propiedad-para-barrio-los-cedros\/#breadcrumb"},"inLanguage":"es","potentialAction":[{"@type":"ReadAction","target":["https:\/\/cvinoticias.com\/v3\/iguazu-entrega-de-titulos-de-propiedad-para-barrio-los-cedros\/"]}]},{"@type":"ImageObject","inLanguage":"es","@id":"https:\/\/cvinoticias.com\/v3\/iguazu-entrega-de-titulos-de-propiedad-para-barrio-los-cedros\/#primaryimage","url":"https:\/\/cvinoticias.com\/wp-content\/uploads\/2021\/06\/IMG-20210601-WA0203.jpg","contentUrl":"https:\/\/cvinoticias.com\/wp-content\/uploads\/2021\/06\/IMG-20210601-WA0203.jpg","width":1032,"height":774},{"@type":"BreadcrumbList","@id":"https:\/\/cvinoticias.com\/v3\/iguazu-entrega-de-titulos-de-propiedad-para-barrio-los-cedros\/#breadcrumb","itemListElement":[{"@type":"ListItem","position":1,"name":"Portada","item":"https:\/\/cvinoticias.com\/v3\/"},{"@type":"ListItem","position":2,"name":"Iguaz\u00fa: Entrega de T\u00edtulos de Propiedad para Barrio Los Cedros."}]},{"@type":"WebSite","@id":"https:\/\/cvinoticias.com\/v3\/#website","url":"https:\/\/cvinoticias.com\/v3\/","name":"CVI NOTICIAS","description":"","publisher":{"@id":"https:\/\/cvinoticias.com\/v3\/#organization"},"alternateName":"CVI","potentialAction":[{"@type":"SearchAction","target":{"@type":"EntryPoint","urlTemplate":"https:\/\/cvinoticias.com\/v3\/?s={search_term_string}"},"query-input":{"@type":"PropertyValueSpecification","valueRequired":true,"valueName":"search_term_string"}}],"inLanguage":"es"},{"@type":"Organization","@id":"https:\/\/cvinoticias.com\/v3\/#organization","name":"CVI NOTICIAS","url":"https:\/\/cvinoticias.com\/v3\/","logo":{"@type":"ImageObject","inLanguage":"es","@id":"https:\/\/cvinoticias.com\/v3\/#\/schema\/logo\/image\/","url":"https:\/\/cvinoticias.com\/wp-content\/uploads\/2023\/04\/cropped-cropped-cropped-cropped-cropped-3-1.png","contentUrl":"https:\/\/cvinoticias.com\/wp-content\/uploads\/2023\/04\/cropped-cropped-cropped-cropped-cropped-3-1.png","width":95,"height":122,"caption":"CVI NOTICIAS"},"image":{"@id":"https:\/\/cvinoticias.com\/v3\/#\/schema\/logo\/image\/"},"sameAs":["https:\/\/www.facebook.com\/cvinoticias","https:\/\/www.instagram.com\/cvinoticias\/","https:\/\/www.youtube.com\/@CVINOTICIAS"]},{"@type":"Person","@id":"https:\/\/cvinoticias.com\/v3\/#\/schema\/person\/2db77e3c6bc03c538495d7b2b8be9b66","name":"f1000024","image":{"@type":"ImageObject","inLanguage":"es","@id":"https:\/\/secure.gravatar.com\/avatar\/d4fe7459cfc51ff5129ce1a732bbef5928568b8092d412ef95611616376bbeed?s=96&d=mm&r=g","url":"https:\/\/secure.gravatar.com\/avatar\/d4fe7459cfc51ff5129ce1a732bbef5928568b8092d412ef95611616376bbeed?s=96&d=mm&r=g","contentUrl":"https:\/\/secure.gravatar.com\/avatar\/d4fe7459cfc51ff5129ce1a732bbef5928568b8092d412ef95611616376bbeed?s=96&d=mm&r=g","caption":"f1000024"},"url":"https:\/\/cvinoticias.com\/v3\/author\/f1000024\/"}]}},"_links":{"self":[{"href":"https:\/\/cvinoticias.com\/v3\/wp-json\/wp\/v2\/posts\/5619","targetHints":{"allow":["GET"]}}],"collection":[{"href":"https:\/\/cvinoticias.com\/v3\/wp-json\/wp\/v2\/posts"}],"about":[{"href":"https:\/\/cvinoticias.com\/v3\/wp-json\/wp\/v2\/types\/post"}],"author":[{"embeddable":true,"href":"https:\/\/cvinoticias.com\/v3\/wp-json\/wp\/v2\/users\/2"}],"replies":[{"embeddable":true,"href":"https:\/\/cvinoticias.com\/v3\/wp-json\/wp\/v2\/comments?post=5619"}],"version-history":[{"count":1,"href":"https:\/\/cvinoticias.com\/v3\/wp-json\/wp\/v2\/posts\/5619\/revisions"}],"predecessor-version":[{"id":5626,"href":"https:\/\/cvinoticias.com\/v3\/wp-json\/wp\/v2\/posts\/5619\/revisions\/5626"}],"wp:featuredmedia":[{"embeddable":true,"href":"https:\/\/cvinoticias.com\/v3\/wp-json\/wp\/v2\/media\/5620"}],"wp:attachment":[{"href":"https:\/\/cvinoticias.com\/v3\/wp-json\/wp\/v2\/media?parent=5619"}],"wp:term":[{"taxonomy":"category","embeddable":true,"href":"https:\/\/cvinoticias.com\/v3\/wp-json\/wp\/v2\/categories?post=5619"},{"taxonomy":"post_tag","embeddable":true,"href":"https:\/\/cvinoticias.com\/v3\/wp-json\/wp\/v2\/tags?post=5619"}],"curies":[{"name":"wp","href":"https:\/\/api.w.org\/{rel}","templated":true}]}}