{"id":5614,"date":"2021-06-01T14:46:54","date_gmt":"2021-06-01T14:46:54","guid":{"rendered":"https:\/\/cvinoticias.com\/v3\/?p=5614"},"modified":"2021-06-01T14:46:54","modified_gmt":"2021-06-01T14:46:54","slug":"ahora-que-ya-no-tiene-fueros-vamos-a-pedir-la-detencion-de-fragueiro","status":"publish","type":"post","link":"https:\/\/cvinoticias.com\/v3\/ahora-que-ya-no-tiene-fueros-vamos-a-pedir-la-detencion-de-fragueiro\/","title":{"rendered":"\u00abAhora que ya no tiene fueros, vamos a pedir la detenci\u00f3n de Fragueiro\u00bb"},"content":{"rendered":"\n<p><strong><em>Lo afirm\u00f3 el abogado de una de las v\u00edctimas que denunci\u00f3 al -ahora- ex juez Pedro Fragueiro, destituido por el jurado de enjuiciamiento de la provincia de Misiones. \u00abTenemos s\u00f3lidos fundamentos para creer que Fragueiro podr\u00eda intentar entorpecer el debido proceso, atento a su condici\u00f3n de ex juez\u00bb, dijo el abogado Harry Foos (h) esta ma\u00f1ana. <\/em><\/strong><\/p>\n\n\n\n<p>Seg\u00fan explic\u00f3 el letrado, Fragueiro podr\u00eda incurrir en una de las causales para que el juez a cargo de la causa, Roberto Salda\u00f1a de Eldorado, decida dictaminar la prisi\u00f3n preventiva del magistrado destituido.<\/p>\n\n\n\n<p>La presentaci\u00f3n se har\u00eda este mismo martes, antes del mediod\u00eda, en el juzgado correspondiente. \u00abMe pareci\u00f3 bien la inhibici\u00f3n, tanto del fiscal como de los jueces locales, habida cuenta la relaci\u00f3n que podr\u00eda determinar la nulidad de la causa por cuestiones t\u00e9cnicas.<\/p>\n\n\n\n<p>Asimismo, Foos manifest\u00f3 su conformidad por la celeridad con que se trat\u00f3 el caso y celebr\u00f3 que el jurado de enjuiciamiento haya obrado de conformidad con la gravedad de las denuncias que pesaban en contra del ahora ex juez.<\/p>\n\n\n\n<p>Cabe recordar que, adem\u00e1s de ser el abogado de una de las v\u00edctimas que denunci\u00f3 a Fragueiro, tiene con ella una relaci\u00f3n filial (es su hermano), por lo cual -dijo- tambi\u00e9n se sent\u00eda satisfecho en el plano familiar.<\/p>\n\n\n\n<p><\/p>\n\n\n\n<p><strong>Fuente: El Independiente<\/strong><\/p>\n","protected":false},"excerpt":{"rendered":"<p>Lo afirm\u00f3 el abogado de una de las v\u00edctimas que denunci\u00f3 al -ahora- ex juez Pedro Fragueiro, destituido por el jurado de enjuiciamiento de la provincia de Misiones. \u00abTenemos s\u00f3lidos fundamentos para creer que Fragueiro podr\u00eda intentar entorpecer el debido proceso, atento a su condici\u00f3n de ex juez\u00bb, dijo el abogado Harry Foos (h) esta [&hellip;]<\/p>\n","protected":false},"author":2,"featured_media":5043,"comment_status":"open","ping_status":"open","sticky":false,"template":"","format":"standard","meta":{"footnotes":""},"categories":[29],"tags":[],"class_list":["post-5614","post","type-post","status-publish","format-standard","has-post-thumbnail","hentry","category-locales"],"yoast_head":"<!-- This site is optimized with the Yoast SEO plugin v27.4 - https:\/\/yoast.com\/product\/yoast-seo-wordpress\/ -->\n<title>\u00abAhora que ya no tiene fueros, vamos a pedir la detenci\u00f3n de Fragueiro\u00bb | CVI NOTICIAS<\/title>\n<meta name=\"robots\" content=\"index, follow, max-snippet:-1, max-image-preview:large, max-video-preview:-1\" \/>\n<link rel=\"canonical\" href=\"https:\/\/cvinoticias.com\/v3\/ahora-que-ya-no-tiene-fueros-vamos-a-pedir-la-detencion-de-fragueiro\/\" \/>\n<meta property=\"og:locale\" content=\"es_ES\" \/>\n<meta property=\"og:type\" content=\"article\" \/>\n<meta property=\"og:title\" content=\"\u00abAhora que ya no tiene fueros, vamos a pedir la detenci\u00f3n de Fragueiro\u00bb | CVI NOTICIAS\" \/>\n<meta property=\"og:description\" content=\"Lo afirm\u00f3 el abogado de una de las v\u00edctimas que denunci\u00f3 al -ahora- ex juez Pedro Fragueiro, destituido por el jurado de enjuiciamiento de la provincia de Misiones. \u00abTenemos s\u00f3lidos fundamentos para creer que Fragueiro podr\u00eda intentar entorpecer el debido proceso, atento a su condici\u00f3n de ex juez\u00bb, dijo el abogado Harry Foos (h) esta [&hellip;]\" \/>\n<meta property=\"og:url\" content=\"https:\/\/cvinoticias.com\/v3\/ahora-que-ya-no-tiene-fueros-vamos-a-pedir-la-detencion-de-fragueiro\/\" \/>\n<meta property=\"og:site_name\" content=\"CVI NOTICIAS\" \/>\n<meta property=\"article:publisher\" content=\"https:\/\/www.facebook.com\/cvinoticias\" \/>\n<meta property=\"article:published_time\" content=\"2021-06-01T14:46:54+00:00\" \/>\n<meta property=\"og:image\" content=\"https:\/\/cvinoticias.com\/wp-content\/uploads\/2021\/05\/juez-fragueiro___aXWGtTqBV_340x340__1.jpg\" \/>\n\t<meta property=\"og:image:width\" content=\"340\" \/>\n\t<meta property=\"og:image:height\" content=\"340\" \/>\n\t<meta property=\"og:image:type\" content=\"image\/jpeg\" \/>\n<meta name=\"author\" content=\"f1000024\" \/>\n<meta name=\"twitter:card\" content=\"summary_large_image\" \/>\n<meta name=\"twitter:label1\" content=\"Escrito por\" \/>\n\t<meta name=\"twitter:data1\" content=\"f1000024\" \/>\n\t<meta name=\"twitter:label2\" content=\"Tiempo de lectura\" \/>\n\t<meta name=\"twitter:data2\" content=\"1 minuto\" \/>\n<script type=\"application\/ld+json\" class=\"yoast-schema-graph\">{\"@context\":\"https:\\\/\\\/schema.org\",\"@graph\":[{\"@type\":\"Article\",\"@id\":\"https:\\\/\\\/cvinoticias.com\\\/v3\\\/ahora-que-ya-no-tiene-fueros-vamos-a-pedir-la-detencion-de-fragueiro\\\/#article\",\"isPartOf\":{\"@id\":\"https:\\\/\\\/cvinoticias.com\\\/v3\\\/ahora-que-ya-no-tiene-fueros-vamos-a-pedir-la-detencion-de-fragueiro\\\/\"},\"author\":{\"name\":\"f1000024\",\"@id\":\"https:\\\/\\\/cvinoticias.com\\\/v3\\\/#\\\/schema\\\/person\\\/2db77e3c6bc03c538495d7b2b8be9b66\"},\"headline\":\"\u00abAhora que ya no tiene fueros, vamos a pedir la detenci\u00f3n de Fragueiro\u00bb\",\"datePublished\":\"2021-06-01T14:46:54+00:00\",\"mainEntityOfPage\":{\"@id\":\"https:\\\/\\\/cvinoticias.com\\\/v3\\\/ahora-que-ya-no-tiene-fueros-vamos-a-pedir-la-detencion-de-fragueiro\\\/\"},\"wordCount\":246,\"commentCount\":0,\"publisher\":{\"@id\":\"https:\\\/\\\/cvinoticias.com\\\/v3\\\/#organization\"},\"image\":{\"@id\":\"https:\\\/\\\/cvinoticias.com\\\/v3\\\/ahora-que-ya-no-tiene-fueros-vamos-a-pedir-la-detencion-de-fragueiro\\\/#primaryimage\"},\"thumbnailUrl\":\"https:\\\/\\\/cvinoticias.com\\\/wp-content\\\/uploads\\\/2021\\\/05\\\/juez-fragueiro___aXWGtTqBV_340x340__1.jpg\",\"articleSection\":[\"Locales\"],\"inLanguage\":\"es\",\"potentialAction\":[{\"@type\":\"CommentAction\",\"name\":\"Comment\",\"target\":[\"https:\\\/\\\/cvinoticias.com\\\/v3\\\/ahora-que-ya-no-tiene-fueros-vamos-a-pedir-la-detencion-de-fragueiro\\\/#respond\"]}]},{\"@type\":\"WebPage\",\"@id\":\"https:\\\/\\\/cvinoticias.com\\\/v3\\\/ahora-que-ya-no-tiene-fueros-vamos-a-pedir-la-detencion-de-fragueiro\\\/\",\"url\":\"https:\\\/\\\/cvinoticias.com\\\/v3\\\/ahora-que-ya-no-tiene-fueros-vamos-a-pedir-la-detencion-de-fragueiro\\\/\",\"name\":\"\u00abAhora que ya no tiene fueros, vamos a pedir la detenci\u00f3n de Fragueiro\u00bb | CVI NOTICIAS\",\"isPartOf\":{\"@id\":\"https:\\\/\\\/cvinoticias.com\\\/v3\\\/#website\"},\"primaryImageOfPage\":{\"@id\":\"https:\\\/\\\/cvinoticias.com\\\/v3\\\/ahora-que-ya-no-tiene-fueros-vamos-a-pedir-la-detencion-de-fragueiro\\\/#primaryimage\"},\"image\":{\"@id\":\"https:\\\/\\\/cvinoticias.com\\\/v3\\\/ahora-que-ya-no-tiene-fueros-vamos-a-pedir-la-detencion-de-fragueiro\\\/#primaryimage\"},\"thumbnailUrl\":\"https:\\\/\\\/cvinoticias.com\\\/wp-content\\\/uploads\\\/2021\\\/05\\\/juez-fragueiro___aXWGtTqBV_340x340__1.jpg\",\"datePublished\":\"2021-06-01T14:46:54+00:00\",\"breadcrumb\":{\"@id\":\"https:\\\/\\\/cvinoticias.com\\\/v3\\\/ahora-que-ya-no-tiene-fueros-vamos-a-pedir-la-detencion-de-fragueiro\\\/#breadcrumb\"},\"inLanguage\":\"es\",\"potentialAction\":[{\"@type\":\"ReadAction\",\"target\":[\"https:\\\/\\\/cvinoticias.com\\\/v3\\\/ahora-que-ya-no-tiene-fueros-vamos-a-pedir-la-detencion-de-fragueiro\\\/\"]}]},{\"@type\":\"ImageObject\",\"inLanguage\":\"es\",\"@id\":\"https:\\\/\\\/cvinoticias.com\\\/v3\\\/ahora-que-ya-no-tiene-fueros-vamos-a-pedir-la-detencion-de-fragueiro\\\/#primaryimage\",\"url\":\"https:\\\/\\\/cvinoticias.com\\\/wp-content\\\/uploads\\\/2021\\\/05\\\/juez-fragueiro___aXWGtTqBV_340x340__1.jpg\",\"contentUrl\":\"https:\\\/\\\/cvinoticias.com\\\/wp-content\\\/uploads\\\/2021\\\/05\\\/juez-fragueiro___aXWGtTqBV_340x340__1.jpg\",\"width\":340,\"height\":340},{\"@type\":\"BreadcrumbList\",\"@id\":\"https:\\\/\\\/cvinoticias.com\\\/v3\\\/ahora-que-ya-no-tiene-fueros-vamos-a-pedir-la-detencion-de-fragueiro\\\/#breadcrumb\",\"itemListElement\":[{\"@type\":\"ListItem\",\"position\":1,\"name\":\"Portada\",\"item\":\"https:\\\/\\\/cvinoticias.com\\\/v3\\\/\"},{\"@type\":\"ListItem\",\"position\":2,\"name\":\"\u00abAhora que ya no tiene fueros, vamos a pedir la detenci\u00f3n de Fragueiro\u00bb\"}]},{\"@type\":\"WebSite\",\"@id\":\"https:\\\/\\\/cvinoticias.com\\\/v3\\\/#website\",\"url\":\"https:\\\/\\\/cvinoticias.com\\\/v3\\\/\",\"name\":\"CVI NOTICIAS\",\"description\":\"\",\"publisher\":{\"@id\":\"https:\\\/\\\/cvinoticias.com\\\/v3\\\/#organization\"},\"alternateName\":\"CVI\",\"potentialAction\":[{\"@type\":\"SearchAction\",\"target\":{\"@type\":\"EntryPoint\",\"urlTemplate\":\"https:\\\/\\\/cvinoticias.com\\\/v3\\\/?s={search_term_string}\"},\"query-input\":{\"@type\":\"PropertyValueSpecification\",\"valueRequired\":true,\"valueName\":\"search_term_string\"}}],\"inLanguage\":\"es\"},{\"@type\":\"Organization\",\"@id\":\"https:\\\/\\\/cvinoticias.com\\\/v3\\\/#organization\",\"name\":\"CVI NOTICIAS\",\"url\":\"https:\\\/\\\/cvinoticias.com\\\/v3\\\/\",\"logo\":{\"@type\":\"ImageObject\",\"inLanguage\":\"es\",\"@id\":\"https:\\\/\\\/cvinoticias.com\\\/v3\\\/#\\\/schema\\\/logo\\\/image\\\/\",\"url\":\"https:\\\/\\\/cvinoticias.com\\\/wp-content\\\/uploads\\\/2023\\\/04\\\/cropped-cropped-cropped-cropped-cropped-3-1.png\",\"contentUrl\":\"https:\\\/\\\/cvinoticias.com\\\/wp-content\\\/uploads\\\/2023\\\/04\\\/cropped-cropped-cropped-cropped-cropped-3-1.png\",\"width\":95,\"height\":122,\"caption\":\"CVI NOTICIAS\"},\"image\":{\"@id\":\"https:\\\/\\\/cvinoticias.com\\\/v3\\\/#\\\/schema\\\/logo\\\/image\\\/\"},\"sameAs\":[\"https:\\\/\\\/www.facebook.com\\\/cvinoticias\",\"https:\\\/\\\/www.instagram.com\\\/cvinoticias\\\/\",\"https:\\\/\\\/www.youtube.com\\\/@CVINOTICIAS\"]},{\"@type\":\"Person\",\"@id\":\"https:\\\/\\\/cvinoticias.com\\\/v3\\\/#\\\/schema\\\/person\\\/2db77e3c6bc03c538495d7b2b8be9b66\",\"name\":\"f1000024\",\"image\":{\"@type\":\"ImageObject\",\"inLanguage\":\"es\",\"@id\":\"https:\\\/\\\/secure.gravatar.com\\\/avatar\\\/d4fe7459cfc51ff5129ce1a732bbef5928568b8092d412ef95611616376bbeed?s=96&d=mm&r=g\",\"url\":\"https:\\\/\\\/secure.gravatar.com\\\/avatar\\\/d4fe7459cfc51ff5129ce1a732bbef5928568b8092d412ef95611616376bbeed?s=96&d=mm&r=g\",\"contentUrl\":\"https:\\\/\\\/secure.gravatar.com\\\/avatar\\\/d4fe7459cfc51ff5129ce1a732bbef5928568b8092d412ef95611616376bbeed?s=96&d=mm&r=g\",\"caption\":\"f1000024\"},\"url\":\"https:\\\/\\\/cvinoticias.com\\\/v3\\\/author\\\/f1000024\\\/\"}]}<\/script>\n<!-- \/ Yoast SEO plugin. -->","yoast_head_json":{"title":"\u00abAhora que ya no tiene fueros, vamos a pedir la detenci\u00f3n de Fragueiro\u00bb | CVI NOTICIAS","robots":{"index":"index","follow":"follow","max-snippet":"max-snippet:-1","max-image-preview":"max-image-preview:large","max-video-preview":"max-video-preview:-1"},"canonical":"https:\/\/cvinoticias.com\/v3\/ahora-que-ya-no-tiene-fueros-vamos-a-pedir-la-detencion-de-fragueiro\/","og_locale":"es_ES","og_type":"article","og_title":"\u00abAhora que ya no tiene fueros, vamos a pedir la detenci\u00f3n de Fragueiro\u00bb | CVI NOTICIAS","og_description":"Lo afirm\u00f3 el abogado de una de las v\u00edctimas que denunci\u00f3 al -ahora- ex juez Pedro Fragueiro, destituido por el jurado de enjuiciamiento de la provincia de Misiones. \u00abTenemos s\u00f3lidos fundamentos para creer que Fragueiro podr\u00eda intentar entorpecer el debido proceso, atento a su condici\u00f3n de ex juez\u00bb, dijo el abogado Harry Foos (h) esta [&hellip;]","og_url":"https:\/\/cvinoticias.com\/v3\/ahora-que-ya-no-tiene-fueros-vamos-a-pedir-la-detencion-de-fragueiro\/","og_site_name":"CVI NOTICIAS","article_publisher":"https:\/\/www.facebook.com\/cvinoticias","article_published_time":"2021-06-01T14:46:54+00:00","og_image":[{"width":340,"height":340,"url":"https:\/\/cvinoticias.com\/wp-content\/uploads\/2021\/05\/juez-fragueiro___aXWGtTqBV_340x340__1.jpg","type":"image\/jpeg"}],"author":"f1000024","twitter_card":"summary_large_image","twitter_misc":{"Escrito por":"f1000024","Tiempo de lectura":"1 minuto"},"schema":{"@context":"https:\/\/schema.org","@graph":[{"@type":"Article","@id":"https:\/\/cvinoticias.com\/v3\/ahora-que-ya-no-tiene-fueros-vamos-a-pedir-la-detencion-de-fragueiro\/#article","isPartOf":{"@id":"https:\/\/cvinoticias.com\/v3\/ahora-que-ya-no-tiene-fueros-vamos-a-pedir-la-detencion-de-fragueiro\/"},"author":{"name":"f1000024","@id":"https:\/\/cvinoticias.com\/v3\/#\/schema\/person\/2db77e3c6bc03c538495d7b2b8be9b66"},"headline":"\u00abAhora que ya no tiene fueros, vamos a pedir la detenci\u00f3n de Fragueiro\u00bb","datePublished":"2021-06-01T14:46:54+00:00","mainEntityOfPage":{"@id":"https:\/\/cvinoticias.com\/v3\/ahora-que-ya-no-tiene-fueros-vamos-a-pedir-la-detencion-de-fragueiro\/"},"wordCount":246,"commentCount":0,"publisher":{"@id":"https:\/\/cvinoticias.com\/v3\/#organization"},"image":{"@id":"https:\/\/cvinoticias.com\/v3\/ahora-que-ya-no-tiene-fueros-vamos-a-pedir-la-detencion-de-fragueiro\/#primaryimage"},"thumbnailUrl":"https:\/\/cvinoticias.com\/wp-content\/uploads\/2021\/05\/juez-fragueiro___aXWGtTqBV_340x340__1.jpg","articleSection":["Locales"],"inLanguage":"es","potentialAction":[{"@type":"CommentAction","name":"Comment","target":["https:\/\/cvinoticias.com\/v3\/ahora-que-ya-no-tiene-fueros-vamos-a-pedir-la-detencion-de-fragueiro\/#respond"]}]},{"@type":"WebPage","@id":"https:\/\/cvinoticias.com\/v3\/ahora-que-ya-no-tiene-fueros-vamos-a-pedir-la-detencion-de-fragueiro\/","url":"https:\/\/cvinoticias.com\/v3\/ahora-que-ya-no-tiene-fueros-vamos-a-pedir-la-detencion-de-fragueiro\/","name":"\u00abAhora que ya no tiene fueros, vamos a pedir la detenci\u00f3n de Fragueiro\u00bb | CVI NOTICIAS","isPartOf":{"@id":"https:\/\/cvinoticias.com\/v3\/#website"},"primaryImageOfPage":{"@id":"https:\/\/cvinoticias.com\/v3\/ahora-que-ya-no-tiene-fueros-vamos-a-pedir-la-detencion-de-fragueiro\/#primaryimage"},"image":{"@id":"https:\/\/cvinoticias.com\/v3\/ahora-que-ya-no-tiene-fueros-vamos-a-pedir-la-detencion-de-fragueiro\/#primaryimage"},"thumbnailUrl":"https:\/\/cvinoticias.com\/wp-content\/uploads\/2021\/05\/juez-fragueiro___aXWGtTqBV_340x340__1.jpg","datePublished":"2021-06-01T14:46:54+00:00","breadcrumb":{"@id":"https:\/\/cvinoticias.com\/v3\/ahora-que-ya-no-tiene-fueros-vamos-a-pedir-la-detencion-de-fragueiro\/#breadcrumb"},"inLanguage":"es","potentialAction":[{"@type":"ReadAction","target":["https:\/\/cvinoticias.com\/v3\/ahora-que-ya-no-tiene-fueros-vamos-a-pedir-la-detencion-de-fragueiro\/"]}]},{"@type":"ImageObject","inLanguage":"es","@id":"https:\/\/cvinoticias.com\/v3\/ahora-que-ya-no-tiene-fueros-vamos-a-pedir-la-detencion-de-fragueiro\/#primaryimage","url":"https:\/\/cvinoticias.com\/wp-content\/uploads\/2021\/05\/juez-fragueiro___aXWGtTqBV_340x340__1.jpg","contentUrl":"https:\/\/cvinoticias.com\/wp-content\/uploads\/2021\/05\/juez-fragueiro___aXWGtTqBV_340x340__1.jpg","width":340,"height":340},{"@type":"BreadcrumbList","@id":"https:\/\/cvinoticias.com\/v3\/ahora-que-ya-no-tiene-fueros-vamos-a-pedir-la-detencion-de-fragueiro\/#breadcrumb","itemListElement":[{"@type":"ListItem","position":1,"name":"Portada","item":"https:\/\/cvinoticias.com\/v3\/"},{"@type":"ListItem","position":2,"name":"\u00abAhora que ya no tiene fueros, vamos a pedir la detenci\u00f3n de Fragueiro\u00bb"}]},{"@type":"WebSite","@id":"https:\/\/cvinoticias.com\/v3\/#website","url":"https:\/\/cvinoticias.com\/v3\/","name":"CVI NOTICIAS","description":"","publisher":{"@id":"https:\/\/cvinoticias.com\/v3\/#organization"},"alternateName":"CVI","potentialAction":[{"@type":"SearchAction","target":{"@type":"EntryPoint","urlTemplate":"https:\/\/cvinoticias.com\/v3\/?s={search_term_string}"},"query-input":{"@type":"PropertyValueSpecification","valueRequired":true,"valueName":"search_term_string"}}],"inLanguage":"es"},{"@type":"Organization","@id":"https:\/\/cvinoticias.com\/v3\/#organization","name":"CVI NOTICIAS","url":"https:\/\/cvinoticias.com\/v3\/","logo":{"@type":"ImageObject","inLanguage":"es","@id":"https:\/\/cvinoticias.com\/v3\/#\/schema\/logo\/image\/","url":"https:\/\/cvinoticias.com\/wp-content\/uploads\/2023\/04\/cropped-cropped-cropped-cropped-cropped-3-1.png","contentUrl":"https:\/\/cvinoticias.com\/wp-content\/uploads\/2023\/04\/cropped-cropped-cropped-cropped-cropped-3-1.png","width":95,"height":122,"caption":"CVI NOTICIAS"},"image":{"@id":"https:\/\/cvinoticias.com\/v3\/#\/schema\/logo\/image\/"},"sameAs":["https:\/\/www.facebook.com\/cvinoticias","https:\/\/www.instagram.com\/cvinoticias\/","https:\/\/www.youtube.com\/@CVINOTICIAS"]},{"@type":"Person","@id":"https:\/\/cvinoticias.com\/v3\/#\/schema\/person\/2db77e3c6bc03c538495d7b2b8be9b66","name":"f1000024","image":{"@type":"ImageObject","inLanguage":"es","@id":"https:\/\/secure.gravatar.com\/avatar\/d4fe7459cfc51ff5129ce1a732bbef5928568b8092d412ef95611616376bbeed?s=96&d=mm&r=g","url":"https:\/\/secure.gravatar.com\/avatar\/d4fe7459cfc51ff5129ce1a732bbef5928568b8092d412ef95611616376bbeed?s=96&d=mm&r=g","contentUrl":"https:\/\/secure.gravatar.com\/avatar\/d4fe7459cfc51ff5129ce1a732bbef5928568b8092d412ef95611616376bbeed?s=96&d=mm&r=g","caption":"f1000024"},"url":"https:\/\/cvinoticias.com\/v3\/author\/f1000024\/"}]}},"_links":{"self":[{"href":"https:\/\/cvinoticias.com\/v3\/wp-json\/wp\/v2\/posts\/5614","targetHints":{"allow":["GET"]}}],"collection":[{"href":"https:\/\/cvinoticias.com\/v3\/wp-json\/wp\/v2\/posts"}],"about":[{"href":"https:\/\/cvinoticias.com\/v3\/wp-json\/wp\/v2\/types\/post"}],"author":[{"embeddable":true,"href":"https:\/\/cvinoticias.com\/v3\/wp-json\/wp\/v2\/users\/2"}],"replies":[{"embeddable":true,"href":"https:\/\/cvinoticias.com\/v3\/wp-json\/wp\/v2\/comments?post=5614"}],"version-history":[{"count":1,"href":"https:\/\/cvinoticias.com\/v3\/wp-json\/wp\/v2\/posts\/5614\/revisions"}],"predecessor-version":[{"id":5615,"href":"https:\/\/cvinoticias.com\/v3\/wp-json\/wp\/v2\/posts\/5614\/revisions\/5615"}],"wp:featuredmedia":[{"embeddable":true,"href":"https:\/\/cvinoticias.com\/v3\/wp-json\/wp\/v2\/media\/5043"}],"wp:attachment":[{"href":"https:\/\/cvinoticias.com\/v3\/wp-json\/wp\/v2\/media?parent=5614"}],"wp:term":[{"taxonomy":"category","embeddable":true,"href":"https:\/\/cvinoticias.com\/v3\/wp-json\/wp\/v2\/categories?post=5614"},{"taxonomy":"post_tag","embeddable":true,"href":"https:\/\/cvinoticias.com\/v3\/wp-json\/wp\/v2\/tags?post=5614"}],"curies":[{"name":"wp","href":"https:\/\/api.w.org\/{rel}","templated":true}]}}