{"id":55824,"date":"2026-03-18T13:34:55","date_gmt":"2026-03-18T16:34:55","guid":{"rendered":"https:\/\/cvinoticias.com\/v3\/?p=55824"},"modified":"2026-03-19T08:53:14","modified_gmt":"2026-03-19T11:53:14","slug":"se-presentara-caldo-de-cultura-2-una-invitacion-a-conocer-mas-sobre-el-psicoanalisis","status":"publish","type":"post","link":"https:\/\/cvinoticias.com\/v3\/se-presentara-caldo-de-cultura-2-una-invitacion-a-conocer-mas-sobre-el-psicoanalisis\/","title":{"rendered":"Se presentar\u00e1 \u201cCaldo de Cultura 2\u201d: una invitaci\u00f3n a conocer m\u00e1s sobre el psicoan\u00e1lisis"},"content":{"rendered":"\n<p>Este viernes, la ciudad ser\u00e1 sede un encuentro que invita a la reflexi\u00f3n profunda y al debate intelectual. El Instituto Sigmund Freud y la Biblioteca Freudiana de Iguaz\u00fa presentar\u00e1n el segundo n\u00famero de \u00abCaldo de Cultura &#8211; Revista Anal\u00edtica\u00bb, bajo el t\u00edtulo \u00abLa bruma del amanecer y el r\u00edo del lenguaje\u00bb.<\/p>\n\n\n\n<p>\u200bEl evento, que comenzar\u00e1 a las 20:00 horas en la Biblioteca Popular Victoria Aguirre, contar\u00e1 con la presentaci\u00f3n de Vanesa Ruppel, Zinnia Osella y Orlando Chamorro, bajo la coordinaci\u00f3n de Paola Castro.<\/p>\n\n\n\n<p>En di\u00e1logo con CVI, Vanesa Ruppel destac\u00f3 la importancia de este espacio de aprendizaje y c\u00f3mo el psicoan\u00e1lisis atraviesa nuestra cotidianeidad m\u00e1s de lo que percibimos. \u00abHay muchas cuestiones relacionadas a la vida diaria en las que, sin darnos cuenta, existen conceptos vinculados al psicoan\u00e1lisis\u00bb, explic\u00f3 la profesional.<\/p>\n\n\n\n<p>\u200bLa revista cuenta con un consejo de redacci\u00f3n responsable a cargo de Julia Pern\u00eda, e integrado por Lorena Olmedo, Aldana Macena, Claudia Fern\u00e1ndez y Christian G\u00f3mez.<\/p>\n\n\n\n<p>El encuentro en la biblioteca local representa una oportunidad \u00fanica para que la comunidad de Iguaz\u00fa acceda a contenidos acad\u00e9micos y culturales de alta calidad en un entorno cercano y participativo. Para mas informaci\u00f3n comunicarse al: 3757-616665<\/p>\n\n\n\n<p>Entrevista con: Vanesa Ruppel (Miembro de la Asoc. Psicoan\u00e1lisis de Misiones e Integrante de la Biblioteca Freudiana Iguaz\u00fa)<\/p>\n","protected":false},"excerpt":{"rendered":"<p>Este viernes, la ciudad ser\u00e1 sede un encuentro que invita a la reflexi\u00f3n profunda y al debate intelectual. El Instituto Sigmund Freud y la Biblioteca Freudiana de Iguaz\u00fa presentar\u00e1n el segundo n\u00famero de \u00abCaldo de Cultura &#8211; Revista Anal\u00edtica\u00bb, bajo el t\u00edtulo \u00abLa bruma del amanecer y el r\u00edo del lenguaje\u00bb. \u200bEl evento, que comenzar\u00e1 [&hellip;]<\/p>\n","protected":false},"author":2,"featured_media":55825,"comment_status":"open","ping_status":"closed","sticky":false,"template":"","format":"standard","meta":{"footnotes":""},"categories":[47],"tags":[4767,5406,281,5407],"class_list":["post-55824","post","type-post","status-publish","format-standard","has-post-thumbnail","hentry","category-sociedad","tag-2-2","tag-caldo","tag-cultura","tag-psicoanalisis"],"yoast_head":"<!-- This site is optimized with the Yoast SEO plugin v27.5 - https:\/\/yoast.com\/product\/yoast-seo-wordpress\/ -->\n<title>Presentan Caldo de Cultura 2 en Iguaz\u00fa | CVI NOTICIAS<\/title>\n<meta name=\"description\" content=\"Invitan a la presentaci\u00f3n de Caldo de Cultura 2 en Iguaz\u00fa, un espacio de reflexi\u00f3n sobre psicoan\u00e1lisis y cultura.\" \/>\n<meta name=\"robots\" content=\"index, follow, max-snippet:-1, max-image-preview:large, max-video-preview:-1\" \/>\n<link rel=\"canonical\" href=\"https:\/\/cvinoticias.com\/v3\/se-presentara-caldo-de-cultura-2-una-invitacion-a-conocer-mas-sobre-el-psicoanalisis\/\" \/>\n<meta property=\"og:locale\" content=\"es_ES\" \/>\n<meta property=\"og:type\" content=\"article\" \/>\n<meta property=\"og:title\" content=\"Presentan Caldo de Cultura 2 en Iguaz\u00fa | CVI NOTICIAS\" \/>\n<meta property=\"og:description\" content=\"Invitan a la presentaci\u00f3n de Caldo de Cultura 2 en Iguaz\u00fa, un espacio de reflexi\u00f3n sobre psicoan\u00e1lisis y cultura.\" \/>\n<meta property=\"og:url\" content=\"https:\/\/cvinoticias.com\/v3\/se-presentara-caldo-de-cultura-2-una-invitacion-a-conocer-mas-sobre-el-psicoanalisis\/\" \/>\n<meta property=\"og:site_name\" content=\"CVI NOTICIAS\" \/>\n<meta property=\"article:publisher\" content=\"https:\/\/www.facebook.com\/cvinoticias\" \/>\n<meta property=\"article:published_time\" content=\"2026-03-18T16:34:55+00:00\" \/>\n<meta property=\"article:modified_time\" content=\"2026-03-19T11:53:14+00:00\" \/>\n<meta property=\"og:image\" content=\"https:\/\/cvinoticias.com\/wp-content\/uploads\/2026\/03\/8ff93c29-0cf7-4f45-b116-d31211fa1f41.jpeg\" \/>\n\t<meta property=\"og:image:width\" content=\"912\" \/>\n\t<meta property=\"og:image:height\" content=\"642\" \/>\n\t<meta property=\"og:image:type\" content=\"image\/jpeg\" \/>\n<meta name=\"author\" content=\"f1000024\" \/>\n<meta name=\"twitter:card\" content=\"summary_large_image\" \/>\n<meta name=\"twitter:label1\" content=\"Escrito por\" \/>\n\t<meta name=\"twitter:data1\" content=\"f1000024\" \/>\n\t<meta name=\"twitter:label2\" content=\"Tiempo de lectura\" \/>\n\t<meta name=\"twitter:data2\" content=\"2 minutos\" \/>\n<script type=\"application\/ld+json\" class=\"yoast-schema-graph\">{\"@context\":\"https:\\\/\\\/schema.org\",\"@graph\":[{\"@type\":\"Article\",\"@id\":\"https:\\\/\\\/cvinoticias.com\\\/v3\\\/se-presentara-caldo-de-cultura-2-una-invitacion-a-conocer-mas-sobre-el-psicoanalisis\\\/#article\",\"isPartOf\":{\"@id\":\"https:\\\/\\\/cvinoticias.com\\\/v3\\\/se-presentara-caldo-de-cultura-2-una-invitacion-a-conocer-mas-sobre-el-psicoanalisis\\\/\"},\"author\":{\"name\":\"f1000024\",\"@id\":\"https:\\\/\\\/cvinoticias.com\\\/v3\\\/#\\\/schema\\\/person\\\/2db77e3c6bc03c538495d7b2b8be9b66\"},\"headline\":\"Se presentar\u00e1 \u201cCaldo de Cultura 2\u201d: una invitaci\u00f3n a conocer m\u00e1s sobre el psicoan\u00e1lisis\",\"datePublished\":\"2026-03-18T16:34:55+00:00\",\"dateModified\":\"2026-03-19T11:53:14+00:00\",\"mainEntityOfPage\":{\"@id\":\"https:\\\/\\\/cvinoticias.com\\\/v3\\\/se-presentara-caldo-de-cultura-2-una-invitacion-a-conocer-mas-sobre-el-psicoanalisis\\\/\"},\"wordCount\":247,\"commentCount\":0,\"publisher\":{\"@id\":\"https:\\\/\\\/cvinoticias.com\\\/v3\\\/#organization\"},\"image\":{\"@id\":\"https:\\\/\\\/cvinoticias.com\\\/v3\\\/se-presentara-caldo-de-cultura-2-una-invitacion-a-conocer-mas-sobre-el-psicoanalisis\\\/#primaryimage\"},\"thumbnailUrl\":\"https:\\\/\\\/cvinoticias.com\\\/wp-content\\\/uploads\\\/2026\\\/03\\\/8ff93c29-0cf7-4f45-b116-d31211fa1f41.jpeg\",\"keywords\":[\"2\",\"caldo\",\"Cultura\",\"psicoan\u00e1lisis\"],\"articleSection\":[\"Sociedad\"],\"inLanguage\":\"es\",\"potentialAction\":[{\"@type\":\"CommentAction\",\"name\":\"Comment\",\"target\":[\"https:\\\/\\\/cvinoticias.com\\\/v3\\\/se-presentara-caldo-de-cultura-2-una-invitacion-a-conocer-mas-sobre-el-psicoanalisis\\\/#respond\"]}]},{\"@type\":\"WebPage\",\"@id\":\"https:\\\/\\\/cvinoticias.com\\\/v3\\\/se-presentara-caldo-de-cultura-2-una-invitacion-a-conocer-mas-sobre-el-psicoanalisis\\\/\",\"url\":\"https:\\\/\\\/cvinoticias.com\\\/v3\\\/se-presentara-caldo-de-cultura-2-una-invitacion-a-conocer-mas-sobre-el-psicoanalisis\\\/\",\"name\":\"Presentan Caldo de Cultura 2 en Iguaz\u00fa | CVI NOTICIAS\",\"isPartOf\":{\"@id\":\"https:\\\/\\\/cvinoticias.com\\\/v3\\\/#website\"},\"primaryImageOfPage\":{\"@id\":\"https:\\\/\\\/cvinoticias.com\\\/v3\\\/se-presentara-caldo-de-cultura-2-una-invitacion-a-conocer-mas-sobre-el-psicoanalisis\\\/#primaryimage\"},\"image\":{\"@id\":\"https:\\\/\\\/cvinoticias.com\\\/v3\\\/se-presentara-caldo-de-cultura-2-una-invitacion-a-conocer-mas-sobre-el-psicoanalisis\\\/#primaryimage\"},\"thumbnailUrl\":\"https:\\\/\\\/cvinoticias.com\\\/wp-content\\\/uploads\\\/2026\\\/03\\\/8ff93c29-0cf7-4f45-b116-d31211fa1f41.jpeg\",\"datePublished\":\"2026-03-18T16:34:55+00:00\",\"dateModified\":\"2026-03-19T11:53:14+00:00\",\"description\":\"Invitan a la presentaci\u00f3n de Caldo de Cultura 2 en Iguaz\u00fa, un espacio de reflexi\u00f3n sobre psicoan\u00e1lisis y cultura.\",\"breadcrumb\":{\"@id\":\"https:\\\/\\\/cvinoticias.com\\\/v3\\\/se-presentara-caldo-de-cultura-2-una-invitacion-a-conocer-mas-sobre-el-psicoanalisis\\\/#breadcrumb\"},\"inLanguage\":\"es\",\"potentialAction\":[{\"@type\":\"ReadAction\",\"target\":[\"https:\\\/\\\/cvinoticias.com\\\/v3\\\/se-presentara-caldo-de-cultura-2-una-invitacion-a-conocer-mas-sobre-el-psicoanalisis\\\/\"]}]},{\"@type\":\"ImageObject\",\"inLanguage\":\"es\",\"@id\":\"https:\\\/\\\/cvinoticias.com\\\/v3\\\/se-presentara-caldo-de-cultura-2-una-invitacion-a-conocer-mas-sobre-el-psicoanalisis\\\/#primaryimage\",\"url\":\"https:\\\/\\\/cvinoticias.com\\\/wp-content\\\/uploads\\\/2026\\\/03\\\/8ff93c29-0cf7-4f45-b116-d31211fa1f41.jpeg\",\"contentUrl\":\"https:\\\/\\\/cvinoticias.com\\\/wp-content\\\/uploads\\\/2026\\\/03\\\/8ff93c29-0cf7-4f45-b116-d31211fa1f41.jpeg\",\"width\":912,\"height\":642},{\"@type\":\"BreadcrumbList\",\"@id\":\"https:\\\/\\\/cvinoticias.com\\\/v3\\\/se-presentara-caldo-de-cultura-2-una-invitacion-a-conocer-mas-sobre-el-psicoanalisis\\\/#breadcrumb\",\"itemListElement\":[{\"@type\":\"ListItem\",\"position\":1,\"name\":\"Portada\",\"item\":\"https:\\\/\\\/cvinoticias.com\\\/v3\\\/\"},{\"@type\":\"ListItem\",\"position\":2,\"name\":\"Se presentar\u00e1 \u201cCaldo de Cultura 2\u201d: una invitaci\u00f3n a conocer m\u00e1s sobre el psicoan\u00e1lisis\"}]},{\"@type\":\"WebSite\",\"@id\":\"https:\\\/\\\/cvinoticias.com\\\/v3\\\/#website\",\"url\":\"https:\\\/\\\/cvinoticias.com\\\/v3\\\/\",\"name\":\"CVI NOTICIAS\",\"description\":\"\",\"publisher\":{\"@id\":\"https:\\\/\\\/cvinoticias.com\\\/v3\\\/#organization\"},\"alternateName\":\"CVI\",\"potentialAction\":[{\"@type\":\"SearchAction\",\"target\":{\"@type\":\"EntryPoint\",\"urlTemplate\":\"https:\\\/\\\/cvinoticias.com\\\/v3\\\/?s={search_term_string}\"},\"query-input\":{\"@type\":\"PropertyValueSpecification\",\"valueRequired\":true,\"valueName\":\"search_term_string\"}}],\"inLanguage\":\"es\"},{\"@type\":\"Organization\",\"@id\":\"https:\\\/\\\/cvinoticias.com\\\/v3\\\/#organization\",\"name\":\"CVI NOTICIAS\",\"url\":\"https:\\\/\\\/cvinoticias.com\\\/v3\\\/\",\"logo\":{\"@type\":\"ImageObject\",\"inLanguage\":\"es\",\"@id\":\"https:\\\/\\\/cvinoticias.com\\\/v3\\\/#\\\/schema\\\/logo\\\/image\\\/\",\"url\":\"https:\\\/\\\/cvinoticias.com\\\/wp-content\\\/uploads\\\/2023\\\/04\\\/cropped-cropped-cropped-cropped-cropped-3-1.png\",\"contentUrl\":\"https:\\\/\\\/cvinoticias.com\\\/wp-content\\\/uploads\\\/2023\\\/04\\\/cropped-cropped-cropped-cropped-cropped-3-1.png\",\"width\":95,\"height\":122,\"caption\":\"CVI NOTICIAS\"},\"image\":{\"@id\":\"https:\\\/\\\/cvinoticias.com\\\/v3\\\/#\\\/schema\\\/logo\\\/image\\\/\"},\"sameAs\":[\"https:\\\/\\\/www.facebook.com\\\/cvinoticias\",\"https:\\\/\\\/www.instagram.com\\\/cvinoticias\\\/\",\"https:\\\/\\\/www.youtube.com\\\/@CVINOTICIAS\"]},{\"@type\":\"Person\",\"@id\":\"https:\\\/\\\/cvinoticias.com\\\/v3\\\/#\\\/schema\\\/person\\\/2db77e3c6bc03c538495d7b2b8be9b66\",\"name\":\"f1000024\",\"image\":{\"@type\":\"ImageObject\",\"inLanguage\":\"es\",\"@id\":\"https:\\\/\\\/secure.gravatar.com\\\/avatar\\\/d4fe7459cfc51ff5129ce1a732bbef5928568b8092d412ef95611616376bbeed?s=96&d=mm&r=g\",\"url\":\"https:\\\/\\\/secure.gravatar.com\\\/avatar\\\/d4fe7459cfc51ff5129ce1a732bbef5928568b8092d412ef95611616376bbeed?s=96&d=mm&r=g\",\"contentUrl\":\"https:\\\/\\\/secure.gravatar.com\\\/avatar\\\/d4fe7459cfc51ff5129ce1a732bbef5928568b8092d412ef95611616376bbeed?s=96&d=mm&r=g\",\"caption\":\"f1000024\"},\"url\":\"https:\\\/\\\/cvinoticias.com\\\/v3\\\/author\\\/f1000024\\\/\"}]}<\/script>\n<!-- \/ Yoast SEO plugin. -->","yoast_head_json":{"title":"Presentan Caldo de Cultura 2 en Iguaz\u00fa | CVI NOTICIAS","description":"Invitan a la presentaci\u00f3n de Caldo de Cultura 2 en Iguaz\u00fa, un espacio de reflexi\u00f3n sobre psicoan\u00e1lisis y cultura.","robots":{"index":"index","follow":"follow","max-snippet":"max-snippet:-1","max-image-preview":"max-image-preview:large","max-video-preview":"max-video-preview:-1"},"canonical":"https:\/\/cvinoticias.com\/v3\/se-presentara-caldo-de-cultura-2-una-invitacion-a-conocer-mas-sobre-el-psicoanalisis\/","og_locale":"es_ES","og_type":"article","og_title":"Presentan Caldo de Cultura 2 en Iguaz\u00fa | CVI NOTICIAS","og_description":"Invitan a la presentaci\u00f3n de Caldo de Cultura 2 en Iguaz\u00fa, un espacio de reflexi\u00f3n sobre psicoan\u00e1lisis y cultura.","og_url":"https:\/\/cvinoticias.com\/v3\/se-presentara-caldo-de-cultura-2-una-invitacion-a-conocer-mas-sobre-el-psicoanalisis\/","og_site_name":"CVI NOTICIAS","article_publisher":"https:\/\/www.facebook.com\/cvinoticias","article_published_time":"2026-03-18T16:34:55+00:00","article_modified_time":"2026-03-19T11:53:14+00:00","og_image":[{"width":912,"height":642,"url":"https:\/\/cvinoticias.com\/wp-content\/uploads\/2026\/03\/8ff93c29-0cf7-4f45-b116-d31211fa1f41.jpeg","type":"image\/jpeg"}],"author":"f1000024","twitter_card":"summary_large_image","twitter_misc":{"Escrito por":"f1000024","Tiempo de lectura":"2 minutos"},"schema":{"@context":"https:\/\/schema.org","@graph":[{"@type":"Article","@id":"https:\/\/cvinoticias.com\/v3\/se-presentara-caldo-de-cultura-2-una-invitacion-a-conocer-mas-sobre-el-psicoanalisis\/#article","isPartOf":{"@id":"https:\/\/cvinoticias.com\/v3\/se-presentara-caldo-de-cultura-2-una-invitacion-a-conocer-mas-sobre-el-psicoanalisis\/"},"author":{"name":"f1000024","@id":"https:\/\/cvinoticias.com\/v3\/#\/schema\/person\/2db77e3c6bc03c538495d7b2b8be9b66"},"headline":"Se presentar\u00e1 \u201cCaldo de Cultura 2\u201d: una invitaci\u00f3n a conocer m\u00e1s sobre el psicoan\u00e1lisis","datePublished":"2026-03-18T16:34:55+00:00","dateModified":"2026-03-19T11:53:14+00:00","mainEntityOfPage":{"@id":"https:\/\/cvinoticias.com\/v3\/se-presentara-caldo-de-cultura-2-una-invitacion-a-conocer-mas-sobre-el-psicoanalisis\/"},"wordCount":247,"commentCount":0,"publisher":{"@id":"https:\/\/cvinoticias.com\/v3\/#organization"},"image":{"@id":"https:\/\/cvinoticias.com\/v3\/se-presentara-caldo-de-cultura-2-una-invitacion-a-conocer-mas-sobre-el-psicoanalisis\/#primaryimage"},"thumbnailUrl":"https:\/\/cvinoticias.com\/wp-content\/uploads\/2026\/03\/8ff93c29-0cf7-4f45-b116-d31211fa1f41.jpeg","keywords":["2","caldo","Cultura","psicoan\u00e1lisis"],"articleSection":["Sociedad"],"inLanguage":"es","potentialAction":[{"@type":"CommentAction","name":"Comment","target":["https:\/\/cvinoticias.com\/v3\/se-presentara-caldo-de-cultura-2-una-invitacion-a-conocer-mas-sobre-el-psicoanalisis\/#respond"]}]},{"@type":"WebPage","@id":"https:\/\/cvinoticias.com\/v3\/se-presentara-caldo-de-cultura-2-una-invitacion-a-conocer-mas-sobre-el-psicoanalisis\/","url":"https:\/\/cvinoticias.com\/v3\/se-presentara-caldo-de-cultura-2-una-invitacion-a-conocer-mas-sobre-el-psicoanalisis\/","name":"Presentan Caldo de Cultura 2 en Iguaz\u00fa | CVI NOTICIAS","isPartOf":{"@id":"https:\/\/cvinoticias.com\/v3\/#website"},"primaryImageOfPage":{"@id":"https:\/\/cvinoticias.com\/v3\/se-presentara-caldo-de-cultura-2-una-invitacion-a-conocer-mas-sobre-el-psicoanalisis\/#primaryimage"},"image":{"@id":"https:\/\/cvinoticias.com\/v3\/se-presentara-caldo-de-cultura-2-una-invitacion-a-conocer-mas-sobre-el-psicoanalisis\/#primaryimage"},"thumbnailUrl":"https:\/\/cvinoticias.com\/wp-content\/uploads\/2026\/03\/8ff93c29-0cf7-4f45-b116-d31211fa1f41.jpeg","datePublished":"2026-03-18T16:34:55+00:00","dateModified":"2026-03-19T11:53:14+00:00","description":"Invitan a la presentaci\u00f3n de Caldo de Cultura 2 en Iguaz\u00fa, un espacio de reflexi\u00f3n sobre psicoan\u00e1lisis y cultura.","breadcrumb":{"@id":"https:\/\/cvinoticias.com\/v3\/se-presentara-caldo-de-cultura-2-una-invitacion-a-conocer-mas-sobre-el-psicoanalisis\/#breadcrumb"},"inLanguage":"es","potentialAction":[{"@type":"ReadAction","target":["https:\/\/cvinoticias.com\/v3\/se-presentara-caldo-de-cultura-2-una-invitacion-a-conocer-mas-sobre-el-psicoanalisis\/"]}]},{"@type":"ImageObject","inLanguage":"es","@id":"https:\/\/cvinoticias.com\/v3\/se-presentara-caldo-de-cultura-2-una-invitacion-a-conocer-mas-sobre-el-psicoanalisis\/#primaryimage","url":"https:\/\/cvinoticias.com\/wp-content\/uploads\/2026\/03\/8ff93c29-0cf7-4f45-b116-d31211fa1f41.jpeg","contentUrl":"https:\/\/cvinoticias.com\/wp-content\/uploads\/2026\/03\/8ff93c29-0cf7-4f45-b116-d31211fa1f41.jpeg","width":912,"height":642},{"@type":"BreadcrumbList","@id":"https:\/\/cvinoticias.com\/v3\/se-presentara-caldo-de-cultura-2-una-invitacion-a-conocer-mas-sobre-el-psicoanalisis\/#breadcrumb","itemListElement":[{"@type":"ListItem","position":1,"name":"Portada","item":"https:\/\/cvinoticias.com\/v3\/"},{"@type":"ListItem","position":2,"name":"Se presentar\u00e1 \u201cCaldo de Cultura 2\u201d: una invitaci\u00f3n a conocer m\u00e1s sobre el psicoan\u00e1lisis"}]},{"@type":"WebSite","@id":"https:\/\/cvinoticias.com\/v3\/#website","url":"https:\/\/cvinoticias.com\/v3\/","name":"CVI NOTICIAS","description":"","publisher":{"@id":"https:\/\/cvinoticias.com\/v3\/#organization"},"alternateName":"CVI","potentialAction":[{"@type":"SearchAction","target":{"@type":"EntryPoint","urlTemplate":"https:\/\/cvinoticias.com\/v3\/?s={search_term_string}"},"query-input":{"@type":"PropertyValueSpecification","valueRequired":true,"valueName":"search_term_string"}}],"inLanguage":"es"},{"@type":"Organization","@id":"https:\/\/cvinoticias.com\/v3\/#organization","name":"CVI NOTICIAS","url":"https:\/\/cvinoticias.com\/v3\/","logo":{"@type":"ImageObject","inLanguage":"es","@id":"https:\/\/cvinoticias.com\/v3\/#\/schema\/logo\/image\/","url":"https:\/\/cvinoticias.com\/wp-content\/uploads\/2023\/04\/cropped-cropped-cropped-cropped-cropped-3-1.png","contentUrl":"https:\/\/cvinoticias.com\/wp-content\/uploads\/2023\/04\/cropped-cropped-cropped-cropped-cropped-3-1.png","width":95,"height":122,"caption":"CVI NOTICIAS"},"image":{"@id":"https:\/\/cvinoticias.com\/v3\/#\/schema\/logo\/image\/"},"sameAs":["https:\/\/www.facebook.com\/cvinoticias","https:\/\/www.instagram.com\/cvinoticias\/","https:\/\/www.youtube.com\/@CVINOTICIAS"]},{"@type":"Person","@id":"https:\/\/cvinoticias.com\/v3\/#\/schema\/person\/2db77e3c6bc03c538495d7b2b8be9b66","name":"f1000024","image":{"@type":"ImageObject","inLanguage":"es","@id":"https:\/\/secure.gravatar.com\/avatar\/d4fe7459cfc51ff5129ce1a732bbef5928568b8092d412ef95611616376bbeed?s=96&d=mm&r=g","url":"https:\/\/secure.gravatar.com\/avatar\/d4fe7459cfc51ff5129ce1a732bbef5928568b8092d412ef95611616376bbeed?s=96&d=mm&r=g","contentUrl":"https:\/\/secure.gravatar.com\/avatar\/d4fe7459cfc51ff5129ce1a732bbef5928568b8092d412ef95611616376bbeed?s=96&d=mm&r=g","caption":"f1000024"},"url":"https:\/\/cvinoticias.com\/v3\/author\/f1000024\/"}]}},"_links":{"self":[{"href":"https:\/\/cvinoticias.com\/v3\/wp-json\/wp\/v2\/posts\/55824","targetHints":{"allow":["GET"]}}],"collection":[{"href":"https:\/\/cvinoticias.com\/v3\/wp-json\/wp\/v2\/posts"}],"about":[{"href":"https:\/\/cvinoticias.com\/v3\/wp-json\/wp\/v2\/types\/post"}],"author":[{"embeddable":true,"href":"https:\/\/cvinoticias.com\/v3\/wp-json\/wp\/v2\/users\/2"}],"replies":[{"embeddable":true,"href":"https:\/\/cvinoticias.com\/v3\/wp-json\/wp\/v2\/comments?post=55824"}],"version-history":[{"count":1,"href":"https:\/\/cvinoticias.com\/v3\/wp-json\/wp\/v2\/posts\/55824\/revisions"}],"predecessor-version":[{"id":55826,"href":"https:\/\/cvinoticias.com\/v3\/wp-json\/wp\/v2\/posts\/55824\/revisions\/55826"}],"wp:featuredmedia":[{"embeddable":true,"href":"https:\/\/cvinoticias.com\/v3\/wp-json\/wp\/v2\/media\/55825"}],"wp:attachment":[{"href":"https:\/\/cvinoticias.com\/v3\/wp-json\/wp\/v2\/media?parent=55824"}],"wp:term":[{"taxonomy":"category","embeddable":true,"href":"https:\/\/cvinoticias.com\/v3\/wp-json\/wp\/v2\/categories?post=55824"},{"taxonomy":"post_tag","embeddable":true,"href":"https:\/\/cvinoticias.com\/v3\/wp-json\/wp\/v2\/tags?post=55824"}],"curies":[{"name":"wp","href":"https:\/\/api.w.org\/{rel}","templated":true}]}}