{"id":5573,"date":"2021-05-31T19:21:18","date_gmt":"2021-05-31T19:21:18","guid":{"rendered":"https:\/\/cvinoticias.com\/v3\/?p=5573"},"modified":"2021-05-31T19:41:40","modified_gmt":"2021-05-31T19:41:40","slug":"en-un-fallo-inedito-con-perspectiva-de-genero-destituyeron-al-juez-pedro-fragueiro","status":"publish","type":"post","link":"https:\/\/cvinoticias.com\/v3\/en-un-fallo-inedito-con-perspectiva-de-genero-destituyeron-al-juez-pedro-fragueiro\/","title":{"rendered":"En un fallo in\u00e9dito con perspectiva de g\u00e9nero destituyeron al juez Pedro Fragueiro"},"content":{"rendered":"\n<p><strong><em>El jurado de enjuiciamiento lo decidi\u00f3 en la ma\u00f1ana de este lunes por \u00abfalta de cumplimiento de los deberes de funcionario\u00bb.<\/em><\/strong><\/p>\n\n\n\n<p>\u00abLos magistrados y funcionarios no pueden ser fugitivos de la realidad donde son llamados&nbsp; a pronunciarse\u201d. El ep\u00edlogo de la sentencia que destituy\u00f3 al juez Pedro Fragueiro, acusado por varias mujeres de acoso sexual y laboral, es una se\u00f1al de advertencia a todo el Poder Judicial. Hay que ser y parecer. Y en el caso de quienes deben impartir Justicia, ambas cosas son ineludibles. Ante la flaqueza, el mismo fallo advierte que la \u00fanica respuesta posible es ser \u201cimplacables\u201d.<\/p>\n\n\n\n<p>El Jurado de Enjuiciamiento consider\u00f3 que el destituido juez traicion\u00f3 la confianza depositada en \u00e9l por la sociedad, representada en el testimonio coincidente de las mujeres que lo denunciaron, el propio Poder Judicial y los legisladores que lo avalaron. Exhib\u00eda un patr\u00f3n de conducta que se repiti\u00f3 no s\u00f3lo durante su cargo como juez de Familia y Violencia de Iguaz\u00fa, sino en su trayecto dentro de la Justicia en otros cargos, lo mismo que en su vida privada y social. Ese patr\u00f3n apuntaba siempre a la&nbsp;<strong>vulnerabilidad&nbsp;<\/strong>-empleadas de menor jerarqu\u00eda, una mujer que buscaba una reparaci\u00f3n judicial, una ni\u00f1era o una aspirante a refer\u00ed de rugby que depend\u00eda de \u00e9l- de la que buscaba aprovecharse. Los testimonios fueron coincidentes y demoledores.&nbsp;<\/p>\n\n\n\n<p>La ca\u00edda de Fragueiro se convierte tambi\u00e9n en&nbsp;<strong>el primer fallo que incorpora la perspectiva de g\u00e9nero a la hora de revisar la actuaci\u00f3n de un magistrado<\/strong>. Ya hubo otros fallos condenatorios, pero en el \u00e1mbito penal ante delitos consumados. En este caso, la defensa intent\u00f3 argumentar que no hay condena firme sobre ninguna de las acusaciones -algo que deber\u00e1 dirimirse en el fuero penal-, por lo que segu\u00eda siendo \u201cinocente\u201d. Pero el Jurado advierte que no se trata \u00fanicamente de un delito que deba demostrarse con pruebas tangibles, sino de actitudes que no se condicen con la figura de un servidor p\u00fablico.&nbsp;<\/p>\n\n\n\n<p><\/p>\n\n\n\n<p>Fuente: Economis<\/p>\n","protected":false},"excerpt":{"rendered":"<p>El jurado de enjuiciamiento lo decidi\u00f3 en la ma\u00f1ana de este lunes por \u00abfalta de cumplimiento de los deberes de funcionario\u00bb. \u00abLos magistrados y funcionarios no pueden ser fugitivos de la realidad donde son llamados&nbsp; a pronunciarse\u201d. El ep\u00edlogo de la sentencia que destituy\u00f3 al juez Pedro Fragueiro, acusado por varias mujeres de acoso sexual [&hellip;]<\/p>\n","protected":false},"author":2,"featured_media":5574,"comment_status":"open","ping_status":"open","sticky":false,"template":"","format":"standard","meta":{"footnotes":""},"categories":[37],"tags":[],"class_list":["post-5573","post","type-post","status-publish","format-standard","has-post-thumbnail","hentry","category-justicia"],"yoast_head":"<!-- This site is optimized with the Yoast SEO plugin v27.5 - https:\/\/yoast.com\/product\/yoast-seo-wordpress\/ -->\n<title>En un fallo in\u00e9dito con perspectiva de g\u00e9nero destituyeron al juez Pedro Fragueiro | CVI NOTICIAS<\/title>\n<meta name=\"robots\" content=\"index, follow, max-snippet:-1, max-image-preview:large, max-video-preview:-1\" \/>\n<link rel=\"canonical\" href=\"https:\/\/cvinoticias.com\/v3\/en-un-fallo-inedito-con-perspectiva-de-genero-destituyeron-al-juez-pedro-fragueiro\/\" \/>\n<meta property=\"og:locale\" content=\"es_ES\" \/>\n<meta property=\"og:type\" content=\"article\" \/>\n<meta property=\"og:title\" content=\"En un fallo in\u00e9dito con perspectiva de g\u00e9nero destituyeron al juez Pedro Fragueiro | CVI NOTICIAS\" \/>\n<meta property=\"og:description\" content=\"El jurado de enjuiciamiento lo decidi\u00f3 en la ma\u00f1ana de este lunes por \u00abfalta de cumplimiento de los deberes de funcionario\u00bb. \u00abLos magistrados y funcionarios no pueden ser fugitivos de la realidad donde son llamados&nbsp; a pronunciarse\u201d. El ep\u00edlogo de la sentencia que destituy\u00f3 al juez Pedro Fragueiro, acusado por varias mujeres de acoso sexual [&hellip;]\" \/>\n<meta property=\"og:url\" content=\"https:\/\/cvinoticias.com\/v3\/en-un-fallo-inedito-con-perspectiva-de-genero-destituyeron-al-juez-pedro-fragueiro\/\" \/>\n<meta property=\"og:site_name\" content=\"CVI NOTICIAS\" \/>\n<meta property=\"article:publisher\" content=\"https:\/\/www.facebook.com\/cvinoticias\" \/>\n<meta property=\"article:published_time\" content=\"2021-05-31T19:21:18+00:00\" \/>\n<meta property=\"article:modified_time\" content=\"2021-05-31T19:41:40+00:00\" \/>\n<meta property=\"og:image\" content=\"https:\/\/cvinoticias.com\/wp-content\/uploads\/2021\/05\/Sentencia-a-Fragueiro-Puerto-Iguazu-870x522-1-870x522-1.jpg\" \/>\n\t<meta property=\"og:image:width\" content=\"870\" \/>\n\t<meta property=\"og:image:height\" content=\"522\" \/>\n\t<meta property=\"og:image:type\" content=\"image\/jpeg\" \/>\n<meta name=\"author\" content=\"f1000024\" \/>\n<meta name=\"twitter:card\" content=\"summary_large_image\" \/>\n<meta name=\"twitter:label1\" content=\"Escrito por\" \/>\n\t<meta name=\"twitter:data1\" content=\"f1000024\" \/>\n\t<meta name=\"twitter:label2\" content=\"Tiempo de lectura\" \/>\n\t<meta name=\"twitter:data2\" content=\"2 minutos\" \/>\n<script type=\"application\/ld+json\" class=\"yoast-schema-graph\">{\"@context\":\"https:\\\/\\\/schema.org\",\"@graph\":[{\"@type\":\"Article\",\"@id\":\"https:\\\/\\\/cvinoticias.com\\\/v3\\\/en-un-fallo-inedito-con-perspectiva-de-genero-destituyeron-al-juez-pedro-fragueiro\\\/#article\",\"isPartOf\":{\"@id\":\"https:\\\/\\\/cvinoticias.com\\\/v3\\\/en-un-fallo-inedito-con-perspectiva-de-genero-destituyeron-al-juez-pedro-fragueiro\\\/\"},\"author\":{\"name\":\"f1000024\",\"@id\":\"https:\\\/\\\/cvinoticias.com\\\/v3\\\/#\\\/schema\\\/person\\\/2db77e3c6bc03c538495d7b2b8be9b66\"},\"headline\":\"En un fallo in\u00e9dito con perspectiva de g\u00e9nero destituyeron al juez Pedro Fragueiro\",\"datePublished\":\"2021-05-31T19:21:18+00:00\",\"dateModified\":\"2021-05-31T19:41:40+00:00\",\"mainEntityOfPage\":{\"@id\":\"https:\\\/\\\/cvinoticias.com\\\/v3\\\/en-un-fallo-inedito-con-perspectiva-de-genero-destituyeron-al-juez-pedro-fragueiro\\\/\"},\"wordCount\":365,\"commentCount\":0,\"publisher\":{\"@id\":\"https:\\\/\\\/cvinoticias.com\\\/v3\\\/#organization\"},\"image\":{\"@id\":\"https:\\\/\\\/cvinoticias.com\\\/v3\\\/en-un-fallo-inedito-con-perspectiva-de-genero-destituyeron-al-juez-pedro-fragueiro\\\/#primaryimage\"},\"thumbnailUrl\":\"https:\\\/\\\/cvinoticias.com\\\/wp-content\\\/uploads\\\/2021\\\/05\\\/Sentencia-a-Fragueiro-Puerto-Iguazu-870x522-1-870x522-1.jpg\",\"articleSection\":[\"Justicia\"],\"inLanguage\":\"es\",\"potentialAction\":[{\"@type\":\"CommentAction\",\"name\":\"Comment\",\"target\":[\"https:\\\/\\\/cvinoticias.com\\\/v3\\\/en-un-fallo-inedito-con-perspectiva-de-genero-destituyeron-al-juez-pedro-fragueiro\\\/#respond\"]}]},{\"@type\":\"WebPage\",\"@id\":\"https:\\\/\\\/cvinoticias.com\\\/v3\\\/en-un-fallo-inedito-con-perspectiva-de-genero-destituyeron-al-juez-pedro-fragueiro\\\/\",\"url\":\"https:\\\/\\\/cvinoticias.com\\\/v3\\\/en-un-fallo-inedito-con-perspectiva-de-genero-destituyeron-al-juez-pedro-fragueiro\\\/\",\"name\":\"En un fallo in\u00e9dito con perspectiva de g\u00e9nero destituyeron al juez Pedro Fragueiro | CVI NOTICIAS\",\"isPartOf\":{\"@id\":\"https:\\\/\\\/cvinoticias.com\\\/v3\\\/#website\"},\"primaryImageOfPage\":{\"@id\":\"https:\\\/\\\/cvinoticias.com\\\/v3\\\/en-un-fallo-inedito-con-perspectiva-de-genero-destituyeron-al-juez-pedro-fragueiro\\\/#primaryimage\"},\"image\":{\"@id\":\"https:\\\/\\\/cvinoticias.com\\\/v3\\\/en-un-fallo-inedito-con-perspectiva-de-genero-destituyeron-al-juez-pedro-fragueiro\\\/#primaryimage\"},\"thumbnailUrl\":\"https:\\\/\\\/cvinoticias.com\\\/wp-content\\\/uploads\\\/2021\\\/05\\\/Sentencia-a-Fragueiro-Puerto-Iguazu-870x522-1-870x522-1.jpg\",\"datePublished\":\"2021-05-31T19:21:18+00:00\",\"dateModified\":\"2021-05-31T19:41:40+00:00\",\"breadcrumb\":{\"@id\":\"https:\\\/\\\/cvinoticias.com\\\/v3\\\/en-un-fallo-inedito-con-perspectiva-de-genero-destituyeron-al-juez-pedro-fragueiro\\\/#breadcrumb\"},\"inLanguage\":\"es\",\"potentialAction\":[{\"@type\":\"ReadAction\",\"target\":[\"https:\\\/\\\/cvinoticias.com\\\/v3\\\/en-un-fallo-inedito-con-perspectiva-de-genero-destituyeron-al-juez-pedro-fragueiro\\\/\"]}]},{\"@type\":\"ImageObject\",\"inLanguage\":\"es\",\"@id\":\"https:\\\/\\\/cvinoticias.com\\\/v3\\\/en-un-fallo-inedito-con-perspectiva-de-genero-destituyeron-al-juez-pedro-fragueiro\\\/#primaryimage\",\"url\":\"https:\\\/\\\/cvinoticias.com\\\/wp-content\\\/uploads\\\/2021\\\/05\\\/Sentencia-a-Fragueiro-Puerto-Iguazu-870x522-1-870x522-1.jpg\",\"contentUrl\":\"https:\\\/\\\/cvinoticias.com\\\/wp-content\\\/uploads\\\/2021\\\/05\\\/Sentencia-a-Fragueiro-Puerto-Iguazu-870x522-1-870x522-1.jpg\",\"width\":870,\"height\":522},{\"@type\":\"BreadcrumbList\",\"@id\":\"https:\\\/\\\/cvinoticias.com\\\/v3\\\/en-un-fallo-inedito-con-perspectiva-de-genero-destituyeron-al-juez-pedro-fragueiro\\\/#breadcrumb\",\"itemListElement\":[{\"@type\":\"ListItem\",\"position\":1,\"name\":\"Portada\",\"item\":\"https:\\\/\\\/cvinoticias.com\\\/v3\\\/\"},{\"@type\":\"ListItem\",\"position\":2,\"name\":\"En un fallo in\u00e9dito con perspectiva de g\u00e9nero destituyeron al juez Pedro Fragueiro\"}]},{\"@type\":\"WebSite\",\"@id\":\"https:\\\/\\\/cvinoticias.com\\\/v3\\\/#website\",\"url\":\"https:\\\/\\\/cvinoticias.com\\\/v3\\\/\",\"name\":\"CVI NOTICIAS\",\"description\":\"\",\"publisher\":{\"@id\":\"https:\\\/\\\/cvinoticias.com\\\/v3\\\/#organization\"},\"alternateName\":\"CVI\",\"potentialAction\":[{\"@type\":\"SearchAction\",\"target\":{\"@type\":\"EntryPoint\",\"urlTemplate\":\"https:\\\/\\\/cvinoticias.com\\\/v3\\\/?s={search_term_string}\"},\"query-input\":{\"@type\":\"PropertyValueSpecification\",\"valueRequired\":true,\"valueName\":\"search_term_string\"}}],\"inLanguage\":\"es\"},{\"@type\":\"Organization\",\"@id\":\"https:\\\/\\\/cvinoticias.com\\\/v3\\\/#organization\",\"name\":\"CVI NOTICIAS\",\"url\":\"https:\\\/\\\/cvinoticias.com\\\/v3\\\/\",\"logo\":{\"@type\":\"ImageObject\",\"inLanguage\":\"es\",\"@id\":\"https:\\\/\\\/cvinoticias.com\\\/v3\\\/#\\\/schema\\\/logo\\\/image\\\/\",\"url\":\"https:\\\/\\\/cvinoticias.com\\\/wp-content\\\/uploads\\\/2023\\\/04\\\/cropped-cropped-cropped-cropped-cropped-3-1.png\",\"contentUrl\":\"https:\\\/\\\/cvinoticias.com\\\/wp-content\\\/uploads\\\/2023\\\/04\\\/cropped-cropped-cropped-cropped-cropped-3-1.png\",\"width\":95,\"height\":122,\"caption\":\"CVI NOTICIAS\"},\"image\":{\"@id\":\"https:\\\/\\\/cvinoticias.com\\\/v3\\\/#\\\/schema\\\/logo\\\/image\\\/\"},\"sameAs\":[\"https:\\\/\\\/www.facebook.com\\\/cvinoticias\",\"https:\\\/\\\/www.instagram.com\\\/cvinoticias\\\/\",\"https:\\\/\\\/www.youtube.com\\\/@CVINOTICIAS\"]},{\"@type\":\"Person\",\"@id\":\"https:\\\/\\\/cvinoticias.com\\\/v3\\\/#\\\/schema\\\/person\\\/2db77e3c6bc03c538495d7b2b8be9b66\",\"name\":\"f1000024\",\"image\":{\"@type\":\"ImageObject\",\"inLanguage\":\"es\",\"@id\":\"https:\\\/\\\/secure.gravatar.com\\\/avatar\\\/d4fe7459cfc51ff5129ce1a732bbef5928568b8092d412ef95611616376bbeed?s=96&d=mm&r=g\",\"url\":\"https:\\\/\\\/secure.gravatar.com\\\/avatar\\\/d4fe7459cfc51ff5129ce1a732bbef5928568b8092d412ef95611616376bbeed?s=96&d=mm&r=g\",\"contentUrl\":\"https:\\\/\\\/secure.gravatar.com\\\/avatar\\\/d4fe7459cfc51ff5129ce1a732bbef5928568b8092d412ef95611616376bbeed?s=96&d=mm&r=g\",\"caption\":\"f1000024\"},\"url\":\"https:\\\/\\\/cvinoticias.com\\\/v3\\\/author\\\/f1000024\\\/\"}]}<\/script>\n<!-- \/ Yoast SEO plugin. -->","yoast_head_json":{"title":"En un fallo in\u00e9dito con perspectiva de g\u00e9nero destituyeron al juez Pedro Fragueiro | CVI NOTICIAS","robots":{"index":"index","follow":"follow","max-snippet":"max-snippet:-1","max-image-preview":"max-image-preview:large","max-video-preview":"max-video-preview:-1"},"canonical":"https:\/\/cvinoticias.com\/v3\/en-un-fallo-inedito-con-perspectiva-de-genero-destituyeron-al-juez-pedro-fragueiro\/","og_locale":"es_ES","og_type":"article","og_title":"En un fallo in\u00e9dito con perspectiva de g\u00e9nero destituyeron al juez Pedro Fragueiro | CVI NOTICIAS","og_description":"El jurado de enjuiciamiento lo decidi\u00f3 en la ma\u00f1ana de este lunes por \u00abfalta de cumplimiento de los deberes de funcionario\u00bb. \u00abLos magistrados y funcionarios no pueden ser fugitivos de la realidad donde son llamados&nbsp; a pronunciarse\u201d. El ep\u00edlogo de la sentencia que destituy\u00f3 al juez Pedro Fragueiro, acusado por varias mujeres de acoso sexual [&hellip;]","og_url":"https:\/\/cvinoticias.com\/v3\/en-un-fallo-inedito-con-perspectiva-de-genero-destituyeron-al-juez-pedro-fragueiro\/","og_site_name":"CVI NOTICIAS","article_publisher":"https:\/\/www.facebook.com\/cvinoticias","article_published_time":"2021-05-31T19:21:18+00:00","article_modified_time":"2021-05-31T19:41:40+00:00","og_image":[{"width":870,"height":522,"url":"https:\/\/cvinoticias.com\/wp-content\/uploads\/2021\/05\/Sentencia-a-Fragueiro-Puerto-Iguazu-870x522-1-870x522-1.jpg","type":"image\/jpeg"}],"author":"f1000024","twitter_card":"summary_large_image","twitter_misc":{"Escrito por":"f1000024","Tiempo de lectura":"2 minutos"},"schema":{"@context":"https:\/\/schema.org","@graph":[{"@type":"Article","@id":"https:\/\/cvinoticias.com\/v3\/en-un-fallo-inedito-con-perspectiva-de-genero-destituyeron-al-juez-pedro-fragueiro\/#article","isPartOf":{"@id":"https:\/\/cvinoticias.com\/v3\/en-un-fallo-inedito-con-perspectiva-de-genero-destituyeron-al-juez-pedro-fragueiro\/"},"author":{"name":"f1000024","@id":"https:\/\/cvinoticias.com\/v3\/#\/schema\/person\/2db77e3c6bc03c538495d7b2b8be9b66"},"headline":"En un fallo in\u00e9dito con perspectiva de g\u00e9nero destituyeron al juez Pedro Fragueiro","datePublished":"2021-05-31T19:21:18+00:00","dateModified":"2021-05-31T19:41:40+00:00","mainEntityOfPage":{"@id":"https:\/\/cvinoticias.com\/v3\/en-un-fallo-inedito-con-perspectiva-de-genero-destituyeron-al-juez-pedro-fragueiro\/"},"wordCount":365,"commentCount":0,"publisher":{"@id":"https:\/\/cvinoticias.com\/v3\/#organization"},"image":{"@id":"https:\/\/cvinoticias.com\/v3\/en-un-fallo-inedito-con-perspectiva-de-genero-destituyeron-al-juez-pedro-fragueiro\/#primaryimage"},"thumbnailUrl":"https:\/\/cvinoticias.com\/wp-content\/uploads\/2021\/05\/Sentencia-a-Fragueiro-Puerto-Iguazu-870x522-1-870x522-1.jpg","articleSection":["Justicia"],"inLanguage":"es","potentialAction":[{"@type":"CommentAction","name":"Comment","target":["https:\/\/cvinoticias.com\/v3\/en-un-fallo-inedito-con-perspectiva-de-genero-destituyeron-al-juez-pedro-fragueiro\/#respond"]}]},{"@type":"WebPage","@id":"https:\/\/cvinoticias.com\/v3\/en-un-fallo-inedito-con-perspectiva-de-genero-destituyeron-al-juez-pedro-fragueiro\/","url":"https:\/\/cvinoticias.com\/v3\/en-un-fallo-inedito-con-perspectiva-de-genero-destituyeron-al-juez-pedro-fragueiro\/","name":"En un fallo in\u00e9dito con perspectiva de g\u00e9nero destituyeron al juez Pedro Fragueiro | CVI NOTICIAS","isPartOf":{"@id":"https:\/\/cvinoticias.com\/v3\/#website"},"primaryImageOfPage":{"@id":"https:\/\/cvinoticias.com\/v3\/en-un-fallo-inedito-con-perspectiva-de-genero-destituyeron-al-juez-pedro-fragueiro\/#primaryimage"},"image":{"@id":"https:\/\/cvinoticias.com\/v3\/en-un-fallo-inedito-con-perspectiva-de-genero-destituyeron-al-juez-pedro-fragueiro\/#primaryimage"},"thumbnailUrl":"https:\/\/cvinoticias.com\/wp-content\/uploads\/2021\/05\/Sentencia-a-Fragueiro-Puerto-Iguazu-870x522-1-870x522-1.jpg","datePublished":"2021-05-31T19:21:18+00:00","dateModified":"2021-05-31T19:41:40+00:00","breadcrumb":{"@id":"https:\/\/cvinoticias.com\/v3\/en-un-fallo-inedito-con-perspectiva-de-genero-destituyeron-al-juez-pedro-fragueiro\/#breadcrumb"},"inLanguage":"es","potentialAction":[{"@type":"ReadAction","target":["https:\/\/cvinoticias.com\/v3\/en-un-fallo-inedito-con-perspectiva-de-genero-destituyeron-al-juez-pedro-fragueiro\/"]}]},{"@type":"ImageObject","inLanguage":"es","@id":"https:\/\/cvinoticias.com\/v3\/en-un-fallo-inedito-con-perspectiva-de-genero-destituyeron-al-juez-pedro-fragueiro\/#primaryimage","url":"https:\/\/cvinoticias.com\/wp-content\/uploads\/2021\/05\/Sentencia-a-Fragueiro-Puerto-Iguazu-870x522-1-870x522-1.jpg","contentUrl":"https:\/\/cvinoticias.com\/wp-content\/uploads\/2021\/05\/Sentencia-a-Fragueiro-Puerto-Iguazu-870x522-1-870x522-1.jpg","width":870,"height":522},{"@type":"BreadcrumbList","@id":"https:\/\/cvinoticias.com\/v3\/en-un-fallo-inedito-con-perspectiva-de-genero-destituyeron-al-juez-pedro-fragueiro\/#breadcrumb","itemListElement":[{"@type":"ListItem","position":1,"name":"Portada","item":"https:\/\/cvinoticias.com\/v3\/"},{"@type":"ListItem","position":2,"name":"En un fallo in\u00e9dito con perspectiva de g\u00e9nero destituyeron al juez Pedro Fragueiro"}]},{"@type":"WebSite","@id":"https:\/\/cvinoticias.com\/v3\/#website","url":"https:\/\/cvinoticias.com\/v3\/","name":"CVI NOTICIAS","description":"","publisher":{"@id":"https:\/\/cvinoticias.com\/v3\/#organization"},"alternateName":"CVI","potentialAction":[{"@type":"SearchAction","target":{"@type":"EntryPoint","urlTemplate":"https:\/\/cvinoticias.com\/v3\/?s={search_term_string}"},"query-input":{"@type":"PropertyValueSpecification","valueRequired":true,"valueName":"search_term_string"}}],"inLanguage":"es"},{"@type":"Organization","@id":"https:\/\/cvinoticias.com\/v3\/#organization","name":"CVI NOTICIAS","url":"https:\/\/cvinoticias.com\/v3\/","logo":{"@type":"ImageObject","inLanguage":"es","@id":"https:\/\/cvinoticias.com\/v3\/#\/schema\/logo\/image\/","url":"https:\/\/cvinoticias.com\/wp-content\/uploads\/2023\/04\/cropped-cropped-cropped-cropped-cropped-3-1.png","contentUrl":"https:\/\/cvinoticias.com\/wp-content\/uploads\/2023\/04\/cropped-cropped-cropped-cropped-cropped-3-1.png","width":95,"height":122,"caption":"CVI NOTICIAS"},"image":{"@id":"https:\/\/cvinoticias.com\/v3\/#\/schema\/logo\/image\/"},"sameAs":["https:\/\/www.facebook.com\/cvinoticias","https:\/\/www.instagram.com\/cvinoticias\/","https:\/\/www.youtube.com\/@CVINOTICIAS"]},{"@type":"Person","@id":"https:\/\/cvinoticias.com\/v3\/#\/schema\/person\/2db77e3c6bc03c538495d7b2b8be9b66","name":"f1000024","image":{"@type":"ImageObject","inLanguage":"es","@id":"https:\/\/secure.gravatar.com\/avatar\/d4fe7459cfc51ff5129ce1a732bbef5928568b8092d412ef95611616376bbeed?s=96&d=mm&r=g","url":"https:\/\/secure.gravatar.com\/avatar\/d4fe7459cfc51ff5129ce1a732bbef5928568b8092d412ef95611616376bbeed?s=96&d=mm&r=g","contentUrl":"https:\/\/secure.gravatar.com\/avatar\/d4fe7459cfc51ff5129ce1a732bbef5928568b8092d412ef95611616376bbeed?s=96&d=mm&r=g","caption":"f1000024"},"url":"https:\/\/cvinoticias.com\/v3\/author\/f1000024\/"}]}},"_links":{"self":[{"href":"https:\/\/cvinoticias.com\/v3\/wp-json\/wp\/v2\/posts\/5573","targetHints":{"allow":["GET"]}}],"collection":[{"href":"https:\/\/cvinoticias.com\/v3\/wp-json\/wp\/v2\/posts"}],"about":[{"href":"https:\/\/cvinoticias.com\/v3\/wp-json\/wp\/v2\/types\/post"}],"author":[{"embeddable":true,"href":"https:\/\/cvinoticias.com\/v3\/wp-json\/wp\/v2\/users\/2"}],"replies":[{"embeddable":true,"href":"https:\/\/cvinoticias.com\/v3\/wp-json\/wp\/v2\/comments?post=5573"}],"version-history":[{"count":3,"href":"https:\/\/cvinoticias.com\/v3\/wp-json\/wp\/v2\/posts\/5573\/revisions"}],"predecessor-version":[{"id":5577,"href":"https:\/\/cvinoticias.com\/v3\/wp-json\/wp\/v2\/posts\/5573\/revisions\/5577"}],"wp:featuredmedia":[{"embeddable":true,"href":"https:\/\/cvinoticias.com\/v3\/wp-json\/wp\/v2\/media\/5574"}],"wp:attachment":[{"href":"https:\/\/cvinoticias.com\/v3\/wp-json\/wp\/v2\/media?parent=5573"}],"wp:term":[{"taxonomy":"category","embeddable":true,"href":"https:\/\/cvinoticias.com\/v3\/wp-json\/wp\/v2\/categories?post=5573"},{"taxonomy":"post_tag","embeddable":true,"href":"https:\/\/cvinoticias.com\/v3\/wp-json\/wp\/v2\/tags?post=5573"}],"curies":[{"name":"wp","href":"https:\/\/api.w.org\/{rel}","templated":true}]}}