{"id":55479,"date":"2026-03-11T08:31:19","date_gmt":"2026-03-11T11:31:19","guid":{"rendered":"https:\/\/cvinoticias.com\/v3\/?p=55479"},"modified":"2026-03-11T08:31:20","modified_gmt":"2026-03-11T11:31:20","slug":"11-de-marzo-recuerdan-la-batalla-de-mborore-triunfo-guarani-sobre-los-bandeirantes","status":"publish","type":"post","link":"https:\/\/cvinoticias.com\/v3\/11-de-marzo-recuerdan-la-batalla-de-mborore-triunfo-guarani-sobre-los-bandeirantes\/","title":{"rendered":"11 de marzo: recuerdan la Batalla de Mboror\u00e9, triunfo guaran\u00ed sobre los bandeirantes"},"content":{"rendered":"\n<p>Cada 11 de marzo la provincia de Misiones recuerda la <strong>Batalla de Mboror\u00e9<\/strong>, un hecho clave de la historia regional ocurrido en 1641. En ese enfrentamiento, pueblos guaran\u00edes organizados en las reducciones jesu\u00edticas derrotaron a los bandeirantes portugueses que realizaban expediciones para capturar ind\u00edgenas y venderlos como esclavos.<\/p>\n\n\n\n<p>El combate ocurri\u00f3 a orillas del r\u00edo Uruguay, en la zona conocida como <strong>Mboror\u00e9<\/strong>. All\u00ed, fuerzas guaran\u00edes enfrentaron a grupos armados provenientes principalmente de <strong>S\u00e3o Paulo<\/strong>. Estos grupos realizaban incursiones frecuentes en las reducciones para capturar ind\u00edgenas.<\/p>\n\n\n\n<p>Sin embargo, las comunidades guaran\u00edes ya hab\u00edan fortalecido su organizaci\u00f3n militar. Adem\u00e1s, contaban con el apoyo de los misioneros de la <strong>Compa\u00f1\u00eda de Jes\u00fas<\/strong>, quienes impulsaron sistemas de defensa para proteger a las poblaciones.<\/p>\n\n\n\n<h3 class=\"wp-block-heading\">Un triunfo que cambi\u00f3 la historia de la regi\u00f3n<\/h3>\n\n\n\n<p>Durante la batalla, miles de guaran\u00edes defendieron sus pueblos y enfrentaron a los invasores en combates terrestres y fluviales. Entre los l\u00edderes ind\u00edgenas se destac\u00f3 <strong>Nicol\u00e1s \u00d1eenguir\u00fa<\/strong>, uno de los jefes que encabez\u00f3 la resistencia.<\/p>\n\n\n\n<p>Finalmente, las fuerzas guaran\u00edes lograron derrotar a los bandeirantes. Como resultado, frenaron las expediciones esclavistas que durante a\u00f1os hab\u00edan atacado a las misiones.<\/p>\n\n\n\n<h3 class=\"wp-block-heading\">Un hecho hist\u00f3rico que a\u00fan se recuerda<\/h3>\n\n\n\n<p>La victoria en la <strong>Batalla de Mboror\u00e9<\/strong> tuvo un impacto decisivo. En primer lugar, permiti\u00f3 proteger a las comunidades guaran\u00edes. Adem\u00e1s, consolid\u00f3 el sistema de reducciones jesu\u00edticas en gran parte de la regi\u00f3n.<\/p>\n\n\n\n<p>Con el paso del tiempo, este episodio se convirti\u00f3 en uno de los hechos m\u00e1s importantes de la historia colonial del noreste argentino. Tambi\u00e9n representa uno de los primeros triunfos militares ind\u00edgenas frente a grupos dedicados a la captura de esclavos.<\/p>\n\n\n\n<p>Por eso, cada a\u00f1o Misiones recuerda esta fecha como un s\u00edmbolo de resistencia guaran\u00ed y de defensa del territorio.<\/p>\n\n\n\n<p><\/p>\n","protected":false},"excerpt":{"rendered":"<p>Cada 11 de marzo la provincia de Misiones recuerda la Batalla de Mboror\u00e9, un hecho clave de la historia regional ocurrido en 1641. En ese enfrentamiento, pueblos guaran\u00edes organizados en las reducciones jesu\u00edticas derrotaron a los bandeirantes portugueses que realizaban expediciones para capturar ind\u00edgenas y venderlos como esclavos. El combate ocurri\u00f3 a orillas del r\u00edo [&hellip;]<\/p>\n","protected":false},"author":2,"featured_media":55480,"comment_status":"open","ping_status":"closed","sticky":false,"template":"","format":"standard","meta":{"footnotes":""},"categories":[442],"tags":[4399,3471,4837,5309],"class_list":["post-55479","post","type-post","status-publish","format-standard","has-post-thumbnail","hentry","category-efemerides-2","tag-4399","tag-batalla","tag-marzo","tag-mborore"],"yoast_head":"<!-- This site is optimized with the Yoast SEO plugin v27.5 - https:\/\/yoast.com\/product\/yoast-seo-wordpress\/ -->\n<title>11 de marzo: aniversario de la Batalla de Mboror\u00e9 | CVI NOTICIAS<\/title>\n<meta name=\"description\" content=\"El 11 de marzo se recuerda la Batalla de Mboror\u00e9, donde los guaran\u00edes derrotaron a los bandeirantes en 1641 en la actual regi\u00f3n de Misiones.\" \/>\n<meta name=\"robots\" content=\"index, follow, max-snippet:-1, max-image-preview:large, max-video-preview:-1\" \/>\n<link rel=\"canonical\" href=\"https:\/\/cvinoticias.com\/v3\/11-de-marzo-recuerdan-la-batalla-de-mborore-triunfo-guarani-sobre-los-bandeirantes\/\" \/>\n<meta property=\"og:locale\" content=\"es_ES\" \/>\n<meta property=\"og:type\" content=\"article\" \/>\n<meta property=\"og:title\" content=\"11 de marzo: aniversario de la Batalla de Mboror\u00e9 | CVI NOTICIAS\" \/>\n<meta property=\"og:description\" content=\"El 11 de marzo se recuerda la Batalla de Mboror\u00e9, donde los guaran\u00edes derrotaron a los bandeirantes en 1641 en la actual regi\u00f3n de Misiones.\" \/>\n<meta property=\"og:url\" content=\"https:\/\/cvinoticias.com\/v3\/11-de-marzo-recuerdan-la-batalla-de-mborore-triunfo-guarani-sobre-los-bandeirantes\/\" \/>\n<meta property=\"og:site_name\" content=\"CVI NOTICIAS\" \/>\n<meta property=\"article:publisher\" content=\"https:\/\/www.facebook.com\/cvinoticias\" \/>\n<meta property=\"article:published_time\" content=\"2026-03-11T11:31:19+00:00\" \/>\n<meta property=\"article:modified_time\" content=\"2026-03-11T11:31:20+00:00\" \/>\n<meta property=\"og:image\" content=\"https:\/\/cvinoticias.com\/wp-content\/uploads\/2026\/03\/batalla_de_mborore.jpg\" \/>\n\t<meta property=\"og:image:width\" content=\"535\" \/>\n\t<meta property=\"og:image:height\" content=\"233\" \/>\n\t<meta property=\"og:image:type\" content=\"image\/jpeg\" \/>\n<meta name=\"author\" content=\"f1000024\" \/>\n<meta name=\"twitter:card\" content=\"summary_large_image\" \/>\n<meta name=\"twitter:label1\" content=\"Escrito por\" \/>\n\t<meta name=\"twitter:data1\" content=\"f1000024\" \/>\n\t<meta name=\"twitter:label2\" content=\"Tiempo de lectura\" \/>\n\t<meta name=\"twitter:data2\" content=\"2 minutos\" \/>\n<script type=\"application\/ld+json\" class=\"yoast-schema-graph\">{\"@context\":\"https:\\\/\\\/schema.org\",\"@graph\":[{\"@type\":\"Article\",\"@id\":\"https:\\\/\\\/cvinoticias.com\\\/v3\\\/11-de-marzo-recuerdan-la-batalla-de-mborore-triunfo-guarani-sobre-los-bandeirantes\\\/#article\",\"isPartOf\":{\"@id\":\"https:\\\/\\\/cvinoticias.com\\\/v3\\\/11-de-marzo-recuerdan-la-batalla-de-mborore-triunfo-guarani-sobre-los-bandeirantes\\\/\"},\"author\":{\"name\":\"f1000024\",\"@id\":\"https:\\\/\\\/cvinoticias.com\\\/v3\\\/#\\\/schema\\\/person\\\/2db77e3c6bc03c538495d7b2b8be9b66\"},\"headline\":\"11 de marzo: recuerdan la Batalla de Mboror\u00e9, triunfo guaran\u00ed sobre los bandeirantes\",\"datePublished\":\"2026-03-11T11:31:19+00:00\",\"dateModified\":\"2026-03-11T11:31:20+00:00\",\"mainEntityOfPage\":{\"@id\":\"https:\\\/\\\/cvinoticias.com\\\/v3\\\/11-de-marzo-recuerdan-la-batalla-de-mborore-triunfo-guarani-sobre-los-bandeirantes\\\/\"},\"wordCount\":328,\"commentCount\":0,\"publisher\":{\"@id\":\"https:\\\/\\\/cvinoticias.com\\\/v3\\\/#organization\"},\"image\":{\"@id\":\"https:\\\/\\\/cvinoticias.com\\\/v3\\\/11-de-marzo-recuerdan-la-batalla-de-mborore-triunfo-guarani-sobre-los-bandeirantes\\\/#primaryimage\"},\"thumbnailUrl\":\"https:\\\/\\\/cvinoticias.com\\\/wp-content\\\/uploads\\\/2026\\\/03\\\/batalla_de_mborore.jpg\",\"keywords\":[\"11\",\"batalla\",\"marzo\",\"Mboror\u00e9\"],\"articleSection\":[\"EFEMERIDES\"],\"inLanguage\":\"es\",\"potentialAction\":[{\"@type\":\"CommentAction\",\"name\":\"Comment\",\"target\":[\"https:\\\/\\\/cvinoticias.com\\\/v3\\\/11-de-marzo-recuerdan-la-batalla-de-mborore-triunfo-guarani-sobre-los-bandeirantes\\\/#respond\"]}]},{\"@type\":\"WebPage\",\"@id\":\"https:\\\/\\\/cvinoticias.com\\\/v3\\\/11-de-marzo-recuerdan-la-batalla-de-mborore-triunfo-guarani-sobre-los-bandeirantes\\\/\",\"url\":\"https:\\\/\\\/cvinoticias.com\\\/v3\\\/11-de-marzo-recuerdan-la-batalla-de-mborore-triunfo-guarani-sobre-los-bandeirantes\\\/\",\"name\":\"11 de marzo: aniversario de la Batalla de Mboror\u00e9 | CVI NOTICIAS\",\"isPartOf\":{\"@id\":\"https:\\\/\\\/cvinoticias.com\\\/v3\\\/#website\"},\"primaryImageOfPage\":{\"@id\":\"https:\\\/\\\/cvinoticias.com\\\/v3\\\/11-de-marzo-recuerdan-la-batalla-de-mborore-triunfo-guarani-sobre-los-bandeirantes\\\/#primaryimage\"},\"image\":{\"@id\":\"https:\\\/\\\/cvinoticias.com\\\/v3\\\/11-de-marzo-recuerdan-la-batalla-de-mborore-triunfo-guarani-sobre-los-bandeirantes\\\/#primaryimage\"},\"thumbnailUrl\":\"https:\\\/\\\/cvinoticias.com\\\/wp-content\\\/uploads\\\/2026\\\/03\\\/batalla_de_mborore.jpg\",\"datePublished\":\"2026-03-11T11:31:19+00:00\",\"dateModified\":\"2026-03-11T11:31:20+00:00\",\"description\":\"El 11 de marzo se recuerda la Batalla de Mboror\u00e9, donde los guaran\u00edes derrotaron a los bandeirantes en 1641 en la actual regi\u00f3n de Misiones.\",\"breadcrumb\":{\"@id\":\"https:\\\/\\\/cvinoticias.com\\\/v3\\\/11-de-marzo-recuerdan-la-batalla-de-mborore-triunfo-guarani-sobre-los-bandeirantes\\\/#breadcrumb\"},\"inLanguage\":\"es\",\"potentialAction\":[{\"@type\":\"ReadAction\",\"target\":[\"https:\\\/\\\/cvinoticias.com\\\/v3\\\/11-de-marzo-recuerdan-la-batalla-de-mborore-triunfo-guarani-sobre-los-bandeirantes\\\/\"]}]},{\"@type\":\"ImageObject\",\"inLanguage\":\"es\",\"@id\":\"https:\\\/\\\/cvinoticias.com\\\/v3\\\/11-de-marzo-recuerdan-la-batalla-de-mborore-triunfo-guarani-sobre-los-bandeirantes\\\/#primaryimage\",\"url\":\"https:\\\/\\\/cvinoticias.com\\\/wp-content\\\/uploads\\\/2026\\\/03\\\/batalla_de_mborore.jpg\",\"contentUrl\":\"https:\\\/\\\/cvinoticias.com\\\/wp-content\\\/uploads\\\/2026\\\/03\\\/batalla_de_mborore.jpg\",\"width\":535,\"height\":233},{\"@type\":\"BreadcrumbList\",\"@id\":\"https:\\\/\\\/cvinoticias.com\\\/v3\\\/11-de-marzo-recuerdan-la-batalla-de-mborore-triunfo-guarani-sobre-los-bandeirantes\\\/#breadcrumb\",\"itemListElement\":[{\"@type\":\"ListItem\",\"position\":1,\"name\":\"Portada\",\"item\":\"https:\\\/\\\/cvinoticias.com\\\/v3\\\/\"},{\"@type\":\"ListItem\",\"position\":2,\"name\":\"11 de marzo: recuerdan la Batalla de Mboror\u00e9, triunfo guaran\u00ed sobre los bandeirantes\"}]},{\"@type\":\"WebSite\",\"@id\":\"https:\\\/\\\/cvinoticias.com\\\/v3\\\/#website\",\"url\":\"https:\\\/\\\/cvinoticias.com\\\/v3\\\/\",\"name\":\"CVI NOTICIAS\",\"description\":\"\",\"publisher\":{\"@id\":\"https:\\\/\\\/cvinoticias.com\\\/v3\\\/#organization\"},\"alternateName\":\"CVI\",\"potentialAction\":[{\"@type\":\"SearchAction\",\"target\":{\"@type\":\"EntryPoint\",\"urlTemplate\":\"https:\\\/\\\/cvinoticias.com\\\/v3\\\/?s={search_term_string}\"},\"query-input\":{\"@type\":\"PropertyValueSpecification\",\"valueRequired\":true,\"valueName\":\"search_term_string\"}}],\"inLanguage\":\"es\"},{\"@type\":\"Organization\",\"@id\":\"https:\\\/\\\/cvinoticias.com\\\/v3\\\/#organization\",\"name\":\"CVI NOTICIAS\",\"url\":\"https:\\\/\\\/cvinoticias.com\\\/v3\\\/\",\"logo\":{\"@type\":\"ImageObject\",\"inLanguage\":\"es\",\"@id\":\"https:\\\/\\\/cvinoticias.com\\\/v3\\\/#\\\/schema\\\/logo\\\/image\\\/\",\"url\":\"https:\\\/\\\/cvinoticias.com\\\/wp-content\\\/uploads\\\/2023\\\/04\\\/cropped-cropped-cropped-cropped-cropped-3-1.png\",\"contentUrl\":\"https:\\\/\\\/cvinoticias.com\\\/wp-content\\\/uploads\\\/2023\\\/04\\\/cropped-cropped-cropped-cropped-cropped-3-1.png\",\"width\":95,\"height\":122,\"caption\":\"CVI NOTICIAS\"},\"image\":{\"@id\":\"https:\\\/\\\/cvinoticias.com\\\/v3\\\/#\\\/schema\\\/logo\\\/image\\\/\"},\"sameAs\":[\"https:\\\/\\\/www.facebook.com\\\/cvinoticias\",\"https:\\\/\\\/www.instagram.com\\\/cvinoticias\\\/\",\"https:\\\/\\\/www.youtube.com\\\/@CVINOTICIAS\"]},{\"@type\":\"Person\",\"@id\":\"https:\\\/\\\/cvinoticias.com\\\/v3\\\/#\\\/schema\\\/person\\\/2db77e3c6bc03c538495d7b2b8be9b66\",\"name\":\"f1000024\",\"image\":{\"@type\":\"ImageObject\",\"inLanguage\":\"es\",\"@id\":\"https:\\\/\\\/secure.gravatar.com\\\/avatar\\\/d4fe7459cfc51ff5129ce1a732bbef5928568b8092d412ef95611616376bbeed?s=96&d=mm&r=g\",\"url\":\"https:\\\/\\\/secure.gravatar.com\\\/avatar\\\/d4fe7459cfc51ff5129ce1a732bbef5928568b8092d412ef95611616376bbeed?s=96&d=mm&r=g\",\"contentUrl\":\"https:\\\/\\\/secure.gravatar.com\\\/avatar\\\/d4fe7459cfc51ff5129ce1a732bbef5928568b8092d412ef95611616376bbeed?s=96&d=mm&r=g\",\"caption\":\"f1000024\"},\"url\":\"https:\\\/\\\/cvinoticias.com\\\/v3\\\/author\\\/f1000024\\\/\"}]}<\/script>\n<!-- \/ Yoast SEO plugin. -->","yoast_head_json":{"title":"11 de marzo: aniversario de la Batalla de Mboror\u00e9 | CVI NOTICIAS","description":"El 11 de marzo se recuerda la Batalla de Mboror\u00e9, donde los guaran\u00edes derrotaron a los bandeirantes en 1641 en la actual regi\u00f3n de Misiones.","robots":{"index":"index","follow":"follow","max-snippet":"max-snippet:-1","max-image-preview":"max-image-preview:large","max-video-preview":"max-video-preview:-1"},"canonical":"https:\/\/cvinoticias.com\/v3\/11-de-marzo-recuerdan-la-batalla-de-mborore-triunfo-guarani-sobre-los-bandeirantes\/","og_locale":"es_ES","og_type":"article","og_title":"11 de marzo: aniversario de la Batalla de Mboror\u00e9 | CVI NOTICIAS","og_description":"El 11 de marzo se recuerda la Batalla de Mboror\u00e9, donde los guaran\u00edes derrotaron a los bandeirantes en 1641 en la actual regi\u00f3n de Misiones.","og_url":"https:\/\/cvinoticias.com\/v3\/11-de-marzo-recuerdan-la-batalla-de-mborore-triunfo-guarani-sobre-los-bandeirantes\/","og_site_name":"CVI NOTICIAS","article_publisher":"https:\/\/www.facebook.com\/cvinoticias","article_published_time":"2026-03-11T11:31:19+00:00","article_modified_time":"2026-03-11T11:31:20+00:00","og_image":[{"width":535,"height":233,"url":"https:\/\/cvinoticias.com\/wp-content\/uploads\/2026\/03\/batalla_de_mborore.jpg","type":"image\/jpeg"}],"author":"f1000024","twitter_card":"summary_large_image","twitter_misc":{"Escrito por":"f1000024","Tiempo de lectura":"2 minutos"},"schema":{"@context":"https:\/\/schema.org","@graph":[{"@type":"Article","@id":"https:\/\/cvinoticias.com\/v3\/11-de-marzo-recuerdan-la-batalla-de-mborore-triunfo-guarani-sobre-los-bandeirantes\/#article","isPartOf":{"@id":"https:\/\/cvinoticias.com\/v3\/11-de-marzo-recuerdan-la-batalla-de-mborore-triunfo-guarani-sobre-los-bandeirantes\/"},"author":{"name":"f1000024","@id":"https:\/\/cvinoticias.com\/v3\/#\/schema\/person\/2db77e3c6bc03c538495d7b2b8be9b66"},"headline":"11 de marzo: recuerdan la Batalla de Mboror\u00e9, triunfo guaran\u00ed sobre los bandeirantes","datePublished":"2026-03-11T11:31:19+00:00","dateModified":"2026-03-11T11:31:20+00:00","mainEntityOfPage":{"@id":"https:\/\/cvinoticias.com\/v3\/11-de-marzo-recuerdan-la-batalla-de-mborore-triunfo-guarani-sobre-los-bandeirantes\/"},"wordCount":328,"commentCount":0,"publisher":{"@id":"https:\/\/cvinoticias.com\/v3\/#organization"},"image":{"@id":"https:\/\/cvinoticias.com\/v3\/11-de-marzo-recuerdan-la-batalla-de-mborore-triunfo-guarani-sobre-los-bandeirantes\/#primaryimage"},"thumbnailUrl":"https:\/\/cvinoticias.com\/wp-content\/uploads\/2026\/03\/batalla_de_mborore.jpg","keywords":["11","batalla","marzo","Mboror\u00e9"],"articleSection":["EFEMERIDES"],"inLanguage":"es","potentialAction":[{"@type":"CommentAction","name":"Comment","target":["https:\/\/cvinoticias.com\/v3\/11-de-marzo-recuerdan-la-batalla-de-mborore-triunfo-guarani-sobre-los-bandeirantes\/#respond"]}]},{"@type":"WebPage","@id":"https:\/\/cvinoticias.com\/v3\/11-de-marzo-recuerdan-la-batalla-de-mborore-triunfo-guarani-sobre-los-bandeirantes\/","url":"https:\/\/cvinoticias.com\/v3\/11-de-marzo-recuerdan-la-batalla-de-mborore-triunfo-guarani-sobre-los-bandeirantes\/","name":"11 de marzo: aniversario de la Batalla de Mboror\u00e9 | CVI NOTICIAS","isPartOf":{"@id":"https:\/\/cvinoticias.com\/v3\/#website"},"primaryImageOfPage":{"@id":"https:\/\/cvinoticias.com\/v3\/11-de-marzo-recuerdan-la-batalla-de-mborore-triunfo-guarani-sobre-los-bandeirantes\/#primaryimage"},"image":{"@id":"https:\/\/cvinoticias.com\/v3\/11-de-marzo-recuerdan-la-batalla-de-mborore-triunfo-guarani-sobre-los-bandeirantes\/#primaryimage"},"thumbnailUrl":"https:\/\/cvinoticias.com\/wp-content\/uploads\/2026\/03\/batalla_de_mborore.jpg","datePublished":"2026-03-11T11:31:19+00:00","dateModified":"2026-03-11T11:31:20+00:00","description":"El 11 de marzo se recuerda la Batalla de Mboror\u00e9, donde los guaran\u00edes derrotaron a los bandeirantes en 1641 en la actual regi\u00f3n de Misiones.","breadcrumb":{"@id":"https:\/\/cvinoticias.com\/v3\/11-de-marzo-recuerdan-la-batalla-de-mborore-triunfo-guarani-sobre-los-bandeirantes\/#breadcrumb"},"inLanguage":"es","potentialAction":[{"@type":"ReadAction","target":["https:\/\/cvinoticias.com\/v3\/11-de-marzo-recuerdan-la-batalla-de-mborore-triunfo-guarani-sobre-los-bandeirantes\/"]}]},{"@type":"ImageObject","inLanguage":"es","@id":"https:\/\/cvinoticias.com\/v3\/11-de-marzo-recuerdan-la-batalla-de-mborore-triunfo-guarani-sobre-los-bandeirantes\/#primaryimage","url":"https:\/\/cvinoticias.com\/wp-content\/uploads\/2026\/03\/batalla_de_mborore.jpg","contentUrl":"https:\/\/cvinoticias.com\/wp-content\/uploads\/2026\/03\/batalla_de_mborore.jpg","width":535,"height":233},{"@type":"BreadcrumbList","@id":"https:\/\/cvinoticias.com\/v3\/11-de-marzo-recuerdan-la-batalla-de-mborore-triunfo-guarani-sobre-los-bandeirantes\/#breadcrumb","itemListElement":[{"@type":"ListItem","position":1,"name":"Portada","item":"https:\/\/cvinoticias.com\/v3\/"},{"@type":"ListItem","position":2,"name":"11 de marzo: recuerdan la Batalla de Mboror\u00e9, triunfo guaran\u00ed sobre los bandeirantes"}]},{"@type":"WebSite","@id":"https:\/\/cvinoticias.com\/v3\/#website","url":"https:\/\/cvinoticias.com\/v3\/","name":"CVI NOTICIAS","description":"","publisher":{"@id":"https:\/\/cvinoticias.com\/v3\/#organization"},"alternateName":"CVI","potentialAction":[{"@type":"SearchAction","target":{"@type":"EntryPoint","urlTemplate":"https:\/\/cvinoticias.com\/v3\/?s={search_term_string}"},"query-input":{"@type":"PropertyValueSpecification","valueRequired":true,"valueName":"search_term_string"}}],"inLanguage":"es"},{"@type":"Organization","@id":"https:\/\/cvinoticias.com\/v3\/#organization","name":"CVI NOTICIAS","url":"https:\/\/cvinoticias.com\/v3\/","logo":{"@type":"ImageObject","inLanguage":"es","@id":"https:\/\/cvinoticias.com\/v3\/#\/schema\/logo\/image\/","url":"https:\/\/cvinoticias.com\/wp-content\/uploads\/2023\/04\/cropped-cropped-cropped-cropped-cropped-3-1.png","contentUrl":"https:\/\/cvinoticias.com\/wp-content\/uploads\/2023\/04\/cropped-cropped-cropped-cropped-cropped-3-1.png","width":95,"height":122,"caption":"CVI NOTICIAS"},"image":{"@id":"https:\/\/cvinoticias.com\/v3\/#\/schema\/logo\/image\/"},"sameAs":["https:\/\/www.facebook.com\/cvinoticias","https:\/\/www.instagram.com\/cvinoticias\/","https:\/\/www.youtube.com\/@CVINOTICIAS"]},{"@type":"Person","@id":"https:\/\/cvinoticias.com\/v3\/#\/schema\/person\/2db77e3c6bc03c538495d7b2b8be9b66","name":"f1000024","image":{"@type":"ImageObject","inLanguage":"es","@id":"https:\/\/secure.gravatar.com\/avatar\/d4fe7459cfc51ff5129ce1a732bbef5928568b8092d412ef95611616376bbeed?s=96&d=mm&r=g","url":"https:\/\/secure.gravatar.com\/avatar\/d4fe7459cfc51ff5129ce1a732bbef5928568b8092d412ef95611616376bbeed?s=96&d=mm&r=g","contentUrl":"https:\/\/secure.gravatar.com\/avatar\/d4fe7459cfc51ff5129ce1a732bbef5928568b8092d412ef95611616376bbeed?s=96&d=mm&r=g","caption":"f1000024"},"url":"https:\/\/cvinoticias.com\/v3\/author\/f1000024\/"}]}},"_links":{"self":[{"href":"https:\/\/cvinoticias.com\/v3\/wp-json\/wp\/v2\/posts\/55479","targetHints":{"allow":["GET"]}}],"collection":[{"href":"https:\/\/cvinoticias.com\/v3\/wp-json\/wp\/v2\/posts"}],"about":[{"href":"https:\/\/cvinoticias.com\/v3\/wp-json\/wp\/v2\/types\/post"}],"author":[{"embeddable":true,"href":"https:\/\/cvinoticias.com\/v3\/wp-json\/wp\/v2\/users\/2"}],"replies":[{"embeddable":true,"href":"https:\/\/cvinoticias.com\/v3\/wp-json\/wp\/v2\/comments?post=55479"}],"version-history":[{"count":1,"href":"https:\/\/cvinoticias.com\/v3\/wp-json\/wp\/v2\/posts\/55479\/revisions"}],"predecessor-version":[{"id":55481,"href":"https:\/\/cvinoticias.com\/v3\/wp-json\/wp\/v2\/posts\/55479\/revisions\/55481"}],"wp:featuredmedia":[{"embeddable":true,"href":"https:\/\/cvinoticias.com\/v3\/wp-json\/wp\/v2\/media\/55480"}],"wp:attachment":[{"href":"https:\/\/cvinoticias.com\/v3\/wp-json\/wp\/v2\/media?parent=55479"}],"wp:term":[{"taxonomy":"category","embeddable":true,"href":"https:\/\/cvinoticias.com\/v3\/wp-json\/wp\/v2\/categories?post=55479"},{"taxonomy":"post_tag","embeddable":true,"href":"https:\/\/cvinoticias.com\/v3\/wp-json\/wp\/v2\/tags?post=55479"}],"curies":[{"name":"wp","href":"https:\/\/api.w.org\/{rel}","templated":true}]}}